{"id":208820,"date":"2023-08-24T18:08:27","date_gmt":"2023-08-24T22:08:27","guid":{"rendered":"https:\/\/www.manaus.am.gov.br\/semasc\/prefeitura-realiza-palestras-sobre-violencia-contra-a-mulher-para-alunos-da-rede-municipal-de-ensino\/"},"modified":"2023-08-24T18:08:28","modified_gmt":"2023-08-24T22:08:28","slug":"prefeitura-realiza-palestras-sobre-violencia-contra-a-mulher-para-alunos-da-rede-municipal-de-ensino","status":"publish","type":"post","link":"https:\/\/www.manaus.am.gov.br\/semasc\/prefeitura-realiza-palestras-sobre-violencia-contra-a-mulher-para-alunos-da-rede-municipal-de-ensino\/","title":{"rendered":"<strong>Prefeitura realiza palestras sobre viol\u00eancia contra a mulher para alunos da rede municipal de ensino<\/strong>"},"content":{"rendered":"\n<p>Dando continuidade \u00e0 programa\u00e7\u00e3o de atividades da \u201cCampanha Agosto Lil\u00e1s\u201d, a Prefeitura de Manaus, por meio da Secretaria Municipal da Mulher, Assist\u00eancia Social e Cidadania (Semasc), realizou, nesta quinta-feira, 24\/8, palestras sobre viol\u00eancia contra a mulher para alunos da escola municipal Prof\u00aa Francisca Pergentina da Silva, localizada no bairro Zumbi dos Palmares, zona Leste da capital.<\/p>\n\n\n\n<p>No total, 280 alunos do 8\u00b0 ano do ensino fundamental participaram das palestras ao longo do dia, que foram realizadas pela equipe t\u00e9cnica da \u201cYcamiabas \u2013 Casa de Acolhimento para Mulheres\u201d. A atividade tamb\u00e9m integra a Opera\u00e7\u00e3o Shamar, coordenada, localmente, pela Secretaria de Estado de Seguran\u00e7a P\u00fablica (SSP-AM).<\/p>\n\n\n\n<p>\u201cQuando desenvolvemos a\u00e7\u00f5es para abordar a quest\u00e3o da preven\u00e7\u00e3o dessas viol\u00eancias, n\u00f3s conseguimos trabalhar a integralidade da Lei Maria da Penha. Essa iniciativa \u00e9 necess\u00e1ria para ajudar a construir uma cultura de paz dentro das escolas, entendendo que os estudantes ir\u00e3o reverberar essas informa\u00e7\u00f5es\u201d, destacou Aline Vitorino, psic\u00f3loga da Ycamiabas.<\/p>\n\n\n\n<p>Durante as palestras, os alunos receberam orienta\u00e7\u00f5es sobre como identificar os diversos tipos de viol\u00eancias praticados contra as mulheres, al\u00e9m disso, os estudantes tamb\u00e9m encenaram as principais caracter\u00edsticas de cada uma delas.<\/p>\n\n\n\n<p>\u201c\u00c9 importante esse trabalho de conscientiza\u00e7\u00e3o dos alunos a respeito dos tipos de viol\u00eancias cometidos contra as mulheres, pois isso contribui para a forma\u00e7\u00e3o de cidad\u00e3os \u00e9ticos e conscientes que ir\u00e3o formar uma sociedade mais justa\u201d, afirmou a professora Rozana Xavier, gestora da escola.<\/p>\n\n\n\n<p>A aluna Tayla Alice, de 13 anos, elogiou a palestra e frisou a import\u00e2ncia de ter acesso a essas informa\u00e7\u00f5es. \u201cEu ouvi muitas coisas que eu ainda n\u00e3o tinha conhecimento e achei todas bem interessantes, gostei de ter essa experi\u00eancia. Minha fam\u00edlia j\u00e1 me orienta bastante sobre esse tema, mas \u00e9 sempre bom ter novos conhecimentos, porque isso ajuda a nos proteger\u201d, comentou.<\/p>\n\n\n\n<p><strong>Opera\u00e7\u00e3o Shamar<\/strong><\/p>\n\n\n\n<p>A opera\u00e7\u00e3o Shamar, que tem como o objetivo fortalecer o combate \u00e0 viol\u00eancia dom\u00e9stica e ao feminic\u00eddio, possui coordena\u00e7\u00e3o nacional do Minist\u00e9rio da Justi\u00e7a e Seguran\u00e7a P\u00fablica (MJSP).<\/p>\n\n\n\n<p>No Amazonas, a opera\u00e7\u00e3o \u00e9 coordenada pela SSP-AM, em parceria com \u00f3rg\u00e3os integrados da Prefeitura de Manaus, Tribunal de Justi\u00e7a do Amazonas (TJAM), Defensoria P\u00fablica (DPE) e Minist\u00e9rio P\u00fablico do Estado (MPE).<\/p>\n\n\n\n<p>&#8212; &#8212; &#8212;<\/p>\n\n\n\n<p><strong>Texto &#8211;<\/strong> Jackeline Lima \/ Semasc<\/p>\n\n\n\n<p><strong>Fotos &#8211;<\/strong> Marcely Gomes \/ Semasc<\/p>\n\n\n\n<p><strong>Dispon\u00edveis em<\/strong> \u2013 <a href=\"https:\/\/flic.kr\/s\/aHBqjASiTT\">https:\/\/flic.kr\/s\/aHBqjASiTT<\/a><\/p>\n","protected":false},"excerpt":{"rendered":"","protected":false},"author":39,"featured_media":208821,"comment_status":"closed","ping_status":"closed","sticky":false,"template":"","format":"standard","meta":{"footnotes":""},"categories":[24],"tags":[368,369,370,371,7,18],"acf":[],"yoast_head":"<!-- This site is optimized with the Yoast SEO plugin v23.0 - https:\/\/yoast.com\/wordpress\/plugins\/seo\/ -->\n<title>Prefeitura realiza palestras sobre viol\u00eancia contra a mulher para alunos da rede municipal de ensino<\/title>\n<meta name=\"description\" content=\"Dando continuidade \u00e0 programa\u00e7\u00e3o de atividades da \u201cCampanha Agosto Lil\u00e1s\u201d, a Prefeitura de Manaus, por meio da Secretaria Municipal da Mulher, Assist\u00eancia Social e Cidadania (Semasc), realizou, nesta quinta-feira, 24\/8, palestras sobre viol\u00eancia contra a mulher para alunos da escola municipal Prof\u00aa Francisca Pergentina da Silva, localizada no bairro Zumbi dos Palmares, zona Leste da capital.\" \/>\n<meta name=\"robots\" content=\"noindex, follow\" \/>\n<meta property=\"og:locale\" content=\"pt_BR\" \/>\n<meta property=\"og:type\" content=\"article\" \/>\n<meta property=\"og:title\" content=\"Prefeitura realiza palestras sobre viol\u00eancia contra a mulher para alunos da rede municipal de ensino\" \/>\n<meta property=\"og:description\" content=\"Dando continuidade \u00e0 programa\u00e7\u00e3o de atividades da \u201cCampanha Agosto Lil\u00e1s\u201d, a Prefeitura de Manaus, por meio da Secretaria Municipal da Mulher, Assist\u00eancia Social e Cidadania (Semasc), realizou, nesta quinta-feira, 24\/8, palestras sobre viol\u00eancia contra a mulher para alunos da escola municipal Prof\u00aa Francisca Pergentina da Silva, localizada no bairro Zumbi dos Palmares, zona Leste da capital.\" \/>\n<meta property=\"og:url\" content=\"https:\/\/www.manaus.am.gov.br\/semasc\/prefeitura-realiza-palestras-sobre-violencia-contra-a-mulher-para-alunos-da-rede-municipal-de-ensino\/\" \/>\n<meta property=\"og:site_name\" content=\"SEMASC\" \/>\n<meta property=\"article:publisher\" content=\"https:\/\/www.facebook.com\/semascmanaus\" \/>\n<meta property=\"article:published_time\" content=\"2023-08-24T22:08:27+00:00\" \/>\n<meta property=\"article:modified_time\" content=\"2023-08-24T22:08:28+00:00\" \/>\n<meta property=\"og:image\" content=\"https:\/\/www.manaus.am.gov.br\/semasc\/wp-content\/uploads\/sites\/17\/2023\/08\/20230824141556_IMG_1267-1024x683.jpg\" \/>\n\t<meta property=\"og:image:width\" content=\"1024\" \/>\n\t<meta property=\"og:image:height\" content=\"683\" \/>\n\t<meta property=\"og:image:type\" content=\"image\/jpeg\" \/>\n<meta name=\"author\" content=\"Bruna Greco\" \/>\n<meta name=\"twitter:card\" content=\"summary_large_image\" \/>\n<meta name=\"twitter:label1\" content=\"Written by\" \/>\n\t<meta name=\"twitter:data1\" content=\"Bruna Greco\" \/>\n\t<meta name=\"twitter:label2\" content=\"Est. reading time\" \/>\n\t<meta name=\"twitter:data2\" content=\"3 minutos\" \/>\n<script type=\"application\/ld+json\" class=\"yoast-schema-graph\">{\"@context\":\"https:\/\/schema.org\",\"@graph\":[{\"@type\":\"Article\",\"@id\":\"https:\/\/www.manaus.am.gov.br\/semasc\/prefeitura-realiza-palestras-sobre-violencia-contra-a-mulher-para-alunos-da-rede-municipal-de-ensino\/#article\",\"isPartOf\":{\"@id\":\"https:\/\/www.manaus.am.gov.br\/semasc\/prefeitura-realiza-palestras-sobre-violencia-contra-a-mulher-para-alunos-da-rede-municipal-de-ensino\/\"},\"author\":{\"name\":\"Bruna Greco\",\"@id\":\"https:\/\/www.manaus.am.gov.br\/semasc\/#\/schema\/person\/05d223aea2bf115f9883a6ff3683d81b\"},\"headline\":\"Prefeitura realiza palestras sobre viol\u00eancia contra a mulher para alunos da rede municipal de ensino\",\"datePublished\":\"2023-08-24T22:08:27+00:00\",\"dateModified\":\"2023-08-24T22:08:28+00:00\",\"mainEntityOfPage\":{\"@id\":\"https:\/\/www.manaus.am.gov.br\/semasc\/prefeitura-realiza-palestras-sobre-violencia-contra-a-mulher-para-alunos-da-rede-municipal-de-ensino\/\"},\"wordCount\":430,\"publisher\":{\"@id\":\"https:\/\/www.manaus.am.gov.br\/semasc\/#organization\"},\"image\":{\"@id\":\"https:\/\/www.manaus.am.gov.br\/semasc\/prefeitura-realiza-palestras-sobre-violencia-contra-a-mulher-para-alunos-da-rede-municipal-de-ensino\/#primaryimage\"},\"thumbnailUrl\":\"https:\/\/www.manaus.am.gov.br\/semasc\/wp-content\/uploads\/sites\/17\/2023\/08\/20230824141556_IMG_1267.jpg\",\"keywords\":[\"\u201cCampanha Agosto Lil\u00e1s\u201d\",\"alunos da rede municipal de ensino\",\"escola municipal Prof\u00aa Francisca Pergentina da Silva\",\"palestras sobre viol\u00eancia contra a mulher\",\"prefeitura de manaus\",\"Semasc\"],\"articleSection\":[\"Campanha\"],\"inLanguage\":\"pt-BR\"},{\"@type\":\"WebPage\",\"@id\":\"https:\/\/www.manaus.am.gov.br\/semasc\/prefeitura-realiza-palestras-sobre-violencia-contra-a-mulher-para-alunos-da-rede-municipal-de-ensino\/\",\"url\":\"https:\/\/www.manaus.am.gov.br\/semasc\/prefeitura-realiza-palestras-sobre-violencia-contra-a-mulher-para-alunos-da-rede-municipal-de-ensino\/\",\"name\":\"Prefeitura realiza palestras sobre viol\u00eancia contra a mulher para alunos da rede municipal de ensino\",\"isPartOf\":{\"@id\":\"https:\/\/www.manaus.am.gov.br\/semasc\/#website\"},\"primaryImageOfPage\":{\"@id\":\"https:\/\/www.manaus.am.gov.br\/semasc\/prefeitura-realiza-palestras-sobre-violencia-contra-a-mulher-para-alunos-da-rede-municipal-de-ensino\/#primaryimage\"},\"image\":{\"@id\":\"https:\/\/www.manaus.am.gov.br\/semasc\/prefeitura-realiza-palestras-sobre-violencia-contra-a-mulher-para-alunos-da-rede-municipal-de-ensino\/#primaryimage\"},\"thumbnailUrl\":\"https:\/\/www.manaus.am.gov.br\/semasc\/wp-content\/uploads\/sites\/17\/2023\/08\/20230824141556_IMG_1267.jpg\",\"datePublished\":\"2023-08-24T22:08:27+00:00\",\"dateModified\":\"2023-08-24T22:08:28+00:00\",\"description\":\"Dando continuidade \u00e0 programa\u00e7\u00e3o de atividades da \u201cCampanha Agosto Lil\u00e1s\u201d, a Prefeitura de Manaus, por meio da Secretaria Municipal da Mulher, Assist\u00eancia Social e Cidadania (Semasc), realizou, nesta quinta-feira, 24\/8, palestras sobre viol\u00eancia contra a mulher para alunos da escola municipal Prof\u00aa Francisca Pergentina da Silva, localizada no bairro Zumbi dos Palmares, zona Leste da capital.\",\"breadcrumb\":{\"@id\":\"https:\/\/www.manaus.am.gov.br\/semasc\/prefeitura-realiza-palestras-sobre-violencia-contra-a-mulher-para-alunos-da-rede-municipal-de-ensino\/#breadcrumb\"},\"inLanguage\":\"pt-BR\",\"potentialAction\":[{\"@type\":\"ReadAction\",\"target\":[\"https:\/\/www.manaus.am.gov.br\/semasc\/prefeitura-realiza-palestras-sobre-violencia-contra-a-mulher-para-alunos-da-rede-municipal-de-ensino\/\"]}]},{\"@type\":\"ImageObject\",\"inLanguage\":\"pt-BR\",\"@id\":\"https:\/\/www.manaus.am.gov.br\/semasc\/prefeitura-realiza-palestras-sobre-violencia-contra-a-mulher-para-alunos-da-rede-municipal-de-ensino\/#primaryimage\",\"url\":\"https:\/\/www.manaus.am.gov.br\/semasc\/wp-content\/uploads\/sites\/17\/2023\/08\/20230824141556_IMG_1267.jpg\",\"contentUrl\":\"https:\/\/www.manaus.am.gov.br\/semasc\/wp-content\/uploads\/sites\/17\/2023\/08\/20230824141556_IMG_1267.jpg\",\"width\":3825,\"height\":2550},{\"@type\":\"BreadcrumbList\",\"@id\":\"https:\/\/www.manaus.am.gov.br\/semasc\/prefeitura-realiza-palestras-sobre-violencia-contra-a-mulher-para-alunos-da-rede-municipal-de-ensino\/#breadcrumb\",\"itemListElement\":[{\"@type\":\"ListItem\",\"position\":1,\"name\":\"Home\",\"item\":\"https:\/\/www.manaus.am.gov.br\/semasc\/\"},{\"@type\":\"ListItem\",\"position\":2,\"name\":\"Prefeitura realiza palestras sobre viol\u00eancia contra a mulher para alunos da rede municipal de ensino\"}]},{\"@type\":\"WebSite\",\"@id\":\"https:\/\/www.manaus.am.gov.br\/semasc\/#website\",\"url\":\"https:\/\/www.manaus.am.gov.br\/semasc\/\",\"name\":\"SEMASC\",\"description\":\"Secretaria Municipal da Mulher, Assist\u00eancia Social e Cidadania.\",\"publisher\":{\"@id\":\"https:\/\/www.manaus.am.gov.br\/semasc\/#organization\"},\"alternateName\":\"Secretaria Municipal da Mulher, Assist\u00eancia Social e Cidadania\",\"potentialAction\":[{\"@type\":\"SearchAction\",\"target\":{\"@type\":\"EntryPoint\",\"urlTemplate\":\"https:\/\/www.manaus.am.gov.br\/semasc\/?s={search_term_string}\"},\"query-input\":\"required name=search_term_string\"}],\"inLanguage\":\"pt-BR\"},{\"@type\":\"Organization\",\"@id\":\"https:\/\/www.manaus.am.gov.br\/semasc\/#organization\",\"name\":\"Prefeitura de Manaus\",\"alternateName\":\"Prefeitura Municipal de Manaus\",\"url\":\"https:\/\/www.manaus.am.gov.br\/semasc\/\",\"logo\":{\"@type\":\"ImageObject\",\"inLanguage\":\"pt-BR\",\"@id\":\"https:\/\/www.manaus.am.gov.br\/semasc\/#\/schema\/logo\/image\/\",\"url\":\"https:\/\/www.manaus.am.gov.br\/semasc\/wp-content\/uploads\/sites\/17\/2024\/07\/favicon.png\",\"contentUrl\":\"https:\/\/www.manaus.am.gov.br\/semasc\/wp-content\/uploads\/sites\/17\/2024\/07\/favicon.png\",\"width\":300,\"height\":300,\"caption\":\"Prefeitura de Manaus\"},\"image\":{\"@id\":\"https:\/\/www.manaus.am.gov.br\/semasc\/#\/schema\/logo\/image\/\"},\"sameAs\":[\"https:\/\/www.facebook.com\/semascmanaus\",\"https:\/\/www.instagram.com\/semascmanaus\/\"]},{\"@type\":\"Person\",\"@id\":\"https:\/\/www.manaus.am.gov.br\/semasc\/#\/schema\/person\/05d223aea2bf115f9883a6ff3683d81b\",\"name\":\"Bruna Greco\",\"image\":{\"@type\":\"ImageObject\",\"inLanguage\":\"pt-BR\",\"@id\":\"https:\/\/www.manaus.am.gov.br\/semasc\/#\/schema\/person\/image\/\",\"url\":\"https:\/\/secure.gravatar.com\/avatar\/9c877d1a6adc2a055330e5c09a8653ce?s=96&d=mm&r=g\",\"contentUrl\":\"https:\/\/secure.gravatar.com\/avatar\/9c877d1a6adc2a055330e5c09a8653ce?s=96&d=mm&r=g\",\"caption\":\"Bruna Greco\"}}]}<\/script>\n<!-- \/ Yoast SEO plugin. -->","yoast_head_json":{"title":"Prefeitura realiza palestras sobre viol\u00eancia contra a mulher para alunos da rede municipal de ensino","description":"Dando continuidade \u00e0 programa\u00e7\u00e3o de atividades da \u201cCampanha Agosto Lil\u00e1s\u201d, a Prefeitura de Manaus, por meio da Secretaria Municipal da Mulher, Assist\u00eancia Social e Cidadania (Semasc), realizou, nesta quinta-feira, 24\/8, palestras sobre viol\u00eancia contra a mulher para alunos da escola municipal Prof\u00aa Francisca Pergentina da Silva, localizada no bairro Zumbi dos Palmares, zona Leste da capital.","robots":{"index":"noindex","follow":"follow"},"og_locale":"pt_BR","og_type":"article","og_title":"Prefeitura realiza palestras sobre viol\u00eancia contra a mulher para alunos da rede municipal de ensino","og_description":"Dando continuidade \u00e0 programa\u00e7\u00e3o de atividades da \u201cCampanha Agosto Lil\u00e1s\u201d, a Prefeitura de Manaus, por meio da Secretaria Municipal da Mulher, Assist\u00eancia Social e Cidadania (Semasc), realizou, nesta quinta-feira, 24\/8, palestras sobre viol\u00eancia contra a mulher para alunos da escola municipal Prof\u00aa Francisca Pergentina da Silva, localizada no bairro Zumbi dos Palmares, zona Leste da capital.","og_url":"https:\/\/www.manaus.am.gov.br\/semasc\/prefeitura-realiza-palestras-sobre-violencia-contra-a-mulher-para-alunos-da-rede-municipal-de-ensino\/","og_site_name":"SEMASC","article_publisher":"https:\/\/www.facebook.com\/semascmanaus","article_published_time":"2023-08-24T22:08:27+00:00","article_modified_time":"2023-08-24T22:08:28+00:00","og_image":[{"width":1024,"height":683,"url":"https:\/\/www.manaus.am.gov.br\/semasc\/wp-content\/uploads\/sites\/17\/2023\/08\/20230824141556_IMG_1267-1024x683.jpg","type":"image\/jpeg"}],"author":"Bruna Greco","twitter_card":"summary_large_image","twitter_misc":{"Written by":"Bruna Greco","Est. reading time":"3 minutos"},"schema":{"@context":"https:\/\/schema.org","@graph":[{"@type":"Article","@id":"https:\/\/www.manaus.am.gov.br\/semasc\/prefeitura-realiza-palestras-sobre-violencia-contra-a-mulher-para-alunos-da-rede-municipal-de-ensino\/#article","isPartOf":{"@id":"https:\/\/www.manaus.am.gov.br\/semasc\/prefeitura-realiza-palestras-sobre-violencia-contra-a-mulher-para-alunos-da-rede-municipal-de-ensino\/"},"author":{"name":"Bruna Greco","@id":"https:\/\/www.manaus.am.gov.br\/semasc\/#\/schema\/person\/05d223aea2bf115f9883a6ff3683d81b"},"headline":"Prefeitura realiza palestras sobre viol\u00eancia contra a mulher para alunos da rede municipal de ensino","datePublished":"2023-08-24T22:08:27+00:00","dateModified":"2023-08-24T22:08:28+00:00","mainEntityOfPage":{"@id":"https:\/\/www.manaus.am.gov.br\/semasc\/prefeitura-realiza-palestras-sobre-violencia-contra-a-mulher-para-alunos-da-rede-municipal-de-ensino\/"},"wordCount":430,"publisher":{"@id":"https:\/\/www.manaus.am.gov.br\/semasc\/#organization"},"image":{"@id":"https:\/\/www.manaus.am.gov.br\/semasc\/prefeitura-realiza-palestras-sobre-violencia-contra-a-mulher-para-alunos-da-rede-municipal-de-ensino\/#primaryimage"},"thumbnailUrl":"https:\/\/www.manaus.am.gov.br\/semasc\/wp-content\/uploads\/sites\/17\/2023\/08\/20230824141556_IMG_1267.jpg","keywords":["\u201cCampanha Agosto Lil\u00e1s\u201d","alunos da rede municipal de ensino","escola municipal Prof\u00aa Francisca Pergentina da Silva","palestras sobre viol\u00eancia contra a mulher","prefeitura de manaus","Semasc"],"articleSection":["Campanha"],"inLanguage":"pt-BR"},{"@type":"WebPage","@id":"https:\/\/www.manaus.am.gov.br\/semasc\/prefeitura-realiza-palestras-sobre-violencia-contra-a-mulher-para-alunos-da-rede-municipal-de-ensino\/","url":"https:\/\/www.manaus.am.gov.br\/semasc\/prefeitura-realiza-palestras-sobre-violencia-contra-a-mulher-para-alunos-da-rede-municipal-de-ensino\/","name":"Prefeitura realiza palestras sobre viol\u00eancia contra a mulher para alunos da rede municipal de ensino","isPartOf":{"@id":"https:\/\/www.manaus.am.gov.br\/semasc\/#website"},"primaryImageOfPage":{"@id":"https:\/\/www.manaus.am.gov.br\/semasc\/prefeitura-realiza-palestras-sobre-violencia-contra-a-mulher-para-alunos-da-rede-municipal-de-ensino\/#primaryimage"},"image":{"@id":"https:\/\/www.manaus.am.gov.br\/semasc\/prefeitura-realiza-palestras-sobre-violencia-contra-a-mulher-para-alunos-da-rede-municipal-de-ensino\/#primaryimage"},"thumbnailUrl":"https:\/\/www.manaus.am.gov.br\/semasc\/wp-content\/uploads\/sites\/17\/2023\/08\/20230824141556_IMG_1267.jpg","datePublished":"2023-08-24T22:08:27+00:00","dateModified":"2023-08-24T22:08:28+00:00","description":"Dando continuidade \u00e0 programa\u00e7\u00e3o de atividades da \u201cCampanha Agosto Lil\u00e1s\u201d, a Prefeitura de Manaus, por meio da Secretaria Municipal da Mulher, Assist\u00eancia Social e Cidadania (Semasc), realizou, nesta quinta-feira, 24\/8, palestras sobre viol\u00eancia contra a mulher para alunos da escola municipal Prof\u00aa Francisca Pergentina da Silva, localizada no bairro Zumbi dos Palmares, zona Leste da capital.","breadcrumb":{"@id":"https:\/\/www.manaus.am.gov.br\/semasc\/prefeitura-realiza-palestras-sobre-violencia-contra-a-mulher-para-alunos-da-rede-municipal-de-ensino\/#breadcrumb"},"inLanguage":"pt-BR","potentialAction":[{"@type":"ReadAction","target":["https:\/\/www.manaus.am.gov.br\/semasc\/prefeitura-realiza-palestras-sobre-violencia-contra-a-mulher-para-alunos-da-rede-municipal-de-ensino\/"]}]},{"@type":"ImageObject","inLanguage":"pt-BR","@id":"https:\/\/www.manaus.am.gov.br\/semasc\/prefeitura-realiza-palestras-sobre-violencia-contra-a-mulher-para-alunos-da-rede-municipal-de-ensino\/#primaryimage","url":"https:\/\/www.manaus.am.gov.br\/semasc\/wp-content\/uploads\/sites\/17\/2023\/08\/20230824141556_IMG_1267.jpg","contentUrl":"https:\/\/www.manaus.am.gov.br\/semasc\/wp-content\/uploads\/sites\/17\/2023\/08\/20230824141556_IMG_1267.jpg","width":3825,"height":2550},{"@type":"BreadcrumbList","@id":"https:\/\/www.manaus.am.gov.br\/semasc\/prefeitura-realiza-palestras-sobre-violencia-contra-a-mulher-para-alunos-da-rede-municipal-de-ensino\/#breadcrumb","itemListElement":[{"@type":"ListItem","position":1,"name":"Home","item":"https:\/\/www.manaus.am.gov.br\/semasc\/"},{"@type":"ListItem","position":2,"name":"Prefeitura realiza palestras sobre viol\u00eancia contra a mulher para alunos da rede municipal de ensino"}]},{"@type":"WebSite","@id":"https:\/\/www.manaus.am.gov.br\/semasc\/#website","url":"https:\/\/www.manaus.am.gov.br\/semasc\/","name":"SEMASC","description":"Secretaria Municipal da Mulher, Assist\u00eancia Social e Cidadania.","publisher":{"@id":"https:\/\/www.manaus.am.gov.br\/semasc\/#organization"},"alternateName":"Secretaria Municipal da Mulher, Assist\u00eancia Social e Cidadania","potentialAction":[{"@type":"SearchAction","target":{"@type":"EntryPoint","urlTemplate":"https:\/\/www.manaus.am.gov.br\/semasc\/?s={search_term_string}"},"query-input":"required name=search_term_string"}],"inLanguage":"pt-BR"},{"@type":"Organization","@id":"https:\/\/www.manaus.am.gov.br\/semasc\/#organization","name":"Prefeitura de Manaus","alternateName":"Prefeitura Municipal de Manaus","url":"https:\/\/www.manaus.am.gov.br\/semasc\/","logo":{"@type":"ImageObject","inLanguage":"pt-BR","@id":"https:\/\/www.manaus.am.gov.br\/semasc\/#\/schema\/logo\/image\/","url":"https:\/\/www.manaus.am.gov.br\/semasc\/wp-content\/uploads\/sites\/17\/2024\/07\/favicon.png","contentUrl":"https:\/\/www.manaus.am.gov.br\/semasc\/wp-content\/uploads\/sites\/17\/2024\/07\/favicon.png","width":300,"height":300,"caption":"Prefeitura de Manaus"},"image":{"@id":"https:\/\/www.manaus.am.gov.br\/semasc\/#\/schema\/logo\/image\/"},"sameAs":["https:\/\/www.facebook.com\/semascmanaus","https:\/\/www.instagram.com\/semascmanaus\/"]},{"@type":"Person","@id":"https:\/\/www.manaus.am.gov.br\/semasc\/#\/schema\/person\/05d223aea2bf115f9883a6ff3683d81b","name":"Bruna Greco","image":{"@type":"ImageObject","inLanguage":"pt-BR","@id":"https:\/\/www.manaus.am.gov.br\/semasc\/#\/schema\/person\/image\/","url":"https:\/\/secure.gravatar.com\/avatar\/9c877d1a6adc2a055330e5c09a8653ce?s=96&d=mm&r=g","contentUrl":"https:\/\/secure.gravatar.com\/avatar\/9c877d1a6adc2a055330e5c09a8653ce?s=96&d=mm&r=g","caption":"Bruna Greco"}}]}},"_links":{"self":[{"href":"https:\/\/www.manaus.am.gov.br\/semasc\/wp-json\/wp\/v2\/posts\/208820"}],"collection":[{"href":"https:\/\/www.manaus.am.gov.br\/semasc\/wp-json\/wp\/v2\/posts"}],"about":[{"href":"https:\/\/www.manaus.am.gov.br\/semasc\/wp-json\/wp\/v2\/types\/post"}],"author":[{"embeddable":true,"href":"https:\/\/www.manaus.am.gov.br\/semasc\/wp-json\/wp\/v2\/users\/39"}],"replies":[{"embeddable":true,"href":"https:\/\/www.manaus.am.gov.br\/semasc\/wp-json\/wp\/v2\/comments?post=208820"}],"version-history":[{"count":0,"href":"https:\/\/www.manaus.am.gov.br\/semasc\/wp-json\/wp\/v2\/posts\/208820\/revisions"}],"wp:featuredmedia":[{"embeddable":true,"href":"https:\/\/www.manaus.am.gov.br\/semasc\/wp-json\/wp\/v2\/media\/208821"}],"wp:attachment":[{"href":"https:\/\/www.manaus.am.gov.br\/semasc\/wp-json\/wp\/v2\/media?parent=208820"}],"wp:term":[{"taxonomy":"category","embeddable":true,"href":"https:\/\/www.manaus.am.gov.br\/semasc\/wp-json\/wp\/v2\/categories?post=208820"},{"taxonomy":"post_tag","embeddable":true,"href":"https:\/\/www.manaus.am.gov.br\/semasc\/wp-json\/wp\/v2\/tags?post=208820"}],"curies":[{"name":"wp","href":"https:\/\/api.w.org\/{rel}","templated":true}]}}