{"id":208816,"date":"2023-08-18T15:32:13","date_gmt":"2023-08-18T19:32:13","guid":{"rendered":"https:\/\/www.manaus.am.gov.br\/semasc\/prefeitura-de-manaus-promove-acao-de-cidadania-alusiva-ao-agosto-lilas-na-zona-leste\/"},"modified":"2023-11-22T15:12:04","modified_gmt":"2023-11-22T19:12:04","slug":"prefeitura-de-manaus-promove-acao-de-cidadania-alusiva-ao-agosto-lilas-na-zona-leste","status":"publish","type":"post","link":"https:\/\/www.manaus.am.gov.br\/semasc\/prefeitura-de-manaus-promove-acao-de-cidadania-alusiva-ao-agosto-lilas-na-zona-leste\/","title":{"rendered":"Prefeitura de Manaus promove a\u00e7\u00e3o de cidadania alusiva ao \u2018Agosto Lil\u00e1s\u2019 na zona Leste"},"content":{"rendered":"\n<p>A Prefeitura de Manaus, por meio da Secretaria Municipal da Mulher, Assist\u00eancia Social e Cidadania (Semasc), em parceria com a Associa\u00e7\u00e3o de Servidores da Universidade Federal do Amazonas (Assua), promoveu, nesta sexta-feira, 18\/8, uma a\u00e7\u00e3o de cidadania alusiva a campanha \u201cAgosto Lil\u00e1s\u201d, de conscientiza\u00e7\u00e3o e combate \u00e0 viol\u00eancia contra a mulher.<\/p>\n\n\n\n<p>Encabe\u00e7ada pelo Centro de Refer\u00eancia Especializado em Assist\u00eancia Social (Creas) Sul e realizada na sede da Assua, localizada no bairro Coroado, zona Leste, onde o equipamento atualmente est\u00e1 locado, a a\u00e7\u00e3o contou com a oferta de diversos servi\u00e7os gratuitos para a popula\u00e7\u00e3o, como orienta\u00e7\u00e3o jur\u00eddica, atendimentos b\u00e1sicos de sa\u00fade e cadastro para vagas de emprego, al\u00e9m de palestras alusivas ao tema da campanha e atividades esportivas.<\/p>\n\n\n\n<p>\u201cNa pol\u00edtica de assist\u00eancia social, os Creas s\u00e3o respons\u00e1veis pelo atendimento de pessoas e fam\u00edlias, cujos v\u00ednculos familiares est\u00e3o sob risco de rompimento, como \u00e9 o caso de mulheres v\u00edtimas de viol\u00eancia. Estamos convictos de que a a\u00e7\u00e3o de hoje, por trabalhar um tema delicado com um p\u00fablico ainda mais delicado, \u00e9 de extrema import\u00e2ncia para todas as mulheres e fam\u00edlias que frequentam este equipamento e precisam desta aten\u00e7\u00e3o especial\u201d, explicou a subsecret\u00e1ria de Pol\u00edticas Afirmativas para Mulheres e Direitos Humanos da Semasc, Gra\u00e7a Prola.<\/p>\n\n\n\n<p>De acordo ainda com a coordenadora-geral da Assua, Alexandra Saldanha, a parceria, al\u00e9m de beneficiar a comunidade em torno da associa\u00e7\u00e3o, tamb\u00e9m beneficia grande parte dos colaboradores da institui\u00e7\u00e3o e suas fam\u00edlias.<\/p>\n\n\n\n<p>\u201cPor conta da Covid-19, muitos de nossos associados acabaram se afastando ou encarando situa\u00e7\u00f5es de vulnerabilidade que os impediam de se manter por perto. Com a parceria e a instala\u00e7\u00e3o do Creas dentro de nossa associa\u00e7\u00e3o, muitos voltaram a frequentar o lugar, buscar informa\u00e7\u00f5es, atendimentos e afins. A a\u00e7\u00e3o de hoje \u00e9 apenas uma reafirma\u00e7\u00e3o do excelente trabalho realizado aqui\u201d, afirmou.<\/p>\n\n\n\n<p>Atual coordenadora do Creas Sul, a assistente social Renata Souza pontuou a import\u00e2ncia de uma conscientiza\u00e7\u00e3o realizada de forma mais acess\u00edvel e pr\u00f3xima da popula\u00e7\u00e3o no combate \u00e0 viol\u00eancia contra as mulheres.<\/p>\n\n\n\n<p>\u201c\u00c9 um momento que vai muito al\u00e9m da oferta de servi\u00e7os, \u00e9 um momento de sensibiliza\u00e7\u00e3o contra os diversos tipos de viol\u00eancia sofridos todos os dias por mulheres em toda a cidade. Al\u00e9m de propagar conhecimento, queremos aqui fazer com que essas mulheres consigam identificar essas viola\u00e7\u00f5es em seu dia a dia e percam o medo de denunciar seus agressores\u201d, concluiu Renata.<\/p>\n\n\n\n<p>A aposentada Maria Ribeiro, 80 anos, foi uma das mulheres a comparecer durante a a\u00e7\u00e3o para usufruir dos servi\u00e7os de embelezamento oferecidos ao longo da manh\u00e3. Para Maria, o dia, al\u00e9m de divertido, serviu para refletir.<\/p>\n\n\n\n<p>\u201cCostumo frequentar o Parque Municipal do Idoso e sempre que posso assisto palestras sobre esse assunto, pois \u00e9 sempre muito importante que a informa\u00e7\u00e3o chegue a todas n\u00f3s e aqui n\u00e3o seria diferente. Mais uma vez participando de um evento do tipo e achando simplesmente maravilhoso\u201d, afirmou.<\/p>\n\n\n\n<p><strong>Parceiros<\/strong><\/p>\n\n\n\n<p>Participaram da a\u00e7\u00e3o as secretarias municipais da Mulher, Assist\u00eancia Social e Cidadania (Semasc), da Sa\u00fade (Semsa), do Trabalho, Empreendedorismo e Inova\u00e7\u00e3o (Semtepi), do Meio Ambiente e Sustentabilidade (Semmas), o Alto Comissariado das Na\u00e7\u00f5es Unidas para Refugiados (Acnur) e o N\u00facleo de Assist\u00eancia \u00e0 Crian\u00e7a e \u00e0 Fam\u00edlia em Situa\u00e7\u00e3o de Risco (Nacer).<\/p>\n\n\n\n<p>&#8212; &#8212; &#8212;<\/p>\n\n\n\n<p><strong>Texto &#8211;<\/strong>&nbsp;Guilherme Pacheco \/ Semasc<\/p>\n\n\n\n<p><strong>Fotos &#8211;<\/strong>&nbsp;Divulga\u00e7\u00e3o \/ Semasc<\/p>\n","protected":false},"excerpt":{"rendered":"","protected":false},"author":24,"featured_media":208817,"comment_status":"closed","ping_status":"closed","sticky":false,"template":"","format":"standard","meta":{"footnotes":""},"categories":[24],"tags":[192,299,359,360,361,362,363,285,57,47,7,364,18],"acf":[],"yoast_head":"<!-- This site is optimized with the Yoast SEO plugin v23.0 - https:\/\/yoast.com\/wordpress\/plugins\/seo\/ -->\n<title>Prefeitura de Manaus promove a\u00e7\u00e3o de cidadania alusiva ao \u2018Agosto Lil\u00e1s\u2019 na zona Leste - SEMASC<\/title>\n<meta name=\"description\" content=\"A Prefeitura de Manaus, por meio da Secretaria Municipal da Mulher, Assist\u00eancia Social e Cidadania (Semasc), em parceria com a Associa\u00e7\u00e3o de Servidores da Universidade Federal do Amazonas (Assua), promoveu, nesta sexta-feira, 18\/8, uma a\u00e7\u00e3o de cidadania alusiva a campanha \u201cAgosto Lil\u00e1s\u201d, de conscientiza\u00e7\u00e3o e combate \u00e0 viol\u00eancia contra a mulher.\" \/>\n<meta name=\"robots\" content=\"noindex, follow\" \/>\n<meta property=\"og:locale\" content=\"pt_BR\" \/>\n<meta property=\"og:type\" content=\"article\" \/>\n<meta property=\"og:title\" content=\"Prefeitura de Manaus promove a\u00e7\u00e3o de cidadania alusiva ao \u2018Agosto Lil\u00e1s\u2019 na zona Leste - SEMASC\" \/>\n<meta property=\"og:description\" content=\"A Prefeitura de Manaus, por meio da Secretaria Municipal da Mulher, Assist\u00eancia Social e Cidadania (Semasc), em parceria com a Associa\u00e7\u00e3o de Servidores da Universidade Federal do Amazonas (Assua), promoveu, nesta sexta-feira, 18\/8, uma a\u00e7\u00e3o de cidadania alusiva a campanha \u201cAgosto Lil\u00e1s\u201d, de conscientiza\u00e7\u00e3o e combate \u00e0 viol\u00eancia contra a mulher.\" \/>\n<meta property=\"og:url\" content=\"https:\/\/www.manaus.am.gov.br\/semasc\/prefeitura-de-manaus-promove-acao-de-cidadania-alusiva-ao-agosto-lilas-na-zona-leste\/\" \/>\n<meta property=\"og:site_name\" content=\"SEMASC\" \/>\n<meta property=\"article:publisher\" content=\"https:\/\/www.facebook.com\/semascmanaus\" \/>\n<meta property=\"article:published_time\" content=\"2023-08-18T19:32:13+00:00\" \/>\n<meta property=\"article:modified_time\" content=\"2023-11-22T19:12:04+00:00\" \/>\n<meta property=\"og:image\" content=\"https:\/\/www.manaus.am.gov.br\/semasc\/wp-content\/uploads\/sites\/17\/2023\/08\/Prefeitura-de-Manaus-promove-acao-de-cidadania-alusiva-ao-\u2018Agosto-Lilas-na-zona-Leste-2.jpeg\" \/>\n\t<meta property=\"og:image:width\" content=\"1600\" \/>\n\t<meta property=\"og:image:height\" content=\"1066\" \/>\n\t<meta property=\"og:image:type\" content=\"image\/jpeg\" \/>\n<meta name=\"author\" content=\"Cl\u00e1udia Barbosa\" \/>\n<meta name=\"twitter:card\" content=\"summary_large_image\" \/>\n<meta name=\"twitter:label1\" content=\"Written by\" \/>\n\t<meta name=\"twitter:data1\" content=\"Cl\u00e1udia Barbosa\" \/>\n\t<meta name=\"twitter:label2\" content=\"Est. reading time\" \/>\n\t<meta name=\"twitter:data2\" content=\"3 minutos\" \/>\n<script type=\"application\/ld+json\" class=\"yoast-schema-graph\">{\"@context\":\"https:\/\/schema.org\",\"@graph\":[{\"@type\":\"Article\",\"@id\":\"https:\/\/www.manaus.am.gov.br\/semasc\/prefeitura-de-manaus-promove-acao-de-cidadania-alusiva-ao-agosto-lilas-na-zona-leste\/#article\",\"isPartOf\":{\"@id\":\"https:\/\/www.manaus.am.gov.br\/semasc\/prefeitura-de-manaus-promove-acao-de-cidadania-alusiva-ao-agosto-lilas-na-zona-leste\/\"},\"author\":{\"name\":\"Cl\u00e1udia Barbosa\",\"@id\":\"https:\/\/www.manaus.am.gov.br\/semasc\/#\/schema\/person\/d0a166b5031154c33c77794ddc9a827e\"},\"headline\":\"Prefeitura de Manaus promove a\u00e7\u00e3o de cidadania alusiva ao \u2018Agosto Lil\u00e1s\u2019 na zona Leste\",\"datePublished\":\"2023-08-18T19:32:13+00:00\",\"dateModified\":\"2023-11-22T19:12:04+00:00\",\"mainEntityOfPage\":{\"@id\":\"https:\/\/www.manaus.am.gov.br\/semasc\/prefeitura-de-manaus-promove-acao-de-cidadania-alusiva-ao-agosto-lilas-na-zona-leste\/\"},\"wordCount\":617,\"publisher\":{\"@id\":\"https:\/\/www.manaus.am.gov.br\/semasc\/#organization\"},\"image\":{\"@id\":\"https:\/\/www.manaus.am.gov.br\/semasc\/prefeitura-de-manaus-promove-acao-de-cidadania-alusiva-ao-agosto-lilas-na-zona-leste\/#primaryimage\"},\"thumbnailUrl\":\"https:\/\/www.manaus.am.gov.br\/semasc\/wp-content\/uploads\/sites\/17\/2023\/08\/Prefeitura-de-Manaus-promove-acao-de-cidadania-alusiva-ao-\u2018Agosto-Lilas-na-zona-Leste-2.jpeg\",\"keywords\":[\"a\u00e7\u00e3o de cidadania\",\"Agosto Lil\u00e1s\",\"Alexandra Saldanha\",\"Associa\u00e7\u00e3o de Servidores da Universidade Federal do Amazonas\",\"Assua\",\"campanha \u201cAgosto Lil\u00e1s\u201d\",\"Centro de Refer\u00eancia Especializado em Assist\u00eancia Social\",\"combate \u00e0 viol\u00eancia contra a mulher\",\"Creas\",\"Gra\u00e7a Prola\",\"prefeitura de manaus\",\"Renata Souza\",\"Semasc\"],\"articleSection\":[\"Campanha\"],\"inLanguage\":\"pt-BR\"},{\"@type\":\"WebPage\",\"@id\":\"https:\/\/www.manaus.am.gov.br\/semasc\/prefeitura-de-manaus-promove-acao-de-cidadania-alusiva-ao-agosto-lilas-na-zona-leste\/\",\"url\":\"https:\/\/www.manaus.am.gov.br\/semasc\/prefeitura-de-manaus-promove-acao-de-cidadania-alusiva-ao-agosto-lilas-na-zona-leste\/\",\"name\":\"Prefeitura de Manaus promove a\u00e7\u00e3o de cidadania alusiva ao \u2018Agosto Lil\u00e1s\u2019 na zona Leste - SEMASC\",\"isPartOf\":{\"@id\":\"https:\/\/www.manaus.am.gov.br\/semasc\/#website\"},\"primaryImageOfPage\":{\"@id\":\"https:\/\/www.manaus.am.gov.br\/semasc\/prefeitura-de-manaus-promove-acao-de-cidadania-alusiva-ao-agosto-lilas-na-zona-leste\/#primaryimage\"},\"image\":{\"@id\":\"https:\/\/www.manaus.am.gov.br\/semasc\/prefeitura-de-manaus-promove-acao-de-cidadania-alusiva-ao-agosto-lilas-na-zona-leste\/#primaryimage\"},\"thumbnailUrl\":\"https:\/\/www.manaus.am.gov.br\/semasc\/wp-content\/uploads\/sites\/17\/2023\/08\/Prefeitura-de-Manaus-promove-acao-de-cidadania-alusiva-ao-\u2018Agosto-Lilas-na-zona-Leste-2.jpeg\",\"datePublished\":\"2023-08-18T19:32:13+00:00\",\"dateModified\":\"2023-11-22T19:12:04+00:00\",\"description\":\"A Prefeitura de Manaus, por meio da Secretaria Municipal da Mulher, Assist\u00eancia Social e Cidadania (Semasc), em parceria com a Associa\u00e7\u00e3o de Servidores da Universidade Federal do Amazonas (Assua), promoveu, nesta sexta-feira, 18\/8, uma a\u00e7\u00e3o de cidadania alusiva a campanha \u201cAgosto Lil\u00e1s\u201d, de conscientiza\u00e7\u00e3o e combate \u00e0 viol\u00eancia contra a mulher.\",\"breadcrumb\":{\"@id\":\"https:\/\/www.manaus.am.gov.br\/semasc\/prefeitura-de-manaus-promove-acao-de-cidadania-alusiva-ao-agosto-lilas-na-zona-leste\/#breadcrumb\"},\"inLanguage\":\"pt-BR\",\"potentialAction\":[{\"@type\":\"ReadAction\",\"target\":[\"https:\/\/www.manaus.am.gov.br\/semasc\/prefeitura-de-manaus-promove-acao-de-cidadania-alusiva-ao-agosto-lilas-na-zona-leste\/\"]}]},{\"@type\":\"ImageObject\",\"inLanguage\":\"pt-BR\",\"@id\":\"https:\/\/www.manaus.am.gov.br\/semasc\/prefeitura-de-manaus-promove-acao-de-cidadania-alusiva-ao-agosto-lilas-na-zona-leste\/#primaryimage\",\"url\":\"https:\/\/www.manaus.am.gov.br\/semasc\/wp-content\/uploads\/sites\/17\/2023\/08\/Prefeitura-de-Manaus-promove-acao-de-cidadania-alusiva-ao-\u2018Agosto-Lilas-na-zona-Leste-2.jpeg\",\"contentUrl\":\"https:\/\/www.manaus.am.gov.br\/semasc\/wp-content\/uploads\/sites\/17\/2023\/08\/Prefeitura-de-Manaus-promove-acao-de-cidadania-alusiva-ao-\u2018Agosto-Lilas-na-zona-Leste-2.jpeg\",\"width\":1600,\"height\":1066},{\"@type\":\"BreadcrumbList\",\"@id\":\"https:\/\/www.manaus.am.gov.br\/semasc\/prefeitura-de-manaus-promove-acao-de-cidadania-alusiva-ao-agosto-lilas-na-zona-leste\/#breadcrumb\",\"itemListElement\":[{\"@type\":\"ListItem\",\"position\":1,\"name\":\"Home\",\"item\":\"https:\/\/www.manaus.am.gov.br\/semasc\/\"},{\"@type\":\"ListItem\",\"position\":2,\"name\":\"Prefeitura de Manaus promove a\u00e7\u00e3o de cidadania alusiva ao \u2018Agosto Lil\u00e1s\u2019 na zona Leste\"}]},{\"@type\":\"WebSite\",\"@id\":\"https:\/\/www.manaus.am.gov.br\/semasc\/#website\",\"url\":\"https:\/\/www.manaus.am.gov.br\/semasc\/\",\"name\":\"SEMASC\",\"description\":\"Secretaria Municipal da Mulher, Assist\u00eancia Social e Cidadania.\",\"publisher\":{\"@id\":\"https:\/\/www.manaus.am.gov.br\/semasc\/#organization\"},\"alternateName\":\"Secretaria Municipal da Mulher, Assist\u00eancia Social e Cidadania\",\"potentialAction\":[{\"@type\":\"SearchAction\",\"target\":{\"@type\":\"EntryPoint\",\"urlTemplate\":\"https:\/\/www.manaus.am.gov.br\/semasc\/?s={search_term_string}\"},\"query-input\":\"required name=search_term_string\"}],\"inLanguage\":\"pt-BR\"},{\"@type\":\"Organization\",\"@id\":\"https:\/\/www.manaus.am.gov.br\/semasc\/#organization\",\"name\":\"Prefeitura de Manaus\",\"alternateName\":\"Prefeitura Municipal de Manaus\",\"url\":\"https:\/\/www.manaus.am.gov.br\/semasc\/\",\"logo\":{\"@type\":\"ImageObject\",\"inLanguage\":\"pt-BR\",\"@id\":\"https:\/\/www.manaus.am.gov.br\/semasc\/#\/schema\/logo\/image\/\",\"url\":\"https:\/\/www.manaus.am.gov.br\/semasc\/wp-content\/uploads\/sites\/17\/2024\/07\/favicon.png\",\"contentUrl\":\"https:\/\/www.manaus.am.gov.br\/semasc\/wp-content\/uploads\/sites\/17\/2024\/07\/favicon.png\",\"width\":300,\"height\":300,\"caption\":\"Prefeitura de Manaus\"},\"image\":{\"@id\":\"https:\/\/www.manaus.am.gov.br\/semasc\/#\/schema\/logo\/image\/\"},\"sameAs\":[\"https:\/\/www.facebook.com\/semascmanaus\",\"https:\/\/www.instagram.com\/semascmanaus\/\"]},{\"@type\":\"Person\",\"@id\":\"https:\/\/www.manaus.am.gov.br\/semasc\/#\/schema\/person\/d0a166b5031154c33c77794ddc9a827e\",\"name\":\"Cl\u00e1udia Barbosa\",\"image\":{\"@type\":\"ImageObject\",\"inLanguage\":\"pt-BR\",\"@id\":\"https:\/\/www.manaus.am.gov.br\/semasc\/#\/schema\/person\/image\/\",\"url\":\"https:\/\/secure.gravatar.com\/avatar\/42958a1cf007f1a00534009218c72590?s=96&d=mm&r=g\",\"contentUrl\":\"https:\/\/secure.gravatar.com\/avatar\/42958a1cf007f1a00534009218c72590?s=96&d=mm&r=g\",\"caption\":\"Cl\u00e1udia Barbosa\"}}]}<\/script>\n<!-- \/ Yoast SEO plugin. -->","yoast_head_json":{"title":"Prefeitura de Manaus promove a\u00e7\u00e3o de cidadania alusiva ao \u2018Agosto Lil\u00e1s\u2019 na zona Leste - SEMASC","description":"A Prefeitura de Manaus, por meio da Secretaria Municipal da Mulher, Assist\u00eancia Social e Cidadania (Semasc), em parceria com a Associa\u00e7\u00e3o de Servidores da Universidade Federal do Amazonas (Assua), promoveu, nesta sexta-feira, 18\/8, uma a\u00e7\u00e3o de cidadania alusiva a campanha \u201cAgosto Lil\u00e1s\u201d, de conscientiza\u00e7\u00e3o e combate \u00e0 viol\u00eancia contra a mulher.","robots":{"index":"noindex","follow":"follow"},"og_locale":"pt_BR","og_type":"article","og_title":"Prefeitura de Manaus promove a\u00e7\u00e3o de cidadania alusiva ao \u2018Agosto Lil\u00e1s\u2019 na zona Leste - SEMASC","og_description":"A Prefeitura de Manaus, por meio da Secretaria Municipal da Mulher, Assist\u00eancia Social e Cidadania (Semasc), em parceria com a Associa\u00e7\u00e3o de Servidores da Universidade Federal do Amazonas (Assua), promoveu, nesta sexta-feira, 18\/8, uma a\u00e7\u00e3o de cidadania alusiva a campanha \u201cAgosto Lil\u00e1s\u201d, de conscientiza\u00e7\u00e3o e combate \u00e0 viol\u00eancia contra a mulher.","og_url":"https:\/\/www.manaus.am.gov.br\/semasc\/prefeitura-de-manaus-promove-acao-de-cidadania-alusiva-ao-agosto-lilas-na-zona-leste\/","og_site_name":"SEMASC","article_publisher":"https:\/\/www.facebook.com\/semascmanaus","article_published_time":"2023-08-18T19:32:13+00:00","article_modified_time":"2023-11-22T19:12:04+00:00","og_image":[{"width":1600,"height":1066,"url":"https:\/\/www.manaus.am.gov.br\/semasc\/wp-content\/uploads\/sites\/17\/2023\/08\/Prefeitura-de-Manaus-promove-acao-de-cidadania-alusiva-ao-\u2018Agosto-Lilas-na-zona-Leste-2.jpeg","type":"image\/jpeg"}],"author":"Cl\u00e1udia Barbosa","twitter_card":"summary_large_image","twitter_misc":{"Written by":"Cl\u00e1udia Barbosa","Est. reading time":"3 minutos"},"schema":{"@context":"https:\/\/schema.org","@graph":[{"@type":"Article","@id":"https:\/\/www.manaus.am.gov.br\/semasc\/prefeitura-de-manaus-promove-acao-de-cidadania-alusiva-ao-agosto-lilas-na-zona-leste\/#article","isPartOf":{"@id":"https:\/\/www.manaus.am.gov.br\/semasc\/prefeitura-de-manaus-promove-acao-de-cidadania-alusiva-ao-agosto-lilas-na-zona-leste\/"},"author":{"name":"Cl\u00e1udia Barbosa","@id":"https:\/\/www.manaus.am.gov.br\/semasc\/#\/schema\/person\/d0a166b5031154c33c77794ddc9a827e"},"headline":"Prefeitura de Manaus promove a\u00e7\u00e3o de cidadania alusiva ao \u2018Agosto Lil\u00e1s\u2019 na zona Leste","datePublished":"2023-08-18T19:32:13+00:00","dateModified":"2023-11-22T19:12:04+00:00","mainEntityOfPage":{"@id":"https:\/\/www.manaus.am.gov.br\/semasc\/prefeitura-de-manaus-promove-acao-de-cidadania-alusiva-ao-agosto-lilas-na-zona-leste\/"},"wordCount":617,"publisher":{"@id":"https:\/\/www.manaus.am.gov.br\/semasc\/#organization"},"image":{"@id":"https:\/\/www.manaus.am.gov.br\/semasc\/prefeitura-de-manaus-promove-acao-de-cidadania-alusiva-ao-agosto-lilas-na-zona-leste\/#primaryimage"},"thumbnailUrl":"https:\/\/www.manaus.am.gov.br\/semasc\/wp-content\/uploads\/sites\/17\/2023\/08\/Prefeitura-de-Manaus-promove-acao-de-cidadania-alusiva-ao-\u2018Agosto-Lilas-na-zona-Leste-2.jpeg","keywords":["a\u00e7\u00e3o de cidadania","Agosto Lil\u00e1s","Alexandra Saldanha","Associa\u00e7\u00e3o de Servidores da Universidade Federal do Amazonas","Assua","campanha \u201cAgosto Lil\u00e1s\u201d","Centro de Refer\u00eancia Especializado em Assist\u00eancia Social","combate \u00e0 viol\u00eancia contra a mulher","Creas","Gra\u00e7a Prola","prefeitura de manaus","Renata Souza","Semasc"],"articleSection":["Campanha"],"inLanguage":"pt-BR"},{"@type":"WebPage","@id":"https:\/\/www.manaus.am.gov.br\/semasc\/prefeitura-de-manaus-promove-acao-de-cidadania-alusiva-ao-agosto-lilas-na-zona-leste\/","url":"https:\/\/www.manaus.am.gov.br\/semasc\/prefeitura-de-manaus-promove-acao-de-cidadania-alusiva-ao-agosto-lilas-na-zona-leste\/","name":"Prefeitura de Manaus promove a\u00e7\u00e3o de cidadania alusiva ao \u2018Agosto Lil\u00e1s\u2019 na zona Leste - SEMASC","isPartOf":{"@id":"https:\/\/www.manaus.am.gov.br\/semasc\/#website"},"primaryImageOfPage":{"@id":"https:\/\/www.manaus.am.gov.br\/semasc\/prefeitura-de-manaus-promove-acao-de-cidadania-alusiva-ao-agosto-lilas-na-zona-leste\/#primaryimage"},"image":{"@id":"https:\/\/www.manaus.am.gov.br\/semasc\/prefeitura-de-manaus-promove-acao-de-cidadania-alusiva-ao-agosto-lilas-na-zona-leste\/#primaryimage"},"thumbnailUrl":"https:\/\/www.manaus.am.gov.br\/semasc\/wp-content\/uploads\/sites\/17\/2023\/08\/Prefeitura-de-Manaus-promove-acao-de-cidadania-alusiva-ao-\u2018Agosto-Lilas-na-zona-Leste-2.jpeg","datePublished":"2023-08-18T19:32:13+00:00","dateModified":"2023-11-22T19:12:04+00:00","description":"A Prefeitura de Manaus, por meio da Secretaria Municipal da Mulher, Assist\u00eancia Social e Cidadania (Semasc), em parceria com a Associa\u00e7\u00e3o de Servidores da Universidade Federal do Amazonas (Assua), promoveu, nesta sexta-feira, 18\/8, uma a\u00e7\u00e3o de cidadania alusiva a campanha \u201cAgosto Lil\u00e1s\u201d, de conscientiza\u00e7\u00e3o e combate \u00e0 viol\u00eancia contra a mulher.","breadcrumb":{"@id":"https:\/\/www.manaus.am.gov.br\/semasc\/prefeitura-de-manaus-promove-acao-de-cidadania-alusiva-ao-agosto-lilas-na-zona-leste\/#breadcrumb"},"inLanguage":"pt-BR","potentialAction":[{"@type":"ReadAction","target":["https:\/\/www.manaus.am.gov.br\/semasc\/prefeitura-de-manaus-promove-acao-de-cidadania-alusiva-ao-agosto-lilas-na-zona-leste\/"]}]},{"@type":"ImageObject","inLanguage":"pt-BR","@id":"https:\/\/www.manaus.am.gov.br\/semasc\/prefeitura-de-manaus-promove-acao-de-cidadania-alusiva-ao-agosto-lilas-na-zona-leste\/#primaryimage","url":"https:\/\/www.manaus.am.gov.br\/semasc\/wp-content\/uploads\/sites\/17\/2023\/08\/Prefeitura-de-Manaus-promove-acao-de-cidadania-alusiva-ao-\u2018Agosto-Lilas-na-zona-Leste-2.jpeg","contentUrl":"https:\/\/www.manaus.am.gov.br\/semasc\/wp-content\/uploads\/sites\/17\/2023\/08\/Prefeitura-de-Manaus-promove-acao-de-cidadania-alusiva-ao-\u2018Agosto-Lilas-na-zona-Leste-2.jpeg","width":1600,"height":1066},{"@type":"BreadcrumbList","@id":"https:\/\/www.manaus.am.gov.br\/semasc\/prefeitura-de-manaus-promove-acao-de-cidadania-alusiva-ao-agosto-lilas-na-zona-leste\/#breadcrumb","itemListElement":[{"@type":"ListItem","position":1,"name":"Home","item":"https:\/\/www.manaus.am.gov.br\/semasc\/"},{"@type":"ListItem","position":2,"name":"Prefeitura de Manaus promove a\u00e7\u00e3o de cidadania alusiva ao \u2018Agosto Lil\u00e1s\u2019 na zona Leste"}]},{"@type":"WebSite","@id":"https:\/\/www.manaus.am.gov.br\/semasc\/#website","url":"https:\/\/www.manaus.am.gov.br\/semasc\/","name":"SEMASC","description":"Secretaria Municipal da Mulher, Assist\u00eancia Social e Cidadania.","publisher":{"@id":"https:\/\/www.manaus.am.gov.br\/semasc\/#organization"},"alternateName":"Secretaria Municipal da Mulher, Assist\u00eancia Social e Cidadania","potentialAction":[{"@type":"SearchAction","target":{"@type":"EntryPoint","urlTemplate":"https:\/\/www.manaus.am.gov.br\/semasc\/?s={search_term_string}"},"query-input":"required name=search_term_string"}],"inLanguage":"pt-BR"},{"@type":"Organization","@id":"https:\/\/www.manaus.am.gov.br\/semasc\/#organization","name":"Prefeitura de Manaus","alternateName":"Prefeitura Municipal de Manaus","url":"https:\/\/www.manaus.am.gov.br\/semasc\/","logo":{"@type":"ImageObject","inLanguage":"pt-BR","@id":"https:\/\/www.manaus.am.gov.br\/semasc\/#\/schema\/logo\/image\/","url":"https:\/\/www.manaus.am.gov.br\/semasc\/wp-content\/uploads\/sites\/17\/2024\/07\/favicon.png","contentUrl":"https:\/\/www.manaus.am.gov.br\/semasc\/wp-content\/uploads\/sites\/17\/2024\/07\/favicon.png","width":300,"height":300,"caption":"Prefeitura de Manaus"},"image":{"@id":"https:\/\/www.manaus.am.gov.br\/semasc\/#\/schema\/logo\/image\/"},"sameAs":["https:\/\/www.facebook.com\/semascmanaus","https:\/\/www.instagram.com\/semascmanaus\/"]},{"@type":"Person","@id":"https:\/\/www.manaus.am.gov.br\/semasc\/#\/schema\/person\/d0a166b5031154c33c77794ddc9a827e","name":"Cl\u00e1udia Barbosa","image":{"@type":"ImageObject","inLanguage":"pt-BR","@id":"https:\/\/www.manaus.am.gov.br\/semasc\/#\/schema\/person\/image\/","url":"https:\/\/secure.gravatar.com\/avatar\/42958a1cf007f1a00534009218c72590?s=96&d=mm&r=g","contentUrl":"https:\/\/secure.gravatar.com\/avatar\/42958a1cf007f1a00534009218c72590?s=96&d=mm&r=g","caption":"Cl\u00e1udia Barbosa"}}]}},"_links":{"self":[{"href":"https:\/\/www.manaus.am.gov.br\/semasc\/wp-json\/wp\/v2\/posts\/208816"}],"collection":[{"href":"https:\/\/www.manaus.am.gov.br\/semasc\/wp-json\/wp\/v2\/posts"}],"about":[{"href":"https:\/\/www.manaus.am.gov.br\/semasc\/wp-json\/wp\/v2\/types\/post"}],"author":[{"embeddable":true,"href":"https:\/\/www.manaus.am.gov.br\/semasc\/wp-json\/wp\/v2\/users\/24"}],"replies":[{"embeddable":true,"href":"https:\/\/www.manaus.am.gov.br\/semasc\/wp-json\/wp\/v2\/comments?post=208816"}],"version-history":[{"count":1,"href":"https:\/\/www.manaus.am.gov.br\/semasc\/wp-json\/wp\/v2\/posts\/208816\/revisions"}],"predecessor-version":[{"id":209268,"href":"https:\/\/www.manaus.am.gov.br\/semasc\/wp-json\/wp\/v2\/posts\/208816\/revisions\/209268"}],"wp:featuredmedia":[{"embeddable":true,"href":"https:\/\/www.manaus.am.gov.br\/semasc\/wp-json\/wp\/v2\/media\/208817"}],"wp:attachment":[{"href":"https:\/\/www.manaus.am.gov.br\/semasc\/wp-json\/wp\/v2\/media?parent=208816"}],"wp:term":[{"taxonomy":"category","embeddable":true,"href":"https:\/\/www.manaus.am.gov.br\/semasc\/wp-json\/wp\/v2\/categories?post=208816"},{"taxonomy":"post_tag","embeddable":true,"href":"https:\/\/www.manaus.am.gov.br\/semasc\/wp-json\/wp\/v2\/tags?post=208816"}],"curies":[{"name":"wp","href":"https:\/\/api.w.org\/{rel}","templated":true}]}}