{"id":208814,"date":"2023-08-17T16:55:01","date_gmt":"2023-08-17T20:55:01","guid":{"rendered":"https:\/\/www.manaus.am.gov.br\/semasc\/prefeitura-de-manaus-e-tre-am-promovem-treinamento-para-servidores-que-atuarao-nas-eleicoes-para-conselheiros-tutelares\/"},"modified":"2023-08-17T16:55:01","modified_gmt":"2023-08-17T20:55:01","slug":"prefeitura-de-manaus-e-tre-am-promovem-treinamento-para-servidores-que-atuarao-nas-eleicoes-para-conselheiros-tutelares","status":"publish","type":"post","link":"https:\/\/www.manaus.am.gov.br\/semasc\/prefeitura-de-manaus-e-tre-am-promovem-treinamento-para-servidores-que-atuarao-nas-eleicoes-para-conselheiros-tutelares\/","title":{"rendered":"<strong>Prefeitura de Manaus e TRE-AM promovem treinamento para servidores que atuar\u00e3o nas elei\u00e7\u00f5es para conselheiros tutelares<\/strong>"},"content":{"rendered":"\n<p>Cumprindo mais uma etapa do processo eleitoral dos novos conselheiros tutelares da capital amazonense, o Conselho Municipal dos Direitos da Crian\u00e7a e do Adolescente (CMDCA), a Prefeitura de Manaus, por meio da Secretaria Municipal da Mulher, Assist\u00eancia Social e Cidadania (Semasc), e o Tribunal Regional Eleitoral do Amazonas (TRE-AM) promoveram, nesta quinta-feira, 17\/8, um treinamento t\u00e9cnico para os servidores do munic\u00edpio que atuar\u00e3o como mes\u00e1rios durante a elei\u00e7\u00e3o, prevista para o dia 1\u00ba de outubro.<\/p>\n\n\n\n<p>O treinamento reuniu mais de 40 servidores e foi realizado na sede do TRE-AM, na zona Centro-Sul, detalhando, principalmente, instru\u00e7\u00f5es e medidas para o manuseio seguro de urnas eletr\u00f4nicas.<\/p>\n\n\n\n<p>\u201cO primeiro de tudo \u00e9 que acreditamos na democracia, acreditamos na urna eletr\u00f4nica e acreditamos que ao disponibilizar este equipamento para uma elei\u00e7\u00e3o como essa mostramos \u00e0 sociedade o qu\u00e3o acess\u00edvel e eficaz para todos esta ferramenta pode ser\u201d, destacou Edrei Fabr\u00edcio, t\u00e9cnico judici\u00e1rio do TRE-AM.<\/p>\n\n\n\n<p><strong>Calend\u00e1rio Eleitoral<\/strong><\/p>\n\n\n\n<p>O treinamento de mes\u00e1rios faz parte do calend\u00e1rio detalhado no edital de abertura do processo eleitoral, tendo sido realizado ap\u00f3s a prova eliminat\u00f3ria prestada pelos 399 candidatos a conselheiros tutelares no \u00faltimo domingo, 13\/8, e cujo resultado ser\u00e1 publicado nesta sexta-feira, 19\/8, no Di\u00e1rio Oficial do Munic\u00edpio (DOM).<\/p>\n\n\n\n<p>Prevista para o dia 1\u00ba de outubro, a elei\u00e7\u00e3o nomear\u00e1 os 50 novos conselheiros tutelares que atuar\u00e3o nos 10 Conselhos Tutelares presentes na cidade de Manaus. A cerim\u00f4nia de posse dos novos conselheiros acontecer\u00e1 em janeiro de 2024.<\/p>\n\n\n\n<p><strong>&#8212; &#8212; &#8212;<\/strong><\/p>\n\n\n\n<p><strong>Texto &#8211;<\/strong> Guilherme Pacheco \/ Semasc<\/p>\n\n\n\n<p><strong>Fotos &#8211;<\/strong> Marcely Gomes \/ Semasc<\/p>\n\n\n\n<p><strong>Dispon\u00edveis em \u2013 <\/strong><a href=\"https:\/\/flic.kr\/s\/aHBqjARoKe\">https:\/\/flic.kr\/s\/aHBqjARoKe<\/a><\/p>\n","protected":false},"excerpt":{"rendered":"","protected":false},"author":39,"featured_media":208815,"comment_status":"closed","ping_status":"closed","sticky":false,"template":"","format":"standard","meta":{"footnotes":""},"categories":[353],"tags":[354,355,7,356,357,358],"acf":[],"yoast_head":"<!-- This site is optimized with the Yoast SEO plugin v23.0 - https:\/\/yoast.com\/wordpress\/plugins\/seo\/ -->\n<title>Prefeitura de Manaus e TRE-AM promovem treinamento para servidores que atuar\u00e3o nas elei\u00e7\u00f5es para conselheiros tutelares<\/title>\n<meta name=\"description\" content=\"O treinamento reuniu mais de 40 servidores e foi realizado na sede do TRE-AM, na zona Centro-Sul, detalhando, principalmente, instru\u00e7\u00f5es e medidas para o manuseio seguro de urnas eletr\u00f4nicas.\" \/>\n<meta name=\"robots\" content=\"noindex, follow\" \/>\n<meta property=\"og:locale\" content=\"pt_BR\" \/>\n<meta property=\"og:type\" content=\"article\" \/>\n<meta property=\"og:title\" content=\"Prefeitura de Manaus e TRE-AM promovem treinamento para servidores que atuar\u00e3o nas elei\u00e7\u00f5es para conselheiros tutelares\" \/>\n<meta property=\"og:description\" content=\"O treinamento reuniu mais de 40 servidores e foi realizado na sede do TRE-AM, na zona Centro-Sul, detalhando, principalmente, instru\u00e7\u00f5es e medidas para o manuseio seguro de urnas eletr\u00f4nicas.\" \/>\n<meta property=\"og:url\" content=\"https:\/\/www.manaus.am.gov.br\/semasc\/prefeitura-de-manaus-e-tre-am-promovem-treinamento-para-servidores-que-atuarao-nas-eleicoes-para-conselheiros-tutelares\/\" \/>\n<meta property=\"og:site_name\" content=\"SEMASC\" \/>\n<meta property=\"article:publisher\" content=\"https:\/\/www.facebook.com\/semascmanaus\" \/>\n<meta property=\"article:published_time\" content=\"2023-08-17T20:55:01+00:00\" \/>\n<meta property=\"og:image\" content=\"https:\/\/www.manaus.am.gov.br\/semasc\/wp-content\/uploads\/sites\/17\/2023\/08\/53123660934_47c145671d_k.jpg\" \/>\n\t<meta property=\"og:image:width\" content=\"2048\" \/>\n\t<meta property=\"og:image:height\" content=\"1365\" \/>\n\t<meta property=\"og:image:type\" content=\"image\/jpeg\" \/>\n<meta name=\"author\" content=\"Bruna Greco\" \/>\n<meta name=\"twitter:card\" content=\"summary_large_image\" \/>\n<meta name=\"twitter:label1\" content=\"Written by\" \/>\n\t<meta name=\"twitter:data1\" content=\"Bruna Greco\" \/>\n\t<meta name=\"twitter:label2\" content=\"Est. reading time\" \/>\n\t<meta name=\"twitter:data2\" content=\"2 minutos\" \/>\n<script type=\"application\/ld+json\" class=\"yoast-schema-graph\">{\"@context\":\"https:\/\/schema.org\",\"@graph\":[{\"@type\":\"Article\",\"@id\":\"https:\/\/www.manaus.am.gov.br\/semasc\/prefeitura-de-manaus-e-tre-am-promovem-treinamento-para-servidores-que-atuarao-nas-eleicoes-para-conselheiros-tutelares\/#article\",\"isPartOf\":{\"@id\":\"https:\/\/www.manaus.am.gov.br\/semasc\/prefeitura-de-manaus-e-tre-am-promovem-treinamento-para-servidores-que-atuarao-nas-eleicoes-para-conselheiros-tutelares\/\"},\"author\":{\"name\":\"Bruna Greco\",\"@id\":\"https:\/\/www.manaus.am.gov.br\/semasc\/#\/schema\/person\/05d223aea2bf115f9883a6ff3683d81b\"},\"headline\":\"Prefeitura de Manaus e TRE-AM promovem treinamento para servidores que atuar\u00e3o nas elei\u00e7\u00f5es para conselheiros tutelares\",\"datePublished\":\"2023-08-17T20:55:01+00:00\",\"dateModified\":\"2023-08-17T20:55:01+00:00\",\"mainEntityOfPage\":{\"@id\":\"https:\/\/www.manaus.am.gov.br\/semasc\/prefeitura-de-manaus-e-tre-am-promovem-treinamento-para-servidores-que-atuarao-nas-eleicoes-para-conselheiros-tutelares\/\"},\"wordCount\":291,\"publisher\":{\"@id\":\"https:\/\/www.manaus.am.gov.br\/semasc\/#organization\"},\"image\":{\"@id\":\"https:\/\/www.manaus.am.gov.br\/semasc\/prefeitura-de-manaus-e-tre-am-promovem-treinamento-para-servidores-que-atuarao-nas-eleicoes-para-conselheiros-tutelares\/#primaryimage\"},\"thumbnailUrl\":\"https:\/\/www.manaus.am.gov.br\/semasc\/wp-content\/uploads\/sites\/17\/2023\/08\/53123660934_47c145671d_k.jpg\",\"keywords\":[\"elei\u00e7\u00f5es para conselheiros tutelares\",\"mais de 40 servidores\",\"prefeitura de manaus\",\"servidoras e usu\u00e1rias da Semasc\",\"TRE-AM\",\"treinamento para servidores\"],\"articleSection\":[\"Elei\u00e7\u00e3o\"],\"inLanguage\":\"pt-BR\"},{\"@type\":\"WebPage\",\"@id\":\"https:\/\/www.manaus.am.gov.br\/semasc\/prefeitura-de-manaus-e-tre-am-promovem-treinamento-para-servidores-que-atuarao-nas-eleicoes-para-conselheiros-tutelares\/\",\"url\":\"https:\/\/www.manaus.am.gov.br\/semasc\/prefeitura-de-manaus-e-tre-am-promovem-treinamento-para-servidores-que-atuarao-nas-eleicoes-para-conselheiros-tutelares\/\",\"name\":\"Prefeitura de Manaus e TRE-AM promovem treinamento para servidores que atuar\u00e3o nas elei\u00e7\u00f5es para conselheiros tutelares\",\"isPartOf\":{\"@id\":\"https:\/\/www.manaus.am.gov.br\/semasc\/#website\"},\"primaryImageOfPage\":{\"@id\":\"https:\/\/www.manaus.am.gov.br\/semasc\/prefeitura-de-manaus-e-tre-am-promovem-treinamento-para-servidores-que-atuarao-nas-eleicoes-para-conselheiros-tutelares\/#primaryimage\"},\"image\":{\"@id\":\"https:\/\/www.manaus.am.gov.br\/semasc\/prefeitura-de-manaus-e-tre-am-promovem-treinamento-para-servidores-que-atuarao-nas-eleicoes-para-conselheiros-tutelares\/#primaryimage\"},\"thumbnailUrl\":\"https:\/\/www.manaus.am.gov.br\/semasc\/wp-content\/uploads\/sites\/17\/2023\/08\/53123660934_47c145671d_k.jpg\",\"datePublished\":\"2023-08-17T20:55:01+00:00\",\"dateModified\":\"2023-08-17T20:55:01+00:00\",\"description\":\"O treinamento reuniu mais de 40 servidores e foi realizado na sede do TRE-AM, na zona Centro-Sul, detalhando, principalmente, instru\u00e7\u00f5es e medidas para o manuseio seguro de urnas eletr\u00f4nicas.\",\"breadcrumb\":{\"@id\":\"https:\/\/www.manaus.am.gov.br\/semasc\/prefeitura-de-manaus-e-tre-am-promovem-treinamento-para-servidores-que-atuarao-nas-eleicoes-para-conselheiros-tutelares\/#breadcrumb\"},\"inLanguage\":\"pt-BR\",\"potentialAction\":[{\"@type\":\"ReadAction\",\"target\":[\"https:\/\/www.manaus.am.gov.br\/semasc\/prefeitura-de-manaus-e-tre-am-promovem-treinamento-para-servidores-que-atuarao-nas-eleicoes-para-conselheiros-tutelares\/\"]}]},{\"@type\":\"ImageObject\",\"inLanguage\":\"pt-BR\",\"@id\":\"https:\/\/www.manaus.am.gov.br\/semasc\/prefeitura-de-manaus-e-tre-am-promovem-treinamento-para-servidores-que-atuarao-nas-eleicoes-para-conselheiros-tutelares\/#primaryimage\",\"url\":\"https:\/\/www.manaus.am.gov.br\/semasc\/wp-content\/uploads\/sites\/17\/2023\/08\/53123660934_47c145671d_k.jpg\",\"contentUrl\":\"https:\/\/www.manaus.am.gov.br\/semasc\/wp-content\/uploads\/sites\/17\/2023\/08\/53123660934_47c145671d_k.jpg\",\"width\":2048,\"height\":1365},{\"@type\":\"BreadcrumbList\",\"@id\":\"https:\/\/www.manaus.am.gov.br\/semasc\/prefeitura-de-manaus-e-tre-am-promovem-treinamento-para-servidores-que-atuarao-nas-eleicoes-para-conselheiros-tutelares\/#breadcrumb\",\"itemListElement\":[{\"@type\":\"ListItem\",\"position\":1,\"name\":\"Home\",\"item\":\"https:\/\/www.manaus.am.gov.br\/semasc\/\"},{\"@type\":\"ListItem\",\"position\":2,\"name\":\"Prefeitura de Manaus e TRE-AM promovem treinamento para servidores que atuar\u00e3o nas elei\u00e7\u00f5es para conselheiros tutelares\"}]},{\"@type\":\"WebSite\",\"@id\":\"https:\/\/www.manaus.am.gov.br\/semasc\/#website\",\"url\":\"https:\/\/www.manaus.am.gov.br\/semasc\/\",\"name\":\"SEMASC\",\"description\":\"Secretaria Municipal da Mulher, Assist\u00eancia Social e Cidadania.\",\"publisher\":{\"@id\":\"https:\/\/www.manaus.am.gov.br\/semasc\/#organization\"},\"alternateName\":\"Secretaria Municipal da Mulher, Assist\u00eancia Social e Cidadania\",\"potentialAction\":[{\"@type\":\"SearchAction\",\"target\":{\"@type\":\"EntryPoint\",\"urlTemplate\":\"https:\/\/www.manaus.am.gov.br\/semasc\/?s={search_term_string}\"},\"query-input\":\"required name=search_term_string\"}],\"inLanguage\":\"pt-BR\"},{\"@type\":\"Organization\",\"@id\":\"https:\/\/www.manaus.am.gov.br\/semasc\/#organization\",\"name\":\"Prefeitura de Manaus\",\"alternateName\":\"Prefeitura Municipal de Manaus\",\"url\":\"https:\/\/www.manaus.am.gov.br\/semasc\/\",\"logo\":{\"@type\":\"ImageObject\",\"inLanguage\":\"pt-BR\",\"@id\":\"https:\/\/www.manaus.am.gov.br\/semasc\/#\/schema\/logo\/image\/\",\"url\":\"https:\/\/www.manaus.am.gov.br\/semasc\/wp-content\/uploads\/sites\/17\/2024\/07\/favicon.png\",\"contentUrl\":\"https:\/\/www.manaus.am.gov.br\/semasc\/wp-content\/uploads\/sites\/17\/2024\/07\/favicon.png\",\"width\":300,\"height\":300,\"caption\":\"Prefeitura de Manaus\"},\"image\":{\"@id\":\"https:\/\/www.manaus.am.gov.br\/semasc\/#\/schema\/logo\/image\/\"},\"sameAs\":[\"https:\/\/www.facebook.com\/semascmanaus\",\"https:\/\/www.instagram.com\/semascmanaus\/\"]},{\"@type\":\"Person\",\"@id\":\"https:\/\/www.manaus.am.gov.br\/semasc\/#\/schema\/person\/05d223aea2bf115f9883a6ff3683d81b\",\"name\":\"Bruna Greco\",\"image\":{\"@type\":\"ImageObject\",\"inLanguage\":\"pt-BR\",\"@id\":\"https:\/\/www.manaus.am.gov.br\/semasc\/#\/schema\/person\/image\/\",\"url\":\"https:\/\/secure.gravatar.com\/avatar\/9c877d1a6adc2a055330e5c09a8653ce?s=96&d=mm&r=g\",\"contentUrl\":\"https:\/\/secure.gravatar.com\/avatar\/9c877d1a6adc2a055330e5c09a8653ce?s=96&d=mm&r=g\",\"caption\":\"Bruna Greco\"}}]}<\/script>\n<!-- \/ Yoast SEO plugin. -->","yoast_head_json":{"title":"Prefeitura de Manaus e TRE-AM promovem treinamento para servidores que atuar\u00e3o nas elei\u00e7\u00f5es para conselheiros tutelares","description":"O treinamento reuniu mais de 40 servidores e foi realizado na sede do TRE-AM, na zona Centro-Sul, detalhando, principalmente, instru\u00e7\u00f5es e medidas para o manuseio seguro de urnas eletr\u00f4nicas.","robots":{"index":"noindex","follow":"follow"},"og_locale":"pt_BR","og_type":"article","og_title":"Prefeitura de Manaus e TRE-AM promovem treinamento para servidores que atuar\u00e3o nas elei\u00e7\u00f5es para conselheiros tutelares","og_description":"O treinamento reuniu mais de 40 servidores e foi realizado na sede do TRE-AM, na zona Centro-Sul, detalhando, principalmente, instru\u00e7\u00f5es e medidas para o manuseio seguro de urnas eletr\u00f4nicas.","og_url":"https:\/\/www.manaus.am.gov.br\/semasc\/prefeitura-de-manaus-e-tre-am-promovem-treinamento-para-servidores-que-atuarao-nas-eleicoes-para-conselheiros-tutelares\/","og_site_name":"SEMASC","article_publisher":"https:\/\/www.facebook.com\/semascmanaus","article_published_time":"2023-08-17T20:55:01+00:00","og_image":[{"width":2048,"height":1365,"url":"https:\/\/www.manaus.am.gov.br\/semasc\/wp-content\/uploads\/sites\/17\/2023\/08\/53123660934_47c145671d_k.jpg","type":"image\/jpeg"}],"author":"Bruna Greco","twitter_card":"summary_large_image","twitter_misc":{"Written by":"Bruna Greco","Est. reading time":"2 minutos"},"schema":{"@context":"https:\/\/schema.org","@graph":[{"@type":"Article","@id":"https:\/\/www.manaus.am.gov.br\/semasc\/prefeitura-de-manaus-e-tre-am-promovem-treinamento-para-servidores-que-atuarao-nas-eleicoes-para-conselheiros-tutelares\/#article","isPartOf":{"@id":"https:\/\/www.manaus.am.gov.br\/semasc\/prefeitura-de-manaus-e-tre-am-promovem-treinamento-para-servidores-que-atuarao-nas-eleicoes-para-conselheiros-tutelares\/"},"author":{"name":"Bruna Greco","@id":"https:\/\/www.manaus.am.gov.br\/semasc\/#\/schema\/person\/05d223aea2bf115f9883a6ff3683d81b"},"headline":"Prefeitura de Manaus e TRE-AM promovem treinamento para servidores que atuar\u00e3o nas elei\u00e7\u00f5es para conselheiros tutelares","datePublished":"2023-08-17T20:55:01+00:00","dateModified":"2023-08-17T20:55:01+00:00","mainEntityOfPage":{"@id":"https:\/\/www.manaus.am.gov.br\/semasc\/prefeitura-de-manaus-e-tre-am-promovem-treinamento-para-servidores-que-atuarao-nas-eleicoes-para-conselheiros-tutelares\/"},"wordCount":291,"publisher":{"@id":"https:\/\/www.manaus.am.gov.br\/semasc\/#organization"},"image":{"@id":"https:\/\/www.manaus.am.gov.br\/semasc\/prefeitura-de-manaus-e-tre-am-promovem-treinamento-para-servidores-que-atuarao-nas-eleicoes-para-conselheiros-tutelares\/#primaryimage"},"thumbnailUrl":"https:\/\/www.manaus.am.gov.br\/semasc\/wp-content\/uploads\/sites\/17\/2023\/08\/53123660934_47c145671d_k.jpg","keywords":["elei\u00e7\u00f5es para conselheiros tutelares","mais de 40 servidores","prefeitura de manaus","servidoras e usu\u00e1rias da Semasc","TRE-AM","treinamento para servidores"],"articleSection":["Elei\u00e7\u00e3o"],"inLanguage":"pt-BR"},{"@type":"WebPage","@id":"https:\/\/www.manaus.am.gov.br\/semasc\/prefeitura-de-manaus-e-tre-am-promovem-treinamento-para-servidores-que-atuarao-nas-eleicoes-para-conselheiros-tutelares\/","url":"https:\/\/www.manaus.am.gov.br\/semasc\/prefeitura-de-manaus-e-tre-am-promovem-treinamento-para-servidores-que-atuarao-nas-eleicoes-para-conselheiros-tutelares\/","name":"Prefeitura de Manaus e TRE-AM promovem treinamento para servidores que atuar\u00e3o nas elei\u00e7\u00f5es para conselheiros tutelares","isPartOf":{"@id":"https:\/\/www.manaus.am.gov.br\/semasc\/#website"},"primaryImageOfPage":{"@id":"https:\/\/www.manaus.am.gov.br\/semasc\/prefeitura-de-manaus-e-tre-am-promovem-treinamento-para-servidores-que-atuarao-nas-eleicoes-para-conselheiros-tutelares\/#primaryimage"},"image":{"@id":"https:\/\/www.manaus.am.gov.br\/semasc\/prefeitura-de-manaus-e-tre-am-promovem-treinamento-para-servidores-que-atuarao-nas-eleicoes-para-conselheiros-tutelares\/#primaryimage"},"thumbnailUrl":"https:\/\/www.manaus.am.gov.br\/semasc\/wp-content\/uploads\/sites\/17\/2023\/08\/53123660934_47c145671d_k.jpg","datePublished":"2023-08-17T20:55:01+00:00","dateModified":"2023-08-17T20:55:01+00:00","description":"O treinamento reuniu mais de 40 servidores e foi realizado na sede do TRE-AM, na zona Centro-Sul, detalhando, principalmente, instru\u00e7\u00f5es e medidas para o manuseio seguro de urnas eletr\u00f4nicas.","breadcrumb":{"@id":"https:\/\/www.manaus.am.gov.br\/semasc\/prefeitura-de-manaus-e-tre-am-promovem-treinamento-para-servidores-que-atuarao-nas-eleicoes-para-conselheiros-tutelares\/#breadcrumb"},"inLanguage":"pt-BR","potentialAction":[{"@type":"ReadAction","target":["https:\/\/www.manaus.am.gov.br\/semasc\/prefeitura-de-manaus-e-tre-am-promovem-treinamento-para-servidores-que-atuarao-nas-eleicoes-para-conselheiros-tutelares\/"]}]},{"@type":"ImageObject","inLanguage":"pt-BR","@id":"https:\/\/www.manaus.am.gov.br\/semasc\/prefeitura-de-manaus-e-tre-am-promovem-treinamento-para-servidores-que-atuarao-nas-eleicoes-para-conselheiros-tutelares\/#primaryimage","url":"https:\/\/www.manaus.am.gov.br\/semasc\/wp-content\/uploads\/sites\/17\/2023\/08\/53123660934_47c145671d_k.jpg","contentUrl":"https:\/\/www.manaus.am.gov.br\/semasc\/wp-content\/uploads\/sites\/17\/2023\/08\/53123660934_47c145671d_k.jpg","width":2048,"height":1365},{"@type":"BreadcrumbList","@id":"https:\/\/www.manaus.am.gov.br\/semasc\/prefeitura-de-manaus-e-tre-am-promovem-treinamento-para-servidores-que-atuarao-nas-eleicoes-para-conselheiros-tutelares\/#breadcrumb","itemListElement":[{"@type":"ListItem","position":1,"name":"Home","item":"https:\/\/www.manaus.am.gov.br\/semasc\/"},{"@type":"ListItem","position":2,"name":"Prefeitura de Manaus e TRE-AM promovem treinamento para servidores que atuar\u00e3o nas elei\u00e7\u00f5es para conselheiros tutelares"}]},{"@type":"WebSite","@id":"https:\/\/www.manaus.am.gov.br\/semasc\/#website","url":"https:\/\/www.manaus.am.gov.br\/semasc\/","name":"SEMASC","description":"Secretaria Municipal da Mulher, Assist\u00eancia Social e Cidadania.","publisher":{"@id":"https:\/\/www.manaus.am.gov.br\/semasc\/#organization"},"alternateName":"Secretaria Municipal da Mulher, Assist\u00eancia Social e Cidadania","potentialAction":[{"@type":"SearchAction","target":{"@type":"EntryPoint","urlTemplate":"https:\/\/www.manaus.am.gov.br\/semasc\/?s={search_term_string}"},"query-input":"required name=search_term_string"}],"inLanguage":"pt-BR"},{"@type":"Organization","@id":"https:\/\/www.manaus.am.gov.br\/semasc\/#organization","name":"Prefeitura de Manaus","alternateName":"Prefeitura Municipal de Manaus","url":"https:\/\/www.manaus.am.gov.br\/semasc\/","logo":{"@type":"ImageObject","inLanguage":"pt-BR","@id":"https:\/\/www.manaus.am.gov.br\/semasc\/#\/schema\/logo\/image\/","url":"https:\/\/www.manaus.am.gov.br\/semasc\/wp-content\/uploads\/sites\/17\/2024\/07\/favicon.png","contentUrl":"https:\/\/www.manaus.am.gov.br\/semasc\/wp-content\/uploads\/sites\/17\/2024\/07\/favicon.png","width":300,"height":300,"caption":"Prefeitura de Manaus"},"image":{"@id":"https:\/\/www.manaus.am.gov.br\/semasc\/#\/schema\/logo\/image\/"},"sameAs":["https:\/\/www.facebook.com\/semascmanaus","https:\/\/www.instagram.com\/semascmanaus\/"]},{"@type":"Person","@id":"https:\/\/www.manaus.am.gov.br\/semasc\/#\/schema\/person\/05d223aea2bf115f9883a6ff3683d81b","name":"Bruna Greco","image":{"@type":"ImageObject","inLanguage":"pt-BR","@id":"https:\/\/www.manaus.am.gov.br\/semasc\/#\/schema\/person\/image\/","url":"https:\/\/secure.gravatar.com\/avatar\/9c877d1a6adc2a055330e5c09a8653ce?s=96&d=mm&r=g","contentUrl":"https:\/\/secure.gravatar.com\/avatar\/9c877d1a6adc2a055330e5c09a8653ce?s=96&d=mm&r=g","caption":"Bruna Greco"}}]}},"_links":{"self":[{"href":"https:\/\/www.manaus.am.gov.br\/semasc\/wp-json\/wp\/v2\/posts\/208814"}],"collection":[{"href":"https:\/\/www.manaus.am.gov.br\/semasc\/wp-json\/wp\/v2\/posts"}],"about":[{"href":"https:\/\/www.manaus.am.gov.br\/semasc\/wp-json\/wp\/v2\/types\/post"}],"author":[{"embeddable":true,"href":"https:\/\/www.manaus.am.gov.br\/semasc\/wp-json\/wp\/v2\/users\/39"}],"replies":[{"embeddable":true,"href":"https:\/\/www.manaus.am.gov.br\/semasc\/wp-json\/wp\/v2\/comments?post=208814"}],"version-history":[{"count":0,"href":"https:\/\/www.manaus.am.gov.br\/semasc\/wp-json\/wp\/v2\/posts\/208814\/revisions"}],"wp:featuredmedia":[{"embeddable":true,"href":"https:\/\/www.manaus.am.gov.br\/semasc\/wp-json\/wp\/v2\/media\/208815"}],"wp:attachment":[{"href":"https:\/\/www.manaus.am.gov.br\/semasc\/wp-json\/wp\/v2\/media?parent=208814"}],"wp:term":[{"taxonomy":"category","embeddable":true,"href":"https:\/\/www.manaus.am.gov.br\/semasc\/wp-json\/wp\/v2\/categories?post=208814"},{"taxonomy":"post_tag","embeddable":true,"href":"https:\/\/www.manaus.am.gov.br\/semasc\/wp-json\/wp\/v2\/tags?post=208814"}],"curies":[{"name":"wp","href":"https:\/\/api.w.org\/{rel}","templated":true}]}}