{"id":208812,"date":"2023-08-16T17:10:01","date_gmt":"2023-08-16T21:10:01","guid":{"rendered":"https:\/\/www.manaus.am.gov.br\/semasc\/prefeito-entrega-cras-cachoeirinha-totalmente-revitalizado\/"},"modified":"2023-08-16T17:10:02","modified_gmt":"2023-08-16T21:10:02","slug":"prefeito-entrega-cras-cachoeirinha-totalmente-revitalizado","status":"publish","type":"post","link":"https:\/\/www.manaus.am.gov.br\/semasc\/prefeito-entrega-cras-cachoeirinha-totalmente-revitalizado\/","title":{"rendered":"<strong>Prefeito entrega Cras Cachoeirinha totalmente revitalizado<\/strong>"},"content":{"rendered":"\n<p>Buscando aprimorar a expans\u00e3o dos servi\u00e7os de assist\u00eancia social na cidade, o prefeito de Manaus, David Almeida, entregou, na tarde desta quarta-feira, 16\/8, o Centro de Refer\u00eancia de Assist\u00eancia Social (Cras) Cachoeirinha, localizado na avenida Carvalho Leal, no bairro Cachoeirinha, zona Sul, totalmente revitalizado. O espa\u00e7o \u00e9 gerenciado pela Secretaria Municipal da Mulher, Assist\u00eancia Social e Cidadania (Semasc) e a reabertura da unidade vem para fortalecer o atendimento social na regi\u00e3o e oferecer melhores condi\u00e7\u00f5es aos usu\u00e1rios e profissionais que atuam no local.<\/p>\n\n\n\n<p>\u201cN\u00f3s temos 25 estruturas de Cras e Creas, e dessas 25, 22 estruturas est\u00e3o sendo reformadas. At\u00e9 o final do ano a gente entrega mais sete a oito, e at\u00e9 o meio do ano que vem, provavelmente, n\u00f3s estaremos entregando todas as estruturas reformadas e revitalizadas, isso d\u00e1 uma melhor condi\u00e7\u00e3o de trabalho para os nossos servidores e uma melhor condi\u00e7\u00e3o tamb\u00e9m para os usu\u00e1rios, prestando um melhor servi\u00e7o para a popula\u00e7\u00e3o\u201d, afirmou Almeida.<\/p>\n\n\n\n<p>Na ocasi\u00e3o, o prefeito reiterou ainda que todos os servi\u00e7os ofertados pelo equipamento s\u00e3o gratuitos. \u201cTodos os servi\u00e7os do Cras s\u00e3o servi\u00e7os gratuitos, pessoas acabam querendo se aproveitar de quem est\u00e1 em uma situa\u00e7\u00e3o bem dif\u00edcil, isso \u00e9 crime, quem souber dessas pessoas que se utilizam desse expediente, que denuncie para que n\u00f3s possamos tomar as provid\u00eancias necess\u00e1rias\u201d, completou.<\/p>\n\n\n\n<p>A atual revitaliza\u00e7\u00e3o busca adequar os ambientes do equipamento para melhor atender as Orienta\u00e7\u00f5es T\u00e9cnicas do Cras e proporcionar o atendimento qualificado as mais de 17 mil fam\u00edlias referenciadas e residentes dos bairros de abrang\u00eancia da unidade, sendo eles: Cachoeirinha, Pra\u00e7a 14 de Janeiro, Petr\u00f3polis, conjunto Jardim Petr\u00f3polis, S\u00e3o Sebasti\u00e3o e S\u00e3o Francisco.<\/p>\n\n\n\n<p>O equipamento social passou por uma total revitaliza\u00e7\u00e3o de seus ambientes internos, externos e fachada com a mudan\u00e7a de layout visando a otimiza\u00e7\u00e3o dos espa\u00e7os das salas existentes, fechamento e climatiza\u00e7\u00e3o da sala da recep\u00e7\u00e3o, proporcionando mais conforto e seguran\u00e7a aos usu\u00e1rios e servidores, revis\u00e3o total dos telhados, de todas as esquadrias met\u00e1licas e a troca de forros em madeira para l\u00e2minas de PVC. Foi efetuada tamb\u00e9m a troca de pisos e revestimentos cer\u00e2micos de banheiros, bem como as lou\u00e7as sanit\u00e1rias, acess\u00f3rios e metais.<\/p>\n\n\n\n<p>\u201cEsse espa\u00e7o foi completamente revitalizado, tudo aqui foi reformado de forma a proporcionar aos nossos colaboradores, melhores condi\u00e7\u00f5es de trabalho, e para que isso se transforme num atendimento de excel\u00eancia para o nosso usu\u00e1rio. Tudo aqui est\u00e1 funcionando perfeitamente, ar-condicionado, computadores novos, mobili\u00e1rios novos, enfim, agora sim este Cras tem um ambiente digno\u201d, disse o titular da Semasc, Eduardo Lucas.<\/p>\n\n\n\n<p><strong>Novos Equipamentos<\/strong><\/p>\n\n\n\n<p>Foram instalados novos equipamentos de combate a inc\u00eandio, cerca de prote\u00e7\u00e3o (tipo concertina) para melhoria da seguran\u00e7a, instala\u00e7\u00e3o de coberturas em telhas de policarbonato, reforma de gradis e port\u00f5es externos de acesso ao im\u00f3vel. Na manuten\u00e7\u00e3o, foi efetuada tamb\u00e9m a revis\u00e3o geral das instala\u00e7\u00f5es el\u00e9tricas, hidrossanit\u00e1rias e l\u00f3gica, bem como a pintura geral do im\u00f3vel.<\/p>\n\n\n\n<p>Esta j\u00e1 \u00e9 a nona unidade do equipamento a ser entregue de uma s\u00e9rie de reformas iniciada no ano de 2022 e oriunda das emendas parlamentares do ent\u00e3o deputado federal Marcelo Ramos, no valor aproximado de R$ 5 milh\u00f5es, e que abrangeu 17 unidades Cras da capital.<\/p>\n\n\n\n<p>&#8212; &#8212; &#8212;<\/p>\n\n\n\n<p><strong>Texto &#8211;<\/strong> Beathriz Torres \/ Semcom e Divulga\u00e7\u00e3o \/ Semasc<\/p>\n\n\n\n<p><strong>Fotos \u2013 <\/strong>Dhyeizo Lemos e Cl\u00f3vis Miranda \/ Semcom<\/p>\n\n\n\n<p><strong>Dispon\u00edveis em &#8211;<\/strong> <a href=\"https:\/\/flic.kr\/s\/aHBqjARitz\">https:\/\/flic.kr\/s\/aHBqjARitz<\/a><\/p>\n","protected":false},"excerpt":{"rendered":"","protected":false},"author":39,"featured_media":208813,"comment_status":"closed","ping_status":"closed","sticky":false,"template":"","format":"standard","meta":{"footnotes":""},"categories":[34],"tags":[349,274,37,350,351,7,40,18,352],"acf":[],"yoast_head":"<!-- This site is optimized with the Yoast SEO plugin v23.0 - https:\/\/yoast.com\/wordpress\/plugins\/seo\/ -->\n<title>Prefeito entrega Cras Cachoeirinha totalmente revitalizado<\/title>\n<meta name=\"robots\" content=\"noindex, follow\" \/>\n<meta property=\"og:locale\" content=\"pt_BR\" \/>\n<meta property=\"og:type\" content=\"article\" \/>\n<meta property=\"og:title\" content=\"Prefeito entrega Cras Cachoeirinha totalmente revitalizado\" \/>\n<meta property=\"og:url\" content=\"https:\/\/www.manaus.am.gov.br\/semasc\/prefeito-entrega-cras-cachoeirinha-totalmente-revitalizado\/\" \/>\n<meta property=\"og:site_name\" content=\"SEMASC\" \/>\n<meta property=\"article:publisher\" content=\"https:\/\/www.facebook.com\/semascmanaus\" \/>\n<meta property=\"article:published_time\" content=\"2023-08-16T21:10:01+00:00\" \/>\n<meta property=\"article:modified_time\" content=\"2023-08-16T21:10:02+00:00\" \/>\n<meta property=\"og:image\" content=\"https:\/\/www.manaus.am.gov.br\/semasc\/wp-content\/uploads\/sites\/17\/2023\/08\/53121269891_e79f0ae3ef_k.jpg\" \/>\n\t<meta property=\"og:image:width\" content=\"2047\" \/>\n\t<meta property=\"og:image:height\" content=\"1365\" \/>\n\t<meta property=\"og:image:type\" content=\"image\/jpeg\" \/>\n<meta name=\"author\" content=\"Bruna Greco\" \/>\n<meta name=\"twitter:card\" content=\"summary_large_image\" \/>\n<meta name=\"twitter:label1\" content=\"Written by\" \/>\n\t<meta name=\"twitter:data1\" content=\"Bruna Greco\" \/>\n\t<meta name=\"twitter:label2\" content=\"Est. reading time\" \/>\n\t<meta name=\"twitter:data2\" content=\"3 minutos\" \/>\n<script type=\"application\/ld+json\" class=\"yoast-schema-graph\">{\"@context\":\"https:\/\/schema.org\",\"@graph\":[{\"@type\":\"Article\",\"@id\":\"https:\/\/www.manaus.am.gov.br\/semasc\/prefeito-entrega-cras-cachoeirinha-totalmente-revitalizado\/#article\",\"isPartOf\":{\"@id\":\"https:\/\/www.manaus.am.gov.br\/semasc\/prefeito-entrega-cras-cachoeirinha-totalmente-revitalizado\/\"},\"author\":{\"name\":\"Bruna Greco\",\"@id\":\"https:\/\/www.manaus.am.gov.br\/semasc\/#\/schema\/person\/05d223aea2bf115f9883a6ff3683d81b\"},\"headline\":\"Prefeito entrega Cras Cachoeirinha totalmente revitalizado\",\"datePublished\":\"2023-08-16T21:10:01+00:00\",\"dateModified\":\"2023-08-16T21:10:02+00:00\",\"mainEntityOfPage\":{\"@id\":\"https:\/\/www.manaus.am.gov.br\/semasc\/prefeito-entrega-cras-cachoeirinha-totalmente-revitalizado\/\"},\"wordCount\":619,\"publisher\":{\"@id\":\"https:\/\/www.manaus.am.gov.br\/semasc\/#organization\"},\"image\":{\"@id\":\"https:\/\/www.manaus.am.gov.br\/semasc\/prefeito-entrega-cras-cachoeirinha-totalmente-revitalizado\/#primaryimage\"},\"thumbnailUrl\":\"https:\/\/www.manaus.am.gov.br\/semasc\/wp-content\/uploads\/sites\/17\/2023\/08\/53121269891_e79f0ae3ef_k.jpg\",\"keywords\":[\"Cras Cachoeirinha\",\"David Almeida\",\"Equipamento Social\",\"fortalecer o atendimento social\",\"melhores condi\u00e7\u00f5es aos usu\u00e1rios e profissionais\",\"prefeitura de manaus\",\"R$ 3 milh\u00f5es fruto das emendas parlamentares\",\"Semasc\",\"xpans\u00e3o dos servi\u00e7os de assist\u00eancia social na cidade\"],\"articleSection\":[\"Assist\u00eancia Social\"],\"inLanguage\":\"pt-BR\"},{\"@type\":\"WebPage\",\"@id\":\"https:\/\/www.manaus.am.gov.br\/semasc\/prefeito-entrega-cras-cachoeirinha-totalmente-revitalizado\/\",\"url\":\"https:\/\/www.manaus.am.gov.br\/semasc\/prefeito-entrega-cras-cachoeirinha-totalmente-revitalizado\/\",\"name\":\"Prefeito entrega Cras Cachoeirinha totalmente revitalizado\",\"isPartOf\":{\"@id\":\"https:\/\/www.manaus.am.gov.br\/semasc\/#website\"},\"primaryImageOfPage\":{\"@id\":\"https:\/\/www.manaus.am.gov.br\/semasc\/prefeito-entrega-cras-cachoeirinha-totalmente-revitalizado\/#primaryimage\"},\"image\":{\"@id\":\"https:\/\/www.manaus.am.gov.br\/semasc\/prefeito-entrega-cras-cachoeirinha-totalmente-revitalizado\/#primaryimage\"},\"thumbnailUrl\":\"https:\/\/www.manaus.am.gov.br\/semasc\/wp-content\/uploads\/sites\/17\/2023\/08\/53121269891_e79f0ae3ef_k.jpg\",\"datePublished\":\"2023-08-16T21:10:01+00:00\",\"dateModified\":\"2023-08-16T21:10:02+00:00\",\"breadcrumb\":{\"@id\":\"https:\/\/www.manaus.am.gov.br\/semasc\/prefeito-entrega-cras-cachoeirinha-totalmente-revitalizado\/#breadcrumb\"},\"inLanguage\":\"pt-BR\",\"potentialAction\":[{\"@type\":\"ReadAction\",\"target\":[\"https:\/\/www.manaus.am.gov.br\/semasc\/prefeito-entrega-cras-cachoeirinha-totalmente-revitalizado\/\"]}]},{\"@type\":\"ImageObject\",\"inLanguage\":\"pt-BR\",\"@id\":\"https:\/\/www.manaus.am.gov.br\/semasc\/prefeito-entrega-cras-cachoeirinha-totalmente-revitalizado\/#primaryimage\",\"url\":\"https:\/\/www.manaus.am.gov.br\/semasc\/wp-content\/uploads\/sites\/17\/2023\/08\/53121269891_e79f0ae3ef_k.jpg\",\"contentUrl\":\"https:\/\/www.manaus.am.gov.br\/semasc\/wp-content\/uploads\/sites\/17\/2023\/08\/53121269891_e79f0ae3ef_k.jpg\",\"width\":2047,\"height\":1365},{\"@type\":\"BreadcrumbList\",\"@id\":\"https:\/\/www.manaus.am.gov.br\/semasc\/prefeito-entrega-cras-cachoeirinha-totalmente-revitalizado\/#breadcrumb\",\"itemListElement\":[{\"@type\":\"ListItem\",\"position\":1,\"name\":\"Home\",\"item\":\"https:\/\/www.manaus.am.gov.br\/semasc\/\"},{\"@type\":\"ListItem\",\"position\":2,\"name\":\"Prefeito entrega Cras Cachoeirinha totalmente revitalizado\"}]},{\"@type\":\"WebSite\",\"@id\":\"https:\/\/www.manaus.am.gov.br\/semasc\/#website\",\"url\":\"https:\/\/www.manaus.am.gov.br\/semasc\/\",\"name\":\"SEMASC\",\"description\":\"Secretaria Municipal da Mulher, Assist\u00eancia Social e Cidadania.\",\"publisher\":{\"@id\":\"https:\/\/www.manaus.am.gov.br\/semasc\/#organization\"},\"alternateName\":\"Secretaria Municipal da Mulher, Assist\u00eancia Social e Cidadania\",\"potentialAction\":[{\"@type\":\"SearchAction\",\"target\":{\"@type\":\"EntryPoint\",\"urlTemplate\":\"https:\/\/www.manaus.am.gov.br\/semasc\/?s={search_term_string}\"},\"query-input\":\"required name=search_term_string\"}],\"inLanguage\":\"pt-BR\"},{\"@type\":\"Organization\",\"@id\":\"https:\/\/www.manaus.am.gov.br\/semasc\/#organization\",\"name\":\"Prefeitura de Manaus\",\"alternateName\":\"Prefeitura Municipal de Manaus\",\"url\":\"https:\/\/www.manaus.am.gov.br\/semasc\/\",\"logo\":{\"@type\":\"ImageObject\",\"inLanguage\":\"pt-BR\",\"@id\":\"https:\/\/www.manaus.am.gov.br\/semasc\/#\/schema\/logo\/image\/\",\"url\":\"https:\/\/www.manaus.am.gov.br\/semasc\/wp-content\/uploads\/sites\/17\/2024\/07\/favicon.png\",\"contentUrl\":\"https:\/\/www.manaus.am.gov.br\/semasc\/wp-content\/uploads\/sites\/17\/2024\/07\/favicon.png\",\"width\":300,\"height\":300,\"caption\":\"Prefeitura de Manaus\"},\"image\":{\"@id\":\"https:\/\/www.manaus.am.gov.br\/semasc\/#\/schema\/logo\/image\/\"},\"sameAs\":[\"https:\/\/www.facebook.com\/semascmanaus\",\"https:\/\/www.instagram.com\/semascmanaus\/\"]},{\"@type\":\"Person\",\"@id\":\"https:\/\/www.manaus.am.gov.br\/semasc\/#\/schema\/person\/05d223aea2bf115f9883a6ff3683d81b\",\"name\":\"Bruna Greco\",\"image\":{\"@type\":\"ImageObject\",\"inLanguage\":\"pt-BR\",\"@id\":\"https:\/\/www.manaus.am.gov.br\/semasc\/#\/schema\/person\/image\/\",\"url\":\"https:\/\/secure.gravatar.com\/avatar\/9c877d1a6adc2a055330e5c09a8653ce?s=96&d=mm&r=g\",\"contentUrl\":\"https:\/\/secure.gravatar.com\/avatar\/9c877d1a6adc2a055330e5c09a8653ce?s=96&d=mm&r=g\",\"caption\":\"Bruna Greco\"}}]}<\/script>\n<!-- \/ Yoast SEO plugin. -->","yoast_head_json":{"title":"Prefeito entrega Cras Cachoeirinha totalmente revitalizado","robots":{"index":"noindex","follow":"follow"},"og_locale":"pt_BR","og_type":"article","og_title":"Prefeito entrega Cras Cachoeirinha totalmente revitalizado","og_url":"https:\/\/www.manaus.am.gov.br\/semasc\/prefeito-entrega-cras-cachoeirinha-totalmente-revitalizado\/","og_site_name":"SEMASC","article_publisher":"https:\/\/www.facebook.com\/semascmanaus","article_published_time":"2023-08-16T21:10:01+00:00","article_modified_time":"2023-08-16T21:10:02+00:00","og_image":[{"width":2047,"height":1365,"url":"https:\/\/www.manaus.am.gov.br\/semasc\/wp-content\/uploads\/sites\/17\/2023\/08\/53121269891_e79f0ae3ef_k.jpg","type":"image\/jpeg"}],"author":"Bruna Greco","twitter_card":"summary_large_image","twitter_misc":{"Written by":"Bruna Greco","Est. reading time":"3 minutos"},"schema":{"@context":"https:\/\/schema.org","@graph":[{"@type":"Article","@id":"https:\/\/www.manaus.am.gov.br\/semasc\/prefeito-entrega-cras-cachoeirinha-totalmente-revitalizado\/#article","isPartOf":{"@id":"https:\/\/www.manaus.am.gov.br\/semasc\/prefeito-entrega-cras-cachoeirinha-totalmente-revitalizado\/"},"author":{"name":"Bruna Greco","@id":"https:\/\/www.manaus.am.gov.br\/semasc\/#\/schema\/person\/05d223aea2bf115f9883a6ff3683d81b"},"headline":"Prefeito entrega Cras Cachoeirinha totalmente revitalizado","datePublished":"2023-08-16T21:10:01+00:00","dateModified":"2023-08-16T21:10:02+00:00","mainEntityOfPage":{"@id":"https:\/\/www.manaus.am.gov.br\/semasc\/prefeito-entrega-cras-cachoeirinha-totalmente-revitalizado\/"},"wordCount":619,"publisher":{"@id":"https:\/\/www.manaus.am.gov.br\/semasc\/#organization"},"image":{"@id":"https:\/\/www.manaus.am.gov.br\/semasc\/prefeito-entrega-cras-cachoeirinha-totalmente-revitalizado\/#primaryimage"},"thumbnailUrl":"https:\/\/www.manaus.am.gov.br\/semasc\/wp-content\/uploads\/sites\/17\/2023\/08\/53121269891_e79f0ae3ef_k.jpg","keywords":["Cras Cachoeirinha","David Almeida","Equipamento Social","fortalecer o atendimento social","melhores condi\u00e7\u00f5es aos usu\u00e1rios e profissionais","prefeitura de manaus","R$ 3 milh\u00f5es fruto das emendas parlamentares","Semasc","xpans\u00e3o dos servi\u00e7os de assist\u00eancia social na cidade"],"articleSection":["Assist\u00eancia Social"],"inLanguage":"pt-BR"},{"@type":"WebPage","@id":"https:\/\/www.manaus.am.gov.br\/semasc\/prefeito-entrega-cras-cachoeirinha-totalmente-revitalizado\/","url":"https:\/\/www.manaus.am.gov.br\/semasc\/prefeito-entrega-cras-cachoeirinha-totalmente-revitalizado\/","name":"Prefeito entrega Cras Cachoeirinha totalmente revitalizado","isPartOf":{"@id":"https:\/\/www.manaus.am.gov.br\/semasc\/#website"},"primaryImageOfPage":{"@id":"https:\/\/www.manaus.am.gov.br\/semasc\/prefeito-entrega-cras-cachoeirinha-totalmente-revitalizado\/#primaryimage"},"image":{"@id":"https:\/\/www.manaus.am.gov.br\/semasc\/prefeito-entrega-cras-cachoeirinha-totalmente-revitalizado\/#primaryimage"},"thumbnailUrl":"https:\/\/www.manaus.am.gov.br\/semasc\/wp-content\/uploads\/sites\/17\/2023\/08\/53121269891_e79f0ae3ef_k.jpg","datePublished":"2023-08-16T21:10:01+00:00","dateModified":"2023-08-16T21:10:02+00:00","breadcrumb":{"@id":"https:\/\/www.manaus.am.gov.br\/semasc\/prefeito-entrega-cras-cachoeirinha-totalmente-revitalizado\/#breadcrumb"},"inLanguage":"pt-BR","potentialAction":[{"@type":"ReadAction","target":["https:\/\/www.manaus.am.gov.br\/semasc\/prefeito-entrega-cras-cachoeirinha-totalmente-revitalizado\/"]}]},{"@type":"ImageObject","inLanguage":"pt-BR","@id":"https:\/\/www.manaus.am.gov.br\/semasc\/prefeito-entrega-cras-cachoeirinha-totalmente-revitalizado\/#primaryimage","url":"https:\/\/www.manaus.am.gov.br\/semasc\/wp-content\/uploads\/sites\/17\/2023\/08\/53121269891_e79f0ae3ef_k.jpg","contentUrl":"https:\/\/www.manaus.am.gov.br\/semasc\/wp-content\/uploads\/sites\/17\/2023\/08\/53121269891_e79f0ae3ef_k.jpg","width":2047,"height":1365},{"@type":"BreadcrumbList","@id":"https:\/\/www.manaus.am.gov.br\/semasc\/prefeito-entrega-cras-cachoeirinha-totalmente-revitalizado\/#breadcrumb","itemListElement":[{"@type":"ListItem","position":1,"name":"Home","item":"https:\/\/www.manaus.am.gov.br\/semasc\/"},{"@type":"ListItem","position":2,"name":"Prefeito entrega Cras Cachoeirinha totalmente revitalizado"}]},{"@type":"WebSite","@id":"https:\/\/www.manaus.am.gov.br\/semasc\/#website","url":"https:\/\/www.manaus.am.gov.br\/semasc\/","name":"SEMASC","description":"Secretaria Municipal da Mulher, Assist\u00eancia Social e Cidadania.","publisher":{"@id":"https:\/\/www.manaus.am.gov.br\/semasc\/#organization"},"alternateName":"Secretaria Municipal da Mulher, Assist\u00eancia Social e Cidadania","potentialAction":[{"@type":"SearchAction","target":{"@type":"EntryPoint","urlTemplate":"https:\/\/www.manaus.am.gov.br\/semasc\/?s={search_term_string}"},"query-input":"required name=search_term_string"}],"inLanguage":"pt-BR"},{"@type":"Organization","@id":"https:\/\/www.manaus.am.gov.br\/semasc\/#organization","name":"Prefeitura de Manaus","alternateName":"Prefeitura Municipal de Manaus","url":"https:\/\/www.manaus.am.gov.br\/semasc\/","logo":{"@type":"ImageObject","inLanguage":"pt-BR","@id":"https:\/\/www.manaus.am.gov.br\/semasc\/#\/schema\/logo\/image\/","url":"https:\/\/www.manaus.am.gov.br\/semasc\/wp-content\/uploads\/sites\/17\/2024\/07\/favicon.png","contentUrl":"https:\/\/www.manaus.am.gov.br\/semasc\/wp-content\/uploads\/sites\/17\/2024\/07\/favicon.png","width":300,"height":300,"caption":"Prefeitura de Manaus"},"image":{"@id":"https:\/\/www.manaus.am.gov.br\/semasc\/#\/schema\/logo\/image\/"},"sameAs":["https:\/\/www.facebook.com\/semascmanaus","https:\/\/www.instagram.com\/semascmanaus\/"]},{"@type":"Person","@id":"https:\/\/www.manaus.am.gov.br\/semasc\/#\/schema\/person\/05d223aea2bf115f9883a6ff3683d81b","name":"Bruna Greco","image":{"@type":"ImageObject","inLanguage":"pt-BR","@id":"https:\/\/www.manaus.am.gov.br\/semasc\/#\/schema\/person\/image\/","url":"https:\/\/secure.gravatar.com\/avatar\/9c877d1a6adc2a055330e5c09a8653ce?s=96&d=mm&r=g","contentUrl":"https:\/\/secure.gravatar.com\/avatar\/9c877d1a6adc2a055330e5c09a8653ce?s=96&d=mm&r=g","caption":"Bruna Greco"}}]}},"_links":{"self":[{"href":"https:\/\/www.manaus.am.gov.br\/semasc\/wp-json\/wp\/v2\/posts\/208812"}],"collection":[{"href":"https:\/\/www.manaus.am.gov.br\/semasc\/wp-json\/wp\/v2\/posts"}],"about":[{"href":"https:\/\/www.manaus.am.gov.br\/semasc\/wp-json\/wp\/v2\/types\/post"}],"author":[{"embeddable":true,"href":"https:\/\/www.manaus.am.gov.br\/semasc\/wp-json\/wp\/v2\/users\/39"}],"replies":[{"embeddable":true,"href":"https:\/\/www.manaus.am.gov.br\/semasc\/wp-json\/wp\/v2\/comments?post=208812"}],"version-history":[{"count":0,"href":"https:\/\/www.manaus.am.gov.br\/semasc\/wp-json\/wp\/v2\/posts\/208812\/revisions"}],"wp:featuredmedia":[{"embeddable":true,"href":"https:\/\/www.manaus.am.gov.br\/semasc\/wp-json\/wp\/v2\/media\/208813"}],"wp:attachment":[{"href":"https:\/\/www.manaus.am.gov.br\/semasc\/wp-json\/wp\/v2\/media?parent=208812"}],"wp:term":[{"taxonomy":"category","embeddable":true,"href":"https:\/\/www.manaus.am.gov.br\/semasc\/wp-json\/wp\/v2\/categories?post=208812"},{"taxonomy":"post_tag","embeddable":true,"href":"https:\/\/www.manaus.am.gov.br\/semasc\/wp-json\/wp\/v2\/tags?post=208812"}],"curies":[{"name":"wp","href":"https:\/\/api.w.org\/{rel}","templated":true}]}}