{"id":208810,"date":"2023-08-16T14:06:18","date_gmt":"2023-08-16T18:06:18","guid":{"rendered":"https:\/\/www.manaus.am.gov.br\/semasc\/prefeitura-promove-manha-de-convivencia-a-usuarios-do-centro-pop-na-praia-da-ponta-negra\/"},"modified":"2023-08-16T14:06:20","modified_gmt":"2023-08-16T18:06:20","slug":"prefeitura-promove-manha-de-convivencia-a-usuarios-do-centro-pop-na-praia-da-ponta-negra","status":"publish","type":"post","link":"https:\/\/www.manaus.am.gov.br\/semasc\/prefeitura-promove-manha-de-convivencia-a-usuarios-do-centro-pop-na-praia-da-ponta-negra\/","title":{"rendered":"<strong>Prefeitura promove manh\u00e3 de conviv\u00eancia a usu\u00e1rios do Centro Pop na praia da Ponta Negra<\/strong>"},"content":{"rendered":"\n<p>Em alus\u00e3o ao Dia Nacional da Luta da Pessoa em Situa\u00e7\u00e3o de Rua, a ser celebrado no pr\u00f3ximo s\u00e1bado, 19\/8, a Prefeitura de Manaus, por meio da Secretaria Municipal da Mulher, Assist\u00eancia Social e Cidadania (Semasc), em parceria com o Servi\u00e7o de Abordagem Social Girassol, coordenado pelo N\u00facleo de Assist\u00eancia \u00e0 Crian\u00e7a e \u00e0 Fam\u00edlia em Situa\u00e7\u00e3o de Risco (Nacer), promoveu, nesta quarta-feira, 16\/8, uma manh\u00e3 de conviv\u00eancia a usu\u00e1rios do Centro de Refer\u00eancia Especializado para Pessoas em Situa\u00e7\u00e3o de Rua (Centro Pop), na praia da Ponta Negra, zona Oeste.<\/p>\n\n\n\n<p>Ao todo, 35 usu\u00e1rios do equipamento participaram da atividade, que contou com a promo\u00e7\u00e3o de pr\u00e1ticas esportivas, um caf\u00e9 da manh\u00e3 partilhado e a distribui\u00e7\u00e3o de kits de higiene pessoal e material informativo acerca dos direitos possu\u00eddos pela popula\u00e7\u00e3o em situa\u00e7\u00e3o de rua.<\/p>\n\n\n\n<p>\u201cEntendemos que momentos como este, momentos em que h\u00e1 uma quebra na rotina nos usu\u00e1rios que atendemos e acompanhamos, s\u00e3o essenciais para que essas pessoas se sintam, de fato, acolhidas. Se distanciando do processo de atendimento cotidiano, hoje \u00e9 um momento em que interagimos de maneira mais pr\u00f3xima com nossos usu\u00e1rios, mostrando as pequenas coisas boas da vida para al\u00e9m da sua condi\u00e7\u00e3o de vulnerabilidade, o que tamb\u00e9m entendemos como garantia de direitos\u201d, explicou o gerente do Centro Pop, Marcos Coutinho.<\/p>\n\n\n\n<p>De acordo com a coordenadora do Servi\u00e7o de Abordagem Social Girassol, Rosiane Menezes, as manh\u00e3s de conviv\u00eancia, muito al\u00e9m de um momento de descanso, tamb\u00e9m s\u00e3o fundamentais para que as equipes respons\u00e1veis pelo atendimento psicossocial de pessoas em situa\u00e7\u00e3o de rua possam debater diretamente com esse p\u00fablico de forma mais direta e acess\u00edvel.<\/p>\n\n\n\n<p>\u201cA popula\u00e7\u00e3o em situa\u00e7\u00e3o de rua ainda \u00e9 um grupo muito vulner\u00e1vel no sentido de n\u00e3o possuir acesso \u00e0 informa\u00e7\u00e3o e muitos n\u00e3o possuem esse sentimento de pertencimento a um lugar. Hoje, por meio de um momento \u00e0 parte, vimos potencializar a habilidade desses homens e mulheres, de se reconhecer como cidad\u00e3os detentores de direitos e assim facilitar o processo de retirada das ruas\u201d, afirmou.<\/p>\n\n\n\n<p>Quem aproveitou bastante a ocasi\u00e3o foi o usu\u00e1rio Arilan Batista, 50 anos, que elogiou e agradeceu a iniciativa. \u201cTodos n\u00f3s s\u00f3 temos a agradecer ao Centro Pop, por nos abra\u00e7ar mesmo, nos entender. A conviv\u00eancia dentro do equipamento \u00e9 uma coisa, mas hoje \u00e9 um momento diferente, de comemora\u00e7\u00e3o, de bater uma bola com os amigos, de curtir um banho no rio e esfriar a cabe\u00e7a. \u00c9 um dia muito bom!\u201d, concluiu Arilan.<\/p>\n\n\n\n<p><strong>Centro Pop<\/strong><\/p>\n\n\n\n<p>O Centro Pop \u00e9 um equipamento socioassistencial administrado pela Prefeitura de Manaus, por meio da Secretaria Municipal da Mulher, Assist\u00eancia Social e Cidadania (Semasc), respons\u00e1vel por oferecer orienta\u00e7\u00f5es e encaminhamentos a outros servi\u00e7os socioassistenciais das demais pol\u00edticas p\u00fablicas que possam contribuir na constru\u00e7\u00e3o da autonomia, da inser\u00e7\u00e3o social e da prote\u00e7\u00e3o \u00e0s situa\u00e7\u00f5es de viol\u00eancia vividas por pessoas em situa\u00e7\u00e3o de rua na capital amazonense.<\/p>\n\n\n\n<p>Promove o acesso a espa\u00e7os de guarda de pertences, distribui\u00e7\u00e3o de kits de higiene pessoal, alimenta\u00e7\u00e3o (caf\u00e9 e almo\u00e7o), al\u00e9m de proporcionar um endere\u00e7o institucional para utiliza\u00e7\u00e3o como refer\u00eancia do usu\u00e1rio durante a provis\u00e3o de documenta\u00e7\u00e3o civil e encaminhamentos para a rede socioassistencial.<\/p>\n\n\n\n<p>&#8212; &#8212; &#8212;<\/p>\n\n\n\n<p><strong>Texto &#8211;<\/strong>&nbsp;Guilherme Ara\u00fajo Pacheco \/ Semasc<\/p>\n\n\n\n<p><strong>Fotos &#8211;<\/strong>&nbsp;Marcely Gomes \/ Semasc<\/p>\n","protected":false},"excerpt":{"rendered":"","protected":false},"author":24,"featured_media":208811,"comment_status":"closed","ping_status":"closed","sticky":false,"template":"","format":"standard","meta":{"footnotes":""},"categories":[54],"tags":[339,205,340,341,342,343,344,345,7,346,18,347,348],"acf":[],"yoast_head":"<!-- This site is optimized with the Yoast SEO plugin v23.0 - https:\/\/yoast.com\/wordpress\/plugins\/seo\/ -->\n<title>Prefeitura promove manh\u00e3 de conviv\u00eancia a usu\u00e1rios do Centro Pop na praia da Ponta Negra - SEMASC<\/title>\n<meta name=\"robots\" content=\"noindex, follow\" \/>\n<meta property=\"og:locale\" content=\"pt_BR\" \/>\n<meta property=\"og:type\" content=\"article\" \/>\n<meta property=\"og:title\" content=\"Prefeitura promove manh\u00e3 de conviv\u00eancia a usu\u00e1rios do Centro Pop na praia da Ponta Negra - SEMASC\" \/>\n<meta property=\"og:url\" content=\"https:\/\/www.manaus.am.gov.br\/semasc\/prefeitura-promove-manha-de-convivencia-a-usuarios-do-centro-pop-na-praia-da-ponta-negra\/\" \/>\n<meta property=\"og:site_name\" content=\"SEMASC\" \/>\n<meta property=\"article:publisher\" content=\"https:\/\/www.facebook.com\/semascmanaus\" \/>\n<meta property=\"article:published_time\" content=\"2023-08-16T18:06:18+00:00\" \/>\n<meta property=\"article:modified_time\" content=\"2023-08-16T18:06:20+00:00\" \/>\n<meta property=\"og:image\" content=\"https:\/\/www.manaus.am.gov.br\/semasc\/wp-content\/uploads\/sites\/17\/2023\/08\/Prefeitura-promove-manha-de-convivencia-a-usuarios-do-Centro-Pop-na-praia-da-Ponta-Negra-3.jpeg\" \/>\n\t<meta property=\"og:image:width\" content=\"1600\" \/>\n\t<meta property=\"og:image:height\" content=\"1067\" \/>\n\t<meta property=\"og:image:type\" content=\"image\/jpeg\" \/>\n<meta name=\"author\" content=\"Cl\u00e1udia Barbosa\" \/>\n<meta name=\"twitter:card\" content=\"summary_large_image\" \/>\n<meta name=\"twitter:label1\" content=\"Written by\" \/>\n\t<meta name=\"twitter:data1\" content=\"Cl\u00e1udia Barbosa\" \/>\n\t<meta name=\"twitter:label2\" content=\"Est. reading time\" \/>\n\t<meta name=\"twitter:data2\" content=\"3 minutos\" \/>\n<script type=\"application\/ld+json\" class=\"yoast-schema-graph\">{\"@context\":\"https:\/\/schema.org\",\"@graph\":[{\"@type\":\"Article\",\"@id\":\"https:\/\/www.manaus.am.gov.br\/semasc\/prefeitura-promove-manha-de-convivencia-a-usuarios-do-centro-pop-na-praia-da-ponta-negra\/#article\",\"isPartOf\":{\"@id\":\"https:\/\/www.manaus.am.gov.br\/semasc\/prefeitura-promove-manha-de-convivencia-a-usuarios-do-centro-pop-na-praia-da-ponta-negra\/\"},\"author\":{\"name\":\"Cl\u00e1udia Barbosa\",\"@id\":\"https:\/\/www.manaus.am.gov.br\/semasc\/#\/schema\/person\/d0a166b5031154c33c77794ddc9a827e\"},\"headline\":\"Prefeitura promove manh\u00e3 de conviv\u00eancia a usu\u00e1rios do Centro Pop na praia da Ponta Negra\",\"datePublished\":\"2023-08-16T18:06:18+00:00\",\"dateModified\":\"2023-08-16T18:06:20+00:00\",\"mainEntityOfPage\":{\"@id\":\"https:\/\/www.manaus.am.gov.br\/semasc\/prefeitura-promove-manha-de-convivencia-a-usuarios-do-centro-pop-na-praia-da-ponta-negra\/\"},\"wordCount\":611,\"publisher\":{\"@id\":\"https:\/\/www.manaus.am.gov.br\/semasc\/#organization\"},\"image\":{\"@id\":\"https:\/\/www.manaus.am.gov.br\/semasc\/prefeitura-promove-manha-de-convivencia-a-usuarios-do-centro-pop-na-praia-da-ponta-negra\/#primaryimage\"},\"thumbnailUrl\":\"https:\/\/www.manaus.am.gov.br\/semasc\/wp-content\/uploads\/sites\/17\/2023\/08\/Prefeitura-promove-manha-de-convivencia-a-usuarios-do-Centro-Pop-na-praia-da-Ponta-Negra-3.jpeg\",\"keywords\":[\"Centro de Refer\u00eancia Especializado para Pessoas em Situa\u00e7\u00e3o de Rua\",\"centro pop\",\"Dia Nacional da Luta da Pessoa em Situa\u00e7\u00e3o de Rua\",\"Marcos Coutinho\",\"Nacer\",\"N\u00facleo de Assist\u00eancia \u00e0 Crian\u00e7a e \u00e0 Fam\u00edlia em Situa\u00e7\u00e3o de Risco\",\"popula\u00e7\u00e3o de rua\",\"Praia da Ponta Negra\",\"prefeitura de manaus\",\"Rosiane Menezes\",\"Semasc\",\"Servi\u00e7o de Abordagem Social Girassol\",\"usu\u00e1rios\"],\"articleSection\":[\"Atividades\"],\"inLanguage\":\"pt-BR\"},{\"@type\":\"WebPage\",\"@id\":\"https:\/\/www.manaus.am.gov.br\/semasc\/prefeitura-promove-manha-de-convivencia-a-usuarios-do-centro-pop-na-praia-da-ponta-negra\/\",\"url\":\"https:\/\/www.manaus.am.gov.br\/semasc\/prefeitura-promove-manha-de-convivencia-a-usuarios-do-centro-pop-na-praia-da-ponta-negra\/\",\"name\":\"Prefeitura promove manh\u00e3 de conviv\u00eancia a usu\u00e1rios do Centro Pop na praia da Ponta Negra - SEMASC\",\"isPartOf\":{\"@id\":\"https:\/\/www.manaus.am.gov.br\/semasc\/#website\"},\"primaryImageOfPage\":{\"@id\":\"https:\/\/www.manaus.am.gov.br\/semasc\/prefeitura-promove-manha-de-convivencia-a-usuarios-do-centro-pop-na-praia-da-ponta-negra\/#primaryimage\"},\"image\":{\"@id\":\"https:\/\/www.manaus.am.gov.br\/semasc\/prefeitura-promove-manha-de-convivencia-a-usuarios-do-centro-pop-na-praia-da-ponta-negra\/#primaryimage\"},\"thumbnailUrl\":\"https:\/\/www.manaus.am.gov.br\/semasc\/wp-content\/uploads\/sites\/17\/2023\/08\/Prefeitura-promove-manha-de-convivencia-a-usuarios-do-Centro-Pop-na-praia-da-Ponta-Negra-3.jpeg\",\"datePublished\":\"2023-08-16T18:06:18+00:00\",\"dateModified\":\"2023-08-16T18:06:20+00:00\",\"breadcrumb\":{\"@id\":\"https:\/\/www.manaus.am.gov.br\/semasc\/prefeitura-promove-manha-de-convivencia-a-usuarios-do-centro-pop-na-praia-da-ponta-negra\/#breadcrumb\"},\"inLanguage\":\"pt-BR\",\"potentialAction\":[{\"@type\":\"ReadAction\",\"target\":[\"https:\/\/www.manaus.am.gov.br\/semasc\/prefeitura-promove-manha-de-convivencia-a-usuarios-do-centro-pop-na-praia-da-ponta-negra\/\"]}]},{\"@type\":\"ImageObject\",\"inLanguage\":\"pt-BR\",\"@id\":\"https:\/\/www.manaus.am.gov.br\/semasc\/prefeitura-promove-manha-de-convivencia-a-usuarios-do-centro-pop-na-praia-da-ponta-negra\/#primaryimage\",\"url\":\"https:\/\/www.manaus.am.gov.br\/semasc\/wp-content\/uploads\/sites\/17\/2023\/08\/Prefeitura-promove-manha-de-convivencia-a-usuarios-do-Centro-Pop-na-praia-da-Ponta-Negra-3.jpeg\",\"contentUrl\":\"https:\/\/www.manaus.am.gov.br\/semasc\/wp-content\/uploads\/sites\/17\/2023\/08\/Prefeitura-promove-manha-de-convivencia-a-usuarios-do-Centro-Pop-na-praia-da-Ponta-Negra-3.jpeg\",\"width\":1600,\"height\":1067},{\"@type\":\"BreadcrumbList\",\"@id\":\"https:\/\/www.manaus.am.gov.br\/semasc\/prefeitura-promove-manha-de-convivencia-a-usuarios-do-centro-pop-na-praia-da-ponta-negra\/#breadcrumb\",\"itemListElement\":[{\"@type\":\"ListItem\",\"position\":1,\"name\":\"Home\",\"item\":\"https:\/\/www.manaus.am.gov.br\/semasc\/\"},{\"@type\":\"ListItem\",\"position\":2,\"name\":\"Prefeitura promove manh\u00e3 de conviv\u00eancia a usu\u00e1rios do Centro Pop na praia da Ponta Negra\"}]},{\"@type\":\"WebSite\",\"@id\":\"https:\/\/www.manaus.am.gov.br\/semasc\/#website\",\"url\":\"https:\/\/www.manaus.am.gov.br\/semasc\/\",\"name\":\"SEMASC\",\"description\":\"Secretaria Municipal da Mulher, Assist\u00eancia Social e Cidadania.\",\"publisher\":{\"@id\":\"https:\/\/www.manaus.am.gov.br\/semasc\/#organization\"},\"alternateName\":\"Secretaria Municipal da Mulher, Assist\u00eancia Social e Cidadania\",\"potentialAction\":[{\"@type\":\"SearchAction\",\"target\":{\"@type\":\"EntryPoint\",\"urlTemplate\":\"https:\/\/www.manaus.am.gov.br\/semasc\/?s={search_term_string}\"},\"query-input\":\"required name=search_term_string\"}],\"inLanguage\":\"pt-BR\"},{\"@type\":\"Organization\",\"@id\":\"https:\/\/www.manaus.am.gov.br\/semasc\/#organization\",\"name\":\"Prefeitura de Manaus\",\"alternateName\":\"Prefeitura Municipal de Manaus\",\"url\":\"https:\/\/www.manaus.am.gov.br\/semasc\/\",\"logo\":{\"@type\":\"ImageObject\",\"inLanguage\":\"pt-BR\",\"@id\":\"https:\/\/www.manaus.am.gov.br\/semasc\/#\/schema\/logo\/image\/\",\"url\":\"https:\/\/www.manaus.am.gov.br\/semasc\/wp-content\/uploads\/sites\/17\/2024\/07\/favicon.png\",\"contentUrl\":\"https:\/\/www.manaus.am.gov.br\/semasc\/wp-content\/uploads\/sites\/17\/2024\/07\/favicon.png\",\"width\":300,\"height\":300,\"caption\":\"Prefeitura de Manaus\"},\"image\":{\"@id\":\"https:\/\/www.manaus.am.gov.br\/semasc\/#\/schema\/logo\/image\/\"},\"sameAs\":[\"https:\/\/www.facebook.com\/semascmanaus\",\"https:\/\/www.instagram.com\/semascmanaus\/\"]},{\"@type\":\"Person\",\"@id\":\"https:\/\/www.manaus.am.gov.br\/semasc\/#\/schema\/person\/d0a166b5031154c33c77794ddc9a827e\",\"name\":\"Cl\u00e1udia Barbosa\",\"image\":{\"@type\":\"ImageObject\",\"inLanguage\":\"pt-BR\",\"@id\":\"https:\/\/www.manaus.am.gov.br\/semasc\/#\/schema\/person\/image\/\",\"url\":\"https:\/\/secure.gravatar.com\/avatar\/42958a1cf007f1a00534009218c72590?s=96&d=mm&r=g\",\"contentUrl\":\"https:\/\/secure.gravatar.com\/avatar\/42958a1cf007f1a00534009218c72590?s=96&d=mm&r=g\",\"caption\":\"Cl\u00e1udia Barbosa\"}}]}<\/script>\n<!-- \/ Yoast SEO plugin. -->","yoast_head_json":{"title":"Prefeitura promove manh\u00e3 de conviv\u00eancia a usu\u00e1rios do Centro Pop na praia da Ponta Negra - SEMASC","robots":{"index":"noindex","follow":"follow"},"og_locale":"pt_BR","og_type":"article","og_title":"Prefeitura promove manh\u00e3 de conviv\u00eancia a usu\u00e1rios do Centro Pop na praia da Ponta Negra - SEMASC","og_url":"https:\/\/www.manaus.am.gov.br\/semasc\/prefeitura-promove-manha-de-convivencia-a-usuarios-do-centro-pop-na-praia-da-ponta-negra\/","og_site_name":"SEMASC","article_publisher":"https:\/\/www.facebook.com\/semascmanaus","article_published_time":"2023-08-16T18:06:18+00:00","article_modified_time":"2023-08-16T18:06:20+00:00","og_image":[{"width":1600,"height":1067,"url":"https:\/\/www.manaus.am.gov.br\/semasc\/wp-content\/uploads\/sites\/17\/2023\/08\/Prefeitura-promove-manha-de-convivencia-a-usuarios-do-Centro-Pop-na-praia-da-Ponta-Negra-3.jpeg","type":"image\/jpeg"}],"author":"Cl\u00e1udia Barbosa","twitter_card":"summary_large_image","twitter_misc":{"Written by":"Cl\u00e1udia Barbosa","Est. reading time":"3 minutos"},"schema":{"@context":"https:\/\/schema.org","@graph":[{"@type":"Article","@id":"https:\/\/www.manaus.am.gov.br\/semasc\/prefeitura-promove-manha-de-convivencia-a-usuarios-do-centro-pop-na-praia-da-ponta-negra\/#article","isPartOf":{"@id":"https:\/\/www.manaus.am.gov.br\/semasc\/prefeitura-promove-manha-de-convivencia-a-usuarios-do-centro-pop-na-praia-da-ponta-negra\/"},"author":{"name":"Cl\u00e1udia Barbosa","@id":"https:\/\/www.manaus.am.gov.br\/semasc\/#\/schema\/person\/d0a166b5031154c33c77794ddc9a827e"},"headline":"Prefeitura promove manh\u00e3 de conviv\u00eancia a usu\u00e1rios do Centro Pop na praia da Ponta Negra","datePublished":"2023-08-16T18:06:18+00:00","dateModified":"2023-08-16T18:06:20+00:00","mainEntityOfPage":{"@id":"https:\/\/www.manaus.am.gov.br\/semasc\/prefeitura-promove-manha-de-convivencia-a-usuarios-do-centro-pop-na-praia-da-ponta-negra\/"},"wordCount":611,"publisher":{"@id":"https:\/\/www.manaus.am.gov.br\/semasc\/#organization"},"image":{"@id":"https:\/\/www.manaus.am.gov.br\/semasc\/prefeitura-promove-manha-de-convivencia-a-usuarios-do-centro-pop-na-praia-da-ponta-negra\/#primaryimage"},"thumbnailUrl":"https:\/\/www.manaus.am.gov.br\/semasc\/wp-content\/uploads\/sites\/17\/2023\/08\/Prefeitura-promove-manha-de-convivencia-a-usuarios-do-Centro-Pop-na-praia-da-Ponta-Negra-3.jpeg","keywords":["Centro de Refer\u00eancia Especializado para Pessoas em Situa\u00e7\u00e3o de Rua","centro pop","Dia Nacional da Luta da Pessoa em Situa\u00e7\u00e3o de Rua","Marcos Coutinho","Nacer","N\u00facleo de Assist\u00eancia \u00e0 Crian\u00e7a e \u00e0 Fam\u00edlia em Situa\u00e7\u00e3o de Risco","popula\u00e7\u00e3o de rua","Praia da Ponta Negra","prefeitura de manaus","Rosiane Menezes","Semasc","Servi\u00e7o de Abordagem Social Girassol","usu\u00e1rios"],"articleSection":["Atividades"],"inLanguage":"pt-BR"},{"@type":"WebPage","@id":"https:\/\/www.manaus.am.gov.br\/semasc\/prefeitura-promove-manha-de-convivencia-a-usuarios-do-centro-pop-na-praia-da-ponta-negra\/","url":"https:\/\/www.manaus.am.gov.br\/semasc\/prefeitura-promove-manha-de-convivencia-a-usuarios-do-centro-pop-na-praia-da-ponta-negra\/","name":"Prefeitura promove manh\u00e3 de conviv\u00eancia a usu\u00e1rios do Centro Pop na praia da Ponta Negra - SEMASC","isPartOf":{"@id":"https:\/\/www.manaus.am.gov.br\/semasc\/#website"},"primaryImageOfPage":{"@id":"https:\/\/www.manaus.am.gov.br\/semasc\/prefeitura-promove-manha-de-convivencia-a-usuarios-do-centro-pop-na-praia-da-ponta-negra\/#primaryimage"},"image":{"@id":"https:\/\/www.manaus.am.gov.br\/semasc\/prefeitura-promove-manha-de-convivencia-a-usuarios-do-centro-pop-na-praia-da-ponta-negra\/#primaryimage"},"thumbnailUrl":"https:\/\/www.manaus.am.gov.br\/semasc\/wp-content\/uploads\/sites\/17\/2023\/08\/Prefeitura-promove-manha-de-convivencia-a-usuarios-do-Centro-Pop-na-praia-da-Ponta-Negra-3.jpeg","datePublished":"2023-08-16T18:06:18+00:00","dateModified":"2023-08-16T18:06:20+00:00","breadcrumb":{"@id":"https:\/\/www.manaus.am.gov.br\/semasc\/prefeitura-promove-manha-de-convivencia-a-usuarios-do-centro-pop-na-praia-da-ponta-negra\/#breadcrumb"},"inLanguage":"pt-BR","potentialAction":[{"@type":"ReadAction","target":["https:\/\/www.manaus.am.gov.br\/semasc\/prefeitura-promove-manha-de-convivencia-a-usuarios-do-centro-pop-na-praia-da-ponta-negra\/"]}]},{"@type":"ImageObject","inLanguage":"pt-BR","@id":"https:\/\/www.manaus.am.gov.br\/semasc\/prefeitura-promove-manha-de-convivencia-a-usuarios-do-centro-pop-na-praia-da-ponta-negra\/#primaryimage","url":"https:\/\/www.manaus.am.gov.br\/semasc\/wp-content\/uploads\/sites\/17\/2023\/08\/Prefeitura-promove-manha-de-convivencia-a-usuarios-do-Centro-Pop-na-praia-da-Ponta-Negra-3.jpeg","contentUrl":"https:\/\/www.manaus.am.gov.br\/semasc\/wp-content\/uploads\/sites\/17\/2023\/08\/Prefeitura-promove-manha-de-convivencia-a-usuarios-do-Centro-Pop-na-praia-da-Ponta-Negra-3.jpeg","width":1600,"height":1067},{"@type":"BreadcrumbList","@id":"https:\/\/www.manaus.am.gov.br\/semasc\/prefeitura-promove-manha-de-convivencia-a-usuarios-do-centro-pop-na-praia-da-ponta-negra\/#breadcrumb","itemListElement":[{"@type":"ListItem","position":1,"name":"Home","item":"https:\/\/www.manaus.am.gov.br\/semasc\/"},{"@type":"ListItem","position":2,"name":"Prefeitura promove manh\u00e3 de conviv\u00eancia a usu\u00e1rios do Centro Pop na praia da Ponta Negra"}]},{"@type":"WebSite","@id":"https:\/\/www.manaus.am.gov.br\/semasc\/#website","url":"https:\/\/www.manaus.am.gov.br\/semasc\/","name":"SEMASC","description":"Secretaria Municipal da Mulher, Assist\u00eancia Social e Cidadania.","publisher":{"@id":"https:\/\/www.manaus.am.gov.br\/semasc\/#organization"},"alternateName":"Secretaria Municipal da Mulher, Assist\u00eancia Social e Cidadania","potentialAction":[{"@type":"SearchAction","target":{"@type":"EntryPoint","urlTemplate":"https:\/\/www.manaus.am.gov.br\/semasc\/?s={search_term_string}"},"query-input":"required name=search_term_string"}],"inLanguage":"pt-BR"},{"@type":"Organization","@id":"https:\/\/www.manaus.am.gov.br\/semasc\/#organization","name":"Prefeitura de Manaus","alternateName":"Prefeitura Municipal de Manaus","url":"https:\/\/www.manaus.am.gov.br\/semasc\/","logo":{"@type":"ImageObject","inLanguage":"pt-BR","@id":"https:\/\/www.manaus.am.gov.br\/semasc\/#\/schema\/logo\/image\/","url":"https:\/\/www.manaus.am.gov.br\/semasc\/wp-content\/uploads\/sites\/17\/2024\/07\/favicon.png","contentUrl":"https:\/\/www.manaus.am.gov.br\/semasc\/wp-content\/uploads\/sites\/17\/2024\/07\/favicon.png","width":300,"height":300,"caption":"Prefeitura de Manaus"},"image":{"@id":"https:\/\/www.manaus.am.gov.br\/semasc\/#\/schema\/logo\/image\/"},"sameAs":["https:\/\/www.facebook.com\/semascmanaus","https:\/\/www.instagram.com\/semascmanaus\/"]},{"@type":"Person","@id":"https:\/\/www.manaus.am.gov.br\/semasc\/#\/schema\/person\/d0a166b5031154c33c77794ddc9a827e","name":"Cl\u00e1udia Barbosa","image":{"@type":"ImageObject","inLanguage":"pt-BR","@id":"https:\/\/www.manaus.am.gov.br\/semasc\/#\/schema\/person\/image\/","url":"https:\/\/secure.gravatar.com\/avatar\/42958a1cf007f1a00534009218c72590?s=96&d=mm&r=g","contentUrl":"https:\/\/secure.gravatar.com\/avatar\/42958a1cf007f1a00534009218c72590?s=96&d=mm&r=g","caption":"Cl\u00e1udia Barbosa"}}]}},"_links":{"self":[{"href":"https:\/\/www.manaus.am.gov.br\/semasc\/wp-json\/wp\/v2\/posts\/208810"}],"collection":[{"href":"https:\/\/www.manaus.am.gov.br\/semasc\/wp-json\/wp\/v2\/posts"}],"about":[{"href":"https:\/\/www.manaus.am.gov.br\/semasc\/wp-json\/wp\/v2\/types\/post"}],"author":[{"embeddable":true,"href":"https:\/\/www.manaus.am.gov.br\/semasc\/wp-json\/wp\/v2\/users\/24"}],"replies":[{"embeddable":true,"href":"https:\/\/www.manaus.am.gov.br\/semasc\/wp-json\/wp\/v2\/comments?post=208810"}],"version-history":[{"count":0,"href":"https:\/\/www.manaus.am.gov.br\/semasc\/wp-json\/wp\/v2\/posts\/208810\/revisions"}],"wp:featuredmedia":[{"embeddable":true,"href":"https:\/\/www.manaus.am.gov.br\/semasc\/wp-json\/wp\/v2\/media\/208811"}],"wp:attachment":[{"href":"https:\/\/www.manaus.am.gov.br\/semasc\/wp-json\/wp\/v2\/media?parent=208810"}],"wp:term":[{"taxonomy":"category","embeddable":true,"href":"https:\/\/www.manaus.am.gov.br\/semasc\/wp-json\/wp\/v2\/categories?post=208810"},{"taxonomy":"post_tag","embeddable":true,"href":"https:\/\/www.manaus.am.gov.br\/semasc\/wp-json\/wp\/v2\/tags?post=208810"}],"curies":[{"name":"wp","href":"https:\/\/api.w.org\/{rel}","templated":true}]}}