{"id":208805,"date":"2023-08-15T15:06:13","date_gmt":"2023-08-15T19:06:13","guid":{"rendered":"https:\/\/www.manaus.am.gov.br\/semasc\/prefeitura-de-manaus-realiza-certificacao-geral-de-600-alunos-do-centro-de-convivencia-municipal\/"},"modified":"2023-08-15T15:06:14","modified_gmt":"2023-08-15T19:06:14","slug":"prefeitura-de-manaus-realiza-certificacao-geral-de-600-alunos-do-centro-de-convivencia-municipal","status":"publish","type":"post","link":"https:\/\/www.manaus.am.gov.br\/semasc\/prefeitura-de-manaus-realiza-certificacao-geral-de-600-alunos-do-centro-de-convivencia-municipal\/","title":{"rendered":"<strong>Prefeitura de Manaus realiza certifica\u00e7\u00e3o geral de 600 alunos do Centro de Conviv\u00eancia Municipal<\/strong>"},"content":{"rendered":"\n<p>A Prefeitura de Manaus, por meio da Secretaria Municipal do Trabalho, Empreendedorismo e Inova\u00e7\u00e3o (Semtepi), em parceria com a Secretaria da Mulher, Assist\u00eancia Social e Cidadania (Semasc), realizou, nesta ter\u00e7a-feira, 15\/8, a certifica\u00e7\u00e3o geral de 600 alunos, que realizaram cursos e oficinas de qualifica\u00e7\u00e3o no Centro de Conviv\u00eancia da Fam\u00edlia e do Idoso &#8211; Prefeito Jos\u00e9 Fernandes. A solenidade aconteceu no audit\u00f3rio do shopping Cidade Leste, na zona Leste.<\/p>\n\n\n\n<p>Para o secret\u00e1rio da Semasc, Eduardo Lucas, a cerim\u00f4nia de certifica\u00e7\u00e3o de cursos realizados no equipamento socioassistencial \u00e9 motivo de alegria e refor\u00e7a o compromisso da prefeitura com a popula\u00e7\u00e3o. \u201cFico muito orgulhoso de participar da entrega desses certificados e de termos essas parcerias, porque \u00e9 a partir delas que conseguimos ajudar na quest\u00e3o da autonomia dessas pessoas, promovendo qualifica\u00e7\u00e3o e melhorando, assim, a vida delas. Esse \u00e9 o objetivo da prefeitura, mudar a vida da popula\u00e7\u00e3o para melhor, e essa iniciativa vai proporcionar isso\u201d, afirmou.<\/p>\n\n\n\n<p>Os cursos iniciaram no dia 15 de maio, a partir da inaugura\u00e7\u00e3o do Centro de Conviv\u00eancia. No total, foram 30 turmas dos cursos de Treinamento B\u00e1sico Operacional (TBO); Norma Regulamentadora (NR-12); Oficina de Panifica\u00e7\u00e3o; Designer de Sobrancelha e Barbearia. A carga hor\u00e1ria \u00e9 de aproximadamente quatro horas.<\/p>\n\n\n\n<p>\u201cEstamos atendendo uma grande demanda da zona Leste, onde existe uma densidade populacional. Para realizar esses cursos, contamos com o apoio de grandes parceiros, como o Senac Amazonas e Instituto Mix\u201d, afirmou Joel Silva, subsecret\u00e1rio operacional da Semtepi.<\/p>\n\n\n\n<p>Os cursos, que s\u00e3o voltados para pessoas acompanhadas pelo Servi\u00e7o de Conviv\u00eancia e Fortalecimento de V\u00ednculos (SCFV), ofertado pelos Centros de Refer\u00eancia e Assist\u00eancia Social (Cras) da cidade, contaram com alunos de todas as faixas et\u00e1rias, desde crian\u00e7as at\u00e9 idosos.<\/p>\n\n\n\n<p>\u201cFazer parte dessa iniciativa do poder p\u00fablico municipal \u00e9 gratificante, pois conseguimos ver a alegria e o interesse dos participantes. Ent\u00e3o, disponibilizar esses cursos totalmente gratuitos, a partir de parcerias, est\u00e1 sendo maravilhoso tanto para n\u00f3s quanto para os alunos, ainda mais depois da pandemia, per\u00edodo em que as nossas atividades foram reduzidas\u201d, comentou Josieth Ara\u00fajo, que \u00e9 gerente do SCFV.<\/p>\n\n\n\n<p><strong>Centro de conviv\u00eancia<\/strong><\/p>\n\n\n\n<p>Inaugurado em maio deste ano, o Centro de Conviv\u00eancia da Fam\u00edlia e do Idoso &#8211; &nbsp;Prefeito Jos\u00e9 Fernandes oferta, de forma gratuita, atividades culturais, educativas, esportivas e de lazer para toda a popula\u00e7\u00e3o.<\/p>\n\n\n\n<p>O equipamento conta com uma equipe t\u00e9cnica interdisciplinar composta por assistentes sociais, pedagogos, psic\u00f3logos, orientadores sociais e outros profissionais que desenvolvem a\u00e7\u00f5es e atividades que possam contribuir, principalmente, para a preven\u00e7\u00e3o de situa\u00e7\u00f5es de vulnerabilidades e de riscos sociais, seu agravamento ou reincid\u00eancia; na amplia\u00e7\u00e3o de acessos aos servi\u00e7os e direitos socioassistenciais e na melhoria da qualidade de vida dos usu\u00e1rios e suas fam\u00edlias.<\/p>\n\n\n\n<p><strong>Sobre o SCFV<\/strong><\/p>\n\n\n\n<p>O Servi\u00e7o de Conviv\u00eancia e Fortalecimento de V\u00ednculos (SCFV), ofertado pelos Cras, consiste na forma\u00e7\u00e3o de grupos de atividade e \u00e9 destinado a crian\u00e7as, adolescentes e idosos em estado de vulnerabilidade social, com o objetivo de desenvolver a conviv\u00eancia comunit\u00e1ria e a autoestima das fam\u00edlias atendidas.<\/p>\n\n\n\n<p>&#8212;&#8211;<\/p>\n\n\n\n<p><strong>Texto<\/strong>&nbsp;\u2013Jackeline Lima \/ Semasc e Luiza Maria \/ Semtepi<\/p>\n\n\n\n<p><strong>Fotos<\/strong>&nbsp;\u2013 Phil Lima\/Semcom<\/p>\n\n\n\n<p><strong>Dispon\u00edveis em &#8211;<\/strong>&nbsp;<a href=\"https:\/\/flic.kr\/s\/aHBqjARe12\" target=\"_blank\" rel=\"noreferrer noopener\">https:\/\/flic.kr\/s\/aHBqjARe12<\/a><\/p>\n","protected":false},"excerpt":{"rendered":"","protected":false},"author":23,"featured_media":208806,"comment_status":"closed","ping_status":"closed","sticky":false,"template":"","format":"standard","meta":{"footnotes":""},"categories":[319],"tags":[320,321,322,7,18,197,323],"acf":[],"yoast_head":"<!-- This site is optimized with the Yoast SEO plugin v23.0 - https:\/\/yoast.com\/wordpress\/plugins\/seo\/ -->\n<title>Prefeitura realiza certifica\u00e7\u00e3o de 600 alunos do Centro de Conviv\u00eancia Municipal<\/title>\n<meta name=\"description\" content=\"A Prefeitura de Manaus, por meio da Secretaria Municipal do Trabalho, Empreendedorismo e Inova\u00e7\u00e3o (Semtepi), em parceria com a Secretaria da Mulher, Assist\u00eancia Social e Cidadania (Semasc), realizou, nesta ter\u00e7a-feira, 15\/8, a certifica\u00e7\u00e3o geral de 600 alunos, que realizaram cursos e oficinas de qualifica\u00e7\u00e3o no Centro de Conviv\u00eancia da Fam\u00edlia e do Idoso - Prefeito Jos\u00e9 Fernandes. A solenidade aconteceu no audit\u00f3rio do shopping Cidade Leste, na zona Leste.\" \/>\n<meta name=\"robots\" content=\"noindex, follow\" \/>\n<meta property=\"og:locale\" content=\"pt_BR\" \/>\n<meta property=\"og:type\" content=\"article\" \/>\n<meta property=\"og:title\" content=\"Prefeitura realiza certifica\u00e7\u00e3o de 600 alunos do Centro de Conviv\u00eancia Municipal\" \/>\n<meta property=\"og:description\" content=\"A Prefeitura de Manaus, por meio da Secretaria Municipal do Trabalho, Empreendedorismo e Inova\u00e7\u00e3o (Semtepi), em parceria com a Secretaria da Mulher, Assist\u00eancia Social e Cidadania (Semasc), realizou, nesta ter\u00e7a-feira, 15\/8, a certifica\u00e7\u00e3o geral de 600 alunos, que realizaram cursos e oficinas de qualifica\u00e7\u00e3o no Centro de Conviv\u00eancia da Fam\u00edlia e do Idoso - Prefeito Jos\u00e9 Fernandes. A solenidade aconteceu no audit\u00f3rio do shopping Cidade Leste, na zona Leste.\" \/>\n<meta property=\"og:url\" content=\"https:\/\/www.manaus.am.gov.br\/semasc\/prefeitura-de-manaus-realiza-certificacao-geral-de-600-alunos-do-centro-de-convivencia-municipal\/\" \/>\n<meta property=\"og:site_name\" content=\"SEMASC\" \/>\n<meta property=\"article:publisher\" content=\"https:\/\/www.facebook.com\/semascmanaus\" \/>\n<meta property=\"article:published_time\" content=\"2023-08-15T19:06:13+00:00\" \/>\n<meta property=\"article:modified_time\" content=\"2023-08-15T19:06:14+00:00\" \/>\n<meta property=\"og:image\" content=\"https:\/\/www.manaus.am.gov.br\/semasc\/wp-content\/uploads\/sites\/17\/2023\/08\/53119180493_461b2607e8_c.jpg\" \/>\n\t<meta property=\"og:image:width\" content=\"799\" \/>\n\t<meta property=\"og:image:height\" content=\"533\" \/>\n\t<meta property=\"og:image:type\" content=\"image\/jpeg\" \/>\n<meta name=\"author\" content=\"Adriana Costa\" \/>\n<meta name=\"twitter:card\" content=\"summary_large_image\" \/>\n<meta name=\"twitter:label1\" content=\"Written by\" \/>\n\t<meta name=\"twitter:data1\" content=\"Adriana Costa\" \/>\n\t<meta name=\"twitter:label2\" content=\"Est. reading time\" \/>\n\t<meta name=\"twitter:data2\" content=\"3 minutos\" \/>\n<script type=\"application\/ld+json\" class=\"yoast-schema-graph\">{\"@context\":\"https:\/\/schema.org\",\"@graph\":[{\"@type\":\"Article\",\"@id\":\"https:\/\/www.manaus.am.gov.br\/semasc\/prefeitura-de-manaus-realiza-certificacao-geral-de-600-alunos-do-centro-de-convivencia-municipal\/#article\",\"isPartOf\":{\"@id\":\"https:\/\/www.manaus.am.gov.br\/semasc\/prefeitura-de-manaus-realiza-certificacao-geral-de-600-alunos-do-centro-de-convivencia-municipal\/\"},\"author\":{\"name\":\"Adriana Costa\",\"@id\":\"https:\/\/www.manaus.am.gov.br\/semasc\/#\/schema\/person\/4e49f4e267757a06ca072ec61b2b9968\"},\"headline\":\"Prefeitura de Manaus realiza certifica\u00e7\u00e3o geral de 600 alunos do Centro de Conviv\u00eancia Municipal\",\"datePublished\":\"2023-08-15T19:06:13+00:00\",\"dateModified\":\"2023-08-15T19:06:14+00:00\",\"mainEntityOfPage\":{\"@id\":\"https:\/\/www.manaus.am.gov.br\/semasc\/prefeitura-de-manaus-realiza-certificacao-geral-de-600-alunos-do-centro-de-convivencia-municipal\/\"},\"wordCount\":577,\"publisher\":{\"@id\":\"https:\/\/www.manaus.am.gov.br\/semasc\/#organization\"},\"image\":{\"@id\":\"https:\/\/www.manaus.am.gov.br\/semasc\/prefeitura-de-manaus-realiza-certificacao-geral-de-600-alunos-do-centro-de-convivencia-municipal\/#primaryimage\"},\"thumbnailUrl\":\"https:\/\/www.manaus.am.gov.br\/semasc\/wp-content\/uploads\/sites\/17\/2023\/08\/53119180493_461b2607e8_c.jpg\",\"keywords\":[\"audit\u00f3rio do shopping Cidade Leste\",\"Centro de Conviv\u00eancia da Fam\u00edlia e do Idoso - Prefeito Jos\u00e9 Fernandes\",\"certifica\u00e7\u00e3o\",\"prefeitura de manaus\",\"Semasc\",\"Semtepi\",\"zona leste\"],\"articleSection\":[\"Qualifica\u00e7\u00e3o\"],\"inLanguage\":\"pt-BR\"},{\"@type\":\"WebPage\",\"@id\":\"https:\/\/www.manaus.am.gov.br\/semasc\/prefeitura-de-manaus-realiza-certificacao-geral-de-600-alunos-do-centro-de-convivencia-municipal\/\",\"url\":\"https:\/\/www.manaus.am.gov.br\/semasc\/prefeitura-de-manaus-realiza-certificacao-geral-de-600-alunos-do-centro-de-convivencia-municipal\/\",\"name\":\"Prefeitura realiza certifica\u00e7\u00e3o de 600 alunos do Centro de Conviv\u00eancia Municipal\",\"isPartOf\":{\"@id\":\"https:\/\/www.manaus.am.gov.br\/semasc\/#website\"},\"primaryImageOfPage\":{\"@id\":\"https:\/\/www.manaus.am.gov.br\/semasc\/prefeitura-de-manaus-realiza-certificacao-geral-de-600-alunos-do-centro-de-convivencia-municipal\/#primaryimage\"},\"image\":{\"@id\":\"https:\/\/www.manaus.am.gov.br\/semasc\/prefeitura-de-manaus-realiza-certificacao-geral-de-600-alunos-do-centro-de-convivencia-municipal\/#primaryimage\"},\"thumbnailUrl\":\"https:\/\/www.manaus.am.gov.br\/semasc\/wp-content\/uploads\/sites\/17\/2023\/08\/53119180493_461b2607e8_c.jpg\",\"datePublished\":\"2023-08-15T19:06:13+00:00\",\"dateModified\":\"2023-08-15T19:06:14+00:00\",\"description\":\"A Prefeitura de Manaus, por meio da Secretaria Municipal do Trabalho, Empreendedorismo e Inova\u00e7\u00e3o (Semtepi), em parceria com a Secretaria da Mulher, Assist\u00eancia Social e Cidadania (Semasc), realizou, nesta ter\u00e7a-feira, 15\/8, a certifica\u00e7\u00e3o geral de 600 alunos, que realizaram cursos e oficinas de qualifica\u00e7\u00e3o no Centro de Conviv\u00eancia da Fam\u00edlia e do Idoso - Prefeito Jos\u00e9 Fernandes. A solenidade aconteceu no audit\u00f3rio do shopping Cidade Leste, na zona Leste.\",\"breadcrumb\":{\"@id\":\"https:\/\/www.manaus.am.gov.br\/semasc\/prefeitura-de-manaus-realiza-certificacao-geral-de-600-alunos-do-centro-de-convivencia-municipal\/#breadcrumb\"},\"inLanguage\":\"pt-BR\",\"potentialAction\":[{\"@type\":\"ReadAction\",\"target\":[\"https:\/\/www.manaus.am.gov.br\/semasc\/prefeitura-de-manaus-realiza-certificacao-geral-de-600-alunos-do-centro-de-convivencia-municipal\/\"]}]},{\"@type\":\"ImageObject\",\"inLanguage\":\"pt-BR\",\"@id\":\"https:\/\/www.manaus.am.gov.br\/semasc\/prefeitura-de-manaus-realiza-certificacao-geral-de-600-alunos-do-centro-de-convivencia-municipal\/#primaryimage\",\"url\":\"https:\/\/www.manaus.am.gov.br\/semasc\/wp-content\/uploads\/sites\/17\/2023\/08\/53119180493_461b2607e8_c.jpg\",\"contentUrl\":\"https:\/\/www.manaus.am.gov.br\/semasc\/wp-content\/uploads\/sites\/17\/2023\/08\/53119180493_461b2607e8_c.jpg\",\"width\":799,\"height\":533},{\"@type\":\"BreadcrumbList\",\"@id\":\"https:\/\/www.manaus.am.gov.br\/semasc\/prefeitura-de-manaus-realiza-certificacao-geral-de-600-alunos-do-centro-de-convivencia-municipal\/#breadcrumb\",\"itemListElement\":[{\"@type\":\"ListItem\",\"position\":1,\"name\":\"Home\",\"item\":\"https:\/\/www.manaus.am.gov.br\/semasc\/\"},{\"@type\":\"ListItem\",\"position\":2,\"name\":\"Prefeitura de Manaus realiza certifica\u00e7\u00e3o geral de 600 alunos do Centro de Conviv\u00eancia Municipal\"}]},{\"@type\":\"WebSite\",\"@id\":\"https:\/\/www.manaus.am.gov.br\/semasc\/#website\",\"url\":\"https:\/\/www.manaus.am.gov.br\/semasc\/\",\"name\":\"SEMASC\",\"description\":\"Secretaria Municipal da Mulher, Assist\u00eancia Social e Cidadania.\",\"publisher\":{\"@id\":\"https:\/\/www.manaus.am.gov.br\/semasc\/#organization\"},\"alternateName\":\"Secretaria Municipal da Mulher, Assist\u00eancia Social e Cidadania\",\"potentialAction\":[{\"@type\":\"SearchAction\",\"target\":{\"@type\":\"EntryPoint\",\"urlTemplate\":\"https:\/\/www.manaus.am.gov.br\/semasc\/?s={search_term_string}\"},\"query-input\":\"required name=search_term_string\"}],\"inLanguage\":\"pt-BR\"},{\"@type\":\"Organization\",\"@id\":\"https:\/\/www.manaus.am.gov.br\/semasc\/#organization\",\"name\":\"Prefeitura de Manaus\",\"alternateName\":\"Prefeitura Municipal de Manaus\",\"url\":\"https:\/\/www.manaus.am.gov.br\/semasc\/\",\"logo\":{\"@type\":\"ImageObject\",\"inLanguage\":\"pt-BR\",\"@id\":\"https:\/\/www.manaus.am.gov.br\/semasc\/#\/schema\/logo\/image\/\",\"url\":\"https:\/\/www.manaus.am.gov.br\/semasc\/wp-content\/uploads\/sites\/17\/2024\/07\/favicon.png\",\"contentUrl\":\"https:\/\/www.manaus.am.gov.br\/semasc\/wp-content\/uploads\/sites\/17\/2024\/07\/favicon.png\",\"width\":300,\"height\":300,\"caption\":\"Prefeitura de Manaus\"},\"image\":{\"@id\":\"https:\/\/www.manaus.am.gov.br\/semasc\/#\/schema\/logo\/image\/\"},\"sameAs\":[\"https:\/\/www.facebook.com\/semascmanaus\",\"https:\/\/www.instagram.com\/semascmanaus\/\"]},{\"@type\":\"Person\",\"@id\":\"https:\/\/www.manaus.am.gov.br\/semasc\/#\/schema\/person\/4e49f4e267757a06ca072ec61b2b9968\",\"name\":\"Adriana Costa\",\"image\":{\"@type\":\"ImageObject\",\"inLanguage\":\"pt-BR\",\"@id\":\"https:\/\/www.manaus.am.gov.br\/semasc\/#\/schema\/person\/image\/\",\"url\":\"https:\/\/secure.gravatar.com\/avatar\/576258617ef7194f718179e766d57bd4?s=96&d=mm&r=g\",\"contentUrl\":\"https:\/\/secure.gravatar.com\/avatar\/576258617ef7194f718179e766d57bd4?s=96&d=mm&r=g\",\"caption\":\"Adriana Costa\"}}]}<\/script>\n<!-- \/ Yoast SEO plugin. -->","yoast_head_json":{"title":"Prefeitura realiza certifica\u00e7\u00e3o de 600 alunos do Centro de Conviv\u00eancia Municipal","description":"A Prefeitura de Manaus, por meio da Secretaria Municipal do Trabalho, Empreendedorismo e Inova\u00e7\u00e3o (Semtepi), em parceria com a Secretaria da Mulher, Assist\u00eancia Social e Cidadania (Semasc), realizou, nesta ter\u00e7a-feira, 15\/8, a certifica\u00e7\u00e3o geral de 600 alunos, que realizaram cursos e oficinas de qualifica\u00e7\u00e3o no Centro de Conviv\u00eancia da Fam\u00edlia e do Idoso - Prefeito Jos\u00e9 Fernandes. A solenidade aconteceu no audit\u00f3rio do shopping Cidade Leste, na zona Leste.","robots":{"index":"noindex","follow":"follow"},"og_locale":"pt_BR","og_type":"article","og_title":"Prefeitura realiza certifica\u00e7\u00e3o de 600 alunos do Centro de Conviv\u00eancia Municipal","og_description":"A Prefeitura de Manaus, por meio da Secretaria Municipal do Trabalho, Empreendedorismo e Inova\u00e7\u00e3o (Semtepi), em parceria com a Secretaria da Mulher, Assist\u00eancia Social e Cidadania (Semasc), realizou, nesta ter\u00e7a-feira, 15\/8, a certifica\u00e7\u00e3o geral de 600 alunos, que realizaram cursos e oficinas de qualifica\u00e7\u00e3o no Centro de Conviv\u00eancia da Fam\u00edlia e do Idoso - Prefeito Jos\u00e9 Fernandes. A solenidade aconteceu no audit\u00f3rio do shopping Cidade Leste, na zona Leste.","og_url":"https:\/\/www.manaus.am.gov.br\/semasc\/prefeitura-de-manaus-realiza-certificacao-geral-de-600-alunos-do-centro-de-convivencia-municipal\/","og_site_name":"SEMASC","article_publisher":"https:\/\/www.facebook.com\/semascmanaus","article_published_time":"2023-08-15T19:06:13+00:00","article_modified_time":"2023-08-15T19:06:14+00:00","og_image":[{"width":799,"height":533,"url":"https:\/\/www.manaus.am.gov.br\/semasc\/wp-content\/uploads\/sites\/17\/2023\/08\/53119180493_461b2607e8_c.jpg","type":"image\/jpeg"}],"author":"Adriana Costa","twitter_card":"summary_large_image","twitter_misc":{"Written by":"Adriana Costa","Est. reading time":"3 minutos"},"schema":{"@context":"https:\/\/schema.org","@graph":[{"@type":"Article","@id":"https:\/\/www.manaus.am.gov.br\/semasc\/prefeitura-de-manaus-realiza-certificacao-geral-de-600-alunos-do-centro-de-convivencia-municipal\/#article","isPartOf":{"@id":"https:\/\/www.manaus.am.gov.br\/semasc\/prefeitura-de-manaus-realiza-certificacao-geral-de-600-alunos-do-centro-de-convivencia-municipal\/"},"author":{"name":"Adriana Costa","@id":"https:\/\/www.manaus.am.gov.br\/semasc\/#\/schema\/person\/4e49f4e267757a06ca072ec61b2b9968"},"headline":"Prefeitura de Manaus realiza certifica\u00e7\u00e3o geral de 600 alunos do Centro de Conviv\u00eancia Municipal","datePublished":"2023-08-15T19:06:13+00:00","dateModified":"2023-08-15T19:06:14+00:00","mainEntityOfPage":{"@id":"https:\/\/www.manaus.am.gov.br\/semasc\/prefeitura-de-manaus-realiza-certificacao-geral-de-600-alunos-do-centro-de-convivencia-municipal\/"},"wordCount":577,"publisher":{"@id":"https:\/\/www.manaus.am.gov.br\/semasc\/#organization"},"image":{"@id":"https:\/\/www.manaus.am.gov.br\/semasc\/prefeitura-de-manaus-realiza-certificacao-geral-de-600-alunos-do-centro-de-convivencia-municipal\/#primaryimage"},"thumbnailUrl":"https:\/\/www.manaus.am.gov.br\/semasc\/wp-content\/uploads\/sites\/17\/2023\/08\/53119180493_461b2607e8_c.jpg","keywords":["audit\u00f3rio do shopping Cidade Leste","Centro de Conviv\u00eancia da Fam\u00edlia e do Idoso - Prefeito Jos\u00e9 Fernandes","certifica\u00e7\u00e3o","prefeitura de manaus","Semasc","Semtepi","zona leste"],"articleSection":["Qualifica\u00e7\u00e3o"],"inLanguage":"pt-BR"},{"@type":"WebPage","@id":"https:\/\/www.manaus.am.gov.br\/semasc\/prefeitura-de-manaus-realiza-certificacao-geral-de-600-alunos-do-centro-de-convivencia-municipal\/","url":"https:\/\/www.manaus.am.gov.br\/semasc\/prefeitura-de-manaus-realiza-certificacao-geral-de-600-alunos-do-centro-de-convivencia-municipal\/","name":"Prefeitura realiza certifica\u00e7\u00e3o de 600 alunos do Centro de Conviv\u00eancia Municipal","isPartOf":{"@id":"https:\/\/www.manaus.am.gov.br\/semasc\/#website"},"primaryImageOfPage":{"@id":"https:\/\/www.manaus.am.gov.br\/semasc\/prefeitura-de-manaus-realiza-certificacao-geral-de-600-alunos-do-centro-de-convivencia-municipal\/#primaryimage"},"image":{"@id":"https:\/\/www.manaus.am.gov.br\/semasc\/prefeitura-de-manaus-realiza-certificacao-geral-de-600-alunos-do-centro-de-convivencia-municipal\/#primaryimage"},"thumbnailUrl":"https:\/\/www.manaus.am.gov.br\/semasc\/wp-content\/uploads\/sites\/17\/2023\/08\/53119180493_461b2607e8_c.jpg","datePublished":"2023-08-15T19:06:13+00:00","dateModified":"2023-08-15T19:06:14+00:00","description":"A Prefeitura de Manaus, por meio da Secretaria Municipal do Trabalho, Empreendedorismo e Inova\u00e7\u00e3o (Semtepi), em parceria com a Secretaria da Mulher, Assist\u00eancia Social e Cidadania (Semasc), realizou, nesta ter\u00e7a-feira, 15\/8, a certifica\u00e7\u00e3o geral de 600 alunos, que realizaram cursos e oficinas de qualifica\u00e7\u00e3o no Centro de Conviv\u00eancia da Fam\u00edlia e do Idoso - Prefeito Jos\u00e9 Fernandes. A solenidade aconteceu no audit\u00f3rio do shopping Cidade Leste, na zona Leste.","breadcrumb":{"@id":"https:\/\/www.manaus.am.gov.br\/semasc\/prefeitura-de-manaus-realiza-certificacao-geral-de-600-alunos-do-centro-de-convivencia-municipal\/#breadcrumb"},"inLanguage":"pt-BR","potentialAction":[{"@type":"ReadAction","target":["https:\/\/www.manaus.am.gov.br\/semasc\/prefeitura-de-manaus-realiza-certificacao-geral-de-600-alunos-do-centro-de-convivencia-municipal\/"]}]},{"@type":"ImageObject","inLanguage":"pt-BR","@id":"https:\/\/www.manaus.am.gov.br\/semasc\/prefeitura-de-manaus-realiza-certificacao-geral-de-600-alunos-do-centro-de-convivencia-municipal\/#primaryimage","url":"https:\/\/www.manaus.am.gov.br\/semasc\/wp-content\/uploads\/sites\/17\/2023\/08\/53119180493_461b2607e8_c.jpg","contentUrl":"https:\/\/www.manaus.am.gov.br\/semasc\/wp-content\/uploads\/sites\/17\/2023\/08\/53119180493_461b2607e8_c.jpg","width":799,"height":533},{"@type":"BreadcrumbList","@id":"https:\/\/www.manaus.am.gov.br\/semasc\/prefeitura-de-manaus-realiza-certificacao-geral-de-600-alunos-do-centro-de-convivencia-municipal\/#breadcrumb","itemListElement":[{"@type":"ListItem","position":1,"name":"Home","item":"https:\/\/www.manaus.am.gov.br\/semasc\/"},{"@type":"ListItem","position":2,"name":"Prefeitura de Manaus realiza certifica\u00e7\u00e3o geral de 600 alunos do Centro de Conviv\u00eancia Municipal"}]},{"@type":"WebSite","@id":"https:\/\/www.manaus.am.gov.br\/semasc\/#website","url":"https:\/\/www.manaus.am.gov.br\/semasc\/","name":"SEMASC","description":"Secretaria Municipal da Mulher, Assist\u00eancia Social e Cidadania.","publisher":{"@id":"https:\/\/www.manaus.am.gov.br\/semasc\/#organization"},"alternateName":"Secretaria Municipal da Mulher, Assist\u00eancia Social e Cidadania","potentialAction":[{"@type":"SearchAction","target":{"@type":"EntryPoint","urlTemplate":"https:\/\/www.manaus.am.gov.br\/semasc\/?s={search_term_string}"},"query-input":"required name=search_term_string"}],"inLanguage":"pt-BR"},{"@type":"Organization","@id":"https:\/\/www.manaus.am.gov.br\/semasc\/#organization","name":"Prefeitura de Manaus","alternateName":"Prefeitura Municipal de Manaus","url":"https:\/\/www.manaus.am.gov.br\/semasc\/","logo":{"@type":"ImageObject","inLanguage":"pt-BR","@id":"https:\/\/www.manaus.am.gov.br\/semasc\/#\/schema\/logo\/image\/","url":"https:\/\/www.manaus.am.gov.br\/semasc\/wp-content\/uploads\/sites\/17\/2024\/07\/favicon.png","contentUrl":"https:\/\/www.manaus.am.gov.br\/semasc\/wp-content\/uploads\/sites\/17\/2024\/07\/favicon.png","width":300,"height":300,"caption":"Prefeitura de Manaus"},"image":{"@id":"https:\/\/www.manaus.am.gov.br\/semasc\/#\/schema\/logo\/image\/"},"sameAs":["https:\/\/www.facebook.com\/semascmanaus","https:\/\/www.instagram.com\/semascmanaus\/"]},{"@type":"Person","@id":"https:\/\/www.manaus.am.gov.br\/semasc\/#\/schema\/person\/4e49f4e267757a06ca072ec61b2b9968","name":"Adriana Costa","image":{"@type":"ImageObject","inLanguage":"pt-BR","@id":"https:\/\/www.manaus.am.gov.br\/semasc\/#\/schema\/person\/image\/","url":"https:\/\/secure.gravatar.com\/avatar\/576258617ef7194f718179e766d57bd4?s=96&d=mm&r=g","contentUrl":"https:\/\/secure.gravatar.com\/avatar\/576258617ef7194f718179e766d57bd4?s=96&d=mm&r=g","caption":"Adriana Costa"}}]}},"_links":{"self":[{"href":"https:\/\/www.manaus.am.gov.br\/semasc\/wp-json\/wp\/v2\/posts\/208805"}],"collection":[{"href":"https:\/\/www.manaus.am.gov.br\/semasc\/wp-json\/wp\/v2\/posts"}],"about":[{"href":"https:\/\/www.manaus.am.gov.br\/semasc\/wp-json\/wp\/v2\/types\/post"}],"author":[{"embeddable":true,"href":"https:\/\/www.manaus.am.gov.br\/semasc\/wp-json\/wp\/v2\/users\/23"}],"replies":[{"embeddable":true,"href":"https:\/\/www.manaus.am.gov.br\/semasc\/wp-json\/wp\/v2\/comments?post=208805"}],"version-history":[{"count":0,"href":"https:\/\/www.manaus.am.gov.br\/semasc\/wp-json\/wp\/v2\/posts\/208805\/revisions"}],"wp:featuredmedia":[{"embeddable":true,"href":"https:\/\/www.manaus.am.gov.br\/semasc\/wp-json\/wp\/v2\/media\/208806"}],"wp:attachment":[{"href":"https:\/\/www.manaus.am.gov.br\/semasc\/wp-json\/wp\/v2\/media?parent=208805"}],"wp:term":[{"taxonomy":"category","embeddable":true,"href":"https:\/\/www.manaus.am.gov.br\/semasc\/wp-json\/wp\/v2\/categories?post=208805"},{"taxonomy":"post_tag","embeddable":true,"href":"https:\/\/www.manaus.am.gov.br\/semasc\/wp-json\/wp\/v2\/tags?post=208805"}],"curies":[{"name":"wp","href":"https:\/\/api.w.org\/{rel}","templated":true}]}}