{"id":208794,"date":"2023-08-11T21:13:32","date_gmt":"2023-08-12T01:13:32","guid":{"rendered":"https:\/\/www.manaus.am.gov.br\/semasc\/prefeitura-de-manaus-e-uninorte-firmam-parceria-para-ofertar-ensino-superior-as-mulheres-vitimas-de-violencia\/"},"modified":"2023-08-11T21:13:34","modified_gmt":"2023-08-12T01:13:34","slug":"prefeitura-de-manaus-e-uninorte-firmam-parceria-para-ofertar-ensino-superior-as-mulheres-vitimas-de-violencia","status":"publish","type":"post","link":"https:\/\/www.manaus.am.gov.br\/semasc\/prefeitura-de-manaus-e-uninorte-firmam-parceria-para-ofertar-ensino-superior-as-mulheres-vitimas-de-violencia\/","title":{"rendered":"<strong>Prefeitura de Manaus e UniNorte firmam parceria para ofertar ensino superior \u00e0s mulheres v\u00edtimas de viol\u00eancia<\/strong>"},"content":{"rendered":"\n<p>A Prefeitura de Manaus, por meio da Secretaria Municipal da Mulher, Assist\u00eancia Social e Cidadania (Semasc), em parceria com o Centro Universit\u00e1rio do Norte (UniNorte), realizou, nesta sexta-feira, 11\/8, o lan\u00e7amento do \u201cPrograma Ser Mulher\u201d, voltado para mulheres v\u00edtimas de viol\u00eancia dom\u00e9stica. O ato aconteceu na unidade 10 da universidade, localizada na rua 10 de Julho, no Centro.<\/p>\n\n\n\n<p>A iniciativa tem como objetivo ofertar bolsas integrais em cursos de gradua\u00e7\u00e3o EAD para mulheres v\u00edtimas de viol\u00eancia que s\u00e3o acompanhadas pelo Centro de Refer\u00eancia dos Direitos da Mulher (CRDM), equipamento socioassistencial administrado pela Semasc.<\/p>\n\n\n\n<p>\u201cEssa coopera\u00e7\u00e3o \u00e9 de suma import\u00e2ncia para as nossas usu\u00e1rias, pois ter a oportunidade de cursar um ensino superior, ainda mais de forma totalmente gratuita, \u00e9 uma realiza\u00e7\u00e3o de um sonho para muitas dessas mulheres. A educa\u00e7\u00e3o muda vidas e \u00e9 isso o que n\u00f3s propomos aqui\u201d, afirmou Lorena Barreto, diretora de&nbsp;\u00c1rea de Gest\u00e3o do Sistema \u00danico de Assist\u00eancia Social (Suas) da Semasc.<\/p>\n\n\n\n<p>No total, foram disponibilizadas 16 vagas no programa, sendo oito destinadas a mulheres atendidas pelo CRDM e oito para mulheres acompanhadas pelo instituto Mana, que \u00e9 uma Organiza\u00e7\u00e3o da Sociedade Civil (OSC) voltada para a promo\u00e7\u00e3o e defesa dos direitos das mulheres e para o combate \u00e0 viol\u00eancia de g\u00eanero na cidade. As aulas iniciam no fim de agosto.<\/p>\n\n\n\n<p>\u201cObservamos muito o que acontece na sociedade e nos envolvemos nas quest\u00f5es sociais, a fim de que possamos contribuir de alguma forma. Por isso, para n\u00f3s essa parceria \u00e9 extremamente importante, pois podemos ajudar essas mulheres dando a elas uma nova oportunidade de vida, um caminho para que elas possam reescrever suas hist\u00f3rias\u201d, ressaltou Gilmara Teles, coordenadora de Responsabilidade Social da UniNorte.<\/p>\n\n\n\n<p><strong>Sobre o CRDM<\/strong><\/p>\n\n\n\n<p>O CRDM \u00e9 respons\u00e1vel por atuar na preven\u00e7\u00e3o e combate \u00e0 viol\u00eancia contra as mulheres na capital amazonense, oferecendo atendimento psicossocial, orienta\u00e7\u00e3o, acompanhamento e encaminhamento jur\u00eddico, al\u00e9m de promover rodas de conversa, palestras e campanhas de conscientiza\u00e7\u00e3o e enfrentamento aos diferentes tipos de viol\u00eancia praticados. Todos os servi\u00e7os s\u00e3o gratuitos.<\/p>\n\n\n\n<p>&#8212; &#8212; &#8212;<\/p>\n\n\n\n<p><strong>Texto \u2013<\/strong>&nbsp;Jackeline Lima | Semasc<\/p>\n\n\n\n<p><strong>Fotos &#8211;&nbsp;<\/strong>Marcely Gomes | Semasc<\/p>\n","protected":false},"excerpt":{"rendered":"","protected":false},"author":31,"featured_media":208795,"comment_status":"closed","ping_status":"closed","sticky":false,"template":"","format":"standard","meta":{"footnotes":""},"categories":[311],"tags":[312,313,217,314,315],"acf":[],"yoast_head":"<!-- This site is optimized with the Yoast SEO plugin v23.0 - https:\/\/yoast.com\/wordpress\/plugins\/seo\/ -->\n<title>Prefeitura de Manaus e UniNorte firmam parceria para ofertar ensino superior \u00e0s mulheres v\u00edtimas de viol\u00eancia - SEMASC<\/title>\n<meta name=\"robots\" content=\"noindex, follow\" \/>\n<meta property=\"og:locale\" content=\"pt_BR\" \/>\n<meta property=\"og:type\" content=\"article\" \/>\n<meta property=\"og:title\" content=\"Prefeitura de Manaus e UniNorte firmam parceria para ofertar ensino superior \u00e0s mulheres v\u00edtimas de viol\u00eancia - SEMASC\" \/>\n<meta property=\"og:url\" content=\"https:\/\/www.manaus.am.gov.br\/semasc\/prefeitura-de-manaus-e-uninorte-firmam-parceria-para-ofertar-ensino-superior-as-mulheres-vitimas-de-violencia\/\" \/>\n<meta property=\"og:site_name\" content=\"SEMASC\" \/>\n<meta property=\"article:publisher\" content=\"https:\/\/www.facebook.com\/semascmanaus\" \/>\n<meta property=\"article:published_time\" content=\"2023-08-12T01:13:32+00:00\" \/>\n<meta property=\"article:modified_time\" content=\"2023-08-12T01:13:34+00:00\" \/>\n<meta property=\"og:image\" content=\"https:\/\/www.manaus.am.gov.br\/semasc\/wp-content\/uploads\/sites\/17\/2023\/08\/20230811180825_IMG_9970-1024x683.jpg\" \/>\n\t<meta property=\"og:image:width\" content=\"1024\" \/>\n\t<meta property=\"og:image:height\" content=\"683\" \/>\n\t<meta property=\"og:image:type\" content=\"image\/jpeg\" \/>\n<meta name=\"author\" content=\"Renata Felix\" \/>\n<meta name=\"twitter:card\" content=\"summary_large_image\" \/>\n<meta name=\"twitter:label1\" content=\"Written by\" \/>\n\t<meta name=\"twitter:data1\" content=\"Renata Felix\" \/>\n\t<meta name=\"twitter:label2\" content=\"Est. reading time\" \/>\n\t<meta name=\"twitter:data2\" content=\"2 minutos\" \/>\n<script type=\"application\/ld+json\" class=\"yoast-schema-graph\">{\"@context\":\"https:\/\/schema.org\",\"@graph\":[{\"@type\":\"Article\",\"@id\":\"https:\/\/www.manaus.am.gov.br\/semasc\/prefeitura-de-manaus-e-uninorte-firmam-parceria-para-ofertar-ensino-superior-as-mulheres-vitimas-de-violencia\/#article\",\"isPartOf\":{\"@id\":\"https:\/\/www.manaus.am.gov.br\/semasc\/prefeitura-de-manaus-e-uninorte-firmam-parceria-para-ofertar-ensino-superior-as-mulheres-vitimas-de-violencia\/\"},\"author\":{\"name\":\"Renata Felix\",\"@id\":\"https:\/\/www.manaus.am.gov.br\/semasc\/#\/schema\/person\/4eea2a8f78dc853097abb026f728aa06\"},\"headline\":\"Prefeitura de Manaus e UniNorte firmam parceria para ofertar ensino superior \u00e0s mulheres v\u00edtimas de viol\u00eancia\",\"datePublished\":\"2023-08-12T01:13:32+00:00\",\"dateModified\":\"2023-08-12T01:13:34+00:00\",\"mainEntityOfPage\":{\"@id\":\"https:\/\/www.manaus.am.gov.br\/semasc\/prefeitura-de-manaus-e-uninorte-firmam-parceria-para-ofertar-ensino-superior-as-mulheres-vitimas-de-violencia\/\"},\"wordCount\":388,\"publisher\":{\"@id\":\"https:\/\/www.manaus.am.gov.br\/semasc\/#organization\"},\"image\":{\"@id\":\"https:\/\/www.manaus.am.gov.br\/semasc\/prefeitura-de-manaus-e-uninorte-firmam-parceria-para-ofertar-ensino-superior-as-mulheres-vitimas-de-violencia\/#primaryimage\"},\"thumbnailUrl\":\"https:\/\/www.manaus.am.gov.br\/semasc\/wp-content\/uploads\/sites\/17\/2023\/08\/20230811180825_IMG_9970.jpg\",\"keywords\":[\"bolsa\",\"Ensino Superior\",\"mulheres v\u00edtimas de viol\u00eancia\",\"parceria\",\"Uninorte\"],\"articleSection\":[\"Parceria\"],\"inLanguage\":\"pt-BR\"},{\"@type\":\"WebPage\",\"@id\":\"https:\/\/www.manaus.am.gov.br\/semasc\/prefeitura-de-manaus-e-uninorte-firmam-parceria-para-ofertar-ensino-superior-as-mulheres-vitimas-de-violencia\/\",\"url\":\"https:\/\/www.manaus.am.gov.br\/semasc\/prefeitura-de-manaus-e-uninorte-firmam-parceria-para-ofertar-ensino-superior-as-mulheres-vitimas-de-violencia\/\",\"name\":\"Prefeitura de Manaus e UniNorte firmam parceria para ofertar ensino superior \u00e0s mulheres v\u00edtimas de viol\u00eancia - SEMASC\",\"isPartOf\":{\"@id\":\"https:\/\/www.manaus.am.gov.br\/semasc\/#website\"},\"primaryImageOfPage\":{\"@id\":\"https:\/\/www.manaus.am.gov.br\/semasc\/prefeitura-de-manaus-e-uninorte-firmam-parceria-para-ofertar-ensino-superior-as-mulheres-vitimas-de-violencia\/#primaryimage\"},\"image\":{\"@id\":\"https:\/\/www.manaus.am.gov.br\/semasc\/prefeitura-de-manaus-e-uninorte-firmam-parceria-para-ofertar-ensino-superior-as-mulheres-vitimas-de-violencia\/#primaryimage\"},\"thumbnailUrl\":\"https:\/\/www.manaus.am.gov.br\/semasc\/wp-content\/uploads\/sites\/17\/2023\/08\/20230811180825_IMG_9970.jpg\",\"datePublished\":\"2023-08-12T01:13:32+00:00\",\"dateModified\":\"2023-08-12T01:13:34+00:00\",\"breadcrumb\":{\"@id\":\"https:\/\/www.manaus.am.gov.br\/semasc\/prefeitura-de-manaus-e-uninorte-firmam-parceria-para-ofertar-ensino-superior-as-mulheres-vitimas-de-violencia\/#breadcrumb\"},\"inLanguage\":\"pt-BR\",\"potentialAction\":[{\"@type\":\"ReadAction\",\"target\":[\"https:\/\/www.manaus.am.gov.br\/semasc\/prefeitura-de-manaus-e-uninorte-firmam-parceria-para-ofertar-ensino-superior-as-mulheres-vitimas-de-violencia\/\"]}]},{\"@type\":\"ImageObject\",\"inLanguage\":\"pt-BR\",\"@id\":\"https:\/\/www.manaus.am.gov.br\/semasc\/prefeitura-de-manaus-e-uninorte-firmam-parceria-para-ofertar-ensino-superior-as-mulheres-vitimas-de-violencia\/#primaryimage\",\"url\":\"https:\/\/www.manaus.am.gov.br\/semasc\/wp-content\/uploads\/sites\/17\/2023\/08\/20230811180825_IMG_9970.jpg\",\"contentUrl\":\"https:\/\/www.manaus.am.gov.br\/semasc\/wp-content\/uploads\/sites\/17\/2023\/08\/20230811180825_IMG_9970.jpg\",\"width\":3984,\"height\":2656},{\"@type\":\"BreadcrumbList\",\"@id\":\"https:\/\/www.manaus.am.gov.br\/semasc\/prefeitura-de-manaus-e-uninorte-firmam-parceria-para-ofertar-ensino-superior-as-mulheres-vitimas-de-violencia\/#breadcrumb\",\"itemListElement\":[{\"@type\":\"ListItem\",\"position\":1,\"name\":\"Home\",\"item\":\"https:\/\/www.manaus.am.gov.br\/semasc\/\"},{\"@type\":\"ListItem\",\"position\":2,\"name\":\"Prefeitura de Manaus e UniNorte firmam parceria para ofertar ensino superior \u00e0s mulheres v\u00edtimas de viol\u00eancia\"}]},{\"@type\":\"WebSite\",\"@id\":\"https:\/\/www.manaus.am.gov.br\/semasc\/#website\",\"url\":\"https:\/\/www.manaus.am.gov.br\/semasc\/\",\"name\":\"SEMASC\",\"description\":\"Secretaria Municipal da Mulher, Assist\u00eancia Social e Cidadania.\",\"publisher\":{\"@id\":\"https:\/\/www.manaus.am.gov.br\/semasc\/#organization\"},\"alternateName\":\"Secretaria Municipal da Mulher, Assist\u00eancia Social e Cidadania\",\"potentialAction\":[{\"@type\":\"SearchAction\",\"target\":{\"@type\":\"EntryPoint\",\"urlTemplate\":\"https:\/\/www.manaus.am.gov.br\/semasc\/?s={search_term_string}\"},\"query-input\":\"required name=search_term_string\"}],\"inLanguage\":\"pt-BR\"},{\"@type\":\"Organization\",\"@id\":\"https:\/\/www.manaus.am.gov.br\/semasc\/#organization\",\"name\":\"Prefeitura de Manaus\",\"alternateName\":\"Prefeitura Municipal de Manaus\",\"url\":\"https:\/\/www.manaus.am.gov.br\/semasc\/\",\"logo\":{\"@type\":\"ImageObject\",\"inLanguage\":\"pt-BR\",\"@id\":\"https:\/\/www.manaus.am.gov.br\/semasc\/#\/schema\/logo\/image\/\",\"url\":\"https:\/\/www.manaus.am.gov.br\/semasc\/wp-content\/uploads\/sites\/17\/2024\/07\/favicon.png\",\"contentUrl\":\"https:\/\/www.manaus.am.gov.br\/semasc\/wp-content\/uploads\/sites\/17\/2024\/07\/favicon.png\",\"width\":300,\"height\":300,\"caption\":\"Prefeitura de Manaus\"},\"image\":{\"@id\":\"https:\/\/www.manaus.am.gov.br\/semasc\/#\/schema\/logo\/image\/\"},\"sameAs\":[\"https:\/\/www.facebook.com\/semascmanaus\",\"https:\/\/www.instagram.com\/semascmanaus\/\"]},{\"@type\":\"Person\",\"@id\":\"https:\/\/www.manaus.am.gov.br\/semasc\/#\/schema\/person\/4eea2a8f78dc853097abb026f728aa06\",\"name\":\"Renata Felix\",\"image\":{\"@type\":\"ImageObject\",\"inLanguage\":\"pt-BR\",\"@id\":\"https:\/\/www.manaus.am.gov.br\/semasc\/#\/schema\/person\/image\/\",\"url\":\"https:\/\/secure.gravatar.com\/avatar\/3c196cf9d3b837b24c8edb2c50fd8f29?s=96&d=mm&r=g\",\"contentUrl\":\"https:\/\/secure.gravatar.com\/avatar\/3c196cf9d3b837b24c8edb2c50fd8f29?s=96&d=mm&r=g\",\"caption\":\"Renata Felix\"}}]}<\/script>\n<!-- \/ Yoast SEO plugin. -->","yoast_head_json":{"title":"Prefeitura de Manaus e UniNorte firmam parceria para ofertar ensino superior \u00e0s mulheres v\u00edtimas de viol\u00eancia - SEMASC","robots":{"index":"noindex","follow":"follow"},"og_locale":"pt_BR","og_type":"article","og_title":"Prefeitura de Manaus e UniNorte firmam parceria para ofertar ensino superior \u00e0s mulheres v\u00edtimas de viol\u00eancia - SEMASC","og_url":"https:\/\/www.manaus.am.gov.br\/semasc\/prefeitura-de-manaus-e-uninorte-firmam-parceria-para-ofertar-ensino-superior-as-mulheres-vitimas-de-violencia\/","og_site_name":"SEMASC","article_publisher":"https:\/\/www.facebook.com\/semascmanaus","article_published_time":"2023-08-12T01:13:32+00:00","article_modified_time":"2023-08-12T01:13:34+00:00","og_image":[{"width":1024,"height":683,"url":"https:\/\/www.manaus.am.gov.br\/semasc\/wp-content\/uploads\/sites\/17\/2023\/08\/20230811180825_IMG_9970-1024x683.jpg","type":"image\/jpeg"}],"author":"Renata Felix","twitter_card":"summary_large_image","twitter_misc":{"Written by":"Renata Felix","Est. reading time":"2 minutos"},"schema":{"@context":"https:\/\/schema.org","@graph":[{"@type":"Article","@id":"https:\/\/www.manaus.am.gov.br\/semasc\/prefeitura-de-manaus-e-uninorte-firmam-parceria-para-ofertar-ensino-superior-as-mulheres-vitimas-de-violencia\/#article","isPartOf":{"@id":"https:\/\/www.manaus.am.gov.br\/semasc\/prefeitura-de-manaus-e-uninorte-firmam-parceria-para-ofertar-ensino-superior-as-mulheres-vitimas-de-violencia\/"},"author":{"name":"Renata Felix","@id":"https:\/\/www.manaus.am.gov.br\/semasc\/#\/schema\/person\/4eea2a8f78dc853097abb026f728aa06"},"headline":"Prefeitura de Manaus e UniNorte firmam parceria para ofertar ensino superior \u00e0s mulheres v\u00edtimas de viol\u00eancia","datePublished":"2023-08-12T01:13:32+00:00","dateModified":"2023-08-12T01:13:34+00:00","mainEntityOfPage":{"@id":"https:\/\/www.manaus.am.gov.br\/semasc\/prefeitura-de-manaus-e-uninorte-firmam-parceria-para-ofertar-ensino-superior-as-mulheres-vitimas-de-violencia\/"},"wordCount":388,"publisher":{"@id":"https:\/\/www.manaus.am.gov.br\/semasc\/#organization"},"image":{"@id":"https:\/\/www.manaus.am.gov.br\/semasc\/prefeitura-de-manaus-e-uninorte-firmam-parceria-para-ofertar-ensino-superior-as-mulheres-vitimas-de-violencia\/#primaryimage"},"thumbnailUrl":"https:\/\/www.manaus.am.gov.br\/semasc\/wp-content\/uploads\/sites\/17\/2023\/08\/20230811180825_IMG_9970.jpg","keywords":["bolsa","Ensino Superior","mulheres v\u00edtimas de viol\u00eancia","parceria","Uninorte"],"articleSection":["Parceria"],"inLanguage":"pt-BR"},{"@type":"WebPage","@id":"https:\/\/www.manaus.am.gov.br\/semasc\/prefeitura-de-manaus-e-uninorte-firmam-parceria-para-ofertar-ensino-superior-as-mulheres-vitimas-de-violencia\/","url":"https:\/\/www.manaus.am.gov.br\/semasc\/prefeitura-de-manaus-e-uninorte-firmam-parceria-para-ofertar-ensino-superior-as-mulheres-vitimas-de-violencia\/","name":"Prefeitura de Manaus e UniNorte firmam parceria para ofertar ensino superior \u00e0s mulheres v\u00edtimas de viol\u00eancia - SEMASC","isPartOf":{"@id":"https:\/\/www.manaus.am.gov.br\/semasc\/#website"},"primaryImageOfPage":{"@id":"https:\/\/www.manaus.am.gov.br\/semasc\/prefeitura-de-manaus-e-uninorte-firmam-parceria-para-ofertar-ensino-superior-as-mulheres-vitimas-de-violencia\/#primaryimage"},"image":{"@id":"https:\/\/www.manaus.am.gov.br\/semasc\/prefeitura-de-manaus-e-uninorte-firmam-parceria-para-ofertar-ensino-superior-as-mulheres-vitimas-de-violencia\/#primaryimage"},"thumbnailUrl":"https:\/\/www.manaus.am.gov.br\/semasc\/wp-content\/uploads\/sites\/17\/2023\/08\/20230811180825_IMG_9970.jpg","datePublished":"2023-08-12T01:13:32+00:00","dateModified":"2023-08-12T01:13:34+00:00","breadcrumb":{"@id":"https:\/\/www.manaus.am.gov.br\/semasc\/prefeitura-de-manaus-e-uninorte-firmam-parceria-para-ofertar-ensino-superior-as-mulheres-vitimas-de-violencia\/#breadcrumb"},"inLanguage":"pt-BR","potentialAction":[{"@type":"ReadAction","target":["https:\/\/www.manaus.am.gov.br\/semasc\/prefeitura-de-manaus-e-uninorte-firmam-parceria-para-ofertar-ensino-superior-as-mulheres-vitimas-de-violencia\/"]}]},{"@type":"ImageObject","inLanguage":"pt-BR","@id":"https:\/\/www.manaus.am.gov.br\/semasc\/prefeitura-de-manaus-e-uninorte-firmam-parceria-para-ofertar-ensino-superior-as-mulheres-vitimas-de-violencia\/#primaryimage","url":"https:\/\/www.manaus.am.gov.br\/semasc\/wp-content\/uploads\/sites\/17\/2023\/08\/20230811180825_IMG_9970.jpg","contentUrl":"https:\/\/www.manaus.am.gov.br\/semasc\/wp-content\/uploads\/sites\/17\/2023\/08\/20230811180825_IMG_9970.jpg","width":3984,"height":2656},{"@type":"BreadcrumbList","@id":"https:\/\/www.manaus.am.gov.br\/semasc\/prefeitura-de-manaus-e-uninorte-firmam-parceria-para-ofertar-ensino-superior-as-mulheres-vitimas-de-violencia\/#breadcrumb","itemListElement":[{"@type":"ListItem","position":1,"name":"Home","item":"https:\/\/www.manaus.am.gov.br\/semasc\/"},{"@type":"ListItem","position":2,"name":"Prefeitura de Manaus e UniNorte firmam parceria para ofertar ensino superior \u00e0s mulheres v\u00edtimas de viol\u00eancia"}]},{"@type":"WebSite","@id":"https:\/\/www.manaus.am.gov.br\/semasc\/#website","url":"https:\/\/www.manaus.am.gov.br\/semasc\/","name":"SEMASC","description":"Secretaria Municipal da Mulher, Assist\u00eancia Social e Cidadania.","publisher":{"@id":"https:\/\/www.manaus.am.gov.br\/semasc\/#organization"},"alternateName":"Secretaria Municipal da Mulher, Assist\u00eancia Social e Cidadania","potentialAction":[{"@type":"SearchAction","target":{"@type":"EntryPoint","urlTemplate":"https:\/\/www.manaus.am.gov.br\/semasc\/?s={search_term_string}"},"query-input":"required name=search_term_string"}],"inLanguage":"pt-BR"},{"@type":"Organization","@id":"https:\/\/www.manaus.am.gov.br\/semasc\/#organization","name":"Prefeitura de Manaus","alternateName":"Prefeitura Municipal de Manaus","url":"https:\/\/www.manaus.am.gov.br\/semasc\/","logo":{"@type":"ImageObject","inLanguage":"pt-BR","@id":"https:\/\/www.manaus.am.gov.br\/semasc\/#\/schema\/logo\/image\/","url":"https:\/\/www.manaus.am.gov.br\/semasc\/wp-content\/uploads\/sites\/17\/2024\/07\/favicon.png","contentUrl":"https:\/\/www.manaus.am.gov.br\/semasc\/wp-content\/uploads\/sites\/17\/2024\/07\/favicon.png","width":300,"height":300,"caption":"Prefeitura de Manaus"},"image":{"@id":"https:\/\/www.manaus.am.gov.br\/semasc\/#\/schema\/logo\/image\/"},"sameAs":["https:\/\/www.facebook.com\/semascmanaus","https:\/\/www.instagram.com\/semascmanaus\/"]},{"@type":"Person","@id":"https:\/\/www.manaus.am.gov.br\/semasc\/#\/schema\/person\/4eea2a8f78dc853097abb026f728aa06","name":"Renata Felix","image":{"@type":"ImageObject","inLanguage":"pt-BR","@id":"https:\/\/www.manaus.am.gov.br\/semasc\/#\/schema\/person\/image\/","url":"https:\/\/secure.gravatar.com\/avatar\/3c196cf9d3b837b24c8edb2c50fd8f29?s=96&d=mm&r=g","contentUrl":"https:\/\/secure.gravatar.com\/avatar\/3c196cf9d3b837b24c8edb2c50fd8f29?s=96&d=mm&r=g","caption":"Renata Felix"}}]}},"_links":{"self":[{"href":"https:\/\/www.manaus.am.gov.br\/semasc\/wp-json\/wp\/v2\/posts\/208794"}],"collection":[{"href":"https:\/\/www.manaus.am.gov.br\/semasc\/wp-json\/wp\/v2\/posts"}],"about":[{"href":"https:\/\/www.manaus.am.gov.br\/semasc\/wp-json\/wp\/v2\/types\/post"}],"author":[{"embeddable":true,"href":"https:\/\/www.manaus.am.gov.br\/semasc\/wp-json\/wp\/v2\/users\/31"}],"replies":[{"embeddable":true,"href":"https:\/\/www.manaus.am.gov.br\/semasc\/wp-json\/wp\/v2\/comments?post=208794"}],"version-history":[{"count":0,"href":"https:\/\/www.manaus.am.gov.br\/semasc\/wp-json\/wp\/v2\/posts\/208794\/revisions"}],"wp:featuredmedia":[{"embeddable":true,"href":"https:\/\/www.manaus.am.gov.br\/semasc\/wp-json\/wp\/v2\/media\/208795"}],"wp:attachment":[{"href":"https:\/\/www.manaus.am.gov.br\/semasc\/wp-json\/wp\/v2\/media?parent=208794"}],"wp:term":[{"taxonomy":"category","embeddable":true,"href":"https:\/\/www.manaus.am.gov.br\/semasc\/wp-json\/wp\/v2\/categories?post=208794"},{"taxonomy":"post_tag","embeddable":true,"href":"https:\/\/www.manaus.am.gov.br\/semasc\/wp-json\/wp\/v2\/tags?post=208794"}],"curies":[{"name":"wp","href":"https:\/\/api.w.org\/{rel}","templated":true}]}}