{"id":208788,"date":"2023-08-11T14:22:26","date_gmt":"2023-08-11T18:22:26","guid":{"rendered":"https:\/\/www.manaus.am.gov.br\/semasc\/prefeitura-de-manaus-e-ciee-certificam-jovens-em-oficina-de-empregabilidade\/"},"modified":"2023-08-11T14:22:28","modified_gmt":"2023-08-11T18:22:28","slug":"prefeitura-de-manaus-e-ciee-certificam-jovens-em-oficina-de-empregabilidade","status":"publish","type":"post","link":"https:\/\/www.manaus.am.gov.br\/semasc\/prefeitura-de-manaus-e-ciee-certificam-jovens-em-oficina-de-empregabilidade\/","title":{"rendered":"<strong>Prefeitura de Manaus e CIEE\u00a0certificam\u00a0jovens em Oficina de Empregabilidade<\/strong>"},"content":{"rendered":"\n<p>A Prefeitura de Manaus, por meio da Secretaria Municipal da Mulher, Assist\u00eancia Social e Cidadania (Semasc), em parceria com o Centro de Integra\u00e7\u00e3o Empresa-Escola (CIEE), realizou, nesta sexta-feira, 11\/8, a cerim\u00f4nia de entrega de certificados aos jovens participantes da \u201cOficina de Empregabilidade\u201d. O ato ocorreu no Centro de Refer\u00eancia e Assist\u00eancia Social (Cras) Cidade Nova, na zona Norte.<\/p>\n\n\n\n<p>Com o objetivo de capacitar e preparar os adolescentes para o mercado de trabalho, a oficina reuniu 35 jovens atendidos e acompanhados pelo Servi\u00e7o de Conviv\u00eancia e Fortalecimento de V\u00ednculos (SCFV) e de Prote\u00e7\u00e3o e Atendimento Integral \u00e0 Fam\u00edlia (Paif) do Cras.<\/p>\n\n\n\n<p>\u201cNa oficina eles aprenderam a fazer curr\u00edculo, a maneira correta de se vestir para uma entrevista de emprego, entre outras quest\u00f5es comportamentais e t\u00e9cnicas. Inclusive j\u00e1 conseguimos encaminhar uma das alunas para o mercado de trabalho e isso \u00e9 motivo de muita alegria\u201d, ressaltou Edilzete Nunes, coordenadora do Cras Cidade Nova.<\/p>\n\n\n\n<p>Para Eliane Souza, que \u00e9 consultora de atendimento do CIEE, a parceria com o poder p\u00fablico municipal exerce um papel essencial para impulsionar a trajet\u00f3ria profissional desses jovens.<\/p>\n\n\n\n<p>\u201c\u00c9 gratificante olhar para essa iniciativa e perceber que estamos contribuindo de forma direta na forma\u00e7\u00e3o desses estudantes. A parceria \u00e9 maravilhosa, porque \u00e9 por interm\u00e9dio dela que conseguimos fazer com que os jovens estejam mais capacitados e preparados para o mercado de trabalho, e esse direcionamento \u00e9 de suma import\u00e2ncia nessa etapa inicial da carreira deles\u201d, destacou Eliane.<\/p>\n\n\n\n<p>Um dos alunos diplomados, Fernando Amazonas, de 17 anos, elogiou a oficina. \u201cAchei o curso essencial para a gente, pude me conhecer melhor por meio das aulas e tamb\u00e9m tive acesso a diversas informa\u00e7\u00f5es pela primeira vez, sou muito grato por isso. Agora me sinto mais preparado, focado e determinado para o mercado de trabalho\u201d, afirmou.<\/p>\n\n\n\n<p>Com uma m\u00e9dia de 40 mil fam\u00edlias referenciadas na unidade, o Cras Cidade Nova \u00e9 um dos maiores e mais importantes equipamentos socioassistenciais da cidade.<\/p>\n\n\n\n<p>&#8212; &#8212; &#8212;<\/p>\n\n\n\n<p><strong>Texto<\/strong>&nbsp;\u2013Jackeline Lima \/ Semasc<\/p>\n\n\n\n<p><strong>Fotos<\/strong>&nbsp;\u2013 Marcely Gomes \/ Semasc<\/p>\n\n\n\n<p><strong>Dispon\u00edveis em \u2013 <\/strong><a href=\"https:\/\/flic.kr\/s\/aHBqjAQHaD\">https:\/\/flic.kr\/s\/aHBqjAQHaD<\/a><\/p>\n","protected":false},"excerpt":{"rendered":"","protected":false},"author":39,"featured_media":208789,"comment_status":"closed","ping_status":"closed","sticky":false,"template":"","format":"standard","meta":{"footnotes":""},"categories":[301],"tags":[302,303,304,305,7,306,18,307],"acf":[],"yoast_head":"<!-- This site is optimized with the Yoast SEO plugin v23.0 - https:\/\/yoast.com\/wordpress\/plugins\/seo\/ -->\n<title>Prefeitura de Manaus e CIEE certificam jovens em Oficina de Empregabilidade<\/title>\n<meta name=\"description\" content=\"A Prefeitura de Manaus, por meio da Secretaria Municipal da Mulher, Assist\u00eancia Social e Cidadania (Semasc), em parceria com o Centro de Integra\u00e7\u00e3o Empresa-Escola (CIEE), realizou, nesta sexta-feira, 11\/8, a cerim\u00f4nia de entrega de certificados aos jovens participantes da \u201cOficina de Empregabilidade\u201d. O ato ocorreu no Centro de Refer\u00eancia e Assist\u00eancia Social (Cras) Cidade Nova, na zona Norte.\" \/>\n<meta name=\"robots\" content=\"noindex, follow\" \/>\n<meta property=\"og:locale\" content=\"pt_BR\" \/>\n<meta property=\"og:type\" content=\"article\" \/>\n<meta property=\"og:title\" content=\"Prefeitura de Manaus e CIEE certificam jovens em Oficina de Empregabilidade\" \/>\n<meta property=\"og:description\" content=\"A Prefeitura de Manaus, por meio da Secretaria Municipal da Mulher, Assist\u00eancia Social e Cidadania (Semasc), em parceria com o Centro de Integra\u00e7\u00e3o Empresa-Escola (CIEE), realizou, nesta sexta-feira, 11\/8, a cerim\u00f4nia de entrega de certificados aos jovens participantes da \u201cOficina de Empregabilidade\u201d. O ato ocorreu no Centro de Refer\u00eancia e Assist\u00eancia Social (Cras) Cidade Nova, na zona Norte.\" \/>\n<meta property=\"og:url\" content=\"https:\/\/www.manaus.am.gov.br\/semasc\/prefeitura-de-manaus-e-ciee-certificam-jovens-em-oficina-de-empregabilidade\/\" \/>\n<meta property=\"og:site_name\" content=\"SEMASC\" \/>\n<meta property=\"article:publisher\" content=\"https:\/\/www.facebook.com\/semascmanaus\" \/>\n<meta property=\"article:published_time\" content=\"2023-08-11T18:22:26+00:00\" \/>\n<meta property=\"article:modified_time\" content=\"2023-08-11T18:22:28+00:00\" \/>\n<meta property=\"og:image\" content=\"https:\/\/www.manaus.am.gov.br\/semasc\/wp-content\/uploads\/sites\/17\/2023\/08\/20230811092319_IMG_9680-1024x683.jpg\" \/>\n\t<meta property=\"og:image:width\" content=\"1024\" \/>\n\t<meta property=\"og:image:height\" content=\"683\" \/>\n\t<meta property=\"og:image:type\" content=\"image\/jpeg\" \/>\n<meta name=\"author\" content=\"Bruna Greco\" \/>\n<meta name=\"twitter:card\" content=\"summary_large_image\" \/>\n<meta name=\"twitter:label1\" content=\"Written by\" \/>\n\t<meta name=\"twitter:data1\" content=\"Bruna Greco\" \/>\n\t<meta name=\"twitter:label2\" content=\"Est. reading time\" \/>\n\t<meta name=\"twitter:data2\" content=\"2 minutos\" \/>\n<script type=\"application\/ld+json\" class=\"yoast-schema-graph\">{\"@context\":\"https:\/\/schema.org\",\"@graph\":[{\"@type\":\"Article\",\"@id\":\"https:\/\/www.manaus.am.gov.br\/semasc\/prefeitura-de-manaus-e-ciee-certificam-jovens-em-oficina-de-empregabilidade\/#article\",\"isPartOf\":{\"@id\":\"https:\/\/www.manaus.am.gov.br\/semasc\/prefeitura-de-manaus-e-ciee-certificam-jovens-em-oficina-de-empregabilidade\/\"},\"author\":{\"name\":\"Bruna Greco\",\"@id\":\"https:\/\/www.manaus.am.gov.br\/semasc\/#\/schema\/person\/05d223aea2bf115f9883a6ff3683d81b\"},\"headline\":\"Prefeitura de Manaus e CIEE\u00a0certificam\u00a0jovens em Oficina de Empregabilidade\",\"datePublished\":\"2023-08-11T18:22:26+00:00\",\"dateModified\":\"2023-08-11T18:22:28+00:00\",\"mainEntityOfPage\":{\"@id\":\"https:\/\/www.manaus.am.gov.br\/semasc\/prefeitura-de-manaus-e-ciee-certificam-jovens-em-oficina-de-empregabilidade\/\"},\"wordCount\":361,\"publisher\":{\"@id\":\"https:\/\/www.manaus.am.gov.br\/semasc\/#organization\"},\"image\":{\"@id\":\"https:\/\/www.manaus.am.gov.br\/semasc\/prefeitura-de-manaus-e-ciee-certificam-jovens-em-oficina-de-empregabilidade\/#primaryimage\"},\"thumbnailUrl\":\"https:\/\/www.manaus.am.gov.br\/semasc\/wp-content\/uploads\/sites\/17\/2023\/08\/20230811092319_IMG_9680.jpg\",\"keywords\":[\"35 jovens atendidos\",\"ciee\",\"Cras Cidade Nova\",\"oficina de empregabilidade\",\"prefeitura de manaus\",\"Prote\u00e7\u00e3o e Atendimento Integral \u00e0 Fam\u00edlia (Paif)\",\"Semasc\",\"Servi\u00e7o de Conviv\u00eancia e Fortalecimento de V\u00ednculos (SCFV)\"],\"articleSection\":[\"Certifica\u00e7\u00e3o\"],\"inLanguage\":\"pt-BR\"},{\"@type\":\"WebPage\",\"@id\":\"https:\/\/www.manaus.am.gov.br\/semasc\/prefeitura-de-manaus-e-ciee-certificam-jovens-em-oficina-de-empregabilidade\/\",\"url\":\"https:\/\/www.manaus.am.gov.br\/semasc\/prefeitura-de-manaus-e-ciee-certificam-jovens-em-oficina-de-empregabilidade\/\",\"name\":\"Prefeitura de Manaus e CIEE certificam jovens em Oficina de Empregabilidade\",\"isPartOf\":{\"@id\":\"https:\/\/www.manaus.am.gov.br\/semasc\/#website\"},\"primaryImageOfPage\":{\"@id\":\"https:\/\/www.manaus.am.gov.br\/semasc\/prefeitura-de-manaus-e-ciee-certificam-jovens-em-oficina-de-empregabilidade\/#primaryimage\"},\"image\":{\"@id\":\"https:\/\/www.manaus.am.gov.br\/semasc\/prefeitura-de-manaus-e-ciee-certificam-jovens-em-oficina-de-empregabilidade\/#primaryimage\"},\"thumbnailUrl\":\"https:\/\/www.manaus.am.gov.br\/semasc\/wp-content\/uploads\/sites\/17\/2023\/08\/20230811092319_IMG_9680.jpg\",\"datePublished\":\"2023-08-11T18:22:26+00:00\",\"dateModified\":\"2023-08-11T18:22:28+00:00\",\"description\":\"A Prefeitura de Manaus, por meio da Secretaria Municipal da Mulher, Assist\u00eancia Social e Cidadania (Semasc), em parceria com o Centro de Integra\u00e7\u00e3o Empresa-Escola (CIEE), realizou, nesta sexta-feira, 11\/8, a cerim\u00f4nia de entrega de certificados aos jovens participantes da \u201cOficina de Empregabilidade\u201d. O ato ocorreu no Centro de Refer\u00eancia e Assist\u00eancia Social (Cras) Cidade Nova, na zona Norte.\",\"breadcrumb\":{\"@id\":\"https:\/\/www.manaus.am.gov.br\/semasc\/prefeitura-de-manaus-e-ciee-certificam-jovens-em-oficina-de-empregabilidade\/#breadcrumb\"},\"inLanguage\":\"pt-BR\",\"potentialAction\":[{\"@type\":\"ReadAction\",\"target\":[\"https:\/\/www.manaus.am.gov.br\/semasc\/prefeitura-de-manaus-e-ciee-certificam-jovens-em-oficina-de-empregabilidade\/\"]}]},{\"@type\":\"ImageObject\",\"inLanguage\":\"pt-BR\",\"@id\":\"https:\/\/www.manaus.am.gov.br\/semasc\/prefeitura-de-manaus-e-ciee-certificam-jovens-em-oficina-de-empregabilidade\/#primaryimage\",\"url\":\"https:\/\/www.manaus.am.gov.br\/semasc\/wp-content\/uploads\/sites\/17\/2023\/08\/20230811092319_IMG_9680.jpg\",\"contentUrl\":\"https:\/\/www.manaus.am.gov.br\/semasc\/wp-content\/uploads\/sites\/17\/2023\/08\/20230811092319_IMG_9680.jpg\",\"width\":3749,\"height\":2499},{\"@type\":\"BreadcrumbList\",\"@id\":\"https:\/\/www.manaus.am.gov.br\/semasc\/prefeitura-de-manaus-e-ciee-certificam-jovens-em-oficina-de-empregabilidade\/#breadcrumb\",\"itemListElement\":[{\"@type\":\"ListItem\",\"position\":1,\"name\":\"Home\",\"item\":\"https:\/\/www.manaus.am.gov.br\/semasc\/\"},{\"@type\":\"ListItem\",\"position\":2,\"name\":\"Prefeitura de Manaus e CIEE\u00a0certificam\u00a0jovens em Oficina de Empregabilidade\"}]},{\"@type\":\"WebSite\",\"@id\":\"https:\/\/www.manaus.am.gov.br\/semasc\/#website\",\"url\":\"https:\/\/www.manaus.am.gov.br\/semasc\/\",\"name\":\"SEMASC\",\"description\":\"Secretaria Municipal da Mulher, Assist\u00eancia Social e Cidadania.\",\"publisher\":{\"@id\":\"https:\/\/www.manaus.am.gov.br\/semasc\/#organization\"},\"alternateName\":\"Secretaria Municipal da Mulher, Assist\u00eancia Social e Cidadania\",\"potentialAction\":[{\"@type\":\"SearchAction\",\"target\":{\"@type\":\"EntryPoint\",\"urlTemplate\":\"https:\/\/www.manaus.am.gov.br\/semasc\/?s={search_term_string}\"},\"query-input\":\"required name=search_term_string\"}],\"inLanguage\":\"pt-BR\"},{\"@type\":\"Organization\",\"@id\":\"https:\/\/www.manaus.am.gov.br\/semasc\/#organization\",\"name\":\"Prefeitura de Manaus\",\"alternateName\":\"Prefeitura Municipal de Manaus\",\"url\":\"https:\/\/www.manaus.am.gov.br\/semasc\/\",\"logo\":{\"@type\":\"ImageObject\",\"inLanguage\":\"pt-BR\",\"@id\":\"https:\/\/www.manaus.am.gov.br\/semasc\/#\/schema\/logo\/image\/\",\"url\":\"https:\/\/www.manaus.am.gov.br\/semasc\/wp-content\/uploads\/sites\/17\/2024\/07\/favicon.png\",\"contentUrl\":\"https:\/\/www.manaus.am.gov.br\/semasc\/wp-content\/uploads\/sites\/17\/2024\/07\/favicon.png\",\"width\":300,\"height\":300,\"caption\":\"Prefeitura de Manaus\"},\"image\":{\"@id\":\"https:\/\/www.manaus.am.gov.br\/semasc\/#\/schema\/logo\/image\/\"},\"sameAs\":[\"https:\/\/www.facebook.com\/semascmanaus\",\"https:\/\/www.instagram.com\/semascmanaus\/\"]},{\"@type\":\"Person\",\"@id\":\"https:\/\/www.manaus.am.gov.br\/semasc\/#\/schema\/person\/05d223aea2bf115f9883a6ff3683d81b\",\"name\":\"Bruna Greco\",\"image\":{\"@type\":\"ImageObject\",\"inLanguage\":\"pt-BR\",\"@id\":\"https:\/\/www.manaus.am.gov.br\/semasc\/#\/schema\/person\/image\/\",\"url\":\"https:\/\/secure.gravatar.com\/avatar\/9c877d1a6adc2a055330e5c09a8653ce?s=96&d=mm&r=g\",\"contentUrl\":\"https:\/\/secure.gravatar.com\/avatar\/9c877d1a6adc2a055330e5c09a8653ce?s=96&d=mm&r=g\",\"caption\":\"Bruna Greco\"}}]}<\/script>\n<!-- \/ Yoast SEO plugin. -->","yoast_head_json":{"title":"Prefeitura de Manaus e CIEE certificam jovens em Oficina de Empregabilidade","description":"A Prefeitura de Manaus, por meio da Secretaria Municipal da Mulher, Assist\u00eancia Social e Cidadania (Semasc), em parceria com o Centro de Integra\u00e7\u00e3o Empresa-Escola (CIEE), realizou, nesta sexta-feira, 11\/8, a cerim\u00f4nia de entrega de certificados aos jovens participantes da \u201cOficina de Empregabilidade\u201d. O ato ocorreu no Centro de Refer\u00eancia e Assist\u00eancia Social (Cras) Cidade Nova, na zona Norte.","robots":{"index":"noindex","follow":"follow"},"og_locale":"pt_BR","og_type":"article","og_title":"Prefeitura de Manaus e CIEE certificam jovens em Oficina de Empregabilidade","og_description":"A Prefeitura de Manaus, por meio da Secretaria Municipal da Mulher, Assist\u00eancia Social e Cidadania (Semasc), em parceria com o Centro de Integra\u00e7\u00e3o Empresa-Escola (CIEE), realizou, nesta sexta-feira, 11\/8, a cerim\u00f4nia de entrega de certificados aos jovens participantes da \u201cOficina de Empregabilidade\u201d. O ato ocorreu no Centro de Refer\u00eancia e Assist\u00eancia Social (Cras) Cidade Nova, na zona Norte.","og_url":"https:\/\/www.manaus.am.gov.br\/semasc\/prefeitura-de-manaus-e-ciee-certificam-jovens-em-oficina-de-empregabilidade\/","og_site_name":"SEMASC","article_publisher":"https:\/\/www.facebook.com\/semascmanaus","article_published_time":"2023-08-11T18:22:26+00:00","article_modified_time":"2023-08-11T18:22:28+00:00","og_image":[{"width":1024,"height":683,"url":"https:\/\/www.manaus.am.gov.br\/semasc\/wp-content\/uploads\/sites\/17\/2023\/08\/20230811092319_IMG_9680-1024x683.jpg","type":"image\/jpeg"}],"author":"Bruna Greco","twitter_card":"summary_large_image","twitter_misc":{"Written by":"Bruna Greco","Est. reading time":"2 minutos"},"schema":{"@context":"https:\/\/schema.org","@graph":[{"@type":"Article","@id":"https:\/\/www.manaus.am.gov.br\/semasc\/prefeitura-de-manaus-e-ciee-certificam-jovens-em-oficina-de-empregabilidade\/#article","isPartOf":{"@id":"https:\/\/www.manaus.am.gov.br\/semasc\/prefeitura-de-manaus-e-ciee-certificam-jovens-em-oficina-de-empregabilidade\/"},"author":{"name":"Bruna Greco","@id":"https:\/\/www.manaus.am.gov.br\/semasc\/#\/schema\/person\/05d223aea2bf115f9883a6ff3683d81b"},"headline":"Prefeitura de Manaus e CIEE\u00a0certificam\u00a0jovens em Oficina de Empregabilidade","datePublished":"2023-08-11T18:22:26+00:00","dateModified":"2023-08-11T18:22:28+00:00","mainEntityOfPage":{"@id":"https:\/\/www.manaus.am.gov.br\/semasc\/prefeitura-de-manaus-e-ciee-certificam-jovens-em-oficina-de-empregabilidade\/"},"wordCount":361,"publisher":{"@id":"https:\/\/www.manaus.am.gov.br\/semasc\/#organization"},"image":{"@id":"https:\/\/www.manaus.am.gov.br\/semasc\/prefeitura-de-manaus-e-ciee-certificam-jovens-em-oficina-de-empregabilidade\/#primaryimage"},"thumbnailUrl":"https:\/\/www.manaus.am.gov.br\/semasc\/wp-content\/uploads\/sites\/17\/2023\/08\/20230811092319_IMG_9680.jpg","keywords":["35 jovens atendidos","ciee","Cras Cidade Nova","oficina de empregabilidade","prefeitura de manaus","Prote\u00e7\u00e3o e Atendimento Integral \u00e0 Fam\u00edlia (Paif)","Semasc","Servi\u00e7o de Conviv\u00eancia e Fortalecimento de V\u00ednculos (SCFV)"],"articleSection":["Certifica\u00e7\u00e3o"],"inLanguage":"pt-BR"},{"@type":"WebPage","@id":"https:\/\/www.manaus.am.gov.br\/semasc\/prefeitura-de-manaus-e-ciee-certificam-jovens-em-oficina-de-empregabilidade\/","url":"https:\/\/www.manaus.am.gov.br\/semasc\/prefeitura-de-manaus-e-ciee-certificam-jovens-em-oficina-de-empregabilidade\/","name":"Prefeitura de Manaus e CIEE certificam jovens em Oficina de Empregabilidade","isPartOf":{"@id":"https:\/\/www.manaus.am.gov.br\/semasc\/#website"},"primaryImageOfPage":{"@id":"https:\/\/www.manaus.am.gov.br\/semasc\/prefeitura-de-manaus-e-ciee-certificam-jovens-em-oficina-de-empregabilidade\/#primaryimage"},"image":{"@id":"https:\/\/www.manaus.am.gov.br\/semasc\/prefeitura-de-manaus-e-ciee-certificam-jovens-em-oficina-de-empregabilidade\/#primaryimage"},"thumbnailUrl":"https:\/\/www.manaus.am.gov.br\/semasc\/wp-content\/uploads\/sites\/17\/2023\/08\/20230811092319_IMG_9680.jpg","datePublished":"2023-08-11T18:22:26+00:00","dateModified":"2023-08-11T18:22:28+00:00","description":"A Prefeitura de Manaus, por meio da Secretaria Municipal da Mulher, Assist\u00eancia Social e Cidadania (Semasc), em parceria com o Centro de Integra\u00e7\u00e3o Empresa-Escola (CIEE), realizou, nesta sexta-feira, 11\/8, a cerim\u00f4nia de entrega de certificados aos jovens participantes da \u201cOficina de Empregabilidade\u201d. O ato ocorreu no Centro de Refer\u00eancia e Assist\u00eancia Social (Cras) Cidade Nova, na zona Norte.","breadcrumb":{"@id":"https:\/\/www.manaus.am.gov.br\/semasc\/prefeitura-de-manaus-e-ciee-certificam-jovens-em-oficina-de-empregabilidade\/#breadcrumb"},"inLanguage":"pt-BR","potentialAction":[{"@type":"ReadAction","target":["https:\/\/www.manaus.am.gov.br\/semasc\/prefeitura-de-manaus-e-ciee-certificam-jovens-em-oficina-de-empregabilidade\/"]}]},{"@type":"ImageObject","inLanguage":"pt-BR","@id":"https:\/\/www.manaus.am.gov.br\/semasc\/prefeitura-de-manaus-e-ciee-certificam-jovens-em-oficina-de-empregabilidade\/#primaryimage","url":"https:\/\/www.manaus.am.gov.br\/semasc\/wp-content\/uploads\/sites\/17\/2023\/08\/20230811092319_IMG_9680.jpg","contentUrl":"https:\/\/www.manaus.am.gov.br\/semasc\/wp-content\/uploads\/sites\/17\/2023\/08\/20230811092319_IMG_9680.jpg","width":3749,"height":2499},{"@type":"BreadcrumbList","@id":"https:\/\/www.manaus.am.gov.br\/semasc\/prefeitura-de-manaus-e-ciee-certificam-jovens-em-oficina-de-empregabilidade\/#breadcrumb","itemListElement":[{"@type":"ListItem","position":1,"name":"Home","item":"https:\/\/www.manaus.am.gov.br\/semasc\/"},{"@type":"ListItem","position":2,"name":"Prefeitura de Manaus e CIEE\u00a0certificam\u00a0jovens em Oficina de Empregabilidade"}]},{"@type":"WebSite","@id":"https:\/\/www.manaus.am.gov.br\/semasc\/#website","url":"https:\/\/www.manaus.am.gov.br\/semasc\/","name":"SEMASC","description":"Secretaria Municipal da Mulher, Assist\u00eancia Social e Cidadania.","publisher":{"@id":"https:\/\/www.manaus.am.gov.br\/semasc\/#organization"},"alternateName":"Secretaria Municipal da Mulher, Assist\u00eancia Social e Cidadania","potentialAction":[{"@type":"SearchAction","target":{"@type":"EntryPoint","urlTemplate":"https:\/\/www.manaus.am.gov.br\/semasc\/?s={search_term_string}"},"query-input":"required name=search_term_string"}],"inLanguage":"pt-BR"},{"@type":"Organization","@id":"https:\/\/www.manaus.am.gov.br\/semasc\/#organization","name":"Prefeitura de Manaus","alternateName":"Prefeitura Municipal de Manaus","url":"https:\/\/www.manaus.am.gov.br\/semasc\/","logo":{"@type":"ImageObject","inLanguage":"pt-BR","@id":"https:\/\/www.manaus.am.gov.br\/semasc\/#\/schema\/logo\/image\/","url":"https:\/\/www.manaus.am.gov.br\/semasc\/wp-content\/uploads\/sites\/17\/2024\/07\/favicon.png","contentUrl":"https:\/\/www.manaus.am.gov.br\/semasc\/wp-content\/uploads\/sites\/17\/2024\/07\/favicon.png","width":300,"height":300,"caption":"Prefeitura de Manaus"},"image":{"@id":"https:\/\/www.manaus.am.gov.br\/semasc\/#\/schema\/logo\/image\/"},"sameAs":["https:\/\/www.facebook.com\/semascmanaus","https:\/\/www.instagram.com\/semascmanaus\/"]},{"@type":"Person","@id":"https:\/\/www.manaus.am.gov.br\/semasc\/#\/schema\/person\/05d223aea2bf115f9883a6ff3683d81b","name":"Bruna Greco","image":{"@type":"ImageObject","inLanguage":"pt-BR","@id":"https:\/\/www.manaus.am.gov.br\/semasc\/#\/schema\/person\/image\/","url":"https:\/\/secure.gravatar.com\/avatar\/9c877d1a6adc2a055330e5c09a8653ce?s=96&d=mm&r=g","contentUrl":"https:\/\/secure.gravatar.com\/avatar\/9c877d1a6adc2a055330e5c09a8653ce?s=96&d=mm&r=g","caption":"Bruna Greco"}}]}},"_links":{"self":[{"href":"https:\/\/www.manaus.am.gov.br\/semasc\/wp-json\/wp\/v2\/posts\/208788"}],"collection":[{"href":"https:\/\/www.manaus.am.gov.br\/semasc\/wp-json\/wp\/v2\/posts"}],"about":[{"href":"https:\/\/www.manaus.am.gov.br\/semasc\/wp-json\/wp\/v2\/types\/post"}],"author":[{"embeddable":true,"href":"https:\/\/www.manaus.am.gov.br\/semasc\/wp-json\/wp\/v2\/users\/39"}],"replies":[{"embeddable":true,"href":"https:\/\/www.manaus.am.gov.br\/semasc\/wp-json\/wp\/v2\/comments?post=208788"}],"version-history":[{"count":0,"href":"https:\/\/www.manaus.am.gov.br\/semasc\/wp-json\/wp\/v2\/posts\/208788\/revisions"}],"wp:featuredmedia":[{"embeddable":true,"href":"https:\/\/www.manaus.am.gov.br\/semasc\/wp-json\/wp\/v2\/media\/208789"}],"wp:attachment":[{"href":"https:\/\/www.manaus.am.gov.br\/semasc\/wp-json\/wp\/v2\/media?parent=208788"}],"wp:term":[{"taxonomy":"category","embeddable":true,"href":"https:\/\/www.manaus.am.gov.br\/semasc\/wp-json\/wp\/v2\/categories?post=208788"},{"taxonomy":"post_tag","embeddable":true,"href":"https:\/\/www.manaus.am.gov.br\/semasc\/wp-json\/wp\/v2\/tags?post=208788"}],"curies":[{"name":"wp","href":"https:\/\/api.w.org\/{rel}","templated":true}]}}