{"id":208719,"date":"2023-08-07T17:25:31","date_gmt":"2023-08-07T21:25:31","guid":{"rendered":"https:\/\/www.manaus.am.gov.br\/semasc\/prefeitura-de-manaus-promove-manha-de-convivencia-a-familias-acompanhadas-pelos-cras-e-creas\/"},"modified":"2023-08-07T17:38:03","modified_gmt":"2023-08-07T21:38:03","slug":"prefeitura-de-manaus-promove-manha-de-convivencia-a-familias-acompanhadas-pelos-cras-e-creas","status":"publish","type":"post","link":"https:\/\/www.manaus.am.gov.br\/semasc\/prefeitura-de-manaus-promove-manha-de-convivencia-a-familias-acompanhadas-pelos-cras-e-creas\/","title":{"rendered":"<strong>Prefeitura de Manaus promove manh\u00e3 de conviv\u00eancia a fam\u00edlias acompanhadas pelos Cras e Creas<\/strong>"},"content":{"rendered":"\n<p>A Prefeitura de Manaus, por meio da Secretaria Municipal da Mulher, Assist\u00eancia Social e Cidadania (Semasc), promoveu, nesta segunda-feira, 7\/8, uma manh\u00e3 de conviv\u00eancia a fam\u00edlias acompanhadas pelo Centro de Refer\u00eancia de Assist\u00eancia Social (Cras) Col\u00f4nia Ant\u00f4nio Aleixo e Centros de Refer\u00eancia Especializado de Assist\u00eancia Social (Creas) Norte e Centro-Oeste. A atividade aconteceu no Amazonas Shopping, localizado na avenida Djalma Batista, no bairro Parque 10 de Novembro, zona Centro-Sul.<\/p>\n\n\n\n<p>Ao todo, participaram da programa\u00e7\u00e3o 15 crian\u00e7as acompanhadas pelo Servi\u00e7o de Conviv\u00eancia e Fortalecimento de V\u00ednculos (SCFV) e 22 adolescentes em cumprimento de Medidas Socioeducativas em Meio Aberto, al\u00e9m dos acompanhantes e t\u00e9cnicas da Semasc.<\/p>\n\n\n\n<p>&#8220;Muitas vezes, esses adolescentes desconhecem o que est\u00e1 ao redor deles, ent\u00e3o essas atividades culturais s\u00e3o essenciais para que esses jovens possam entender que fazem parte de um espa\u00e7o maior, porque quando eles t\u00eam acesso ao lazer isso abre portas para que possam vislumbrar outros caminhos na vida&#8221;, destacou Eliene Passos, psic\u00f3loga do Creas Centro-Oeste.<\/p>\n\n\n\n<p>No local, as crian\u00e7as e adolescentes usufru\u00edram de um lazer de qualidade e muitos deles tiveram a oportunidade de ir pela primeira vez ao cinema. S\u00e9rgio Jos\u00e9 Fortes, coordenador de Experi\u00eancia do Consumidor do Amazonas Shopping, refor\u00e7ou a import\u00e2ncia da iniciativa.<\/p>\n\n\n\n<p>&#8220;Temos parceria com a Semasc em v\u00e1rias frentes. No caso do projeto Cinema Solid\u00e1rio, n\u00f3s trazemos crian\u00e7as e jovens em situa\u00e7\u00e3o de vulnerabilidade social para dentro do shopping para assistir a uma sess\u00e3o, e muitas delas chegam e falam que nunca tinham tido essa oportunidade de ir ao cinema. Isso para a gente \u00e9 muito gratificante, poder ajudar a fazer algo que agrega valor para a sociedade&#8221;, comentou.<\/p>\n\n\n\n<p>A iniciativa, alusiva aos 33 anos de cria\u00e7\u00e3o do Estatuto da Crian\u00e7a e do Adolescente (ECA), faz parte da programa\u00e7\u00e3o de atividades dos equipamentos socioassistenciais da Semasc.<\/p>\n\n\n\n<p>&#8220;Esse momento \u00e9 uma parte das programa\u00e7\u00f5es que os equipamentos da Semasc ofertam aos jovens, de maneira que eles possam observar outras oportunidades na sociedade. A pr\u00f3pria cultura \u00e9 fundamental para que esses jovens criem gosto pela arte, cinema e pela leitura, ent\u00e3o \u00e9 uma forma que n\u00f3s temos de incrementar esse processo de ressocializa\u00e7\u00e3o&#8221;, explicou Cleomar Martins, assistente social e t\u00e9cnica do Creas Norte.<\/p>\n\n\n\n<p>Al\u00e9m de promover momentos de descontra\u00e7\u00e3o, a atividade atua diretamente no desenvolvimento dos participantes. &#8220;A iniciativa \u00e9 importante porque muitos deles n\u00e3o t\u00eam essa oportunidade, ent\u00e3o isso \u00e9 gratificante para a gente. Al\u00e9m disso, essas atividades ajudam no desenvolvimento deles com rela\u00e7\u00e3o \u00e0 intera\u00e7\u00e3o e socializa\u00e7\u00e3o&#8221;, afirmou Arlete Nascimento, t\u00e9cnica de refer\u00eancia do Cras Col\u00f4nia Ant\u00f4nio Aleixo.<\/p>\n\n\n\n<p>A dona de casa G.P, de 37 anos, que \u00e9 m\u00e3e de um jovem de 17 anos que est\u00e1 finalizando o cumprimento da medida socioeducativa, elogiou a manh\u00e3 de conviv\u00eancia.<\/p>\n\n\n\n<p>&#8220;Fiquei muito feliz e o meu filho tamb\u00e9m, ele gostou de ter vindo e j\u00e1 fez at\u00e9 novas amizades. Eu acho importante essas atividades porque ajuda distrair a cabe\u00e7a dos jovens, a tirar o foco de coisas que podem n\u00e3o ser corretas&#8221;, concluiu.<\/p>\n\n\n\n<p>&#8212; &#8212; &#8212;<\/p>\n\n\n\n<p><strong>Texto &#8211;<\/strong> Jackeline Lima \/ Semasc<\/p>\n\n\n\n<p><strong>Fotos &#8211;<\/strong> Guilherme Pacheco \/ Semasc<\/p>\n\n\n\n<p><strong>Dispon\u00edveis em<\/strong> &#8211; <a href=\"https:\/\/flic.kr\/s\/aHBqjAQfyn\">https:\/\/flic.kr\/s\/aHBqjAQfyn<\/a><\/p>\n","protected":false},"excerpt":{"rendered":"","protected":false},"author":39,"featured_media":208720,"comment_status":"closed","ping_status":"closed","sticky":false,"template":"","format":"standard","meta":{"footnotes":""},"categories":[34],"tags":[292,293,294,63,7,18],"acf":[],"yoast_head":"<!-- This site is optimized with the Yoast SEO plugin v23.0 - https:\/\/yoast.com\/wordpress\/plugins\/seo\/ -->\n<title>Prefeitura de Manaus promove manh\u00e3 de conviv\u00eancia a fam\u00edlias acompanhadas pelos Cras e Creas<\/title>\n<meta name=\"description\" content=\"Ao todo, participaram da programa\u00e7\u00e3o 15 crian\u00e7as acompanhadas pelo Servi\u00e7o de Conviv\u00eancia e Fortalecimento de V\u00ednculos (SCFV) e 22 adolescentes em cumprimento de Medidas Socioeducativas em Meio Aberto, al\u00e9m dos acompanhantes e t\u00e9cnicas da Semasc.\" \/>\n<meta name=\"robots\" content=\"noindex, follow\" \/>\n<meta property=\"og:locale\" content=\"pt_BR\" \/>\n<meta property=\"og:type\" content=\"article\" \/>\n<meta property=\"og:title\" content=\"Prefeitura de Manaus promove manh\u00e3 de conviv\u00eancia a fam\u00edlias acompanhadas pelos Cras e Creas\" \/>\n<meta property=\"og:description\" content=\"Ao todo, participaram da programa\u00e7\u00e3o 15 crian\u00e7as acompanhadas pelo Servi\u00e7o de Conviv\u00eancia e Fortalecimento de V\u00ednculos (SCFV) e 22 adolescentes em cumprimento de Medidas Socioeducativas em Meio Aberto, al\u00e9m dos acompanhantes e t\u00e9cnicas da Semasc.\" \/>\n<meta property=\"og:url\" content=\"https:\/\/www.manaus.am.gov.br\/semasc\/prefeitura-de-manaus-promove-manha-de-convivencia-a-familias-acompanhadas-pelos-cras-e-creas\/\" \/>\n<meta property=\"og:site_name\" content=\"SEMASC\" \/>\n<meta property=\"article:publisher\" content=\"https:\/\/www.facebook.com\/semascmanaus\" \/>\n<meta property=\"article:published_time\" content=\"2023-08-07T21:25:31+00:00\" \/>\n<meta property=\"article:modified_time\" content=\"2023-08-07T21:38:03+00:00\" \/>\n<meta property=\"og:image\" content=\"https:\/\/www.manaus.am.gov.br\/semasc\/wp-content\/uploads\/sites\/17\/2023\/08\/53100949004_8232d72eff_k.jpg\" \/>\n\t<meta property=\"og:image:width\" content=\"2048\" \/>\n\t<meta property=\"og:image:height\" content=\"1365\" \/>\n\t<meta property=\"og:image:type\" content=\"image\/jpeg\" \/>\n<meta name=\"author\" content=\"Bruna Greco\" \/>\n<meta name=\"twitter:card\" content=\"summary_large_image\" \/>\n<meta name=\"twitter:label1\" content=\"Written by\" \/>\n\t<meta name=\"twitter:data1\" content=\"Bruna Greco\" \/>\n\t<meta name=\"twitter:label2\" content=\"Est. reading time\" \/>\n\t<meta name=\"twitter:data2\" content=\"3 minutos\" \/>\n<script type=\"application\/ld+json\" class=\"yoast-schema-graph\">{\"@context\":\"https:\/\/schema.org\",\"@graph\":[{\"@type\":\"Article\",\"@id\":\"https:\/\/www.manaus.am.gov.br\/semasc\/prefeitura-de-manaus-promove-manha-de-convivencia-a-familias-acompanhadas-pelos-cras-e-creas\/#article\",\"isPartOf\":{\"@id\":\"https:\/\/www.manaus.am.gov.br\/semasc\/prefeitura-de-manaus-promove-manha-de-convivencia-a-familias-acompanhadas-pelos-cras-e-creas\/\"},\"author\":{\"name\":\"Bruna Greco\",\"@id\":\"https:\/\/www.manaus.am.gov.br\/semasc\/#\/schema\/person\/05d223aea2bf115f9883a6ff3683d81b\"},\"headline\":\"Prefeitura de Manaus promove manh\u00e3 de conviv\u00eancia a fam\u00edlias acompanhadas pelos Cras e Creas\",\"datePublished\":\"2023-08-07T21:25:31+00:00\",\"dateModified\":\"2023-08-07T21:38:03+00:00\",\"mainEntityOfPage\":{\"@id\":\"https:\/\/www.manaus.am.gov.br\/semasc\/prefeitura-de-manaus-promove-manha-de-convivencia-a-familias-acompanhadas-pelos-cras-e-creas\/\"},\"wordCount\":574,\"publisher\":{\"@id\":\"https:\/\/www.manaus.am.gov.br\/semasc\/#organization\"},\"image\":{\"@id\":\"https:\/\/www.manaus.am.gov.br\/semasc\/prefeitura-de-manaus-promove-manha-de-convivencia-a-familias-acompanhadas-pelos-cras-e-creas\/#primaryimage\"},\"thumbnailUrl\":\"https:\/\/www.manaus.am.gov.br\/semasc\/wp-content\/uploads\/sites\/17\/2023\/08\/53100949004_8232d72eff_k.jpg\",\"keywords\":[\"15 crian\u00e7as acompanhadas pelo Servi\u00e7o de Conviv\u00eancia e Fortalecimento de V\u00ednculos (SCFV)\",\"22 adolescentes em cumprimento de Medidas Socioeducativas em Meio Aberto\",\"fam\u00edlias acompanhadas pelos Cras e Creas\",\"manh\u00e3 de conviv\u00eancia\",\"prefeitura de manaus\",\"Semasc\"],\"articleSection\":[\"Assist\u00eancia Social\"],\"inLanguage\":\"pt-BR\"},{\"@type\":\"WebPage\",\"@id\":\"https:\/\/www.manaus.am.gov.br\/semasc\/prefeitura-de-manaus-promove-manha-de-convivencia-a-familias-acompanhadas-pelos-cras-e-creas\/\",\"url\":\"https:\/\/www.manaus.am.gov.br\/semasc\/prefeitura-de-manaus-promove-manha-de-convivencia-a-familias-acompanhadas-pelos-cras-e-creas\/\",\"name\":\"Prefeitura de Manaus promove manh\u00e3 de conviv\u00eancia a fam\u00edlias acompanhadas pelos Cras e Creas\",\"isPartOf\":{\"@id\":\"https:\/\/www.manaus.am.gov.br\/semasc\/#website\"},\"primaryImageOfPage\":{\"@id\":\"https:\/\/www.manaus.am.gov.br\/semasc\/prefeitura-de-manaus-promove-manha-de-convivencia-a-familias-acompanhadas-pelos-cras-e-creas\/#primaryimage\"},\"image\":{\"@id\":\"https:\/\/www.manaus.am.gov.br\/semasc\/prefeitura-de-manaus-promove-manha-de-convivencia-a-familias-acompanhadas-pelos-cras-e-creas\/#primaryimage\"},\"thumbnailUrl\":\"https:\/\/www.manaus.am.gov.br\/semasc\/wp-content\/uploads\/sites\/17\/2023\/08\/53100949004_8232d72eff_k.jpg\",\"datePublished\":\"2023-08-07T21:25:31+00:00\",\"dateModified\":\"2023-08-07T21:38:03+00:00\",\"description\":\"Ao todo, participaram da programa\u00e7\u00e3o 15 crian\u00e7as acompanhadas pelo Servi\u00e7o de Conviv\u00eancia e Fortalecimento de V\u00ednculos (SCFV) e 22 adolescentes em cumprimento de Medidas Socioeducativas em Meio Aberto, al\u00e9m dos acompanhantes e t\u00e9cnicas da Semasc.\",\"breadcrumb\":{\"@id\":\"https:\/\/www.manaus.am.gov.br\/semasc\/prefeitura-de-manaus-promove-manha-de-convivencia-a-familias-acompanhadas-pelos-cras-e-creas\/#breadcrumb\"},\"inLanguage\":\"pt-BR\",\"potentialAction\":[{\"@type\":\"ReadAction\",\"target\":[\"https:\/\/www.manaus.am.gov.br\/semasc\/prefeitura-de-manaus-promove-manha-de-convivencia-a-familias-acompanhadas-pelos-cras-e-creas\/\"]}]},{\"@type\":\"ImageObject\",\"inLanguage\":\"pt-BR\",\"@id\":\"https:\/\/www.manaus.am.gov.br\/semasc\/prefeitura-de-manaus-promove-manha-de-convivencia-a-familias-acompanhadas-pelos-cras-e-creas\/#primaryimage\",\"url\":\"https:\/\/www.manaus.am.gov.br\/semasc\/wp-content\/uploads\/sites\/17\/2023\/08\/53100949004_8232d72eff_k.jpg\",\"contentUrl\":\"https:\/\/www.manaus.am.gov.br\/semasc\/wp-content\/uploads\/sites\/17\/2023\/08\/53100949004_8232d72eff_k.jpg\",\"width\":2048,\"height\":1365},{\"@type\":\"BreadcrumbList\",\"@id\":\"https:\/\/www.manaus.am.gov.br\/semasc\/prefeitura-de-manaus-promove-manha-de-convivencia-a-familias-acompanhadas-pelos-cras-e-creas\/#breadcrumb\",\"itemListElement\":[{\"@type\":\"ListItem\",\"position\":1,\"name\":\"Home\",\"item\":\"https:\/\/www.manaus.am.gov.br\/semasc\/\"},{\"@type\":\"ListItem\",\"position\":2,\"name\":\"Prefeitura de Manaus promove manh\u00e3 de conviv\u00eancia a fam\u00edlias acompanhadas pelos Cras e Creas\"}]},{\"@type\":\"WebSite\",\"@id\":\"https:\/\/www.manaus.am.gov.br\/semasc\/#website\",\"url\":\"https:\/\/www.manaus.am.gov.br\/semasc\/\",\"name\":\"SEMASC\",\"description\":\"Secretaria Municipal da Mulher, Assist\u00eancia Social e Cidadania.\",\"publisher\":{\"@id\":\"https:\/\/www.manaus.am.gov.br\/semasc\/#organization\"},\"alternateName\":\"Secretaria Municipal da Mulher, Assist\u00eancia Social e Cidadania\",\"potentialAction\":[{\"@type\":\"SearchAction\",\"target\":{\"@type\":\"EntryPoint\",\"urlTemplate\":\"https:\/\/www.manaus.am.gov.br\/semasc\/?s={search_term_string}\"},\"query-input\":\"required name=search_term_string\"}],\"inLanguage\":\"pt-BR\"},{\"@type\":\"Organization\",\"@id\":\"https:\/\/www.manaus.am.gov.br\/semasc\/#organization\",\"name\":\"Prefeitura de Manaus\",\"alternateName\":\"Prefeitura Municipal de Manaus\",\"url\":\"https:\/\/www.manaus.am.gov.br\/semasc\/\",\"logo\":{\"@type\":\"ImageObject\",\"inLanguage\":\"pt-BR\",\"@id\":\"https:\/\/www.manaus.am.gov.br\/semasc\/#\/schema\/logo\/image\/\",\"url\":\"https:\/\/www.manaus.am.gov.br\/semasc\/wp-content\/uploads\/sites\/17\/2024\/07\/favicon.png\",\"contentUrl\":\"https:\/\/www.manaus.am.gov.br\/semasc\/wp-content\/uploads\/sites\/17\/2024\/07\/favicon.png\",\"width\":300,\"height\":300,\"caption\":\"Prefeitura de Manaus\"},\"image\":{\"@id\":\"https:\/\/www.manaus.am.gov.br\/semasc\/#\/schema\/logo\/image\/\"},\"sameAs\":[\"https:\/\/www.facebook.com\/semascmanaus\",\"https:\/\/www.instagram.com\/semascmanaus\/\"]},{\"@type\":\"Person\",\"@id\":\"https:\/\/www.manaus.am.gov.br\/semasc\/#\/schema\/person\/05d223aea2bf115f9883a6ff3683d81b\",\"name\":\"Bruna Greco\",\"image\":{\"@type\":\"ImageObject\",\"inLanguage\":\"pt-BR\",\"@id\":\"https:\/\/www.manaus.am.gov.br\/semasc\/#\/schema\/person\/image\/\",\"url\":\"https:\/\/secure.gravatar.com\/avatar\/9c877d1a6adc2a055330e5c09a8653ce?s=96&d=mm&r=g\",\"contentUrl\":\"https:\/\/secure.gravatar.com\/avatar\/9c877d1a6adc2a055330e5c09a8653ce?s=96&d=mm&r=g\",\"caption\":\"Bruna Greco\"}}]}<\/script>\n<!-- \/ Yoast SEO plugin. -->","yoast_head_json":{"title":"Prefeitura de Manaus promove manh\u00e3 de conviv\u00eancia a fam\u00edlias acompanhadas pelos Cras e Creas","description":"Ao todo, participaram da programa\u00e7\u00e3o 15 crian\u00e7as acompanhadas pelo Servi\u00e7o de Conviv\u00eancia e Fortalecimento de V\u00ednculos (SCFV) e 22 adolescentes em cumprimento de Medidas Socioeducativas em Meio Aberto, al\u00e9m dos acompanhantes e t\u00e9cnicas da Semasc.","robots":{"index":"noindex","follow":"follow"},"og_locale":"pt_BR","og_type":"article","og_title":"Prefeitura de Manaus promove manh\u00e3 de conviv\u00eancia a fam\u00edlias acompanhadas pelos Cras e Creas","og_description":"Ao todo, participaram da programa\u00e7\u00e3o 15 crian\u00e7as acompanhadas pelo Servi\u00e7o de Conviv\u00eancia e Fortalecimento de V\u00ednculos (SCFV) e 22 adolescentes em cumprimento de Medidas Socioeducativas em Meio Aberto, al\u00e9m dos acompanhantes e t\u00e9cnicas da Semasc.","og_url":"https:\/\/www.manaus.am.gov.br\/semasc\/prefeitura-de-manaus-promove-manha-de-convivencia-a-familias-acompanhadas-pelos-cras-e-creas\/","og_site_name":"SEMASC","article_publisher":"https:\/\/www.facebook.com\/semascmanaus","article_published_time":"2023-08-07T21:25:31+00:00","article_modified_time":"2023-08-07T21:38:03+00:00","og_image":[{"width":2048,"height":1365,"url":"https:\/\/www.manaus.am.gov.br\/semasc\/wp-content\/uploads\/sites\/17\/2023\/08\/53100949004_8232d72eff_k.jpg","type":"image\/jpeg"}],"author":"Bruna Greco","twitter_card":"summary_large_image","twitter_misc":{"Written by":"Bruna Greco","Est. reading time":"3 minutos"},"schema":{"@context":"https:\/\/schema.org","@graph":[{"@type":"Article","@id":"https:\/\/www.manaus.am.gov.br\/semasc\/prefeitura-de-manaus-promove-manha-de-convivencia-a-familias-acompanhadas-pelos-cras-e-creas\/#article","isPartOf":{"@id":"https:\/\/www.manaus.am.gov.br\/semasc\/prefeitura-de-manaus-promove-manha-de-convivencia-a-familias-acompanhadas-pelos-cras-e-creas\/"},"author":{"name":"Bruna Greco","@id":"https:\/\/www.manaus.am.gov.br\/semasc\/#\/schema\/person\/05d223aea2bf115f9883a6ff3683d81b"},"headline":"Prefeitura de Manaus promove manh\u00e3 de conviv\u00eancia a fam\u00edlias acompanhadas pelos Cras e Creas","datePublished":"2023-08-07T21:25:31+00:00","dateModified":"2023-08-07T21:38:03+00:00","mainEntityOfPage":{"@id":"https:\/\/www.manaus.am.gov.br\/semasc\/prefeitura-de-manaus-promove-manha-de-convivencia-a-familias-acompanhadas-pelos-cras-e-creas\/"},"wordCount":574,"publisher":{"@id":"https:\/\/www.manaus.am.gov.br\/semasc\/#organization"},"image":{"@id":"https:\/\/www.manaus.am.gov.br\/semasc\/prefeitura-de-manaus-promove-manha-de-convivencia-a-familias-acompanhadas-pelos-cras-e-creas\/#primaryimage"},"thumbnailUrl":"https:\/\/www.manaus.am.gov.br\/semasc\/wp-content\/uploads\/sites\/17\/2023\/08\/53100949004_8232d72eff_k.jpg","keywords":["15 crian\u00e7as acompanhadas pelo Servi\u00e7o de Conviv\u00eancia e Fortalecimento de V\u00ednculos (SCFV)","22 adolescentes em cumprimento de Medidas Socioeducativas em Meio Aberto","fam\u00edlias acompanhadas pelos Cras e Creas","manh\u00e3 de conviv\u00eancia","prefeitura de manaus","Semasc"],"articleSection":["Assist\u00eancia Social"],"inLanguage":"pt-BR"},{"@type":"WebPage","@id":"https:\/\/www.manaus.am.gov.br\/semasc\/prefeitura-de-manaus-promove-manha-de-convivencia-a-familias-acompanhadas-pelos-cras-e-creas\/","url":"https:\/\/www.manaus.am.gov.br\/semasc\/prefeitura-de-manaus-promove-manha-de-convivencia-a-familias-acompanhadas-pelos-cras-e-creas\/","name":"Prefeitura de Manaus promove manh\u00e3 de conviv\u00eancia a fam\u00edlias acompanhadas pelos Cras e Creas","isPartOf":{"@id":"https:\/\/www.manaus.am.gov.br\/semasc\/#website"},"primaryImageOfPage":{"@id":"https:\/\/www.manaus.am.gov.br\/semasc\/prefeitura-de-manaus-promove-manha-de-convivencia-a-familias-acompanhadas-pelos-cras-e-creas\/#primaryimage"},"image":{"@id":"https:\/\/www.manaus.am.gov.br\/semasc\/prefeitura-de-manaus-promove-manha-de-convivencia-a-familias-acompanhadas-pelos-cras-e-creas\/#primaryimage"},"thumbnailUrl":"https:\/\/www.manaus.am.gov.br\/semasc\/wp-content\/uploads\/sites\/17\/2023\/08\/53100949004_8232d72eff_k.jpg","datePublished":"2023-08-07T21:25:31+00:00","dateModified":"2023-08-07T21:38:03+00:00","description":"Ao todo, participaram da programa\u00e7\u00e3o 15 crian\u00e7as acompanhadas pelo Servi\u00e7o de Conviv\u00eancia e Fortalecimento de V\u00ednculos (SCFV) e 22 adolescentes em cumprimento de Medidas Socioeducativas em Meio Aberto, al\u00e9m dos acompanhantes e t\u00e9cnicas da Semasc.","breadcrumb":{"@id":"https:\/\/www.manaus.am.gov.br\/semasc\/prefeitura-de-manaus-promove-manha-de-convivencia-a-familias-acompanhadas-pelos-cras-e-creas\/#breadcrumb"},"inLanguage":"pt-BR","potentialAction":[{"@type":"ReadAction","target":["https:\/\/www.manaus.am.gov.br\/semasc\/prefeitura-de-manaus-promove-manha-de-convivencia-a-familias-acompanhadas-pelos-cras-e-creas\/"]}]},{"@type":"ImageObject","inLanguage":"pt-BR","@id":"https:\/\/www.manaus.am.gov.br\/semasc\/prefeitura-de-manaus-promove-manha-de-convivencia-a-familias-acompanhadas-pelos-cras-e-creas\/#primaryimage","url":"https:\/\/www.manaus.am.gov.br\/semasc\/wp-content\/uploads\/sites\/17\/2023\/08\/53100949004_8232d72eff_k.jpg","contentUrl":"https:\/\/www.manaus.am.gov.br\/semasc\/wp-content\/uploads\/sites\/17\/2023\/08\/53100949004_8232d72eff_k.jpg","width":2048,"height":1365},{"@type":"BreadcrumbList","@id":"https:\/\/www.manaus.am.gov.br\/semasc\/prefeitura-de-manaus-promove-manha-de-convivencia-a-familias-acompanhadas-pelos-cras-e-creas\/#breadcrumb","itemListElement":[{"@type":"ListItem","position":1,"name":"Home","item":"https:\/\/www.manaus.am.gov.br\/semasc\/"},{"@type":"ListItem","position":2,"name":"Prefeitura de Manaus promove manh\u00e3 de conviv\u00eancia a fam\u00edlias acompanhadas pelos Cras e Creas"}]},{"@type":"WebSite","@id":"https:\/\/www.manaus.am.gov.br\/semasc\/#website","url":"https:\/\/www.manaus.am.gov.br\/semasc\/","name":"SEMASC","description":"Secretaria Municipal da Mulher, Assist\u00eancia Social e Cidadania.","publisher":{"@id":"https:\/\/www.manaus.am.gov.br\/semasc\/#organization"},"alternateName":"Secretaria Municipal da Mulher, Assist\u00eancia Social e Cidadania","potentialAction":[{"@type":"SearchAction","target":{"@type":"EntryPoint","urlTemplate":"https:\/\/www.manaus.am.gov.br\/semasc\/?s={search_term_string}"},"query-input":"required name=search_term_string"}],"inLanguage":"pt-BR"},{"@type":"Organization","@id":"https:\/\/www.manaus.am.gov.br\/semasc\/#organization","name":"Prefeitura de Manaus","alternateName":"Prefeitura Municipal de Manaus","url":"https:\/\/www.manaus.am.gov.br\/semasc\/","logo":{"@type":"ImageObject","inLanguage":"pt-BR","@id":"https:\/\/www.manaus.am.gov.br\/semasc\/#\/schema\/logo\/image\/","url":"https:\/\/www.manaus.am.gov.br\/semasc\/wp-content\/uploads\/sites\/17\/2024\/07\/favicon.png","contentUrl":"https:\/\/www.manaus.am.gov.br\/semasc\/wp-content\/uploads\/sites\/17\/2024\/07\/favicon.png","width":300,"height":300,"caption":"Prefeitura de Manaus"},"image":{"@id":"https:\/\/www.manaus.am.gov.br\/semasc\/#\/schema\/logo\/image\/"},"sameAs":["https:\/\/www.facebook.com\/semascmanaus","https:\/\/www.instagram.com\/semascmanaus\/"]},{"@type":"Person","@id":"https:\/\/www.manaus.am.gov.br\/semasc\/#\/schema\/person\/05d223aea2bf115f9883a6ff3683d81b","name":"Bruna Greco","image":{"@type":"ImageObject","inLanguage":"pt-BR","@id":"https:\/\/www.manaus.am.gov.br\/semasc\/#\/schema\/person\/image\/","url":"https:\/\/secure.gravatar.com\/avatar\/9c877d1a6adc2a055330e5c09a8653ce?s=96&d=mm&r=g","contentUrl":"https:\/\/secure.gravatar.com\/avatar\/9c877d1a6adc2a055330e5c09a8653ce?s=96&d=mm&r=g","caption":"Bruna Greco"}}]}},"_links":{"self":[{"href":"https:\/\/www.manaus.am.gov.br\/semasc\/wp-json\/wp\/v2\/posts\/208719"}],"collection":[{"href":"https:\/\/www.manaus.am.gov.br\/semasc\/wp-json\/wp\/v2\/posts"}],"about":[{"href":"https:\/\/www.manaus.am.gov.br\/semasc\/wp-json\/wp\/v2\/types\/post"}],"author":[{"embeddable":true,"href":"https:\/\/www.manaus.am.gov.br\/semasc\/wp-json\/wp\/v2\/users\/39"}],"replies":[{"embeddable":true,"href":"https:\/\/www.manaus.am.gov.br\/semasc\/wp-json\/wp\/v2\/comments?post=208719"}],"version-history":[{"count":1,"href":"https:\/\/www.manaus.am.gov.br\/semasc\/wp-json\/wp\/v2\/posts\/208719\/revisions"}],"predecessor-version":[{"id":208721,"href":"https:\/\/www.manaus.am.gov.br\/semasc\/wp-json\/wp\/v2\/posts\/208719\/revisions\/208721"}],"wp:featuredmedia":[{"embeddable":true,"href":"https:\/\/www.manaus.am.gov.br\/semasc\/wp-json\/wp\/v2\/media\/208720"}],"wp:attachment":[{"href":"https:\/\/www.manaus.am.gov.br\/semasc\/wp-json\/wp\/v2\/media?parent=208719"}],"wp:term":[{"taxonomy":"category","embeddable":true,"href":"https:\/\/www.manaus.am.gov.br\/semasc\/wp-json\/wp\/v2\/categories?post=208719"},{"taxonomy":"post_tag","embeddable":true,"href":"https:\/\/www.manaus.am.gov.br\/semasc\/wp-json\/wp\/v2\/tags?post=208719"}],"curies":[{"name":"wp","href":"https:\/\/api.w.org\/{rel}","templated":true}]}}