{"id":208709,"date":"2023-08-04T20:20:36","date_gmt":"2023-08-05T00:20:36","guid":{"rendered":"https:\/\/www.manaus.am.gov.br\/semasc\/prefeitura-de-manaus-reune-familias-de-criancas-autistas-no-3o-arraial-do-eamaar\/"},"modified":"2023-08-04T20:24:42","modified_gmt":"2023-08-05T00:24:42","slug":"prefeitura-de-manaus-reune-familias-de-criancas-autistas-no-3o-arraial-do-eamaar","status":"publish","type":"post","link":"https:\/\/www.manaus.am.gov.br\/semasc\/prefeitura-de-manaus-reune-familias-de-criancas-autistas-no-3o-arraial-do-eamaar\/","title":{"rendered":"<strong>Prefeitura de Manaus re\u00fane fam\u00edlias de crian\u00e7as autistas no 3\u00ba Arraial do Eamaar<\/strong>"},"content":{"rendered":"\n<p>A Prefeitura de Manaus, por meio da Secretaria Municipal da Mulher, Assist\u00eancia, Social e Cidadania (Semasc), reuniu, nesta sexta-feira, 4\/8, fam\u00edlias de crian\u00e7as e adolescentes autistas atendidas no Espa\u00e7o de Atendimento Multidisciplinar ao Autista Amigo Ruy (Eamaar), durante a 3\u00aa edi\u00e7\u00e3o do \u201cArraial do Eamaar\u201d. A festa aconteceu na sede da unidade, localizada no bairro Alvorada, zona Oeste.<\/p>\n\n\n\n<p>O evento teve como objetivo celebrar a diversidade e inclus\u00e3o das pessoas com Transtorno do Espectro Autista (TEA), al\u00e9m de proporcionar momentos de descontra\u00e7\u00e3o e intera\u00e7\u00e3o entre as fam\u00edlias. Gerenciado pela Semasc, o equipamento possui mais de 6 mil crian\u00e7as e jovens sendo acompanhados por alguma especialidade.<\/p>\n\n\n\n<p>\u201cEsse nosso projeto \u00e9 um sucesso. As crian\u00e7as autistas n\u00e3o t\u00eam habilidade para estar em qualquer canto, devido \u00e0 dificuldade de adapta\u00e7\u00e3o, pensando nisso n\u00f3s criamos esse arraial da inclus\u00e3o. Al\u00e9m de pensar nas crian\u00e7as, tamb\u00e9m preparamos um mix musical para os pais se divertirem. O trabalho que fazemos aqui \u00e9 reconhecido como refer\u00eancia, n\u00e3o s\u00f3 no Amazonas, como tamb\u00e9m em outros Estados. Ent\u00e3o, temos que celebrar\u201d, comentou Alexandre Mascarenhas, diretor do Eamaar.<\/p>\n\n\n\n<p>A festa contou com diversas atra\u00e7\u00f5es culturais, como o grupo de dan\u00e7a de carimb\u00f3 da Escola Estadual (EE) Desembargador Andr\u00e9 Vidal de Ara\u00fajo, grupo de dan\u00e7a das crian\u00e7as do Eamaar e a tradicional Ciranda Sensa\u00e7\u00e3o da Raiz. Al\u00e9m disso, tamb\u00e9m houve apresenta\u00e7\u00f5es de cantores regionais e os participantes desfrutaram de comidas t\u00edpicas, lanches diversos e brinquedos para as crian\u00e7as.<\/p>\n\n\n\n<p>\u201cEstou aqui com os meus dois filhos autistas, que fazem acompanhamento aqui no Eamaar, e eles est\u00e3o gostando muito da festa, se adaptaram muito bem ao ambiente. Sempre trago eles para os eventos para se divertirem, trabalhar essa quest\u00e3o da inclus\u00e3o \u00e9 muito bom. Sou grata pelos meus filhos estarem felizes e poderem contar com um atendimento t\u00e3o bom\u201d, ressaltou a dona de casa J\u00e9ssica Arruda, de 26 anos, que \u00e9 m\u00e3e do Emanuel, de 2 anos, e do Lucas, de 7.<\/p>\n\n\n\n<p><strong>Sobre o Eamaar<\/strong><\/p>\n\n\n\n<p>O Espa\u00e7o de Atendimento Multidisciplinar ao Autista Amigo Ruy tem como objetivo realizar atendimentos integrais nas \u00e1reas de educa\u00e7\u00e3o, assist\u00eancia social e sa\u00fade, a n\u00edvel ambulatorial,&nbsp;ofertados a crian\u00e7as e adolescentes na faixa et\u00e1ria de 6 meses a 14 anos de idade que s\u00e3o diagnosticadas com Transtorno do Espectro Autismo (TEA).&nbsp;<\/p>\n\n\n\n<p>Atualmente a unidade realiza cerca de 400 atendimentos por dia. O local conta com psic\u00f3logos, pediatras, fisioterapeutas, fonoaudi\u00f3logos, odont\u00f3logos, assistentes sociais e profissionais de educa\u00e7\u00e3o f\u00edsica adaptada. Al\u00e9m disso tamb\u00e9m conta com profissionais de educa\u00e7\u00e3o como psicopedagogos, pedagogos e professores de educa\u00e7\u00e3o especial.<\/p>\n\n\n\n<p><strong>Sobre o autismo<\/strong><\/p>\n\n\n\n<p>O autismo \u00e9 uma s\u00edndrome caracterizada por problemas na comunica\u00e7\u00e3o, na socializa\u00e7\u00e3o e no comportamento. Esta s\u00edndrome faz com que a crian\u00e7a apresente algumas caracter\u00edsticas espec\u00edficas, como dificuldade na fala e em expressar ideias e sentimentos, mal-estar em meio aos outros e pouco contato visual, al\u00e9m de padr\u00f5es e movimentos repetitivos.<\/p>\n\n\n\n<p>&#8212;-<\/p>\n\n\n\n<p><strong>Texto<\/strong> \u2013 Jackeline Lima \/ Semasc<\/p>\n\n\n\n<p><strong>Fotos<\/strong> \u2013 Guilherme Pacheco \/ Semasc<\/p>\n\n\n\n<p><strong>Dispon\u00edveis em \u2013 <\/strong><a href=\"https:\/\/flic.kr\/s\/aHBqjAPUbH\">https:\/\/flic.kr\/s\/aHBqjAPUbH<\/a><\/p>\n","protected":false},"excerpt":{"rendered":"","protected":false},"author":39,"featured_media":208710,"comment_status":"closed","ping_status":"closed","sticky":false,"template":"","format":"standard","meta":{"footnotes":""},"categories":[204],"tags":[287,288,289,290,7,18],"acf":[],"yoast_head":"<!-- This site is optimized with the Yoast SEO plugin v23.0 - https:\/\/yoast.com\/wordpress\/plugins\/seo\/ -->\n<title>Prefeitura de Manaus re\u00fane fam\u00edlias de crian\u00e7as autistas no 3\u00ba Arraial do Eamaar<\/title>\n<meta name=\"description\" content=\"A Prefeitura de Manaus, por meio da Secretaria Municipal da Mulher, Assist\u00eancia, Social e Cidadania (Semasc), reuniu, nesta sexta-feira, 4\/8, fam\u00edlias de crian\u00e7as e adolescentes autistas atendidas no Espa\u00e7o de Atendimento Multidisciplinar ao Autista Amigo Ruy (Eamaar), durante a 3\u00aa edi\u00e7\u00e3o do \u201cArraial do Eamaar\u201d.\" \/>\n<meta name=\"robots\" content=\"noindex, follow\" \/>\n<meta property=\"og:locale\" content=\"pt_BR\" \/>\n<meta property=\"og:type\" content=\"article\" \/>\n<meta property=\"og:title\" content=\"Prefeitura de Manaus re\u00fane fam\u00edlias de crian\u00e7as autistas no 3\u00ba Arraial do Eamaar\" \/>\n<meta property=\"og:description\" content=\"A Prefeitura de Manaus, por meio da Secretaria Municipal da Mulher, Assist\u00eancia, Social e Cidadania (Semasc), reuniu, nesta sexta-feira, 4\/8, fam\u00edlias de crian\u00e7as e adolescentes autistas atendidas no Espa\u00e7o de Atendimento Multidisciplinar ao Autista Amigo Ruy (Eamaar), durante a 3\u00aa edi\u00e7\u00e3o do \u201cArraial do Eamaar\u201d.\" \/>\n<meta property=\"og:url\" content=\"https:\/\/www.manaus.am.gov.br\/semasc\/prefeitura-de-manaus-reune-familias-de-criancas-autistas-no-3o-arraial-do-eamaar\/\" \/>\n<meta property=\"og:site_name\" content=\"SEMASC\" \/>\n<meta property=\"article:publisher\" content=\"https:\/\/www.facebook.com\/semascmanaus\" \/>\n<meta property=\"article:published_time\" content=\"2023-08-05T00:20:36+00:00\" \/>\n<meta property=\"article:modified_time\" content=\"2023-08-05T00:24:42+00:00\" \/>\n<meta property=\"og:image\" content=\"https:\/\/www.manaus.am.gov.br\/semasc\/wp-content\/uploads\/sites\/17\/2023\/08\/20230804162755_IMG_9041-1024x683.jpg\" \/>\n\t<meta property=\"og:image:width\" content=\"1024\" \/>\n\t<meta property=\"og:image:height\" content=\"683\" \/>\n\t<meta property=\"og:image:type\" content=\"image\/jpeg\" \/>\n<meta name=\"author\" content=\"Bruna Greco\" \/>\n<meta name=\"twitter:card\" content=\"summary_large_image\" \/>\n<meta name=\"twitter:label1\" content=\"Written by\" \/>\n\t<meta name=\"twitter:data1\" content=\"Bruna Greco\" \/>\n\t<meta name=\"twitter:label2\" content=\"Est. reading time\" \/>\n\t<meta name=\"twitter:data2\" content=\"3 minutos\" \/>\n<script type=\"application\/ld+json\" class=\"yoast-schema-graph\">{\"@context\":\"https:\/\/schema.org\",\"@graph\":[{\"@type\":\"Article\",\"@id\":\"https:\/\/www.manaus.am.gov.br\/semasc\/prefeitura-de-manaus-reune-familias-de-criancas-autistas-no-3o-arraial-do-eamaar\/#article\",\"isPartOf\":{\"@id\":\"https:\/\/www.manaus.am.gov.br\/semasc\/prefeitura-de-manaus-reune-familias-de-criancas-autistas-no-3o-arraial-do-eamaar\/\"},\"author\":{\"name\":\"Bruna Greco\",\"@id\":\"https:\/\/www.manaus.am.gov.br\/semasc\/#\/schema\/person\/05d223aea2bf115f9883a6ff3683d81b\"},\"headline\":\"Prefeitura de Manaus re\u00fane fam\u00edlias de crian\u00e7as autistas no 3\u00ba Arraial do Eamaar\",\"datePublished\":\"2023-08-05T00:20:36+00:00\",\"dateModified\":\"2023-08-05T00:24:42+00:00\",\"mainEntityOfPage\":{\"@id\":\"https:\/\/www.manaus.am.gov.br\/semasc\/prefeitura-de-manaus-reune-familias-de-criancas-autistas-no-3o-arraial-do-eamaar\/\"},\"wordCount\":556,\"publisher\":{\"@id\":\"https:\/\/www.manaus.am.gov.br\/semasc\/#organization\"},\"image\":{\"@id\":\"https:\/\/www.manaus.am.gov.br\/semasc\/prefeitura-de-manaus-reune-familias-de-criancas-autistas-no-3o-arraial-do-eamaar\/#primaryimage\"},\"thumbnailUrl\":\"https:\/\/www.manaus.am.gov.br\/semasc\/wp-content\/uploads\/sites\/17\/2023\/08\/20230804162755_IMG_9041.jpg\",\"keywords\":[\"3\u00ba Arraial do Eamaar\",\"Espa\u00e7o de Atendimento Multidisciplinar ao Autista Amigo Ruy (EAMAAR)\",\"fam\u00edlias de crian\u00e7as autistas\",\"inclus\u00e3o\",\"prefeitura de manaus\",\"Semasc\"],\"articleSection\":[\"Inclus\u00e3o\"],\"inLanguage\":\"pt-BR\"},{\"@type\":\"WebPage\",\"@id\":\"https:\/\/www.manaus.am.gov.br\/semasc\/prefeitura-de-manaus-reune-familias-de-criancas-autistas-no-3o-arraial-do-eamaar\/\",\"url\":\"https:\/\/www.manaus.am.gov.br\/semasc\/prefeitura-de-manaus-reune-familias-de-criancas-autistas-no-3o-arraial-do-eamaar\/\",\"name\":\"Prefeitura de Manaus re\u00fane fam\u00edlias de crian\u00e7as autistas no 3\u00ba Arraial do Eamaar\",\"isPartOf\":{\"@id\":\"https:\/\/www.manaus.am.gov.br\/semasc\/#website\"},\"primaryImageOfPage\":{\"@id\":\"https:\/\/www.manaus.am.gov.br\/semasc\/prefeitura-de-manaus-reune-familias-de-criancas-autistas-no-3o-arraial-do-eamaar\/#primaryimage\"},\"image\":{\"@id\":\"https:\/\/www.manaus.am.gov.br\/semasc\/prefeitura-de-manaus-reune-familias-de-criancas-autistas-no-3o-arraial-do-eamaar\/#primaryimage\"},\"thumbnailUrl\":\"https:\/\/www.manaus.am.gov.br\/semasc\/wp-content\/uploads\/sites\/17\/2023\/08\/20230804162755_IMG_9041.jpg\",\"datePublished\":\"2023-08-05T00:20:36+00:00\",\"dateModified\":\"2023-08-05T00:24:42+00:00\",\"description\":\"A Prefeitura de Manaus, por meio da Secretaria Municipal da Mulher, Assist\u00eancia, Social e Cidadania (Semasc), reuniu, nesta sexta-feira, 4\/8, fam\u00edlias de crian\u00e7as e adolescentes autistas atendidas no Espa\u00e7o de Atendimento Multidisciplinar ao Autista Amigo Ruy (Eamaar), durante a 3\u00aa edi\u00e7\u00e3o do \u201cArraial do Eamaar\u201d.\",\"breadcrumb\":{\"@id\":\"https:\/\/www.manaus.am.gov.br\/semasc\/prefeitura-de-manaus-reune-familias-de-criancas-autistas-no-3o-arraial-do-eamaar\/#breadcrumb\"},\"inLanguage\":\"pt-BR\",\"potentialAction\":[{\"@type\":\"ReadAction\",\"target\":[\"https:\/\/www.manaus.am.gov.br\/semasc\/prefeitura-de-manaus-reune-familias-de-criancas-autistas-no-3o-arraial-do-eamaar\/\"]}]},{\"@type\":\"ImageObject\",\"inLanguage\":\"pt-BR\",\"@id\":\"https:\/\/www.manaus.am.gov.br\/semasc\/prefeitura-de-manaus-reune-familias-de-criancas-autistas-no-3o-arraial-do-eamaar\/#primaryimage\",\"url\":\"https:\/\/www.manaus.am.gov.br\/semasc\/wp-content\/uploads\/sites\/17\/2023\/08\/20230804162755_IMG_9041.jpg\",\"contentUrl\":\"https:\/\/www.manaus.am.gov.br\/semasc\/wp-content\/uploads\/sites\/17\/2023\/08\/20230804162755_IMG_9041.jpg\",\"width\":3984,\"height\":2656},{\"@type\":\"BreadcrumbList\",\"@id\":\"https:\/\/www.manaus.am.gov.br\/semasc\/prefeitura-de-manaus-reune-familias-de-criancas-autistas-no-3o-arraial-do-eamaar\/#breadcrumb\",\"itemListElement\":[{\"@type\":\"ListItem\",\"position\":1,\"name\":\"Home\",\"item\":\"https:\/\/www.manaus.am.gov.br\/semasc\/\"},{\"@type\":\"ListItem\",\"position\":2,\"name\":\"Prefeitura de Manaus re\u00fane fam\u00edlias de crian\u00e7as autistas no 3\u00ba Arraial do Eamaar\"}]},{\"@type\":\"WebSite\",\"@id\":\"https:\/\/www.manaus.am.gov.br\/semasc\/#website\",\"url\":\"https:\/\/www.manaus.am.gov.br\/semasc\/\",\"name\":\"SEMASC\",\"description\":\"Secretaria Municipal da Mulher, Assist\u00eancia Social e Cidadania.\",\"publisher\":{\"@id\":\"https:\/\/www.manaus.am.gov.br\/semasc\/#organization\"},\"alternateName\":\"Secretaria Municipal da Mulher, Assist\u00eancia Social e Cidadania\",\"potentialAction\":[{\"@type\":\"SearchAction\",\"target\":{\"@type\":\"EntryPoint\",\"urlTemplate\":\"https:\/\/www.manaus.am.gov.br\/semasc\/?s={search_term_string}\"},\"query-input\":\"required name=search_term_string\"}],\"inLanguage\":\"pt-BR\"},{\"@type\":\"Organization\",\"@id\":\"https:\/\/www.manaus.am.gov.br\/semasc\/#organization\",\"name\":\"Prefeitura de Manaus\",\"alternateName\":\"Prefeitura Municipal de Manaus\",\"url\":\"https:\/\/www.manaus.am.gov.br\/semasc\/\",\"logo\":{\"@type\":\"ImageObject\",\"inLanguage\":\"pt-BR\",\"@id\":\"https:\/\/www.manaus.am.gov.br\/semasc\/#\/schema\/logo\/image\/\",\"url\":\"https:\/\/www.manaus.am.gov.br\/semasc\/wp-content\/uploads\/sites\/17\/2024\/07\/favicon.png\",\"contentUrl\":\"https:\/\/www.manaus.am.gov.br\/semasc\/wp-content\/uploads\/sites\/17\/2024\/07\/favicon.png\",\"width\":300,\"height\":300,\"caption\":\"Prefeitura de Manaus\"},\"image\":{\"@id\":\"https:\/\/www.manaus.am.gov.br\/semasc\/#\/schema\/logo\/image\/\"},\"sameAs\":[\"https:\/\/www.facebook.com\/semascmanaus\",\"https:\/\/www.instagram.com\/semascmanaus\/\"]},{\"@type\":\"Person\",\"@id\":\"https:\/\/www.manaus.am.gov.br\/semasc\/#\/schema\/person\/05d223aea2bf115f9883a6ff3683d81b\",\"name\":\"Bruna Greco\",\"image\":{\"@type\":\"ImageObject\",\"inLanguage\":\"pt-BR\",\"@id\":\"https:\/\/www.manaus.am.gov.br\/semasc\/#\/schema\/person\/image\/\",\"url\":\"https:\/\/secure.gravatar.com\/avatar\/9c877d1a6adc2a055330e5c09a8653ce?s=96&d=mm&r=g\",\"contentUrl\":\"https:\/\/secure.gravatar.com\/avatar\/9c877d1a6adc2a055330e5c09a8653ce?s=96&d=mm&r=g\",\"caption\":\"Bruna Greco\"}}]}<\/script>\n<!-- \/ Yoast SEO plugin. -->","yoast_head_json":{"title":"Prefeitura de Manaus re\u00fane fam\u00edlias de crian\u00e7as autistas no 3\u00ba Arraial do Eamaar","description":"A Prefeitura de Manaus, por meio da Secretaria Municipal da Mulher, Assist\u00eancia, Social e Cidadania (Semasc), reuniu, nesta sexta-feira, 4\/8, fam\u00edlias de crian\u00e7as e adolescentes autistas atendidas no Espa\u00e7o de Atendimento Multidisciplinar ao Autista Amigo Ruy (Eamaar), durante a 3\u00aa edi\u00e7\u00e3o do \u201cArraial do Eamaar\u201d.","robots":{"index":"noindex","follow":"follow"},"og_locale":"pt_BR","og_type":"article","og_title":"Prefeitura de Manaus re\u00fane fam\u00edlias de crian\u00e7as autistas no 3\u00ba Arraial do Eamaar","og_description":"A Prefeitura de Manaus, por meio da Secretaria Municipal da Mulher, Assist\u00eancia, Social e Cidadania (Semasc), reuniu, nesta sexta-feira, 4\/8, fam\u00edlias de crian\u00e7as e adolescentes autistas atendidas no Espa\u00e7o de Atendimento Multidisciplinar ao Autista Amigo Ruy (Eamaar), durante a 3\u00aa edi\u00e7\u00e3o do \u201cArraial do Eamaar\u201d.","og_url":"https:\/\/www.manaus.am.gov.br\/semasc\/prefeitura-de-manaus-reune-familias-de-criancas-autistas-no-3o-arraial-do-eamaar\/","og_site_name":"SEMASC","article_publisher":"https:\/\/www.facebook.com\/semascmanaus","article_published_time":"2023-08-05T00:20:36+00:00","article_modified_time":"2023-08-05T00:24:42+00:00","og_image":[{"width":1024,"height":683,"url":"https:\/\/www.manaus.am.gov.br\/semasc\/wp-content\/uploads\/sites\/17\/2023\/08\/20230804162755_IMG_9041-1024x683.jpg","type":"image\/jpeg"}],"author":"Bruna Greco","twitter_card":"summary_large_image","twitter_misc":{"Written by":"Bruna Greco","Est. reading time":"3 minutos"},"schema":{"@context":"https:\/\/schema.org","@graph":[{"@type":"Article","@id":"https:\/\/www.manaus.am.gov.br\/semasc\/prefeitura-de-manaus-reune-familias-de-criancas-autistas-no-3o-arraial-do-eamaar\/#article","isPartOf":{"@id":"https:\/\/www.manaus.am.gov.br\/semasc\/prefeitura-de-manaus-reune-familias-de-criancas-autistas-no-3o-arraial-do-eamaar\/"},"author":{"name":"Bruna Greco","@id":"https:\/\/www.manaus.am.gov.br\/semasc\/#\/schema\/person\/05d223aea2bf115f9883a6ff3683d81b"},"headline":"Prefeitura de Manaus re\u00fane fam\u00edlias de crian\u00e7as autistas no 3\u00ba Arraial do Eamaar","datePublished":"2023-08-05T00:20:36+00:00","dateModified":"2023-08-05T00:24:42+00:00","mainEntityOfPage":{"@id":"https:\/\/www.manaus.am.gov.br\/semasc\/prefeitura-de-manaus-reune-familias-de-criancas-autistas-no-3o-arraial-do-eamaar\/"},"wordCount":556,"publisher":{"@id":"https:\/\/www.manaus.am.gov.br\/semasc\/#organization"},"image":{"@id":"https:\/\/www.manaus.am.gov.br\/semasc\/prefeitura-de-manaus-reune-familias-de-criancas-autistas-no-3o-arraial-do-eamaar\/#primaryimage"},"thumbnailUrl":"https:\/\/www.manaus.am.gov.br\/semasc\/wp-content\/uploads\/sites\/17\/2023\/08\/20230804162755_IMG_9041.jpg","keywords":["3\u00ba Arraial do Eamaar","Espa\u00e7o de Atendimento Multidisciplinar ao Autista Amigo Ruy (EAMAAR)","fam\u00edlias de crian\u00e7as autistas","inclus\u00e3o","prefeitura de manaus","Semasc"],"articleSection":["Inclus\u00e3o"],"inLanguage":"pt-BR"},{"@type":"WebPage","@id":"https:\/\/www.manaus.am.gov.br\/semasc\/prefeitura-de-manaus-reune-familias-de-criancas-autistas-no-3o-arraial-do-eamaar\/","url":"https:\/\/www.manaus.am.gov.br\/semasc\/prefeitura-de-manaus-reune-familias-de-criancas-autistas-no-3o-arraial-do-eamaar\/","name":"Prefeitura de Manaus re\u00fane fam\u00edlias de crian\u00e7as autistas no 3\u00ba Arraial do Eamaar","isPartOf":{"@id":"https:\/\/www.manaus.am.gov.br\/semasc\/#website"},"primaryImageOfPage":{"@id":"https:\/\/www.manaus.am.gov.br\/semasc\/prefeitura-de-manaus-reune-familias-de-criancas-autistas-no-3o-arraial-do-eamaar\/#primaryimage"},"image":{"@id":"https:\/\/www.manaus.am.gov.br\/semasc\/prefeitura-de-manaus-reune-familias-de-criancas-autistas-no-3o-arraial-do-eamaar\/#primaryimage"},"thumbnailUrl":"https:\/\/www.manaus.am.gov.br\/semasc\/wp-content\/uploads\/sites\/17\/2023\/08\/20230804162755_IMG_9041.jpg","datePublished":"2023-08-05T00:20:36+00:00","dateModified":"2023-08-05T00:24:42+00:00","description":"A Prefeitura de Manaus, por meio da Secretaria Municipal da Mulher, Assist\u00eancia, Social e Cidadania (Semasc), reuniu, nesta sexta-feira, 4\/8, fam\u00edlias de crian\u00e7as e adolescentes autistas atendidas no Espa\u00e7o de Atendimento Multidisciplinar ao Autista Amigo Ruy (Eamaar), durante a 3\u00aa edi\u00e7\u00e3o do \u201cArraial do Eamaar\u201d.","breadcrumb":{"@id":"https:\/\/www.manaus.am.gov.br\/semasc\/prefeitura-de-manaus-reune-familias-de-criancas-autistas-no-3o-arraial-do-eamaar\/#breadcrumb"},"inLanguage":"pt-BR","potentialAction":[{"@type":"ReadAction","target":["https:\/\/www.manaus.am.gov.br\/semasc\/prefeitura-de-manaus-reune-familias-de-criancas-autistas-no-3o-arraial-do-eamaar\/"]}]},{"@type":"ImageObject","inLanguage":"pt-BR","@id":"https:\/\/www.manaus.am.gov.br\/semasc\/prefeitura-de-manaus-reune-familias-de-criancas-autistas-no-3o-arraial-do-eamaar\/#primaryimage","url":"https:\/\/www.manaus.am.gov.br\/semasc\/wp-content\/uploads\/sites\/17\/2023\/08\/20230804162755_IMG_9041.jpg","contentUrl":"https:\/\/www.manaus.am.gov.br\/semasc\/wp-content\/uploads\/sites\/17\/2023\/08\/20230804162755_IMG_9041.jpg","width":3984,"height":2656},{"@type":"BreadcrumbList","@id":"https:\/\/www.manaus.am.gov.br\/semasc\/prefeitura-de-manaus-reune-familias-de-criancas-autistas-no-3o-arraial-do-eamaar\/#breadcrumb","itemListElement":[{"@type":"ListItem","position":1,"name":"Home","item":"https:\/\/www.manaus.am.gov.br\/semasc\/"},{"@type":"ListItem","position":2,"name":"Prefeitura de Manaus re\u00fane fam\u00edlias de crian\u00e7as autistas no 3\u00ba Arraial do Eamaar"}]},{"@type":"WebSite","@id":"https:\/\/www.manaus.am.gov.br\/semasc\/#website","url":"https:\/\/www.manaus.am.gov.br\/semasc\/","name":"SEMASC","description":"Secretaria Municipal da Mulher, Assist\u00eancia Social e Cidadania.","publisher":{"@id":"https:\/\/www.manaus.am.gov.br\/semasc\/#organization"},"alternateName":"Secretaria Municipal da Mulher, Assist\u00eancia Social e Cidadania","potentialAction":[{"@type":"SearchAction","target":{"@type":"EntryPoint","urlTemplate":"https:\/\/www.manaus.am.gov.br\/semasc\/?s={search_term_string}"},"query-input":"required name=search_term_string"}],"inLanguage":"pt-BR"},{"@type":"Organization","@id":"https:\/\/www.manaus.am.gov.br\/semasc\/#organization","name":"Prefeitura de Manaus","alternateName":"Prefeitura Municipal de Manaus","url":"https:\/\/www.manaus.am.gov.br\/semasc\/","logo":{"@type":"ImageObject","inLanguage":"pt-BR","@id":"https:\/\/www.manaus.am.gov.br\/semasc\/#\/schema\/logo\/image\/","url":"https:\/\/www.manaus.am.gov.br\/semasc\/wp-content\/uploads\/sites\/17\/2024\/07\/favicon.png","contentUrl":"https:\/\/www.manaus.am.gov.br\/semasc\/wp-content\/uploads\/sites\/17\/2024\/07\/favicon.png","width":300,"height":300,"caption":"Prefeitura de Manaus"},"image":{"@id":"https:\/\/www.manaus.am.gov.br\/semasc\/#\/schema\/logo\/image\/"},"sameAs":["https:\/\/www.facebook.com\/semascmanaus","https:\/\/www.instagram.com\/semascmanaus\/"]},{"@type":"Person","@id":"https:\/\/www.manaus.am.gov.br\/semasc\/#\/schema\/person\/05d223aea2bf115f9883a6ff3683d81b","name":"Bruna Greco","image":{"@type":"ImageObject","inLanguage":"pt-BR","@id":"https:\/\/www.manaus.am.gov.br\/semasc\/#\/schema\/person\/image\/","url":"https:\/\/secure.gravatar.com\/avatar\/9c877d1a6adc2a055330e5c09a8653ce?s=96&d=mm&r=g","contentUrl":"https:\/\/secure.gravatar.com\/avatar\/9c877d1a6adc2a055330e5c09a8653ce?s=96&d=mm&r=g","caption":"Bruna Greco"}}]}},"_links":{"self":[{"href":"https:\/\/www.manaus.am.gov.br\/semasc\/wp-json\/wp\/v2\/posts\/208709"}],"collection":[{"href":"https:\/\/www.manaus.am.gov.br\/semasc\/wp-json\/wp\/v2\/posts"}],"about":[{"href":"https:\/\/www.manaus.am.gov.br\/semasc\/wp-json\/wp\/v2\/types\/post"}],"author":[{"embeddable":true,"href":"https:\/\/www.manaus.am.gov.br\/semasc\/wp-json\/wp\/v2\/users\/39"}],"replies":[{"embeddable":true,"href":"https:\/\/www.manaus.am.gov.br\/semasc\/wp-json\/wp\/v2\/comments?post=208709"}],"version-history":[{"count":2,"href":"https:\/\/www.manaus.am.gov.br\/semasc\/wp-json\/wp\/v2\/posts\/208709\/revisions"}],"predecessor-version":[{"id":208713,"href":"https:\/\/www.manaus.am.gov.br\/semasc\/wp-json\/wp\/v2\/posts\/208709\/revisions\/208713"}],"wp:featuredmedia":[{"embeddable":true,"href":"https:\/\/www.manaus.am.gov.br\/semasc\/wp-json\/wp\/v2\/media\/208710"}],"wp:attachment":[{"href":"https:\/\/www.manaus.am.gov.br\/semasc\/wp-json\/wp\/v2\/media?parent=208709"}],"wp:term":[{"taxonomy":"category","embeddable":true,"href":"https:\/\/www.manaus.am.gov.br\/semasc\/wp-json\/wp\/v2\/categories?post=208709"},{"taxonomy":"post_tag","embeddable":true,"href":"https:\/\/www.manaus.am.gov.br\/semasc\/wp-json\/wp\/v2\/tags?post=208709"}],"curies":[{"name":"wp","href":"https:\/\/api.w.org\/{rel}","templated":true}]}}