{"id":208496,"date":"2023-08-01T10:40:23","date_gmt":"2023-08-01T14:40:23","guid":{"rendered":"https:\/\/www.manaus.am.gov.br\/semasc\/prefeitura-encerra-campanha-de-combate-ao-trafico-de-pessoas-no-largo-sao-sebastiao\/"},"modified":"2023-08-01T10:40:24","modified_gmt":"2023-08-01T14:40:24","slug":"prefeitura-encerra-campanha-de-combate-ao-trafico-de-pessoas-no-largo-sao-sebastiao","status":"publish","type":"post","link":"https:\/\/www.manaus.am.gov.br\/semasc\/prefeitura-encerra-campanha-de-combate-ao-trafico-de-pessoas-no-largo-sao-sebastiao\/","title":{"rendered":"<strong>Prefeitura encerra \u2018Campanha de Combate ao Tr\u00e1fico de Pessoas\u2019 no largo S\u00e3o Sebasti\u00e3o<\/strong>"},"content":{"rendered":"\n<p>A Prefeitura de Manaus, por meio da Secretaria Municipal da Mulher, Assist\u00eancia Social e Cidadania (Semasc), realizou, nesta segunda-feira, 31\/7, o encerramento da \u201cCampanha de Combate ao Tr\u00e1fico de Pessoas\u201d. A cerim\u00f4nia aconteceu no largo S\u00e3o Sebasti\u00e3o, no Centro, zona Sul da cidade.<\/p>\n\n\n\n<p>Com o tema \u201cLiberdade n\u00e3o se Compra e Dignidade n\u00e3o se Vende\u201d, a campanha municipal, lan\u00e7ada no dia 24\/7, teve como objetivo prevenir e combater de forma efetiva uma das mais graves formas de viola\u00e7\u00e3o de direitos que atinge milhares de pessoas ao redor do mundo.<\/p>\n\n\n\n<p>&#8220;Estamos aqui, hoje, para chamarmos novamente a aten\u00e7\u00e3o da popula\u00e7\u00e3o para esse problema, refor\u00e7ando que o tr\u00e1fico de pessoas \u00e9 um crime grav\u00edssimo, que precisamos continuar resistindo e denunciando&#8221;, afirmou a subsecret\u00e1ria de Pol\u00edticas Afirmativas Para Mulheres e de Direitos Humanos, Gra\u00e7a Prola, da Semasc.<\/p>\n\n\n\n<p>Durante o evento, foram distribu\u00eddos materiais informativos sobre o tema aos frequentadores de um dos principais pontos tur\u00edsticos da cidade, refor\u00e7ando o alerta sobre os sinais do tr\u00e1fico de pessoas e encorajando a den\u00fancia de atividades suspeitas.<\/p>\n\n\n\n<p>\u201cInfelizmente, \u00e9 uma realidade ainda muito invis\u00edvel, mas que acontece com frequ\u00eancia aqui na regi\u00e3o. Por isso, essa mobiliza\u00e7\u00e3o \u00e9 importante, \u00e9 preciso que as pessoas conhe\u00e7am esse problema e falem sobre isso. Ainda enfrentamos a subnotifica\u00e7\u00e3o de casos, ent\u00e3o precisamos estar sempre em alerta, procurando informar as pessoas para que elas n\u00e3o sejam futuras v\u00edtimas\u201d, destacou a irm\u00e3 Michele da Silva, representante da \u201cRede Um Grito Pela Vida\u201d na regi\u00e3o Norte.<\/p>\n\n\n\n<p>Al\u00e9m disso, na cerim\u00f4nia tamb\u00e9m houve a participa\u00e7\u00e3o de cantores regionais e apresenta\u00e7\u00f5es culturais do grupo de teatro do Liceu de Artes e Of\u00edcios Claudio Santoro e tamb\u00e9m de jovens da Casa Mam\u00e3e Margarida, com a pe\u00e7a \u201cEspelhos da Promessa\u201d.<\/p>\n\n\n\n<p>A obra, que retratou hist\u00f3rias reais de ind\u00edgenas que s\u00e3o explorados, especialmente mulheres, tamb\u00e9m foi apresentada na l\u00edngua nativa Tukano. Para Jamille Pinheiro Dias, de 40 anos, que \u00e9 professora da Universidade de Londres, a arte exerce um papel importante na conscientiza\u00e7\u00e3o sobre o tema.<\/p>\n\n\n\n<p>\u201c\u00c0s vezes, um texto jornal\u00edstico ou acad\u00eamico n\u00e3o sensibiliza tanto as pessoas quanto uma pe\u00e7a de teatro. Um movimento art\u00edstico tamb\u00e9m \u00e9 capaz de transformar a consci\u00eancia coletiva. Hoje, nesse evento, eu vi pessoas de diferentes condi\u00e7\u00f5es socioecon\u00f4micas sendo tocadas pela arte, captando essa mensagem importante\u201d, comentou.<\/p>\n\n\n\n<p>Apesar do fim da campanha, a secretaria refor\u00e7a que os cidad\u00e3os s\u00e3o fundamentais no combate&nbsp;a esse crime. Ao identificar qualquer situa\u00e7\u00e3o suspeita, \u00e9 necess\u00e1rio denunciar \u00e0s autoridades competentes por meio dos n\u00fameros 0800 092 6644, 0800 092 1407 ou 100.<\/p>\n\n\n\n<p><a><\/a>&#8212; &#8212; &#8212;<\/p>\n\n\n\n<p><strong>Texto &#8211;<\/strong>&nbsp;Jackeline Lima \/ Semasc<\/p>\n\n\n\n<p><strong>Fotos &#8211;<\/strong>&nbsp;Cl\u00f3vis Miranda \/Semcom<\/p>\n\n\n\n<p><strong>Dispon\u00edveis em<\/strong>&nbsp;&#8211; <a href=\"https:\/\/flic.kr\/s\/aHBqjAPrwS\">https:\/\/flic.kr\/s\/aHBqjAPrwS<\/a><\/p>\n","protected":false},"excerpt":{"rendered":"","protected":false},"author":23,"featured_media":208497,"comment_status":"closed","ping_status":"closed","sticky":false,"template":"","format":"standard","meta":{"footnotes":""},"categories":[261],"tags":[129,102,262,7,18,263],"acf":[],"yoast_head":"<!-- This site is optimized with the Yoast SEO plugin v23.0 - https:\/\/yoast.com\/wordpress\/plugins\/seo\/ -->\n<title>Prefeitura encerra \u2018Campanha de Combate ao Tr\u00e1fico de Pessoas\u2019 no largo S\u00e3o Sebasti\u00e3o - SEMASC<\/title>\n<meta name=\"robots\" content=\"noindex, follow\" \/>\n<meta property=\"og:locale\" content=\"pt_BR\" \/>\n<meta property=\"og:type\" content=\"article\" \/>\n<meta property=\"og:title\" content=\"Prefeitura encerra \u2018Campanha de Combate ao Tr\u00e1fico de Pessoas\u2019 no largo S\u00e3o Sebasti\u00e3o - SEMASC\" \/>\n<meta property=\"og:url\" content=\"https:\/\/www.manaus.am.gov.br\/semasc\/prefeitura-encerra-campanha-de-combate-ao-trafico-de-pessoas-no-largo-sao-sebastiao\/\" \/>\n<meta property=\"og:site_name\" content=\"SEMASC\" \/>\n<meta property=\"article:publisher\" content=\"https:\/\/www.facebook.com\/semascmanaus\" \/>\n<meta property=\"article:published_time\" content=\"2023-08-01T14:40:23+00:00\" \/>\n<meta property=\"article:modified_time\" content=\"2023-08-01T14:40:24+00:00\" \/>\n<meta property=\"og:image\" content=\"https:\/\/www.manaus.am.gov.br\/semasc\/wp-content\/uploads\/sites\/17\/2023\/08\/53085718510_756b9df693_c.jpg\" \/>\n\t<meta property=\"og:image:width\" content=\"799\" \/>\n\t<meta property=\"og:image:height\" content=\"533\" \/>\n\t<meta property=\"og:image:type\" content=\"image\/jpeg\" \/>\n<meta name=\"author\" content=\"Adriana Costa\" \/>\n<meta name=\"twitter:card\" content=\"summary_large_image\" \/>\n<meta name=\"twitter:label1\" content=\"Written by\" \/>\n\t<meta name=\"twitter:data1\" content=\"Adriana Costa\" \/>\n\t<meta name=\"twitter:label2\" content=\"Est. reading time\" \/>\n\t<meta name=\"twitter:data2\" content=\"3 minutos\" \/>\n<script type=\"application\/ld+json\" class=\"yoast-schema-graph\">{\"@context\":\"https:\/\/schema.org\",\"@graph\":[{\"@type\":\"Article\",\"@id\":\"https:\/\/www.manaus.am.gov.br\/semasc\/prefeitura-encerra-campanha-de-combate-ao-trafico-de-pessoas-no-largo-sao-sebastiao\/#article\",\"isPartOf\":{\"@id\":\"https:\/\/www.manaus.am.gov.br\/semasc\/prefeitura-encerra-campanha-de-combate-ao-trafico-de-pessoas-no-largo-sao-sebastiao\/\"},\"author\":{\"name\":\"Adriana Costa\",\"@id\":\"https:\/\/www.manaus.am.gov.br\/semasc\/#\/schema\/person\/4e49f4e267757a06ca072ec61b2b9968\"},\"headline\":\"Prefeitura encerra \u2018Campanha de Combate ao Tr\u00e1fico de Pessoas\u2019 no largo S\u00e3o Sebasti\u00e3o\",\"datePublished\":\"2023-08-01T14:40:23+00:00\",\"dateModified\":\"2023-08-01T14:40:24+00:00\",\"mainEntityOfPage\":{\"@id\":\"https:\/\/www.manaus.am.gov.br\/semasc\/prefeitura-encerra-campanha-de-combate-ao-trafico-de-pessoas-no-largo-sao-sebastiao\/\"},\"wordCount\":504,\"publisher\":{\"@id\":\"https:\/\/www.manaus.am.gov.br\/semasc\/#organization\"},\"image\":{\"@id\":\"https:\/\/www.manaus.am.gov.br\/semasc\/prefeitura-encerra-campanha-de-combate-ao-trafico-de-pessoas-no-largo-sao-sebastiao\/#primaryimage\"},\"thumbnailUrl\":\"https:\/\/www.manaus.am.gov.br\/semasc\/wp-content\/uploads\/sites\/17\/2023\/08\/53085718510_756b9df693_c.jpg\",\"keywords\":[\"campanha\",\"encerramento\",\"largo s\u00e3o sebasti\u00e3o\",\"prefeitura de manaus\",\"Semasc\",\"tr\u00e1fico de pessoas\"],\"articleSection\":[\"Sensibiliza\u00e7\u00e3o\"],\"inLanguage\":\"pt-BR\"},{\"@type\":\"WebPage\",\"@id\":\"https:\/\/www.manaus.am.gov.br\/semasc\/prefeitura-encerra-campanha-de-combate-ao-trafico-de-pessoas-no-largo-sao-sebastiao\/\",\"url\":\"https:\/\/www.manaus.am.gov.br\/semasc\/prefeitura-encerra-campanha-de-combate-ao-trafico-de-pessoas-no-largo-sao-sebastiao\/\",\"name\":\"Prefeitura encerra \u2018Campanha de Combate ao Tr\u00e1fico de Pessoas\u2019 no largo S\u00e3o Sebasti\u00e3o - SEMASC\",\"isPartOf\":{\"@id\":\"https:\/\/www.manaus.am.gov.br\/semasc\/#website\"},\"primaryImageOfPage\":{\"@id\":\"https:\/\/www.manaus.am.gov.br\/semasc\/prefeitura-encerra-campanha-de-combate-ao-trafico-de-pessoas-no-largo-sao-sebastiao\/#primaryimage\"},\"image\":{\"@id\":\"https:\/\/www.manaus.am.gov.br\/semasc\/prefeitura-encerra-campanha-de-combate-ao-trafico-de-pessoas-no-largo-sao-sebastiao\/#primaryimage\"},\"thumbnailUrl\":\"https:\/\/www.manaus.am.gov.br\/semasc\/wp-content\/uploads\/sites\/17\/2023\/08\/53085718510_756b9df693_c.jpg\",\"datePublished\":\"2023-08-01T14:40:23+00:00\",\"dateModified\":\"2023-08-01T14:40:24+00:00\",\"breadcrumb\":{\"@id\":\"https:\/\/www.manaus.am.gov.br\/semasc\/prefeitura-encerra-campanha-de-combate-ao-trafico-de-pessoas-no-largo-sao-sebastiao\/#breadcrumb\"},\"inLanguage\":\"pt-BR\",\"potentialAction\":[{\"@type\":\"ReadAction\",\"target\":[\"https:\/\/www.manaus.am.gov.br\/semasc\/prefeitura-encerra-campanha-de-combate-ao-trafico-de-pessoas-no-largo-sao-sebastiao\/\"]}]},{\"@type\":\"ImageObject\",\"inLanguage\":\"pt-BR\",\"@id\":\"https:\/\/www.manaus.am.gov.br\/semasc\/prefeitura-encerra-campanha-de-combate-ao-trafico-de-pessoas-no-largo-sao-sebastiao\/#primaryimage\",\"url\":\"https:\/\/www.manaus.am.gov.br\/semasc\/wp-content\/uploads\/sites\/17\/2023\/08\/53085718510_756b9df693_c.jpg\",\"contentUrl\":\"https:\/\/www.manaus.am.gov.br\/semasc\/wp-content\/uploads\/sites\/17\/2023\/08\/53085718510_756b9df693_c.jpg\",\"width\":799,\"height\":533},{\"@type\":\"BreadcrumbList\",\"@id\":\"https:\/\/www.manaus.am.gov.br\/semasc\/prefeitura-encerra-campanha-de-combate-ao-trafico-de-pessoas-no-largo-sao-sebastiao\/#breadcrumb\",\"itemListElement\":[{\"@type\":\"ListItem\",\"position\":1,\"name\":\"Home\",\"item\":\"https:\/\/www.manaus.am.gov.br\/semasc\/\"},{\"@type\":\"ListItem\",\"position\":2,\"name\":\"Prefeitura encerra \u2018Campanha de Combate ao Tr\u00e1fico de Pessoas\u2019 no largo S\u00e3o Sebasti\u00e3o\"}]},{\"@type\":\"WebSite\",\"@id\":\"https:\/\/www.manaus.am.gov.br\/semasc\/#website\",\"url\":\"https:\/\/www.manaus.am.gov.br\/semasc\/\",\"name\":\"SEMASC\",\"description\":\"Secretaria Municipal da Mulher, Assist\u00eancia Social e Cidadania.\",\"publisher\":{\"@id\":\"https:\/\/www.manaus.am.gov.br\/semasc\/#organization\"},\"alternateName\":\"Secretaria Municipal da Mulher, Assist\u00eancia Social e Cidadania\",\"potentialAction\":[{\"@type\":\"SearchAction\",\"target\":{\"@type\":\"EntryPoint\",\"urlTemplate\":\"https:\/\/www.manaus.am.gov.br\/semasc\/?s={search_term_string}\"},\"query-input\":\"required name=search_term_string\"}],\"inLanguage\":\"pt-BR\"},{\"@type\":\"Organization\",\"@id\":\"https:\/\/www.manaus.am.gov.br\/semasc\/#organization\",\"name\":\"Prefeitura de Manaus\",\"alternateName\":\"Prefeitura Municipal de Manaus\",\"url\":\"https:\/\/www.manaus.am.gov.br\/semasc\/\",\"logo\":{\"@type\":\"ImageObject\",\"inLanguage\":\"pt-BR\",\"@id\":\"https:\/\/www.manaus.am.gov.br\/semasc\/#\/schema\/logo\/image\/\",\"url\":\"https:\/\/www.manaus.am.gov.br\/semasc\/wp-content\/uploads\/sites\/17\/2024\/07\/favicon.png\",\"contentUrl\":\"https:\/\/www.manaus.am.gov.br\/semasc\/wp-content\/uploads\/sites\/17\/2024\/07\/favicon.png\",\"width\":300,\"height\":300,\"caption\":\"Prefeitura de Manaus\"},\"image\":{\"@id\":\"https:\/\/www.manaus.am.gov.br\/semasc\/#\/schema\/logo\/image\/\"},\"sameAs\":[\"https:\/\/www.facebook.com\/semascmanaus\",\"https:\/\/www.instagram.com\/semascmanaus\/\"]},{\"@type\":\"Person\",\"@id\":\"https:\/\/www.manaus.am.gov.br\/semasc\/#\/schema\/person\/4e49f4e267757a06ca072ec61b2b9968\",\"name\":\"Adriana Costa\",\"image\":{\"@type\":\"ImageObject\",\"inLanguage\":\"pt-BR\",\"@id\":\"https:\/\/www.manaus.am.gov.br\/semasc\/#\/schema\/person\/image\/\",\"url\":\"https:\/\/secure.gravatar.com\/avatar\/576258617ef7194f718179e766d57bd4?s=96&d=mm&r=g\",\"contentUrl\":\"https:\/\/secure.gravatar.com\/avatar\/576258617ef7194f718179e766d57bd4?s=96&d=mm&r=g\",\"caption\":\"Adriana Costa\"}}]}<\/script>\n<!-- \/ Yoast SEO plugin. -->","yoast_head_json":{"title":"Prefeitura encerra \u2018Campanha de Combate ao Tr\u00e1fico de Pessoas\u2019 no largo S\u00e3o Sebasti\u00e3o - SEMASC","robots":{"index":"noindex","follow":"follow"},"og_locale":"pt_BR","og_type":"article","og_title":"Prefeitura encerra \u2018Campanha de Combate ao Tr\u00e1fico de Pessoas\u2019 no largo S\u00e3o Sebasti\u00e3o - SEMASC","og_url":"https:\/\/www.manaus.am.gov.br\/semasc\/prefeitura-encerra-campanha-de-combate-ao-trafico-de-pessoas-no-largo-sao-sebastiao\/","og_site_name":"SEMASC","article_publisher":"https:\/\/www.facebook.com\/semascmanaus","article_published_time":"2023-08-01T14:40:23+00:00","article_modified_time":"2023-08-01T14:40:24+00:00","og_image":[{"width":799,"height":533,"url":"https:\/\/www.manaus.am.gov.br\/semasc\/wp-content\/uploads\/sites\/17\/2023\/08\/53085718510_756b9df693_c.jpg","type":"image\/jpeg"}],"author":"Adriana Costa","twitter_card":"summary_large_image","twitter_misc":{"Written by":"Adriana Costa","Est. reading time":"3 minutos"},"schema":{"@context":"https:\/\/schema.org","@graph":[{"@type":"Article","@id":"https:\/\/www.manaus.am.gov.br\/semasc\/prefeitura-encerra-campanha-de-combate-ao-trafico-de-pessoas-no-largo-sao-sebastiao\/#article","isPartOf":{"@id":"https:\/\/www.manaus.am.gov.br\/semasc\/prefeitura-encerra-campanha-de-combate-ao-trafico-de-pessoas-no-largo-sao-sebastiao\/"},"author":{"name":"Adriana Costa","@id":"https:\/\/www.manaus.am.gov.br\/semasc\/#\/schema\/person\/4e49f4e267757a06ca072ec61b2b9968"},"headline":"Prefeitura encerra \u2018Campanha de Combate ao Tr\u00e1fico de Pessoas\u2019 no largo S\u00e3o Sebasti\u00e3o","datePublished":"2023-08-01T14:40:23+00:00","dateModified":"2023-08-01T14:40:24+00:00","mainEntityOfPage":{"@id":"https:\/\/www.manaus.am.gov.br\/semasc\/prefeitura-encerra-campanha-de-combate-ao-trafico-de-pessoas-no-largo-sao-sebastiao\/"},"wordCount":504,"publisher":{"@id":"https:\/\/www.manaus.am.gov.br\/semasc\/#organization"},"image":{"@id":"https:\/\/www.manaus.am.gov.br\/semasc\/prefeitura-encerra-campanha-de-combate-ao-trafico-de-pessoas-no-largo-sao-sebastiao\/#primaryimage"},"thumbnailUrl":"https:\/\/www.manaus.am.gov.br\/semasc\/wp-content\/uploads\/sites\/17\/2023\/08\/53085718510_756b9df693_c.jpg","keywords":["campanha","encerramento","largo s\u00e3o sebasti\u00e3o","prefeitura de manaus","Semasc","tr\u00e1fico de pessoas"],"articleSection":["Sensibiliza\u00e7\u00e3o"],"inLanguage":"pt-BR"},{"@type":"WebPage","@id":"https:\/\/www.manaus.am.gov.br\/semasc\/prefeitura-encerra-campanha-de-combate-ao-trafico-de-pessoas-no-largo-sao-sebastiao\/","url":"https:\/\/www.manaus.am.gov.br\/semasc\/prefeitura-encerra-campanha-de-combate-ao-trafico-de-pessoas-no-largo-sao-sebastiao\/","name":"Prefeitura encerra \u2018Campanha de Combate ao Tr\u00e1fico de Pessoas\u2019 no largo S\u00e3o Sebasti\u00e3o - SEMASC","isPartOf":{"@id":"https:\/\/www.manaus.am.gov.br\/semasc\/#website"},"primaryImageOfPage":{"@id":"https:\/\/www.manaus.am.gov.br\/semasc\/prefeitura-encerra-campanha-de-combate-ao-trafico-de-pessoas-no-largo-sao-sebastiao\/#primaryimage"},"image":{"@id":"https:\/\/www.manaus.am.gov.br\/semasc\/prefeitura-encerra-campanha-de-combate-ao-trafico-de-pessoas-no-largo-sao-sebastiao\/#primaryimage"},"thumbnailUrl":"https:\/\/www.manaus.am.gov.br\/semasc\/wp-content\/uploads\/sites\/17\/2023\/08\/53085718510_756b9df693_c.jpg","datePublished":"2023-08-01T14:40:23+00:00","dateModified":"2023-08-01T14:40:24+00:00","breadcrumb":{"@id":"https:\/\/www.manaus.am.gov.br\/semasc\/prefeitura-encerra-campanha-de-combate-ao-trafico-de-pessoas-no-largo-sao-sebastiao\/#breadcrumb"},"inLanguage":"pt-BR","potentialAction":[{"@type":"ReadAction","target":["https:\/\/www.manaus.am.gov.br\/semasc\/prefeitura-encerra-campanha-de-combate-ao-trafico-de-pessoas-no-largo-sao-sebastiao\/"]}]},{"@type":"ImageObject","inLanguage":"pt-BR","@id":"https:\/\/www.manaus.am.gov.br\/semasc\/prefeitura-encerra-campanha-de-combate-ao-trafico-de-pessoas-no-largo-sao-sebastiao\/#primaryimage","url":"https:\/\/www.manaus.am.gov.br\/semasc\/wp-content\/uploads\/sites\/17\/2023\/08\/53085718510_756b9df693_c.jpg","contentUrl":"https:\/\/www.manaus.am.gov.br\/semasc\/wp-content\/uploads\/sites\/17\/2023\/08\/53085718510_756b9df693_c.jpg","width":799,"height":533},{"@type":"BreadcrumbList","@id":"https:\/\/www.manaus.am.gov.br\/semasc\/prefeitura-encerra-campanha-de-combate-ao-trafico-de-pessoas-no-largo-sao-sebastiao\/#breadcrumb","itemListElement":[{"@type":"ListItem","position":1,"name":"Home","item":"https:\/\/www.manaus.am.gov.br\/semasc\/"},{"@type":"ListItem","position":2,"name":"Prefeitura encerra \u2018Campanha de Combate ao Tr\u00e1fico de Pessoas\u2019 no largo S\u00e3o Sebasti\u00e3o"}]},{"@type":"WebSite","@id":"https:\/\/www.manaus.am.gov.br\/semasc\/#website","url":"https:\/\/www.manaus.am.gov.br\/semasc\/","name":"SEMASC","description":"Secretaria Municipal da Mulher, Assist\u00eancia Social e Cidadania.","publisher":{"@id":"https:\/\/www.manaus.am.gov.br\/semasc\/#organization"},"alternateName":"Secretaria Municipal da Mulher, Assist\u00eancia Social e Cidadania","potentialAction":[{"@type":"SearchAction","target":{"@type":"EntryPoint","urlTemplate":"https:\/\/www.manaus.am.gov.br\/semasc\/?s={search_term_string}"},"query-input":"required name=search_term_string"}],"inLanguage":"pt-BR"},{"@type":"Organization","@id":"https:\/\/www.manaus.am.gov.br\/semasc\/#organization","name":"Prefeitura de Manaus","alternateName":"Prefeitura Municipal de Manaus","url":"https:\/\/www.manaus.am.gov.br\/semasc\/","logo":{"@type":"ImageObject","inLanguage":"pt-BR","@id":"https:\/\/www.manaus.am.gov.br\/semasc\/#\/schema\/logo\/image\/","url":"https:\/\/www.manaus.am.gov.br\/semasc\/wp-content\/uploads\/sites\/17\/2024\/07\/favicon.png","contentUrl":"https:\/\/www.manaus.am.gov.br\/semasc\/wp-content\/uploads\/sites\/17\/2024\/07\/favicon.png","width":300,"height":300,"caption":"Prefeitura de Manaus"},"image":{"@id":"https:\/\/www.manaus.am.gov.br\/semasc\/#\/schema\/logo\/image\/"},"sameAs":["https:\/\/www.facebook.com\/semascmanaus","https:\/\/www.instagram.com\/semascmanaus\/"]},{"@type":"Person","@id":"https:\/\/www.manaus.am.gov.br\/semasc\/#\/schema\/person\/4e49f4e267757a06ca072ec61b2b9968","name":"Adriana Costa","image":{"@type":"ImageObject","inLanguage":"pt-BR","@id":"https:\/\/www.manaus.am.gov.br\/semasc\/#\/schema\/person\/image\/","url":"https:\/\/secure.gravatar.com\/avatar\/576258617ef7194f718179e766d57bd4?s=96&d=mm&r=g","contentUrl":"https:\/\/secure.gravatar.com\/avatar\/576258617ef7194f718179e766d57bd4?s=96&d=mm&r=g","caption":"Adriana Costa"}}]}},"_links":{"self":[{"href":"https:\/\/www.manaus.am.gov.br\/semasc\/wp-json\/wp\/v2\/posts\/208496"}],"collection":[{"href":"https:\/\/www.manaus.am.gov.br\/semasc\/wp-json\/wp\/v2\/posts"}],"about":[{"href":"https:\/\/www.manaus.am.gov.br\/semasc\/wp-json\/wp\/v2\/types\/post"}],"author":[{"embeddable":true,"href":"https:\/\/www.manaus.am.gov.br\/semasc\/wp-json\/wp\/v2\/users\/23"}],"replies":[{"embeddable":true,"href":"https:\/\/www.manaus.am.gov.br\/semasc\/wp-json\/wp\/v2\/comments?post=208496"}],"version-history":[{"count":0,"href":"https:\/\/www.manaus.am.gov.br\/semasc\/wp-json\/wp\/v2\/posts\/208496\/revisions"}],"wp:featuredmedia":[{"embeddable":true,"href":"https:\/\/www.manaus.am.gov.br\/semasc\/wp-json\/wp\/v2\/media\/208497"}],"wp:attachment":[{"href":"https:\/\/www.manaus.am.gov.br\/semasc\/wp-json\/wp\/v2\/media?parent=208496"}],"wp:term":[{"taxonomy":"category","embeddable":true,"href":"https:\/\/www.manaus.am.gov.br\/semasc\/wp-json\/wp\/v2\/categories?post=208496"},{"taxonomy":"post_tag","embeddable":true,"href":"https:\/\/www.manaus.am.gov.br\/semasc\/wp-json\/wp\/v2\/tags?post=208496"}],"curies":[{"name":"wp","href":"https:\/\/api.w.org\/{rel}","templated":true}]}}