{"id":208486,"date":"2023-07-30T13:29:27","date_gmt":"2023-07-30T17:29:27","guid":{"rendered":"https:\/\/www.manaus.am.gov.br\/semasc\/prefeitura-de-manaus-realiza-acao-de-sensibilizacao-contra-o-trafico-de-pessoas-no-centro-da-cidade\/"},"modified":"2023-07-30T13:29:29","modified_gmt":"2023-07-30T17:29:29","slug":"prefeitura-de-manaus-realiza-acao-de-sensibilizacao-contra-o-trafico-de-pessoas-no-centro-da-cidade","status":"publish","type":"post","link":"https:\/\/www.manaus.am.gov.br\/semasc\/prefeitura-de-manaus-realiza-acao-de-sensibilizacao-contra-o-trafico-de-pessoas-no-centro-da-cidade\/","title":{"rendered":"<strong>Prefeitura de Manaus realiza a\u00e7\u00e3o de sensibiliza\u00e7\u00e3o contra o tr\u00e1fico de pessoas no centro da cidade<\/strong>"},"content":{"rendered":"\n<p>A&nbsp;Prefeitura de Manaus, por meio da Secretaria Municipal da Mulher, Assist\u00eancia Social e Cidadania (Semasc), realizou, neste domingo, 30\/7, uma a\u00e7\u00e3o de sensibiliza\u00e7\u00e3o sobre a \u201cCampanha de Combate ao Tr\u00e1fico de Pessoas\u201d para comerciantes e frequentadores da feirinha da avenida Eduardo Ribeiro, no Centro, zona Sul da cidade.<\/p>\n\n\n\n<p>No local, que \u00e9 um dos mais movimentados da capital durante o fim de semana, a equipe t\u00e9cnica da secretaria realizou a distribui\u00e7\u00e3o de material informativo sobre o tema, alertando a popula\u00e7\u00e3o em geral sobre os sinais do tr\u00e1fico de pessoas e encorajando a den\u00fancia de atividades suspeitas.<\/p>\n\n\n\n<p>\u201cHoje, data em que \u00e9 celebrado o Dia Mundial de Enfrentamento ao Tr\u00e1fico de Pessoas, n\u00f3s estamos trabalhando para chamar a aten\u00e7\u00e3o das pessoas de que esse crime precisa voltar a ser denunciado ao menor ind\u00edcio, que n\u00e3o podemos esquecer que ele existe e nem baixar a guarda. \u00c9 a Prefeitura de Manaus trabalhando pelas pessoas para mudar esse quadro de desigualdade e viola\u00e7\u00e3o de direitos\u201d, afirmou a subsecret\u00e1ria de Pol\u00edticas Afirmativas para Mulheres e de Direitos Humanos da Semasc, Gra\u00e7a Prola.<\/p>\n\n\n\n<p>Durante a semana, foram desenvolvidas diversas a\u00e7\u00f5es de conscientiza\u00e7\u00e3o sobre o tema nos equipamentos socioassistenciais da Semasc e tamb\u00e9m nas pra\u00e7as, ruas, bares, casas de programa, hot\u00e9is e portos na capital amazonense. O artes\u00e3o Carlos Roberto, que trabalha na feira h\u00e1 mais de 10 anos, elogiou a iniciativa do poder p\u00fablico.<\/p>\n\n\n\n<p>\u201cEssa a\u00e7\u00e3o \u00e9 muito boa, desperta a aten\u00e7\u00e3o de todo mundo. N\u00f3s tamb\u00e9m temos a preocupa\u00e7\u00e3o de proteger as pessoas, eu inclusive vou levar essas informa\u00e7\u00f5es para os meus colegas do projeto social que eu participo no meu bairro. Todos n\u00f3s precisamos fazer a nossa parte para ajudar a melhorar a vida do povo, porque se n\u00e3o fizermos isso agora, depois pode ser tarde demais\u201d, comentou.<\/p>\n\n\n\n<p>A secretaria refor\u00e7a que os cidad\u00e3os exercem um papel fundamental no combate&nbsp;&nbsp; a esse crime. Ao identificar qualquer situa\u00e7\u00e3o suspeita, \u00e9 necess\u00e1rio denunciar \u00e0s autoridades competentes por meio dos n\u00fameros 0800 092 6644, 0800 092 1407 ou Disque 100.<\/p>\n\n\n\n<p><strong>Campanha<\/strong><\/p>\n\n\n\n<p>Desenvolvida em parceria com secretarias municipais e estaduais, Organiza\u00e7\u00f5es N\u00e3o Governamentais (ONGs), \u00f3rg\u00e3os de seguran\u00e7a p\u00fablica e institui\u00e7\u00f5es sociais, a campanha municipal, cujo tema \u00e9 \u201cLiberdade n\u00e3o se Compra e Dignidade n\u00e3o se Vende\u201d, terminar\u00e1 na segunda-feira, 31, em uma cerim\u00f4nia no largo S\u00e3o Sebasti\u00e3o, no Centro.<\/p>\n\n\n\n<p>A programa\u00e7\u00e3o de atividades faz parte da \u201cCampanha Cora\u00e7\u00e3o Azul\u201d, promovida internacionalmente pelo Escrit\u00f3rio das Na\u00e7\u00f5es Unidas sobre Drogas e Crime (UNODC), com o objetivo de prevenir e combater uma das mais graves formas de viola\u00e7\u00e3o de direitos que atinge milhares de pessoas. De acordo com a Organiza\u00e7\u00e3o das Na\u00e7\u00f5es Unidas (ONU), esse tipo de atividade movimenta, anualmente, 32 bilh\u00f5es de d\u00f3lares em todo o mundo.<\/p>\n\n\n\n<p>&#8212; &#8212; &#8212;<\/p>\n\n\n\n<p><strong>Texto &#8211;<\/strong>&nbsp;Jackeline Lima \/ Semasc<\/p>\n\n\n\n<p><strong>Fotos &#8211;<\/strong>&nbsp;Guilherme Pacheco \/ Semasc<\/p>\n\n\n\n<p><strong>Dispon\u00edveis em &#8211; <\/strong>&nbsp;<a href=\"https:\/\/flic.kr\/s\/aHBqjAPey2\">https:\/\/flic.kr\/s\/aHBqjAPey2<\/a><\/p>\n","protected":false},"excerpt":{"rendered":"","protected":false},"author":24,"featured_media":208487,"comment_status":"closed","ping_status":"closed","sticky":false,"template":"","format":"standard","meta":{"footnotes":""},"categories":[256],"tags":[50,257,258,259,260,47,7,18],"acf":[],"yoast_head":"<!-- This site is optimized with the Yoast SEO plugin v23.0 - https:\/\/yoast.com\/wordpress\/plugins\/seo\/ -->\n<title>Prefeitura de Manaus realiza a\u00e7\u00e3o de sensibiliza\u00e7\u00e3o contra o tr\u00e1fico de pessoas no centro da cidade - SEMASC<\/title>\n<meta name=\"description\" content=\"A\u00a0Prefeitura de Manaus, por meio da Secretaria Municipal da Mulher, Assist\u00eancia Social e Cidadania (Semasc), realizou, neste domingo, 30\/7, uma a\u00e7\u00e3o de sensibiliza\u00e7\u00e3o sobre a \u201cCampanha de Combate ao Tr\u00e1fico de Pessoas\u201d para comerciantes e frequentadores da feirinha da avenida Eduardo Ribeiro, no Centro, zona Sul da cidade.\" \/>\n<meta name=\"robots\" content=\"noindex, follow\" \/>\n<meta property=\"og:locale\" content=\"pt_BR\" \/>\n<meta property=\"og:type\" content=\"article\" \/>\n<meta property=\"og:title\" content=\"Prefeitura de Manaus realiza a\u00e7\u00e3o de sensibiliza\u00e7\u00e3o contra o tr\u00e1fico de pessoas no centro da cidade - SEMASC\" \/>\n<meta property=\"og:description\" content=\"A\u00a0Prefeitura de Manaus, por meio da Secretaria Municipal da Mulher, Assist\u00eancia Social e Cidadania (Semasc), realizou, neste domingo, 30\/7, uma a\u00e7\u00e3o de sensibiliza\u00e7\u00e3o sobre a \u201cCampanha de Combate ao Tr\u00e1fico de Pessoas\u201d para comerciantes e frequentadores da feirinha da avenida Eduardo Ribeiro, no Centro, zona Sul da cidade.\" \/>\n<meta property=\"og:url\" content=\"https:\/\/www.manaus.am.gov.br\/semasc\/prefeitura-de-manaus-realiza-acao-de-sensibilizacao-contra-o-trafico-de-pessoas-no-centro-da-cidade\/\" \/>\n<meta property=\"og:site_name\" content=\"SEMASC\" \/>\n<meta property=\"article:publisher\" content=\"https:\/\/www.facebook.com\/semascmanaus\" \/>\n<meta property=\"article:published_time\" content=\"2023-07-30T17:29:27+00:00\" \/>\n<meta property=\"article:modified_time\" content=\"2023-07-30T17:29:29+00:00\" \/>\n<meta property=\"og:image\" content=\"https:\/\/www.manaus.am.gov.br\/semasc\/wp-content\/uploads\/sites\/17\/2023\/07\/53081876174_e09c6e35c5_o-1024x576.jpg\" \/>\n\t<meta property=\"og:image:width\" content=\"1024\" \/>\n\t<meta property=\"og:image:height\" content=\"576\" \/>\n\t<meta property=\"og:image:type\" content=\"image\/jpeg\" \/>\n<meta name=\"author\" content=\"Cl\u00e1udia Barbosa\" \/>\n<meta name=\"twitter:card\" content=\"summary_large_image\" \/>\n<meta name=\"twitter:label1\" content=\"Written by\" \/>\n\t<meta name=\"twitter:data1\" content=\"Cl\u00e1udia Barbosa\" \/>\n\t<meta name=\"twitter:label2\" content=\"Est. reading time\" \/>\n\t<meta name=\"twitter:data2\" content=\"3 minutos\" \/>\n<script type=\"application\/ld+json\" class=\"yoast-schema-graph\">{\"@context\":\"https:\/\/schema.org\",\"@graph\":[{\"@type\":\"Article\",\"@id\":\"https:\/\/www.manaus.am.gov.br\/semasc\/prefeitura-de-manaus-realiza-acao-de-sensibilizacao-contra-o-trafico-de-pessoas-no-centro-da-cidade\/#article\",\"isPartOf\":{\"@id\":\"https:\/\/www.manaus.am.gov.br\/semasc\/prefeitura-de-manaus-realiza-acao-de-sensibilizacao-contra-o-trafico-de-pessoas-no-centro-da-cidade\/\"},\"author\":{\"name\":\"Cl\u00e1udia Barbosa\",\"@id\":\"https:\/\/www.manaus.am.gov.br\/semasc\/#\/schema\/person\/d0a166b5031154c33c77794ddc9a827e\"},\"headline\":\"Prefeitura de Manaus realiza a\u00e7\u00e3o de sensibiliza\u00e7\u00e3o contra o tr\u00e1fico de pessoas no centro da cidade\",\"datePublished\":\"2023-07-30T17:29:27+00:00\",\"dateModified\":\"2023-07-30T17:29:29+00:00\",\"mainEntityOfPage\":{\"@id\":\"https:\/\/www.manaus.am.gov.br\/semasc\/prefeitura-de-manaus-realiza-acao-de-sensibilizacao-contra-o-trafico-de-pessoas-no-centro-da-cidade\/\"},\"wordCount\":537,\"publisher\":{\"@id\":\"https:\/\/www.manaus.am.gov.br\/semasc\/#organization\"},\"image\":{\"@id\":\"https:\/\/www.manaus.am.gov.br\/semasc\/prefeitura-de-manaus-realiza-acao-de-sensibilizacao-contra-o-trafico-de-pessoas-no-centro-da-cidade\/#primaryimage\"},\"thumbnailUrl\":\"https:\/\/www.manaus.am.gov.br\/semasc\/wp-content\/uploads\/sites\/17\/2023\/07\/53081876174_e09c6e35c5_o.jpg\",\"keywords\":[\"a\u00e7\u00e3o de sensibiliza\u00e7\u00e3o\",\"Avenida Eduardo Ribeiro\",\"Campanha de Combate ao Tr\u00e1fico de Pessoas\u201d\",\"Dia Mundial de Enfrentamento ao Tr\u00e1fico de Pessoas\",\"feirinha\",\"Gra\u00e7a Prola\",\"prefeitura de manaus\",\"Semasc\"],\"articleSection\":[\"Conscientiza\u00e7\u00e3o\"],\"inLanguage\":\"pt-BR\"},{\"@type\":\"WebPage\",\"@id\":\"https:\/\/www.manaus.am.gov.br\/semasc\/prefeitura-de-manaus-realiza-acao-de-sensibilizacao-contra-o-trafico-de-pessoas-no-centro-da-cidade\/\",\"url\":\"https:\/\/www.manaus.am.gov.br\/semasc\/prefeitura-de-manaus-realiza-acao-de-sensibilizacao-contra-o-trafico-de-pessoas-no-centro-da-cidade\/\",\"name\":\"Prefeitura de Manaus realiza a\u00e7\u00e3o de sensibiliza\u00e7\u00e3o contra o tr\u00e1fico de pessoas no centro da cidade - SEMASC\",\"isPartOf\":{\"@id\":\"https:\/\/www.manaus.am.gov.br\/semasc\/#website\"},\"primaryImageOfPage\":{\"@id\":\"https:\/\/www.manaus.am.gov.br\/semasc\/prefeitura-de-manaus-realiza-acao-de-sensibilizacao-contra-o-trafico-de-pessoas-no-centro-da-cidade\/#primaryimage\"},\"image\":{\"@id\":\"https:\/\/www.manaus.am.gov.br\/semasc\/prefeitura-de-manaus-realiza-acao-de-sensibilizacao-contra-o-trafico-de-pessoas-no-centro-da-cidade\/#primaryimage\"},\"thumbnailUrl\":\"https:\/\/www.manaus.am.gov.br\/semasc\/wp-content\/uploads\/sites\/17\/2023\/07\/53081876174_e09c6e35c5_o.jpg\",\"datePublished\":\"2023-07-30T17:29:27+00:00\",\"dateModified\":\"2023-07-30T17:29:29+00:00\",\"description\":\"A\u00a0Prefeitura de Manaus, por meio da Secretaria Municipal da Mulher, Assist\u00eancia Social e Cidadania (Semasc), realizou, neste domingo, 30\/7, uma a\u00e7\u00e3o de sensibiliza\u00e7\u00e3o sobre a \u201cCampanha de Combate ao Tr\u00e1fico de Pessoas\u201d para comerciantes e frequentadores da feirinha da avenida Eduardo Ribeiro, no Centro, zona Sul da cidade.\",\"breadcrumb\":{\"@id\":\"https:\/\/www.manaus.am.gov.br\/semasc\/prefeitura-de-manaus-realiza-acao-de-sensibilizacao-contra-o-trafico-de-pessoas-no-centro-da-cidade\/#breadcrumb\"},\"inLanguage\":\"pt-BR\",\"potentialAction\":[{\"@type\":\"ReadAction\",\"target\":[\"https:\/\/www.manaus.am.gov.br\/semasc\/prefeitura-de-manaus-realiza-acao-de-sensibilizacao-contra-o-trafico-de-pessoas-no-centro-da-cidade\/\"]}]},{\"@type\":\"ImageObject\",\"inLanguage\":\"pt-BR\",\"@id\":\"https:\/\/www.manaus.am.gov.br\/semasc\/prefeitura-de-manaus-realiza-acao-de-sensibilizacao-contra-o-trafico-de-pessoas-no-centro-da-cidade\/#primaryimage\",\"url\":\"https:\/\/www.manaus.am.gov.br\/semasc\/wp-content\/uploads\/sites\/17\/2023\/07\/53081876174_e09c6e35c5_o.jpg\",\"contentUrl\":\"https:\/\/www.manaus.am.gov.br\/semasc\/wp-content\/uploads\/sites\/17\/2023\/07\/53081876174_e09c6e35c5_o.jpg\",\"width\":4080,\"height\":2296},{\"@type\":\"BreadcrumbList\",\"@id\":\"https:\/\/www.manaus.am.gov.br\/semasc\/prefeitura-de-manaus-realiza-acao-de-sensibilizacao-contra-o-trafico-de-pessoas-no-centro-da-cidade\/#breadcrumb\",\"itemListElement\":[{\"@type\":\"ListItem\",\"position\":1,\"name\":\"Home\",\"item\":\"https:\/\/www.manaus.am.gov.br\/semasc\/\"},{\"@type\":\"ListItem\",\"position\":2,\"name\":\"Prefeitura de Manaus realiza a\u00e7\u00e3o de sensibiliza\u00e7\u00e3o contra o tr\u00e1fico de pessoas no centro da cidade\"}]},{\"@type\":\"WebSite\",\"@id\":\"https:\/\/www.manaus.am.gov.br\/semasc\/#website\",\"url\":\"https:\/\/www.manaus.am.gov.br\/semasc\/\",\"name\":\"SEMASC\",\"description\":\"Secretaria Municipal da Mulher, Assist\u00eancia Social e Cidadania.\",\"publisher\":{\"@id\":\"https:\/\/www.manaus.am.gov.br\/semasc\/#organization\"},\"alternateName\":\"Secretaria Municipal da Mulher, Assist\u00eancia Social e Cidadania\",\"potentialAction\":[{\"@type\":\"SearchAction\",\"target\":{\"@type\":\"EntryPoint\",\"urlTemplate\":\"https:\/\/www.manaus.am.gov.br\/semasc\/?s={search_term_string}\"},\"query-input\":\"required name=search_term_string\"}],\"inLanguage\":\"pt-BR\"},{\"@type\":\"Organization\",\"@id\":\"https:\/\/www.manaus.am.gov.br\/semasc\/#organization\",\"name\":\"Prefeitura de Manaus\",\"alternateName\":\"Prefeitura Municipal de Manaus\",\"url\":\"https:\/\/www.manaus.am.gov.br\/semasc\/\",\"logo\":{\"@type\":\"ImageObject\",\"inLanguage\":\"pt-BR\",\"@id\":\"https:\/\/www.manaus.am.gov.br\/semasc\/#\/schema\/logo\/image\/\",\"url\":\"https:\/\/www.manaus.am.gov.br\/semasc\/wp-content\/uploads\/sites\/17\/2024\/07\/favicon.png\",\"contentUrl\":\"https:\/\/www.manaus.am.gov.br\/semasc\/wp-content\/uploads\/sites\/17\/2024\/07\/favicon.png\",\"width\":300,\"height\":300,\"caption\":\"Prefeitura de Manaus\"},\"image\":{\"@id\":\"https:\/\/www.manaus.am.gov.br\/semasc\/#\/schema\/logo\/image\/\"},\"sameAs\":[\"https:\/\/www.facebook.com\/semascmanaus\",\"https:\/\/www.instagram.com\/semascmanaus\/\"]},{\"@type\":\"Person\",\"@id\":\"https:\/\/www.manaus.am.gov.br\/semasc\/#\/schema\/person\/d0a166b5031154c33c77794ddc9a827e\",\"name\":\"Cl\u00e1udia Barbosa\",\"image\":{\"@type\":\"ImageObject\",\"inLanguage\":\"pt-BR\",\"@id\":\"https:\/\/www.manaus.am.gov.br\/semasc\/#\/schema\/person\/image\/\",\"url\":\"https:\/\/secure.gravatar.com\/avatar\/42958a1cf007f1a00534009218c72590?s=96&d=mm&r=g\",\"contentUrl\":\"https:\/\/secure.gravatar.com\/avatar\/42958a1cf007f1a00534009218c72590?s=96&d=mm&r=g\",\"caption\":\"Cl\u00e1udia Barbosa\"}}]}<\/script>\n<!-- \/ Yoast SEO plugin. -->","yoast_head_json":{"title":"Prefeitura de Manaus realiza a\u00e7\u00e3o de sensibiliza\u00e7\u00e3o contra o tr\u00e1fico de pessoas no centro da cidade - SEMASC","description":"A\u00a0Prefeitura de Manaus, por meio da Secretaria Municipal da Mulher, Assist\u00eancia Social e Cidadania (Semasc), realizou, neste domingo, 30\/7, uma a\u00e7\u00e3o de sensibiliza\u00e7\u00e3o sobre a \u201cCampanha de Combate ao Tr\u00e1fico de Pessoas\u201d para comerciantes e frequentadores da feirinha da avenida Eduardo Ribeiro, no Centro, zona Sul da cidade.","robots":{"index":"noindex","follow":"follow"},"og_locale":"pt_BR","og_type":"article","og_title":"Prefeitura de Manaus realiza a\u00e7\u00e3o de sensibiliza\u00e7\u00e3o contra o tr\u00e1fico de pessoas no centro da cidade - SEMASC","og_description":"A\u00a0Prefeitura de Manaus, por meio da Secretaria Municipal da Mulher, Assist\u00eancia Social e Cidadania (Semasc), realizou, neste domingo, 30\/7, uma a\u00e7\u00e3o de sensibiliza\u00e7\u00e3o sobre a \u201cCampanha de Combate ao Tr\u00e1fico de Pessoas\u201d para comerciantes e frequentadores da feirinha da avenida Eduardo Ribeiro, no Centro, zona Sul da cidade.","og_url":"https:\/\/www.manaus.am.gov.br\/semasc\/prefeitura-de-manaus-realiza-acao-de-sensibilizacao-contra-o-trafico-de-pessoas-no-centro-da-cidade\/","og_site_name":"SEMASC","article_publisher":"https:\/\/www.facebook.com\/semascmanaus","article_published_time":"2023-07-30T17:29:27+00:00","article_modified_time":"2023-07-30T17:29:29+00:00","og_image":[{"width":1024,"height":576,"url":"https:\/\/www.manaus.am.gov.br\/semasc\/wp-content\/uploads\/sites\/17\/2023\/07\/53081876174_e09c6e35c5_o-1024x576.jpg","type":"image\/jpeg"}],"author":"Cl\u00e1udia Barbosa","twitter_card":"summary_large_image","twitter_misc":{"Written by":"Cl\u00e1udia Barbosa","Est. reading time":"3 minutos"},"schema":{"@context":"https:\/\/schema.org","@graph":[{"@type":"Article","@id":"https:\/\/www.manaus.am.gov.br\/semasc\/prefeitura-de-manaus-realiza-acao-de-sensibilizacao-contra-o-trafico-de-pessoas-no-centro-da-cidade\/#article","isPartOf":{"@id":"https:\/\/www.manaus.am.gov.br\/semasc\/prefeitura-de-manaus-realiza-acao-de-sensibilizacao-contra-o-trafico-de-pessoas-no-centro-da-cidade\/"},"author":{"name":"Cl\u00e1udia Barbosa","@id":"https:\/\/www.manaus.am.gov.br\/semasc\/#\/schema\/person\/d0a166b5031154c33c77794ddc9a827e"},"headline":"Prefeitura de Manaus realiza a\u00e7\u00e3o de sensibiliza\u00e7\u00e3o contra o tr\u00e1fico de pessoas no centro da cidade","datePublished":"2023-07-30T17:29:27+00:00","dateModified":"2023-07-30T17:29:29+00:00","mainEntityOfPage":{"@id":"https:\/\/www.manaus.am.gov.br\/semasc\/prefeitura-de-manaus-realiza-acao-de-sensibilizacao-contra-o-trafico-de-pessoas-no-centro-da-cidade\/"},"wordCount":537,"publisher":{"@id":"https:\/\/www.manaus.am.gov.br\/semasc\/#organization"},"image":{"@id":"https:\/\/www.manaus.am.gov.br\/semasc\/prefeitura-de-manaus-realiza-acao-de-sensibilizacao-contra-o-trafico-de-pessoas-no-centro-da-cidade\/#primaryimage"},"thumbnailUrl":"https:\/\/www.manaus.am.gov.br\/semasc\/wp-content\/uploads\/sites\/17\/2023\/07\/53081876174_e09c6e35c5_o.jpg","keywords":["a\u00e7\u00e3o de sensibiliza\u00e7\u00e3o","Avenida Eduardo Ribeiro","Campanha de Combate ao Tr\u00e1fico de Pessoas\u201d","Dia Mundial de Enfrentamento ao Tr\u00e1fico de Pessoas","feirinha","Gra\u00e7a Prola","prefeitura de manaus","Semasc"],"articleSection":["Conscientiza\u00e7\u00e3o"],"inLanguage":"pt-BR"},{"@type":"WebPage","@id":"https:\/\/www.manaus.am.gov.br\/semasc\/prefeitura-de-manaus-realiza-acao-de-sensibilizacao-contra-o-trafico-de-pessoas-no-centro-da-cidade\/","url":"https:\/\/www.manaus.am.gov.br\/semasc\/prefeitura-de-manaus-realiza-acao-de-sensibilizacao-contra-o-trafico-de-pessoas-no-centro-da-cidade\/","name":"Prefeitura de Manaus realiza a\u00e7\u00e3o de sensibiliza\u00e7\u00e3o contra o tr\u00e1fico de pessoas no centro da cidade - SEMASC","isPartOf":{"@id":"https:\/\/www.manaus.am.gov.br\/semasc\/#website"},"primaryImageOfPage":{"@id":"https:\/\/www.manaus.am.gov.br\/semasc\/prefeitura-de-manaus-realiza-acao-de-sensibilizacao-contra-o-trafico-de-pessoas-no-centro-da-cidade\/#primaryimage"},"image":{"@id":"https:\/\/www.manaus.am.gov.br\/semasc\/prefeitura-de-manaus-realiza-acao-de-sensibilizacao-contra-o-trafico-de-pessoas-no-centro-da-cidade\/#primaryimage"},"thumbnailUrl":"https:\/\/www.manaus.am.gov.br\/semasc\/wp-content\/uploads\/sites\/17\/2023\/07\/53081876174_e09c6e35c5_o.jpg","datePublished":"2023-07-30T17:29:27+00:00","dateModified":"2023-07-30T17:29:29+00:00","description":"A\u00a0Prefeitura de Manaus, por meio da Secretaria Municipal da Mulher, Assist\u00eancia Social e Cidadania (Semasc), realizou, neste domingo, 30\/7, uma a\u00e7\u00e3o de sensibiliza\u00e7\u00e3o sobre a \u201cCampanha de Combate ao Tr\u00e1fico de Pessoas\u201d para comerciantes e frequentadores da feirinha da avenida Eduardo Ribeiro, no Centro, zona Sul da cidade.","breadcrumb":{"@id":"https:\/\/www.manaus.am.gov.br\/semasc\/prefeitura-de-manaus-realiza-acao-de-sensibilizacao-contra-o-trafico-de-pessoas-no-centro-da-cidade\/#breadcrumb"},"inLanguage":"pt-BR","potentialAction":[{"@type":"ReadAction","target":["https:\/\/www.manaus.am.gov.br\/semasc\/prefeitura-de-manaus-realiza-acao-de-sensibilizacao-contra-o-trafico-de-pessoas-no-centro-da-cidade\/"]}]},{"@type":"ImageObject","inLanguage":"pt-BR","@id":"https:\/\/www.manaus.am.gov.br\/semasc\/prefeitura-de-manaus-realiza-acao-de-sensibilizacao-contra-o-trafico-de-pessoas-no-centro-da-cidade\/#primaryimage","url":"https:\/\/www.manaus.am.gov.br\/semasc\/wp-content\/uploads\/sites\/17\/2023\/07\/53081876174_e09c6e35c5_o.jpg","contentUrl":"https:\/\/www.manaus.am.gov.br\/semasc\/wp-content\/uploads\/sites\/17\/2023\/07\/53081876174_e09c6e35c5_o.jpg","width":4080,"height":2296},{"@type":"BreadcrumbList","@id":"https:\/\/www.manaus.am.gov.br\/semasc\/prefeitura-de-manaus-realiza-acao-de-sensibilizacao-contra-o-trafico-de-pessoas-no-centro-da-cidade\/#breadcrumb","itemListElement":[{"@type":"ListItem","position":1,"name":"Home","item":"https:\/\/www.manaus.am.gov.br\/semasc\/"},{"@type":"ListItem","position":2,"name":"Prefeitura de Manaus realiza a\u00e7\u00e3o de sensibiliza\u00e7\u00e3o contra o tr\u00e1fico de pessoas no centro da cidade"}]},{"@type":"WebSite","@id":"https:\/\/www.manaus.am.gov.br\/semasc\/#website","url":"https:\/\/www.manaus.am.gov.br\/semasc\/","name":"SEMASC","description":"Secretaria Municipal da Mulher, Assist\u00eancia Social e Cidadania.","publisher":{"@id":"https:\/\/www.manaus.am.gov.br\/semasc\/#organization"},"alternateName":"Secretaria Municipal da Mulher, Assist\u00eancia Social e Cidadania","potentialAction":[{"@type":"SearchAction","target":{"@type":"EntryPoint","urlTemplate":"https:\/\/www.manaus.am.gov.br\/semasc\/?s={search_term_string}"},"query-input":"required name=search_term_string"}],"inLanguage":"pt-BR"},{"@type":"Organization","@id":"https:\/\/www.manaus.am.gov.br\/semasc\/#organization","name":"Prefeitura de Manaus","alternateName":"Prefeitura Municipal de Manaus","url":"https:\/\/www.manaus.am.gov.br\/semasc\/","logo":{"@type":"ImageObject","inLanguage":"pt-BR","@id":"https:\/\/www.manaus.am.gov.br\/semasc\/#\/schema\/logo\/image\/","url":"https:\/\/www.manaus.am.gov.br\/semasc\/wp-content\/uploads\/sites\/17\/2024\/07\/favicon.png","contentUrl":"https:\/\/www.manaus.am.gov.br\/semasc\/wp-content\/uploads\/sites\/17\/2024\/07\/favicon.png","width":300,"height":300,"caption":"Prefeitura de Manaus"},"image":{"@id":"https:\/\/www.manaus.am.gov.br\/semasc\/#\/schema\/logo\/image\/"},"sameAs":["https:\/\/www.facebook.com\/semascmanaus","https:\/\/www.instagram.com\/semascmanaus\/"]},{"@type":"Person","@id":"https:\/\/www.manaus.am.gov.br\/semasc\/#\/schema\/person\/d0a166b5031154c33c77794ddc9a827e","name":"Cl\u00e1udia Barbosa","image":{"@type":"ImageObject","inLanguage":"pt-BR","@id":"https:\/\/www.manaus.am.gov.br\/semasc\/#\/schema\/person\/image\/","url":"https:\/\/secure.gravatar.com\/avatar\/42958a1cf007f1a00534009218c72590?s=96&d=mm&r=g","contentUrl":"https:\/\/secure.gravatar.com\/avatar\/42958a1cf007f1a00534009218c72590?s=96&d=mm&r=g","caption":"Cl\u00e1udia Barbosa"}}]}},"_links":{"self":[{"href":"https:\/\/www.manaus.am.gov.br\/semasc\/wp-json\/wp\/v2\/posts\/208486"}],"collection":[{"href":"https:\/\/www.manaus.am.gov.br\/semasc\/wp-json\/wp\/v2\/posts"}],"about":[{"href":"https:\/\/www.manaus.am.gov.br\/semasc\/wp-json\/wp\/v2\/types\/post"}],"author":[{"embeddable":true,"href":"https:\/\/www.manaus.am.gov.br\/semasc\/wp-json\/wp\/v2\/users\/24"}],"replies":[{"embeddable":true,"href":"https:\/\/www.manaus.am.gov.br\/semasc\/wp-json\/wp\/v2\/comments?post=208486"}],"version-history":[{"count":0,"href":"https:\/\/www.manaus.am.gov.br\/semasc\/wp-json\/wp\/v2\/posts\/208486\/revisions"}],"wp:featuredmedia":[{"embeddable":true,"href":"https:\/\/www.manaus.am.gov.br\/semasc\/wp-json\/wp\/v2\/media\/208487"}],"wp:attachment":[{"href":"https:\/\/www.manaus.am.gov.br\/semasc\/wp-json\/wp\/v2\/media?parent=208486"}],"wp:term":[{"taxonomy":"category","embeddable":true,"href":"https:\/\/www.manaus.am.gov.br\/semasc\/wp-json\/wp\/v2\/categories?post=208486"},{"taxonomy":"post_tag","embeddable":true,"href":"https:\/\/www.manaus.am.gov.br\/semasc\/wp-json\/wp\/v2\/tags?post=208486"}],"curies":[{"name":"wp","href":"https:\/\/api.w.org\/{rel}","templated":true}]}}