{"id":208475,"date":"2023-07-27T15:25:15","date_gmt":"2023-07-27T19:25:15","guid":{"rendered":"https:\/\/www.manaus.am.gov.br\/semasc\/prefeitura-realiza-passeio-no-musa-com-adolescentes-em-cumprimento-de-medida-socioeducativa\/"},"modified":"2023-07-27T15:33:11","modified_gmt":"2023-07-27T19:33:11","slug":"prefeitura-realiza-passeio-no-musa-com-adolescentes-em-cumprimento-de-medida-socioeducativa","status":"publish","type":"post","link":"https:\/\/www.manaus.am.gov.br\/semasc\/prefeitura-realiza-passeio-no-musa-com-adolescentes-em-cumprimento-de-medida-socioeducativa\/","title":{"rendered":"<strong>Prefeitura realiza passeio no Musa com adolescentes em cumprimento de medida socioeducativa<\/strong>"},"content":{"rendered":"\n<p>A Prefeitura de Manaus, por meio da Secretaria Municipal da Mulher, Assist\u00eancia Social e Cidadania (Semasc), realizou, nesta quinta-feira, 27\/7, um passeio pelas instala\u00e7\u00f5es do Museu da Amaz\u00f4nia (Musa), no bairro Cidade de Deus, zona Norte da cidade, com adolescentes em cumprimento de medidas socioeducativas atendidos pelo Centro de Refer\u00eancia Especializado de Assist\u00eancia Social (Creas) Centro-Oeste.<\/p>\n\n\n\n<p>No total, 15 adolescentes e duas m\u00e3es participaram do passeio, al\u00e9m da equipe t\u00e9cnica do equipamento socioassistencial. De acordo com a chefe da Divis\u00e3o Especial de M\u00e9dia Complexidade do Departamento de Prote\u00e7\u00e3o Social Especial da Semasc, M\u00e1rcia Helena, a iniciativa busca conscientizar os jovens e ajud\u00e1-los no processo de ressocializa\u00e7\u00e3o.<\/p>\n\n\n\n<p>\u201c\u00c9 necess\u00e1rio ter esse olhar de empatia com esses adolescentes. Essa atividade \u00e9 um meio para que eles possam conhecer outros locais, al\u00e9m do Creas, e ter contato com atrativos da cidade que muitas vezes eles n\u00e3o conhecem, com atividades culturais que os levem a uma reflex\u00e3o acerca da medida que est\u00e3o cumprindo nesse processo de ressignifica\u00e7\u00e3o da vida. \u00c9 um momento para o jovem refletir para al\u00e9m do delito que ele cometeu\u201d, explicou.<\/p>\n\n\n\n<p>O passeio \u00e9 parte da programa\u00e7\u00e3o de atividades desenvolvidas pelos Creas, que entre os servi\u00e7os disponibilizados \u00e0 popula\u00e7\u00e3o est\u00e1 o de presta\u00e7\u00e3o de apoio a esses adolescentes para que eles possam cumprir suas medidas de forma justa e eficaz. \u00c9 por meio da oferta desse e de outros servi\u00e7os que a prefeitura \u00e9 capaz de atender e acompanhar esses jovens e suas fam\u00edlias, oferecendo orienta\u00e7\u00f5es e atividades necess\u00e1rias para que ocorra a ressocializa\u00e7\u00e3o.<\/p>\n\n\n\n<p>\u201cPara cumprir os objetivos propostos pela medida socioeducativa, n\u00f3s direcionamos o trabalho para as atividades que possam gerar a constru\u00e7\u00e3o de projetos de vida, e para que eles fa\u00e7am isso \u00e9 importante ter esse sentimento de pertencimento, que eles se identifiquem com o local em que moram, que reflitam sobre a responsabilidade social que eles t\u00eam, e o Musa \u00e9 o local perfeito para isso, pois \u00e9 um museu a c\u00e9u aberto. A ideia \u00e9 que eles possam vivenciar essa experi\u00eancia e se reorganizar para poder promover essa mudan\u00e7a de vida para uma conduta mais adequada, sem ser infracional\u201d, ressaltou Eliene Passos, psic\u00f3loga do Creas Centro-Oeste.<\/p>\n\n\n\n<p>A dona de casa Tatiana Medeiros, de 38 anos, ressaltou que o passeio alegrou o dia do seu filho, de 16 anos, e elogiou a iniciativa. \u201cEu acho importante esse tipo de atividade, porque o nosso dia a dia \u00e9 muito corrido. A ideia do Creas de termos essa oportunidade com os jovens faz muito bem para eles, para terem mais conhecimento. Moramos em Manaus e mesmo assim n\u00e3o conhecemos muitas das coisas que temos aqui. Meu filho gostou, achou bem interessante\u201d, comentou.<\/p>\n\n\n\n<p><strong>Sobre o Musa<\/strong><\/p>\n\n\n\n<p>O Musa \u00e9 uma casa de cultura e ci\u00eancia que ocupa 100 hectares (um quil\u00f4metro quadrado) da Reserva Florestal Adolpho Ducke, do Instituto Nacional de Pesquisas da Amaz\u00f4nia (Inpa), em Manaus. O resultado de pesquisas desenvolvidas na \u00e1rea \u00e9 compartilhado com os visitantes em diversos espa\u00e7os do local, que funciona diariamente (exceto \u00e0s quartas-feiras) para visitas, no hor\u00e1rio das 8h30 \u00e0s 17h, e os ingressos s\u00e3o vendidos a R$ 40.<\/p>\n\n\n\n<p><strong>Sobre os Creas<\/strong><\/p>\n\n\n\n<p>Atualmente Manaus conta com cinco Centros de Refer\u00eancia Especializados de Assist\u00eancia Social (Creas), que ofertam atendimento especializado a fam\u00edlias e indiv\u00edduos que vivenciam situa\u00e7\u00f5es de vulnerabilidade, com direitos violados, mas cujos v\u00ednculos familiar e comunit\u00e1rio n\u00e3o foram rompidos, visando a orienta\u00e7\u00e3o e o conv\u00edvio social, familiar e comunit\u00e1rio.<\/p>\n\n\n\n<p>O trabalho nos equipamentos \u00e9 realizado, em sua maioria, por meio do Servi\u00e7o de Prote\u00e7\u00e3o e Atendimento Especializado a Fam\u00edlias e Indiv\u00edduos (Paefi). Al\u00e9m disso, tamb\u00e9m \u00e9 ofertado o Servi\u00e7o de Prote\u00e7\u00e3o Social ao Adolescente em Cumprimento de Medidas Socioeducativas de Liberdade Assistida (LA), e de Presta\u00e7\u00e3o de Servi\u00e7os \u00e0 Comunidade (PSC).&nbsp;<\/p>\n\n\n\n<p>&#8212; &#8212; &#8212;<\/p>\n\n\n\n<p><strong>Texto &#8211;<\/strong> Jackeline Lima \/ Semasc<\/p>\n\n\n\n<p><strong>Fotos &#8211;<\/strong> Guilherme Pacheco \/ Semasc<\/p>\n\n\n\n<p><strong>Dispon\u00edveis em<\/strong> &#8211; <a href=\"https:\/\/flic.kr\/s\/aHBqjAP1AB\">https:\/\/flic.kr\/s\/aHBqjAP1AB<\/a><\/p>\n","protected":false},"excerpt":{"rendered":"","protected":false},"author":39,"featured_media":208476,"comment_status":"closed","ping_status":"closed","sticky":false,"template":"","format":"standard","meta":{"footnotes":""},"categories":[34],"tags":[252,253,254,255,7,18],"acf":[],"yoast_head":"<!-- This site is optimized with the Yoast SEO plugin v23.0 - https:\/\/yoast.com\/wordpress\/plugins\/seo\/ -->\n<title>Prefeitura realiza passeio no Musa com adolescentes em cumprimento de medida socioeducativa<\/title>\n<meta name=\"description\" content=\"A Prefeitura de Manaus, por meio da Secretaria Municipal da Mulher, Assist\u00eancia Social e Cidadania (Semasc), realizou, nesta quinta-feira, 27\/7, um passeio pelas instala\u00e7\u00f5es do Museu da Amaz\u00f4nia (Musa), no bairro Cidade de Deus, zona Norte da cidade, com adolescentes em cumprimento de medidas socioeducativas atendidos pelo Centro de Refer\u00eancia Especializado de Assist\u00eancia Social (Creas) Centro-Oeste.\" \/>\n<meta name=\"robots\" content=\"noindex, follow\" \/>\n<meta property=\"og:locale\" content=\"pt_BR\" \/>\n<meta property=\"og:type\" content=\"article\" \/>\n<meta property=\"og:title\" content=\"Prefeitura realiza passeio no Musa com adolescentes em cumprimento de medida socioeducativa\" \/>\n<meta property=\"og:description\" content=\"A Prefeitura de Manaus, por meio da Secretaria Municipal da Mulher, Assist\u00eancia Social e Cidadania (Semasc), realizou, nesta quinta-feira, 27\/7, um passeio pelas instala\u00e7\u00f5es do Museu da Amaz\u00f4nia (Musa), no bairro Cidade de Deus, zona Norte da cidade, com adolescentes em cumprimento de medidas socioeducativas atendidos pelo Centro de Refer\u00eancia Especializado de Assist\u00eancia Social (Creas) Centro-Oeste.\" \/>\n<meta property=\"og:url\" content=\"https:\/\/www.manaus.am.gov.br\/semasc\/prefeitura-realiza-passeio-no-musa-com-adolescentes-em-cumprimento-de-medida-socioeducativa\/\" \/>\n<meta property=\"og:site_name\" content=\"SEMASC\" \/>\n<meta property=\"article:publisher\" content=\"https:\/\/www.facebook.com\/semascmanaus\" \/>\n<meta property=\"article:published_time\" content=\"2023-07-27T19:25:15+00:00\" \/>\n<meta property=\"article:modified_time\" content=\"2023-07-27T19:33:11+00:00\" \/>\n<meta property=\"og:image\" content=\"https:\/\/www.manaus.am.gov.br\/semasc\/wp-content\/uploads\/sites\/17\/2023\/07\/53075950910_6ae7d43f6c_k.jpg\" \/>\n\t<meta property=\"og:image:width\" content=\"2048\" \/>\n\t<meta property=\"og:image:height\" content=\"1365\" \/>\n\t<meta property=\"og:image:type\" content=\"image\/jpeg\" \/>\n<meta name=\"author\" content=\"Bruna Greco\" \/>\n<meta name=\"twitter:card\" content=\"summary_large_image\" \/>\n<meta name=\"twitter:label1\" content=\"Written by\" \/>\n\t<meta name=\"twitter:data1\" content=\"Bruna Greco\" \/>\n\t<meta name=\"twitter:label2\" content=\"Est. reading time\" \/>\n\t<meta name=\"twitter:data2\" content=\"4 minutos\" \/>\n<script type=\"application\/ld+json\" class=\"yoast-schema-graph\">{\"@context\":\"https:\/\/schema.org\",\"@graph\":[{\"@type\":\"Article\",\"@id\":\"https:\/\/www.manaus.am.gov.br\/semasc\/prefeitura-realiza-passeio-no-musa-com-adolescentes-em-cumprimento-de-medida-socioeducativa\/#article\",\"isPartOf\":{\"@id\":\"https:\/\/www.manaus.am.gov.br\/semasc\/prefeitura-realiza-passeio-no-musa-com-adolescentes-em-cumprimento-de-medida-socioeducativa\/\"},\"author\":{\"name\":\"Bruna Greco\",\"@id\":\"https:\/\/www.manaus.am.gov.br\/semasc\/#\/schema\/person\/05d223aea2bf115f9883a6ff3683d81b\"},\"headline\":\"Prefeitura realiza passeio no Musa com adolescentes em cumprimento de medida socioeducativa\",\"datePublished\":\"2023-07-27T19:25:15+00:00\",\"dateModified\":\"2023-07-27T19:33:11+00:00\",\"mainEntityOfPage\":{\"@id\":\"https:\/\/www.manaus.am.gov.br\/semasc\/prefeitura-realiza-passeio-no-musa-com-adolescentes-em-cumprimento-de-medida-socioeducativa\/\"},\"wordCount\":697,\"publisher\":{\"@id\":\"https:\/\/www.manaus.am.gov.br\/semasc\/#organization\"},\"image\":{\"@id\":\"https:\/\/www.manaus.am.gov.br\/semasc\/prefeitura-realiza-passeio-no-musa-com-adolescentes-em-cumprimento-de-medida-socioeducativa\/#primaryimage\"},\"thumbnailUrl\":\"https:\/\/www.manaus.am.gov.br\/semasc\/wp-content\/uploads\/sites\/17\/2023\/07\/53075950910_6ae7d43f6c_k.jpg\",\"keywords\":[\"adolescentes em cumprimento de medida socioeducativa\",\"Centro de Refer\u00eancia Especializado de Assist\u00eancia Social (Creas) Centro-Oeste.\",\"Museu da Amaz\u00f4nia (Musa)\",\"passeio no Musa\",\"prefeitura de manaus\",\"Semasc\"],\"articleSection\":[\"Assist\u00eancia Social\"],\"inLanguage\":\"pt-BR\"},{\"@type\":\"WebPage\",\"@id\":\"https:\/\/www.manaus.am.gov.br\/semasc\/prefeitura-realiza-passeio-no-musa-com-adolescentes-em-cumprimento-de-medida-socioeducativa\/\",\"url\":\"https:\/\/www.manaus.am.gov.br\/semasc\/prefeitura-realiza-passeio-no-musa-com-adolescentes-em-cumprimento-de-medida-socioeducativa\/\",\"name\":\"Prefeitura realiza passeio no Musa com adolescentes em cumprimento de medida socioeducativa\",\"isPartOf\":{\"@id\":\"https:\/\/www.manaus.am.gov.br\/semasc\/#website\"},\"primaryImageOfPage\":{\"@id\":\"https:\/\/www.manaus.am.gov.br\/semasc\/prefeitura-realiza-passeio-no-musa-com-adolescentes-em-cumprimento-de-medida-socioeducativa\/#primaryimage\"},\"image\":{\"@id\":\"https:\/\/www.manaus.am.gov.br\/semasc\/prefeitura-realiza-passeio-no-musa-com-adolescentes-em-cumprimento-de-medida-socioeducativa\/#primaryimage\"},\"thumbnailUrl\":\"https:\/\/www.manaus.am.gov.br\/semasc\/wp-content\/uploads\/sites\/17\/2023\/07\/53075950910_6ae7d43f6c_k.jpg\",\"datePublished\":\"2023-07-27T19:25:15+00:00\",\"dateModified\":\"2023-07-27T19:33:11+00:00\",\"description\":\"A Prefeitura de Manaus, por meio da Secretaria Municipal da Mulher, Assist\u00eancia Social e Cidadania (Semasc), realizou, nesta quinta-feira, 27\/7, um passeio pelas instala\u00e7\u00f5es do Museu da Amaz\u00f4nia (Musa), no bairro Cidade de Deus, zona Norte da cidade, com adolescentes em cumprimento de medidas socioeducativas atendidos pelo Centro de Refer\u00eancia Especializado de Assist\u00eancia Social (Creas) Centro-Oeste.\",\"breadcrumb\":{\"@id\":\"https:\/\/www.manaus.am.gov.br\/semasc\/prefeitura-realiza-passeio-no-musa-com-adolescentes-em-cumprimento-de-medida-socioeducativa\/#breadcrumb\"},\"inLanguage\":\"pt-BR\",\"potentialAction\":[{\"@type\":\"ReadAction\",\"target\":[\"https:\/\/www.manaus.am.gov.br\/semasc\/prefeitura-realiza-passeio-no-musa-com-adolescentes-em-cumprimento-de-medida-socioeducativa\/\"]}]},{\"@type\":\"ImageObject\",\"inLanguage\":\"pt-BR\",\"@id\":\"https:\/\/www.manaus.am.gov.br\/semasc\/prefeitura-realiza-passeio-no-musa-com-adolescentes-em-cumprimento-de-medida-socioeducativa\/#primaryimage\",\"url\":\"https:\/\/www.manaus.am.gov.br\/semasc\/wp-content\/uploads\/sites\/17\/2023\/07\/53075950910_6ae7d43f6c_k.jpg\",\"contentUrl\":\"https:\/\/www.manaus.am.gov.br\/semasc\/wp-content\/uploads\/sites\/17\/2023\/07\/53075950910_6ae7d43f6c_k.jpg\",\"width\":2048,\"height\":1365},{\"@type\":\"BreadcrumbList\",\"@id\":\"https:\/\/www.manaus.am.gov.br\/semasc\/prefeitura-realiza-passeio-no-musa-com-adolescentes-em-cumprimento-de-medida-socioeducativa\/#breadcrumb\",\"itemListElement\":[{\"@type\":\"ListItem\",\"position\":1,\"name\":\"Home\",\"item\":\"https:\/\/www.manaus.am.gov.br\/semasc\/\"},{\"@type\":\"ListItem\",\"position\":2,\"name\":\"Prefeitura realiza passeio no Musa com adolescentes em cumprimento de medida socioeducativa\"}]},{\"@type\":\"WebSite\",\"@id\":\"https:\/\/www.manaus.am.gov.br\/semasc\/#website\",\"url\":\"https:\/\/www.manaus.am.gov.br\/semasc\/\",\"name\":\"SEMASC\",\"description\":\"Secretaria Municipal da Mulher, Assist\u00eancia Social e Cidadania.\",\"publisher\":{\"@id\":\"https:\/\/www.manaus.am.gov.br\/semasc\/#organization\"},\"alternateName\":\"Secretaria Municipal da Mulher, Assist\u00eancia Social e Cidadania\",\"potentialAction\":[{\"@type\":\"SearchAction\",\"target\":{\"@type\":\"EntryPoint\",\"urlTemplate\":\"https:\/\/www.manaus.am.gov.br\/semasc\/?s={search_term_string}\"},\"query-input\":\"required name=search_term_string\"}],\"inLanguage\":\"pt-BR\"},{\"@type\":\"Organization\",\"@id\":\"https:\/\/www.manaus.am.gov.br\/semasc\/#organization\",\"name\":\"Prefeitura de Manaus\",\"alternateName\":\"Prefeitura Municipal de Manaus\",\"url\":\"https:\/\/www.manaus.am.gov.br\/semasc\/\",\"logo\":{\"@type\":\"ImageObject\",\"inLanguage\":\"pt-BR\",\"@id\":\"https:\/\/www.manaus.am.gov.br\/semasc\/#\/schema\/logo\/image\/\",\"url\":\"https:\/\/www.manaus.am.gov.br\/semasc\/wp-content\/uploads\/sites\/17\/2024\/07\/favicon.png\",\"contentUrl\":\"https:\/\/www.manaus.am.gov.br\/semasc\/wp-content\/uploads\/sites\/17\/2024\/07\/favicon.png\",\"width\":300,\"height\":300,\"caption\":\"Prefeitura de Manaus\"},\"image\":{\"@id\":\"https:\/\/www.manaus.am.gov.br\/semasc\/#\/schema\/logo\/image\/\"},\"sameAs\":[\"https:\/\/www.facebook.com\/semascmanaus\",\"https:\/\/www.instagram.com\/semascmanaus\/\"]},{\"@type\":\"Person\",\"@id\":\"https:\/\/www.manaus.am.gov.br\/semasc\/#\/schema\/person\/05d223aea2bf115f9883a6ff3683d81b\",\"name\":\"Bruna Greco\",\"image\":{\"@type\":\"ImageObject\",\"inLanguage\":\"pt-BR\",\"@id\":\"https:\/\/www.manaus.am.gov.br\/semasc\/#\/schema\/person\/image\/\",\"url\":\"https:\/\/secure.gravatar.com\/avatar\/9c877d1a6adc2a055330e5c09a8653ce?s=96&d=mm&r=g\",\"contentUrl\":\"https:\/\/secure.gravatar.com\/avatar\/9c877d1a6adc2a055330e5c09a8653ce?s=96&d=mm&r=g\",\"caption\":\"Bruna Greco\"}}]}<\/script>\n<!-- \/ Yoast SEO plugin. -->","yoast_head_json":{"title":"Prefeitura realiza passeio no Musa com adolescentes em cumprimento de medida socioeducativa","description":"A Prefeitura de Manaus, por meio da Secretaria Municipal da Mulher, Assist\u00eancia Social e Cidadania (Semasc), realizou, nesta quinta-feira, 27\/7, um passeio pelas instala\u00e7\u00f5es do Museu da Amaz\u00f4nia (Musa), no bairro Cidade de Deus, zona Norte da cidade, com adolescentes em cumprimento de medidas socioeducativas atendidos pelo Centro de Refer\u00eancia Especializado de Assist\u00eancia Social (Creas) Centro-Oeste.","robots":{"index":"noindex","follow":"follow"},"og_locale":"pt_BR","og_type":"article","og_title":"Prefeitura realiza passeio no Musa com adolescentes em cumprimento de medida socioeducativa","og_description":"A Prefeitura de Manaus, por meio da Secretaria Municipal da Mulher, Assist\u00eancia Social e Cidadania (Semasc), realizou, nesta quinta-feira, 27\/7, um passeio pelas instala\u00e7\u00f5es do Museu da Amaz\u00f4nia (Musa), no bairro Cidade de Deus, zona Norte da cidade, com adolescentes em cumprimento de medidas socioeducativas atendidos pelo Centro de Refer\u00eancia Especializado de Assist\u00eancia Social (Creas) Centro-Oeste.","og_url":"https:\/\/www.manaus.am.gov.br\/semasc\/prefeitura-realiza-passeio-no-musa-com-adolescentes-em-cumprimento-de-medida-socioeducativa\/","og_site_name":"SEMASC","article_publisher":"https:\/\/www.facebook.com\/semascmanaus","article_published_time":"2023-07-27T19:25:15+00:00","article_modified_time":"2023-07-27T19:33:11+00:00","og_image":[{"width":2048,"height":1365,"url":"https:\/\/www.manaus.am.gov.br\/semasc\/wp-content\/uploads\/sites\/17\/2023\/07\/53075950910_6ae7d43f6c_k.jpg","type":"image\/jpeg"}],"author":"Bruna Greco","twitter_card":"summary_large_image","twitter_misc":{"Written by":"Bruna Greco","Est. reading time":"4 minutos"},"schema":{"@context":"https:\/\/schema.org","@graph":[{"@type":"Article","@id":"https:\/\/www.manaus.am.gov.br\/semasc\/prefeitura-realiza-passeio-no-musa-com-adolescentes-em-cumprimento-de-medida-socioeducativa\/#article","isPartOf":{"@id":"https:\/\/www.manaus.am.gov.br\/semasc\/prefeitura-realiza-passeio-no-musa-com-adolescentes-em-cumprimento-de-medida-socioeducativa\/"},"author":{"name":"Bruna Greco","@id":"https:\/\/www.manaus.am.gov.br\/semasc\/#\/schema\/person\/05d223aea2bf115f9883a6ff3683d81b"},"headline":"Prefeitura realiza passeio no Musa com adolescentes em cumprimento de medida socioeducativa","datePublished":"2023-07-27T19:25:15+00:00","dateModified":"2023-07-27T19:33:11+00:00","mainEntityOfPage":{"@id":"https:\/\/www.manaus.am.gov.br\/semasc\/prefeitura-realiza-passeio-no-musa-com-adolescentes-em-cumprimento-de-medida-socioeducativa\/"},"wordCount":697,"publisher":{"@id":"https:\/\/www.manaus.am.gov.br\/semasc\/#organization"},"image":{"@id":"https:\/\/www.manaus.am.gov.br\/semasc\/prefeitura-realiza-passeio-no-musa-com-adolescentes-em-cumprimento-de-medida-socioeducativa\/#primaryimage"},"thumbnailUrl":"https:\/\/www.manaus.am.gov.br\/semasc\/wp-content\/uploads\/sites\/17\/2023\/07\/53075950910_6ae7d43f6c_k.jpg","keywords":["adolescentes em cumprimento de medida socioeducativa","Centro de Refer\u00eancia Especializado de Assist\u00eancia Social (Creas) Centro-Oeste.","Museu da Amaz\u00f4nia (Musa)","passeio no Musa","prefeitura de manaus","Semasc"],"articleSection":["Assist\u00eancia Social"],"inLanguage":"pt-BR"},{"@type":"WebPage","@id":"https:\/\/www.manaus.am.gov.br\/semasc\/prefeitura-realiza-passeio-no-musa-com-adolescentes-em-cumprimento-de-medida-socioeducativa\/","url":"https:\/\/www.manaus.am.gov.br\/semasc\/prefeitura-realiza-passeio-no-musa-com-adolescentes-em-cumprimento-de-medida-socioeducativa\/","name":"Prefeitura realiza passeio no Musa com adolescentes em cumprimento de medida socioeducativa","isPartOf":{"@id":"https:\/\/www.manaus.am.gov.br\/semasc\/#website"},"primaryImageOfPage":{"@id":"https:\/\/www.manaus.am.gov.br\/semasc\/prefeitura-realiza-passeio-no-musa-com-adolescentes-em-cumprimento-de-medida-socioeducativa\/#primaryimage"},"image":{"@id":"https:\/\/www.manaus.am.gov.br\/semasc\/prefeitura-realiza-passeio-no-musa-com-adolescentes-em-cumprimento-de-medida-socioeducativa\/#primaryimage"},"thumbnailUrl":"https:\/\/www.manaus.am.gov.br\/semasc\/wp-content\/uploads\/sites\/17\/2023\/07\/53075950910_6ae7d43f6c_k.jpg","datePublished":"2023-07-27T19:25:15+00:00","dateModified":"2023-07-27T19:33:11+00:00","description":"A Prefeitura de Manaus, por meio da Secretaria Municipal da Mulher, Assist\u00eancia Social e Cidadania (Semasc), realizou, nesta quinta-feira, 27\/7, um passeio pelas instala\u00e7\u00f5es do Museu da Amaz\u00f4nia (Musa), no bairro Cidade de Deus, zona Norte da cidade, com adolescentes em cumprimento de medidas socioeducativas atendidos pelo Centro de Refer\u00eancia Especializado de Assist\u00eancia Social (Creas) Centro-Oeste.","breadcrumb":{"@id":"https:\/\/www.manaus.am.gov.br\/semasc\/prefeitura-realiza-passeio-no-musa-com-adolescentes-em-cumprimento-de-medida-socioeducativa\/#breadcrumb"},"inLanguage":"pt-BR","potentialAction":[{"@type":"ReadAction","target":["https:\/\/www.manaus.am.gov.br\/semasc\/prefeitura-realiza-passeio-no-musa-com-adolescentes-em-cumprimento-de-medida-socioeducativa\/"]}]},{"@type":"ImageObject","inLanguage":"pt-BR","@id":"https:\/\/www.manaus.am.gov.br\/semasc\/prefeitura-realiza-passeio-no-musa-com-adolescentes-em-cumprimento-de-medida-socioeducativa\/#primaryimage","url":"https:\/\/www.manaus.am.gov.br\/semasc\/wp-content\/uploads\/sites\/17\/2023\/07\/53075950910_6ae7d43f6c_k.jpg","contentUrl":"https:\/\/www.manaus.am.gov.br\/semasc\/wp-content\/uploads\/sites\/17\/2023\/07\/53075950910_6ae7d43f6c_k.jpg","width":2048,"height":1365},{"@type":"BreadcrumbList","@id":"https:\/\/www.manaus.am.gov.br\/semasc\/prefeitura-realiza-passeio-no-musa-com-adolescentes-em-cumprimento-de-medida-socioeducativa\/#breadcrumb","itemListElement":[{"@type":"ListItem","position":1,"name":"Home","item":"https:\/\/www.manaus.am.gov.br\/semasc\/"},{"@type":"ListItem","position":2,"name":"Prefeitura realiza passeio no Musa com adolescentes em cumprimento de medida socioeducativa"}]},{"@type":"WebSite","@id":"https:\/\/www.manaus.am.gov.br\/semasc\/#website","url":"https:\/\/www.manaus.am.gov.br\/semasc\/","name":"SEMASC","description":"Secretaria Municipal da Mulher, Assist\u00eancia Social e Cidadania.","publisher":{"@id":"https:\/\/www.manaus.am.gov.br\/semasc\/#organization"},"alternateName":"Secretaria Municipal da Mulher, Assist\u00eancia Social e Cidadania","potentialAction":[{"@type":"SearchAction","target":{"@type":"EntryPoint","urlTemplate":"https:\/\/www.manaus.am.gov.br\/semasc\/?s={search_term_string}"},"query-input":"required name=search_term_string"}],"inLanguage":"pt-BR"},{"@type":"Organization","@id":"https:\/\/www.manaus.am.gov.br\/semasc\/#organization","name":"Prefeitura de Manaus","alternateName":"Prefeitura Municipal de Manaus","url":"https:\/\/www.manaus.am.gov.br\/semasc\/","logo":{"@type":"ImageObject","inLanguage":"pt-BR","@id":"https:\/\/www.manaus.am.gov.br\/semasc\/#\/schema\/logo\/image\/","url":"https:\/\/www.manaus.am.gov.br\/semasc\/wp-content\/uploads\/sites\/17\/2024\/07\/favicon.png","contentUrl":"https:\/\/www.manaus.am.gov.br\/semasc\/wp-content\/uploads\/sites\/17\/2024\/07\/favicon.png","width":300,"height":300,"caption":"Prefeitura de Manaus"},"image":{"@id":"https:\/\/www.manaus.am.gov.br\/semasc\/#\/schema\/logo\/image\/"},"sameAs":["https:\/\/www.facebook.com\/semascmanaus","https:\/\/www.instagram.com\/semascmanaus\/"]},{"@type":"Person","@id":"https:\/\/www.manaus.am.gov.br\/semasc\/#\/schema\/person\/05d223aea2bf115f9883a6ff3683d81b","name":"Bruna Greco","image":{"@type":"ImageObject","inLanguage":"pt-BR","@id":"https:\/\/www.manaus.am.gov.br\/semasc\/#\/schema\/person\/image\/","url":"https:\/\/secure.gravatar.com\/avatar\/9c877d1a6adc2a055330e5c09a8653ce?s=96&d=mm&r=g","contentUrl":"https:\/\/secure.gravatar.com\/avatar\/9c877d1a6adc2a055330e5c09a8653ce?s=96&d=mm&r=g","caption":"Bruna Greco"}}]}},"_links":{"self":[{"href":"https:\/\/www.manaus.am.gov.br\/semasc\/wp-json\/wp\/v2\/posts\/208475"}],"collection":[{"href":"https:\/\/www.manaus.am.gov.br\/semasc\/wp-json\/wp\/v2\/posts"}],"about":[{"href":"https:\/\/www.manaus.am.gov.br\/semasc\/wp-json\/wp\/v2\/types\/post"}],"author":[{"embeddable":true,"href":"https:\/\/www.manaus.am.gov.br\/semasc\/wp-json\/wp\/v2\/users\/39"}],"replies":[{"embeddable":true,"href":"https:\/\/www.manaus.am.gov.br\/semasc\/wp-json\/wp\/v2\/comments?post=208475"}],"version-history":[{"count":1,"href":"https:\/\/www.manaus.am.gov.br\/semasc\/wp-json\/wp\/v2\/posts\/208475\/revisions"}],"predecessor-version":[{"id":208477,"href":"https:\/\/www.manaus.am.gov.br\/semasc\/wp-json\/wp\/v2\/posts\/208475\/revisions\/208477"}],"wp:featuredmedia":[{"embeddable":true,"href":"https:\/\/www.manaus.am.gov.br\/semasc\/wp-json\/wp\/v2\/media\/208476"}],"wp:attachment":[{"href":"https:\/\/www.manaus.am.gov.br\/semasc\/wp-json\/wp\/v2\/media?parent=208475"}],"wp:term":[{"taxonomy":"category","embeddable":true,"href":"https:\/\/www.manaus.am.gov.br\/semasc\/wp-json\/wp\/v2\/categories?post=208475"},{"taxonomy":"post_tag","embeddable":true,"href":"https:\/\/www.manaus.am.gov.br\/semasc\/wp-json\/wp\/v2\/tags?post=208475"}],"curies":[{"name":"wp","href":"https:\/\/api.w.org\/{rel}","templated":true}]}}