{"id":208470,"date":"2023-07-26T19:40:08","date_gmt":"2023-07-26T23:40:08","guid":{"rendered":"https:\/\/www.manaus.am.gov.br\/semasc\/prefeitura-de-manaus-realiza-campanha-de-sensibilizacao-contra-o-trabalho-infantil-para-motoristas\/"},"modified":"2023-07-26T19:41:45","modified_gmt":"2023-07-26T23:41:45","slug":"prefeitura-de-manaus-realiza-campanha-de-sensibilizacao-contra-o-trabalho-infantil-para-motoristas","status":"publish","type":"post","link":"https:\/\/www.manaus.am.gov.br\/semasc\/prefeitura-de-manaus-realiza-campanha-de-sensibilizacao-contra-o-trabalho-infantil-para-motoristas\/","title":{"rendered":"<strong>Prefeitura de Manaus realiza campanha de sensibiliza\u00e7\u00e3o contra o trabalho infantil para motoristas<\/strong>"},"content":{"rendered":"\n<p>A Prefeitura de Manaus, por meio da Secretaria Municipal da Mulher, Assist\u00eancia Social e Cidadania (Semasc), realizou, nesta quarta-feira, 26\/7, uma campanha de sensibiliza\u00e7\u00e3o sobre o trabalho infantojuvenil em quatro pontos da capital amazonense, onde foi identificada maior presen\u00e7a de crian\u00e7as e adolescentes em situa\u00e7\u00e3o de explora\u00e7\u00e3o.&nbsp;<\/p>\n\n\n\n<p>Durante as a\u00e7\u00f5es, que aconteceram nos bairros Centro, Parque 10 de Novembro, Flores e Aleixo, nas zonas Sul e Centro-Sul da cidade, foram distribu\u00eddos materiais informativos e panfletos aos motoristas, com o objetivo de conscientiz\u00e1-los sobre o papel que todos t\u00eam na prote\u00e7\u00e3o dos direitos das crian\u00e7as e adolescentes.<\/p>\n\n\n\n<p>Al\u00e9m disso, os condutores de ve\u00edculos tamb\u00e9m foram orientados sobre como identificar situa\u00e7\u00f5es de trabalho infantil, muitas vezes presentes nos sem\u00e1foros das principais avenidas da cidade. A iniciativa faz parte do cronograma de atividades da \u201cCampanha Municipal de Combate \u00e0 Explora\u00e7\u00e3o do Trabalho Infantojuvenil nas Ruas de Manaus\u201d, lan\u00e7ada em fevereiro deste ano.<\/p>\n\n\n\n<p>\u201cEssa campanha vai acontecer durante todos os meses do ano, porque essa luta n\u00e3o pode parar. Sei que \u00e9 dif\u00edcil, mas n\u00f3s vamos continuar indo para as ruas na tentativa de sensibilizar as pessoas a n\u00e3o incentivar a perman\u00eancia de crian\u00e7as e adolescentes nas sinaleiras e nas ruas. Esse \u00e9 um desafio para a nossa secretaria, mas n\u00f3s estamos dispostos a enfrent\u00e1-lo e venc\u00ea-lo\u201d, afirmou o secret\u00e1rio da Semasc, Eduardo Lucas.<\/p>\n\n\n\n<p>De acordo com dados do Sistema de Informa\u00e7\u00e3o de Agravos de Notifica\u00e7\u00e3o (Sinam), de 2017 a 2021, foram registrados 312 casos de trabalho infantil no Amazonas. Diante desse cen\u00e1rio, a Semasc ressalta que para mudar essa realidade \u00e9 necess\u00e1rio um esfor\u00e7o conjunto do poder p\u00fablico e de toda a sociedade.<\/p>\n\n\n\n<p>A pasta tamb\u00e9m alerta que as crian\u00e7as e adolescentes envolvidos em atividades laborais precoces est\u00e3o sujeitos a uma s\u00e9rie de riscos, como acidentes, viol\u00eancia e abuso sexual. Al\u00e9m de uma viola\u00e7\u00e3o de direito, o trabalho infantil gera consequ\u00eancias para a sa\u00fade f\u00edsica e mental desses jovens.<\/p>\n\n\n\n<figure class=\"wp-block-image size-large\"><img loading=\"lazy\" decoding=\"async\" width=\"1024\" height=\"683\" src=\"https:\/\/www.manaus.am.gov.br\/semasc\/wp-content\/uploads\/sites\/17\/2023\/07\/20230726170517_IMG_8388-1024x683.jpg\" alt=\"\" class=\"wp-image-208473\" srcset=\"https:\/\/www.manaus.am.gov.br\/semasc\/wp-content\/uploads\/sites\/17\/2023\/07\/20230726170517_IMG_8388-1024x683.jpg 1024w, https:\/\/www.manaus.am.gov.br\/semasc\/wp-content\/uploads\/sites\/17\/2023\/07\/20230726170517_IMG_8388-300x200.jpg 300w, https:\/\/www.manaus.am.gov.br\/semasc\/wp-content\/uploads\/sites\/17\/2023\/07\/20230726170517_IMG_8388-768x512.jpg 768w, https:\/\/www.manaus.am.gov.br\/semasc\/wp-content\/uploads\/sites\/17\/2023\/07\/20230726170517_IMG_8388-1536x1024.jpg 1536w, https:\/\/www.manaus.am.gov.br\/semasc\/wp-content\/uploads\/sites\/17\/2023\/07\/20230726170517_IMG_8388-2048x1365.jpg 2048w\" sizes=\"(max-width: 1024px) 100vw, 1024px\" \/><\/figure>\n\n\n\n<p>\u201cHoje, estamos dando continuidade \u00e0s a\u00e7\u00f5es da campanha, refor\u00e7ando a orienta\u00e7\u00e3o aos motoristas para n\u00e3o dar nenhum trocado e nem comprar nenhum produto das m\u00e3os de uma crian\u00e7a ou adolescente nos sinais, porque sempre tem algum adulto por tr\u00e1s se beneficiando da explora\u00e7\u00e3o desses jovens. \u00c9 necess\u00e1rio dizer n\u00e3o \u00e0 viola\u00e7\u00e3o de direitos de crian\u00e7as e adolescentes em Manaus\u201d, refor\u00e7ou M\u00e1rcia Helena, chefe da Divis\u00e3o Especial de M\u00e9dia Complexidade do Departamento de Prote\u00e7\u00e3o Social Especial da Semasc.<\/p>\n\n\n\n<p><strong>Levantamento<\/strong><\/p>\n\n\n\n<p>Dados coletados pelas equipes da secretaria mostram que ao menos metade das fam\u00edlias que se encontram nas ruas de Manaus recebe algum benef\u00edcio social, como o Aux\u00edlio Brasil. Outro levantamento tamb\u00e9m mostra que cada vez mais as crian\u00e7as s\u00e3o utilizadas para a pr\u00e1tica da mendic\u00e2ncia, pois nessas situa\u00e7\u00f5es, o adulto chega a ganhar at\u00e9 tr\u00eas vezes mais do que um adulto sem crian\u00e7a.<\/p>\n\n\n\n<p>A Prefeitura de Manaus refor\u00e7a que \u00e9 dever de todos proteger os direitos das crian\u00e7as e adolescentes e que den\u00fancias de trabalho infantil podem ser feitas pelo Disque 100. A campanha de sensibiliza\u00e7\u00e3o para motoristas \u00e9 mais uma iniciativa do munic\u00edpio para conscientizar a popula\u00e7\u00e3o sobre a import\u00e2ncia de proteger a inf\u00e2ncia e a adolesc\u00eancia.<\/p>\n\n\n\n<p>\u201c\u00c9 superimportante essa campanha, tem que ser assim mesmo. Tem que acabar com essa quest\u00e3o de ter esses jovens na rua, porque lugar de crian\u00e7a \u00e9 na escola, n\u00e3o \u00e9 trabalhando. \u00c9 brilhante essa conscientiza\u00e7\u00e3o\u201d, ressaltou o professor Francisco Ribeiro, de 43 anos, um dos motoristas abordados pela equipe da Semasc.<\/p>\n\n\n\n<p><strong>Sobre a campanha<\/strong><\/p>\n\n\n\n<p>Com mais de 20 secretarias, entidades e \u00f3rg\u00e3os parceiros, a \u201cCampanha de Combate \u00e0 Explora\u00e7\u00e3o do Trabalho Infantil nas Ruas de Manaus\u201d \u00e9 a maior j\u00e1 desenvolvida pela Prefeitura de Manaus no combate ao trabalho infantil e uma das mais importantes campanhas socioassistenciais j\u00e1 desenvolvidas pelo poder p\u00fablico municipal.<\/p>\n\n\n\n<p>&#8212; &#8212; &#8212;<\/p>\n\n\n\n<p><strong>Texto &#8211;&nbsp;<\/strong>Jackeline Lima \/ Semasc<\/p>\n\n\n\n<p><strong>Fotos &#8211;&nbsp;<\/strong>Guilherme Pacheco \/ Semasc<\/p>\n\n\n\n<p>Dispon\u00edveis em \u2013 <a href=\"https:\/\/flic.kr\/s\/aHBqjANUkm\">https:\/\/flic.kr\/s\/aHBqjANUkm<\/a><\/p>\n","protected":false},"excerpt":{"rendered":"","protected":false},"author":31,"featured_media":208471,"comment_status":"closed","ping_status":"closed","sticky":false,"template":"","format":"standard","meta":{"footnotes":""},"categories":[198],"tags":[129,249,250,251],"acf":[],"yoast_head":"<!-- This site is optimized with the Yoast SEO plugin v23.0 - https:\/\/yoast.com\/wordpress\/plugins\/seo\/ -->\n<title>Prefeitura de Manaus realiza campanha de sensibiliza\u00e7\u00e3o contra o trabalho infantil para motoristas - SEMASC<\/title>\n<meta name=\"robots\" content=\"noindex, follow\" \/>\n<meta property=\"og:locale\" content=\"pt_BR\" \/>\n<meta property=\"og:type\" content=\"article\" \/>\n<meta property=\"og:title\" content=\"Prefeitura de Manaus realiza campanha de sensibiliza\u00e7\u00e3o contra o trabalho infantil para motoristas - SEMASC\" \/>\n<meta property=\"og:url\" content=\"https:\/\/www.manaus.am.gov.br\/semasc\/prefeitura-de-manaus-realiza-campanha-de-sensibilizacao-contra-o-trabalho-infantil-para-motoristas\/\" \/>\n<meta property=\"og:site_name\" content=\"SEMASC\" \/>\n<meta property=\"article:publisher\" content=\"https:\/\/www.facebook.com\/semascmanaus\" \/>\n<meta property=\"article:published_time\" content=\"2023-07-26T23:40:08+00:00\" \/>\n<meta property=\"article:modified_time\" content=\"2023-07-26T23:41:45+00:00\" \/>\n<meta property=\"og:image\" content=\"https:\/\/www.manaus.am.gov.br\/semasc\/wp-content\/uploads\/sites\/17\/2023\/07\/20230726171217_IMG_8418-1024x683.jpg\" \/>\n\t<meta property=\"og:image:width\" content=\"1024\" \/>\n\t<meta property=\"og:image:height\" content=\"683\" \/>\n\t<meta property=\"og:image:type\" content=\"image\/jpeg\" \/>\n<meta name=\"author\" content=\"Renata Felix\" \/>\n<meta name=\"twitter:card\" content=\"summary_large_image\" \/>\n<meta name=\"twitter:label1\" content=\"Written by\" \/>\n\t<meta name=\"twitter:data1\" content=\"Renata Felix\" \/>\n\t<meta name=\"twitter:label2\" content=\"Est. reading time\" \/>\n\t<meta name=\"twitter:data2\" content=\"4 minutos\" \/>\n<script type=\"application\/ld+json\" class=\"yoast-schema-graph\">{\"@context\":\"https:\/\/schema.org\",\"@graph\":[{\"@type\":\"Article\",\"@id\":\"https:\/\/www.manaus.am.gov.br\/semasc\/prefeitura-de-manaus-realiza-campanha-de-sensibilizacao-contra-o-trabalho-infantil-para-motoristas\/#article\",\"isPartOf\":{\"@id\":\"https:\/\/www.manaus.am.gov.br\/semasc\/prefeitura-de-manaus-realiza-campanha-de-sensibilizacao-contra-o-trabalho-infantil-para-motoristas\/\"},\"author\":{\"name\":\"Renata Felix\",\"@id\":\"https:\/\/www.manaus.am.gov.br\/semasc\/#\/schema\/person\/4eea2a8f78dc853097abb026f728aa06\"},\"headline\":\"Prefeitura de Manaus realiza campanha de sensibiliza\u00e7\u00e3o contra o trabalho infantil para motoristas\",\"datePublished\":\"2023-07-26T23:40:08+00:00\",\"dateModified\":\"2023-07-26T23:41:45+00:00\",\"mainEntityOfPage\":{\"@id\":\"https:\/\/www.manaus.am.gov.br\/semasc\/prefeitura-de-manaus-realiza-campanha-de-sensibilizacao-contra-o-trabalho-infantil-para-motoristas\/\"},\"wordCount\":720,\"publisher\":{\"@id\":\"https:\/\/www.manaus.am.gov.br\/semasc\/#organization\"},\"image\":{\"@id\":\"https:\/\/www.manaus.am.gov.br\/semasc\/prefeitura-de-manaus-realiza-campanha-de-sensibilizacao-contra-o-trabalho-infantil-para-motoristas\/#primaryimage\"},\"thumbnailUrl\":\"https:\/\/www.manaus.am.gov.br\/semasc\/wp-content\/uploads\/sites\/17\/2023\/07\/20230726171217_IMG_8418.jpg\",\"keywords\":[\"campanha\",\"conscientiza\u00e7\u00e3o\",\"motoristas\",\"sensibiliza\u00e7\u00e3o sobre o trabalho infantojuvenil\"],\"articleSection\":[\"Direitos\"],\"inLanguage\":\"pt-BR\"},{\"@type\":\"WebPage\",\"@id\":\"https:\/\/www.manaus.am.gov.br\/semasc\/prefeitura-de-manaus-realiza-campanha-de-sensibilizacao-contra-o-trabalho-infantil-para-motoristas\/\",\"url\":\"https:\/\/www.manaus.am.gov.br\/semasc\/prefeitura-de-manaus-realiza-campanha-de-sensibilizacao-contra-o-trabalho-infantil-para-motoristas\/\",\"name\":\"Prefeitura de Manaus realiza campanha de sensibiliza\u00e7\u00e3o contra o trabalho infantil para motoristas - SEMASC\",\"isPartOf\":{\"@id\":\"https:\/\/www.manaus.am.gov.br\/semasc\/#website\"},\"primaryImageOfPage\":{\"@id\":\"https:\/\/www.manaus.am.gov.br\/semasc\/prefeitura-de-manaus-realiza-campanha-de-sensibilizacao-contra-o-trabalho-infantil-para-motoristas\/#primaryimage\"},\"image\":{\"@id\":\"https:\/\/www.manaus.am.gov.br\/semasc\/prefeitura-de-manaus-realiza-campanha-de-sensibilizacao-contra-o-trabalho-infantil-para-motoristas\/#primaryimage\"},\"thumbnailUrl\":\"https:\/\/www.manaus.am.gov.br\/semasc\/wp-content\/uploads\/sites\/17\/2023\/07\/20230726171217_IMG_8418.jpg\",\"datePublished\":\"2023-07-26T23:40:08+00:00\",\"dateModified\":\"2023-07-26T23:41:45+00:00\",\"breadcrumb\":{\"@id\":\"https:\/\/www.manaus.am.gov.br\/semasc\/prefeitura-de-manaus-realiza-campanha-de-sensibilizacao-contra-o-trabalho-infantil-para-motoristas\/#breadcrumb\"},\"inLanguage\":\"pt-BR\",\"potentialAction\":[{\"@type\":\"ReadAction\",\"target\":[\"https:\/\/www.manaus.am.gov.br\/semasc\/prefeitura-de-manaus-realiza-campanha-de-sensibilizacao-contra-o-trabalho-infantil-para-motoristas\/\"]}]},{\"@type\":\"ImageObject\",\"inLanguage\":\"pt-BR\",\"@id\":\"https:\/\/www.manaus.am.gov.br\/semasc\/prefeitura-de-manaus-realiza-campanha-de-sensibilizacao-contra-o-trabalho-infantil-para-motoristas\/#primaryimage\",\"url\":\"https:\/\/www.manaus.am.gov.br\/semasc\/wp-content\/uploads\/sites\/17\/2023\/07\/20230726171217_IMG_8418.jpg\",\"contentUrl\":\"https:\/\/www.manaus.am.gov.br\/semasc\/wp-content\/uploads\/sites\/17\/2023\/07\/20230726171217_IMG_8418.jpg\",\"width\":3984,\"height\":2656},{\"@type\":\"BreadcrumbList\",\"@id\":\"https:\/\/www.manaus.am.gov.br\/semasc\/prefeitura-de-manaus-realiza-campanha-de-sensibilizacao-contra-o-trabalho-infantil-para-motoristas\/#breadcrumb\",\"itemListElement\":[{\"@type\":\"ListItem\",\"position\":1,\"name\":\"Home\",\"item\":\"https:\/\/www.manaus.am.gov.br\/semasc\/\"},{\"@type\":\"ListItem\",\"position\":2,\"name\":\"Prefeitura de Manaus realiza campanha de sensibiliza\u00e7\u00e3o contra o trabalho infantil para motoristas\"}]},{\"@type\":\"WebSite\",\"@id\":\"https:\/\/www.manaus.am.gov.br\/semasc\/#website\",\"url\":\"https:\/\/www.manaus.am.gov.br\/semasc\/\",\"name\":\"SEMASC\",\"description\":\"Secretaria Municipal da Mulher, Assist\u00eancia Social e Cidadania.\",\"publisher\":{\"@id\":\"https:\/\/www.manaus.am.gov.br\/semasc\/#organization\"},\"alternateName\":\"Secretaria Municipal da Mulher, Assist\u00eancia Social e Cidadania\",\"potentialAction\":[{\"@type\":\"SearchAction\",\"target\":{\"@type\":\"EntryPoint\",\"urlTemplate\":\"https:\/\/www.manaus.am.gov.br\/semasc\/?s={search_term_string}\"},\"query-input\":\"required name=search_term_string\"}],\"inLanguage\":\"pt-BR\"},{\"@type\":\"Organization\",\"@id\":\"https:\/\/www.manaus.am.gov.br\/semasc\/#organization\",\"name\":\"Prefeitura de Manaus\",\"alternateName\":\"Prefeitura Municipal de Manaus\",\"url\":\"https:\/\/www.manaus.am.gov.br\/semasc\/\",\"logo\":{\"@type\":\"ImageObject\",\"inLanguage\":\"pt-BR\",\"@id\":\"https:\/\/www.manaus.am.gov.br\/semasc\/#\/schema\/logo\/image\/\",\"url\":\"https:\/\/www.manaus.am.gov.br\/semasc\/wp-content\/uploads\/sites\/17\/2024\/07\/favicon.png\",\"contentUrl\":\"https:\/\/www.manaus.am.gov.br\/semasc\/wp-content\/uploads\/sites\/17\/2024\/07\/favicon.png\",\"width\":300,\"height\":300,\"caption\":\"Prefeitura de Manaus\"},\"image\":{\"@id\":\"https:\/\/www.manaus.am.gov.br\/semasc\/#\/schema\/logo\/image\/\"},\"sameAs\":[\"https:\/\/www.facebook.com\/semascmanaus\",\"https:\/\/www.instagram.com\/semascmanaus\/\"]},{\"@type\":\"Person\",\"@id\":\"https:\/\/www.manaus.am.gov.br\/semasc\/#\/schema\/person\/4eea2a8f78dc853097abb026f728aa06\",\"name\":\"Renata Felix\",\"image\":{\"@type\":\"ImageObject\",\"inLanguage\":\"pt-BR\",\"@id\":\"https:\/\/www.manaus.am.gov.br\/semasc\/#\/schema\/person\/image\/\",\"url\":\"https:\/\/secure.gravatar.com\/avatar\/3c196cf9d3b837b24c8edb2c50fd8f29?s=96&d=mm&r=g\",\"contentUrl\":\"https:\/\/secure.gravatar.com\/avatar\/3c196cf9d3b837b24c8edb2c50fd8f29?s=96&d=mm&r=g\",\"caption\":\"Renata Felix\"}}]}<\/script>\n<!-- \/ Yoast SEO plugin. -->","yoast_head_json":{"title":"Prefeitura de Manaus realiza campanha de sensibiliza\u00e7\u00e3o contra o trabalho infantil para motoristas - SEMASC","robots":{"index":"noindex","follow":"follow"},"og_locale":"pt_BR","og_type":"article","og_title":"Prefeitura de Manaus realiza campanha de sensibiliza\u00e7\u00e3o contra o trabalho infantil para motoristas - SEMASC","og_url":"https:\/\/www.manaus.am.gov.br\/semasc\/prefeitura-de-manaus-realiza-campanha-de-sensibilizacao-contra-o-trabalho-infantil-para-motoristas\/","og_site_name":"SEMASC","article_publisher":"https:\/\/www.facebook.com\/semascmanaus","article_published_time":"2023-07-26T23:40:08+00:00","article_modified_time":"2023-07-26T23:41:45+00:00","og_image":[{"width":1024,"height":683,"url":"https:\/\/www.manaus.am.gov.br\/semasc\/wp-content\/uploads\/sites\/17\/2023\/07\/20230726171217_IMG_8418-1024x683.jpg","type":"image\/jpeg"}],"author":"Renata Felix","twitter_card":"summary_large_image","twitter_misc":{"Written by":"Renata Felix","Est. reading time":"4 minutos"},"schema":{"@context":"https:\/\/schema.org","@graph":[{"@type":"Article","@id":"https:\/\/www.manaus.am.gov.br\/semasc\/prefeitura-de-manaus-realiza-campanha-de-sensibilizacao-contra-o-trabalho-infantil-para-motoristas\/#article","isPartOf":{"@id":"https:\/\/www.manaus.am.gov.br\/semasc\/prefeitura-de-manaus-realiza-campanha-de-sensibilizacao-contra-o-trabalho-infantil-para-motoristas\/"},"author":{"name":"Renata Felix","@id":"https:\/\/www.manaus.am.gov.br\/semasc\/#\/schema\/person\/4eea2a8f78dc853097abb026f728aa06"},"headline":"Prefeitura de Manaus realiza campanha de sensibiliza\u00e7\u00e3o contra o trabalho infantil para motoristas","datePublished":"2023-07-26T23:40:08+00:00","dateModified":"2023-07-26T23:41:45+00:00","mainEntityOfPage":{"@id":"https:\/\/www.manaus.am.gov.br\/semasc\/prefeitura-de-manaus-realiza-campanha-de-sensibilizacao-contra-o-trabalho-infantil-para-motoristas\/"},"wordCount":720,"publisher":{"@id":"https:\/\/www.manaus.am.gov.br\/semasc\/#organization"},"image":{"@id":"https:\/\/www.manaus.am.gov.br\/semasc\/prefeitura-de-manaus-realiza-campanha-de-sensibilizacao-contra-o-trabalho-infantil-para-motoristas\/#primaryimage"},"thumbnailUrl":"https:\/\/www.manaus.am.gov.br\/semasc\/wp-content\/uploads\/sites\/17\/2023\/07\/20230726171217_IMG_8418.jpg","keywords":["campanha","conscientiza\u00e7\u00e3o","motoristas","sensibiliza\u00e7\u00e3o sobre o trabalho infantojuvenil"],"articleSection":["Direitos"],"inLanguage":"pt-BR"},{"@type":"WebPage","@id":"https:\/\/www.manaus.am.gov.br\/semasc\/prefeitura-de-manaus-realiza-campanha-de-sensibilizacao-contra-o-trabalho-infantil-para-motoristas\/","url":"https:\/\/www.manaus.am.gov.br\/semasc\/prefeitura-de-manaus-realiza-campanha-de-sensibilizacao-contra-o-trabalho-infantil-para-motoristas\/","name":"Prefeitura de Manaus realiza campanha de sensibiliza\u00e7\u00e3o contra o trabalho infantil para motoristas - SEMASC","isPartOf":{"@id":"https:\/\/www.manaus.am.gov.br\/semasc\/#website"},"primaryImageOfPage":{"@id":"https:\/\/www.manaus.am.gov.br\/semasc\/prefeitura-de-manaus-realiza-campanha-de-sensibilizacao-contra-o-trabalho-infantil-para-motoristas\/#primaryimage"},"image":{"@id":"https:\/\/www.manaus.am.gov.br\/semasc\/prefeitura-de-manaus-realiza-campanha-de-sensibilizacao-contra-o-trabalho-infantil-para-motoristas\/#primaryimage"},"thumbnailUrl":"https:\/\/www.manaus.am.gov.br\/semasc\/wp-content\/uploads\/sites\/17\/2023\/07\/20230726171217_IMG_8418.jpg","datePublished":"2023-07-26T23:40:08+00:00","dateModified":"2023-07-26T23:41:45+00:00","breadcrumb":{"@id":"https:\/\/www.manaus.am.gov.br\/semasc\/prefeitura-de-manaus-realiza-campanha-de-sensibilizacao-contra-o-trabalho-infantil-para-motoristas\/#breadcrumb"},"inLanguage":"pt-BR","potentialAction":[{"@type":"ReadAction","target":["https:\/\/www.manaus.am.gov.br\/semasc\/prefeitura-de-manaus-realiza-campanha-de-sensibilizacao-contra-o-trabalho-infantil-para-motoristas\/"]}]},{"@type":"ImageObject","inLanguage":"pt-BR","@id":"https:\/\/www.manaus.am.gov.br\/semasc\/prefeitura-de-manaus-realiza-campanha-de-sensibilizacao-contra-o-trabalho-infantil-para-motoristas\/#primaryimage","url":"https:\/\/www.manaus.am.gov.br\/semasc\/wp-content\/uploads\/sites\/17\/2023\/07\/20230726171217_IMG_8418.jpg","contentUrl":"https:\/\/www.manaus.am.gov.br\/semasc\/wp-content\/uploads\/sites\/17\/2023\/07\/20230726171217_IMG_8418.jpg","width":3984,"height":2656},{"@type":"BreadcrumbList","@id":"https:\/\/www.manaus.am.gov.br\/semasc\/prefeitura-de-manaus-realiza-campanha-de-sensibilizacao-contra-o-trabalho-infantil-para-motoristas\/#breadcrumb","itemListElement":[{"@type":"ListItem","position":1,"name":"Home","item":"https:\/\/www.manaus.am.gov.br\/semasc\/"},{"@type":"ListItem","position":2,"name":"Prefeitura de Manaus realiza campanha de sensibiliza\u00e7\u00e3o contra o trabalho infantil para motoristas"}]},{"@type":"WebSite","@id":"https:\/\/www.manaus.am.gov.br\/semasc\/#website","url":"https:\/\/www.manaus.am.gov.br\/semasc\/","name":"SEMASC","description":"Secretaria Municipal da Mulher, Assist\u00eancia Social e Cidadania.","publisher":{"@id":"https:\/\/www.manaus.am.gov.br\/semasc\/#organization"},"alternateName":"Secretaria Municipal da Mulher, Assist\u00eancia Social e Cidadania","potentialAction":[{"@type":"SearchAction","target":{"@type":"EntryPoint","urlTemplate":"https:\/\/www.manaus.am.gov.br\/semasc\/?s={search_term_string}"},"query-input":"required name=search_term_string"}],"inLanguage":"pt-BR"},{"@type":"Organization","@id":"https:\/\/www.manaus.am.gov.br\/semasc\/#organization","name":"Prefeitura de Manaus","alternateName":"Prefeitura Municipal de Manaus","url":"https:\/\/www.manaus.am.gov.br\/semasc\/","logo":{"@type":"ImageObject","inLanguage":"pt-BR","@id":"https:\/\/www.manaus.am.gov.br\/semasc\/#\/schema\/logo\/image\/","url":"https:\/\/www.manaus.am.gov.br\/semasc\/wp-content\/uploads\/sites\/17\/2024\/07\/favicon.png","contentUrl":"https:\/\/www.manaus.am.gov.br\/semasc\/wp-content\/uploads\/sites\/17\/2024\/07\/favicon.png","width":300,"height":300,"caption":"Prefeitura de Manaus"},"image":{"@id":"https:\/\/www.manaus.am.gov.br\/semasc\/#\/schema\/logo\/image\/"},"sameAs":["https:\/\/www.facebook.com\/semascmanaus","https:\/\/www.instagram.com\/semascmanaus\/"]},{"@type":"Person","@id":"https:\/\/www.manaus.am.gov.br\/semasc\/#\/schema\/person\/4eea2a8f78dc853097abb026f728aa06","name":"Renata Felix","image":{"@type":"ImageObject","inLanguage":"pt-BR","@id":"https:\/\/www.manaus.am.gov.br\/semasc\/#\/schema\/person\/image\/","url":"https:\/\/secure.gravatar.com\/avatar\/3c196cf9d3b837b24c8edb2c50fd8f29?s=96&d=mm&r=g","contentUrl":"https:\/\/secure.gravatar.com\/avatar\/3c196cf9d3b837b24c8edb2c50fd8f29?s=96&d=mm&r=g","caption":"Renata Felix"}}]}},"_links":{"self":[{"href":"https:\/\/www.manaus.am.gov.br\/semasc\/wp-json\/wp\/v2\/posts\/208470"}],"collection":[{"href":"https:\/\/www.manaus.am.gov.br\/semasc\/wp-json\/wp\/v2\/posts"}],"about":[{"href":"https:\/\/www.manaus.am.gov.br\/semasc\/wp-json\/wp\/v2\/types\/post"}],"author":[{"embeddable":true,"href":"https:\/\/www.manaus.am.gov.br\/semasc\/wp-json\/wp\/v2\/users\/31"}],"replies":[{"embeddable":true,"href":"https:\/\/www.manaus.am.gov.br\/semasc\/wp-json\/wp\/v2\/comments?post=208470"}],"version-history":[{"count":2,"href":"https:\/\/www.manaus.am.gov.br\/semasc\/wp-json\/wp\/v2\/posts\/208470\/revisions"}],"predecessor-version":[{"id":208474,"href":"https:\/\/www.manaus.am.gov.br\/semasc\/wp-json\/wp\/v2\/posts\/208470\/revisions\/208474"}],"wp:featuredmedia":[{"embeddable":true,"href":"https:\/\/www.manaus.am.gov.br\/semasc\/wp-json\/wp\/v2\/media\/208471"}],"wp:attachment":[{"href":"https:\/\/www.manaus.am.gov.br\/semasc\/wp-json\/wp\/v2\/media?parent=208470"}],"wp:term":[{"taxonomy":"category","embeddable":true,"href":"https:\/\/www.manaus.am.gov.br\/semasc\/wp-json\/wp\/v2\/categories?post=208470"},{"taxonomy":"post_tag","embeddable":true,"href":"https:\/\/www.manaus.am.gov.br\/semasc\/wp-json\/wp\/v2\/tags?post=208470"}],"curies":[{"name":"wp","href":"https:\/\/api.w.org\/{rel}","templated":true}]}}