{"id":208468,"date":"2023-07-25T12:47:42","date_gmt":"2023-07-25T16:47:42","guid":{"rendered":"https:\/\/www.manaus.am.gov.br\/semasc\/prefeitura-de-manaus-realiza-acao-de-sensibilizacao-contra-o-trafico-de-pessoas-no-porto-da-ceasa\/"},"modified":"2023-07-25T12:47:43","modified_gmt":"2023-07-25T16:47:43","slug":"prefeitura-de-manaus-realiza-acao-de-sensibilizacao-contra-o-trafico-de-pessoas-no-porto-da-ceasa","status":"publish","type":"post","link":"https:\/\/www.manaus.am.gov.br\/semasc\/prefeitura-de-manaus-realiza-acao-de-sensibilizacao-contra-o-trafico-de-pessoas-no-porto-da-ceasa\/","title":{"rendered":"<strong>Prefeitura de Manaus realiza a\u00e7\u00e3o de sensibiliza\u00e7\u00e3o contra o tr\u00e1fico de pessoas no porto da Ceasa<\/strong>"},"content":{"rendered":"\n<p>Dando continuidade \u00e0 programa\u00e7\u00e3o de atividades da &#8220;Campanha de Combate ao Tr\u00e1fico de Pessoas&#8221;, a Prefeitura de Manaus, por meio da Secretaria Municipal da Mulher, Assist\u00eancia Social e Cidadania (Semasc), realizou, nesta ter\u00e7a-feira, 25\/7, uma a\u00e7\u00e3o de sensibiliza\u00e7\u00e3o, no porto da Ceasa, localizado na Vila Buriti, zona Sul da capital.<\/p>\n\n\n\n<p>No local, equipes t\u00e9cnicas da Semasc e da Secretaria de Estado de Justi\u00e7a, Direitos Humanos e Cidadania (Sejusc) realizaram a distribui\u00e7\u00e3o de materiais informativos sobre o tema, refor\u00e7ando o alerta a comerciantes, turistas e passageiros em geral sobre os sinais do tr\u00e1fico de pessoas e encorajando a den\u00fancia de atividades suspeitas.<\/p>\n\n\n\n<p>\u201c\u00c9 importante mostrar para as pessoas que esse tipo de crime existe. Temos que divulgar cada vez mais os n\u00fameros dispon\u00edveis para den\u00fancias e ficar mais atentos aos sinais, principalmente em casos de crian\u00e7as e adolescentes desacompanhados\u201d, ressaltou Eliane Domingues, assistente social e coordenadora do Centro de Refer\u00eancia dos Direitos da Mulher (CRDM).<\/p>\n\n\n\n<p>Visando enfrentar um dos mais graves crimes contra os direitos humanos, a Semasc promover\u00e1, at\u00e9 o fim do m\u00eas, diversas atividades de conscientiza\u00e7\u00e3o sobre o tema em todos os seus equipamentos socioassistenciais. Al\u00e9m disso, tamb\u00e9m ser\u00e3o realizadas a\u00e7\u00f5es nas ruas, nos hot\u00e9is e em outros locais da cidade.<\/p>\n\n\n\n<p>De acordo com Kauane Schwerz, que \u00e9 gerente de Migra\u00e7\u00e3o, Ref\u00fagio e Enfrentamento ao Tr\u00e1fico de Pessoas e Trabalho Escravo (GMIG) da Sejusc, o local da a\u00e7\u00e3o foi escolhido por ser um dos principais pontos escolhidos por grupos criminosos para fazerem novas v\u00edtimas.<\/p>\n\n\n\n<p>\u201cA gente percebe que portos e aeroportos s\u00e3o os locais com maior incid\u00eancia de pessoas cooptadas para o tr\u00e1fico. Na nossa regi\u00e3o, isso acontece, principalmente, nos portos, j\u00e1 que concentra muitas pessoas em situa\u00e7\u00e3o de vulnerabilidade social. Os criminosos aproveitam essa situa\u00e7\u00e3o para sequestrar, principalmente, crian\u00e7as e lev\u00e1-las para munic\u00edpios do interior e, infelizmente, muitas vezes essas pessoas nunca mais s\u00e3o encontradas\u201d, explicou.<\/p>\n\n\n\n<p>Diante desse cen\u00e1rio, a campanha, idealizada em parceria com diversas secretarias municipais,&nbsp;organiza\u00e7\u00f5es n\u00e3o governamentais (ONGs), \u00f3rg\u00e3os de seguran\u00e7a p\u00fablica e institui\u00e7\u00f5es sociais, busca abordar o problema sob diferentes perspectivas. A comerciante Elizabeth Barbosa, que foi uma das pessoas abordadas pelas equipes t\u00e9cnicas da Semasc no porto da Ceasa, elogiou a iniciativa do poder p\u00fablico municipal.<\/p>\n\n\n\n<p>\u201c\u00c9 muito bom o trabalho que voc\u00eas v\u00eam fazendo, porque isso alerta as pessoas, principalmente aqui, que \u00e9 um local de entrada e sa\u00edda bem movimentado em Manaus. As pessoas precisam entender que podem ajudar nesses casos, que para fazer uma den\u00fancia n\u00e3o \u00e9 preciso se identificar, que n\u00e3o vai ter problema depois\u201d, comentou.<\/p>\n\n\n\n<p>Os cidad\u00e3os tamb\u00e9m s\u00e3o pe\u00e7as-chave nesse esfor\u00e7o de combate ao tr\u00e1fico de pessoas. Ao identificar qualquer situa\u00e7\u00e3o suspeita, \u00e9 essencial denunciar \u00e0s autoridades competentes ou a entidades especializadas no atendimento a v\u00edtimas desse crime. As den\u00fancias podem ser feitas pelos n\u00fameros 0800 092 6644, 0800 092 1407 ou Disque 100.<\/p>\n\n\n\n<p><strong>Sobre a campanha<\/strong><\/p>\n\n\n\n<p>Lan\u00e7ada na segunda-feira, 24\/7, a campanha municipal, cujo tema \u00e9 \u201cLiberdade n\u00e3o se Compra e Dignidade n\u00e3o se Vende\u201d, foi criada em alus\u00e3o ao Dia Mundial de Enfrentamento ao Tr\u00e1fico de Pessoas, celebrado no dia 30 de julho.<\/p>\n\n\n\n<p>A iniciativa faz parte da \u201cCampanha Cora\u00e7\u00e3o Azul\u201d, criada pelo Escrit\u00f3rio das Na\u00e7\u00f5es Unidas sobre Drogas e Crime (UNODC), em 2009, para promover a conscientiza\u00e7\u00e3o para preven\u00e7\u00e3o e informa\u00e7\u00e3o sobre os mecanismos de assist\u00eancia e prote\u00e7\u00e3o dispon\u00edveis para as v\u00edtimas.<\/p>\n\n\n\n<p>&#8212;-<\/p>\n\n\n\n<p><strong>Texto &#8211;<\/strong>&nbsp;Jackeline Lima \/ Semasc<\/p>\n\n\n\n<p><strong>Fotos &#8211;&nbsp;<\/strong>Guilherme Pacheco \/ Semasc<\/p>\n\n\n\n<p><strong>Dispon\u00edveis em &#8211;&nbsp;<\/strong><a href=\"https:\/\/flic.kr\/s\/aHBqjANF3C\">https:\/\/flic.kr\/s\/aHBqjANF3C<\/a><\/p>\n","protected":false},"excerpt":{"rendered":"","protected":false},"author":23,"featured_media":208469,"comment_status":"closed","ping_status":"closed","sticky":false,"template":"","format":"standard","meta":{"footnotes":""},"categories":[240],"tags":[242,248,7,18],"acf":[],"yoast_head":"<!-- This site is optimized with the Yoast SEO plugin v23.0 - https:\/\/yoast.com\/wordpress\/plugins\/seo\/ -->\n<title>Prefeitura de Manaus realiza a\u00e7\u00e3o de sensibiliza\u00e7\u00e3o contra o tr\u00e1fico de pessoas no porto da Ceasa<\/title>\n<meta name=\"description\" content=\"Dando continuidade \u00e0 programa\u00e7\u00e3o de atividades da &quot;Campanha de Combate ao Tr\u00e1fico de Pessoas&quot;, a Prefeitura de Manaus, por meio da Secretaria Municipal da Mulher, Assist\u00eancia Social e Cidadania (Semasc), realizou, nesta ter\u00e7a-feira, 25\/7, uma a\u00e7\u00e3o de sensibiliza\u00e7\u00e3o, no porto da Ceasa, localizado na Vila Buriti, zona Sul da capital.\" \/>\n<meta name=\"robots\" content=\"noindex, follow\" \/>\n<meta property=\"og:locale\" content=\"pt_BR\" \/>\n<meta property=\"og:type\" content=\"article\" \/>\n<meta property=\"og:title\" content=\"Prefeitura de Manaus realiza a\u00e7\u00e3o de sensibiliza\u00e7\u00e3o contra o tr\u00e1fico de pessoas no porto da Ceasa\" \/>\n<meta property=\"og:description\" content=\"Dando continuidade \u00e0 programa\u00e7\u00e3o de atividades da &quot;Campanha de Combate ao Tr\u00e1fico de Pessoas&quot;, a Prefeitura de Manaus, por meio da Secretaria Municipal da Mulher, Assist\u00eancia Social e Cidadania (Semasc), realizou, nesta ter\u00e7a-feira, 25\/7, uma a\u00e7\u00e3o de sensibiliza\u00e7\u00e3o, no porto da Ceasa, localizado na Vila Buriti, zona Sul da capital.\" \/>\n<meta property=\"og:url\" content=\"https:\/\/www.manaus.am.gov.br\/semasc\/prefeitura-de-manaus-realiza-acao-de-sensibilizacao-contra-o-trafico-de-pessoas-no-porto-da-ceasa\/\" \/>\n<meta property=\"og:site_name\" content=\"SEMASC\" \/>\n<meta property=\"article:publisher\" content=\"https:\/\/www.facebook.com\/semascmanaus\" \/>\n<meta property=\"article:published_time\" content=\"2023-07-25T16:47:42+00:00\" \/>\n<meta property=\"article:modified_time\" content=\"2023-07-25T16:47:43+00:00\" \/>\n<meta property=\"og:image\" content=\"https:\/\/www.manaus.am.gov.br\/semasc\/wp-content\/uploads\/sites\/17\/2023\/07\/53070946369_d9f23cd9b9_c.jpg\" \/>\n\t<meta property=\"og:image:width\" content=\"799\" \/>\n\t<meta property=\"og:image:height\" content=\"533\" \/>\n\t<meta property=\"og:image:type\" content=\"image\/jpeg\" \/>\n<meta name=\"author\" content=\"Adriana Costa\" \/>\n<meta name=\"twitter:card\" content=\"summary_large_image\" \/>\n<meta name=\"twitter:label1\" content=\"Written by\" \/>\n\t<meta name=\"twitter:data1\" content=\"Adriana Costa\" \/>\n\t<meta name=\"twitter:label2\" content=\"Est. reading time\" \/>\n\t<meta name=\"twitter:data2\" content=\"4 minutos\" \/>\n<script type=\"application\/ld+json\" class=\"yoast-schema-graph\">{\"@context\":\"https:\/\/schema.org\",\"@graph\":[{\"@type\":\"Article\",\"@id\":\"https:\/\/www.manaus.am.gov.br\/semasc\/prefeitura-de-manaus-realiza-acao-de-sensibilizacao-contra-o-trafico-de-pessoas-no-porto-da-ceasa\/#article\",\"isPartOf\":{\"@id\":\"https:\/\/www.manaus.am.gov.br\/semasc\/prefeitura-de-manaus-realiza-acao-de-sensibilizacao-contra-o-trafico-de-pessoas-no-porto-da-ceasa\/\"},\"author\":{\"name\":\"Adriana Costa\",\"@id\":\"https:\/\/www.manaus.am.gov.br\/semasc\/#\/schema\/person\/4e49f4e267757a06ca072ec61b2b9968\"},\"headline\":\"Prefeitura de Manaus realiza a\u00e7\u00e3o de sensibiliza\u00e7\u00e3o contra o tr\u00e1fico de pessoas no porto da Ceasa\",\"datePublished\":\"2023-07-25T16:47:42+00:00\",\"dateModified\":\"2023-07-25T16:47:43+00:00\",\"mainEntityOfPage\":{\"@id\":\"https:\/\/www.manaus.am.gov.br\/semasc\/prefeitura-de-manaus-realiza-acao-de-sensibilizacao-contra-o-trafico-de-pessoas-no-porto-da-ceasa\/\"},\"wordCount\":653,\"publisher\":{\"@id\":\"https:\/\/www.manaus.am.gov.br\/semasc\/#organization\"},\"image\":{\"@id\":\"https:\/\/www.manaus.am.gov.br\/semasc\/prefeitura-de-manaus-realiza-acao-de-sensibilizacao-contra-o-trafico-de-pessoas-no-porto-da-ceasa\/#primaryimage\"},\"thumbnailUrl\":\"https:\/\/www.manaus.am.gov.br\/semasc\/wp-content\/uploads\/sites\/17\/2023\/07\/53070946369_d9f23cd9b9_c.jpg\",\"keywords\":[\"Campanha de Combate ao Tr\u00e1fico de Pessoas\",\"porto da ceasa\",\"prefeitura de manaus\",\"Semasc\"],\"articleSection\":[\"Direitos Humanos\"],\"inLanguage\":\"pt-BR\"},{\"@type\":\"WebPage\",\"@id\":\"https:\/\/www.manaus.am.gov.br\/semasc\/prefeitura-de-manaus-realiza-acao-de-sensibilizacao-contra-o-trafico-de-pessoas-no-porto-da-ceasa\/\",\"url\":\"https:\/\/www.manaus.am.gov.br\/semasc\/prefeitura-de-manaus-realiza-acao-de-sensibilizacao-contra-o-trafico-de-pessoas-no-porto-da-ceasa\/\",\"name\":\"Prefeitura de Manaus realiza a\u00e7\u00e3o de sensibiliza\u00e7\u00e3o contra o tr\u00e1fico de pessoas no porto da Ceasa\",\"isPartOf\":{\"@id\":\"https:\/\/www.manaus.am.gov.br\/semasc\/#website\"},\"primaryImageOfPage\":{\"@id\":\"https:\/\/www.manaus.am.gov.br\/semasc\/prefeitura-de-manaus-realiza-acao-de-sensibilizacao-contra-o-trafico-de-pessoas-no-porto-da-ceasa\/#primaryimage\"},\"image\":{\"@id\":\"https:\/\/www.manaus.am.gov.br\/semasc\/prefeitura-de-manaus-realiza-acao-de-sensibilizacao-contra-o-trafico-de-pessoas-no-porto-da-ceasa\/#primaryimage\"},\"thumbnailUrl\":\"https:\/\/www.manaus.am.gov.br\/semasc\/wp-content\/uploads\/sites\/17\/2023\/07\/53070946369_d9f23cd9b9_c.jpg\",\"datePublished\":\"2023-07-25T16:47:42+00:00\",\"dateModified\":\"2023-07-25T16:47:43+00:00\",\"description\":\"Dando continuidade \u00e0 programa\u00e7\u00e3o de atividades da \\\"Campanha de Combate ao Tr\u00e1fico de Pessoas\\\", a Prefeitura de Manaus, por meio da Secretaria Municipal da Mulher, Assist\u00eancia Social e Cidadania (Semasc), realizou, nesta ter\u00e7a-feira, 25\/7, uma a\u00e7\u00e3o de sensibiliza\u00e7\u00e3o, no porto da Ceasa, localizado na Vila Buriti, zona Sul da capital.\",\"breadcrumb\":{\"@id\":\"https:\/\/www.manaus.am.gov.br\/semasc\/prefeitura-de-manaus-realiza-acao-de-sensibilizacao-contra-o-trafico-de-pessoas-no-porto-da-ceasa\/#breadcrumb\"},\"inLanguage\":\"pt-BR\",\"potentialAction\":[{\"@type\":\"ReadAction\",\"target\":[\"https:\/\/www.manaus.am.gov.br\/semasc\/prefeitura-de-manaus-realiza-acao-de-sensibilizacao-contra-o-trafico-de-pessoas-no-porto-da-ceasa\/\"]}]},{\"@type\":\"ImageObject\",\"inLanguage\":\"pt-BR\",\"@id\":\"https:\/\/www.manaus.am.gov.br\/semasc\/prefeitura-de-manaus-realiza-acao-de-sensibilizacao-contra-o-trafico-de-pessoas-no-porto-da-ceasa\/#primaryimage\",\"url\":\"https:\/\/www.manaus.am.gov.br\/semasc\/wp-content\/uploads\/sites\/17\/2023\/07\/53070946369_d9f23cd9b9_c.jpg\",\"contentUrl\":\"https:\/\/www.manaus.am.gov.br\/semasc\/wp-content\/uploads\/sites\/17\/2023\/07\/53070946369_d9f23cd9b9_c.jpg\",\"width\":799,\"height\":533},{\"@type\":\"BreadcrumbList\",\"@id\":\"https:\/\/www.manaus.am.gov.br\/semasc\/prefeitura-de-manaus-realiza-acao-de-sensibilizacao-contra-o-trafico-de-pessoas-no-porto-da-ceasa\/#breadcrumb\",\"itemListElement\":[{\"@type\":\"ListItem\",\"position\":1,\"name\":\"Home\",\"item\":\"https:\/\/www.manaus.am.gov.br\/semasc\/\"},{\"@type\":\"ListItem\",\"position\":2,\"name\":\"Prefeitura de Manaus realiza a\u00e7\u00e3o de sensibiliza\u00e7\u00e3o contra o tr\u00e1fico de pessoas no porto da Ceasa\"}]},{\"@type\":\"WebSite\",\"@id\":\"https:\/\/www.manaus.am.gov.br\/semasc\/#website\",\"url\":\"https:\/\/www.manaus.am.gov.br\/semasc\/\",\"name\":\"SEMASC\",\"description\":\"Secretaria Municipal da Mulher, Assist\u00eancia Social e Cidadania.\",\"publisher\":{\"@id\":\"https:\/\/www.manaus.am.gov.br\/semasc\/#organization\"},\"alternateName\":\"Secretaria Municipal da Mulher, Assist\u00eancia Social e Cidadania\",\"potentialAction\":[{\"@type\":\"SearchAction\",\"target\":{\"@type\":\"EntryPoint\",\"urlTemplate\":\"https:\/\/www.manaus.am.gov.br\/semasc\/?s={search_term_string}\"},\"query-input\":\"required name=search_term_string\"}],\"inLanguage\":\"pt-BR\"},{\"@type\":\"Organization\",\"@id\":\"https:\/\/www.manaus.am.gov.br\/semasc\/#organization\",\"name\":\"Prefeitura de Manaus\",\"alternateName\":\"Prefeitura Municipal de Manaus\",\"url\":\"https:\/\/www.manaus.am.gov.br\/semasc\/\",\"logo\":{\"@type\":\"ImageObject\",\"inLanguage\":\"pt-BR\",\"@id\":\"https:\/\/www.manaus.am.gov.br\/semasc\/#\/schema\/logo\/image\/\",\"url\":\"https:\/\/www.manaus.am.gov.br\/semasc\/wp-content\/uploads\/sites\/17\/2024\/07\/favicon.png\",\"contentUrl\":\"https:\/\/www.manaus.am.gov.br\/semasc\/wp-content\/uploads\/sites\/17\/2024\/07\/favicon.png\",\"width\":300,\"height\":300,\"caption\":\"Prefeitura de Manaus\"},\"image\":{\"@id\":\"https:\/\/www.manaus.am.gov.br\/semasc\/#\/schema\/logo\/image\/\"},\"sameAs\":[\"https:\/\/www.facebook.com\/semascmanaus\",\"https:\/\/www.instagram.com\/semascmanaus\/\"]},{\"@type\":\"Person\",\"@id\":\"https:\/\/www.manaus.am.gov.br\/semasc\/#\/schema\/person\/4e49f4e267757a06ca072ec61b2b9968\",\"name\":\"Adriana Costa\",\"image\":{\"@type\":\"ImageObject\",\"inLanguage\":\"pt-BR\",\"@id\":\"https:\/\/www.manaus.am.gov.br\/semasc\/#\/schema\/person\/image\/\",\"url\":\"https:\/\/secure.gravatar.com\/avatar\/576258617ef7194f718179e766d57bd4?s=96&d=mm&r=g\",\"contentUrl\":\"https:\/\/secure.gravatar.com\/avatar\/576258617ef7194f718179e766d57bd4?s=96&d=mm&r=g\",\"caption\":\"Adriana Costa\"}}]}<\/script>\n<!-- \/ Yoast SEO plugin. -->","yoast_head_json":{"title":"Prefeitura de Manaus realiza a\u00e7\u00e3o de sensibiliza\u00e7\u00e3o contra o tr\u00e1fico de pessoas no porto da Ceasa","description":"Dando continuidade \u00e0 programa\u00e7\u00e3o de atividades da \"Campanha de Combate ao Tr\u00e1fico de Pessoas\", a Prefeitura de Manaus, por meio da Secretaria Municipal da Mulher, Assist\u00eancia Social e Cidadania (Semasc), realizou, nesta ter\u00e7a-feira, 25\/7, uma a\u00e7\u00e3o de sensibiliza\u00e7\u00e3o, no porto da Ceasa, localizado na Vila Buriti, zona Sul da capital.","robots":{"index":"noindex","follow":"follow"},"og_locale":"pt_BR","og_type":"article","og_title":"Prefeitura de Manaus realiza a\u00e7\u00e3o de sensibiliza\u00e7\u00e3o contra o tr\u00e1fico de pessoas no porto da Ceasa","og_description":"Dando continuidade \u00e0 programa\u00e7\u00e3o de atividades da \"Campanha de Combate ao Tr\u00e1fico de Pessoas\", a Prefeitura de Manaus, por meio da Secretaria Municipal da Mulher, Assist\u00eancia Social e Cidadania (Semasc), realizou, nesta ter\u00e7a-feira, 25\/7, uma a\u00e7\u00e3o de sensibiliza\u00e7\u00e3o, no porto da Ceasa, localizado na Vila Buriti, zona Sul da capital.","og_url":"https:\/\/www.manaus.am.gov.br\/semasc\/prefeitura-de-manaus-realiza-acao-de-sensibilizacao-contra-o-trafico-de-pessoas-no-porto-da-ceasa\/","og_site_name":"SEMASC","article_publisher":"https:\/\/www.facebook.com\/semascmanaus","article_published_time":"2023-07-25T16:47:42+00:00","article_modified_time":"2023-07-25T16:47:43+00:00","og_image":[{"width":799,"height":533,"url":"https:\/\/www.manaus.am.gov.br\/semasc\/wp-content\/uploads\/sites\/17\/2023\/07\/53070946369_d9f23cd9b9_c.jpg","type":"image\/jpeg"}],"author":"Adriana Costa","twitter_card":"summary_large_image","twitter_misc":{"Written by":"Adriana Costa","Est. reading time":"4 minutos"},"schema":{"@context":"https:\/\/schema.org","@graph":[{"@type":"Article","@id":"https:\/\/www.manaus.am.gov.br\/semasc\/prefeitura-de-manaus-realiza-acao-de-sensibilizacao-contra-o-trafico-de-pessoas-no-porto-da-ceasa\/#article","isPartOf":{"@id":"https:\/\/www.manaus.am.gov.br\/semasc\/prefeitura-de-manaus-realiza-acao-de-sensibilizacao-contra-o-trafico-de-pessoas-no-porto-da-ceasa\/"},"author":{"name":"Adriana Costa","@id":"https:\/\/www.manaus.am.gov.br\/semasc\/#\/schema\/person\/4e49f4e267757a06ca072ec61b2b9968"},"headline":"Prefeitura de Manaus realiza a\u00e7\u00e3o de sensibiliza\u00e7\u00e3o contra o tr\u00e1fico de pessoas no porto da Ceasa","datePublished":"2023-07-25T16:47:42+00:00","dateModified":"2023-07-25T16:47:43+00:00","mainEntityOfPage":{"@id":"https:\/\/www.manaus.am.gov.br\/semasc\/prefeitura-de-manaus-realiza-acao-de-sensibilizacao-contra-o-trafico-de-pessoas-no-porto-da-ceasa\/"},"wordCount":653,"publisher":{"@id":"https:\/\/www.manaus.am.gov.br\/semasc\/#organization"},"image":{"@id":"https:\/\/www.manaus.am.gov.br\/semasc\/prefeitura-de-manaus-realiza-acao-de-sensibilizacao-contra-o-trafico-de-pessoas-no-porto-da-ceasa\/#primaryimage"},"thumbnailUrl":"https:\/\/www.manaus.am.gov.br\/semasc\/wp-content\/uploads\/sites\/17\/2023\/07\/53070946369_d9f23cd9b9_c.jpg","keywords":["Campanha de Combate ao Tr\u00e1fico de Pessoas","porto da ceasa","prefeitura de manaus","Semasc"],"articleSection":["Direitos Humanos"],"inLanguage":"pt-BR"},{"@type":"WebPage","@id":"https:\/\/www.manaus.am.gov.br\/semasc\/prefeitura-de-manaus-realiza-acao-de-sensibilizacao-contra-o-trafico-de-pessoas-no-porto-da-ceasa\/","url":"https:\/\/www.manaus.am.gov.br\/semasc\/prefeitura-de-manaus-realiza-acao-de-sensibilizacao-contra-o-trafico-de-pessoas-no-porto-da-ceasa\/","name":"Prefeitura de Manaus realiza a\u00e7\u00e3o de sensibiliza\u00e7\u00e3o contra o tr\u00e1fico de pessoas no porto da Ceasa","isPartOf":{"@id":"https:\/\/www.manaus.am.gov.br\/semasc\/#website"},"primaryImageOfPage":{"@id":"https:\/\/www.manaus.am.gov.br\/semasc\/prefeitura-de-manaus-realiza-acao-de-sensibilizacao-contra-o-trafico-de-pessoas-no-porto-da-ceasa\/#primaryimage"},"image":{"@id":"https:\/\/www.manaus.am.gov.br\/semasc\/prefeitura-de-manaus-realiza-acao-de-sensibilizacao-contra-o-trafico-de-pessoas-no-porto-da-ceasa\/#primaryimage"},"thumbnailUrl":"https:\/\/www.manaus.am.gov.br\/semasc\/wp-content\/uploads\/sites\/17\/2023\/07\/53070946369_d9f23cd9b9_c.jpg","datePublished":"2023-07-25T16:47:42+00:00","dateModified":"2023-07-25T16:47:43+00:00","description":"Dando continuidade \u00e0 programa\u00e7\u00e3o de atividades da \"Campanha de Combate ao Tr\u00e1fico de Pessoas\", a Prefeitura de Manaus, por meio da Secretaria Municipal da Mulher, Assist\u00eancia Social e Cidadania (Semasc), realizou, nesta ter\u00e7a-feira, 25\/7, uma a\u00e7\u00e3o de sensibiliza\u00e7\u00e3o, no porto da Ceasa, localizado na Vila Buriti, zona Sul da capital.","breadcrumb":{"@id":"https:\/\/www.manaus.am.gov.br\/semasc\/prefeitura-de-manaus-realiza-acao-de-sensibilizacao-contra-o-trafico-de-pessoas-no-porto-da-ceasa\/#breadcrumb"},"inLanguage":"pt-BR","potentialAction":[{"@type":"ReadAction","target":["https:\/\/www.manaus.am.gov.br\/semasc\/prefeitura-de-manaus-realiza-acao-de-sensibilizacao-contra-o-trafico-de-pessoas-no-porto-da-ceasa\/"]}]},{"@type":"ImageObject","inLanguage":"pt-BR","@id":"https:\/\/www.manaus.am.gov.br\/semasc\/prefeitura-de-manaus-realiza-acao-de-sensibilizacao-contra-o-trafico-de-pessoas-no-porto-da-ceasa\/#primaryimage","url":"https:\/\/www.manaus.am.gov.br\/semasc\/wp-content\/uploads\/sites\/17\/2023\/07\/53070946369_d9f23cd9b9_c.jpg","contentUrl":"https:\/\/www.manaus.am.gov.br\/semasc\/wp-content\/uploads\/sites\/17\/2023\/07\/53070946369_d9f23cd9b9_c.jpg","width":799,"height":533},{"@type":"BreadcrumbList","@id":"https:\/\/www.manaus.am.gov.br\/semasc\/prefeitura-de-manaus-realiza-acao-de-sensibilizacao-contra-o-trafico-de-pessoas-no-porto-da-ceasa\/#breadcrumb","itemListElement":[{"@type":"ListItem","position":1,"name":"Home","item":"https:\/\/www.manaus.am.gov.br\/semasc\/"},{"@type":"ListItem","position":2,"name":"Prefeitura de Manaus realiza a\u00e7\u00e3o de sensibiliza\u00e7\u00e3o contra o tr\u00e1fico de pessoas no porto da Ceasa"}]},{"@type":"WebSite","@id":"https:\/\/www.manaus.am.gov.br\/semasc\/#website","url":"https:\/\/www.manaus.am.gov.br\/semasc\/","name":"SEMASC","description":"Secretaria Municipal da Mulher, Assist\u00eancia Social e Cidadania.","publisher":{"@id":"https:\/\/www.manaus.am.gov.br\/semasc\/#organization"},"alternateName":"Secretaria Municipal da Mulher, Assist\u00eancia Social e Cidadania","potentialAction":[{"@type":"SearchAction","target":{"@type":"EntryPoint","urlTemplate":"https:\/\/www.manaus.am.gov.br\/semasc\/?s={search_term_string}"},"query-input":"required name=search_term_string"}],"inLanguage":"pt-BR"},{"@type":"Organization","@id":"https:\/\/www.manaus.am.gov.br\/semasc\/#organization","name":"Prefeitura de Manaus","alternateName":"Prefeitura Municipal de Manaus","url":"https:\/\/www.manaus.am.gov.br\/semasc\/","logo":{"@type":"ImageObject","inLanguage":"pt-BR","@id":"https:\/\/www.manaus.am.gov.br\/semasc\/#\/schema\/logo\/image\/","url":"https:\/\/www.manaus.am.gov.br\/semasc\/wp-content\/uploads\/sites\/17\/2024\/07\/favicon.png","contentUrl":"https:\/\/www.manaus.am.gov.br\/semasc\/wp-content\/uploads\/sites\/17\/2024\/07\/favicon.png","width":300,"height":300,"caption":"Prefeitura de Manaus"},"image":{"@id":"https:\/\/www.manaus.am.gov.br\/semasc\/#\/schema\/logo\/image\/"},"sameAs":["https:\/\/www.facebook.com\/semascmanaus","https:\/\/www.instagram.com\/semascmanaus\/"]},{"@type":"Person","@id":"https:\/\/www.manaus.am.gov.br\/semasc\/#\/schema\/person\/4e49f4e267757a06ca072ec61b2b9968","name":"Adriana Costa","image":{"@type":"ImageObject","inLanguage":"pt-BR","@id":"https:\/\/www.manaus.am.gov.br\/semasc\/#\/schema\/person\/image\/","url":"https:\/\/secure.gravatar.com\/avatar\/576258617ef7194f718179e766d57bd4?s=96&d=mm&r=g","contentUrl":"https:\/\/secure.gravatar.com\/avatar\/576258617ef7194f718179e766d57bd4?s=96&d=mm&r=g","caption":"Adriana Costa"}}]}},"_links":{"self":[{"href":"https:\/\/www.manaus.am.gov.br\/semasc\/wp-json\/wp\/v2\/posts\/208468"}],"collection":[{"href":"https:\/\/www.manaus.am.gov.br\/semasc\/wp-json\/wp\/v2\/posts"}],"about":[{"href":"https:\/\/www.manaus.am.gov.br\/semasc\/wp-json\/wp\/v2\/types\/post"}],"author":[{"embeddable":true,"href":"https:\/\/www.manaus.am.gov.br\/semasc\/wp-json\/wp\/v2\/users\/23"}],"replies":[{"embeddable":true,"href":"https:\/\/www.manaus.am.gov.br\/semasc\/wp-json\/wp\/v2\/comments?post=208468"}],"version-history":[{"count":0,"href":"https:\/\/www.manaus.am.gov.br\/semasc\/wp-json\/wp\/v2\/posts\/208468\/revisions"}],"wp:featuredmedia":[{"embeddable":true,"href":"https:\/\/www.manaus.am.gov.br\/semasc\/wp-json\/wp\/v2\/media\/208469"}],"wp:attachment":[{"href":"https:\/\/www.manaus.am.gov.br\/semasc\/wp-json\/wp\/v2\/media?parent=208468"}],"wp:term":[{"taxonomy":"category","embeddable":true,"href":"https:\/\/www.manaus.am.gov.br\/semasc\/wp-json\/wp\/v2\/categories?post=208468"},{"taxonomy":"post_tag","embeddable":true,"href":"https:\/\/www.manaus.am.gov.br\/semasc\/wp-json\/wp\/v2\/tags?post=208468"}],"curies":[{"name":"wp","href":"https:\/\/api.w.org\/{rel}","templated":true}]}}