{"id":208466,"date":"2023-07-24T13:54:57","date_gmt":"2023-07-24T17:54:57","guid":{"rendered":"https:\/\/www.manaus.am.gov.br\/semasc\/prefeitura-de-manaus-lanca-campanha-de-combate-ao-trafico-de-pessoas-para-reforcar-a-protecao-dos-cidadaos\/"},"modified":"2023-07-24T13:54:58","modified_gmt":"2023-07-24T17:54:58","slug":"prefeitura-de-manaus-lanca-campanha-de-combate-ao-trafico-de-pessoas-para-reforcar-a-protecao-dos-cidadaos","status":"publish","type":"post","link":"https:\/\/www.manaus.am.gov.br\/semasc\/prefeitura-de-manaus-lanca-campanha-de-combate-ao-trafico-de-pessoas-para-reforcar-a-protecao-dos-cidadaos\/","title":{"rendered":"<strong>Prefeitura de Manaus lan\u00e7a Campanha de Combate ao Tr\u00e1fico de Pessoas para refor\u00e7ar a prote\u00e7\u00e3o dos cidad\u00e3os<\/strong>"},"content":{"rendered":"\n<p>Em um esfor\u00e7o conjunto para enfrentar um dos mais graves crimes contra os direitos humanos, a Prefeitura de Manaus, por meio da Secretaria Municipal da Mulher, Assist\u00eancia Social e Cidadania (Semasc), lan\u00e7ou, nesta segunda-feira, 24\/7, no aeroporto internacional Eduardo Gomes, a &#8220;Campanha de Combate ao Tr\u00e1fico de Pessoas\u201d.<\/p>\n\n\n\n<p>A iniciativa visa ampliar a conscientiza\u00e7\u00e3o e combater de forma efetiva a pr\u00e1tica criminosa, que afeta milhares de pessoas e que tem sido uma preocupa\u00e7\u00e3o crescente em \u00e2mbito global.&nbsp; Infelizmente, Manaus tamb\u00e9m n\u00e3o est\u00e1 isenta dessa realidade. A cidade, como importante centro econ\u00f4mico e cultural, tem sido alvo de grupos criminosos que exploram e submetem indiv\u00edduos a condi\u00e7\u00f5es de trabalho for\u00e7ado, explora\u00e7\u00e3o sexual e outras formas de escravid\u00e3o moderna.<\/p>\n\n\n\n<p>De acordo com o secret\u00e1rio da Semasc, Eduardo Lucas, a tem\u00e1tica ser\u00e1 trabalhada em todos os equipamentos socioassistenciais da secretaria durante este m\u00eas, para sensibilizar e envolver toda a sociedade nesse enfrentamento, com o objetivo de reduzir a incid\u00eancia do tr\u00e1fico de pessoas na cidade e proteger os mais vulner\u00e1veis.<\/p>\n\n\n\n<p>\u201cN\u00f3s n\u00e3o podemos baixar a guarda, esse problema existe, n\u00e3o \u00e9 coisa de filme. Por isso, n\u00f3s precisamos conscientizar as pessoas, sensibilizando-as para que criem coragem e fa\u00e7am a den\u00fancia na primeira suspeita. Al\u00e9m das a\u00e7\u00f5es nos nossos equipamentos, tamb\u00e9m vamos para a rua, para as periferias, para os hot\u00e9is, nos prost\u00edbulos, nos bares, para fiscalizar e divulgar a campanha para que todos saibam que liberdade n\u00e3o se compra e que dignidade n\u00e3o se vende\u201d, afirmou.<\/p>\n\n\n\n<p>A campanha, idealizada em parceria com secretarias municipais, como a Funda\u00e7\u00e3o Municipal de Cultura, Turismo e Eventos (Manauscult),&nbsp;Secretaria de Estado de Justi\u00e7a, Direitos Humanos e Cidadania (Sejusc), organiza\u00e7\u00f5es n\u00e3o governamentais, \u00f3rg\u00e3os de seguran\u00e7a p\u00fablica e institui\u00e7\u00f5es sociais, busca abordar o problema sob diferentes perspectivas. &nbsp;<\/p>\n\n\n\n<p>\u201cAs pessoas acham que o tr\u00e1fico humano e contrabando de pessoas ocorre s\u00f3 no mundo fict\u00edcio, e isso n\u00e3o \u00e9 verdade. Temos que ficar atentos e buscar denunciar. N\u00f3s tamb\u00e9m levaremos essa campanha para os munic\u00edpios de Tabatinga e S\u00e3o Gabriel da Cachoeira\u201d, destacou a secret\u00e1ria de Direitos Humanos da Sejusc, Gabriella Campezatto.<\/p>\n\n\n\n<p>O enfoque principal da campanha \u00e9 a preven\u00e7\u00e3o, alertando a popula\u00e7\u00e3o sobre os sinais de alerta do tr\u00e1fico de pessoas e encorajando a den\u00fancia de atividades suspeitas.<\/p>\n\n\n\n<p>\u201cO tr\u00e1fico de pessoas s\u00f3 perde para o com\u00e9rcio de drogas e de armas, ent\u00e3o sabemos que os recentes casos notificados na regi\u00e3o amaz\u00f4nica, at\u00e9 o momento, s\u00e3o a ponta do problema que acontece nos bastidores. No meio dessa viola\u00e7\u00e3o de direitos, n\u00f3s mulheres, crian\u00e7as e adolescentes sofremos e precisamos resistir, precisamos usar os meios dispon\u00edveis para realizar a den\u00fancia quando houver qualquer ind\u00edcio desse tipo de crime\u201d, ressaltou a subsecret\u00e1ria municipal de Pol\u00edticas Afirmativas para Mulheres e Direitos Humanos, Gra\u00e7a Prola.<\/p>\n\n\n\n<p>O lan\u00e7amento da campanha contou com a participa\u00e7\u00e3o de representantes das Ag\u00eancias da Organiza\u00e7\u00e3o das Na\u00e7\u00f5es Unidas (ONU) para as Migra\u00e7\u00f5es (OIM), para Refugiados (Acnur), do Fundo de Popula\u00e7\u00e3o das Na\u00e7\u00f5es Unidas (UNFPA), da Pol\u00edcia Federal e de Organiza\u00e7\u00f5es da Sociedade Civil (OSCs). Al\u00e9m disso, tamb\u00e9m houve a apresenta\u00e7\u00e3o cultural \u201cO Grito Silencioso\u201d, que retratou um caso de tr\u00e1fico de mulheres.<\/p>\n\n\n\n<p>\u201cEssa cena feita pelos atores aqui hoje \u00e9 mais constante do que a gente imagina e infelizmente os sinais n\u00e3o s\u00e3o t\u00e3o claros assim. Ent\u00e3o, essa percep\u00e7\u00e3o do olhar para poder denunciar e salvar a vida de pessoas \u00e9 fundamental. \u00c9 um assunto que o grupo todo trabalha ao longo do ano, para garantir que n\u00f3s sejamos ativos na redu\u00e7\u00e3o e erradica\u00e7\u00e3o do tr\u00e1fico de pessoas nos aeroportos do Brasil\u201d, refor\u00e7ou a CEO da concession\u00e1ria Aeroportos da Amaz\u00f4nia, Karen Strougo.<\/p>\n\n\n\n<p>Os cidad\u00e3os tamb\u00e9m s\u00e3o pe\u00e7as-chave nesse esfor\u00e7o de combate ao tr\u00e1fico de pessoas. Ao identificar qualquer situa\u00e7\u00e3o suspeita, \u00e9 essencial denunciar \u00e0s autoridades competentes ou a entidades especializadas no atendimento a v\u00edtimas desse crime. As den\u00fancias podem ser feitas pelos n\u00fameros 0800 092 6644, 0800 092 1407 ou Disque 100.<\/p>\n\n\n\n<p>&#8212; &#8212; &#8212;<\/p>\n\n\n\n<p><strong>Texto &#8211;<\/strong>&nbsp;Jackeline Lima \/ Semasc<\/p>\n\n\n\n<p><strong>Fotos \u2013&nbsp;<\/strong>Cl\u00f3vis Miranda \/ Semcom<\/p>\n\n\n\n<p><strong>Dispon\u00edveis em &#8211;<\/strong>&nbsp;<a href=\"https:\/\/flic.kr\/s\/aHBqjANwiX\" target=\"_blank\" rel=\"noreferrer noopener\">https:\/\/flic.kr\/s\/aHBqjANwiX<\/a><\/p>\n","protected":false},"excerpt":{"rendered":"","protected":false},"author":24,"featured_media":208467,"comment_status":"closed","ping_status":"closed","sticky":false,"template":"","format":"standard","meta":{"footnotes":""},"categories":[240],"tags":[241,242,243,244,47,245,97,7,246,18,247],"acf":[],"yoast_head":"<!-- This site is optimized with the Yoast SEO plugin v23.0 - https:\/\/yoast.com\/wordpress\/plugins\/seo\/ -->\n<title>Prefeitura de Manaus lan\u00e7a Campanha de Combate ao Tr\u00e1fico de Pessoas para refor\u00e7ar a prote\u00e7\u00e3o dos cidad\u00e3os - SEMASC<\/title>\n<meta name=\"description\" content=\"Em um esfor\u00e7o conjunto para enfrentar um dos mais graves crimes contra os direitos humanos, a Prefeitura de Manaus, por meio da Secretaria Municipal da Mulher, Assist\u00eancia Social e Cidadania (Semasc), lan\u00e7ou, nesta segunda-feira, 24\/7, no aeroporto internacional Eduardo Gomes, a &quot;Campanha de Combate ao Tr\u00e1fico de Pessoas\u201d.\" \/>\n<meta name=\"robots\" content=\"noindex, follow\" \/>\n<meta property=\"og:locale\" content=\"pt_BR\" \/>\n<meta property=\"og:type\" content=\"article\" \/>\n<meta property=\"og:title\" content=\"Prefeitura de Manaus lan\u00e7a Campanha de Combate ao Tr\u00e1fico de Pessoas para refor\u00e7ar a prote\u00e7\u00e3o dos cidad\u00e3os - SEMASC\" \/>\n<meta property=\"og:description\" content=\"Em um esfor\u00e7o conjunto para enfrentar um dos mais graves crimes contra os direitos humanos, a Prefeitura de Manaus, por meio da Secretaria Municipal da Mulher, Assist\u00eancia Social e Cidadania (Semasc), lan\u00e7ou, nesta segunda-feira, 24\/7, no aeroporto internacional Eduardo Gomes, a &quot;Campanha de Combate ao Tr\u00e1fico de Pessoas\u201d.\" \/>\n<meta property=\"og:url\" content=\"https:\/\/www.manaus.am.gov.br\/semasc\/prefeitura-de-manaus-lanca-campanha-de-combate-ao-trafico-de-pessoas-para-reforcar-a-protecao-dos-cidadaos\/\" \/>\n<meta property=\"og:site_name\" content=\"SEMASC\" \/>\n<meta property=\"article:publisher\" content=\"https:\/\/www.facebook.com\/semascmanaus\" \/>\n<meta property=\"article:published_time\" content=\"2023-07-24T17:54:57+00:00\" \/>\n<meta property=\"article:modified_time\" content=\"2023-07-24T17:54:58+00:00\" \/>\n<meta property=\"og:image\" content=\"https:\/\/www.manaus.am.gov.br\/semasc\/wp-content\/uploads\/sites\/17\/2023\/07\/Prefeitura-de-Manaus-lanca-Campanha-de-Combate-ao-Trafico-de-Pessoas-para-reforcar-a-protecao-dos-cidadaos-4-1024x683.jpg\" \/>\n\t<meta property=\"og:image:width\" content=\"1024\" \/>\n\t<meta property=\"og:image:height\" content=\"683\" \/>\n\t<meta property=\"og:image:type\" content=\"image\/jpeg\" \/>\n<meta name=\"author\" content=\"Cl\u00e1udia Barbosa\" \/>\n<meta name=\"twitter:card\" content=\"summary_large_image\" \/>\n<meta name=\"twitter:label1\" content=\"Written by\" \/>\n\t<meta name=\"twitter:data1\" content=\"Cl\u00e1udia Barbosa\" \/>\n\t<meta name=\"twitter:label2\" content=\"Est. reading time\" \/>\n\t<meta name=\"twitter:data2\" content=\"4 minutos\" \/>\n<script type=\"application\/ld+json\" class=\"yoast-schema-graph\">{\"@context\":\"https:\/\/schema.org\",\"@graph\":[{\"@type\":\"Article\",\"@id\":\"https:\/\/www.manaus.am.gov.br\/semasc\/prefeitura-de-manaus-lanca-campanha-de-combate-ao-trafico-de-pessoas-para-reforcar-a-protecao-dos-cidadaos\/#article\",\"isPartOf\":{\"@id\":\"https:\/\/www.manaus.am.gov.br\/semasc\/prefeitura-de-manaus-lanca-campanha-de-combate-ao-trafico-de-pessoas-para-reforcar-a-protecao-dos-cidadaos\/\"},\"author\":{\"name\":\"Cl\u00e1udia Barbosa\",\"@id\":\"https:\/\/www.manaus.am.gov.br\/semasc\/#\/schema\/person\/d0a166b5031154c33c77794ddc9a827e\"},\"headline\":\"Prefeitura de Manaus lan\u00e7a Campanha de Combate ao Tr\u00e1fico de Pessoas para refor\u00e7ar a prote\u00e7\u00e3o dos cidad\u00e3os\",\"datePublished\":\"2023-07-24T17:54:57+00:00\",\"dateModified\":\"2023-07-24T17:54:58+00:00\",\"mainEntityOfPage\":{\"@id\":\"https:\/\/www.manaus.am.gov.br\/semasc\/prefeitura-de-manaus-lanca-campanha-de-combate-ao-trafico-de-pessoas-para-reforcar-a-protecao-dos-cidadaos\/\"},\"wordCount\":781,\"publisher\":{\"@id\":\"https:\/\/www.manaus.am.gov.br\/semasc\/#organization\"},\"image\":{\"@id\":\"https:\/\/www.manaus.am.gov.br\/semasc\/prefeitura-de-manaus-lanca-campanha-de-combate-ao-trafico-de-pessoas-para-reforcar-a-protecao-dos-cidadaos\/#primaryimage\"},\"thumbnailUrl\":\"https:\/\/www.manaus.am.gov.br\/semasc\/wp-content\/uploads\/sites\/17\/2023\/07\/Prefeitura-de-Manaus-lanca-Campanha-de-Combate-ao-Trafico-de-Pessoas-para-reforcar-a-protecao-dos-cidadaos-4.jpg\",\"keywords\":[\"Aeroporto Internacional Eduardo Gomes\",\"Campanha de Combate ao Tr\u00e1fico de Pessoas\",\"crime\",\"Eduardo Lucas\",\"Gra\u00e7a Prola\",\"Karen Strougo\",\"Manauscult\",\"prefeitura de manaus\",\"Sejusc\",\"Semasc\",\"v\u00edtimas\"],\"articleSection\":[\"Direitos Humanos\"],\"inLanguage\":\"pt-BR\"},{\"@type\":\"WebPage\",\"@id\":\"https:\/\/www.manaus.am.gov.br\/semasc\/prefeitura-de-manaus-lanca-campanha-de-combate-ao-trafico-de-pessoas-para-reforcar-a-protecao-dos-cidadaos\/\",\"url\":\"https:\/\/www.manaus.am.gov.br\/semasc\/prefeitura-de-manaus-lanca-campanha-de-combate-ao-trafico-de-pessoas-para-reforcar-a-protecao-dos-cidadaos\/\",\"name\":\"Prefeitura de Manaus lan\u00e7a Campanha de Combate ao Tr\u00e1fico de Pessoas para refor\u00e7ar a prote\u00e7\u00e3o dos cidad\u00e3os - SEMASC\",\"isPartOf\":{\"@id\":\"https:\/\/www.manaus.am.gov.br\/semasc\/#website\"},\"primaryImageOfPage\":{\"@id\":\"https:\/\/www.manaus.am.gov.br\/semasc\/prefeitura-de-manaus-lanca-campanha-de-combate-ao-trafico-de-pessoas-para-reforcar-a-protecao-dos-cidadaos\/#primaryimage\"},\"image\":{\"@id\":\"https:\/\/www.manaus.am.gov.br\/semasc\/prefeitura-de-manaus-lanca-campanha-de-combate-ao-trafico-de-pessoas-para-reforcar-a-protecao-dos-cidadaos\/#primaryimage\"},\"thumbnailUrl\":\"https:\/\/www.manaus.am.gov.br\/semasc\/wp-content\/uploads\/sites\/17\/2023\/07\/Prefeitura-de-Manaus-lanca-Campanha-de-Combate-ao-Trafico-de-Pessoas-para-reforcar-a-protecao-dos-cidadaos-4.jpg\",\"datePublished\":\"2023-07-24T17:54:57+00:00\",\"dateModified\":\"2023-07-24T17:54:58+00:00\",\"description\":\"Em um esfor\u00e7o conjunto para enfrentar um dos mais graves crimes contra os direitos humanos, a Prefeitura de Manaus, por meio da Secretaria Municipal da Mulher, Assist\u00eancia Social e Cidadania (Semasc), lan\u00e7ou, nesta segunda-feira, 24\/7, no aeroporto internacional Eduardo Gomes, a \\\"Campanha de Combate ao Tr\u00e1fico de Pessoas\u201d.\",\"breadcrumb\":{\"@id\":\"https:\/\/www.manaus.am.gov.br\/semasc\/prefeitura-de-manaus-lanca-campanha-de-combate-ao-trafico-de-pessoas-para-reforcar-a-protecao-dos-cidadaos\/#breadcrumb\"},\"inLanguage\":\"pt-BR\",\"potentialAction\":[{\"@type\":\"ReadAction\",\"target\":[\"https:\/\/www.manaus.am.gov.br\/semasc\/prefeitura-de-manaus-lanca-campanha-de-combate-ao-trafico-de-pessoas-para-reforcar-a-protecao-dos-cidadaos\/\"]}]},{\"@type\":\"ImageObject\",\"inLanguage\":\"pt-BR\",\"@id\":\"https:\/\/www.manaus.am.gov.br\/semasc\/prefeitura-de-manaus-lanca-campanha-de-combate-ao-trafico-de-pessoas-para-reforcar-a-protecao-dos-cidadaos\/#primaryimage\",\"url\":\"https:\/\/www.manaus.am.gov.br\/semasc\/wp-content\/uploads\/sites\/17\/2023\/07\/Prefeitura-de-Manaus-lanca-Campanha-de-Combate-ao-Trafico-de-Pessoas-para-reforcar-a-protecao-dos-cidadaos-4.jpg\",\"contentUrl\":\"https:\/\/www.manaus.am.gov.br\/semasc\/wp-content\/uploads\/sites\/17\/2023\/07\/Prefeitura-de-Manaus-lanca-Campanha-de-Combate-ao-Trafico-de-Pessoas-para-reforcar-a-protecao-dos-cidadaos-4.jpg\",\"width\":4464,\"height\":2976},{\"@type\":\"BreadcrumbList\",\"@id\":\"https:\/\/www.manaus.am.gov.br\/semasc\/prefeitura-de-manaus-lanca-campanha-de-combate-ao-trafico-de-pessoas-para-reforcar-a-protecao-dos-cidadaos\/#breadcrumb\",\"itemListElement\":[{\"@type\":\"ListItem\",\"position\":1,\"name\":\"Home\",\"item\":\"https:\/\/www.manaus.am.gov.br\/semasc\/\"},{\"@type\":\"ListItem\",\"position\":2,\"name\":\"Prefeitura de Manaus lan\u00e7a Campanha de Combate ao Tr\u00e1fico de Pessoas para refor\u00e7ar a prote\u00e7\u00e3o dos cidad\u00e3os\"}]},{\"@type\":\"WebSite\",\"@id\":\"https:\/\/www.manaus.am.gov.br\/semasc\/#website\",\"url\":\"https:\/\/www.manaus.am.gov.br\/semasc\/\",\"name\":\"SEMASC\",\"description\":\"Secretaria Municipal da Mulher, Assist\u00eancia Social e Cidadania.\",\"publisher\":{\"@id\":\"https:\/\/www.manaus.am.gov.br\/semasc\/#organization\"},\"alternateName\":\"Secretaria Municipal da Mulher, Assist\u00eancia Social e Cidadania\",\"potentialAction\":[{\"@type\":\"SearchAction\",\"target\":{\"@type\":\"EntryPoint\",\"urlTemplate\":\"https:\/\/www.manaus.am.gov.br\/semasc\/?s={search_term_string}\"},\"query-input\":\"required name=search_term_string\"}],\"inLanguage\":\"pt-BR\"},{\"@type\":\"Organization\",\"@id\":\"https:\/\/www.manaus.am.gov.br\/semasc\/#organization\",\"name\":\"Prefeitura de Manaus\",\"alternateName\":\"Prefeitura Municipal de Manaus\",\"url\":\"https:\/\/www.manaus.am.gov.br\/semasc\/\",\"logo\":{\"@type\":\"ImageObject\",\"inLanguage\":\"pt-BR\",\"@id\":\"https:\/\/www.manaus.am.gov.br\/semasc\/#\/schema\/logo\/image\/\",\"url\":\"https:\/\/www.manaus.am.gov.br\/semasc\/wp-content\/uploads\/sites\/17\/2024\/07\/favicon.png\",\"contentUrl\":\"https:\/\/www.manaus.am.gov.br\/semasc\/wp-content\/uploads\/sites\/17\/2024\/07\/favicon.png\",\"width\":300,\"height\":300,\"caption\":\"Prefeitura de Manaus\"},\"image\":{\"@id\":\"https:\/\/www.manaus.am.gov.br\/semasc\/#\/schema\/logo\/image\/\"},\"sameAs\":[\"https:\/\/www.facebook.com\/semascmanaus\",\"https:\/\/www.instagram.com\/semascmanaus\/\"]},{\"@type\":\"Person\",\"@id\":\"https:\/\/www.manaus.am.gov.br\/semasc\/#\/schema\/person\/d0a166b5031154c33c77794ddc9a827e\",\"name\":\"Cl\u00e1udia Barbosa\",\"image\":{\"@type\":\"ImageObject\",\"inLanguage\":\"pt-BR\",\"@id\":\"https:\/\/www.manaus.am.gov.br\/semasc\/#\/schema\/person\/image\/\",\"url\":\"https:\/\/secure.gravatar.com\/avatar\/42958a1cf007f1a00534009218c72590?s=96&d=mm&r=g\",\"contentUrl\":\"https:\/\/secure.gravatar.com\/avatar\/42958a1cf007f1a00534009218c72590?s=96&d=mm&r=g\",\"caption\":\"Cl\u00e1udia Barbosa\"}}]}<\/script>\n<!-- \/ Yoast SEO plugin. -->","yoast_head_json":{"title":"Prefeitura de Manaus lan\u00e7a Campanha de Combate ao Tr\u00e1fico de Pessoas para refor\u00e7ar a prote\u00e7\u00e3o dos cidad\u00e3os - SEMASC","description":"Em um esfor\u00e7o conjunto para enfrentar um dos mais graves crimes contra os direitos humanos, a Prefeitura de Manaus, por meio da Secretaria Municipal da Mulher, Assist\u00eancia Social e Cidadania (Semasc), lan\u00e7ou, nesta segunda-feira, 24\/7, no aeroporto internacional Eduardo Gomes, a \"Campanha de Combate ao Tr\u00e1fico de Pessoas\u201d.","robots":{"index":"noindex","follow":"follow"},"og_locale":"pt_BR","og_type":"article","og_title":"Prefeitura de Manaus lan\u00e7a Campanha de Combate ao Tr\u00e1fico de Pessoas para refor\u00e7ar a prote\u00e7\u00e3o dos cidad\u00e3os - SEMASC","og_description":"Em um esfor\u00e7o conjunto para enfrentar um dos mais graves crimes contra os direitos humanos, a Prefeitura de Manaus, por meio da Secretaria Municipal da Mulher, Assist\u00eancia Social e Cidadania (Semasc), lan\u00e7ou, nesta segunda-feira, 24\/7, no aeroporto internacional Eduardo Gomes, a \"Campanha de Combate ao Tr\u00e1fico de Pessoas\u201d.","og_url":"https:\/\/www.manaus.am.gov.br\/semasc\/prefeitura-de-manaus-lanca-campanha-de-combate-ao-trafico-de-pessoas-para-reforcar-a-protecao-dos-cidadaos\/","og_site_name":"SEMASC","article_publisher":"https:\/\/www.facebook.com\/semascmanaus","article_published_time":"2023-07-24T17:54:57+00:00","article_modified_time":"2023-07-24T17:54:58+00:00","og_image":[{"width":1024,"height":683,"url":"https:\/\/www.manaus.am.gov.br\/semasc\/wp-content\/uploads\/sites\/17\/2023\/07\/Prefeitura-de-Manaus-lanca-Campanha-de-Combate-ao-Trafico-de-Pessoas-para-reforcar-a-protecao-dos-cidadaos-4-1024x683.jpg","type":"image\/jpeg"}],"author":"Cl\u00e1udia Barbosa","twitter_card":"summary_large_image","twitter_misc":{"Written by":"Cl\u00e1udia Barbosa","Est. reading time":"4 minutos"},"schema":{"@context":"https:\/\/schema.org","@graph":[{"@type":"Article","@id":"https:\/\/www.manaus.am.gov.br\/semasc\/prefeitura-de-manaus-lanca-campanha-de-combate-ao-trafico-de-pessoas-para-reforcar-a-protecao-dos-cidadaos\/#article","isPartOf":{"@id":"https:\/\/www.manaus.am.gov.br\/semasc\/prefeitura-de-manaus-lanca-campanha-de-combate-ao-trafico-de-pessoas-para-reforcar-a-protecao-dos-cidadaos\/"},"author":{"name":"Cl\u00e1udia Barbosa","@id":"https:\/\/www.manaus.am.gov.br\/semasc\/#\/schema\/person\/d0a166b5031154c33c77794ddc9a827e"},"headline":"Prefeitura de Manaus lan\u00e7a Campanha de Combate ao Tr\u00e1fico de Pessoas para refor\u00e7ar a prote\u00e7\u00e3o dos cidad\u00e3os","datePublished":"2023-07-24T17:54:57+00:00","dateModified":"2023-07-24T17:54:58+00:00","mainEntityOfPage":{"@id":"https:\/\/www.manaus.am.gov.br\/semasc\/prefeitura-de-manaus-lanca-campanha-de-combate-ao-trafico-de-pessoas-para-reforcar-a-protecao-dos-cidadaos\/"},"wordCount":781,"publisher":{"@id":"https:\/\/www.manaus.am.gov.br\/semasc\/#organization"},"image":{"@id":"https:\/\/www.manaus.am.gov.br\/semasc\/prefeitura-de-manaus-lanca-campanha-de-combate-ao-trafico-de-pessoas-para-reforcar-a-protecao-dos-cidadaos\/#primaryimage"},"thumbnailUrl":"https:\/\/www.manaus.am.gov.br\/semasc\/wp-content\/uploads\/sites\/17\/2023\/07\/Prefeitura-de-Manaus-lanca-Campanha-de-Combate-ao-Trafico-de-Pessoas-para-reforcar-a-protecao-dos-cidadaos-4.jpg","keywords":["Aeroporto Internacional Eduardo Gomes","Campanha de Combate ao Tr\u00e1fico de Pessoas","crime","Eduardo Lucas","Gra\u00e7a Prola","Karen Strougo","Manauscult","prefeitura de manaus","Sejusc","Semasc","v\u00edtimas"],"articleSection":["Direitos Humanos"],"inLanguage":"pt-BR"},{"@type":"WebPage","@id":"https:\/\/www.manaus.am.gov.br\/semasc\/prefeitura-de-manaus-lanca-campanha-de-combate-ao-trafico-de-pessoas-para-reforcar-a-protecao-dos-cidadaos\/","url":"https:\/\/www.manaus.am.gov.br\/semasc\/prefeitura-de-manaus-lanca-campanha-de-combate-ao-trafico-de-pessoas-para-reforcar-a-protecao-dos-cidadaos\/","name":"Prefeitura de Manaus lan\u00e7a Campanha de Combate ao Tr\u00e1fico de Pessoas para refor\u00e7ar a prote\u00e7\u00e3o dos cidad\u00e3os - SEMASC","isPartOf":{"@id":"https:\/\/www.manaus.am.gov.br\/semasc\/#website"},"primaryImageOfPage":{"@id":"https:\/\/www.manaus.am.gov.br\/semasc\/prefeitura-de-manaus-lanca-campanha-de-combate-ao-trafico-de-pessoas-para-reforcar-a-protecao-dos-cidadaos\/#primaryimage"},"image":{"@id":"https:\/\/www.manaus.am.gov.br\/semasc\/prefeitura-de-manaus-lanca-campanha-de-combate-ao-trafico-de-pessoas-para-reforcar-a-protecao-dos-cidadaos\/#primaryimage"},"thumbnailUrl":"https:\/\/www.manaus.am.gov.br\/semasc\/wp-content\/uploads\/sites\/17\/2023\/07\/Prefeitura-de-Manaus-lanca-Campanha-de-Combate-ao-Trafico-de-Pessoas-para-reforcar-a-protecao-dos-cidadaos-4.jpg","datePublished":"2023-07-24T17:54:57+00:00","dateModified":"2023-07-24T17:54:58+00:00","description":"Em um esfor\u00e7o conjunto para enfrentar um dos mais graves crimes contra os direitos humanos, a Prefeitura de Manaus, por meio da Secretaria Municipal da Mulher, Assist\u00eancia Social e Cidadania (Semasc), lan\u00e7ou, nesta segunda-feira, 24\/7, no aeroporto internacional Eduardo Gomes, a \"Campanha de Combate ao Tr\u00e1fico de Pessoas\u201d.","breadcrumb":{"@id":"https:\/\/www.manaus.am.gov.br\/semasc\/prefeitura-de-manaus-lanca-campanha-de-combate-ao-trafico-de-pessoas-para-reforcar-a-protecao-dos-cidadaos\/#breadcrumb"},"inLanguage":"pt-BR","potentialAction":[{"@type":"ReadAction","target":["https:\/\/www.manaus.am.gov.br\/semasc\/prefeitura-de-manaus-lanca-campanha-de-combate-ao-trafico-de-pessoas-para-reforcar-a-protecao-dos-cidadaos\/"]}]},{"@type":"ImageObject","inLanguage":"pt-BR","@id":"https:\/\/www.manaus.am.gov.br\/semasc\/prefeitura-de-manaus-lanca-campanha-de-combate-ao-trafico-de-pessoas-para-reforcar-a-protecao-dos-cidadaos\/#primaryimage","url":"https:\/\/www.manaus.am.gov.br\/semasc\/wp-content\/uploads\/sites\/17\/2023\/07\/Prefeitura-de-Manaus-lanca-Campanha-de-Combate-ao-Trafico-de-Pessoas-para-reforcar-a-protecao-dos-cidadaos-4.jpg","contentUrl":"https:\/\/www.manaus.am.gov.br\/semasc\/wp-content\/uploads\/sites\/17\/2023\/07\/Prefeitura-de-Manaus-lanca-Campanha-de-Combate-ao-Trafico-de-Pessoas-para-reforcar-a-protecao-dos-cidadaos-4.jpg","width":4464,"height":2976},{"@type":"BreadcrumbList","@id":"https:\/\/www.manaus.am.gov.br\/semasc\/prefeitura-de-manaus-lanca-campanha-de-combate-ao-trafico-de-pessoas-para-reforcar-a-protecao-dos-cidadaos\/#breadcrumb","itemListElement":[{"@type":"ListItem","position":1,"name":"Home","item":"https:\/\/www.manaus.am.gov.br\/semasc\/"},{"@type":"ListItem","position":2,"name":"Prefeitura de Manaus lan\u00e7a Campanha de Combate ao Tr\u00e1fico de Pessoas para refor\u00e7ar a prote\u00e7\u00e3o dos cidad\u00e3os"}]},{"@type":"WebSite","@id":"https:\/\/www.manaus.am.gov.br\/semasc\/#website","url":"https:\/\/www.manaus.am.gov.br\/semasc\/","name":"SEMASC","description":"Secretaria Municipal da Mulher, Assist\u00eancia Social e Cidadania.","publisher":{"@id":"https:\/\/www.manaus.am.gov.br\/semasc\/#organization"},"alternateName":"Secretaria Municipal da Mulher, Assist\u00eancia Social e Cidadania","potentialAction":[{"@type":"SearchAction","target":{"@type":"EntryPoint","urlTemplate":"https:\/\/www.manaus.am.gov.br\/semasc\/?s={search_term_string}"},"query-input":"required name=search_term_string"}],"inLanguage":"pt-BR"},{"@type":"Organization","@id":"https:\/\/www.manaus.am.gov.br\/semasc\/#organization","name":"Prefeitura de Manaus","alternateName":"Prefeitura Municipal de Manaus","url":"https:\/\/www.manaus.am.gov.br\/semasc\/","logo":{"@type":"ImageObject","inLanguage":"pt-BR","@id":"https:\/\/www.manaus.am.gov.br\/semasc\/#\/schema\/logo\/image\/","url":"https:\/\/www.manaus.am.gov.br\/semasc\/wp-content\/uploads\/sites\/17\/2024\/07\/favicon.png","contentUrl":"https:\/\/www.manaus.am.gov.br\/semasc\/wp-content\/uploads\/sites\/17\/2024\/07\/favicon.png","width":300,"height":300,"caption":"Prefeitura de Manaus"},"image":{"@id":"https:\/\/www.manaus.am.gov.br\/semasc\/#\/schema\/logo\/image\/"},"sameAs":["https:\/\/www.facebook.com\/semascmanaus","https:\/\/www.instagram.com\/semascmanaus\/"]},{"@type":"Person","@id":"https:\/\/www.manaus.am.gov.br\/semasc\/#\/schema\/person\/d0a166b5031154c33c77794ddc9a827e","name":"Cl\u00e1udia Barbosa","image":{"@type":"ImageObject","inLanguage":"pt-BR","@id":"https:\/\/www.manaus.am.gov.br\/semasc\/#\/schema\/person\/image\/","url":"https:\/\/secure.gravatar.com\/avatar\/42958a1cf007f1a00534009218c72590?s=96&d=mm&r=g","contentUrl":"https:\/\/secure.gravatar.com\/avatar\/42958a1cf007f1a00534009218c72590?s=96&d=mm&r=g","caption":"Cl\u00e1udia Barbosa"}}]}},"_links":{"self":[{"href":"https:\/\/www.manaus.am.gov.br\/semasc\/wp-json\/wp\/v2\/posts\/208466"}],"collection":[{"href":"https:\/\/www.manaus.am.gov.br\/semasc\/wp-json\/wp\/v2\/posts"}],"about":[{"href":"https:\/\/www.manaus.am.gov.br\/semasc\/wp-json\/wp\/v2\/types\/post"}],"author":[{"embeddable":true,"href":"https:\/\/www.manaus.am.gov.br\/semasc\/wp-json\/wp\/v2\/users\/24"}],"replies":[{"embeddable":true,"href":"https:\/\/www.manaus.am.gov.br\/semasc\/wp-json\/wp\/v2\/comments?post=208466"}],"version-history":[{"count":0,"href":"https:\/\/www.manaus.am.gov.br\/semasc\/wp-json\/wp\/v2\/posts\/208466\/revisions"}],"wp:featuredmedia":[{"embeddable":true,"href":"https:\/\/www.manaus.am.gov.br\/semasc\/wp-json\/wp\/v2\/media\/208467"}],"wp:attachment":[{"href":"https:\/\/www.manaus.am.gov.br\/semasc\/wp-json\/wp\/v2\/media?parent=208466"}],"wp:term":[{"taxonomy":"category","embeddable":true,"href":"https:\/\/www.manaus.am.gov.br\/semasc\/wp-json\/wp\/v2\/categories?post=208466"},{"taxonomy":"post_tag","embeddable":true,"href":"https:\/\/www.manaus.am.gov.br\/semasc\/wp-json\/wp\/v2\/tags?post=208466"}],"curies":[{"name":"wp","href":"https:\/\/api.w.org\/{rel}","templated":true}]}}