{"id":208454,"date":"2023-07-21T18:33:01","date_gmt":"2023-07-21T22:33:01","guid":{"rendered":"https:\/\/www.manaus.am.gov.br\/semasc\/prefeitura-de-manaus-inaugura-ycamiabas-casa-de-acolhimento-para-mulheres\/"},"modified":"2023-07-21T18:33:01","modified_gmt":"2023-07-21T22:33:01","slug":"prefeitura-de-manaus-inaugura-ycamiabas-casa-de-acolhimento-para-mulheres","status":"publish","type":"post","link":"https:\/\/www.manaus.am.gov.br\/semasc\/prefeitura-de-manaus-inaugura-ycamiabas-casa-de-acolhimento-para-mulheres\/","title":{"rendered":"<strong>Prefeitura de Manaus inaugura \u2018Ycamiabas &#8211; Casa de Acolhimento para Mulheres\u2019<\/strong>"},"content":{"rendered":"\n<p>Constituindo um importante marco no combate \u00e0 viol\u00eancia contra as mulheres, a Prefeitura de Manaus, por meio da Secretaria Municipal da Mulher, Assist\u00eancia Social e Cidadania (Semasc), inaugurou, nesta sexta-feira, 21\/7, a \u2018Ycamiabas \u2013 Casa de Acolhimento para Mulheres\u2019, que est\u00e1 localizada no bairro Aparecida, zona Sul da capital.<\/p>\n\n\n\n<p>Com o objetivo de fornecer abrigo e assist\u00eancia necess\u00e1ria para mulheres e seus filhos que estejam em situa\u00e7\u00e3o de viol\u00eancia ou de vulnerabilidade social, o local tem a capacidade de atender 30 pessoas que necessitam de prote\u00e7\u00e3o imediata.<\/p>\n\n\n\n<p>A unidade n\u00e3o funciona no sistema \u201cportas abertas\u201d e sim mediante encaminhamento de algum dos \u00f3rg\u00e3os do sistema de prote\u00e7\u00e3o. Eduardo Lucas, secret\u00e1rio da Semasc, ressalta que a entrega do abrigo faz parte de um compromisso firmado pelo prefeito David Almeida ainda durante a campanha.<\/p>\n\n\n\n<p>\u201cEstamos cumprindo mais uma promessa do nosso prefeito ao entregar esta casa de acolhimento, \u00e9 a realiza\u00e7\u00e3o de um sonho. Aqui vamos receber essas mulheres e daremos a elas condi\u00e7\u00f5es de superar esse ciclo de viol\u00eancia, de superar este direito que foi violado. Esse \u00e9 um local de recome\u00e7os\u201d, destacou o secret\u00e1rio.<\/p>\n\n\n\n<p><strong>Acolhimento<\/strong><\/p>\n\n\n\n<p>O espa\u00e7o, que conta com seis dormit\u00f3rios, disponibilizar\u00e1 de abrigo tempor\u00e1rio \u00e0s mulheres e a seus filhos por at\u00e9 90 dias. Al\u00e9m disso, os acolhidos contar\u00e3o com o apoio e orienta\u00e7\u00f5es de uma equipe multidisciplinar composta por assistentes sociais, psic\u00f3logas e pedagogas para apoi\u00e1-los nesse processo de recupera\u00e7\u00e3o emocional.<\/p>\n\n\n\n<figure class=\"wp-block-image size-full\"><img loading=\"lazy\" decoding=\"async\" width=\"799\" height=\"533\" src=\"https:\/\/www.manaus.am.gov.br\/semasc\/wp-content\/uploads\/sites\/17\/2023\/07\/53061738720_f4b6a73e79_c.jpg\" alt=\"\" class=\"wp-image-208455\" srcset=\"https:\/\/www.manaus.am.gov.br\/semasc\/wp-content\/uploads\/sites\/17\/2023\/07\/53061738720_f4b6a73e79_c.jpg 799w, https:\/\/www.manaus.am.gov.br\/semasc\/wp-content\/uploads\/sites\/17\/2023\/07\/53061738720_f4b6a73e79_c-300x200.jpg 300w, https:\/\/www.manaus.am.gov.br\/semasc\/wp-content\/uploads\/sites\/17\/2023\/07\/53061738720_f4b6a73e79_c-768x512.jpg 768w\" sizes=\"(max-width: 799px) 100vw, 799px\" \/><\/figure>\n\n\n\n<p>\u201cCom essa iniciativa a Prefeitura de Manaus est\u00e1 contribuindo na luta pela produ\u00e7\u00e3o da igualdade e da justi\u00e7a social com o p\u00fablico feminino. Estamos preparados para funcionar de domingo a domingo, de forma ininterrupta.&nbsp;Tamb\u00e9m temos parcerias para favorecer o empoderamento feminino no sentido econ\u00f4mico, porque n\u00f3s entendemos que o ciclo da viol\u00eancia s\u00f3 \u00e9 rompido com a autonomia, e essa autonomia \u00e9 caracterizada fortemente pela economia, pelo emprego e pela renda\u201d, afirmou Gra\u00e7a Prola, subsecret\u00e1ria municipal de Pol\u00edticas Afirmativas para Mulheres e Direitos Humanos.<\/p>\n\n\n\n<p>Na cerim\u00f4nia, estiveram presentes representantes da Ag\u00eancia da ONU para Refugiados (Acnur), Fundo de Popula\u00e7\u00e3o das Na\u00e7\u00f5es Unidas (UNFPA), Tribunal de Justi\u00e7a do Amazonas (TJAM), e Fundo Manaus Solid\u00e1ria. Para a chefe de escrit\u00f3rio da UNFPA Manaus, D\u00e9bora Rodrigues, t\u00e3o importante quanto prevenir a viol\u00eancia de g\u00eanero \u00e9 ter meios para agir, quando ela acontece.<\/p>\n\n\n\n<p>\u201cAcompanhamos todo esse processo de gest\u00e3o da casa de acolhimento e todo o esfor\u00e7o que foi colocado pelas equipes municipais. Essa entrega simboliza esse compromisso do poder p\u00fablico e seus apoiadores no enfrentamento da viol\u00eancia contra mulheres e meninas e com a garantia dos direitos dessa popula\u00e7\u00e3o, e com a promo\u00e7\u00e3o da igualdade de g\u00eanero. Saber responder quando a viola\u00e7\u00e3o de direitos acontece \u00e9 essencial. Ent\u00e3o \u00e9 muito importante para as mulheres de Manaus saberem que&nbsp;existe esperan\u00e7a, pol\u00edticas p\u00fablicas e direitos para que elas possam romper com esse ciclo\u201d, finalizou.<\/p>\n\n\n\n<p><strong>Sobre as Ycamiabas<\/strong><\/p>\n\n\n\n<p>As Ycamiabas eram uma tribo de mulheres guerreiras descrita em relatos e lendas durante o per\u00edodo colonial da Am\u00e9rica do Sul. Segundo essas narrativas, as Ycamiabas viveriam em uma regi\u00e3o inexplorada e seriam conhecidas por sua for\u00e7a f\u00edsica, habilidades de combate e pela forma\u00e7\u00e3o de uma sociedade matriarcal, em que as mulheres detinham o poder pol\u00edtico e militar.<\/p>\n\n\n\n<p>Essas hist\u00f3rias foram registradas por viajantes e exploradores europeus, como o alem\u00e3o Georg Heinrich von Langsdorff e o franc\u00eas Charles-Marie de La Condamine, no s\u00e9culo 18. Esses relatos geralmente descreviam as Ycamiabas como uma tribo de mulheres belas e valentes, que viviam sem a presen\u00e7a de homens.<\/p>\n\n\n\n<p>&#8212; &#8212; &#8212;<\/p>\n\n\n\n<p><strong>Texto &#8211;&nbsp;<\/strong>Jackeline Lima \/ Assessoria Semasc<\/p>\n\n\n\n<p><strong>Fotos &#8211;&nbsp;<\/strong>Cl\u00f3vis Miranda \/ Semcom<\/p>\n\n\n\n<p>Dispon\u00edveis em \u2013&nbsp;<a href=\"https:\/\/flic.kr\/s\/aHBqjANfwa\" target=\"_blank\" rel=\"noreferrer noopener\">https:\/\/flic.kr\/s\/aHBqjANfwa<\/a><\/p>\n","protected":false},"excerpt":{"rendered":"","protected":false},"author":31,"featured_media":208456,"comment_status":"closed","ping_status":"closed","sticky":false,"template":"","format":"standard","meta":{"footnotes":""},"categories":[194],"tags":[237,72,238,239],"acf":[],"yoast_head":"<!-- This site is optimized with the Yoast SEO plugin v23.0 - https:\/\/yoast.com\/wordpress\/plugins\/seo\/ -->\n<title>Prefeitura de Manaus inaugura \u2018Ycamiabas - Casa de Acolhimento para Mulheres\u2019 - SEMASC<\/title>\n<meta name=\"robots\" content=\"noindex, follow\" \/>\n<meta property=\"og:locale\" content=\"pt_BR\" \/>\n<meta property=\"og:type\" content=\"article\" \/>\n<meta property=\"og:title\" content=\"Prefeitura de Manaus inaugura \u2018Ycamiabas - Casa de Acolhimento para Mulheres\u2019 - SEMASC\" \/>\n<meta property=\"og:url\" content=\"https:\/\/www.manaus.am.gov.br\/semasc\/prefeitura-de-manaus-inaugura-ycamiabas-casa-de-acolhimento-para-mulheres\/\" \/>\n<meta property=\"og:site_name\" content=\"SEMASC\" \/>\n<meta property=\"article:publisher\" content=\"https:\/\/www.facebook.com\/semascmanaus\" \/>\n<meta property=\"article:published_time\" content=\"2023-07-21T22:33:01+00:00\" \/>\n<meta property=\"og:image\" content=\"https:\/\/www.manaus.am.gov.br\/semasc\/wp-content\/uploads\/sites\/17\/2023\/07\/53061523596_cd7467e52d_c.jpg\" \/>\n\t<meta property=\"og:image:width\" content=\"799\" \/>\n\t<meta property=\"og:image:height\" content=\"533\" \/>\n\t<meta property=\"og:image:type\" content=\"image\/jpeg\" \/>\n<meta name=\"author\" content=\"Renata Felix\" \/>\n<meta name=\"twitter:card\" content=\"summary_large_image\" \/>\n<meta name=\"twitter:label1\" content=\"Written by\" \/>\n\t<meta name=\"twitter:data1\" content=\"Renata Felix\" \/>\n\t<meta name=\"twitter:label2\" content=\"Est. reading time\" \/>\n\t<meta name=\"twitter:data2\" content=\"4 minutos\" \/>\n<script type=\"application\/ld+json\" class=\"yoast-schema-graph\">{\"@context\":\"https:\/\/schema.org\",\"@graph\":[{\"@type\":\"Article\",\"@id\":\"https:\/\/www.manaus.am.gov.br\/semasc\/prefeitura-de-manaus-inaugura-ycamiabas-casa-de-acolhimento-para-mulheres\/#article\",\"isPartOf\":{\"@id\":\"https:\/\/www.manaus.am.gov.br\/semasc\/prefeitura-de-manaus-inaugura-ycamiabas-casa-de-acolhimento-para-mulheres\/\"},\"author\":{\"name\":\"Renata Felix\",\"@id\":\"https:\/\/www.manaus.am.gov.br\/semasc\/#\/schema\/person\/4eea2a8f78dc853097abb026f728aa06\"},\"headline\":\"Prefeitura de Manaus inaugura \u2018Ycamiabas &#8211; Casa de Acolhimento para Mulheres\u2019\",\"datePublished\":\"2023-07-21T22:33:01+00:00\",\"dateModified\":\"2023-07-21T22:33:01+00:00\",\"mainEntityOfPage\":{\"@id\":\"https:\/\/www.manaus.am.gov.br\/semasc\/prefeitura-de-manaus-inaugura-ycamiabas-casa-de-acolhimento-para-mulheres\/\"},\"wordCount\":669,\"publisher\":{\"@id\":\"https:\/\/www.manaus.am.gov.br\/semasc\/#organization\"},\"image\":{\"@id\":\"https:\/\/www.manaus.am.gov.br\/semasc\/prefeitura-de-manaus-inaugura-ycamiabas-casa-de-acolhimento-para-mulheres\/#primaryimage\"},\"thumbnailUrl\":\"https:\/\/www.manaus.am.gov.br\/semasc\/wp-content\/uploads\/sites\/17\/2023\/07\/53061523596_cd7467e52d_c.jpg\",\"keywords\":[\"acolhimento\",\"assist\u00eancia social\",\"mulheres em situa\u00e7\u00e3o de viol\u00eancia\",\"Ycamiabas - Casa de Acolhimento para Mulheres\"],\"articleSection\":[\"Assist\u00eancia\"],\"inLanguage\":\"pt-BR\"},{\"@type\":\"WebPage\",\"@id\":\"https:\/\/www.manaus.am.gov.br\/semasc\/prefeitura-de-manaus-inaugura-ycamiabas-casa-de-acolhimento-para-mulheres\/\",\"url\":\"https:\/\/www.manaus.am.gov.br\/semasc\/prefeitura-de-manaus-inaugura-ycamiabas-casa-de-acolhimento-para-mulheres\/\",\"name\":\"Prefeitura de Manaus inaugura \u2018Ycamiabas - Casa de Acolhimento para Mulheres\u2019 - SEMASC\",\"isPartOf\":{\"@id\":\"https:\/\/www.manaus.am.gov.br\/semasc\/#website\"},\"primaryImageOfPage\":{\"@id\":\"https:\/\/www.manaus.am.gov.br\/semasc\/prefeitura-de-manaus-inaugura-ycamiabas-casa-de-acolhimento-para-mulheres\/#primaryimage\"},\"image\":{\"@id\":\"https:\/\/www.manaus.am.gov.br\/semasc\/prefeitura-de-manaus-inaugura-ycamiabas-casa-de-acolhimento-para-mulheres\/#primaryimage\"},\"thumbnailUrl\":\"https:\/\/www.manaus.am.gov.br\/semasc\/wp-content\/uploads\/sites\/17\/2023\/07\/53061523596_cd7467e52d_c.jpg\",\"datePublished\":\"2023-07-21T22:33:01+00:00\",\"dateModified\":\"2023-07-21T22:33:01+00:00\",\"breadcrumb\":{\"@id\":\"https:\/\/www.manaus.am.gov.br\/semasc\/prefeitura-de-manaus-inaugura-ycamiabas-casa-de-acolhimento-para-mulheres\/#breadcrumb\"},\"inLanguage\":\"pt-BR\",\"potentialAction\":[{\"@type\":\"ReadAction\",\"target\":[\"https:\/\/www.manaus.am.gov.br\/semasc\/prefeitura-de-manaus-inaugura-ycamiabas-casa-de-acolhimento-para-mulheres\/\"]}]},{\"@type\":\"ImageObject\",\"inLanguage\":\"pt-BR\",\"@id\":\"https:\/\/www.manaus.am.gov.br\/semasc\/prefeitura-de-manaus-inaugura-ycamiabas-casa-de-acolhimento-para-mulheres\/#primaryimage\",\"url\":\"https:\/\/www.manaus.am.gov.br\/semasc\/wp-content\/uploads\/sites\/17\/2023\/07\/53061523596_cd7467e52d_c.jpg\",\"contentUrl\":\"https:\/\/www.manaus.am.gov.br\/semasc\/wp-content\/uploads\/sites\/17\/2023\/07\/53061523596_cd7467e52d_c.jpg\",\"width\":799,\"height\":533},{\"@type\":\"BreadcrumbList\",\"@id\":\"https:\/\/www.manaus.am.gov.br\/semasc\/prefeitura-de-manaus-inaugura-ycamiabas-casa-de-acolhimento-para-mulheres\/#breadcrumb\",\"itemListElement\":[{\"@type\":\"ListItem\",\"position\":1,\"name\":\"Home\",\"item\":\"https:\/\/www.manaus.am.gov.br\/semasc\/\"},{\"@type\":\"ListItem\",\"position\":2,\"name\":\"Prefeitura de Manaus inaugura \u2018Ycamiabas &#8211; Casa de Acolhimento para Mulheres\u2019\"}]},{\"@type\":\"WebSite\",\"@id\":\"https:\/\/www.manaus.am.gov.br\/semasc\/#website\",\"url\":\"https:\/\/www.manaus.am.gov.br\/semasc\/\",\"name\":\"SEMASC\",\"description\":\"Secretaria Municipal da Mulher, Assist\u00eancia Social e Cidadania.\",\"publisher\":{\"@id\":\"https:\/\/www.manaus.am.gov.br\/semasc\/#organization\"},\"alternateName\":\"Secretaria Municipal da Mulher, Assist\u00eancia Social e Cidadania\",\"potentialAction\":[{\"@type\":\"SearchAction\",\"target\":{\"@type\":\"EntryPoint\",\"urlTemplate\":\"https:\/\/www.manaus.am.gov.br\/semasc\/?s={search_term_string}\"},\"query-input\":\"required name=search_term_string\"}],\"inLanguage\":\"pt-BR\"},{\"@type\":\"Organization\",\"@id\":\"https:\/\/www.manaus.am.gov.br\/semasc\/#organization\",\"name\":\"Prefeitura de Manaus\",\"alternateName\":\"Prefeitura Municipal de Manaus\",\"url\":\"https:\/\/www.manaus.am.gov.br\/semasc\/\",\"logo\":{\"@type\":\"ImageObject\",\"inLanguage\":\"pt-BR\",\"@id\":\"https:\/\/www.manaus.am.gov.br\/semasc\/#\/schema\/logo\/image\/\",\"url\":\"https:\/\/www.manaus.am.gov.br\/semasc\/wp-content\/uploads\/sites\/17\/2024\/07\/favicon.png\",\"contentUrl\":\"https:\/\/www.manaus.am.gov.br\/semasc\/wp-content\/uploads\/sites\/17\/2024\/07\/favicon.png\",\"width\":300,\"height\":300,\"caption\":\"Prefeitura de Manaus\"},\"image\":{\"@id\":\"https:\/\/www.manaus.am.gov.br\/semasc\/#\/schema\/logo\/image\/\"},\"sameAs\":[\"https:\/\/www.facebook.com\/semascmanaus\",\"https:\/\/www.instagram.com\/semascmanaus\/\"]},{\"@type\":\"Person\",\"@id\":\"https:\/\/www.manaus.am.gov.br\/semasc\/#\/schema\/person\/4eea2a8f78dc853097abb026f728aa06\",\"name\":\"Renata Felix\",\"image\":{\"@type\":\"ImageObject\",\"inLanguage\":\"pt-BR\",\"@id\":\"https:\/\/www.manaus.am.gov.br\/semasc\/#\/schema\/person\/image\/\",\"url\":\"https:\/\/secure.gravatar.com\/avatar\/3c196cf9d3b837b24c8edb2c50fd8f29?s=96&d=mm&r=g\",\"contentUrl\":\"https:\/\/secure.gravatar.com\/avatar\/3c196cf9d3b837b24c8edb2c50fd8f29?s=96&d=mm&r=g\",\"caption\":\"Renata Felix\"}}]}<\/script>\n<!-- \/ Yoast SEO plugin. -->","yoast_head_json":{"title":"Prefeitura de Manaus inaugura \u2018Ycamiabas - Casa de Acolhimento para Mulheres\u2019 - SEMASC","robots":{"index":"noindex","follow":"follow"},"og_locale":"pt_BR","og_type":"article","og_title":"Prefeitura de Manaus inaugura \u2018Ycamiabas - Casa de Acolhimento para Mulheres\u2019 - SEMASC","og_url":"https:\/\/www.manaus.am.gov.br\/semasc\/prefeitura-de-manaus-inaugura-ycamiabas-casa-de-acolhimento-para-mulheres\/","og_site_name":"SEMASC","article_publisher":"https:\/\/www.facebook.com\/semascmanaus","article_published_time":"2023-07-21T22:33:01+00:00","og_image":[{"width":799,"height":533,"url":"https:\/\/www.manaus.am.gov.br\/semasc\/wp-content\/uploads\/sites\/17\/2023\/07\/53061523596_cd7467e52d_c.jpg","type":"image\/jpeg"}],"author":"Renata Felix","twitter_card":"summary_large_image","twitter_misc":{"Written by":"Renata Felix","Est. reading time":"4 minutos"},"schema":{"@context":"https:\/\/schema.org","@graph":[{"@type":"Article","@id":"https:\/\/www.manaus.am.gov.br\/semasc\/prefeitura-de-manaus-inaugura-ycamiabas-casa-de-acolhimento-para-mulheres\/#article","isPartOf":{"@id":"https:\/\/www.manaus.am.gov.br\/semasc\/prefeitura-de-manaus-inaugura-ycamiabas-casa-de-acolhimento-para-mulheres\/"},"author":{"name":"Renata Felix","@id":"https:\/\/www.manaus.am.gov.br\/semasc\/#\/schema\/person\/4eea2a8f78dc853097abb026f728aa06"},"headline":"Prefeitura de Manaus inaugura \u2018Ycamiabas &#8211; Casa de Acolhimento para Mulheres\u2019","datePublished":"2023-07-21T22:33:01+00:00","dateModified":"2023-07-21T22:33:01+00:00","mainEntityOfPage":{"@id":"https:\/\/www.manaus.am.gov.br\/semasc\/prefeitura-de-manaus-inaugura-ycamiabas-casa-de-acolhimento-para-mulheres\/"},"wordCount":669,"publisher":{"@id":"https:\/\/www.manaus.am.gov.br\/semasc\/#organization"},"image":{"@id":"https:\/\/www.manaus.am.gov.br\/semasc\/prefeitura-de-manaus-inaugura-ycamiabas-casa-de-acolhimento-para-mulheres\/#primaryimage"},"thumbnailUrl":"https:\/\/www.manaus.am.gov.br\/semasc\/wp-content\/uploads\/sites\/17\/2023\/07\/53061523596_cd7467e52d_c.jpg","keywords":["acolhimento","assist\u00eancia social","mulheres em situa\u00e7\u00e3o de viol\u00eancia","Ycamiabas - Casa de Acolhimento para Mulheres"],"articleSection":["Assist\u00eancia"],"inLanguage":"pt-BR"},{"@type":"WebPage","@id":"https:\/\/www.manaus.am.gov.br\/semasc\/prefeitura-de-manaus-inaugura-ycamiabas-casa-de-acolhimento-para-mulheres\/","url":"https:\/\/www.manaus.am.gov.br\/semasc\/prefeitura-de-manaus-inaugura-ycamiabas-casa-de-acolhimento-para-mulheres\/","name":"Prefeitura de Manaus inaugura \u2018Ycamiabas - Casa de Acolhimento para Mulheres\u2019 - SEMASC","isPartOf":{"@id":"https:\/\/www.manaus.am.gov.br\/semasc\/#website"},"primaryImageOfPage":{"@id":"https:\/\/www.manaus.am.gov.br\/semasc\/prefeitura-de-manaus-inaugura-ycamiabas-casa-de-acolhimento-para-mulheres\/#primaryimage"},"image":{"@id":"https:\/\/www.manaus.am.gov.br\/semasc\/prefeitura-de-manaus-inaugura-ycamiabas-casa-de-acolhimento-para-mulheres\/#primaryimage"},"thumbnailUrl":"https:\/\/www.manaus.am.gov.br\/semasc\/wp-content\/uploads\/sites\/17\/2023\/07\/53061523596_cd7467e52d_c.jpg","datePublished":"2023-07-21T22:33:01+00:00","dateModified":"2023-07-21T22:33:01+00:00","breadcrumb":{"@id":"https:\/\/www.manaus.am.gov.br\/semasc\/prefeitura-de-manaus-inaugura-ycamiabas-casa-de-acolhimento-para-mulheres\/#breadcrumb"},"inLanguage":"pt-BR","potentialAction":[{"@type":"ReadAction","target":["https:\/\/www.manaus.am.gov.br\/semasc\/prefeitura-de-manaus-inaugura-ycamiabas-casa-de-acolhimento-para-mulheres\/"]}]},{"@type":"ImageObject","inLanguage":"pt-BR","@id":"https:\/\/www.manaus.am.gov.br\/semasc\/prefeitura-de-manaus-inaugura-ycamiabas-casa-de-acolhimento-para-mulheres\/#primaryimage","url":"https:\/\/www.manaus.am.gov.br\/semasc\/wp-content\/uploads\/sites\/17\/2023\/07\/53061523596_cd7467e52d_c.jpg","contentUrl":"https:\/\/www.manaus.am.gov.br\/semasc\/wp-content\/uploads\/sites\/17\/2023\/07\/53061523596_cd7467e52d_c.jpg","width":799,"height":533},{"@type":"BreadcrumbList","@id":"https:\/\/www.manaus.am.gov.br\/semasc\/prefeitura-de-manaus-inaugura-ycamiabas-casa-de-acolhimento-para-mulheres\/#breadcrumb","itemListElement":[{"@type":"ListItem","position":1,"name":"Home","item":"https:\/\/www.manaus.am.gov.br\/semasc\/"},{"@type":"ListItem","position":2,"name":"Prefeitura de Manaus inaugura \u2018Ycamiabas &#8211; Casa de Acolhimento para Mulheres\u2019"}]},{"@type":"WebSite","@id":"https:\/\/www.manaus.am.gov.br\/semasc\/#website","url":"https:\/\/www.manaus.am.gov.br\/semasc\/","name":"SEMASC","description":"Secretaria Municipal da Mulher, Assist\u00eancia Social e Cidadania.","publisher":{"@id":"https:\/\/www.manaus.am.gov.br\/semasc\/#organization"},"alternateName":"Secretaria Municipal da Mulher, Assist\u00eancia Social e Cidadania","potentialAction":[{"@type":"SearchAction","target":{"@type":"EntryPoint","urlTemplate":"https:\/\/www.manaus.am.gov.br\/semasc\/?s={search_term_string}"},"query-input":"required name=search_term_string"}],"inLanguage":"pt-BR"},{"@type":"Organization","@id":"https:\/\/www.manaus.am.gov.br\/semasc\/#organization","name":"Prefeitura de Manaus","alternateName":"Prefeitura Municipal de Manaus","url":"https:\/\/www.manaus.am.gov.br\/semasc\/","logo":{"@type":"ImageObject","inLanguage":"pt-BR","@id":"https:\/\/www.manaus.am.gov.br\/semasc\/#\/schema\/logo\/image\/","url":"https:\/\/www.manaus.am.gov.br\/semasc\/wp-content\/uploads\/sites\/17\/2024\/07\/favicon.png","contentUrl":"https:\/\/www.manaus.am.gov.br\/semasc\/wp-content\/uploads\/sites\/17\/2024\/07\/favicon.png","width":300,"height":300,"caption":"Prefeitura de Manaus"},"image":{"@id":"https:\/\/www.manaus.am.gov.br\/semasc\/#\/schema\/logo\/image\/"},"sameAs":["https:\/\/www.facebook.com\/semascmanaus","https:\/\/www.instagram.com\/semascmanaus\/"]},{"@type":"Person","@id":"https:\/\/www.manaus.am.gov.br\/semasc\/#\/schema\/person\/4eea2a8f78dc853097abb026f728aa06","name":"Renata Felix","image":{"@type":"ImageObject","inLanguage":"pt-BR","@id":"https:\/\/www.manaus.am.gov.br\/semasc\/#\/schema\/person\/image\/","url":"https:\/\/secure.gravatar.com\/avatar\/3c196cf9d3b837b24c8edb2c50fd8f29?s=96&d=mm&r=g","contentUrl":"https:\/\/secure.gravatar.com\/avatar\/3c196cf9d3b837b24c8edb2c50fd8f29?s=96&d=mm&r=g","caption":"Renata Felix"}}]}},"_links":{"self":[{"href":"https:\/\/www.manaus.am.gov.br\/semasc\/wp-json\/wp\/v2\/posts\/208454"}],"collection":[{"href":"https:\/\/www.manaus.am.gov.br\/semasc\/wp-json\/wp\/v2\/posts"}],"about":[{"href":"https:\/\/www.manaus.am.gov.br\/semasc\/wp-json\/wp\/v2\/types\/post"}],"author":[{"embeddable":true,"href":"https:\/\/www.manaus.am.gov.br\/semasc\/wp-json\/wp\/v2\/users\/31"}],"replies":[{"embeddable":true,"href":"https:\/\/www.manaus.am.gov.br\/semasc\/wp-json\/wp\/v2\/comments?post=208454"}],"version-history":[{"count":1,"href":"https:\/\/www.manaus.am.gov.br\/semasc\/wp-json\/wp\/v2\/posts\/208454\/revisions"}],"predecessor-version":[{"id":208457,"href":"https:\/\/www.manaus.am.gov.br\/semasc\/wp-json\/wp\/v2\/posts\/208454\/revisions\/208457"}],"wp:featuredmedia":[{"embeddable":true,"href":"https:\/\/www.manaus.am.gov.br\/semasc\/wp-json\/wp\/v2\/media\/208456"}],"wp:attachment":[{"href":"https:\/\/www.manaus.am.gov.br\/semasc\/wp-json\/wp\/v2\/media?parent=208454"}],"wp:term":[{"taxonomy":"category","embeddable":true,"href":"https:\/\/www.manaus.am.gov.br\/semasc\/wp-json\/wp\/v2\/categories?post=208454"},{"taxonomy":"post_tag","embeddable":true,"href":"https:\/\/www.manaus.am.gov.br\/semasc\/wp-json\/wp\/v2\/tags?post=208454"}],"curies":[{"name":"wp","href":"https:\/\/api.w.org\/{rel}","templated":true}]}}