{"id":207998,"date":"2023-07-20T15:01:35","date_gmt":"2023-07-20T19:01:35","guid":{"rendered":"https:\/\/www.manaus.am.gov.br\/semasc\/prefeitura-de-manaus-capacita-conselheiros-tutelares-para-uso-de-sistema-nacional-de-registro-de-informacoes\/"},"modified":"2023-07-20T15:01:37","modified_gmt":"2023-07-20T19:01:37","slug":"prefeitura-de-manaus-capacita-conselheiros-tutelares-para-uso-de-sistema-nacional-de-registro-de-informacoes","status":"publish","type":"post","link":"https:\/\/www.manaus.am.gov.br\/semasc\/prefeitura-de-manaus-capacita-conselheiros-tutelares-para-uso-de-sistema-nacional-de-registro-de-informacoes\/","title":{"rendered":"<strong>Prefeitura de Manaus capacita conselheiros tutelares para uso de sistema nacional de registro de informa\u00e7\u00f5es<\/strong>"},"content":{"rendered":"\n<p>A Prefeitura de Manaus, por meio da Secretaria Municipal da Mulher, Assist\u00eancia Social e Cidadania (Semasc) realizou, nesta quinta-feira, 20\/7, uma oficina de capacita\u00e7\u00e3o com conselheiros tutelares da zona Norte 2, para o uso do Sistema de Informa\u00e7\u00e3o para a Inf\u00e2ncia e Adolesc\u00eancia (Sipia). O encontro aconteceu na sede da Secretaria Municipal de Administra\u00e7\u00e3o, Planejamento e Gest\u00e3o (Semad), situada na avenida Compensa, bairro Vila da Prata, zona Oeste da cidade.<\/p>\n\n\n\n<p>De acordo com a chefe da Divis\u00e3o de Promo\u00e7\u00e3o dos Direitos Sociais e Econ\u00f4micos (DPDSE), Socorro Cavalcante, o objetivo \u00e9 proporcionar aos rec\u00e9m-empossados uma forma\u00e7\u00e3o de qualidade, a fim de prepar\u00e1-los para atuar de forma eficiente na defesa e prote\u00e7\u00e3o dos direitos das crian\u00e7as e adolescentes na capital amazonense.<\/p>\n\n\n\n<p>\u201cO Sipia \u00e9 necess\u00e1rio para que o Conselho Tutelar atenda da melhor forma poss\u00edvel as crian\u00e7as, os adolescentes e seus familiares. \u00c9 important\u00edssimo capacitar esses novos conselheiros para o uso dessa ferramenta, pois \u00e9 por interm\u00e9dio dela que eles conseguem fazer os encaminhamentos corretos dos casos. Al\u00e9m disso, ela tamb\u00e9m \u00e9 um norte para a cria\u00e7\u00e3o de pol\u00edticas p\u00fablicas, j\u00e1 que \u00e9 por esse sistema que conseguimos fazer o levantamento das necessidades daquela comunidade onde o conselho est\u00e1 atuando\u201d, destacou.<\/p>\n\n\n\n<p>Segundo Socorro Cavalcante, a zona Norte 2, que abrange comunidades e bairros como Santa Etelvina, Terra Nova, comunidade Lagoa Azul, Jesus Me Deu, Santa Marta, Viver Melhor 1 (Residencial Meu Orgulho I), Viver Melhor II (Residencial Meu Orgulho II), entre outros, possui uma significativa demanda de atendimento pelo Conselho Tutelar, tornando imprescind\u00edvel que seus membros estejam devidamente preparados para enfrentar os desafios e lidar com as mais diversas situa\u00e7\u00f5es que envolvem a garantia dos direitos das crian\u00e7as e adolescentes.<\/p>\n\n\n\n<p>Durante a capacita\u00e7\u00e3o, que contou as orienta\u00e7\u00f5es da Coordenadora do N\u00facleo Estadual do Sistema de Informa\u00e7\u00e3o para Inf\u00e2ncia e Adolesc\u00eancia do Amazonas, Haid\u00eae Maria Chacon, os participantes tiveram a oportunidade de unir teoria e pr\u00e1tica para aprender como utilizar o Sipia, que \u00e9 um sistema nacional de registro e tratamento de informa\u00e7\u00f5es sobre a garantia e defesa dos direitos fundamentais preconizados no Estatuto da Crian\u00e7a e do Adolescente (ECA).<\/p>\n\n\n\n<p>\u201cEssa ferramenta padroniza o trabalho do conselheiro tutelar e fornece as estat\u00edsticas necess\u00e1rias para a formula\u00e7\u00e3o de pol\u00edticas p\u00fablicas mais plaus\u00edveis. Os conselheiros tutelares que usam esse sistema encontram tudo bem mais r\u00e1pido, em cinco minutos voc\u00ea consegue fazer um levantamento de qualidade, voc\u00ea consegue encontrar aquela crian\u00e7a que est\u00e1 cadastrada e ter uma vis\u00e3o do que est\u00e1 acontecendo no seu munic\u00edpio\u201d, explicou Chacon.<\/p>\n\n\n\n<p>Para Susy Anne Lima Maia, de 34 anos, que \u00e9 uma das participantes do curso, o treinamento \u00e9 essencial para que sejam promovidos os direitos das crian\u00e7as e dos adolescentes na regi\u00e3o. \u201cEssa capacita\u00e7\u00e3o de hoje \u00e9 importante, porque estamos aprendendo as formas corretas para a coleta de dados, e esse sistema \u00e9 indispens\u00e1vel para o trabalho dos conselheiros tutelares, tanto em Manaus quanto em todo o Amazonas\u201d, afirmou.<\/p>\n\n\n\n<p>Nomeados no dia 3\/7, os conselheiros participantes do curso atuar\u00e3o at\u00e9 o dia 10 de janeiro de 2024, data em que os novos conselheiros eleitos no pleito deste ano estar\u00e3o assumindo o cargo. O treinamento realizado nesta quinta-feira antecede a inaugura\u00e7\u00e3o da sede do Conselho Tutelar da zona Norte 2, que ser\u00e1 entregue no dia 31\/7, na rua Francisco de Freitas, bairro Col\u00f4nia Santo Ant\u00f4nio, zona Norte da cidade.<\/p>\n\n\n\n<p><strong>Elei\u00e7\u00e3o<\/strong><\/p>\n\n\n\n<p>A abertura do processo de escolha dos membros dos Conselhos Tutelares de Manaus, durante o quadri\u00eanio 2023\/2027, se tornou p\u00fablica, por meio de edital publicado inicialmente na edi\u00e7\u00e3o 5.565 do Di\u00e1rio Oficial do Munic\u00edpio (DOM), no dia 13 de abril deste ano. De acordo com o documento, a elei\u00e7\u00e3o ser\u00e1 realizada no dia 1\u00ba\/10, das 8h \u00e0s 17h, em locais a serem definidos pelo CMDCA.<\/p>\n\n\n\n<p>Al\u00e9m de estabelecer e detalhar as normas para a realiza\u00e7\u00e3o do pleito, o edital ainda confirmou a abertura de vagas para o Conselho Tutelar da Zona Norte 2, a 10\u00aa unidade do \u00f3rg\u00e3o na cidade. Cada unidade contar\u00e1 com cinco titulares e cinco suplentes, totalizando 50 conselheiros tutelares eleitos e 200 conselheiros suplentes. Neste ano, mais de 360 pessoas est\u00e3o concorrendo aos cargos de conselheiros tutelares na capital.<\/p>\n\n\n\n<p>&#8212; &#8212; &#8212;<\/p>\n\n\n\n<p><strong>Texto &#8211;<\/strong>&nbsp;Jackeline Lima \/ Semasc<\/p>\n\n\n\n<p><strong>Fotos &#8211;<\/strong>&nbsp;Guilherme Pacheco \/ Semasc<\/p>\n","protected":false},"excerpt":{"rendered":"","protected":false},"author":24,"featured_media":207999,"comment_status":"closed","ping_status":"closed","sticky":false,"template":"","format":"standard","meta":{"footnotes":""},"categories":[228],"tags":[77,43,82,229,7,230,18,231,232,233],"acf":[],"yoast_head":"<!-- This site is optimized with the Yoast SEO plugin v23.0 - https:\/\/yoast.com\/wordpress\/plugins\/seo\/ -->\n<title>Prefeitura de Manaus capacita conselheiros tutelares para uso de sistema nacional de registro de informa\u00e7\u00f5es - SEMASC<\/title>\n<meta name=\"description\" content=\"A Prefeitura de Manaus, por meio da Secretaria Municipal da Mulher, Assist\u00eancia Social e Cidadania (Semasc) realizou, nesta quinta-feira, 20\/7, uma oficina de capacita\u00e7\u00e3o com conselheiros tutelares da zona Norte 2, para o uso do Sistema de Informa\u00e7\u00e3o para a Inf\u00e2ncia e Adolesc\u00eancia (Sipia).\" \/>\n<meta name=\"robots\" content=\"noindex, follow\" \/>\n<meta property=\"og:locale\" content=\"pt_BR\" \/>\n<meta property=\"og:type\" content=\"article\" \/>\n<meta property=\"og:title\" content=\"Prefeitura de Manaus capacita conselheiros tutelares para uso de sistema nacional de registro de informa\u00e7\u00f5es - SEMASC\" \/>\n<meta property=\"og:description\" content=\"A Prefeitura de Manaus, por meio da Secretaria Municipal da Mulher, Assist\u00eancia Social e Cidadania (Semasc) realizou, nesta quinta-feira, 20\/7, uma oficina de capacita\u00e7\u00e3o com conselheiros tutelares da zona Norte 2, para o uso do Sistema de Informa\u00e7\u00e3o para a Inf\u00e2ncia e Adolesc\u00eancia (Sipia).\" \/>\n<meta property=\"og:url\" content=\"https:\/\/www.manaus.am.gov.br\/semasc\/prefeitura-de-manaus-capacita-conselheiros-tutelares-para-uso-de-sistema-nacional-de-registro-de-informacoes\/\" \/>\n<meta property=\"og:site_name\" content=\"SEMASC\" \/>\n<meta property=\"article:publisher\" content=\"https:\/\/www.facebook.com\/semascmanaus\" \/>\n<meta property=\"article:published_time\" content=\"2023-07-20T19:01:35+00:00\" \/>\n<meta property=\"article:modified_time\" content=\"2023-07-20T19:01:37+00:00\" \/>\n<meta property=\"og:image\" content=\"https:\/\/www.manaus.am.gov.br\/semasc\/wp-content\/uploads\/sites\/17\/2023\/07\/Capacitacao-3.jpeg\" \/>\n\t<meta property=\"og:image:width\" content=\"1600\" \/>\n\t<meta property=\"og:image:height\" content=\"1066\" \/>\n\t<meta property=\"og:image:type\" content=\"image\/jpeg\" \/>\n<meta name=\"author\" content=\"Cl\u00e1udia Barbosa\" \/>\n<meta name=\"twitter:card\" content=\"summary_large_image\" \/>\n<meta name=\"twitter:label1\" content=\"Written by\" \/>\n\t<meta name=\"twitter:data1\" content=\"Cl\u00e1udia Barbosa\" \/>\n\t<meta name=\"twitter:label2\" content=\"Est. reading time\" \/>\n\t<meta name=\"twitter:data2\" content=\"4 minutos\" \/>\n<script type=\"application\/ld+json\" class=\"yoast-schema-graph\">{\"@context\":\"https:\/\/schema.org\",\"@graph\":[{\"@type\":\"Article\",\"@id\":\"https:\/\/www.manaus.am.gov.br\/semasc\/prefeitura-de-manaus-capacita-conselheiros-tutelares-para-uso-de-sistema-nacional-de-registro-de-informacoes\/#article\",\"isPartOf\":{\"@id\":\"https:\/\/www.manaus.am.gov.br\/semasc\/prefeitura-de-manaus-capacita-conselheiros-tutelares-para-uso-de-sistema-nacional-de-registro-de-informacoes\/\"},\"author\":{\"name\":\"Cl\u00e1udia Barbosa\",\"@id\":\"https:\/\/www.manaus.am.gov.br\/semasc\/#\/schema\/person\/d0a166b5031154c33c77794ddc9a827e\"},\"headline\":\"Prefeitura de Manaus capacita conselheiros tutelares para uso de sistema nacional de registro de informa\u00e7\u00f5es\",\"datePublished\":\"2023-07-20T19:01:35+00:00\",\"dateModified\":\"2023-07-20T19:01:37+00:00\",\"mainEntityOfPage\":{\"@id\":\"https:\/\/www.manaus.am.gov.br\/semasc\/prefeitura-de-manaus-capacita-conselheiros-tutelares-para-uso-de-sistema-nacional-de-registro-de-informacoes\/\"},\"wordCount\":752,\"publisher\":{\"@id\":\"https:\/\/www.manaus.am.gov.br\/semasc\/#organization\"},\"image\":{\"@id\":\"https:\/\/www.manaus.am.gov.br\/semasc\/prefeitura-de-manaus-capacita-conselheiros-tutelares-para-uso-de-sistema-nacional-de-registro-de-informacoes\/#primaryimage\"},\"thumbnailUrl\":\"https:\/\/www.manaus.am.gov.br\/semasc\/wp-content\/uploads\/sites\/17\/2023\/07\/Capacitacao-3.jpeg\",\"keywords\":[\"capacita\u00e7\u00e3o\",\"conselheiros tutelares\",\"Conselho Tutelar\",\"Haid\u00eae Maria Chacon\",\"prefeitura de manaus\",\"Semad\",\"Semasc\",\"Sipia\",\"Sistema de Informa\u00e7\u00e3o para a Inf\u00e2ncia e Adolesc\u00eancia\",\"Socorro Cavalcante\"],\"articleSection\":[\"Oficina\"],\"inLanguage\":\"pt-BR\"},{\"@type\":\"WebPage\",\"@id\":\"https:\/\/www.manaus.am.gov.br\/semasc\/prefeitura-de-manaus-capacita-conselheiros-tutelares-para-uso-de-sistema-nacional-de-registro-de-informacoes\/\",\"url\":\"https:\/\/www.manaus.am.gov.br\/semasc\/prefeitura-de-manaus-capacita-conselheiros-tutelares-para-uso-de-sistema-nacional-de-registro-de-informacoes\/\",\"name\":\"Prefeitura de Manaus capacita conselheiros tutelares para uso de sistema nacional de registro de informa\u00e7\u00f5es - SEMASC\",\"isPartOf\":{\"@id\":\"https:\/\/www.manaus.am.gov.br\/semasc\/#website\"},\"primaryImageOfPage\":{\"@id\":\"https:\/\/www.manaus.am.gov.br\/semasc\/prefeitura-de-manaus-capacita-conselheiros-tutelares-para-uso-de-sistema-nacional-de-registro-de-informacoes\/#primaryimage\"},\"image\":{\"@id\":\"https:\/\/www.manaus.am.gov.br\/semasc\/prefeitura-de-manaus-capacita-conselheiros-tutelares-para-uso-de-sistema-nacional-de-registro-de-informacoes\/#primaryimage\"},\"thumbnailUrl\":\"https:\/\/www.manaus.am.gov.br\/semasc\/wp-content\/uploads\/sites\/17\/2023\/07\/Capacitacao-3.jpeg\",\"datePublished\":\"2023-07-20T19:01:35+00:00\",\"dateModified\":\"2023-07-20T19:01:37+00:00\",\"description\":\"A Prefeitura de Manaus, por meio da Secretaria Municipal da Mulher, Assist\u00eancia Social e Cidadania (Semasc) realizou, nesta quinta-feira, 20\/7, uma oficina de capacita\u00e7\u00e3o com conselheiros tutelares da zona Norte 2, para o uso do Sistema de Informa\u00e7\u00e3o para a Inf\u00e2ncia e Adolesc\u00eancia (Sipia).\",\"breadcrumb\":{\"@id\":\"https:\/\/www.manaus.am.gov.br\/semasc\/prefeitura-de-manaus-capacita-conselheiros-tutelares-para-uso-de-sistema-nacional-de-registro-de-informacoes\/#breadcrumb\"},\"inLanguage\":\"pt-BR\",\"potentialAction\":[{\"@type\":\"ReadAction\",\"target\":[\"https:\/\/www.manaus.am.gov.br\/semasc\/prefeitura-de-manaus-capacita-conselheiros-tutelares-para-uso-de-sistema-nacional-de-registro-de-informacoes\/\"]}]},{\"@type\":\"ImageObject\",\"inLanguage\":\"pt-BR\",\"@id\":\"https:\/\/www.manaus.am.gov.br\/semasc\/prefeitura-de-manaus-capacita-conselheiros-tutelares-para-uso-de-sistema-nacional-de-registro-de-informacoes\/#primaryimage\",\"url\":\"https:\/\/www.manaus.am.gov.br\/semasc\/wp-content\/uploads\/sites\/17\/2023\/07\/Capacitacao-3.jpeg\",\"contentUrl\":\"https:\/\/www.manaus.am.gov.br\/semasc\/wp-content\/uploads\/sites\/17\/2023\/07\/Capacitacao-3.jpeg\",\"width\":1600,\"height\":1066},{\"@type\":\"BreadcrumbList\",\"@id\":\"https:\/\/www.manaus.am.gov.br\/semasc\/prefeitura-de-manaus-capacita-conselheiros-tutelares-para-uso-de-sistema-nacional-de-registro-de-informacoes\/#breadcrumb\",\"itemListElement\":[{\"@type\":\"ListItem\",\"position\":1,\"name\":\"Home\",\"item\":\"https:\/\/www.manaus.am.gov.br\/semasc\/\"},{\"@type\":\"ListItem\",\"position\":2,\"name\":\"Prefeitura de Manaus capacita conselheiros tutelares para uso de sistema nacional de registro de informa\u00e7\u00f5es\"}]},{\"@type\":\"WebSite\",\"@id\":\"https:\/\/www.manaus.am.gov.br\/semasc\/#website\",\"url\":\"https:\/\/www.manaus.am.gov.br\/semasc\/\",\"name\":\"SEMASC\",\"description\":\"Secretaria Municipal da Mulher, Assist\u00eancia Social e Cidadania.\",\"publisher\":{\"@id\":\"https:\/\/www.manaus.am.gov.br\/semasc\/#organization\"},\"alternateName\":\"Secretaria Municipal da Mulher, Assist\u00eancia Social e Cidadania\",\"potentialAction\":[{\"@type\":\"SearchAction\",\"target\":{\"@type\":\"EntryPoint\",\"urlTemplate\":\"https:\/\/www.manaus.am.gov.br\/semasc\/?s={search_term_string}\"},\"query-input\":\"required name=search_term_string\"}],\"inLanguage\":\"pt-BR\"},{\"@type\":\"Organization\",\"@id\":\"https:\/\/www.manaus.am.gov.br\/semasc\/#organization\",\"name\":\"Prefeitura de Manaus\",\"alternateName\":\"Prefeitura Municipal de Manaus\",\"url\":\"https:\/\/www.manaus.am.gov.br\/semasc\/\",\"logo\":{\"@type\":\"ImageObject\",\"inLanguage\":\"pt-BR\",\"@id\":\"https:\/\/www.manaus.am.gov.br\/semasc\/#\/schema\/logo\/image\/\",\"url\":\"https:\/\/www.manaus.am.gov.br\/semasc\/wp-content\/uploads\/sites\/17\/2024\/07\/favicon.png\",\"contentUrl\":\"https:\/\/www.manaus.am.gov.br\/semasc\/wp-content\/uploads\/sites\/17\/2024\/07\/favicon.png\",\"width\":300,\"height\":300,\"caption\":\"Prefeitura de Manaus\"},\"image\":{\"@id\":\"https:\/\/www.manaus.am.gov.br\/semasc\/#\/schema\/logo\/image\/\"},\"sameAs\":[\"https:\/\/www.facebook.com\/semascmanaus\",\"https:\/\/www.instagram.com\/semascmanaus\/\"]},{\"@type\":\"Person\",\"@id\":\"https:\/\/www.manaus.am.gov.br\/semasc\/#\/schema\/person\/d0a166b5031154c33c77794ddc9a827e\",\"name\":\"Cl\u00e1udia Barbosa\",\"image\":{\"@type\":\"ImageObject\",\"inLanguage\":\"pt-BR\",\"@id\":\"https:\/\/www.manaus.am.gov.br\/semasc\/#\/schema\/person\/image\/\",\"url\":\"https:\/\/secure.gravatar.com\/avatar\/42958a1cf007f1a00534009218c72590?s=96&d=mm&r=g\",\"contentUrl\":\"https:\/\/secure.gravatar.com\/avatar\/42958a1cf007f1a00534009218c72590?s=96&d=mm&r=g\",\"caption\":\"Cl\u00e1udia Barbosa\"}}]}<\/script>\n<!-- \/ Yoast SEO plugin. -->","yoast_head_json":{"title":"Prefeitura de Manaus capacita conselheiros tutelares para uso de sistema nacional de registro de informa\u00e7\u00f5es - SEMASC","description":"A Prefeitura de Manaus, por meio da Secretaria Municipal da Mulher, Assist\u00eancia Social e Cidadania (Semasc) realizou, nesta quinta-feira, 20\/7, uma oficina de capacita\u00e7\u00e3o com conselheiros tutelares da zona Norte 2, para o uso do Sistema de Informa\u00e7\u00e3o para a Inf\u00e2ncia e Adolesc\u00eancia (Sipia).","robots":{"index":"noindex","follow":"follow"},"og_locale":"pt_BR","og_type":"article","og_title":"Prefeitura de Manaus capacita conselheiros tutelares para uso de sistema nacional de registro de informa\u00e7\u00f5es - SEMASC","og_description":"A Prefeitura de Manaus, por meio da Secretaria Municipal da Mulher, Assist\u00eancia Social e Cidadania (Semasc) realizou, nesta quinta-feira, 20\/7, uma oficina de capacita\u00e7\u00e3o com conselheiros tutelares da zona Norte 2, para o uso do Sistema de Informa\u00e7\u00e3o para a Inf\u00e2ncia e Adolesc\u00eancia (Sipia).","og_url":"https:\/\/www.manaus.am.gov.br\/semasc\/prefeitura-de-manaus-capacita-conselheiros-tutelares-para-uso-de-sistema-nacional-de-registro-de-informacoes\/","og_site_name":"SEMASC","article_publisher":"https:\/\/www.facebook.com\/semascmanaus","article_published_time":"2023-07-20T19:01:35+00:00","article_modified_time":"2023-07-20T19:01:37+00:00","og_image":[{"width":1600,"height":1066,"url":"https:\/\/www.manaus.am.gov.br\/semasc\/wp-content\/uploads\/sites\/17\/2023\/07\/Capacitacao-3.jpeg","type":"image\/jpeg"}],"author":"Cl\u00e1udia Barbosa","twitter_card":"summary_large_image","twitter_misc":{"Written by":"Cl\u00e1udia Barbosa","Est. reading time":"4 minutos"},"schema":{"@context":"https:\/\/schema.org","@graph":[{"@type":"Article","@id":"https:\/\/www.manaus.am.gov.br\/semasc\/prefeitura-de-manaus-capacita-conselheiros-tutelares-para-uso-de-sistema-nacional-de-registro-de-informacoes\/#article","isPartOf":{"@id":"https:\/\/www.manaus.am.gov.br\/semasc\/prefeitura-de-manaus-capacita-conselheiros-tutelares-para-uso-de-sistema-nacional-de-registro-de-informacoes\/"},"author":{"name":"Cl\u00e1udia Barbosa","@id":"https:\/\/www.manaus.am.gov.br\/semasc\/#\/schema\/person\/d0a166b5031154c33c77794ddc9a827e"},"headline":"Prefeitura de Manaus capacita conselheiros tutelares para uso de sistema nacional de registro de informa\u00e7\u00f5es","datePublished":"2023-07-20T19:01:35+00:00","dateModified":"2023-07-20T19:01:37+00:00","mainEntityOfPage":{"@id":"https:\/\/www.manaus.am.gov.br\/semasc\/prefeitura-de-manaus-capacita-conselheiros-tutelares-para-uso-de-sistema-nacional-de-registro-de-informacoes\/"},"wordCount":752,"publisher":{"@id":"https:\/\/www.manaus.am.gov.br\/semasc\/#organization"},"image":{"@id":"https:\/\/www.manaus.am.gov.br\/semasc\/prefeitura-de-manaus-capacita-conselheiros-tutelares-para-uso-de-sistema-nacional-de-registro-de-informacoes\/#primaryimage"},"thumbnailUrl":"https:\/\/www.manaus.am.gov.br\/semasc\/wp-content\/uploads\/sites\/17\/2023\/07\/Capacitacao-3.jpeg","keywords":["capacita\u00e7\u00e3o","conselheiros tutelares","Conselho Tutelar","Haid\u00eae Maria Chacon","prefeitura de manaus","Semad","Semasc","Sipia","Sistema de Informa\u00e7\u00e3o para a Inf\u00e2ncia e Adolesc\u00eancia","Socorro Cavalcante"],"articleSection":["Oficina"],"inLanguage":"pt-BR"},{"@type":"WebPage","@id":"https:\/\/www.manaus.am.gov.br\/semasc\/prefeitura-de-manaus-capacita-conselheiros-tutelares-para-uso-de-sistema-nacional-de-registro-de-informacoes\/","url":"https:\/\/www.manaus.am.gov.br\/semasc\/prefeitura-de-manaus-capacita-conselheiros-tutelares-para-uso-de-sistema-nacional-de-registro-de-informacoes\/","name":"Prefeitura de Manaus capacita conselheiros tutelares para uso de sistema nacional de registro de informa\u00e7\u00f5es - SEMASC","isPartOf":{"@id":"https:\/\/www.manaus.am.gov.br\/semasc\/#website"},"primaryImageOfPage":{"@id":"https:\/\/www.manaus.am.gov.br\/semasc\/prefeitura-de-manaus-capacita-conselheiros-tutelares-para-uso-de-sistema-nacional-de-registro-de-informacoes\/#primaryimage"},"image":{"@id":"https:\/\/www.manaus.am.gov.br\/semasc\/prefeitura-de-manaus-capacita-conselheiros-tutelares-para-uso-de-sistema-nacional-de-registro-de-informacoes\/#primaryimage"},"thumbnailUrl":"https:\/\/www.manaus.am.gov.br\/semasc\/wp-content\/uploads\/sites\/17\/2023\/07\/Capacitacao-3.jpeg","datePublished":"2023-07-20T19:01:35+00:00","dateModified":"2023-07-20T19:01:37+00:00","description":"A Prefeitura de Manaus, por meio da Secretaria Municipal da Mulher, Assist\u00eancia Social e Cidadania (Semasc) realizou, nesta quinta-feira, 20\/7, uma oficina de capacita\u00e7\u00e3o com conselheiros tutelares da zona Norte 2, para o uso do Sistema de Informa\u00e7\u00e3o para a Inf\u00e2ncia e Adolesc\u00eancia (Sipia).","breadcrumb":{"@id":"https:\/\/www.manaus.am.gov.br\/semasc\/prefeitura-de-manaus-capacita-conselheiros-tutelares-para-uso-de-sistema-nacional-de-registro-de-informacoes\/#breadcrumb"},"inLanguage":"pt-BR","potentialAction":[{"@type":"ReadAction","target":["https:\/\/www.manaus.am.gov.br\/semasc\/prefeitura-de-manaus-capacita-conselheiros-tutelares-para-uso-de-sistema-nacional-de-registro-de-informacoes\/"]}]},{"@type":"ImageObject","inLanguage":"pt-BR","@id":"https:\/\/www.manaus.am.gov.br\/semasc\/prefeitura-de-manaus-capacita-conselheiros-tutelares-para-uso-de-sistema-nacional-de-registro-de-informacoes\/#primaryimage","url":"https:\/\/www.manaus.am.gov.br\/semasc\/wp-content\/uploads\/sites\/17\/2023\/07\/Capacitacao-3.jpeg","contentUrl":"https:\/\/www.manaus.am.gov.br\/semasc\/wp-content\/uploads\/sites\/17\/2023\/07\/Capacitacao-3.jpeg","width":1600,"height":1066},{"@type":"BreadcrumbList","@id":"https:\/\/www.manaus.am.gov.br\/semasc\/prefeitura-de-manaus-capacita-conselheiros-tutelares-para-uso-de-sistema-nacional-de-registro-de-informacoes\/#breadcrumb","itemListElement":[{"@type":"ListItem","position":1,"name":"Home","item":"https:\/\/www.manaus.am.gov.br\/semasc\/"},{"@type":"ListItem","position":2,"name":"Prefeitura de Manaus capacita conselheiros tutelares para uso de sistema nacional de registro de informa\u00e7\u00f5es"}]},{"@type":"WebSite","@id":"https:\/\/www.manaus.am.gov.br\/semasc\/#website","url":"https:\/\/www.manaus.am.gov.br\/semasc\/","name":"SEMASC","description":"Secretaria Municipal da Mulher, Assist\u00eancia Social e Cidadania.","publisher":{"@id":"https:\/\/www.manaus.am.gov.br\/semasc\/#organization"},"alternateName":"Secretaria Municipal da Mulher, Assist\u00eancia Social e Cidadania","potentialAction":[{"@type":"SearchAction","target":{"@type":"EntryPoint","urlTemplate":"https:\/\/www.manaus.am.gov.br\/semasc\/?s={search_term_string}"},"query-input":"required name=search_term_string"}],"inLanguage":"pt-BR"},{"@type":"Organization","@id":"https:\/\/www.manaus.am.gov.br\/semasc\/#organization","name":"Prefeitura de Manaus","alternateName":"Prefeitura Municipal de Manaus","url":"https:\/\/www.manaus.am.gov.br\/semasc\/","logo":{"@type":"ImageObject","inLanguage":"pt-BR","@id":"https:\/\/www.manaus.am.gov.br\/semasc\/#\/schema\/logo\/image\/","url":"https:\/\/www.manaus.am.gov.br\/semasc\/wp-content\/uploads\/sites\/17\/2024\/07\/favicon.png","contentUrl":"https:\/\/www.manaus.am.gov.br\/semasc\/wp-content\/uploads\/sites\/17\/2024\/07\/favicon.png","width":300,"height":300,"caption":"Prefeitura de Manaus"},"image":{"@id":"https:\/\/www.manaus.am.gov.br\/semasc\/#\/schema\/logo\/image\/"},"sameAs":["https:\/\/www.facebook.com\/semascmanaus","https:\/\/www.instagram.com\/semascmanaus\/"]},{"@type":"Person","@id":"https:\/\/www.manaus.am.gov.br\/semasc\/#\/schema\/person\/d0a166b5031154c33c77794ddc9a827e","name":"Cl\u00e1udia Barbosa","image":{"@type":"ImageObject","inLanguage":"pt-BR","@id":"https:\/\/www.manaus.am.gov.br\/semasc\/#\/schema\/person\/image\/","url":"https:\/\/secure.gravatar.com\/avatar\/42958a1cf007f1a00534009218c72590?s=96&d=mm&r=g","contentUrl":"https:\/\/secure.gravatar.com\/avatar\/42958a1cf007f1a00534009218c72590?s=96&d=mm&r=g","caption":"Cl\u00e1udia Barbosa"}}]}},"_links":{"self":[{"href":"https:\/\/www.manaus.am.gov.br\/semasc\/wp-json\/wp\/v2\/posts\/207998"}],"collection":[{"href":"https:\/\/www.manaus.am.gov.br\/semasc\/wp-json\/wp\/v2\/posts"}],"about":[{"href":"https:\/\/www.manaus.am.gov.br\/semasc\/wp-json\/wp\/v2\/types\/post"}],"author":[{"embeddable":true,"href":"https:\/\/www.manaus.am.gov.br\/semasc\/wp-json\/wp\/v2\/users\/24"}],"replies":[{"embeddable":true,"href":"https:\/\/www.manaus.am.gov.br\/semasc\/wp-json\/wp\/v2\/comments?post=207998"}],"version-history":[{"count":0,"href":"https:\/\/www.manaus.am.gov.br\/semasc\/wp-json\/wp\/v2\/posts\/207998\/revisions"}],"wp:featuredmedia":[{"embeddable":true,"href":"https:\/\/www.manaus.am.gov.br\/semasc\/wp-json\/wp\/v2\/media\/207999"}],"wp:attachment":[{"href":"https:\/\/www.manaus.am.gov.br\/semasc\/wp-json\/wp\/v2\/media?parent=207998"}],"wp:term":[{"taxonomy":"category","embeddable":true,"href":"https:\/\/www.manaus.am.gov.br\/semasc\/wp-json\/wp\/v2\/categories?post=207998"},{"taxonomy":"post_tag","embeddable":true,"href":"https:\/\/www.manaus.am.gov.br\/semasc\/wp-json\/wp\/v2\/tags?post=207998"}],"curies":[{"name":"wp","href":"https:\/\/api.w.org\/{rel}","templated":true}]}}