{"id":207809,"date":"2023-07-18T13:26:59","date_gmt":"2023-07-18T17:26:59","guid":{"rendered":"https:\/\/www.manaus.am.gov.br\/semasc\/prefeitura-de-manaus-realiza-gincana-alusiva-aos-33-anos-do-eca-com-jovens-da-zona-leste\/"},"modified":"2023-07-18T13:27:00","modified_gmt":"2023-07-18T17:27:00","slug":"prefeitura-de-manaus-realiza-gincana-alusiva-aos-33-anos-do-eca-com-jovens-da-zona-leste","status":"publish","type":"post","link":"https:\/\/www.manaus.am.gov.br\/semasc\/prefeitura-de-manaus-realiza-gincana-alusiva-aos-33-anos-do-eca-com-jovens-da-zona-leste\/","title":{"rendered":"<strong>Prefeitura de Manaus realiza gincana alusiva aos 33 anos do ECA com jovens da zona Leste<\/strong>"},"content":{"rendered":"\n<p>A Prefeitura de Manaus, por meio da Secretaria Municipal de Manaus, Assist\u00eancia Social e Cidadania (Semasc), realizou, nesta ter\u00e7a-feira, 18\/7, uma gincana educativa com crian\u00e7as atendidas pelo Centro de Refer\u00eancia de Assist\u00eancia Social (Creas) Col\u00f4nia Ant\u00f4nio Aleixo, localizado na rua Raul Ribeiro, s\/n\u00ba, comunidade 11 de Maio, na zona Leste 2.<\/p>\n\n\n\n<p>Alusiva aos 33 anos de cria\u00e7\u00e3o do Estatuto da Crian\u00e7a e do Adolescente (ECA), a gincana contou com a participa\u00e7\u00e3o de 20 crian\u00e7as, entre 6 e 12 anos, que s\u00e3o acompanhadas pelo Servi\u00e7o de Conviv\u00eancia e Fortalecimento de V\u00ednculos (SCFV). Amanda Contente, que \u00e9 coordenadora do Cras, ressaltou que a iniciativa tem como objetivo incentivar, sensibilizar e ensinar esses jovens \u00a0sobre os seus direitos e deveres.<\/p>\n\n\n\n<p>\u201cEssa programa\u00e7\u00e3o de hoje \u00e9 voltada para uma din\u00e2mica de perguntas e respostas onde eles ter\u00e3o que acertar, valendo brindes, e no fim tivemos um lanche. Esperamos que com essa atividade eles consigam ter mais propriedade sobre o assunto que foi trabalhado com eles durante todo o m\u00eas de julho\u201d, ressaltou.<\/p>\n\n\n\n<p>A oferta dessas atividades alegra o cora\u00e7\u00e3o dos pais desses jovens, que reconhecem a import\u00e2ncia de iniciativas como esta. \u00c9 o caso da aut\u00f4noma Chaiane Freitas, de 33 anos, m\u00e3e do Eric, de 12 anos, um dos participantes da gincana.<\/p>\n\n\n\n<p>\u201cMeu filho gosta muito de vir aqui para o Cras. Tamb\u00e9m fico feliz ao ver a alegria das crian\u00e7as, pois muitos que n\u00e3o t\u00eam atividades assim, n\u00e3o t\u00eam outro recurso, ent\u00e3o acabam procurando a marginalidade. Gra\u00e7as a Deus eu me sinto feliz por termos esses projetos do Cras, me sinto acolhida, achei muito bom isso\u201d, afirmou.<\/p>\n\n\n\n<p>Al\u00e9m disso, Chaiane tamb\u00e9m elogiou o trabalho feito pelo equipamento socioassistencial da Semasc. \u201cAs atividades promovidas pelo Cras s\u00e3o muito boas, fazia tempo que n\u00e3o havia esses projetos aqui. Faz bem at\u00e9 mesmo para n\u00f3s que somos m\u00e3es. \u00c0s vezes, tamb\u00e9m participamos das atividades e elas nos ajudam na quest\u00e3o da uni\u00e3o com os nossos filhos. Gosto muito da equipe aqui do Cras Col\u00f4nia Ant\u00f4nio Aleixo, \u00e9 uma equipe de excel\u00eancia, est\u00e3o de parab\u00e9ns\u201d, ressaltou.<\/p>\n\n\n\n<p>&#8212; &#8212; &#8212;<\/p>\n\n\n\n<p><strong>Texto &#8211;&nbsp;<\/strong>Jackeline Lima \/ Semasc<\/p>\n\n\n\n<p><strong>Fotos &#8211;&nbsp;<\/strong>Marcely Gomes \/ Semasc<\/p>\n","protected":false},"excerpt":{"rendered":"","protected":false},"author":24,"featured_media":207810,"comment_status":"closed","ping_status":"closed","sticky":false,"template":"","format":"standard","meta":{"footnotes":""},"categories":[131],"tags":[222,223,57,224,225,226,227,7,18],"acf":[],"yoast_head":"<!-- This site is optimized with the Yoast SEO plugin v23.0 - https:\/\/yoast.com\/wordpress\/plugins\/seo\/ -->\n<title>Prefeitura de Manaus realiza gincana alusiva aos 33 anos do ECA com jovens da zona Leste - SEMASC<\/title>\n<meta name=\"description\" content=\"A Prefeitura de Manaus, por meio da Secretaria Municipal de Manaus, Assist\u00eancia Social e Cidadania (Semasc), realizou, nesta ter\u00e7a-feira, 18\/7, uma gincana educativa com crian\u00e7as atendidas pelo Centro de Refer\u00eancia de Assist\u00eancia Social (Cras) Col\u00f4nia Ant\u00f4nio Aleixo, localizado na rua Raul Ribeiro, s\/n\u00ba, comunidade 11 de Maio, na zona Leste 2.\" \/>\n<meta name=\"robots\" content=\"noindex, follow\" \/>\n<meta property=\"og:locale\" content=\"pt_BR\" \/>\n<meta property=\"og:type\" content=\"article\" \/>\n<meta property=\"og:title\" content=\"Prefeitura de Manaus realiza gincana alusiva aos 33 anos do ECA com jovens da zona Leste - SEMASC\" \/>\n<meta property=\"og:description\" content=\"A Prefeitura de Manaus, por meio da Secretaria Municipal de Manaus, Assist\u00eancia Social e Cidadania (Semasc), realizou, nesta ter\u00e7a-feira, 18\/7, uma gincana educativa com crian\u00e7as atendidas pelo Centro de Refer\u00eancia de Assist\u00eancia Social (Cras) Col\u00f4nia Ant\u00f4nio Aleixo, localizado na rua Raul Ribeiro, s\/n\u00ba, comunidade 11 de Maio, na zona Leste 2.\" \/>\n<meta property=\"og:url\" content=\"https:\/\/www.manaus.am.gov.br\/semasc\/prefeitura-de-manaus-realiza-gincana-alusiva-aos-33-anos-do-eca-com-jovens-da-zona-leste\/\" \/>\n<meta property=\"og:site_name\" content=\"SEMASC\" \/>\n<meta property=\"article:publisher\" content=\"https:\/\/www.facebook.com\/semascmanaus\" \/>\n<meta property=\"article:published_time\" content=\"2023-07-18T17:26:59+00:00\" \/>\n<meta property=\"article:modified_time\" content=\"2023-07-18T17:27:00+00:00\" \/>\n<meta property=\"og:image\" content=\"https:\/\/www.manaus.am.gov.br\/semasc\/wp-content\/uploads\/sites\/17\/2023\/07\/Prefeitura-de-Manaus-realiza-gincana-alusiva-aos-33-anos-do-ECA-com-jovens-da-zona-Leste-1.jpeg\" \/>\n\t<meta property=\"og:image:width\" content=\"1600\" \/>\n\t<meta property=\"og:image:height\" content=\"1032\" \/>\n\t<meta property=\"og:image:type\" content=\"image\/jpeg\" \/>\n<meta name=\"author\" content=\"Cl\u00e1udia Barbosa\" \/>\n<meta name=\"twitter:card\" content=\"summary_large_image\" \/>\n<meta name=\"twitter:label1\" content=\"Written by\" \/>\n\t<meta name=\"twitter:data1\" content=\"Cl\u00e1udia Barbosa\" \/>\n\t<meta name=\"twitter:label2\" content=\"Est. reading time\" \/>\n\t<meta name=\"twitter:data2\" content=\"2 minutos\" \/>\n<script type=\"application\/ld+json\" class=\"yoast-schema-graph\">{\"@context\":\"https:\/\/schema.org\",\"@graph\":[{\"@type\":\"Article\",\"@id\":\"https:\/\/www.manaus.am.gov.br\/semasc\/prefeitura-de-manaus-realiza-gincana-alusiva-aos-33-anos-do-eca-com-jovens-da-zona-leste\/#article\",\"isPartOf\":{\"@id\":\"https:\/\/www.manaus.am.gov.br\/semasc\/prefeitura-de-manaus-realiza-gincana-alusiva-aos-33-anos-do-eca-com-jovens-da-zona-leste\/\"},\"author\":{\"name\":\"Cl\u00e1udia Barbosa\",\"@id\":\"https:\/\/www.manaus.am.gov.br\/semasc\/#\/schema\/person\/d0a166b5031154c33c77794ddc9a827e\"},\"headline\":\"Prefeitura de Manaus realiza gincana alusiva aos 33 anos do ECA com jovens da zona Leste\",\"datePublished\":\"2023-07-18T17:26:59+00:00\",\"dateModified\":\"2023-07-18T17:27:00+00:00\",\"mainEntityOfPage\":{\"@id\":\"https:\/\/www.manaus.am.gov.br\/semasc\/prefeitura-de-manaus-realiza-gincana-alusiva-aos-33-anos-do-eca-com-jovens-da-zona-leste\/\"},\"wordCount\":402,\"publisher\":{\"@id\":\"https:\/\/www.manaus.am.gov.br\/semasc\/#organization\"},\"image\":{\"@id\":\"https:\/\/www.manaus.am.gov.br\/semasc\/prefeitura-de-manaus-realiza-gincana-alusiva-aos-33-anos-do-eca-com-jovens-da-zona-leste\/#primaryimage\"},\"thumbnailUrl\":\"https:\/\/www.manaus.am.gov.br\/semasc\/wp-content\/uploads\/sites\/17\/2023\/07\/Prefeitura-de-Manaus-realiza-gincana-alusiva-aos-33-anos-do-ECA-com-jovens-da-zona-Leste-1.jpeg\",\"keywords\":[\"Amanda Contente\",\"Centro de Refer\u00eancia de Assist\u00eancia Social\",\"Creas\",\"crian\u00e7as\",\"ECA\",\"Estatuto da Crian\u00e7a e do Adolescente\",\"gincana educativa\",\"prefeitura de manaus\",\"Semasc\"],\"articleSection\":[\"A\u00e7\u00e3o\"],\"inLanguage\":\"pt-BR\"},{\"@type\":\"WebPage\",\"@id\":\"https:\/\/www.manaus.am.gov.br\/semasc\/prefeitura-de-manaus-realiza-gincana-alusiva-aos-33-anos-do-eca-com-jovens-da-zona-leste\/\",\"url\":\"https:\/\/www.manaus.am.gov.br\/semasc\/prefeitura-de-manaus-realiza-gincana-alusiva-aos-33-anos-do-eca-com-jovens-da-zona-leste\/\",\"name\":\"Prefeitura de Manaus realiza gincana alusiva aos 33 anos do ECA com jovens da zona Leste - SEMASC\",\"isPartOf\":{\"@id\":\"https:\/\/www.manaus.am.gov.br\/semasc\/#website\"},\"primaryImageOfPage\":{\"@id\":\"https:\/\/www.manaus.am.gov.br\/semasc\/prefeitura-de-manaus-realiza-gincana-alusiva-aos-33-anos-do-eca-com-jovens-da-zona-leste\/#primaryimage\"},\"image\":{\"@id\":\"https:\/\/www.manaus.am.gov.br\/semasc\/prefeitura-de-manaus-realiza-gincana-alusiva-aos-33-anos-do-eca-com-jovens-da-zona-leste\/#primaryimage\"},\"thumbnailUrl\":\"https:\/\/www.manaus.am.gov.br\/semasc\/wp-content\/uploads\/sites\/17\/2023\/07\/Prefeitura-de-Manaus-realiza-gincana-alusiva-aos-33-anos-do-ECA-com-jovens-da-zona-Leste-1.jpeg\",\"datePublished\":\"2023-07-18T17:26:59+00:00\",\"dateModified\":\"2023-07-18T17:27:00+00:00\",\"description\":\"A Prefeitura de Manaus, por meio da Secretaria Municipal de Manaus, Assist\u00eancia Social e Cidadania (Semasc), realizou, nesta ter\u00e7a-feira, 18\/7, uma gincana educativa com crian\u00e7as atendidas pelo Centro de Refer\u00eancia de Assist\u00eancia Social (Cras) Col\u00f4nia Ant\u00f4nio Aleixo, localizado na rua Raul Ribeiro, s\/n\u00ba, comunidade 11 de Maio, na zona Leste 2.\",\"breadcrumb\":{\"@id\":\"https:\/\/www.manaus.am.gov.br\/semasc\/prefeitura-de-manaus-realiza-gincana-alusiva-aos-33-anos-do-eca-com-jovens-da-zona-leste\/#breadcrumb\"},\"inLanguage\":\"pt-BR\",\"potentialAction\":[{\"@type\":\"ReadAction\",\"target\":[\"https:\/\/www.manaus.am.gov.br\/semasc\/prefeitura-de-manaus-realiza-gincana-alusiva-aos-33-anos-do-eca-com-jovens-da-zona-leste\/\"]}]},{\"@type\":\"ImageObject\",\"inLanguage\":\"pt-BR\",\"@id\":\"https:\/\/www.manaus.am.gov.br\/semasc\/prefeitura-de-manaus-realiza-gincana-alusiva-aos-33-anos-do-eca-com-jovens-da-zona-leste\/#primaryimage\",\"url\":\"https:\/\/www.manaus.am.gov.br\/semasc\/wp-content\/uploads\/sites\/17\/2023\/07\/Prefeitura-de-Manaus-realiza-gincana-alusiva-aos-33-anos-do-ECA-com-jovens-da-zona-Leste-1.jpeg\",\"contentUrl\":\"https:\/\/www.manaus.am.gov.br\/semasc\/wp-content\/uploads\/sites\/17\/2023\/07\/Prefeitura-de-Manaus-realiza-gincana-alusiva-aos-33-anos-do-ECA-com-jovens-da-zona-Leste-1.jpeg\",\"width\":1600,\"height\":1032},{\"@type\":\"BreadcrumbList\",\"@id\":\"https:\/\/www.manaus.am.gov.br\/semasc\/prefeitura-de-manaus-realiza-gincana-alusiva-aos-33-anos-do-eca-com-jovens-da-zona-leste\/#breadcrumb\",\"itemListElement\":[{\"@type\":\"ListItem\",\"position\":1,\"name\":\"Home\",\"item\":\"https:\/\/www.manaus.am.gov.br\/semasc\/\"},{\"@type\":\"ListItem\",\"position\":2,\"name\":\"Prefeitura de Manaus realiza gincana alusiva aos 33 anos do ECA com jovens da zona Leste\"}]},{\"@type\":\"WebSite\",\"@id\":\"https:\/\/www.manaus.am.gov.br\/semasc\/#website\",\"url\":\"https:\/\/www.manaus.am.gov.br\/semasc\/\",\"name\":\"SEMASC\",\"description\":\"Secretaria Municipal da Mulher, Assist\u00eancia Social e Cidadania.\",\"publisher\":{\"@id\":\"https:\/\/www.manaus.am.gov.br\/semasc\/#organization\"},\"alternateName\":\"Secretaria Municipal da Mulher, Assist\u00eancia Social e Cidadania\",\"potentialAction\":[{\"@type\":\"SearchAction\",\"target\":{\"@type\":\"EntryPoint\",\"urlTemplate\":\"https:\/\/www.manaus.am.gov.br\/semasc\/?s={search_term_string}\"},\"query-input\":\"required name=search_term_string\"}],\"inLanguage\":\"pt-BR\"},{\"@type\":\"Organization\",\"@id\":\"https:\/\/www.manaus.am.gov.br\/semasc\/#organization\",\"name\":\"Prefeitura de Manaus\",\"alternateName\":\"Prefeitura Municipal de Manaus\",\"url\":\"https:\/\/www.manaus.am.gov.br\/semasc\/\",\"logo\":{\"@type\":\"ImageObject\",\"inLanguage\":\"pt-BR\",\"@id\":\"https:\/\/www.manaus.am.gov.br\/semasc\/#\/schema\/logo\/image\/\",\"url\":\"https:\/\/www.manaus.am.gov.br\/semasc\/wp-content\/uploads\/sites\/17\/2024\/07\/favicon.png\",\"contentUrl\":\"https:\/\/www.manaus.am.gov.br\/semasc\/wp-content\/uploads\/sites\/17\/2024\/07\/favicon.png\",\"width\":300,\"height\":300,\"caption\":\"Prefeitura de Manaus\"},\"image\":{\"@id\":\"https:\/\/www.manaus.am.gov.br\/semasc\/#\/schema\/logo\/image\/\"},\"sameAs\":[\"https:\/\/www.facebook.com\/semascmanaus\",\"https:\/\/www.instagram.com\/semascmanaus\/\"]},{\"@type\":\"Person\",\"@id\":\"https:\/\/www.manaus.am.gov.br\/semasc\/#\/schema\/person\/d0a166b5031154c33c77794ddc9a827e\",\"name\":\"Cl\u00e1udia Barbosa\",\"image\":{\"@type\":\"ImageObject\",\"inLanguage\":\"pt-BR\",\"@id\":\"https:\/\/www.manaus.am.gov.br\/semasc\/#\/schema\/person\/image\/\",\"url\":\"https:\/\/secure.gravatar.com\/avatar\/42958a1cf007f1a00534009218c72590?s=96&d=mm&r=g\",\"contentUrl\":\"https:\/\/secure.gravatar.com\/avatar\/42958a1cf007f1a00534009218c72590?s=96&d=mm&r=g\",\"caption\":\"Cl\u00e1udia Barbosa\"}}]}<\/script>\n<!-- \/ Yoast SEO plugin. -->","yoast_head_json":{"title":"Prefeitura de Manaus realiza gincana alusiva aos 33 anos do ECA com jovens da zona Leste - SEMASC","description":"A Prefeitura de Manaus, por meio da Secretaria Municipal de Manaus, Assist\u00eancia Social e Cidadania (Semasc), realizou, nesta ter\u00e7a-feira, 18\/7, uma gincana educativa com crian\u00e7as atendidas pelo Centro de Refer\u00eancia de Assist\u00eancia Social (Cras) Col\u00f4nia Ant\u00f4nio Aleixo, localizado na rua Raul Ribeiro, s\/n\u00ba, comunidade 11 de Maio, na zona Leste 2.","robots":{"index":"noindex","follow":"follow"},"og_locale":"pt_BR","og_type":"article","og_title":"Prefeitura de Manaus realiza gincana alusiva aos 33 anos do ECA com jovens da zona Leste - SEMASC","og_description":"A Prefeitura de Manaus, por meio da Secretaria Municipal de Manaus, Assist\u00eancia Social e Cidadania (Semasc), realizou, nesta ter\u00e7a-feira, 18\/7, uma gincana educativa com crian\u00e7as atendidas pelo Centro de Refer\u00eancia de Assist\u00eancia Social (Cras) Col\u00f4nia Ant\u00f4nio Aleixo, localizado na rua Raul Ribeiro, s\/n\u00ba, comunidade 11 de Maio, na zona Leste 2.","og_url":"https:\/\/www.manaus.am.gov.br\/semasc\/prefeitura-de-manaus-realiza-gincana-alusiva-aos-33-anos-do-eca-com-jovens-da-zona-leste\/","og_site_name":"SEMASC","article_publisher":"https:\/\/www.facebook.com\/semascmanaus","article_published_time":"2023-07-18T17:26:59+00:00","article_modified_time":"2023-07-18T17:27:00+00:00","og_image":[{"width":1600,"height":1032,"url":"https:\/\/www.manaus.am.gov.br\/semasc\/wp-content\/uploads\/sites\/17\/2023\/07\/Prefeitura-de-Manaus-realiza-gincana-alusiva-aos-33-anos-do-ECA-com-jovens-da-zona-Leste-1.jpeg","type":"image\/jpeg"}],"author":"Cl\u00e1udia Barbosa","twitter_card":"summary_large_image","twitter_misc":{"Written by":"Cl\u00e1udia Barbosa","Est. reading time":"2 minutos"},"schema":{"@context":"https:\/\/schema.org","@graph":[{"@type":"Article","@id":"https:\/\/www.manaus.am.gov.br\/semasc\/prefeitura-de-manaus-realiza-gincana-alusiva-aos-33-anos-do-eca-com-jovens-da-zona-leste\/#article","isPartOf":{"@id":"https:\/\/www.manaus.am.gov.br\/semasc\/prefeitura-de-manaus-realiza-gincana-alusiva-aos-33-anos-do-eca-com-jovens-da-zona-leste\/"},"author":{"name":"Cl\u00e1udia Barbosa","@id":"https:\/\/www.manaus.am.gov.br\/semasc\/#\/schema\/person\/d0a166b5031154c33c77794ddc9a827e"},"headline":"Prefeitura de Manaus realiza gincana alusiva aos 33 anos do ECA com jovens da zona Leste","datePublished":"2023-07-18T17:26:59+00:00","dateModified":"2023-07-18T17:27:00+00:00","mainEntityOfPage":{"@id":"https:\/\/www.manaus.am.gov.br\/semasc\/prefeitura-de-manaus-realiza-gincana-alusiva-aos-33-anos-do-eca-com-jovens-da-zona-leste\/"},"wordCount":402,"publisher":{"@id":"https:\/\/www.manaus.am.gov.br\/semasc\/#organization"},"image":{"@id":"https:\/\/www.manaus.am.gov.br\/semasc\/prefeitura-de-manaus-realiza-gincana-alusiva-aos-33-anos-do-eca-com-jovens-da-zona-leste\/#primaryimage"},"thumbnailUrl":"https:\/\/www.manaus.am.gov.br\/semasc\/wp-content\/uploads\/sites\/17\/2023\/07\/Prefeitura-de-Manaus-realiza-gincana-alusiva-aos-33-anos-do-ECA-com-jovens-da-zona-Leste-1.jpeg","keywords":["Amanda Contente","Centro de Refer\u00eancia de Assist\u00eancia Social","Creas","crian\u00e7as","ECA","Estatuto da Crian\u00e7a e do Adolescente","gincana educativa","prefeitura de manaus","Semasc"],"articleSection":["A\u00e7\u00e3o"],"inLanguage":"pt-BR"},{"@type":"WebPage","@id":"https:\/\/www.manaus.am.gov.br\/semasc\/prefeitura-de-manaus-realiza-gincana-alusiva-aos-33-anos-do-eca-com-jovens-da-zona-leste\/","url":"https:\/\/www.manaus.am.gov.br\/semasc\/prefeitura-de-manaus-realiza-gincana-alusiva-aos-33-anos-do-eca-com-jovens-da-zona-leste\/","name":"Prefeitura de Manaus realiza gincana alusiva aos 33 anos do ECA com jovens da zona Leste - SEMASC","isPartOf":{"@id":"https:\/\/www.manaus.am.gov.br\/semasc\/#website"},"primaryImageOfPage":{"@id":"https:\/\/www.manaus.am.gov.br\/semasc\/prefeitura-de-manaus-realiza-gincana-alusiva-aos-33-anos-do-eca-com-jovens-da-zona-leste\/#primaryimage"},"image":{"@id":"https:\/\/www.manaus.am.gov.br\/semasc\/prefeitura-de-manaus-realiza-gincana-alusiva-aos-33-anos-do-eca-com-jovens-da-zona-leste\/#primaryimage"},"thumbnailUrl":"https:\/\/www.manaus.am.gov.br\/semasc\/wp-content\/uploads\/sites\/17\/2023\/07\/Prefeitura-de-Manaus-realiza-gincana-alusiva-aos-33-anos-do-ECA-com-jovens-da-zona-Leste-1.jpeg","datePublished":"2023-07-18T17:26:59+00:00","dateModified":"2023-07-18T17:27:00+00:00","description":"A Prefeitura de Manaus, por meio da Secretaria Municipal de Manaus, Assist\u00eancia Social e Cidadania (Semasc), realizou, nesta ter\u00e7a-feira, 18\/7, uma gincana educativa com crian\u00e7as atendidas pelo Centro de Refer\u00eancia de Assist\u00eancia Social (Cras) Col\u00f4nia Ant\u00f4nio Aleixo, localizado na rua Raul Ribeiro, s\/n\u00ba, comunidade 11 de Maio, na zona Leste 2.","breadcrumb":{"@id":"https:\/\/www.manaus.am.gov.br\/semasc\/prefeitura-de-manaus-realiza-gincana-alusiva-aos-33-anos-do-eca-com-jovens-da-zona-leste\/#breadcrumb"},"inLanguage":"pt-BR","potentialAction":[{"@type":"ReadAction","target":["https:\/\/www.manaus.am.gov.br\/semasc\/prefeitura-de-manaus-realiza-gincana-alusiva-aos-33-anos-do-eca-com-jovens-da-zona-leste\/"]}]},{"@type":"ImageObject","inLanguage":"pt-BR","@id":"https:\/\/www.manaus.am.gov.br\/semasc\/prefeitura-de-manaus-realiza-gincana-alusiva-aos-33-anos-do-eca-com-jovens-da-zona-leste\/#primaryimage","url":"https:\/\/www.manaus.am.gov.br\/semasc\/wp-content\/uploads\/sites\/17\/2023\/07\/Prefeitura-de-Manaus-realiza-gincana-alusiva-aos-33-anos-do-ECA-com-jovens-da-zona-Leste-1.jpeg","contentUrl":"https:\/\/www.manaus.am.gov.br\/semasc\/wp-content\/uploads\/sites\/17\/2023\/07\/Prefeitura-de-Manaus-realiza-gincana-alusiva-aos-33-anos-do-ECA-com-jovens-da-zona-Leste-1.jpeg","width":1600,"height":1032},{"@type":"BreadcrumbList","@id":"https:\/\/www.manaus.am.gov.br\/semasc\/prefeitura-de-manaus-realiza-gincana-alusiva-aos-33-anos-do-eca-com-jovens-da-zona-leste\/#breadcrumb","itemListElement":[{"@type":"ListItem","position":1,"name":"Home","item":"https:\/\/www.manaus.am.gov.br\/semasc\/"},{"@type":"ListItem","position":2,"name":"Prefeitura de Manaus realiza gincana alusiva aos 33 anos do ECA com jovens da zona Leste"}]},{"@type":"WebSite","@id":"https:\/\/www.manaus.am.gov.br\/semasc\/#website","url":"https:\/\/www.manaus.am.gov.br\/semasc\/","name":"SEMASC","description":"Secretaria Municipal da Mulher, Assist\u00eancia Social e Cidadania.","publisher":{"@id":"https:\/\/www.manaus.am.gov.br\/semasc\/#organization"},"alternateName":"Secretaria Municipal da Mulher, Assist\u00eancia Social e Cidadania","potentialAction":[{"@type":"SearchAction","target":{"@type":"EntryPoint","urlTemplate":"https:\/\/www.manaus.am.gov.br\/semasc\/?s={search_term_string}"},"query-input":"required name=search_term_string"}],"inLanguage":"pt-BR"},{"@type":"Organization","@id":"https:\/\/www.manaus.am.gov.br\/semasc\/#organization","name":"Prefeitura de Manaus","alternateName":"Prefeitura Municipal de Manaus","url":"https:\/\/www.manaus.am.gov.br\/semasc\/","logo":{"@type":"ImageObject","inLanguage":"pt-BR","@id":"https:\/\/www.manaus.am.gov.br\/semasc\/#\/schema\/logo\/image\/","url":"https:\/\/www.manaus.am.gov.br\/semasc\/wp-content\/uploads\/sites\/17\/2024\/07\/favicon.png","contentUrl":"https:\/\/www.manaus.am.gov.br\/semasc\/wp-content\/uploads\/sites\/17\/2024\/07\/favicon.png","width":300,"height":300,"caption":"Prefeitura de Manaus"},"image":{"@id":"https:\/\/www.manaus.am.gov.br\/semasc\/#\/schema\/logo\/image\/"},"sameAs":["https:\/\/www.facebook.com\/semascmanaus","https:\/\/www.instagram.com\/semascmanaus\/"]},{"@type":"Person","@id":"https:\/\/www.manaus.am.gov.br\/semasc\/#\/schema\/person\/d0a166b5031154c33c77794ddc9a827e","name":"Cl\u00e1udia Barbosa","image":{"@type":"ImageObject","inLanguage":"pt-BR","@id":"https:\/\/www.manaus.am.gov.br\/semasc\/#\/schema\/person\/image\/","url":"https:\/\/secure.gravatar.com\/avatar\/42958a1cf007f1a00534009218c72590?s=96&d=mm&r=g","contentUrl":"https:\/\/secure.gravatar.com\/avatar\/42958a1cf007f1a00534009218c72590?s=96&d=mm&r=g","caption":"Cl\u00e1udia Barbosa"}}]}},"_links":{"self":[{"href":"https:\/\/www.manaus.am.gov.br\/semasc\/wp-json\/wp\/v2\/posts\/207809"}],"collection":[{"href":"https:\/\/www.manaus.am.gov.br\/semasc\/wp-json\/wp\/v2\/posts"}],"about":[{"href":"https:\/\/www.manaus.am.gov.br\/semasc\/wp-json\/wp\/v2\/types\/post"}],"author":[{"embeddable":true,"href":"https:\/\/www.manaus.am.gov.br\/semasc\/wp-json\/wp\/v2\/users\/24"}],"replies":[{"embeddable":true,"href":"https:\/\/www.manaus.am.gov.br\/semasc\/wp-json\/wp\/v2\/comments?post=207809"}],"version-history":[{"count":0,"href":"https:\/\/www.manaus.am.gov.br\/semasc\/wp-json\/wp\/v2\/posts\/207809\/revisions"}],"wp:featuredmedia":[{"embeddable":true,"href":"https:\/\/www.manaus.am.gov.br\/semasc\/wp-json\/wp\/v2\/media\/207810"}],"wp:attachment":[{"href":"https:\/\/www.manaus.am.gov.br\/semasc\/wp-json\/wp\/v2\/media?parent=207809"}],"wp:term":[{"taxonomy":"category","embeddable":true,"href":"https:\/\/www.manaus.am.gov.br\/semasc\/wp-json\/wp\/v2\/categories?post=207809"},{"taxonomy":"post_tag","embeddable":true,"href":"https:\/\/www.manaus.am.gov.br\/semasc\/wp-json\/wp\/v2\/tags?post=207809"}],"curies":[{"name":"wp","href":"https:\/\/api.w.org\/{rel}","templated":true}]}}