{"id":207806,"date":"2022-03-03T18:08:28","date_gmt":"2022-03-03T22:08:28","guid":{"rendered":"https:\/\/www.manaus.am.gov.br\/semasc\/semmas-recebe-novos-analistas-ambientais-para-fortalecer-acoes\/"},"modified":"2024-06-03T15:30:59","modified_gmt":"2024-06-03T19:30:59","slug":"semmas-recebe-novos-analistas-ambientais-para-fortalecer-acoes","status":"publish","type":"post","link":"https:\/\/www.manaus.am.gov.br\/semasc\/semmas-recebe-novos-analistas-ambientais-para-fortalecer-acoes\/","title":{"rendered":"Semmas recebe novos analistas ambientais para fortalecer a\u00e7\u00f5es"},"content":{"rendered":"\n<p>A Prefeitura de Manaus, por meio da Secretaria de Municipal de Meio Ambiente e Sustentabilidade (Semmas), apresentou, nesta quinta-feira, 3\/3, os novos analistas ambientais, que passar\u00e3o, por orienta\u00e7\u00e3o do prefeito David Almeida, a integrar o quadro de servidores do \u00f3rg\u00e3o.<\/p>\n\n\n\n<p>A recep\u00e7\u00e3o dos novos servidores, que ocorreu no audit\u00f3rio da Semmas, foi realizada pelo secret\u00e1rio Antonio Stroski, e por toda a equipe da atual gest\u00e3o.<\/p>\n\n\n\n<p>Para o secret\u00e1rio Stroski, a vinda dos novos analistas ambientais para a Semmas \u00e9 de grande import\u00e2ncia para o fortalecimento e revitaliza\u00e7\u00e3o das a\u00e7\u00f5es do \u00f3rg\u00e3o ambiental.<\/p>\n\n\n\n<p>&#8220;N\u00f3s estamos fazendo a incorpora\u00e7\u00e3o do Processo Seletivo Simplificado, at\u00e9 que tenhamos a realiza\u00e7\u00e3o do concurso p\u00fablico, mas \u00e9 muito importante porque \u00e9&nbsp;um momento de fortalecimento e revitaliza\u00e7\u00e3o das atividades que est\u00e3o sob a responsabilidade da Semmas&#8221;.<\/p>\n\n\n\n<p>Stroski disse ainda que a integra\u00e7\u00e3o desses novos servidores ao quadro da Semmas \u00e9 uma medida muito positiva para superar a redu\u00e7\u00e3o de funcion\u00e1rios em 2020, feita pela administra\u00e7\u00e3o anterior.<\/p>\n\n\n\n<p>&#8220;A administra\u00e7\u00e3o anterior reduziu a estrutura da secretaria e com essa redu\u00e7\u00e3o foi prejudicado, grandemente, o corpo t\u00e9cnico que cuida do licenciamento ambiental da cidade de Manaus, por isso a incorpora\u00e7\u00e3o desses novos analistas ambientais \u00e9 muito positiva&#8221;.<\/p>\n\n\n\n<p>&#8212; &#8212; &#8212;<\/p>\n\n\n\n<p><strong>Texto e Fotos<\/strong> &#8211; Keynes Breves \/ Semmas<\/p>\n","protected":false},"excerpt":{"rendered":"","protected":false},"author":31,"featured_media":209257,"comment_status":"closed","ping_status":"closed","sticky":false,"template":"","format":"standard","meta":{"footnotes":""},"categories":[219],"tags":[220,221],"acf":[],"yoast_head":"<!-- This site is optimized with the Yoast SEO plugin v23.0 - https:\/\/yoast.com\/wordpress\/plugins\/seo\/ -->\n<title>Semmas recebe novos analistas ambientais para fortalecer a\u00e7\u00f5es - SEMASC<\/title>\n<meta name=\"robots\" content=\"noindex, follow\" \/>\n<meta property=\"og:locale\" content=\"pt_BR\" \/>\n<meta property=\"og:type\" content=\"article\" \/>\n<meta property=\"og:title\" content=\"Semmas recebe novos analistas ambientais para fortalecer a\u00e7\u00f5es - SEMASC\" \/>\n<meta property=\"og:url\" content=\"https:\/\/www.manaus.am.gov.br\/semasc\/semmas-recebe-novos-analistas-ambientais-para-fortalecer-acoes\/\" \/>\n<meta property=\"og:site_name\" content=\"SEMASC\" \/>\n<meta property=\"article:publisher\" content=\"https:\/\/www.facebook.com\/semascmanaus\" \/>\n<meta property=\"article:published_time\" content=\"2022-03-03T22:08:28+00:00\" \/>\n<meta property=\"article:modified_time\" content=\"2024-06-03T19:30:59+00:00\" \/>\n<meta property=\"og:image\" content=\"https:\/\/www.manaus.am.gov.br\/wp-content\/uploads\/2022\/03\/IMG_3832-scaled.jpeg\" \/>\n<meta name=\"author\" content=\"Renata Felix\" \/>\n<meta name=\"twitter:card\" content=\"summary_large_image\" \/>\n<meta name=\"twitter:label1\" content=\"Written by\" \/>\n\t<meta name=\"twitter:data1\" content=\"Renata Felix\" \/>\n\t<meta name=\"twitter:label2\" content=\"Est. reading time\" \/>\n\t<meta name=\"twitter:data2\" content=\"2 minutos\" \/>\n<script type=\"application\/ld+json\" class=\"yoast-schema-graph\">{\"@context\":\"https:\/\/schema.org\",\"@graph\":[{\"@type\":\"Article\",\"@id\":\"https:\/\/www.manaus.am.gov.br\/semasc\/semmas-recebe-novos-analistas-ambientais-para-fortalecer-acoes\/#article\",\"isPartOf\":{\"@id\":\"https:\/\/www.manaus.am.gov.br\/semasc\/semmas-recebe-novos-analistas-ambientais-para-fortalecer-acoes\/\"},\"author\":{\"name\":\"Renata Felix\",\"@id\":\"https:\/\/www.manaus.am.gov.br\/semasc\/#\/schema\/person\/4eea2a8f78dc853097abb026f728aa06\"},\"headline\":\"Semmas recebe novos analistas ambientais para fortalecer a\u00e7\u00f5es\",\"datePublished\":\"2022-03-03T22:08:28+00:00\",\"dateModified\":\"2024-06-03T19:30:59+00:00\",\"mainEntityOfPage\":{\"@id\":\"https:\/\/www.manaus.am.gov.br\/semasc\/semmas-recebe-novos-analistas-ambientais-para-fortalecer-acoes\/\"},\"wordCount\":237,\"publisher\":{\"@id\":\"https:\/\/www.manaus.am.gov.br\/semasc\/#organization\"},\"image\":{\"@id\":\"https:\/\/www.manaus.am.gov.br\/semasc\/semmas-recebe-novos-analistas-ambientais-para-fortalecer-acoes\/#primaryimage\"},\"thumbnailUrl\":\"https:\/\/www.manaus.am.gov.br\/semasc\/wp-content\/uploads\/sites\/17\/2023\/11\/IMG_3832-scaled-1.jpeg\",\"keywords\":[\"analistas ambientais\",\"Novos Servidores\"],\"articleSection\":[\"Administra\u00e7\u00e3o\"],\"inLanguage\":\"pt-BR\"},{\"@type\":\"WebPage\",\"@id\":\"https:\/\/www.manaus.am.gov.br\/semasc\/semmas-recebe-novos-analistas-ambientais-para-fortalecer-acoes\/\",\"url\":\"https:\/\/www.manaus.am.gov.br\/semasc\/semmas-recebe-novos-analistas-ambientais-para-fortalecer-acoes\/\",\"name\":\"Semmas recebe novos analistas ambientais para fortalecer a\u00e7\u00f5es - SEMASC\",\"isPartOf\":{\"@id\":\"https:\/\/www.manaus.am.gov.br\/semasc\/#website\"},\"primaryImageOfPage\":{\"@id\":\"https:\/\/www.manaus.am.gov.br\/semasc\/semmas-recebe-novos-analistas-ambientais-para-fortalecer-acoes\/#primaryimage\"},\"image\":{\"@id\":\"https:\/\/www.manaus.am.gov.br\/semasc\/semmas-recebe-novos-analistas-ambientais-para-fortalecer-acoes\/#primaryimage\"},\"thumbnailUrl\":\"https:\/\/www.manaus.am.gov.br\/semasc\/wp-content\/uploads\/sites\/17\/2023\/11\/IMG_3832-scaled-1.jpeg\",\"datePublished\":\"2022-03-03T22:08:28+00:00\",\"dateModified\":\"2024-06-03T19:30:59+00:00\",\"breadcrumb\":{\"@id\":\"https:\/\/www.manaus.am.gov.br\/semasc\/semmas-recebe-novos-analistas-ambientais-para-fortalecer-acoes\/#breadcrumb\"},\"inLanguage\":\"pt-BR\",\"potentialAction\":[{\"@type\":\"ReadAction\",\"target\":[\"https:\/\/www.manaus.am.gov.br\/semasc\/semmas-recebe-novos-analistas-ambientais-para-fortalecer-acoes\/\"]}]},{\"@type\":\"ImageObject\",\"inLanguage\":\"pt-BR\",\"@id\":\"https:\/\/www.manaus.am.gov.br\/semasc\/semmas-recebe-novos-analistas-ambientais-para-fortalecer-acoes\/#primaryimage\",\"url\":\"https:\/\/www.manaus.am.gov.br\/semasc\/wp-content\/uploads\/sites\/17\/2023\/11\/IMG_3832-scaled-1.jpeg\",\"contentUrl\":\"https:\/\/www.manaus.am.gov.br\/semasc\/wp-content\/uploads\/sites\/17\/2023\/11\/IMG_3832-scaled-1.jpeg\",\"width\":2560,\"height\":1440,\"caption\":\"Semmas recebe novos analistas ambientais para fortalecer a\u00e7\u00f5es\"},{\"@type\":\"BreadcrumbList\",\"@id\":\"https:\/\/www.manaus.am.gov.br\/semasc\/semmas-recebe-novos-analistas-ambientais-para-fortalecer-acoes\/#breadcrumb\",\"itemListElement\":[{\"@type\":\"ListItem\",\"position\":1,\"name\":\"Home\",\"item\":\"https:\/\/www.manaus.am.gov.br\/semasc\/\"},{\"@type\":\"ListItem\",\"position\":2,\"name\":\"Semmas recebe novos analistas ambientais para fortalecer a\u00e7\u00f5es\"}]},{\"@type\":\"WebSite\",\"@id\":\"https:\/\/www.manaus.am.gov.br\/semasc\/#website\",\"url\":\"https:\/\/www.manaus.am.gov.br\/semasc\/\",\"name\":\"SEMASC\",\"description\":\"Secretaria Municipal da Mulher, Assist\u00eancia Social e Cidadania.\",\"publisher\":{\"@id\":\"https:\/\/www.manaus.am.gov.br\/semasc\/#organization\"},\"alternateName\":\"Secretaria Municipal da Mulher, Assist\u00eancia Social e Cidadania\",\"potentialAction\":[{\"@type\":\"SearchAction\",\"target\":{\"@type\":\"EntryPoint\",\"urlTemplate\":\"https:\/\/www.manaus.am.gov.br\/semasc\/?s={search_term_string}\"},\"query-input\":\"required name=search_term_string\"}],\"inLanguage\":\"pt-BR\"},{\"@type\":\"Organization\",\"@id\":\"https:\/\/www.manaus.am.gov.br\/semasc\/#organization\",\"name\":\"Prefeitura de Manaus\",\"alternateName\":\"Prefeitura Municipal de Manaus\",\"url\":\"https:\/\/www.manaus.am.gov.br\/semasc\/\",\"logo\":{\"@type\":\"ImageObject\",\"inLanguage\":\"pt-BR\",\"@id\":\"https:\/\/www.manaus.am.gov.br\/semasc\/#\/schema\/logo\/image\/\",\"url\":\"https:\/\/www.manaus.am.gov.br\/semasc\/wp-content\/uploads\/sites\/17\/2024\/07\/favicon.png\",\"contentUrl\":\"https:\/\/www.manaus.am.gov.br\/semasc\/wp-content\/uploads\/sites\/17\/2024\/07\/favicon.png\",\"width\":300,\"height\":300,\"caption\":\"Prefeitura de Manaus\"},\"image\":{\"@id\":\"https:\/\/www.manaus.am.gov.br\/semasc\/#\/schema\/logo\/image\/\"},\"sameAs\":[\"https:\/\/www.facebook.com\/semascmanaus\",\"https:\/\/www.instagram.com\/semascmanaus\/\"]},{\"@type\":\"Person\",\"@id\":\"https:\/\/www.manaus.am.gov.br\/semasc\/#\/schema\/person\/4eea2a8f78dc853097abb026f728aa06\",\"name\":\"Renata Felix\",\"image\":{\"@type\":\"ImageObject\",\"inLanguage\":\"pt-BR\",\"@id\":\"https:\/\/www.manaus.am.gov.br\/semasc\/#\/schema\/person\/image\/\",\"url\":\"https:\/\/secure.gravatar.com\/avatar\/3c196cf9d3b837b24c8edb2c50fd8f29?s=96&d=mm&r=g\",\"contentUrl\":\"https:\/\/secure.gravatar.com\/avatar\/3c196cf9d3b837b24c8edb2c50fd8f29?s=96&d=mm&r=g\",\"caption\":\"Renata Felix\"}}]}<\/script>\n<!-- \/ Yoast SEO plugin. -->","yoast_head_json":{"title":"Semmas recebe novos analistas ambientais para fortalecer a\u00e7\u00f5es - SEMASC","robots":{"index":"noindex","follow":"follow"},"og_locale":"pt_BR","og_type":"article","og_title":"Semmas recebe novos analistas ambientais para fortalecer a\u00e7\u00f5es - SEMASC","og_url":"https:\/\/www.manaus.am.gov.br\/semasc\/semmas-recebe-novos-analistas-ambientais-para-fortalecer-acoes\/","og_site_name":"SEMASC","article_publisher":"https:\/\/www.facebook.com\/semascmanaus","article_published_time":"2022-03-03T22:08:28+00:00","article_modified_time":"2024-06-03T19:30:59+00:00","og_image":[{"url":"https:\/\/www.manaus.am.gov.br\/wp-content\/uploads\/2022\/03\/IMG_3832-scaled.jpeg"}],"author":"Renata Felix","twitter_card":"summary_large_image","twitter_misc":{"Written by":"Renata Felix","Est. reading time":"2 minutos"},"schema":{"@context":"https:\/\/schema.org","@graph":[{"@type":"Article","@id":"https:\/\/www.manaus.am.gov.br\/semasc\/semmas-recebe-novos-analistas-ambientais-para-fortalecer-acoes\/#article","isPartOf":{"@id":"https:\/\/www.manaus.am.gov.br\/semasc\/semmas-recebe-novos-analistas-ambientais-para-fortalecer-acoes\/"},"author":{"name":"Renata Felix","@id":"https:\/\/www.manaus.am.gov.br\/semasc\/#\/schema\/person\/4eea2a8f78dc853097abb026f728aa06"},"headline":"Semmas recebe novos analistas ambientais para fortalecer a\u00e7\u00f5es","datePublished":"2022-03-03T22:08:28+00:00","dateModified":"2024-06-03T19:30:59+00:00","mainEntityOfPage":{"@id":"https:\/\/www.manaus.am.gov.br\/semasc\/semmas-recebe-novos-analistas-ambientais-para-fortalecer-acoes\/"},"wordCount":237,"publisher":{"@id":"https:\/\/www.manaus.am.gov.br\/semasc\/#organization"},"image":{"@id":"https:\/\/www.manaus.am.gov.br\/semasc\/semmas-recebe-novos-analistas-ambientais-para-fortalecer-acoes\/#primaryimage"},"thumbnailUrl":"https:\/\/www.manaus.am.gov.br\/semasc\/wp-content\/uploads\/sites\/17\/2023\/11\/IMG_3832-scaled-1.jpeg","keywords":["analistas ambientais","Novos Servidores"],"articleSection":["Administra\u00e7\u00e3o"],"inLanguage":"pt-BR"},{"@type":"WebPage","@id":"https:\/\/www.manaus.am.gov.br\/semasc\/semmas-recebe-novos-analistas-ambientais-para-fortalecer-acoes\/","url":"https:\/\/www.manaus.am.gov.br\/semasc\/semmas-recebe-novos-analistas-ambientais-para-fortalecer-acoes\/","name":"Semmas recebe novos analistas ambientais para fortalecer a\u00e7\u00f5es - SEMASC","isPartOf":{"@id":"https:\/\/www.manaus.am.gov.br\/semasc\/#website"},"primaryImageOfPage":{"@id":"https:\/\/www.manaus.am.gov.br\/semasc\/semmas-recebe-novos-analistas-ambientais-para-fortalecer-acoes\/#primaryimage"},"image":{"@id":"https:\/\/www.manaus.am.gov.br\/semasc\/semmas-recebe-novos-analistas-ambientais-para-fortalecer-acoes\/#primaryimage"},"thumbnailUrl":"https:\/\/www.manaus.am.gov.br\/semasc\/wp-content\/uploads\/sites\/17\/2023\/11\/IMG_3832-scaled-1.jpeg","datePublished":"2022-03-03T22:08:28+00:00","dateModified":"2024-06-03T19:30:59+00:00","breadcrumb":{"@id":"https:\/\/www.manaus.am.gov.br\/semasc\/semmas-recebe-novos-analistas-ambientais-para-fortalecer-acoes\/#breadcrumb"},"inLanguage":"pt-BR","potentialAction":[{"@type":"ReadAction","target":["https:\/\/www.manaus.am.gov.br\/semasc\/semmas-recebe-novos-analistas-ambientais-para-fortalecer-acoes\/"]}]},{"@type":"ImageObject","inLanguage":"pt-BR","@id":"https:\/\/www.manaus.am.gov.br\/semasc\/semmas-recebe-novos-analistas-ambientais-para-fortalecer-acoes\/#primaryimage","url":"https:\/\/www.manaus.am.gov.br\/semasc\/wp-content\/uploads\/sites\/17\/2023\/11\/IMG_3832-scaled-1.jpeg","contentUrl":"https:\/\/www.manaus.am.gov.br\/semasc\/wp-content\/uploads\/sites\/17\/2023\/11\/IMG_3832-scaled-1.jpeg","width":2560,"height":1440,"caption":"Semmas recebe novos analistas ambientais para fortalecer a\u00e7\u00f5es"},{"@type":"BreadcrumbList","@id":"https:\/\/www.manaus.am.gov.br\/semasc\/semmas-recebe-novos-analistas-ambientais-para-fortalecer-acoes\/#breadcrumb","itemListElement":[{"@type":"ListItem","position":1,"name":"Home","item":"https:\/\/www.manaus.am.gov.br\/semasc\/"},{"@type":"ListItem","position":2,"name":"Semmas recebe novos analistas ambientais para fortalecer a\u00e7\u00f5es"}]},{"@type":"WebSite","@id":"https:\/\/www.manaus.am.gov.br\/semasc\/#website","url":"https:\/\/www.manaus.am.gov.br\/semasc\/","name":"SEMASC","description":"Secretaria Municipal da Mulher, Assist\u00eancia Social e Cidadania.","publisher":{"@id":"https:\/\/www.manaus.am.gov.br\/semasc\/#organization"},"alternateName":"Secretaria Municipal da Mulher, Assist\u00eancia Social e Cidadania","potentialAction":[{"@type":"SearchAction","target":{"@type":"EntryPoint","urlTemplate":"https:\/\/www.manaus.am.gov.br\/semasc\/?s={search_term_string}"},"query-input":"required name=search_term_string"}],"inLanguage":"pt-BR"},{"@type":"Organization","@id":"https:\/\/www.manaus.am.gov.br\/semasc\/#organization","name":"Prefeitura de Manaus","alternateName":"Prefeitura Municipal de Manaus","url":"https:\/\/www.manaus.am.gov.br\/semasc\/","logo":{"@type":"ImageObject","inLanguage":"pt-BR","@id":"https:\/\/www.manaus.am.gov.br\/semasc\/#\/schema\/logo\/image\/","url":"https:\/\/www.manaus.am.gov.br\/semasc\/wp-content\/uploads\/sites\/17\/2024\/07\/favicon.png","contentUrl":"https:\/\/www.manaus.am.gov.br\/semasc\/wp-content\/uploads\/sites\/17\/2024\/07\/favicon.png","width":300,"height":300,"caption":"Prefeitura de Manaus"},"image":{"@id":"https:\/\/www.manaus.am.gov.br\/semasc\/#\/schema\/logo\/image\/"},"sameAs":["https:\/\/www.facebook.com\/semascmanaus","https:\/\/www.instagram.com\/semascmanaus\/"]},{"@type":"Person","@id":"https:\/\/www.manaus.am.gov.br\/semasc\/#\/schema\/person\/4eea2a8f78dc853097abb026f728aa06","name":"Renata Felix","image":{"@type":"ImageObject","inLanguage":"pt-BR","@id":"https:\/\/www.manaus.am.gov.br\/semasc\/#\/schema\/person\/image\/","url":"https:\/\/secure.gravatar.com\/avatar\/3c196cf9d3b837b24c8edb2c50fd8f29?s=96&d=mm&r=g","contentUrl":"https:\/\/secure.gravatar.com\/avatar\/3c196cf9d3b837b24c8edb2c50fd8f29?s=96&d=mm&r=g","caption":"Renata Felix"}}]}},"_links":{"self":[{"href":"https:\/\/www.manaus.am.gov.br\/semasc\/wp-json\/wp\/v2\/posts\/207806"}],"collection":[{"href":"https:\/\/www.manaus.am.gov.br\/semasc\/wp-json\/wp\/v2\/posts"}],"about":[{"href":"https:\/\/www.manaus.am.gov.br\/semasc\/wp-json\/wp\/v2\/types\/post"}],"author":[{"embeddable":true,"href":"https:\/\/www.manaus.am.gov.br\/semasc\/wp-json\/wp\/v2\/users\/31"}],"replies":[{"embeddable":true,"href":"https:\/\/www.manaus.am.gov.br\/semasc\/wp-json\/wp\/v2\/comments?post=207806"}],"version-history":[{"count":3,"href":"https:\/\/www.manaus.am.gov.br\/semasc\/wp-json\/wp\/v2\/posts\/207806\/revisions"}],"predecessor-version":[{"id":210484,"href":"https:\/\/www.manaus.am.gov.br\/semasc\/wp-json\/wp\/v2\/posts\/207806\/revisions\/210484"}],"wp:featuredmedia":[{"embeddable":true,"href":"https:\/\/www.manaus.am.gov.br\/semasc\/wp-json\/wp\/v2\/media\/209257"}],"wp:attachment":[{"href":"https:\/\/www.manaus.am.gov.br\/semasc\/wp-json\/wp\/v2\/media?parent=207806"}],"wp:term":[{"taxonomy":"category","embeddable":true,"href":"https:\/\/www.manaus.am.gov.br\/semasc\/wp-json\/wp\/v2\/categories?post=207806"},{"taxonomy":"post_tag","embeddable":true,"href":"https:\/\/www.manaus.am.gov.br\/semasc\/wp-json\/wp\/v2\/tags?post=207806"}],"curies":[{"name":"wp","href":"https:\/\/api.w.org\/{rel}","templated":true}]}}