{"id":207768,"date":"2023-07-14T21:48:42","date_gmt":"2023-07-15T01:48:42","guid":{"rendered":"https:\/\/www.manaus.am.gov.br\/semasc\/prefeitura-de-manaus-e-cmas-encerram-a-14a-conferencia-municipal-de-assistencia-social-com-aprovacao-de-propostas\/"},"modified":"2023-07-14T22:30:00","modified_gmt":"2023-07-15T02:30:00","slug":"prefeitura-de-manaus-e-cmas-encerram-a-14a-conferencia-municipal-de-assistencia-social-com-aprovacao-de-propostas","status":"publish","type":"post","link":"https:\/\/www.manaus.am.gov.br\/semasc\/prefeitura-de-manaus-e-cmas-encerram-a-14a-conferencia-municipal-de-assistencia-social-com-aprovacao-de-propostas\/","title":{"rendered":"<strong>Prefeitura de Manaus e CMAS encerram a 14\u00aa Confer\u00eancia Municipal de Assist\u00eancia Social com aprova\u00e7\u00e3o de propostas<\/strong>"},"content":{"rendered":"\n<p>A Prefeitura de Manaus, por meio da Secretaria Municipal da Mulher, Assist\u00eancia Social e Cidadania (Semasc), e o Conselho Municipal de Assist\u00eancia Social (CMAS) encerraram, nesta sexta-feira, 14\/7, a 14\u00aa Confer\u00eancia Municipal de Assist\u00eancia Social. O evento aconteceu no Centro de Conven\u00e7\u00f5es do Manaus Plaza Shopping, na avenida Djalma Batista, bairro Chapada, na zona Centro-Sul da cidade.<\/p>\n\n\n\n<p>No total, 500 pessoas, divididas entre usu\u00e1rios e trabalhadores do Sistema \u00danico de Assist\u00eancia Social (Suas), agentes governamentais e entidades que atuam na \u00e1rea da assist\u00eancia social participaram da confer\u00eancia, cujo objetivo foi debater, de forma democr\u00e1tica, propostas para o fortalecimento do Suas, que ser\u00e3o defendidas na confer\u00eancia estadual.<\/p>\n\n\n\n<figure class=\"wp-block-image size-large\"><img loading=\"lazy\" decoding=\"async\" width=\"1024\" height=\"683\" src=\"https:\/\/www.manaus.am.gov.br\/semasc\/wp-content\/uploads\/sites\/17\/2023\/07\/20230714172850_IMG_7471-1024x683.jpg\" alt=\"\" class=\"wp-image-207769\" srcset=\"https:\/\/www.manaus.am.gov.br\/semasc\/wp-content\/uploads\/sites\/17\/2023\/07\/20230714172850_IMG_7471-1024x683.jpg 1024w, https:\/\/www.manaus.am.gov.br\/semasc\/wp-content\/uploads\/sites\/17\/2023\/07\/20230714172850_IMG_7471-300x200.jpg 300w, https:\/\/www.manaus.am.gov.br\/semasc\/wp-content\/uploads\/sites\/17\/2023\/07\/20230714172850_IMG_7471-768x512.jpg 768w, https:\/\/www.manaus.am.gov.br\/semasc\/wp-content\/uploads\/sites\/17\/2023\/07\/20230714172850_IMG_7471-1536x1024.jpg 1536w, https:\/\/www.manaus.am.gov.br\/semasc\/wp-content\/uploads\/sites\/17\/2023\/07\/20230714172850_IMG_7471-2048x1365.jpg 2048w\" sizes=\"(max-width: 1024px) 100vw, 1024px\" \/><\/figure>\n\n\n\n<p>As discuss\u00f5es giraram em torno de cinco eixos de \u00e1reas integrantes do Suas: financiamento; controle social; articula\u00e7\u00e3o entre os segmentos; servi\u00e7os, programas e projetos; benef\u00edcio e transfer\u00eancia de renda.<\/p>\n\n\n\n<p>&#8220;As propostas aprovadas aqui ser\u00e3o apresentadas nas confer\u00eancias estadual e nacional. Levaremos aquilo que Manaus quer dar ao Suas, baseado na realidade e necessidades locais. Essas propostas se constituem como um rol de indica\u00e7\u00f5es para que os poderes executivos municipal, estadual e federal possam cumpri-los&#8221;, explicou o presidente do CMAS de Manaus, Paulo Lamego.<\/p>\n\n\n\n<p>O subsecret\u00e1rio da Semasc, Geraldo Cantu\u00e1rio, comentou sobre a import\u00e2ncia da confer\u00eancia, destacando que a iniciativa refor\u00e7a o compromisso do prefeito David Almeida e do secret\u00e1rio Eduardo Lucas para que a pr\u00f3pria popula\u00e7\u00e3o possa fazer parte da atual gest\u00e3o.<\/p>\n\n\n\n<p>&#8220;Esse \u00e9 um momento \u00edmpar que estamos vivenciando dentro do Suas, para que cada segmento indique como podemos aprimorar as pol\u00edticas p\u00fablicas e indicar onde o dinheiro do sistema precisa ser aplicado. Ent\u00e3o isso \u00e9 uma retomada da participa\u00e7\u00e3o popular, \u00e9 o que refor\u00e7a e empodera a sociedade para mitigar as suas pr\u00f3prias mazelas&#8221;, ressaltou.<\/p>\n\n\n\n<p>Para Irajane Souza, que \u00e9 gestora do abrigo Oasis Adultos e Fam\u00edlias, a participa\u00e7\u00e3o no evento \u00e9 essencial para que as pol\u00edticas de assist\u00eancia social possam melhorar e funcionar de forma plena.<\/p>\n\n\n\n<p>&#8220;O Suas \u00e9 quem d\u00e1 o norte para tudo o que acontece na assist\u00eancia social. Ent\u00e3o \u00e9 importante que a gente participe da confer\u00eancia, porque as propostas atuam nas forma\u00e7\u00f5es de pol\u00edticas p\u00fablicas. Ent\u00e3o precisamos desse guia, dessa dire\u00e7\u00e3o, para que todas as assist\u00eancias sociais em todos os n\u00edveis possam funcionar&#8221;, afirmou.<\/p>\n\n\n\n<p>&#8212; &#8212; &#8212;<\/p>\n\n\n\n<p><strong>Texto &#8211; <\/strong>Jackeline Lima \/ Semasc<\/p>\n\n\n\n<p><strong>Fotos &#8211; <\/strong>Marcely Gomes \/ Semasc<\/p>\n","protected":false},"excerpt":{"rendered":"","protected":false},"author":31,"featured_media":207770,"comment_status":"closed","ping_status":"closed","sticky":false,"template":"","format":"standard","meta":{"footnotes":""},"categories":[212],"tags":[213,102,218],"acf":[],"yoast_head":"<!-- This site is optimized with the Yoast SEO plugin v23.0 - https:\/\/yoast.com\/wordpress\/plugins\/seo\/ -->\n<title>Prefeitura de Manaus e CMAS encerram a 14\u00aa Confer\u00eancia Municipal de Assist\u00eancia Social com aprova\u00e7\u00e3o de propostas - SEMASC<\/title>\n<meta name=\"robots\" content=\"noindex, follow\" \/>\n<meta property=\"og:locale\" content=\"pt_BR\" \/>\n<meta property=\"og:type\" content=\"article\" \/>\n<meta property=\"og:title\" content=\"Prefeitura de Manaus e CMAS encerram a 14\u00aa Confer\u00eancia Municipal de Assist\u00eancia Social com aprova\u00e7\u00e3o de propostas - SEMASC\" \/>\n<meta property=\"og:url\" content=\"https:\/\/www.manaus.am.gov.br\/semasc\/prefeitura-de-manaus-e-cmas-encerram-a-14a-conferencia-municipal-de-assistencia-social-com-aprovacao-de-propostas\/\" \/>\n<meta property=\"og:site_name\" content=\"SEMASC\" \/>\n<meta property=\"article:publisher\" content=\"https:\/\/www.facebook.com\/semascmanaus\" \/>\n<meta property=\"article:published_time\" content=\"2023-07-15T01:48:42+00:00\" \/>\n<meta property=\"article:modified_time\" content=\"2023-07-15T02:30:00+00:00\" \/>\n<meta property=\"og:image\" content=\"https:\/\/www.manaus.am.gov.br\/semasc\/wp-content\/uploads\/sites\/17\/2023\/07\/20230714153335_IMG_7430-1024x683.jpg\" \/>\n\t<meta property=\"og:image:width\" content=\"1024\" \/>\n\t<meta property=\"og:image:height\" content=\"683\" \/>\n\t<meta property=\"og:image:type\" content=\"image\/jpeg\" \/>\n<meta name=\"author\" content=\"Renata Felix\" \/>\n<meta name=\"twitter:card\" content=\"summary_large_image\" \/>\n<meta name=\"twitter:label1\" content=\"Written by\" \/>\n\t<meta name=\"twitter:data1\" content=\"Renata Felix\" \/>\n\t<meta name=\"twitter:label2\" content=\"Est. reading time\" \/>\n\t<meta name=\"twitter:data2\" content=\"3 minutos\" \/>\n<script type=\"application\/ld+json\" class=\"yoast-schema-graph\">{\"@context\":\"https:\/\/schema.org\",\"@graph\":[{\"@type\":\"Article\",\"@id\":\"https:\/\/www.manaus.am.gov.br\/semasc\/prefeitura-de-manaus-e-cmas-encerram-a-14a-conferencia-municipal-de-assistencia-social-com-aprovacao-de-propostas\/#article\",\"isPartOf\":{\"@id\":\"https:\/\/www.manaus.am.gov.br\/semasc\/prefeitura-de-manaus-e-cmas-encerram-a-14a-conferencia-municipal-de-assistencia-social-com-aprovacao-de-propostas\/\"},\"author\":{\"name\":\"Renata Felix\",\"@id\":\"https:\/\/www.manaus.am.gov.br\/semasc\/#\/schema\/person\/4eea2a8f78dc853097abb026f728aa06\"},\"headline\":\"Prefeitura de Manaus e CMAS encerram a 14\u00aa Confer\u00eancia Municipal de Assist\u00eancia Social com aprova\u00e7\u00e3o de propostas\",\"datePublished\":\"2023-07-15T01:48:42+00:00\",\"dateModified\":\"2023-07-15T02:30:00+00:00\",\"mainEntityOfPage\":{\"@id\":\"https:\/\/www.manaus.am.gov.br\/semasc\/prefeitura-de-manaus-e-cmas-encerram-a-14a-conferencia-municipal-de-assistencia-social-com-aprovacao-de-propostas\/\"},\"wordCount\":438,\"publisher\":{\"@id\":\"https:\/\/www.manaus.am.gov.br\/semasc\/#organization\"},\"image\":{\"@id\":\"https:\/\/www.manaus.am.gov.br\/semasc\/prefeitura-de-manaus-e-cmas-encerram-a-14a-conferencia-municipal-de-assistencia-social-com-aprovacao-de-propostas\/#primaryimage\"},\"thumbnailUrl\":\"https:\/\/www.manaus.am.gov.br\/semasc\/wp-content\/uploads\/sites\/17\/2023\/07\/20230714153335_IMG_7430.jpg\",\"keywords\":[\"14\u00aa Confer\u00eancia Municipal de Assist\u00eancia Social\",\"encerramento\",\"Sistema \u00danico de Assist\u00eancia Social\"],\"articleSection\":[\"Confer\u00eancia\"],\"inLanguage\":\"pt-BR\"},{\"@type\":\"WebPage\",\"@id\":\"https:\/\/www.manaus.am.gov.br\/semasc\/prefeitura-de-manaus-e-cmas-encerram-a-14a-conferencia-municipal-de-assistencia-social-com-aprovacao-de-propostas\/\",\"url\":\"https:\/\/www.manaus.am.gov.br\/semasc\/prefeitura-de-manaus-e-cmas-encerram-a-14a-conferencia-municipal-de-assistencia-social-com-aprovacao-de-propostas\/\",\"name\":\"Prefeitura de Manaus e CMAS encerram a 14\u00aa Confer\u00eancia Municipal de Assist\u00eancia Social com aprova\u00e7\u00e3o de propostas - SEMASC\",\"isPartOf\":{\"@id\":\"https:\/\/www.manaus.am.gov.br\/semasc\/#website\"},\"primaryImageOfPage\":{\"@id\":\"https:\/\/www.manaus.am.gov.br\/semasc\/prefeitura-de-manaus-e-cmas-encerram-a-14a-conferencia-municipal-de-assistencia-social-com-aprovacao-de-propostas\/#primaryimage\"},\"image\":{\"@id\":\"https:\/\/www.manaus.am.gov.br\/semasc\/prefeitura-de-manaus-e-cmas-encerram-a-14a-conferencia-municipal-de-assistencia-social-com-aprovacao-de-propostas\/#primaryimage\"},\"thumbnailUrl\":\"https:\/\/www.manaus.am.gov.br\/semasc\/wp-content\/uploads\/sites\/17\/2023\/07\/20230714153335_IMG_7430.jpg\",\"datePublished\":\"2023-07-15T01:48:42+00:00\",\"dateModified\":\"2023-07-15T02:30:00+00:00\",\"breadcrumb\":{\"@id\":\"https:\/\/www.manaus.am.gov.br\/semasc\/prefeitura-de-manaus-e-cmas-encerram-a-14a-conferencia-municipal-de-assistencia-social-com-aprovacao-de-propostas\/#breadcrumb\"},\"inLanguage\":\"pt-BR\",\"potentialAction\":[{\"@type\":\"ReadAction\",\"target\":[\"https:\/\/www.manaus.am.gov.br\/semasc\/prefeitura-de-manaus-e-cmas-encerram-a-14a-conferencia-municipal-de-assistencia-social-com-aprovacao-de-propostas\/\"]}]},{\"@type\":\"ImageObject\",\"inLanguage\":\"pt-BR\",\"@id\":\"https:\/\/www.manaus.am.gov.br\/semasc\/prefeitura-de-manaus-e-cmas-encerram-a-14a-conferencia-municipal-de-assistencia-social-com-aprovacao-de-propostas\/#primaryimage\",\"url\":\"https:\/\/www.manaus.am.gov.br\/semasc\/wp-content\/uploads\/sites\/17\/2023\/07\/20230714153335_IMG_7430.jpg\",\"contentUrl\":\"https:\/\/www.manaus.am.gov.br\/semasc\/wp-content\/uploads\/sites\/17\/2023\/07\/20230714153335_IMG_7430.jpg\",\"width\":3984,\"height\":2656},{\"@type\":\"BreadcrumbList\",\"@id\":\"https:\/\/www.manaus.am.gov.br\/semasc\/prefeitura-de-manaus-e-cmas-encerram-a-14a-conferencia-municipal-de-assistencia-social-com-aprovacao-de-propostas\/#breadcrumb\",\"itemListElement\":[{\"@type\":\"ListItem\",\"position\":1,\"name\":\"Home\",\"item\":\"https:\/\/www.manaus.am.gov.br\/semasc\/\"},{\"@type\":\"ListItem\",\"position\":2,\"name\":\"Prefeitura de Manaus e CMAS encerram a 14\u00aa Confer\u00eancia Municipal de Assist\u00eancia Social com aprova\u00e7\u00e3o de propostas\"}]},{\"@type\":\"WebSite\",\"@id\":\"https:\/\/www.manaus.am.gov.br\/semasc\/#website\",\"url\":\"https:\/\/www.manaus.am.gov.br\/semasc\/\",\"name\":\"SEMASC\",\"description\":\"Secretaria Municipal da Mulher, Assist\u00eancia Social e Cidadania.\",\"publisher\":{\"@id\":\"https:\/\/www.manaus.am.gov.br\/semasc\/#organization\"},\"alternateName\":\"Secretaria Municipal da Mulher, Assist\u00eancia Social e Cidadania\",\"potentialAction\":[{\"@type\":\"SearchAction\",\"target\":{\"@type\":\"EntryPoint\",\"urlTemplate\":\"https:\/\/www.manaus.am.gov.br\/semasc\/?s={search_term_string}\"},\"query-input\":\"required name=search_term_string\"}],\"inLanguage\":\"pt-BR\"},{\"@type\":\"Organization\",\"@id\":\"https:\/\/www.manaus.am.gov.br\/semasc\/#organization\",\"name\":\"Prefeitura de Manaus\",\"alternateName\":\"Prefeitura Municipal de Manaus\",\"url\":\"https:\/\/www.manaus.am.gov.br\/semasc\/\",\"logo\":{\"@type\":\"ImageObject\",\"inLanguage\":\"pt-BR\",\"@id\":\"https:\/\/www.manaus.am.gov.br\/semasc\/#\/schema\/logo\/image\/\",\"url\":\"https:\/\/www.manaus.am.gov.br\/semasc\/wp-content\/uploads\/sites\/17\/2024\/07\/favicon.png\",\"contentUrl\":\"https:\/\/www.manaus.am.gov.br\/semasc\/wp-content\/uploads\/sites\/17\/2024\/07\/favicon.png\",\"width\":300,\"height\":300,\"caption\":\"Prefeitura de Manaus\"},\"image\":{\"@id\":\"https:\/\/www.manaus.am.gov.br\/semasc\/#\/schema\/logo\/image\/\"},\"sameAs\":[\"https:\/\/www.facebook.com\/semascmanaus\",\"https:\/\/www.instagram.com\/semascmanaus\/\"]},{\"@type\":\"Person\",\"@id\":\"https:\/\/www.manaus.am.gov.br\/semasc\/#\/schema\/person\/4eea2a8f78dc853097abb026f728aa06\",\"name\":\"Renata Felix\",\"image\":{\"@type\":\"ImageObject\",\"inLanguage\":\"pt-BR\",\"@id\":\"https:\/\/www.manaus.am.gov.br\/semasc\/#\/schema\/person\/image\/\",\"url\":\"https:\/\/secure.gravatar.com\/avatar\/3c196cf9d3b837b24c8edb2c50fd8f29?s=96&d=mm&r=g\",\"contentUrl\":\"https:\/\/secure.gravatar.com\/avatar\/3c196cf9d3b837b24c8edb2c50fd8f29?s=96&d=mm&r=g\",\"caption\":\"Renata Felix\"}}]}<\/script>\n<!-- \/ Yoast SEO plugin. -->","yoast_head_json":{"title":"Prefeitura de Manaus e CMAS encerram a 14\u00aa Confer\u00eancia Municipal de Assist\u00eancia Social com aprova\u00e7\u00e3o de propostas - SEMASC","robots":{"index":"noindex","follow":"follow"},"og_locale":"pt_BR","og_type":"article","og_title":"Prefeitura de Manaus e CMAS encerram a 14\u00aa Confer\u00eancia Municipal de Assist\u00eancia Social com aprova\u00e7\u00e3o de propostas - SEMASC","og_url":"https:\/\/www.manaus.am.gov.br\/semasc\/prefeitura-de-manaus-e-cmas-encerram-a-14a-conferencia-municipal-de-assistencia-social-com-aprovacao-de-propostas\/","og_site_name":"SEMASC","article_publisher":"https:\/\/www.facebook.com\/semascmanaus","article_published_time":"2023-07-15T01:48:42+00:00","article_modified_time":"2023-07-15T02:30:00+00:00","og_image":[{"width":1024,"height":683,"url":"https:\/\/www.manaus.am.gov.br\/semasc\/wp-content\/uploads\/sites\/17\/2023\/07\/20230714153335_IMG_7430-1024x683.jpg","type":"image\/jpeg"}],"author":"Renata Felix","twitter_card":"summary_large_image","twitter_misc":{"Written by":"Renata Felix","Est. reading time":"3 minutos"},"schema":{"@context":"https:\/\/schema.org","@graph":[{"@type":"Article","@id":"https:\/\/www.manaus.am.gov.br\/semasc\/prefeitura-de-manaus-e-cmas-encerram-a-14a-conferencia-municipal-de-assistencia-social-com-aprovacao-de-propostas\/#article","isPartOf":{"@id":"https:\/\/www.manaus.am.gov.br\/semasc\/prefeitura-de-manaus-e-cmas-encerram-a-14a-conferencia-municipal-de-assistencia-social-com-aprovacao-de-propostas\/"},"author":{"name":"Renata Felix","@id":"https:\/\/www.manaus.am.gov.br\/semasc\/#\/schema\/person\/4eea2a8f78dc853097abb026f728aa06"},"headline":"Prefeitura de Manaus e CMAS encerram a 14\u00aa Confer\u00eancia Municipal de Assist\u00eancia Social com aprova\u00e7\u00e3o de propostas","datePublished":"2023-07-15T01:48:42+00:00","dateModified":"2023-07-15T02:30:00+00:00","mainEntityOfPage":{"@id":"https:\/\/www.manaus.am.gov.br\/semasc\/prefeitura-de-manaus-e-cmas-encerram-a-14a-conferencia-municipal-de-assistencia-social-com-aprovacao-de-propostas\/"},"wordCount":438,"publisher":{"@id":"https:\/\/www.manaus.am.gov.br\/semasc\/#organization"},"image":{"@id":"https:\/\/www.manaus.am.gov.br\/semasc\/prefeitura-de-manaus-e-cmas-encerram-a-14a-conferencia-municipal-de-assistencia-social-com-aprovacao-de-propostas\/#primaryimage"},"thumbnailUrl":"https:\/\/www.manaus.am.gov.br\/semasc\/wp-content\/uploads\/sites\/17\/2023\/07\/20230714153335_IMG_7430.jpg","keywords":["14\u00aa Confer\u00eancia Municipal de Assist\u00eancia Social","encerramento","Sistema \u00danico de Assist\u00eancia Social"],"articleSection":["Confer\u00eancia"],"inLanguage":"pt-BR"},{"@type":"WebPage","@id":"https:\/\/www.manaus.am.gov.br\/semasc\/prefeitura-de-manaus-e-cmas-encerram-a-14a-conferencia-municipal-de-assistencia-social-com-aprovacao-de-propostas\/","url":"https:\/\/www.manaus.am.gov.br\/semasc\/prefeitura-de-manaus-e-cmas-encerram-a-14a-conferencia-municipal-de-assistencia-social-com-aprovacao-de-propostas\/","name":"Prefeitura de Manaus e CMAS encerram a 14\u00aa Confer\u00eancia Municipal de Assist\u00eancia Social com aprova\u00e7\u00e3o de propostas - SEMASC","isPartOf":{"@id":"https:\/\/www.manaus.am.gov.br\/semasc\/#website"},"primaryImageOfPage":{"@id":"https:\/\/www.manaus.am.gov.br\/semasc\/prefeitura-de-manaus-e-cmas-encerram-a-14a-conferencia-municipal-de-assistencia-social-com-aprovacao-de-propostas\/#primaryimage"},"image":{"@id":"https:\/\/www.manaus.am.gov.br\/semasc\/prefeitura-de-manaus-e-cmas-encerram-a-14a-conferencia-municipal-de-assistencia-social-com-aprovacao-de-propostas\/#primaryimage"},"thumbnailUrl":"https:\/\/www.manaus.am.gov.br\/semasc\/wp-content\/uploads\/sites\/17\/2023\/07\/20230714153335_IMG_7430.jpg","datePublished":"2023-07-15T01:48:42+00:00","dateModified":"2023-07-15T02:30:00+00:00","breadcrumb":{"@id":"https:\/\/www.manaus.am.gov.br\/semasc\/prefeitura-de-manaus-e-cmas-encerram-a-14a-conferencia-municipal-de-assistencia-social-com-aprovacao-de-propostas\/#breadcrumb"},"inLanguage":"pt-BR","potentialAction":[{"@type":"ReadAction","target":["https:\/\/www.manaus.am.gov.br\/semasc\/prefeitura-de-manaus-e-cmas-encerram-a-14a-conferencia-municipal-de-assistencia-social-com-aprovacao-de-propostas\/"]}]},{"@type":"ImageObject","inLanguage":"pt-BR","@id":"https:\/\/www.manaus.am.gov.br\/semasc\/prefeitura-de-manaus-e-cmas-encerram-a-14a-conferencia-municipal-de-assistencia-social-com-aprovacao-de-propostas\/#primaryimage","url":"https:\/\/www.manaus.am.gov.br\/semasc\/wp-content\/uploads\/sites\/17\/2023\/07\/20230714153335_IMG_7430.jpg","contentUrl":"https:\/\/www.manaus.am.gov.br\/semasc\/wp-content\/uploads\/sites\/17\/2023\/07\/20230714153335_IMG_7430.jpg","width":3984,"height":2656},{"@type":"BreadcrumbList","@id":"https:\/\/www.manaus.am.gov.br\/semasc\/prefeitura-de-manaus-e-cmas-encerram-a-14a-conferencia-municipal-de-assistencia-social-com-aprovacao-de-propostas\/#breadcrumb","itemListElement":[{"@type":"ListItem","position":1,"name":"Home","item":"https:\/\/www.manaus.am.gov.br\/semasc\/"},{"@type":"ListItem","position":2,"name":"Prefeitura de Manaus e CMAS encerram a 14\u00aa Confer\u00eancia Municipal de Assist\u00eancia Social com aprova\u00e7\u00e3o de propostas"}]},{"@type":"WebSite","@id":"https:\/\/www.manaus.am.gov.br\/semasc\/#website","url":"https:\/\/www.manaus.am.gov.br\/semasc\/","name":"SEMASC","description":"Secretaria Municipal da Mulher, Assist\u00eancia Social e Cidadania.","publisher":{"@id":"https:\/\/www.manaus.am.gov.br\/semasc\/#organization"},"alternateName":"Secretaria Municipal da Mulher, Assist\u00eancia Social e Cidadania","potentialAction":[{"@type":"SearchAction","target":{"@type":"EntryPoint","urlTemplate":"https:\/\/www.manaus.am.gov.br\/semasc\/?s={search_term_string}"},"query-input":"required name=search_term_string"}],"inLanguage":"pt-BR"},{"@type":"Organization","@id":"https:\/\/www.manaus.am.gov.br\/semasc\/#organization","name":"Prefeitura de Manaus","alternateName":"Prefeitura Municipal de Manaus","url":"https:\/\/www.manaus.am.gov.br\/semasc\/","logo":{"@type":"ImageObject","inLanguage":"pt-BR","@id":"https:\/\/www.manaus.am.gov.br\/semasc\/#\/schema\/logo\/image\/","url":"https:\/\/www.manaus.am.gov.br\/semasc\/wp-content\/uploads\/sites\/17\/2024\/07\/favicon.png","contentUrl":"https:\/\/www.manaus.am.gov.br\/semasc\/wp-content\/uploads\/sites\/17\/2024\/07\/favicon.png","width":300,"height":300,"caption":"Prefeitura de Manaus"},"image":{"@id":"https:\/\/www.manaus.am.gov.br\/semasc\/#\/schema\/logo\/image\/"},"sameAs":["https:\/\/www.facebook.com\/semascmanaus","https:\/\/www.instagram.com\/semascmanaus\/"]},{"@type":"Person","@id":"https:\/\/www.manaus.am.gov.br\/semasc\/#\/schema\/person\/4eea2a8f78dc853097abb026f728aa06","name":"Renata Felix","image":{"@type":"ImageObject","inLanguage":"pt-BR","@id":"https:\/\/www.manaus.am.gov.br\/semasc\/#\/schema\/person\/image\/","url":"https:\/\/secure.gravatar.com\/avatar\/3c196cf9d3b837b24c8edb2c50fd8f29?s=96&d=mm&r=g","contentUrl":"https:\/\/secure.gravatar.com\/avatar\/3c196cf9d3b837b24c8edb2c50fd8f29?s=96&d=mm&r=g","caption":"Renata Felix"}}]}},"_links":{"self":[{"href":"https:\/\/www.manaus.am.gov.br\/semasc\/wp-json\/wp\/v2\/posts\/207768"}],"collection":[{"href":"https:\/\/www.manaus.am.gov.br\/semasc\/wp-json\/wp\/v2\/posts"}],"about":[{"href":"https:\/\/www.manaus.am.gov.br\/semasc\/wp-json\/wp\/v2\/types\/post"}],"author":[{"embeddable":true,"href":"https:\/\/www.manaus.am.gov.br\/semasc\/wp-json\/wp\/v2\/users\/31"}],"replies":[{"embeddable":true,"href":"https:\/\/www.manaus.am.gov.br\/semasc\/wp-json\/wp\/v2\/comments?post=207768"}],"version-history":[{"count":5,"href":"https:\/\/www.manaus.am.gov.br\/semasc\/wp-json\/wp\/v2\/posts\/207768\/revisions"}],"predecessor-version":[{"id":207775,"href":"https:\/\/www.manaus.am.gov.br\/semasc\/wp-json\/wp\/v2\/posts\/207768\/revisions\/207775"}],"wp:featuredmedia":[{"embeddable":true,"href":"https:\/\/www.manaus.am.gov.br\/semasc\/wp-json\/wp\/v2\/media\/207770"}],"wp:attachment":[{"href":"https:\/\/www.manaus.am.gov.br\/semasc\/wp-json\/wp\/v2\/media?parent=207768"}],"wp:term":[{"taxonomy":"category","embeddable":true,"href":"https:\/\/www.manaus.am.gov.br\/semasc\/wp-json\/wp\/v2\/categories?post=207768"},{"taxonomy":"post_tag","embeddable":true,"href":"https:\/\/www.manaus.am.gov.br\/semasc\/wp-json\/wp\/v2\/tags?post=207768"}],"curies":[{"name":"wp","href":"https:\/\/api.w.org\/{rel}","templated":true}]}}