{"id":207766,"date":"2023-07-14T20:31:26","date_gmt":"2023-07-15T00:31:26","guid":{"rendered":"https:\/\/www.manaus.am.gov.br\/semasc\/prefeitura-de-manaus-proporciona-manha-de-atividades-a-idosos-e-mulheres-vitimas-de-violencia-na-zona-leste\/"},"modified":"2023-07-14T20:31:28","modified_gmt":"2023-07-15T00:31:28","slug":"prefeitura-de-manaus-proporciona-manha-de-atividades-a-idosos-e-mulheres-vitimas-de-violencia-na-zona-leste","status":"publish","type":"post","link":"https:\/\/www.manaus.am.gov.br\/semasc\/prefeitura-de-manaus-proporciona-manha-de-atividades-a-idosos-e-mulheres-vitimas-de-violencia-na-zona-leste\/","title":{"rendered":"<strong>Prefeitura de Manaus proporciona manh\u00e3 de atividades a idosos e mulheres v\u00edtimas de viol\u00eancia, na zona Leste<\/strong>"},"content":{"rendered":"\n<p>A Prefeitura de Manaus, por meio da Secretaria Municipal da Mulher, Assist\u00eancia Social e Cidadania (Semasc) realizou, nesta sexta-feira, 14\/7, uma manh\u00e3 de atividades para usu\u00e1rios dos equipamentos socioassistenciais administrados pela secretaria. A programa\u00e7\u00e3o aconteceu no Centro Municipal de Conviv\u00eancia da Fam\u00edlia e do Idoso Prefeito Jos\u00e9 Fernandes, localizado no bairro S\u00e3o Jos\u00e9 3, zona Leste da cidade.<\/p>\n\n\n\n<p>Uma das atividades realizadas foi o curso de panifica\u00e7\u00e3o destinado \u00e0s mulheres v\u00edtimas de viol\u00eancia, atendidas pelo Centro de Refer\u00eancia dos Direitos da Mulher (CRDM). Para a aluna Adelcilene Fernandes, de 43 anos, que \u00e9 vendedora de salgados, o sentimento \u00e9 de gratid\u00e3o pela oportunidade.<\/p>\n\n\n\n<p>&#8220;Eu acho importante essas iniciativas porque a gente n\u00e3o tem condi\u00e7\u00f5es de pagar e eu n\u00e3o sabia fazer essas massas, to aprendendo. Um curso desse \u00e9 uma terapia pra mim que j\u00e1 tive depress\u00e3o e para muitas idosas tamb\u00e9m. Isso nos ajuda tanto no sentido financeiro e quanto na sa\u00fade, pois conseguimos interagir com outras pessoas&#8221;, comentou.<\/p>\n\n\n\n<p>Al\u00e9m deste curso, tamb\u00e9m foi realizada uma a\u00e7\u00e3o de embelezamento para os idosos atendidos peloServi\u00e7o de Conviv\u00eancia e Fortalecimento de V\u00ednculos (SCFV) do Cras S\u00e3o Jos\u00e9 IV. No local foram ofertados os servi\u00e7os de&nbsp;<em>design&nbsp;<\/em>de sobrancelha, depila\u00e7\u00e3o de bu\u00e7o, esmalta\u00e7\u00e3o e corte de cabelo para homens e mulheres.<\/p>\n\n\n\n<p>&#8220;Temos idosos que h\u00e1 muito tempo n\u00e3o conseguem investir no autocuidado, ent\u00e3o o Cras pensou nessa atividade justamente com o objetivo de promover a autoestima e de proporcionar a eles uma manh\u00e3 de alegria&#8221;, ressaltou Adriana Gomes, coordenadora do Cras S\u00e3o Jos\u00e9 IV.<\/p>\n\n\n\n<p>A idosa Maria das Dores elogiou os servi\u00e7os oferecidos pelo Cras. &#8220;Hoje estamos aqui nos embelezando e isso \u00e9 muito bom pra gente. Isso \u00e9 uma atividade que faz falta, estou muito feliz e agrade\u00e7o por essa oportunidade&#8221;, afirmou.<\/p>\n\n\n\n<p>&#8212; &#8212; &#8212;<\/p>\n\n\n\n<p><strong>Texto &#8211;&nbsp;<\/strong>Jackeline Lima \/ Semasc<\/p>\n\n\n\n<p><strong>Fotos &#8211;&nbsp;<\/strong>Marcely Gomes \/ Semasc<\/p>\n","protected":false},"excerpt":{"rendered":"","protected":false},"author":31,"featured_media":207767,"comment_status":"closed","ping_status":"closed","sticky":false,"template":"","format":"standard","meta":{"footnotes":""},"categories":[194],"tags":[133,216,217],"acf":[],"yoast_head":"<!-- This site is optimized with the Yoast SEO plugin v23.0 - https:\/\/yoast.com\/wordpress\/plugins\/seo\/ -->\n<title>Prefeitura de Manaus proporciona manh\u00e3 de atividades a idosos e mulheres v\u00edtimas de viol\u00eancia, na zona Leste - SEMASC<\/title>\n<meta name=\"robots\" content=\"noindex, follow\" \/>\n<meta property=\"og:locale\" content=\"pt_BR\" \/>\n<meta property=\"og:type\" content=\"article\" \/>\n<meta property=\"og:title\" content=\"Prefeitura de Manaus proporciona manh\u00e3 de atividades a idosos e mulheres v\u00edtimas de viol\u00eancia, na zona Leste - SEMASC\" \/>\n<meta property=\"og:url\" content=\"https:\/\/www.manaus.am.gov.br\/semasc\/prefeitura-de-manaus-proporciona-manha-de-atividades-a-idosos-e-mulheres-vitimas-de-violencia-na-zona-leste\/\" \/>\n<meta property=\"og:site_name\" content=\"SEMASC\" \/>\n<meta property=\"article:publisher\" content=\"https:\/\/www.facebook.com\/semascmanaus\" \/>\n<meta property=\"article:published_time\" content=\"2023-07-15T00:31:26+00:00\" \/>\n<meta property=\"article:modified_time\" content=\"2023-07-15T00:31:28+00:00\" \/>\n<meta property=\"og:image\" content=\"https:\/\/www.manaus.am.gov.br\/semasc\/wp-content\/uploads\/sites\/17\/2023\/07\/20230714093356_IMG_7326-1024x683.jpg\" \/>\n\t<meta property=\"og:image:width\" content=\"1024\" \/>\n\t<meta property=\"og:image:height\" content=\"683\" \/>\n\t<meta property=\"og:image:type\" content=\"image\/jpeg\" \/>\n<meta name=\"author\" content=\"Renata Felix\" \/>\n<meta name=\"twitter:card\" content=\"summary_large_image\" \/>\n<meta name=\"twitter:label1\" content=\"Written by\" \/>\n\t<meta name=\"twitter:data1\" content=\"Renata Felix\" \/>\n\t<meta name=\"twitter:label2\" content=\"Est. reading time\" \/>\n\t<meta name=\"twitter:data2\" content=\"2 minutos\" \/>\n<script type=\"application\/ld+json\" class=\"yoast-schema-graph\">{\"@context\":\"https:\/\/schema.org\",\"@graph\":[{\"@type\":\"Article\",\"@id\":\"https:\/\/www.manaus.am.gov.br\/semasc\/prefeitura-de-manaus-proporciona-manha-de-atividades-a-idosos-e-mulheres-vitimas-de-violencia-na-zona-leste\/#article\",\"isPartOf\":{\"@id\":\"https:\/\/www.manaus.am.gov.br\/semasc\/prefeitura-de-manaus-proporciona-manha-de-atividades-a-idosos-e-mulheres-vitimas-de-violencia-na-zona-leste\/\"},\"author\":{\"name\":\"Renata Felix\",\"@id\":\"https:\/\/www.manaus.am.gov.br\/semasc\/#\/schema\/person\/4eea2a8f78dc853097abb026f728aa06\"},\"headline\":\"Prefeitura de Manaus proporciona manh\u00e3 de atividades a idosos e mulheres v\u00edtimas de viol\u00eancia, na zona Leste\",\"datePublished\":\"2023-07-15T00:31:26+00:00\",\"dateModified\":\"2023-07-15T00:31:28+00:00\",\"mainEntityOfPage\":{\"@id\":\"https:\/\/www.manaus.am.gov.br\/semasc\/prefeitura-de-manaus-proporciona-manha-de-atividades-a-idosos-e-mulheres-vitimas-de-violencia-na-zona-leste\/\"},\"wordCount\":352,\"publisher\":{\"@id\":\"https:\/\/www.manaus.am.gov.br\/semasc\/#organization\"},\"image\":{\"@id\":\"https:\/\/www.manaus.am.gov.br\/semasc\/prefeitura-de-manaus-proporciona-manha-de-atividades-a-idosos-e-mulheres-vitimas-de-violencia-na-zona-leste\/#primaryimage\"},\"thumbnailUrl\":\"https:\/\/www.manaus.am.gov.br\/semasc\/wp-content\/uploads\/sites\/17\/2023\/07\/20230714093356_IMG_7326.jpg\",\"keywords\":[\"idosos\",\"manh\u00e3 de atividades\",\"mulheres v\u00edtimas de viol\u00eancia\"],\"articleSection\":[\"Assist\u00eancia\"],\"inLanguage\":\"pt-BR\"},{\"@type\":\"WebPage\",\"@id\":\"https:\/\/www.manaus.am.gov.br\/semasc\/prefeitura-de-manaus-proporciona-manha-de-atividades-a-idosos-e-mulheres-vitimas-de-violencia-na-zona-leste\/\",\"url\":\"https:\/\/www.manaus.am.gov.br\/semasc\/prefeitura-de-manaus-proporciona-manha-de-atividades-a-idosos-e-mulheres-vitimas-de-violencia-na-zona-leste\/\",\"name\":\"Prefeitura de Manaus proporciona manh\u00e3 de atividades a idosos e mulheres v\u00edtimas de viol\u00eancia, na zona Leste - SEMASC\",\"isPartOf\":{\"@id\":\"https:\/\/www.manaus.am.gov.br\/semasc\/#website\"},\"primaryImageOfPage\":{\"@id\":\"https:\/\/www.manaus.am.gov.br\/semasc\/prefeitura-de-manaus-proporciona-manha-de-atividades-a-idosos-e-mulheres-vitimas-de-violencia-na-zona-leste\/#primaryimage\"},\"image\":{\"@id\":\"https:\/\/www.manaus.am.gov.br\/semasc\/prefeitura-de-manaus-proporciona-manha-de-atividades-a-idosos-e-mulheres-vitimas-de-violencia-na-zona-leste\/#primaryimage\"},\"thumbnailUrl\":\"https:\/\/www.manaus.am.gov.br\/semasc\/wp-content\/uploads\/sites\/17\/2023\/07\/20230714093356_IMG_7326.jpg\",\"datePublished\":\"2023-07-15T00:31:26+00:00\",\"dateModified\":\"2023-07-15T00:31:28+00:00\",\"breadcrumb\":{\"@id\":\"https:\/\/www.manaus.am.gov.br\/semasc\/prefeitura-de-manaus-proporciona-manha-de-atividades-a-idosos-e-mulheres-vitimas-de-violencia-na-zona-leste\/#breadcrumb\"},\"inLanguage\":\"pt-BR\",\"potentialAction\":[{\"@type\":\"ReadAction\",\"target\":[\"https:\/\/www.manaus.am.gov.br\/semasc\/prefeitura-de-manaus-proporciona-manha-de-atividades-a-idosos-e-mulheres-vitimas-de-violencia-na-zona-leste\/\"]}]},{\"@type\":\"ImageObject\",\"inLanguage\":\"pt-BR\",\"@id\":\"https:\/\/www.manaus.am.gov.br\/semasc\/prefeitura-de-manaus-proporciona-manha-de-atividades-a-idosos-e-mulheres-vitimas-de-violencia-na-zona-leste\/#primaryimage\",\"url\":\"https:\/\/www.manaus.am.gov.br\/semasc\/wp-content\/uploads\/sites\/17\/2023\/07\/20230714093356_IMG_7326.jpg\",\"contentUrl\":\"https:\/\/www.manaus.am.gov.br\/semasc\/wp-content\/uploads\/sites\/17\/2023\/07\/20230714093356_IMG_7326.jpg\",\"width\":3862,\"height\":2575},{\"@type\":\"BreadcrumbList\",\"@id\":\"https:\/\/www.manaus.am.gov.br\/semasc\/prefeitura-de-manaus-proporciona-manha-de-atividades-a-idosos-e-mulheres-vitimas-de-violencia-na-zona-leste\/#breadcrumb\",\"itemListElement\":[{\"@type\":\"ListItem\",\"position\":1,\"name\":\"Home\",\"item\":\"https:\/\/www.manaus.am.gov.br\/semasc\/\"},{\"@type\":\"ListItem\",\"position\":2,\"name\":\"Prefeitura de Manaus proporciona manh\u00e3 de atividades a idosos e mulheres v\u00edtimas de viol\u00eancia, na zona Leste\"}]},{\"@type\":\"WebSite\",\"@id\":\"https:\/\/www.manaus.am.gov.br\/semasc\/#website\",\"url\":\"https:\/\/www.manaus.am.gov.br\/semasc\/\",\"name\":\"SEMASC\",\"description\":\"Secretaria Municipal da Mulher, Assist\u00eancia Social e Cidadania.\",\"publisher\":{\"@id\":\"https:\/\/www.manaus.am.gov.br\/semasc\/#organization\"},\"alternateName\":\"Secretaria Municipal da Mulher, Assist\u00eancia Social e Cidadania\",\"potentialAction\":[{\"@type\":\"SearchAction\",\"target\":{\"@type\":\"EntryPoint\",\"urlTemplate\":\"https:\/\/www.manaus.am.gov.br\/semasc\/?s={search_term_string}\"},\"query-input\":\"required name=search_term_string\"}],\"inLanguage\":\"pt-BR\"},{\"@type\":\"Organization\",\"@id\":\"https:\/\/www.manaus.am.gov.br\/semasc\/#organization\",\"name\":\"Prefeitura de Manaus\",\"alternateName\":\"Prefeitura Municipal de Manaus\",\"url\":\"https:\/\/www.manaus.am.gov.br\/semasc\/\",\"logo\":{\"@type\":\"ImageObject\",\"inLanguage\":\"pt-BR\",\"@id\":\"https:\/\/www.manaus.am.gov.br\/semasc\/#\/schema\/logo\/image\/\",\"url\":\"https:\/\/www.manaus.am.gov.br\/semasc\/wp-content\/uploads\/sites\/17\/2024\/07\/favicon.png\",\"contentUrl\":\"https:\/\/www.manaus.am.gov.br\/semasc\/wp-content\/uploads\/sites\/17\/2024\/07\/favicon.png\",\"width\":300,\"height\":300,\"caption\":\"Prefeitura de Manaus\"},\"image\":{\"@id\":\"https:\/\/www.manaus.am.gov.br\/semasc\/#\/schema\/logo\/image\/\"},\"sameAs\":[\"https:\/\/www.facebook.com\/semascmanaus\",\"https:\/\/www.instagram.com\/semascmanaus\/\"]},{\"@type\":\"Person\",\"@id\":\"https:\/\/www.manaus.am.gov.br\/semasc\/#\/schema\/person\/4eea2a8f78dc853097abb026f728aa06\",\"name\":\"Renata Felix\",\"image\":{\"@type\":\"ImageObject\",\"inLanguage\":\"pt-BR\",\"@id\":\"https:\/\/www.manaus.am.gov.br\/semasc\/#\/schema\/person\/image\/\",\"url\":\"https:\/\/secure.gravatar.com\/avatar\/3c196cf9d3b837b24c8edb2c50fd8f29?s=96&d=mm&r=g\",\"contentUrl\":\"https:\/\/secure.gravatar.com\/avatar\/3c196cf9d3b837b24c8edb2c50fd8f29?s=96&d=mm&r=g\",\"caption\":\"Renata Felix\"}}]}<\/script>\n<!-- \/ Yoast SEO plugin. -->","yoast_head_json":{"title":"Prefeitura de Manaus proporciona manh\u00e3 de atividades a idosos e mulheres v\u00edtimas de viol\u00eancia, na zona Leste - SEMASC","robots":{"index":"noindex","follow":"follow"},"og_locale":"pt_BR","og_type":"article","og_title":"Prefeitura de Manaus proporciona manh\u00e3 de atividades a idosos e mulheres v\u00edtimas de viol\u00eancia, na zona Leste - SEMASC","og_url":"https:\/\/www.manaus.am.gov.br\/semasc\/prefeitura-de-manaus-proporciona-manha-de-atividades-a-idosos-e-mulheres-vitimas-de-violencia-na-zona-leste\/","og_site_name":"SEMASC","article_publisher":"https:\/\/www.facebook.com\/semascmanaus","article_published_time":"2023-07-15T00:31:26+00:00","article_modified_time":"2023-07-15T00:31:28+00:00","og_image":[{"width":1024,"height":683,"url":"https:\/\/www.manaus.am.gov.br\/semasc\/wp-content\/uploads\/sites\/17\/2023\/07\/20230714093356_IMG_7326-1024x683.jpg","type":"image\/jpeg"}],"author":"Renata Felix","twitter_card":"summary_large_image","twitter_misc":{"Written by":"Renata Felix","Est. reading time":"2 minutos"},"schema":{"@context":"https:\/\/schema.org","@graph":[{"@type":"Article","@id":"https:\/\/www.manaus.am.gov.br\/semasc\/prefeitura-de-manaus-proporciona-manha-de-atividades-a-idosos-e-mulheres-vitimas-de-violencia-na-zona-leste\/#article","isPartOf":{"@id":"https:\/\/www.manaus.am.gov.br\/semasc\/prefeitura-de-manaus-proporciona-manha-de-atividades-a-idosos-e-mulheres-vitimas-de-violencia-na-zona-leste\/"},"author":{"name":"Renata Felix","@id":"https:\/\/www.manaus.am.gov.br\/semasc\/#\/schema\/person\/4eea2a8f78dc853097abb026f728aa06"},"headline":"Prefeitura de Manaus proporciona manh\u00e3 de atividades a idosos e mulheres v\u00edtimas de viol\u00eancia, na zona Leste","datePublished":"2023-07-15T00:31:26+00:00","dateModified":"2023-07-15T00:31:28+00:00","mainEntityOfPage":{"@id":"https:\/\/www.manaus.am.gov.br\/semasc\/prefeitura-de-manaus-proporciona-manha-de-atividades-a-idosos-e-mulheres-vitimas-de-violencia-na-zona-leste\/"},"wordCount":352,"publisher":{"@id":"https:\/\/www.manaus.am.gov.br\/semasc\/#organization"},"image":{"@id":"https:\/\/www.manaus.am.gov.br\/semasc\/prefeitura-de-manaus-proporciona-manha-de-atividades-a-idosos-e-mulheres-vitimas-de-violencia-na-zona-leste\/#primaryimage"},"thumbnailUrl":"https:\/\/www.manaus.am.gov.br\/semasc\/wp-content\/uploads\/sites\/17\/2023\/07\/20230714093356_IMG_7326.jpg","keywords":["idosos","manh\u00e3 de atividades","mulheres v\u00edtimas de viol\u00eancia"],"articleSection":["Assist\u00eancia"],"inLanguage":"pt-BR"},{"@type":"WebPage","@id":"https:\/\/www.manaus.am.gov.br\/semasc\/prefeitura-de-manaus-proporciona-manha-de-atividades-a-idosos-e-mulheres-vitimas-de-violencia-na-zona-leste\/","url":"https:\/\/www.manaus.am.gov.br\/semasc\/prefeitura-de-manaus-proporciona-manha-de-atividades-a-idosos-e-mulheres-vitimas-de-violencia-na-zona-leste\/","name":"Prefeitura de Manaus proporciona manh\u00e3 de atividades a idosos e mulheres v\u00edtimas de viol\u00eancia, na zona Leste - SEMASC","isPartOf":{"@id":"https:\/\/www.manaus.am.gov.br\/semasc\/#website"},"primaryImageOfPage":{"@id":"https:\/\/www.manaus.am.gov.br\/semasc\/prefeitura-de-manaus-proporciona-manha-de-atividades-a-idosos-e-mulheres-vitimas-de-violencia-na-zona-leste\/#primaryimage"},"image":{"@id":"https:\/\/www.manaus.am.gov.br\/semasc\/prefeitura-de-manaus-proporciona-manha-de-atividades-a-idosos-e-mulheres-vitimas-de-violencia-na-zona-leste\/#primaryimage"},"thumbnailUrl":"https:\/\/www.manaus.am.gov.br\/semasc\/wp-content\/uploads\/sites\/17\/2023\/07\/20230714093356_IMG_7326.jpg","datePublished":"2023-07-15T00:31:26+00:00","dateModified":"2023-07-15T00:31:28+00:00","breadcrumb":{"@id":"https:\/\/www.manaus.am.gov.br\/semasc\/prefeitura-de-manaus-proporciona-manha-de-atividades-a-idosos-e-mulheres-vitimas-de-violencia-na-zona-leste\/#breadcrumb"},"inLanguage":"pt-BR","potentialAction":[{"@type":"ReadAction","target":["https:\/\/www.manaus.am.gov.br\/semasc\/prefeitura-de-manaus-proporciona-manha-de-atividades-a-idosos-e-mulheres-vitimas-de-violencia-na-zona-leste\/"]}]},{"@type":"ImageObject","inLanguage":"pt-BR","@id":"https:\/\/www.manaus.am.gov.br\/semasc\/prefeitura-de-manaus-proporciona-manha-de-atividades-a-idosos-e-mulheres-vitimas-de-violencia-na-zona-leste\/#primaryimage","url":"https:\/\/www.manaus.am.gov.br\/semasc\/wp-content\/uploads\/sites\/17\/2023\/07\/20230714093356_IMG_7326.jpg","contentUrl":"https:\/\/www.manaus.am.gov.br\/semasc\/wp-content\/uploads\/sites\/17\/2023\/07\/20230714093356_IMG_7326.jpg","width":3862,"height":2575},{"@type":"BreadcrumbList","@id":"https:\/\/www.manaus.am.gov.br\/semasc\/prefeitura-de-manaus-proporciona-manha-de-atividades-a-idosos-e-mulheres-vitimas-de-violencia-na-zona-leste\/#breadcrumb","itemListElement":[{"@type":"ListItem","position":1,"name":"Home","item":"https:\/\/www.manaus.am.gov.br\/semasc\/"},{"@type":"ListItem","position":2,"name":"Prefeitura de Manaus proporciona manh\u00e3 de atividades a idosos e mulheres v\u00edtimas de viol\u00eancia, na zona Leste"}]},{"@type":"WebSite","@id":"https:\/\/www.manaus.am.gov.br\/semasc\/#website","url":"https:\/\/www.manaus.am.gov.br\/semasc\/","name":"SEMASC","description":"Secretaria Municipal da Mulher, Assist\u00eancia Social e Cidadania.","publisher":{"@id":"https:\/\/www.manaus.am.gov.br\/semasc\/#organization"},"alternateName":"Secretaria Municipal da Mulher, Assist\u00eancia Social e Cidadania","potentialAction":[{"@type":"SearchAction","target":{"@type":"EntryPoint","urlTemplate":"https:\/\/www.manaus.am.gov.br\/semasc\/?s={search_term_string}"},"query-input":"required name=search_term_string"}],"inLanguage":"pt-BR"},{"@type":"Organization","@id":"https:\/\/www.manaus.am.gov.br\/semasc\/#organization","name":"Prefeitura de Manaus","alternateName":"Prefeitura Municipal de Manaus","url":"https:\/\/www.manaus.am.gov.br\/semasc\/","logo":{"@type":"ImageObject","inLanguage":"pt-BR","@id":"https:\/\/www.manaus.am.gov.br\/semasc\/#\/schema\/logo\/image\/","url":"https:\/\/www.manaus.am.gov.br\/semasc\/wp-content\/uploads\/sites\/17\/2024\/07\/favicon.png","contentUrl":"https:\/\/www.manaus.am.gov.br\/semasc\/wp-content\/uploads\/sites\/17\/2024\/07\/favicon.png","width":300,"height":300,"caption":"Prefeitura de Manaus"},"image":{"@id":"https:\/\/www.manaus.am.gov.br\/semasc\/#\/schema\/logo\/image\/"},"sameAs":["https:\/\/www.facebook.com\/semascmanaus","https:\/\/www.instagram.com\/semascmanaus\/"]},{"@type":"Person","@id":"https:\/\/www.manaus.am.gov.br\/semasc\/#\/schema\/person\/4eea2a8f78dc853097abb026f728aa06","name":"Renata Felix","image":{"@type":"ImageObject","inLanguage":"pt-BR","@id":"https:\/\/www.manaus.am.gov.br\/semasc\/#\/schema\/person\/image\/","url":"https:\/\/secure.gravatar.com\/avatar\/3c196cf9d3b837b24c8edb2c50fd8f29?s=96&d=mm&r=g","contentUrl":"https:\/\/secure.gravatar.com\/avatar\/3c196cf9d3b837b24c8edb2c50fd8f29?s=96&d=mm&r=g","caption":"Renata Felix"}}]}},"_links":{"self":[{"href":"https:\/\/www.manaus.am.gov.br\/semasc\/wp-json\/wp\/v2\/posts\/207766"}],"collection":[{"href":"https:\/\/www.manaus.am.gov.br\/semasc\/wp-json\/wp\/v2\/posts"}],"about":[{"href":"https:\/\/www.manaus.am.gov.br\/semasc\/wp-json\/wp\/v2\/types\/post"}],"author":[{"embeddable":true,"href":"https:\/\/www.manaus.am.gov.br\/semasc\/wp-json\/wp\/v2\/users\/31"}],"replies":[{"embeddable":true,"href":"https:\/\/www.manaus.am.gov.br\/semasc\/wp-json\/wp\/v2\/comments?post=207766"}],"version-history":[{"count":0,"href":"https:\/\/www.manaus.am.gov.br\/semasc\/wp-json\/wp\/v2\/posts\/207766\/revisions"}],"wp:featuredmedia":[{"embeddable":true,"href":"https:\/\/www.manaus.am.gov.br\/semasc\/wp-json\/wp\/v2\/media\/207767"}],"wp:attachment":[{"href":"https:\/\/www.manaus.am.gov.br\/semasc\/wp-json\/wp\/v2\/media?parent=207766"}],"wp:term":[{"taxonomy":"category","embeddable":true,"href":"https:\/\/www.manaus.am.gov.br\/semasc\/wp-json\/wp\/v2\/categories?post=207766"},{"taxonomy":"post_tag","embeddable":true,"href":"https:\/\/www.manaus.am.gov.br\/semasc\/wp-json\/wp\/v2\/tags?post=207766"}],"curies":[{"name":"wp","href":"https:\/\/api.w.org\/{rel}","templated":true}]}}