{"id":207764,"date":"2023-07-14T10:54:11","date_gmt":"2023-07-14T14:54:11","guid":{"rendered":"https:\/\/www.manaus.am.gov.br\/semasc\/cmas-e-prefeitura-de-manaus-dao-inicio-a-14a-conferencia-municipal-de-assistencia-social\/"},"modified":"2023-07-14T10:54:13","modified_gmt":"2023-07-14T14:54:13","slug":"cmas-e-prefeitura-de-manaus-dao-inicio-a-14a-conferencia-municipal-de-assistencia-social","status":"publish","type":"post","link":"https:\/\/www.manaus.am.gov.br\/semasc\/cmas-e-prefeitura-de-manaus-dao-inicio-a-14a-conferencia-municipal-de-assistencia-social\/","title":{"rendered":"<strong>Cmas e Prefeitura de Manaus d\u00e3o in\u00edcio \u00e0 14\u00aa Confer\u00eancia Municipal de Assist\u00eancia Social<\/strong>"},"content":{"rendered":"\n<p>A Prefeitura de Manaus, por meio da Secretaria Municipal da Mulher, Assist\u00eancia Social e Cidadania (Semasc), e o Conselho Municipal de Assist\u00eancia Social de Manaus (Cmas), iniciaram, nesta quinta-feira, 13\/7, a 14\u00aa Confer\u00eancia Municipal de Assist\u00eancia Social.<\/p>\n\n\n\n<p>Com o objetivo de debater sobre a atua\u00e7\u00e3o, os impactos e as necessidades do Sistema \u00danico de Assist\u00eancia Social (Suas) na capital amazonense, o evento, que termina nesta sexta-feira, 14\/7, est\u00e1 sendo realizado no Centro de Conven\u00e7\u00f5es do Manaus Plaza Shopping, localizado na avenida Djalma Batista, no bairro Chapada, zona Centro-Sul da cidade.<\/p>\n\n\n\n<p>\u201cDurante esses dois dias, a gest\u00e3o municipal, trabalhadores e usu\u00e1rios do Suas discutir\u00e3o alternativas para melhorar e fortalecer ainda mais a pol\u00edtica de assist\u00eancia no nosso munic\u00edpio. Vamos debater, buscar proposi\u00e7\u00f5es para levar at\u00e9 a confer\u00eancia estadual e nacional para juntos obter as melhorias que o Suas precisa\u201d, afirmou Eduardo Lucas, secret\u00e1rio da Semasc.<\/p>\n\n\n\n<p>Para Paulo Lamego, que \u00e9 presidente do Conselho Municipal de Assist\u00eancia Social de Manaus (Cmas), o encontro \u00e9 a oportunidade para rever n\u00e3o apenas o que deixou de ser feito, mas tamb\u00e9m para construir aquilo que \u00e9 necess\u00e1rio dentro da pol\u00edtica de assist\u00eancia social em Manaus.<\/p>\n\n\n\n<p>\u201cO objetivo do nosso encontro \u00e9 reconstruir, sabendo o que temos, e mostrar aquilo que queremos. Agrade\u00e7o ao secret\u00e1rio Eduardo Lucas pelo empenho de toda a sua equipe e ao nosso conselho, que n\u00e3o mediu tempo e nem esfor\u00e7o para que pud\u00e9ssemos chegar at\u00e9 aqui\u201d, ressaltou.<\/p>\n\n\n\n<p>Al\u00e9m da leitura e aprova\u00e7\u00e3o do Regimento Interno da Confer\u00eancia, a confer\u00eancia tamb\u00e9m contou com a apresenta\u00e7\u00e3o da cantora M\u00e1rcia Siqueira e da pe\u00e7a \u201cRompendo o Sil\u00eancio\u201d, desenvolvida pelos grupos Cia de Teatro Arte Express\u00e3o e Cia de Dan\u00e7a Balaio Amaz\u00f4nico, ambos compostos por jovens da Casa Mam\u00e3e Margarida.<\/p>\n\n\n\n<p>O primeiro dia da confer\u00eancia reuniu cerca de 300 pessoas, entre usu\u00e1rios e trabalhadores do Suas, servidores p\u00fablicos e entidades que atuam com na \u00e1rea da assist\u00eancia social para discutir formas de fortalecer o Suas.<\/p>\n\n\n\n<p>Simone Lisboa, que \u00e9 representante dos trabalhadores de Assist\u00eancia Social pelo Sindicato das Assistentes Sociais do Amazonas (Saseam), destacou as principais necessidades do Suas.<\/p>\n\n\n\n<p>\u201cA confer\u00eancia \u00e9 a festa da democracia. O Suas que Manaus quer \u00e9 um Suas com a recomposi\u00e7\u00e3o de suas unidades e equipamentos. Manaus mudou, a popula\u00e7\u00e3o cresceu e os impactos deixados pela pandemia foram muito grandes, ent\u00e3o n\u00f3s precisamos de trabalhadores do Suas, equipes completas e permanentes, por isso queremos conclamar a todos para lutar por essas melhorias\u201d, destacou.<\/p>\n\n\n\n<p>Somado a isso, o coordenador-geral do Departamento de Prote\u00e7\u00e3o Social B\u00e1sica do Minist\u00e9rio do Desenvolvimento e Assist\u00eancia Social, Fam\u00edlia e Combate \u00e0 Fome (MDS), refor\u00e7ou o compromisso do governo federal com as propostas firmadas na confer\u00eancia.<\/p>\n\n\n\n<p>\u201cO governo federal tem se empenhado em construir cada vez mais uma assist\u00eancia social pr\u00f3xima das pessoas. A gente precisa ampliar a oferta da prote\u00e7\u00e3o b\u00e1sica, assim n\u00f3s vamos ter uma assist\u00eancia social menos socorrista e mais preventiva. Para isso n\u00f3s temos que investir em tecnologias sociais de preven\u00e7\u00e3o aos riscos, de preven\u00e7\u00e3o \u00e0s vulnerabilidades\u201d, afirmou.<\/p>\n\n\n\n<p>&#8212; &#8212; &#8212;<\/p>\n\n\n\n<p><strong>Texto &#8211;<\/strong> Jackeline Lima \/ Semasc<\/p>\n\n\n\n<p><strong>Fotos &#8211;<\/strong> Marcely Gomes \/ Semasc<\/p>\n\n\n\n<p><strong>Dispon\u00edveis em \u2013 <\/strong><a href=\"https:\/\/flic.kr\/s\/aHBqjAMn2u\" target=\"_blank\" rel=\"noreferrer noopener\">https:\/\/flic.kr\/s\/aHBqjAMn2u<\/a><\/p>\n","protected":false},"excerpt":{"rendered":"","protected":false},"author":39,"featured_media":207765,"comment_status":"closed","ping_status":"closed","sticky":false,"template":"","format":"standard","meta":{"footnotes":""},"categories":[212],"tags":[213,214,7,18,215],"acf":[],"yoast_head":"<!-- This site is optimized with the Yoast SEO plugin v23.0 - https:\/\/yoast.com\/wordpress\/plugins\/seo\/ -->\n<title>Cmas e Prefeitura de Manaus d\u00e3o in\u00edcio \u00e0 14\u00aa Confer\u00eancia Municipal de Assist\u00eancia Social<\/title>\n<meta name=\"description\" content=\"A Prefeitura de Manaus, por meio da Secretaria Municipal da Mulher, Assist\u00eancia Social e Cidadania (Semasc), e o Conselho Municipal de Assist\u00eancia Social de Manaus (Cmas), iniciaram, nesta quinta-feira, 13\/7, a 14\u00aa Confer\u00eancia Municipal de Assist\u00eancia Social.\" \/>\n<meta name=\"robots\" content=\"noindex, follow\" \/>\n<meta property=\"og:locale\" content=\"pt_BR\" \/>\n<meta property=\"og:type\" content=\"article\" \/>\n<meta property=\"og:title\" content=\"Cmas e Prefeitura de Manaus d\u00e3o in\u00edcio \u00e0 14\u00aa Confer\u00eancia Municipal de Assist\u00eancia Social\" \/>\n<meta property=\"og:description\" content=\"A Prefeitura de Manaus, por meio da Secretaria Municipal da Mulher, Assist\u00eancia Social e Cidadania (Semasc), e o Conselho Municipal de Assist\u00eancia Social de Manaus (Cmas), iniciaram, nesta quinta-feira, 13\/7, a 14\u00aa Confer\u00eancia Municipal de Assist\u00eancia Social.\" \/>\n<meta property=\"og:url\" content=\"https:\/\/www.manaus.am.gov.br\/semasc\/cmas-e-prefeitura-de-manaus-dao-inicio-a-14a-conferencia-municipal-de-assistencia-social\/\" \/>\n<meta property=\"og:site_name\" content=\"SEMASC\" \/>\n<meta property=\"article:publisher\" content=\"https:\/\/www.facebook.com\/semascmanaus\" \/>\n<meta property=\"article:published_time\" content=\"2023-07-14T14:54:11+00:00\" \/>\n<meta property=\"article:modified_time\" content=\"2023-07-14T14:54:13+00:00\" \/>\n<meta property=\"og:image\" content=\"https:\/\/www.manaus.am.gov.br\/semasc\/wp-content\/uploads\/sites\/17\/2023\/07\/53045217496_09f9090f1e_k.jpg\" \/>\n\t<meta property=\"og:image:width\" content=\"2048\" \/>\n\t<meta property=\"og:image:height\" content=\"1279\" \/>\n\t<meta property=\"og:image:type\" content=\"image\/jpeg\" \/>\n<meta name=\"author\" content=\"Bruna Greco\" \/>\n<meta name=\"twitter:card\" content=\"summary_large_image\" \/>\n<meta name=\"twitter:label1\" content=\"Written by\" \/>\n\t<meta name=\"twitter:data1\" content=\"Bruna Greco\" \/>\n\t<meta name=\"twitter:label2\" content=\"Est. reading time\" \/>\n\t<meta name=\"twitter:data2\" content=\"3 minutos\" \/>\n<script type=\"application\/ld+json\" class=\"yoast-schema-graph\">{\"@context\":\"https:\/\/schema.org\",\"@graph\":[{\"@type\":\"Article\",\"@id\":\"https:\/\/www.manaus.am.gov.br\/semasc\/cmas-e-prefeitura-de-manaus-dao-inicio-a-14a-conferencia-municipal-de-assistencia-social\/#article\",\"isPartOf\":{\"@id\":\"https:\/\/www.manaus.am.gov.br\/semasc\/cmas-e-prefeitura-de-manaus-dao-inicio-a-14a-conferencia-municipal-de-assistencia-social\/\"},\"author\":{\"name\":\"Bruna Greco\",\"@id\":\"https:\/\/www.manaus.am.gov.br\/semasc\/#\/schema\/person\/05d223aea2bf115f9883a6ff3683d81b\"},\"headline\":\"Cmas e Prefeitura de Manaus d\u00e3o in\u00edcio \u00e0 14\u00aa Confer\u00eancia Municipal de Assist\u00eancia Social\",\"datePublished\":\"2023-07-14T14:54:11+00:00\",\"dateModified\":\"2023-07-14T14:54:13+00:00\",\"mainEntityOfPage\":{\"@id\":\"https:\/\/www.manaus.am.gov.br\/semasc\/cmas-e-prefeitura-de-manaus-dao-inicio-a-14a-conferencia-municipal-de-assistencia-social\/\"},\"wordCount\":588,\"publisher\":{\"@id\":\"https:\/\/www.manaus.am.gov.br\/semasc\/#organization\"},\"image\":{\"@id\":\"https:\/\/www.manaus.am.gov.br\/semasc\/cmas-e-prefeitura-de-manaus-dao-inicio-a-14a-conferencia-municipal-de-assistencia-social\/#primaryimage\"},\"thumbnailUrl\":\"https:\/\/www.manaus.am.gov.br\/semasc\/wp-content\/uploads\/sites\/17\/2023\/07\/53045217496_09f9090f1e_k.jpg\",\"keywords\":[\"14\u00aa Confer\u00eancia Municipal de Assist\u00eancia Social\",\"Conselho Municipal de Assist\u00eancia Social de Manaus (Cmas)\",\"prefeitura de manaus\",\"Semasc\",\"Sistema \u00danico de Assist\u00eancia Social (SUAS)\"],\"articleSection\":[\"Confer\u00eancia\"],\"inLanguage\":\"pt-BR\"},{\"@type\":\"WebPage\",\"@id\":\"https:\/\/www.manaus.am.gov.br\/semasc\/cmas-e-prefeitura-de-manaus-dao-inicio-a-14a-conferencia-municipal-de-assistencia-social\/\",\"url\":\"https:\/\/www.manaus.am.gov.br\/semasc\/cmas-e-prefeitura-de-manaus-dao-inicio-a-14a-conferencia-municipal-de-assistencia-social\/\",\"name\":\"Cmas e Prefeitura de Manaus d\u00e3o in\u00edcio \u00e0 14\u00aa Confer\u00eancia Municipal de Assist\u00eancia Social\",\"isPartOf\":{\"@id\":\"https:\/\/www.manaus.am.gov.br\/semasc\/#website\"},\"primaryImageOfPage\":{\"@id\":\"https:\/\/www.manaus.am.gov.br\/semasc\/cmas-e-prefeitura-de-manaus-dao-inicio-a-14a-conferencia-municipal-de-assistencia-social\/#primaryimage\"},\"image\":{\"@id\":\"https:\/\/www.manaus.am.gov.br\/semasc\/cmas-e-prefeitura-de-manaus-dao-inicio-a-14a-conferencia-municipal-de-assistencia-social\/#primaryimage\"},\"thumbnailUrl\":\"https:\/\/www.manaus.am.gov.br\/semasc\/wp-content\/uploads\/sites\/17\/2023\/07\/53045217496_09f9090f1e_k.jpg\",\"datePublished\":\"2023-07-14T14:54:11+00:00\",\"dateModified\":\"2023-07-14T14:54:13+00:00\",\"description\":\"A Prefeitura de Manaus, por meio da Secretaria Municipal da Mulher, Assist\u00eancia Social e Cidadania (Semasc), e o Conselho Municipal de Assist\u00eancia Social de Manaus (Cmas), iniciaram, nesta quinta-feira, 13\/7, a 14\u00aa Confer\u00eancia Municipal de Assist\u00eancia Social.\",\"breadcrumb\":{\"@id\":\"https:\/\/www.manaus.am.gov.br\/semasc\/cmas-e-prefeitura-de-manaus-dao-inicio-a-14a-conferencia-municipal-de-assistencia-social\/#breadcrumb\"},\"inLanguage\":\"pt-BR\",\"potentialAction\":[{\"@type\":\"ReadAction\",\"target\":[\"https:\/\/www.manaus.am.gov.br\/semasc\/cmas-e-prefeitura-de-manaus-dao-inicio-a-14a-conferencia-municipal-de-assistencia-social\/\"]}]},{\"@type\":\"ImageObject\",\"inLanguage\":\"pt-BR\",\"@id\":\"https:\/\/www.manaus.am.gov.br\/semasc\/cmas-e-prefeitura-de-manaus-dao-inicio-a-14a-conferencia-municipal-de-assistencia-social\/#primaryimage\",\"url\":\"https:\/\/www.manaus.am.gov.br\/semasc\/wp-content\/uploads\/sites\/17\/2023\/07\/53045217496_09f9090f1e_k.jpg\",\"contentUrl\":\"https:\/\/www.manaus.am.gov.br\/semasc\/wp-content\/uploads\/sites\/17\/2023\/07\/53045217496_09f9090f1e_k.jpg\",\"width\":2048,\"height\":1279},{\"@type\":\"BreadcrumbList\",\"@id\":\"https:\/\/www.manaus.am.gov.br\/semasc\/cmas-e-prefeitura-de-manaus-dao-inicio-a-14a-conferencia-municipal-de-assistencia-social\/#breadcrumb\",\"itemListElement\":[{\"@type\":\"ListItem\",\"position\":1,\"name\":\"Home\",\"item\":\"https:\/\/www.manaus.am.gov.br\/semasc\/\"},{\"@type\":\"ListItem\",\"position\":2,\"name\":\"Cmas e Prefeitura de Manaus d\u00e3o in\u00edcio \u00e0 14\u00aa Confer\u00eancia Municipal de Assist\u00eancia Social\"}]},{\"@type\":\"WebSite\",\"@id\":\"https:\/\/www.manaus.am.gov.br\/semasc\/#website\",\"url\":\"https:\/\/www.manaus.am.gov.br\/semasc\/\",\"name\":\"SEMASC\",\"description\":\"Secretaria Municipal da Mulher, Assist\u00eancia Social e Cidadania.\",\"publisher\":{\"@id\":\"https:\/\/www.manaus.am.gov.br\/semasc\/#organization\"},\"alternateName\":\"Secretaria Municipal da Mulher, Assist\u00eancia Social e Cidadania\",\"potentialAction\":[{\"@type\":\"SearchAction\",\"target\":{\"@type\":\"EntryPoint\",\"urlTemplate\":\"https:\/\/www.manaus.am.gov.br\/semasc\/?s={search_term_string}\"},\"query-input\":\"required name=search_term_string\"}],\"inLanguage\":\"pt-BR\"},{\"@type\":\"Organization\",\"@id\":\"https:\/\/www.manaus.am.gov.br\/semasc\/#organization\",\"name\":\"Prefeitura de Manaus\",\"alternateName\":\"Prefeitura Municipal de Manaus\",\"url\":\"https:\/\/www.manaus.am.gov.br\/semasc\/\",\"logo\":{\"@type\":\"ImageObject\",\"inLanguage\":\"pt-BR\",\"@id\":\"https:\/\/www.manaus.am.gov.br\/semasc\/#\/schema\/logo\/image\/\",\"url\":\"https:\/\/www.manaus.am.gov.br\/semasc\/wp-content\/uploads\/sites\/17\/2024\/07\/favicon.png\",\"contentUrl\":\"https:\/\/www.manaus.am.gov.br\/semasc\/wp-content\/uploads\/sites\/17\/2024\/07\/favicon.png\",\"width\":300,\"height\":300,\"caption\":\"Prefeitura de Manaus\"},\"image\":{\"@id\":\"https:\/\/www.manaus.am.gov.br\/semasc\/#\/schema\/logo\/image\/\"},\"sameAs\":[\"https:\/\/www.facebook.com\/semascmanaus\",\"https:\/\/www.instagram.com\/semascmanaus\/\"]},{\"@type\":\"Person\",\"@id\":\"https:\/\/www.manaus.am.gov.br\/semasc\/#\/schema\/person\/05d223aea2bf115f9883a6ff3683d81b\",\"name\":\"Bruna Greco\",\"image\":{\"@type\":\"ImageObject\",\"inLanguage\":\"pt-BR\",\"@id\":\"https:\/\/www.manaus.am.gov.br\/semasc\/#\/schema\/person\/image\/\",\"url\":\"https:\/\/secure.gravatar.com\/avatar\/9c877d1a6adc2a055330e5c09a8653ce?s=96&d=mm&r=g\",\"contentUrl\":\"https:\/\/secure.gravatar.com\/avatar\/9c877d1a6adc2a055330e5c09a8653ce?s=96&d=mm&r=g\",\"caption\":\"Bruna Greco\"}}]}<\/script>\n<!-- \/ Yoast SEO plugin. -->","yoast_head_json":{"title":"Cmas e Prefeitura de Manaus d\u00e3o in\u00edcio \u00e0 14\u00aa Confer\u00eancia Municipal de Assist\u00eancia Social","description":"A Prefeitura de Manaus, por meio da Secretaria Municipal da Mulher, Assist\u00eancia Social e Cidadania (Semasc), e o Conselho Municipal de Assist\u00eancia Social de Manaus (Cmas), iniciaram, nesta quinta-feira, 13\/7, a 14\u00aa Confer\u00eancia Municipal de Assist\u00eancia Social.","robots":{"index":"noindex","follow":"follow"},"og_locale":"pt_BR","og_type":"article","og_title":"Cmas e Prefeitura de Manaus d\u00e3o in\u00edcio \u00e0 14\u00aa Confer\u00eancia Municipal de Assist\u00eancia Social","og_description":"A Prefeitura de Manaus, por meio da Secretaria Municipal da Mulher, Assist\u00eancia Social e Cidadania (Semasc), e o Conselho Municipal de Assist\u00eancia Social de Manaus (Cmas), iniciaram, nesta quinta-feira, 13\/7, a 14\u00aa Confer\u00eancia Municipal de Assist\u00eancia Social.","og_url":"https:\/\/www.manaus.am.gov.br\/semasc\/cmas-e-prefeitura-de-manaus-dao-inicio-a-14a-conferencia-municipal-de-assistencia-social\/","og_site_name":"SEMASC","article_publisher":"https:\/\/www.facebook.com\/semascmanaus","article_published_time":"2023-07-14T14:54:11+00:00","article_modified_time":"2023-07-14T14:54:13+00:00","og_image":[{"width":2048,"height":1279,"url":"https:\/\/www.manaus.am.gov.br\/semasc\/wp-content\/uploads\/sites\/17\/2023\/07\/53045217496_09f9090f1e_k.jpg","type":"image\/jpeg"}],"author":"Bruna Greco","twitter_card":"summary_large_image","twitter_misc":{"Written by":"Bruna Greco","Est. reading time":"3 minutos"},"schema":{"@context":"https:\/\/schema.org","@graph":[{"@type":"Article","@id":"https:\/\/www.manaus.am.gov.br\/semasc\/cmas-e-prefeitura-de-manaus-dao-inicio-a-14a-conferencia-municipal-de-assistencia-social\/#article","isPartOf":{"@id":"https:\/\/www.manaus.am.gov.br\/semasc\/cmas-e-prefeitura-de-manaus-dao-inicio-a-14a-conferencia-municipal-de-assistencia-social\/"},"author":{"name":"Bruna Greco","@id":"https:\/\/www.manaus.am.gov.br\/semasc\/#\/schema\/person\/05d223aea2bf115f9883a6ff3683d81b"},"headline":"Cmas e Prefeitura de Manaus d\u00e3o in\u00edcio \u00e0 14\u00aa Confer\u00eancia Municipal de Assist\u00eancia Social","datePublished":"2023-07-14T14:54:11+00:00","dateModified":"2023-07-14T14:54:13+00:00","mainEntityOfPage":{"@id":"https:\/\/www.manaus.am.gov.br\/semasc\/cmas-e-prefeitura-de-manaus-dao-inicio-a-14a-conferencia-municipal-de-assistencia-social\/"},"wordCount":588,"publisher":{"@id":"https:\/\/www.manaus.am.gov.br\/semasc\/#organization"},"image":{"@id":"https:\/\/www.manaus.am.gov.br\/semasc\/cmas-e-prefeitura-de-manaus-dao-inicio-a-14a-conferencia-municipal-de-assistencia-social\/#primaryimage"},"thumbnailUrl":"https:\/\/www.manaus.am.gov.br\/semasc\/wp-content\/uploads\/sites\/17\/2023\/07\/53045217496_09f9090f1e_k.jpg","keywords":["14\u00aa Confer\u00eancia Municipal de Assist\u00eancia Social","Conselho Municipal de Assist\u00eancia Social de Manaus (Cmas)","prefeitura de manaus","Semasc","Sistema \u00danico de Assist\u00eancia Social (SUAS)"],"articleSection":["Confer\u00eancia"],"inLanguage":"pt-BR"},{"@type":"WebPage","@id":"https:\/\/www.manaus.am.gov.br\/semasc\/cmas-e-prefeitura-de-manaus-dao-inicio-a-14a-conferencia-municipal-de-assistencia-social\/","url":"https:\/\/www.manaus.am.gov.br\/semasc\/cmas-e-prefeitura-de-manaus-dao-inicio-a-14a-conferencia-municipal-de-assistencia-social\/","name":"Cmas e Prefeitura de Manaus d\u00e3o in\u00edcio \u00e0 14\u00aa Confer\u00eancia Municipal de Assist\u00eancia Social","isPartOf":{"@id":"https:\/\/www.manaus.am.gov.br\/semasc\/#website"},"primaryImageOfPage":{"@id":"https:\/\/www.manaus.am.gov.br\/semasc\/cmas-e-prefeitura-de-manaus-dao-inicio-a-14a-conferencia-municipal-de-assistencia-social\/#primaryimage"},"image":{"@id":"https:\/\/www.manaus.am.gov.br\/semasc\/cmas-e-prefeitura-de-manaus-dao-inicio-a-14a-conferencia-municipal-de-assistencia-social\/#primaryimage"},"thumbnailUrl":"https:\/\/www.manaus.am.gov.br\/semasc\/wp-content\/uploads\/sites\/17\/2023\/07\/53045217496_09f9090f1e_k.jpg","datePublished":"2023-07-14T14:54:11+00:00","dateModified":"2023-07-14T14:54:13+00:00","description":"A Prefeitura de Manaus, por meio da Secretaria Municipal da Mulher, Assist\u00eancia Social e Cidadania (Semasc), e o Conselho Municipal de Assist\u00eancia Social de Manaus (Cmas), iniciaram, nesta quinta-feira, 13\/7, a 14\u00aa Confer\u00eancia Municipal de Assist\u00eancia Social.","breadcrumb":{"@id":"https:\/\/www.manaus.am.gov.br\/semasc\/cmas-e-prefeitura-de-manaus-dao-inicio-a-14a-conferencia-municipal-de-assistencia-social\/#breadcrumb"},"inLanguage":"pt-BR","potentialAction":[{"@type":"ReadAction","target":["https:\/\/www.manaus.am.gov.br\/semasc\/cmas-e-prefeitura-de-manaus-dao-inicio-a-14a-conferencia-municipal-de-assistencia-social\/"]}]},{"@type":"ImageObject","inLanguage":"pt-BR","@id":"https:\/\/www.manaus.am.gov.br\/semasc\/cmas-e-prefeitura-de-manaus-dao-inicio-a-14a-conferencia-municipal-de-assistencia-social\/#primaryimage","url":"https:\/\/www.manaus.am.gov.br\/semasc\/wp-content\/uploads\/sites\/17\/2023\/07\/53045217496_09f9090f1e_k.jpg","contentUrl":"https:\/\/www.manaus.am.gov.br\/semasc\/wp-content\/uploads\/sites\/17\/2023\/07\/53045217496_09f9090f1e_k.jpg","width":2048,"height":1279},{"@type":"BreadcrumbList","@id":"https:\/\/www.manaus.am.gov.br\/semasc\/cmas-e-prefeitura-de-manaus-dao-inicio-a-14a-conferencia-municipal-de-assistencia-social\/#breadcrumb","itemListElement":[{"@type":"ListItem","position":1,"name":"Home","item":"https:\/\/www.manaus.am.gov.br\/semasc\/"},{"@type":"ListItem","position":2,"name":"Cmas e Prefeitura de Manaus d\u00e3o in\u00edcio \u00e0 14\u00aa Confer\u00eancia Municipal de Assist\u00eancia Social"}]},{"@type":"WebSite","@id":"https:\/\/www.manaus.am.gov.br\/semasc\/#website","url":"https:\/\/www.manaus.am.gov.br\/semasc\/","name":"SEMASC","description":"Secretaria Municipal da Mulher, Assist\u00eancia Social e Cidadania.","publisher":{"@id":"https:\/\/www.manaus.am.gov.br\/semasc\/#organization"},"alternateName":"Secretaria Municipal da Mulher, Assist\u00eancia Social e Cidadania","potentialAction":[{"@type":"SearchAction","target":{"@type":"EntryPoint","urlTemplate":"https:\/\/www.manaus.am.gov.br\/semasc\/?s={search_term_string}"},"query-input":"required name=search_term_string"}],"inLanguage":"pt-BR"},{"@type":"Organization","@id":"https:\/\/www.manaus.am.gov.br\/semasc\/#organization","name":"Prefeitura de Manaus","alternateName":"Prefeitura Municipal de Manaus","url":"https:\/\/www.manaus.am.gov.br\/semasc\/","logo":{"@type":"ImageObject","inLanguage":"pt-BR","@id":"https:\/\/www.manaus.am.gov.br\/semasc\/#\/schema\/logo\/image\/","url":"https:\/\/www.manaus.am.gov.br\/semasc\/wp-content\/uploads\/sites\/17\/2024\/07\/favicon.png","contentUrl":"https:\/\/www.manaus.am.gov.br\/semasc\/wp-content\/uploads\/sites\/17\/2024\/07\/favicon.png","width":300,"height":300,"caption":"Prefeitura de Manaus"},"image":{"@id":"https:\/\/www.manaus.am.gov.br\/semasc\/#\/schema\/logo\/image\/"},"sameAs":["https:\/\/www.facebook.com\/semascmanaus","https:\/\/www.instagram.com\/semascmanaus\/"]},{"@type":"Person","@id":"https:\/\/www.manaus.am.gov.br\/semasc\/#\/schema\/person\/05d223aea2bf115f9883a6ff3683d81b","name":"Bruna Greco","image":{"@type":"ImageObject","inLanguage":"pt-BR","@id":"https:\/\/www.manaus.am.gov.br\/semasc\/#\/schema\/person\/image\/","url":"https:\/\/secure.gravatar.com\/avatar\/9c877d1a6adc2a055330e5c09a8653ce?s=96&d=mm&r=g","contentUrl":"https:\/\/secure.gravatar.com\/avatar\/9c877d1a6adc2a055330e5c09a8653ce?s=96&d=mm&r=g","caption":"Bruna Greco"}}]}},"_links":{"self":[{"href":"https:\/\/www.manaus.am.gov.br\/semasc\/wp-json\/wp\/v2\/posts\/207764"}],"collection":[{"href":"https:\/\/www.manaus.am.gov.br\/semasc\/wp-json\/wp\/v2\/posts"}],"about":[{"href":"https:\/\/www.manaus.am.gov.br\/semasc\/wp-json\/wp\/v2\/types\/post"}],"author":[{"embeddable":true,"href":"https:\/\/www.manaus.am.gov.br\/semasc\/wp-json\/wp\/v2\/users\/39"}],"replies":[{"embeddable":true,"href":"https:\/\/www.manaus.am.gov.br\/semasc\/wp-json\/wp\/v2\/comments?post=207764"}],"version-history":[{"count":0,"href":"https:\/\/www.manaus.am.gov.br\/semasc\/wp-json\/wp\/v2\/posts\/207764\/revisions"}],"wp:featuredmedia":[{"embeddable":true,"href":"https:\/\/www.manaus.am.gov.br\/semasc\/wp-json\/wp\/v2\/media\/207765"}],"wp:attachment":[{"href":"https:\/\/www.manaus.am.gov.br\/semasc\/wp-json\/wp\/v2\/media?parent=207764"}],"wp:term":[{"taxonomy":"category","embeddable":true,"href":"https:\/\/www.manaus.am.gov.br\/semasc\/wp-json\/wp\/v2\/categories?post=207764"},{"taxonomy":"post_tag","embeddable":true,"href":"https:\/\/www.manaus.am.gov.br\/semasc\/wp-json\/wp\/v2\/tags?post=207764"}],"curies":[{"name":"wp","href":"https:\/\/api.w.org\/{rel}","templated":true}]}}