{"id":207741,"date":"2023-07-11T21:45:29","date_gmt":"2023-07-12T01:45:29","guid":{"rendered":"https:\/\/www.manaus.am.gov.br\/semasc\/prefeitura-de-manaus-fortalece-assistencia-socioeducativa-com-evento-alusivo-aos-33-anos-do-eca\/"},"modified":"2023-07-11T21:45:29","modified_gmt":"2023-07-12T01:45:29","slug":"prefeitura-de-manaus-fortalece-assistencia-socioeducativa-com-evento-alusivo-aos-33-anos-do-eca","status":"publish","type":"post","link":"https:\/\/www.manaus.am.gov.br\/semasc\/prefeitura-de-manaus-fortalece-assistencia-socioeducativa-com-evento-alusivo-aos-33-anos-do-eca\/","title":{"rendered":"<strong>Prefeitura de Manaus fortalece assist\u00eancia socioeducativa com evento alusivo aos 33 anos do ECA<\/strong>"},"content":{"rendered":"\n<p>A Prefeitura de Manaus, por meio da Secretaria Municipal da Mulher, Assist\u00eancia Social e Cidadania (Semasc), realizou, nesta ter\u00e7a-feira, 11\/7, o evento \u201cECA 33 anos: O Trabalho da Assist\u00eancia Social nas Medidas Socioeducativas em Meio Aberto \u2013 O Direito de Empatia\u201d, em alus\u00e3o ao anivers\u00e1rio de cria\u00e7\u00e3o do Estatuto da Crian\u00e7a e do Adolescente (ECA).&nbsp;<\/p>\n\n\n\n<p>Com o objetivo de discutir a import\u00e2ncia do estatuto enquanto legisla\u00e7\u00e3o que trata da prote\u00e7\u00e3o integral de crian\u00e7as e adolescentes e&nbsp;explorar os trabalhos desenvolvidos pelos Centros de Refer\u00eancia Especializados de Assist\u00eancia Social (Creas) na capital, o evento foi realizado no&nbsp;Centro de Conviv\u00eancia da Fam\u00edlia e do Idoso Prefeito Jos\u00e9 Fernandes, localizado na rua Barreirinha, bairro S\u00e3o Jos\u00e9 3, na zona Leste.<\/p>\n\n\n\n<p>\u201cO ECA \u00e9 um exemplo para o mundo. Hoje n\u00f3s conseguimos reunir boa parte da rede de prote\u00e7\u00e3o e garantia de direitos do nosso munic\u00edpio e \u00e9 muito importante esse trabalho integrado. A Semasc procura sempre trabalhar em conjunto com outras pol\u00edticas, os nossos Creas s\u00e3o equipamentos important\u00edssimos na garantia e defesa de direitos de nossas crian\u00e7as e adolescentes, da\u00ed a import\u00e2ncia de reunirmos todos esses parceiros para comemorarmos juntos esse marco hist\u00f3rico na legisla\u00e7\u00e3o brasileira\u201d, afirmou Eduardo Lucas, secret\u00e1rio da Semasc.<\/p>\n\n\n\n<p>O evento contou com a participa\u00e7\u00e3o de diversas institui\u00e7\u00f5es parceiras, entre elas,as Secretarias Municipais de Justi\u00e7a, Direitos Humanos e Cidadania (Sejusc), de Sa\u00fade (Semsa), representantes da Defensoria P\u00fablica do Estado do Amazonas (DPE \u2013AM), Instituto Coca-Cola Brasil e Organiza\u00e7\u00f5es da Sociedade Civil (OSCs). Al\u00e9m disso, tamb\u00e9m houve apresenta\u00e7\u00e3o cultural desenvolvida pelo grupo \u2018Curumins na Lata\u2019.<\/p>\n\n\n\n<figure class=\"wp-block-image size-full\"><img loading=\"lazy\" decoding=\"async\" width=\"799\" height=\"533\" src=\"https:\/\/www.manaus.am.gov.br\/semasc\/wp-content\/uploads\/sites\/17\/2023\/07\/53038213207_2231d3a154_c.jpg\" alt=\"\" class=\"wp-image-207742\" srcset=\"https:\/\/www.manaus.am.gov.br\/semasc\/wp-content\/uploads\/sites\/17\/2023\/07\/53038213207_2231d3a154_c.jpg 799w, https:\/\/www.manaus.am.gov.br\/semasc\/wp-content\/uploads\/sites\/17\/2023\/07\/53038213207_2231d3a154_c-300x200.jpg 300w, https:\/\/www.manaus.am.gov.br\/semasc\/wp-content\/uploads\/sites\/17\/2023\/07\/53038213207_2231d3a154_c-768x512.jpg 768w\" sizes=\"(max-width: 799px) 100vw, 799px\" \/><\/figure>\n\n\n\n<p>M\u00e1rcia Helena, chefe da Divis\u00e3o Especial de M\u00e9dia Complexidade do Departamento de Prote\u00e7\u00e3o Social Especial e coordenadora do evento, destaca o papel dos Creas no atendimento aos jovens infratores.<\/p>\n\n\n\n<p>\u201cA Semasc recebe os adolescentes que est\u00e3o em cumprimento dessas medidas e o nosso olhar \u00e9 de empatia, precisamos dar oportunidade a esse adolescente, para que tenha perspectiva futura. Ent\u00e3o, o evento de hoje vem falar de respeito, de empatia, de compromisso e de \u00e9tica, tudo isso est\u00e1 alinhado \u00e0 proposta da legisla\u00e7\u00e3o da crian\u00e7a e do adolescente\u201d, ressaltou.<\/p>\n\n\n\n<p>Somado a isso, Eliene Passos, que atua como psic\u00f3loga e t\u00e9cnica do Creas Centro-Oeste, refor\u00e7a a import\u00e2ncia de quebrar o estigma do trabalho que \u00e9 desenvolvido frente \u00e0s medidas socioeducativas em meio aberto que s\u00e3o executadas pelos centros.<\/p>\n\n\n\n<p>\u201cEssa medida \u00e9 importante tanto para o adolescente quanto para a sociedade, e \u00e9 necess\u00e1rio um esfor\u00e7o coletivo para mudar a realidade desses jovens. A gente precisa que as pessoas entendam o que \u00e9 a medida socioeducativa para que possam cooperar conosco\u201d, destacou.<\/p>\n\n\n\n<p>&#8212; &#8212; &#8212;<\/p>\n\n\n\n<p><strong>Texto &#8211;&nbsp;<\/strong>Jackeline Lima \/ Semasc<\/p>\n\n\n\n<p><strong>Fotos \u2013&nbsp;<\/strong>Jo\u00e3o Viana \/ Semcom<\/p>\n\n\n\n<p><strong>Dispon\u00edveis em &#8211; <\/strong><a href=\"https:\/\/flic.kr\/s\/aHBqjAM2tL\">https:\/\/flic.kr\/s\/aHBqjAM2tL<\/a><\/p>\n","protected":false},"excerpt":{"rendered":"","protected":false},"author":31,"featured_media":207743,"comment_status":"closed","ping_status":"closed","sticky":false,"template":"","format":"standard","meta":{"footnotes":""},"categories":[198],"tags":[209,210],"acf":[],"yoast_head":"<!-- This site is optimized with the Yoast SEO plugin v23.0 - https:\/\/yoast.com\/wordpress\/plugins\/seo\/ -->\n<title>Prefeitura de Manaus fortalece assist\u00eancia socioeducativa com evento alusivo aos 33 anos do ECA - SEMASC<\/title>\n<meta name=\"robots\" content=\"noindex, follow\" \/>\n<meta property=\"og:locale\" content=\"pt_BR\" \/>\n<meta property=\"og:type\" content=\"article\" \/>\n<meta property=\"og:title\" content=\"Prefeitura de Manaus fortalece assist\u00eancia socioeducativa com evento alusivo aos 33 anos do ECA - SEMASC\" \/>\n<meta property=\"og:url\" content=\"https:\/\/www.manaus.am.gov.br\/semasc\/prefeitura-de-manaus-fortalece-assistencia-socioeducativa-com-evento-alusivo-aos-33-anos-do-eca\/\" \/>\n<meta property=\"og:site_name\" content=\"SEMASC\" \/>\n<meta property=\"article:publisher\" content=\"https:\/\/www.facebook.com\/semascmanaus\" \/>\n<meta property=\"article:published_time\" content=\"2023-07-12T01:45:29+00:00\" \/>\n<meta property=\"og:image\" content=\"https:\/\/www.manaus.am.gov.br\/semasc\/wp-content\/uploads\/sites\/17\/2023\/07\/53038215442_36b87d46a2_c.jpg\" \/>\n\t<meta property=\"og:image:width\" content=\"799\" \/>\n\t<meta property=\"og:image:height\" content=\"533\" \/>\n\t<meta property=\"og:image:type\" content=\"image\/jpeg\" \/>\n<meta name=\"author\" content=\"Renata Felix\" \/>\n<meta name=\"twitter:card\" content=\"summary_large_image\" \/>\n<meta name=\"twitter:label1\" content=\"Written by\" \/>\n\t<meta name=\"twitter:data1\" content=\"Renata Felix\" \/>\n\t<meta name=\"twitter:label2\" content=\"Est. reading time\" \/>\n\t<meta name=\"twitter:data2\" content=\"3 minutos\" \/>\n<script type=\"application\/ld+json\" class=\"yoast-schema-graph\">{\"@context\":\"https:\/\/schema.org\",\"@graph\":[{\"@type\":\"Article\",\"@id\":\"https:\/\/www.manaus.am.gov.br\/semasc\/prefeitura-de-manaus-fortalece-assistencia-socioeducativa-com-evento-alusivo-aos-33-anos-do-eca\/#article\",\"isPartOf\":{\"@id\":\"https:\/\/www.manaus.am.gov.br\/semasc\/prefeitura-de-manaus-fortalece-assistencia-socioeducativa-com-evento-alusivo-aos-33-anos-do-eca\/\"},\"author\":{\"name\":\"Renata Felix\",\"@id\":\"https:\/\/www.manaus.am.gov.br\/semasc\/#\/schema\/person\/4eea2a8f78dc853097abb026f728aa06\"},\"headline\":\"Prefeitura de Manaus fortalece assist\u00eancia socioeducativa com evento alusivo aos 33 anos do ECA\",\"datePublished\":\"2023-07-12T01:45:29+00:00\",\"dateModified\":\"2023-07-12T01:45:29+00:00\",\"mainEntityOfPage\":{\"@id\":\"https:\/\/www.manaus.am.gov.br\/semasc\/prefeitura-de-manaus-fortalece-assistencia-socioeducativa-com-evento-alusivo-aos-33-anos-do-eca\/\"},\"wordCount\":506,\"publisher\":{\"@id\":\"https:\/\/www.manaus.am.gov.br\/semasc\/#organization\"},\"image\":{\"@id\":\"https:\/\/www.manaus.am.gov.br\/semasc\/prefeitura-de-manaus-fortalece-assistencia-socioeducativa-com-evento-alusivo-aos-33-anos-do-eca\/#primaryimage\"},\"thumbnailUrl\":\"https:\/\/www.manaus.am.gov.br\/semasc\/wp-content\/uploads\/sites\/17\/2023\/07\/53038215442_36b87d46a2_c.jpg\",\"keywords\":[\"33 anos do ECA\",\"O Trabalho da Assist\u00eancia Social nas Medidas Socioeducativas em Meio Aberto\"],\"articleSection\":[\"Direitos\"],\"inLanguage\":\"pt-BR\"},{\"@type\":\"WebPage\",\"@id\":\"https:\/\/www.manaus.am.gov.br\/semasc\/prefeitura-de-manaus-fortalece-assistencia-socioeducativa-com-evento-alusivo-aos-33-anos-do-eca\/\",\"url\":\"https:\/\/www.manaus.am.gov.br\/semasc\/prefeitura-de-manaus-fortalece-assistencia-socioeducativa-com-evento-alusivo-aos-33-anos-do-eca\/\",\"name\":\"Prefeitura de Manaus fortalece assist\u00eancia socioeducativa com evento alusivo aos 33 anos do ECA - SEMASC\",\"isPartOf\":{\"@id\":\"https:\/\/www.manaus.am.gov.br\/semasc\/#website\"},\"primaryImageOfPage\":{\"@id\":\"https:\/\/www.manaus.am.gov.br\/semasc\/prefeitura-de-manaus-fortalece-assistencia-socioeducativa-com-evento-alusivo-aos-33-anos-do-eca\/#primaryimage\"},\"image\":{\"@id\":\"https:\/\/www.manaus.am.gov.br\/semasc\/prefeitura-de-manaus-fortalece-assistencia-socioeducativa-com-evento-alusivo-aos-33-anos-do-eca\/#primaryimage\"},\"thumbnailUrl\":\"https:\/\/www.manaus.am.gov.br\/semasc\/wp-content\/uploads\/sites\/17\/2023\/07\/53038215442_36b87d46a2_c.jpg\",\"datePublished\":\"2023-07-12T01:45:29+00:00\",\"dateModified\":\"2023-07-12T01:45:29+00:00\",\"breadcrumb\":{\"@id\":\"https:\/\/www.manaus.am.gov.br\/semasc\/prefeitura-de-manaus-fortalece-assistencia-socioeducativa-com-evento-alusivo-aos-33-anos-do-eca\/#breadcrumb\"},\"inLanguage\":\"pt-BR\",\"potentialAction\":[{\"@type\":\"ReadAction\",\"target\":[\"https:\/\/www.manaus.am.gov.br\/semasc\/prefeitura-de-manaus-fortalece-assistencia-socioeducativa-com-evento-alusivo-aos-33-anos-do-eca\/\"]}]},{\"@type\":\"ImageObject\",\"inLanguage\":\"pt-BR\",\"@id\":\"https:\/\/www.manaus.am.gov.br\/semasc\/prefeitura-de-manaus-fortalece-assistencia-socioeducativa-com-evento-alusivo-aos-33-anos-do-eca\/#primaryimage\",\"url\":\"https:\/\/www.manaus.am.gov.br\/semasc\/wp-content\/uploads\/sites\/17\/2023\/07\/53038215442_36b87d46a2_c.jpg\",\"contentUrl\":\"https:\/\/www.manaus.am.gov.br\/semasc\/wp-content\/uploads\/sites\/17\/2023\/07\/53038215442_36b87d46a2_c.jpg\",\"width\":799,\"height\":533},{\"@type\":\"BreadcrumbList\",\"@id\":\"https:\/\/www.manaus.am.gov.br\/semasc\/prefeitura-de-manaus-fortalece-assistencia-socioeducativa-com-evento-alusivo-aos-33-anos-do-eca\/#breadcrumb\",\"itemListElement\":[{\"@type\":\"ListItem\",\"position\":1,\"name\":\"Home\",\"item\":\"https:\/\/www.manaus.am.gov.br\/semasc\/\"},{\"@type\":\"ListItem\",\"position\":2,\"name\":\"Prefeitura de Manaus fortalece assist\u00eancia socioeducativa com evento alusivo aos 33 anos do ECA\"}]},{\"@type\":\"WebSite\",\"@id\":\"https:\/\/www.manaus.am.gov.br\/semasc\/#website\",\"url\":\"https:\/\/www.manaus.am.gov.br\/semasc\/\",\"name\":\"SEMASC\",\"description\":\"Secretaria Municipal da Mulher, Assist\u00eancia Social e Cidadania.\",\"publisher\":{\"@id\":\"https:\/\/www.manaus.am.gov.br\/semasc\/#organization\"},\"alternateName\":\"Secretaria Municipal da Mulher, Assist\u00eancia Social e Cidadania\",\"potentialAction\":[{\"@type\":\"SearchAction\",\"target\":{\"@type\":\"EntryPoint\",\"urlTemplate\":\"https:\/\/www.manaus.am.gov.br\/semasc\/?s={search_term_string}\"},\"query-input\":\"required name=search_term_string\"}],\"inLanguage\":\"pt-BR\"},{\"@type\":\"Organization\",\"@id\":\"https:\/\/www.manaus.am.gov.br\/semasc\/#organization\",\"name\":\"Prefeitura de Manaus\",\"alternateName\":\"Prefeitura Municipal de Manaus\",\"url\":\"https:\/\/www.manaus.am.gov.br\/semasc\/\",\"logo\":{\"@type\":\"ImageObject\",\"inLanguage\":\"pt-BR\",\"@id\":\"https:\/\/www.manaus.am.gov.br\/semasc\/#\/schema\/logo\/image\/\",\"url\":\"https:\/\/www.manaus.am.gov.br\/semasc\/wp-content\/uploads\/sites\/17\/2024\/07\/favicon.png\",\"contentUrl\":\"https:\/\/www.manaus.am.gov.br\/semasc\/wp-content\/uploads\/sites\/17\/2024\/07\/favicon.png\",\"width\":300,\"height\":300,\"caption\":\"Prefeitura de Manaus\"},\"image\":{\"@id\":\"https:\/\/www.manaus.am.gov.br\/semasc\/#\/schema\/logo\/image\/\"},\"sameAs\":[\"https:\/\/www.facebook.com\/semascmanaus\",\"https:\/\/www.instagram.com\/semascmanaus\/\"]},{\"@type\":\"Person\",\"@id\":\"https:\/\/www.manaus.am.gov.br\/semasc\/#\/schema\/person\/4eea2a8f78dc853097abb026f728aa06\",\"name\":\"Renata Felix\",\"image\":{\"@type\":\"ImageObject\",\"inLanguage\":\"pt-BR\",\"@id\":\"https:\/\/www.manaus.am.gov.br\/semasc\/#\/schema\/person\/image\/\",\"url\":\"https:\/\/secure.gravatar.com\/avatar\/3c196cf9d3b837b24c8edb2c50fd8f29?s=96&d=mm&r=g\",\"contentUrl\":\"https:\/\/secure.gravatar.com\/avatar\/3c196cf9d3b837b24c8edb2c50fd8f29?s=96&d=mm&r=g\",\"caption\":\"Renata Felix\"}}]}<\/script>\n<!-- \/ Yoast SEO plugin. -->","yoast_head_json":{"title":"Prefeitura de Manaus fortalece assist\u00eancia socioeducativa com evento alusivo aos 33 anos do ECA - SEMASC","robots":{"index":"noindex","follow":"follow"},"og_locale":"pt_BR","og_type":"article","og_title":"Prefeitura de Manaus fortalece assist\u00eancia socioeducativa com evento alusivo aos 33 anos do ECA - SEMASC","og_url":"https:\/\/www.manaus.am.gov.br\/semasc\/prefeitura-de-manaus-fortalece-assistencia-socioeducativa-com-evento-alusivo-aos-33-anos-do-eca\/","og_site_name":"SEMASC","article_publisher":"https:\/\/www.facebook.com\/semascmanaus","article_published_time":"2023-07-12T01:45:29+00:00","og_image":[{"width":799,"height":533,"url":"https:\/\/www.manaus.am.gov.br\/semasc\/wp-content\/uploads\/sites\/17\/2023\/07\/53038215442_36b87d46a2_c.jpg","type":"image\/jpeg"}],"author":"Renata Felix","twitter_card":"summary_large_image","twitter_misc":{"Written by":"Renata Felix","Est. reading time":"3 minutos"},"schema":{"@context":"https:\/\/schema.org","@graph":[{"@type":"Article","@id":"https:\/\/www.manaus.am.gov.br\/semasc\/prefeitura-de-manaus-fortalece-assistencia-socioeducativa-com-evento-alusivo-aos-33-anos-do-eca\/#article","isPartOf":{"@id":"https:\/\/www.manaus.am.gov.br\/semasc\/prefeitura-de-manaus-fortalece-assistencia-socioeducativa-com-evento-alusivo-aos-33-anos-do-eca\/"},"author":{"name":"Renata Felix","@id":"https:\/\/www.manaus.am.gov.br\/semasc\/#\/schema\/person\/4eea2a8f78dc853097abb026f728aa06"},"headline":"Prefeitura de Manaus fortalece assist\u00eancia socioeducativa com evento alusivo aos 33 anos do ECA","datePublished":"2023-07-12T01:45:29+00:00","dateModified":"2023-07-12T01:45:29+00:00","mainEntityOfPage":{"@id":"https:\/\/www.manaus.am.gov.br\/semasc\/prefeitura-de-manaus-fortalece-assistencia-socioeducativa-com-evento-alusivo-aos-33-anos-do-eca\/"},"wordCount":506,"publisher":{"@id":"https:\/\/www.manaus.am.gov.br\/semasc\/#organization"},"image":{"@id":"https:\/\/www.manaus.am.gov.br\/semasc\/prefeitura-de-manaus-fortalece-assistencia-socioeducativa-com-evento-alusivo-aos-33-anos-do-eca\/#primaryimage"},"thumbnailUrl":"https:\/\/www.manaus.am.gov.br\/semasc\/wp-content\/uploads\/sites\/17\/2023\/07\/53038215442_36b87d46a2_c.jpg","keywords":["33 anos do ECA","O Trabalho da Assist\u00eancia Social nas Medidas Socioeducativas em Meio Aberto"],"articleSection":["Direitos"],"inLanguage":"pt-BR"},{"@type":"WebPage","@id":"https:\/\/www.manaus.am.gov.br\/semasc\/prefeitura-de-manaus-fortalece-assistencia-socioeducativa-com-evento-alusivo-aos-33-anos-do-eca\/","url":"https:\/\/www.manaus.am.gov.br\/semasc\/prefeitura-de-manaus-fortalece-assistencia-socioeducativa-com-evento-alusivo-aos-33-anos-do-eca\/","name":"Prefeitura de Manaus fortalece assist\u00eancia socioeducativa com evento alusivo aos 33 anos do ECA - SEMASC","isPartOf":{"@id":"https:\/\/www.manaus.am.gov.br\/semasc\/#website"},"primaryImageOfPage":{"@id":"https:\/\/www.manaus.am.gov.br\/semasc\/prefeitura-de-manaus-fortalece-assistencia-socioeducativa-com-evento-alusivo-aos-33-anos-do-eca\/#primaryimage"},"image":{"@id":"https:\/\/www.manaus.am.gov.br\/semasc\/prefeitura-de-manaus-fortalece-assistencia-socioeducativa-com-evento-alusivo-aos-33-anos-do-eca\/#primaryimage"},"thumbnailUrl":"https:\/\/www.manaus.am.gov.br\/semasc\/wp-content\/uploads\/sites\/17\/2023\/07\/53038215442_36b87d46a2_c.jpg","datePublished":"2023-07-12T01:45:29+00:00","dateModified":"2023-07-12T01:45:29+00:00","breadcrumb":{"@id":"https:\/\/www.manaus.am.gov.br\/semasc\/prefeitura-de-manaus-fortalece-assistencia-socioeducativa-com-evento-alusivo-aos-33-anos-do-eca\/#breadcrumb"},"inLanguage":"pt-BR","potentialAction":[{"@type":"ReadAction","target":["https:\/\/www.manaus.am.gov.br\/semasc\/prefeitura-de-manaus-fortalece-assistencia-socioeducativa-com-evento-alusivo-aos-33-anos-do-eca\/"]}]},{"@type":"ImageObject","inLanguage":"pt-BR","@id":"https:\/\/www.manaus.am.gov.br\/semasc\/prefeitura-de-manaus-fortalece-assistencia-socioeducativa-com-evento-alusivo-aos-33-anos-do-eca\/#primaryimage","url":"https:\/\/www.manaus.am.gov.br\/semasc\/wp-content\/uploads\/sites\/17\/2023\/07\/53038215442_36b87d46a2_c.jpg","contentUrl":"https:\/\/www.manaus.am.gov.br\/semasc\/wp-content\/uploads\/sites\/17\/2023\/07\/53038215442_36b87d46a2_c.jpg","width":799,"height":533},{"@type":"BreadcrumbList","@id":"https:\/\/www.manaus.am.gov.br\/semasc\/prefeitura-de-manaus-fortalece-assistencia-socioeducativa-com-evento-alusivo-aos-33-anos-do-eca\/#breadcrumb","itemListElement":[{"@type":"ListItem","position":1,"name":"Home","item":"https:\/\/www.manaus.am.gov.br\/semasc\/"},{"@type":"ListItem","position":2,"name":"Prefeitura de Manaus fortalece assist\u00eancia socioeducativa com evento alusivo aos 33 anos do ECA"}]},{"@type":"WebSite","@id":"https:\/\/www.manaus.am.gov.br\/semasc\/#website","url":"https:\/\/www.manaus.am.gov.br\/semasc\/","name":"SEMASC","description":"Secretaria Municipal da Mulher, Assist\u00eancia Social e Cidadania.","publisher":{"@id":"https:\/\/www.manaus.am.gov.br\/semasc\/#organization"},"alternateName":"Secretaria Municipal da Mulher, Assist\u00eancia Social e Cidadania","potentialAction":[{"@type":"SearchAction","target":{"@type":"EntryPoint","urlTemplate":"https:\/\/www.manaus.am.gov.br\/semasc\/?s={search_term_string}"},"query-input":"required name=search_term_string"}],"inLanguage":"pt-BR"},{"@type":"Organization","@id":"https:\/\/www.manaus.am.gov.br\/semasc\/#organization","name":"Prefeitura de Manaus","alternateName":"Prefeitura Municipal de Manaus","url":"https:\/\/www.manaus.am.gov.br\/semasc\/","logo":{"@type":"ImageObject","inLanguage":"pt-BR","@id":"https:\/\/www.manaus.am.gov.br\/semasc\/#\/schema\/logo\/image\/","url":"https:\/\/www.manaus.am.gov.br\/semasc\/wp-content\/uploads\/sites\/17\/2024\/07\/favicon.png","contentUrl":"https:\/\/www.manaus.am.gov.br\/semasc\/wp-content\/uploads\/sites\/17\/2024\/07\/favicon.png","width":300,"height":300,"caption":"Prefeitura de Manaus"},"image":{"@id":"https:\/\/www.manaus.am.gov.br\/semasc\/#\/schema\/logo\/image\/"},"sameAs":["https:\/\/www.facebook.com\/semascmanaus","https:\/\/www.instagram.com\/semascmanaus\/"]},{"@type":"Person","@id":"https:\/\/www.manaus.am.gov.br\/semasc\/#\/schema\/person\/4eea2a8f78dc853097abb026f728aa06","name":"Renata Felix","image":{"@type":"ImageObject","inLanguage":"pt-BR","@id":"https:\/\/www.manaus.am.gov.br\/semasc\/#\/schema\/person\/image\/","url":"https:\/\/secure.gravatar.com\/avatar\/3c196cf9d3b837b24c8edb2c50fd8f29?s=96&d=mm&r=g","contentUrl":"https:\/\/secure.gravatar.com\/avatar\/3c196cf9d3b837b24c8edb2c50fd8f29?s=96&d=mm&r=g","caption":"Renata Felix"}}]}},"_links":{"self":[{"href":"https:\/\/www.manaus.am.gov.br\/semasc\/wp-json\/wp\/v2\/posts\/207741"}],"collection":[{"href":"https:\/\/www.manaus.am.gov.br\/semasc\/wp-json\/wp\/v2\/posts"}],"about":[{"href":"https:\/\/www.manaus.am.gov.br\/semasc\/wp-json\/wp\/v2\/types\/post"}],"author":[{"embeddable":true,"href":"https:\/\/www.manaus.am.gov.br\/semasc\/wp-json\/wp\/v2\/users\/31"}],"replies":[{"embeddable":true,"href":"https:\/\/www.manaus.am.gov.br\/semasc\/wp-json\/wp\/v2\/comments?post=207741"}],"version-history":[{"count":1,"href":"https:\/\/www.manaus.am.gov.br\/semasc\/wp-json\/wp\/v2\/posts\/207741\/revisions"}],"predecessor-version":[{"id":207744,"href":"https:\/\/www.manaus.am.gov.br\/semasc\/wp-json\/wp\/v2\/posts\/207741\/revisions\/207744"}],"wp:featuredmedia":[{"embeddable":true,"href":"https:\/\/www.manaus.am.gov.br\/semasc\/wp-json\/wp\/v2\/media\/207743"}],"wp:attachment":[{"href":"https:\/\/www.manaus.am.gov.br\/semasc\/wp-json\/wp\/v2\/media?parent=207741"}],"wp:term":[{"taxonomy":"category","embeddable":true,"href":"https:\/\/www.manaus.am.gov.br\/semasc\/wp-json\/wp\/v2\/categories?post=207741"},{"taxonomy":"post_tag","embeddable":true,"href":"https:\/\/www.manaus.am.gov.br\/semasc\/wp-json\/wp\/v2\/tags?post=207741"}],"curies":[{"name":"wp","href":"https:\/\/api.w.org\/{rel}","templated":true}]}}