{"id":207739,"date":"2023-07-11T16:31:48","date_gmt":"2023-07-11T20:31:48","guid":{"rendered":"https:\/\/www.manaus.am.gov.br\/semasc\/prefeitura-de-manaus-promove-acao-de-cidadania-para-pessoas-em-situacao-de-rua\/"},"modified":"2023-07-11T16:31:49","modified_gmt":"2023-07-11T20:31:49","slug":"prefeitura-de-manaus-promove-acao-de-cidadania-para-pessoas-em-situacao-de-rua","status":"publish","type":"post","link":"https:\/\/www.manaus.am.gov.br\/semasc\/prefeitura-de-manaus-promove-acao-de-cidadania-para-pessoas-em-situacao-de-rua\/","title":{"rendered":"<strong>Prefeitura de Manaus promove a\u00e7\u00e3o de cidadania para pessoas em situa\u00e7\u00e3o de rua<\/strong>"},"content":{"rendered":"\n<p>A Prefeitura de Manaus, por meio da Secretaria Municipal da Mulher, Assist\u00eancia Social e Cidadania (Semasc), a Defensoria P\u00fablica do Estado do Amazonas (DPE-AM) e as Organiza\u00e7\u00f5es da Sociedade Civil (OSCs) se uniram, nesta ter\u00e7a-feira, 11\/7, para promover uma importante a\u00e7\u00e3o de cidadania voltada \u00e0s pessoas em situa\u00e7\u00e3o de rua na cidade. O objetivo da iniciativa \u00e9 oferecer suporte e assist\u00eancia integral a esse grupo vulner\u00e1vel, visando melhorar suas condi\u00e7\u00f5es de vida e promover sua inclus\u00e3o social.<\/p>\n\n\n\n<p>A a\u00e7\u00e3o conjunta aconteceu no Centro Pop, no bairro Petr\u00f3polis, zona Sul da cidade, e contou com a participa\u00e7\u00e3o da Secretaria Municipal de Sa\u00fade (Semsa) e as organiza\u00e7\u00f5es Nacer e Desafio Jovem. A iniciativa buscou proporcionar acesso a servi\u00e7os b\u00e1sicos, direitos e informa\u00e7\u00f5es importantes para essas pessoas.<\/p>\n\n\n\n<p>\u201cEssa a\u00e7\u00e3o \u00e9 primordial para eles. Hoje, no Centro Pop, estamos ofertando banho, massoterapia, atendimento cl\u00ednico, vacina\u00e7\u00e3o, teste r\u00e1pido, psic\u00f3logos, e tamb\u00e9m temos o apoio da Defensoria P\u00fablica com rela\u00e7\u00e3o a processos, entre outros parceiros\u201d, afirmou Emerson Rodrigues, coordenador do Centro Pop.<\/p>\n\n\n\n<p>A a\u00e7\u00e3o tamb\u00e9m contou com a presen\u00e7a de profissionais da \u00e1rea jur\u00eddica, que ofereceram orienta\u00e7\u00f5es legais, auxiliaram na regulariza\u00e7\u00e3o de documentos e encaminharam casos para a Defensoria P\u00fablica, a fim de garantir o acesso \u00e0 Justi\u00e7a e a defesa dos direitos desses cidad\u00e3os.<\/p>\n\n\n\n<p>\u201cAlinhado a um atendimento psicossocial e humanizado, tamb\u00e9m existe o trabalho da Defensoria, onde a gente se aproxima desse p\u00fablico que tem dificuldade em ter acesso \u00e0 Defensoria por conta da situa\u00e7\u00e3o em que eles vivem. Eles j\u00e1 n\u00e3o se sentem pertencentes, e n\u00e3o deveria ser assim. Estamos trabalhando para mudar essa realidade, para que eles entendam que a Defensoria \u00e9 a casa deles tamb\u00e9m\u201d, ressaltou a defensora p\u00fablica, St\u00e9fanie Sobral.<\/p>\n\n\n\n<p>A iniciativa reflete o compromisso das organiza\u00e7\u00f5es em combater a vulnerabilidade social e proporcionar condi\u00e7\u00f5es dignas de vida para todos os cidad\u00e3os, adotando medidas que fortale\u00e7am a promo\u00e7\u00e3o da cidadania e a garantia dos direitos fundamentais para aqueles que mais necessitam.<\/p>\n\n\n\n<p>Roziane Menezes, coordenadora do Servi\u00e7o de Abordagem Social Girassol, coordenado pelo Nacer, ressalta que o objetivo da a\u00e7\u00e3o \u00e9 identificar e atender a demanda dos usu\u00e1rios, para que eles possam iniciar o processo de sair das ruas e mudar de vida.<\/p>\n\n\n\n<p>\u201cEstamos ofertando um banho solid\u00e1rio na nossa cabine com a entrega do kit de higiene e de roupas. Tamb\u00e9m estamos fornecendo a escuta emergencial com dois psic\u00f3logos e atendimento psicossocial com assistentes sociais para encaminhamento de poss\u00edveis necessidades e demandas. Com esses servi\u00e7os a pessoa caminha para um grau de pertencimento e se reconhece novamente como cidad\u00e3o\u201d, explicou.<\/p>\n\n\n\n<p>O cantor Robson Silva, de 48 anos, que \u00e9 ex-morador de rua, foi um dos usu\u00e1rios que teve a sua realidade transformada por meio de a\u00e7\u00f5es sociais e destaca a import\u00e2ncia dessas iniciativas.<\/p>\n\n\n\n<p>\u201c\u00c9 muito importante esses servi\u00e7os. Eu j\u00e1 precisei de documentos para poder exercer os meus direitos e consegui esses documentos por meio desses atendimentos. Assim eu consegui receber um aux\u00edlio, hoje eu moro alugado, em um kitnet, e consegui melhorar de vida\u201d, afirmou.<\/p>\n\n\n\n<p>&#8212; &#8212; &#8212;<\/p>\n\n\n\n<p><strong>Texto &#8211; <\/strong>Jackeline Lima \/ Semasc<\/p>\n\n\n\n<p><strong>Fotos &#8211; <\/strong>Marcely Gomes \/ Semasc<\/p>\n\n\n\n<p><strong>Dispon\u00edveis em &#8211;<\/strong> <a href=\"https:\/\/flic.kr\/s\/aHBqjAM2VP\">https:\/\/flic.kr\/s\/aHBqjAM2VP<\/a><\/p>\n","protected":false},"excerpt":{"rendered":"","protected":false},"author":39,"featured_media":207740,"comment_status":"closed","ping_status":"closed","sticky":false,"template":"","format":"standard","meta":{"footnotes":""},"categories":[204],"tags":[192,205,206,207,144,7,18,208],"acf":[],"yoast_head":"<!-- This site is optimized with the Yoast SEO plugin v23.0 - https:\/\/yoast.com\/wordpress\/plugins\/seo\/ -->\n<title>Prefeitura de Manaus promove a\u00e7\u00e3o de cidadania para pessoas em situa\u00e7\u00e3o de rua<\/title>\n<meta name=\"description\" content=\"O objetivo da iniciativa \u00e9 oferecer suporte e assist\u00eancia integral a esse grupo vulner\u00e1vel, visando melhorar suas condi\u00e7\u00f5es de vida e promover sua inclus\u00e3o social.\" \/>\n<meta name=\"robots\" content=\"noindex, follow\" \/>\n<meta property=\"og:locale\" content=\"pt_BR\" \/>\n<meta property=\"og:type\" content=\"article\" \/>\n<meta property=\"og:title\" content=\"Prefeitura de Manaus promove a\u00e7\u00e3o de cidadania para pessoas em situa\u00e7\u00e3o de rua\" \/>\n<meta property=\"og:description\" content=\"O objetivo da iniciativa \u00e9 oferecer suporte e assist\u00eancia integral a esse grupo vulner\u00e1vel, visando melhorar suas condi\u00e7\u00f5es de vida e promover sua inclus\u00e3o social.\" \/>\n<meta property=\"og:url\" content=\"https:\/\/www.manaus.am.gov.br\/semasc\/prefeitura-de-manaus-promove-acao-de-cidadania-para-pessoas-em-situacao-de-rua\/\" \/>\n<meta property=\"og:site_name\" content=\"SEMASC\" \/>\n<meta property=\"article:publisher\" content=\"https:\/\/www.facebook.com\/semascmanaus\" \/>\n<meta property=\"article:published_time\" content=\"2023-07-11T20:31:48+00:00\" \/>\n<meta property=\"article:modified_time\" content=\"2023-07-11T20:31:49+00:00\" \/>\n<meta property=\"og:image\" content=\"https:\/\/www.manaus.am.gov.br\/semasc\/wp-content\/uploads\/sites\/17\/2023\/07\/20230711092903_IMG_6637-1024x630.jpg\" \/>\n\t<meta property=\"og:image:width\" content=\"1024\" \/>\n\t<meta property=\"og:image:height\" content=\"630\" \/>\n\t<meta property=\"og:image:type\" content=\"image\/jpeg\" \/>\n<meta name=\"author\" content=\"Bruna Greco\" \/>\n<meta name=\"twitter:card\" content=\"summary_large_image\" \/>\n<meta name=\"twitter:label1\" content=\"Written by\" \/>\n\t<meta name=\"twitter:data1\" content=\"Bruna Greco\" \/>\n\t<meta name=\"twitter:label2\" content=\"Est. reading time\" \/>\n\t<meta name=\"twitter:data2\" content=\"3 minutos\" \/>\n<script type=\"application\/ld+json\" class=\"yoast-schema-graph\">{\"@context\":\"https:\/\/schema.org\",\"@graph\":[{\"@type\":\"Article\",\"@id\":\"https:\/\/www.manaus.am.gov.br\/semasc\/prefeitura-de-manaus-promove-acao-de-cidadania-para-pessoas-em-situacao-de-rua\/#article\",\"isPartOf\":{\"@id\":\"https:\/\/www.manaus.am.gov.br\/semasc\/prefeitura-de-manaus-promove-acao-de-cidadania-para-pessoas-em-situacao-de-rua\/\"},\"author\":{\"name\":\"Bruna Greco\",\"@id\":\"https:\/\/www.manaus.am.gov.br\/semasc\/#\/schema\/person\/05d223aea2bf115f9883a6ff3683d81b\"},\"headline\":\"Prefeitura de Manaus promove a\u00e7\u00e3o de cidadania para pessoas em situa\u00e7\u00e3o de rua\",\"datePublished\":\"2023-07-11T20:31:48+00:00\",\"dateModified\":\"2023-07-11T20:31:49+00:00\",\"mainEntityOfPage\":{\"@id\":\"https:\/\/www.manaus.am.gov.br\/semasc\/prefeitura-de-manaus-promove-acao-de-cidadania-para-pessoas-em-situacao-de-rua\/\"},\"wordCount\":586,\"publisher\":{\"@id\":\"https:\/\/www.manaus.am.gov.br\/semasc\/#organization\"},\"image\":{\"@id\":\"https:\/\/www.manaus.am.gov.br\/semasc\/prefeitura-de-manaus-promove-acao-de-cidadania-para-pessoas-em-situacao-de-rua\/#primaryimage\"},\"thumbnailUrl\":\"https:\/\/www.manaus.am.gov.br\/semasc\/wp-content\/uploads\/sites\/17\/2023\/07\/20230711092903_IMG_6637.jpg\",\"keywords\":[\"a\u00e7\u00e3o de cidadania\",\"centro pop\",\"grupo vulner\u00e1vel\",\"inclus\u00e3o social\",\"pessoas em situa\u00e7\u00e3o de rua\",\"prefeitura de manaus\",\"Semasc\",\"suporte e assist\u00eancia integral\"],\"articleSection\":[\"Inclus\u00e3o\"],\"inLanguage\":\"pt-BR\"},{\"@type\":\"WebPage\",\"@id\":\"https:\/\/www.manaus.am.gov.br\/semasc\/prefeitura-de-manaus-promove-acao-de-cidadania-para-pessoas-em-situacao-de-rua\/\",\"url\":\"https:\/\/www.manaus.am.gov.br\/semasc\/prefeitura-de-manaus-promove-acao-de-cidadania-para-pessoas-em-situacao-de-rua\/\",\"name\":\"Prefeitura de Manaus promove a\u00e7\u00e3o de cidadania para pessoas em situa\u00e7\u00e3o de rua\",\"isPartOf\":{\"@id\":\"https:\/\/www.manaus.am.gov.br\/semasc\/#website\"},\"primaryImageOfPage\":{\"@id\":\"https:\/\/www.manaus.am.gov.br\/semasc\/prefeitura-de-manaus-promove-acao-de-cidadania-para-pessoas-em-situacao-de-rua\/#primaryimage\"},\"image\":{\"@id\":\"https:\/\/www.manaus.am.gov.br\/semasc\/prefeitura-de-manaus-promove-acao-de-cidadania-para-pessoas-em-situacao-de-rua\/#primaryimage\"},\"thumbnailUrl\":\"https:\/\/www.manaus.am.gov.br\/semasc\/wp-content\/uploads\/sites\/17\/2023\/07\/20230711092903_IMG_6637.jpg\",\"datePublished\":\"2023-07-11T20:31:48+00:00\",\"dateModified\":\"2023-07-11T20:31:49+00:00\",\"description\":\"O objetivo da iniciativa \u00e9 oferecer suporte e assist\u00eancia integral a esse grupo vulner\u00e1vel, visando melhorar suas condi\u00e7\u00f5es de vida e promover sua inclus\u00e3o social.\",\"breadcrumb\":{\"@id\":\"https:\/\/www.manaus.am.gov.br\/semasc\/prefeitura-de-manaus-promove-acao-de-cidadania-para-pessoas-em-situacao-de-rua\/#breadcrumb\"},\"inLanguage\":\"pt-BR\",\"potentialAction\":[{\"@type\":\"ReadAction\",\"target\":[\"https:\/\/www.manaus.am.gov.br\/semasc\/prefeitura-de-manaus-promove-acao-de-cidadania-para-pessoas-em-situacao-de-rua\/\"]}]},{\"@type\":\"ImageObject\",\"inLanguage\":\"pt-BR\",\"@id\":\"https:\/\/www.manaus.am.gov.br\/semasc\/prefeitura-de-manaus-promove-acao-de-cidadania-para-pessoas-em-situacao-de-rua\/#primaryimage\",\"url\":\"https:\/\/www.manaus.am.gov.br\/semasc\/wp-content\/uploads\/sites\/17\/2023\/07\/20230711092903_IMG_6637.jpg\",\"contentUrl\":\"https:\/\/www.manaus.am.gov.br\/semasc\/wp-content\/uploads\/sites\/17\/2023\/07\/20230711092903_IMG_6637.jpg\",\"width\":3885,\"height\":2392},{\"@type\":\"BreadcrumbList\",\"@id\":\"https:\/\/www.manaus.am.gov.br\/semasc\/prefeitura-de-manaus-promove-acao-de-cidadania-para-pessoas-em-situacao-de-rua\/#breadcrumb\",\"itemListElement\":[{\"@type\":\"ListItem\",\"position\":1,\"name\":\"Home\",\"item\":\"https:\/\/www.manaus.am.gov.br\/semasc\/\"},{\"@type\":\"ListItem\",\"position\":2,\"name\":\"Prefeitura de Manaus promove a\u00e7\u00e3o de cidadania para pessoas em situa\u00e7\u00e3o de rua\"}]},{\"@type\":\"WebSite\",\"@id\":\"https:\/\/www.manaus.am.gov.br\/semasc\/#website\",\"url\":\"https:\/\/www.manaus.am.gov.br\/semasc\/\",\"name\":\"SEMASC\",\"description\":\"Secretaria Municipal da Mulher, Assist\u00eancia Social e Cidadania.\",\"publisher\":{\"@id\":\"https:\/\/www.manaus.am.gov.br\/semasc\/#organization\"},\"alternateName\":\"Secretaria Municipal da Mulher, Assist\u00eancia Social e Cidadania\",\"potentialAction\":[{\"@type\":\"SearchAction\",\"target\":{\"@type\":\"EntryPoint\",\"urlTemplate\":\"https:\/\/www.manaus.am.gov.br\/semasc\/?s={search_term_string}\"},\"query-input\":\"required name=search_term_string\"}],\"inLanguage\":\"pt-BR\"},{\"@type\":\"Organization\",\"@id\":\"https:\/\/www.manaus.am.gov.br\/semasc\/#organization\",\"name\":\"Prefeitura de Manaus\",\"alternateName\":\"Prefeitura Municipal de Manaus\",\"url\":\"https:\/\/www.manaus.am.gov.br\/semasc\/\",\"logo\":{\"@type\":\"ImageObject\",\"inLanguage\":\"pt-BR\",\"@id\":\"https:\/\/www.manaus.am.gov.br\/semasc\/#\/schema\/logo\/image\/\",\"url\":\"https:\/\/www.manaus.am.gov.br\/semasc\/wp-content\/uploads\/sites\/17\/2024\/07\/favicon.png\",\"contentUrl\":\"https:\/\/www.manaus.am.gov.br\/semasc\/wp-content\/uploads\/sites\/17\/2024\/07\/favicon.png\",\"width\":300,\"height\":300,\"caption\":\"Prefeitura de Manaus\"},\"image\":{\"@id\":\"https:\/\/www.manaus.am.gov.br\/semasc\/#\/schema\/logo\/image\/\"},\"sameAs\":[\"https:\/\/www.facebook.com\/semascmanaus\",\"https:\/\/www.instagram.com\/semascmanaus\/\"]},{\"@type\":\"Person\",\"@id\":\"https:\/\/www.manaus.am.gov.br\/semasc\/#\/schema\/person\/05d223aea2bf115f9883a6ff3683d81b\",\"name\":\"Bruna Greco\",\"image\":{\"@type\":\"ImageObject\",\"inLanguage\":\"pt-BR\",\"@id\":\"https:\/\/www.manaus.am.gov.br\/semasc\/#\/schema\/person\/image\/\",\"url\":\"https:\/\/secure.gravatar.com\/avatar\/9c877d1a6adc2a055330e5c09a8653ce?s=96&d=mm&r=g\",\"contentUrl\":\"https:\/\/secure.gravatar.com\/avatar\/9c877d1a6adc2a055330e5c09a8653ce?s=96&d=mm&r=g\",\"caption\":\"Bruna Greco\"}}]}<\/script>\n<!-- \/ Yoast SEO plugin. -->","yoast_head_json":{"title":"Prefeitura de Manaus promove a\u00e7\u00e3o de cidadania para pessoas em situa\u00e7\u00e3o de rua","description":"O objetivo da iniciativa \u00e9 oferecer suporte e assist\u00eancia integral a esse grupo vulner\u00e1vel, visando melhorar suas condi\u00e7\u00f5es de vida e promover sua inclus\u00e3o social.","robots":{"index":"noindex","follow":"follow"},"og_locale":"pt_BR","og_type":"article","og_title":"Prefeitura de Manaus promove a\u00e7\u00e3o de cidadania para pessoas em situa\u00e7\u00e3o de rua","og_description":"O objetivo da iniciativa \u00e9 oferecer suporte e assist\u00eancia integral a esse grupo vulner\u00e1vel, visando melhorar suas condi\u00e7\u00f5es de vida e promover sua inclus\u00e3o social.","og_url":"https:\/\/www.manaus.am.gov.br\/semasc\/prefeitura-de-manaus-promove-acao-de-cidadania-para-pessoas-em-situacao-de-rua\/","og_site_name":"SEMASC","article_publisher":"https:\/\/www.facebook.com\/semascmanaus","article_published_time":"2023-07-11T20:31:48+00:00","article_modified_time":"2023-07-11T20:31:49+00:00","og_image":[{"width":1024,"height":630,"url":"https:\/\/www.manaus.am.gov.br\/semasc\/wp-content\/uploads\/sites\/17\/2023\/07\/20230711092903_IMG_6637-1024x630.jpg","type":"image\/jpeg"}],"author":"Bruna Greco","twitter_card":"summary_large_image","twitter_misc":{"Written by":"Bruna Greco","Est. reading time":"3 minutos"},"schema":{"@context":"https:\/\/schema.org","@graph":[{"@type":"Article","@id":"https:\/\/www.manaus.am.gov.br\/semasc\/prefeitura-de-manaus-promove-acao-de-cidadania-para-pessoas-em-situacao-de-rua\/#article","isPartOf":{"@id":"https:\/\/www.manaus.am.gov.br\/semasc\/prefeitura-de-manaus-promove-acao-de-cidadania-para-pessoas-em-situacao-de-rua\/"},"author":{"name":"Bruna Greco","@id":"https:\/\/www.manaus.am.gov.br\/semasc\/#\/schema\/person\/05d223aea2bf115f9883a6ff3683d81b"},"headline":"Prefeitura de Manaus promove a\u00e7\u00e3o de cidadania para pessoas em situa\u00e7\u00e3o de rua","datePublished":"2023-07-11T20:31:48+00:00","dateModified":"2023-07-11T20:31:49+00:00","mainEntityOfPage":{"@id":"https:\/\/www.manaus.am.gov.br\/semasc\/prefeitura-de-manaus-promove-acao-de-cidadania-para-pessoas-em-situacao-de-rua\/"},"wordCount":586,"publisher":{"@id":"https:\/\/www.manaus.am.gov.br\/semasc\/#organization"},"image":{"@id":"https:\/\/www.manaus.am.gov.br\/semasc\/prefeitura-de-manaus-promove-acao-de-cidadania-para-pessoas-em-situacao-de-rua\/#primaryimage"},"thumbnailUrl":"https:\/\/www.manaus.am.gov.br\/semasc\/wp-content\/uploads\/sites\/17\/2023\/07\/20230711092903_IMG_6637.jpg","keywords":["a\u00e7\u00e3o de cidadania","centro pop","grupo vulner\u00e1vel","inclus\u00e3o social","pessoas em situa\u00e7\u00e3o de rua","prefeitura de manaus","Semasc","suporte e assist\u00eancia integral"],"articleSection":["Inclus\u00e3o"],"inLanguage":"pt-BR"},{"@type":"WebPage","@id":"https:\/\/www.manaus.am.gov.br\/semasc\/prefeitura-de-manaus-promove-acao-de-cidadania-para-pessoas-em-situacao-de-rua\/","url":"https:\/\/www.manaus.am.gov.br\/semasc\/prefeitura-de-manaus-promove-acao-de-cidadania-para-pessoas-em-situacao-de-rua\/","name":"Prefeitura de Manaus promove a\u00e7\u00e3o de cidadania para pessoas em situa\u00e7\u00e3o de rua","isPartOf":{"@id":"https:\/\/www.manaus.am.gov.br\/semasc\/#website"},"primaryImageOfPage":{"@id":"https:\/\/www.manaus.am.gov.br\/semasc\/prefeitura-de-manaus-promove-acao-de-cidadania-para-pessoas-em-situacao-de-rua\/#primaryimage"},"image":{"@id":"https:\/\/www.manaus.am.gov.br\/semasc\/prefeitura-de-manaus-promove-acao-de-cidadania-para-pessoas-em-situacao-de-rua\/#primaryimage"},"thumbnailUrl":"https:\/\/www.manaus.am.gov.br\/semasc\/wp-content\/uploads\/sites\/17\/2023\/07\/20230711092903_IMG_6637.jpg","datePublished":"2023-07-11T20:31:48+00:00","dateModified":"2023-07-11T20:31:49+00:00","description":"O objetivo da iniciativa \u00e9 oferecer suporte e assist\u00eancia integral a esse grupo vulner\u00e1vel, visando melhorar suas condi\u00e7\u00f5es de vida e promover sua inclus\u00e3o social.","breadcrumb":{"@id":"https:\/\/www.manaus.am.gov.br\/semasc\/prefeitura-de-manaus-promove-acao-de-cidadania-para-pessoas-em-situacao-de-rua\/#breadcrumb"},"inLanguage":"pt-BR","potentialAction":[{"@type":"ReadAction","target":["https:\/\/www.manaus.am.gov.br\/semasc\/prefeitura-de-manaus-promove-acao-de-cidadania-para-pessoas-em-situacao-de-rua\/"]}]},{"@type":"ImageObject","inLanguage":"pt-BR","@id":"https:\/\/www.manaus.am.gov.br\/semasc\/prefeitura-de-manaus-promove-acao-de-cidadania-para-pessoas-em-situacao-de-rua\/#primaryimage","url":"https:\/\/www.manaus.am.gov.br\/semasc\/wp-content\/uploads\/sites\/17\/2023\/07\/20230711092903_IMG_6637.jpg","contentUrl":"https:\/\/www.manaus.am.gov.br\/semasc\/wp-content\/uploads\/sites\/17\/2023\/07\/20230711092903_IMG_6637.jpg","width":3885,"height":2392},{"@type":"BreadcrumbList","@id":"https:\/\/www.manaus.am.gov.br\/semasc\/prefeitura-de-manaus-promove-acao-de-cidadania-para-pessoas-em-situacao-de-rua\/#breadcrumb","itemListElement":[{"@type":"ListItem","position":1,"name":"Home","item":"https:\/\/www.manaus.am.gov.br\/semasc\/"},{"@type":"ListItem","position":2,"name":"Prefeitura de Manaus promove a\u00e7\u00e3o de cidadania para pessoas em situa\u00e7\u00e3o de rua"}]},{"@type":"WebSite","@id":"https:\/\/www.manaus.am.gov.br\/semasc\/#website","url":"https:\/\/www.manaus.am.gov.br\/semasc\/","name":"SEMASC","description":"Secretaria Municipal da Mulher, Assist\u00eancia Social e Cidadania.","publisher":{"@id":"https:\/\/www.manaus.am.gov.br\/semasc\/#organization"},"alternateName":"Secretaria Municipal da Mulher, Assist\u00eancia Social e Cidadania","potentialAction":[{"@type":"SearchAction","target":{"@type":"EntryPoint","urlTemplate":"https:\/\/www.manaus.am.gov.br\/semasc\/?s={search_term_string}"},"query-input":"required name=search_term_string"}],"inLanguage":"pt-BR"},{"@type":"Organization","@id":"https:\/\/www.manaus.am.gov.br\/semasc\/#organization","name":"Prefeitura de Manaus","alternateName":"Prefeitura Municipal de Manaus","url":"https:\/\/www.manaus.am.gov.br\/semasc\/","logo":{"@type":"ImageObject","inLanguage":"pt-BR","@id":"https:\/\/www.manaus.am.gov.br\/semasc\/#\/schema\/logo\/image\/","url":"https:\/\/www.manaus.am.gov.br\/semasc\/wp-content\/uploads\/sites\/17\/2024\/07\/favicon.png","contentUrl":"https:\/\/www.manaus.am.gov.br\/semasc\/wp-content\/uploads\/sites\/17\/2024\/07\/favicon.png","width":300,"height":300,"caption":"Prefeitura de Manaus"},"image":{"@id":"https:\/\/www.manaus.am.gov.br\/semasc\/#\/schema\/logo\/image\/"},"sameAs":["https:\/\/www.facebook.com\/semascmanaus","https:\/\/www.instagram.com\/semascmanaus\/"]},{"@type":"Person","@id":"https:\/\/www.manaus.am.gov.br\/semasc\/#\/schema\/person\/05d223aea2bf115f9883a6ff3683d81b","name":"Bruna Greco","image":{"@type":"ImageObject","inLanguage":"pt-BR","@id":"https:\/\/www.manaus.am.gov.br\/semasc\/#\/schema\/person\/image\/","url":"https:\/\/secure.gravatar.com\/avatar\/9c877d1a6adc2a055330e5c09a8653ce?s=96&d=mm&r=g","contentUrl":"https:\/\/secure.gravatar.com\/avatar\/9c877d1a6adc2a055330e5c09a8653ce?s=96&d=mm&r=g","caption":"Bruna Greco"}}]}},"_links":{"self":[{"href":"https:\/\/www.manaus.am.gov.br\/semasc\/wp-json\/wp\/v2\/posts\/207739"}],"collection":[{"href":"https:\/\/www.manaus.am.gov.br\/semasc\/wp-json\/wp\/v2\/posts"}],"about":[{"href":"https:\/\/www.manaus.am.gov.br\/semasc\/wp-json\/wp\/v2\/types\/post"}],"author":[{"embeddable":true,"href":"https:\/\/www.manaus.am.gov.br\/semasc\/wp-json\/wp\/v2\/users\/39"}],"replies":[{"embeddable":true,"href":"https:\/\/www.manaus.am.gov.br\/semasc\/wp-json\/wp\/v2\/comments?post=207739"}],"version-history":[{"count":0,"href":"https:\/\/www.manaus.am.gov.br\/semasc\/wp-json\/wp\/v2\/posts\/207739\/revisions"}],"wp:featuredmedia":[{"embeddable":true,"href":"https:\/\/www.manaus.am.gov.br\/semasc\/wp-json\/wp\/v2\/media\/207740"}],"wp:attachment":[{"href":"https:\/\/www.manaus.am.gov.br\/semasc\/wp-json\/wp\/v2\/media?parent=207739"}],"wp:term":[{"taxonomy":"category","embeddable":true,"href":"https:\/\/www.manaus.am.gov.br\/semasc\/wp-json\/wp\/v2\/categories?post=207739"},{"taxonomy":"post_tag","embeddable":true,"href":"https:\/\/www.manaus.am.gov.br\/semasc\/wp-json\/wp\/v2\/tags?post=207739"}],"curies":[{"name":"wp","href":"https:\/\/api.w.org\/{rel}","templated":true}]}}