{"id":207733,"date":"2023-07-07T11:04:04","date_gmt":"2023-07-07T15:04:04","guid":{"rendered":"https:\/\/www.manaus.am.gov.br\/semasc\/prefeito-destaca-apoio-aos-produtores-durante-abertura-do-1o-encontro-das-comunidades\/"},"modified":"2023-07-07T11:04:06","modified_gmt":"2023-07-07T15:04:06","slug":"prefeito-destaca-apoio-aos-produtores-durante-abertura-do-1o-encontro-das-comunidades","status":"publish","type":"post","link":"https:\/\/www.manaus.am.gov.br\/semasc\/prefeito-destaca-apoio-aos-produtores-durante-abertura-do-1o-encontro-das-comunidades\/","title":{"rendered":"<strong>Prefeito destaca apoio aos produtores durante abertura do 1\u00ba Encontro das Comunidades<\/strong>"},"content":{"rendered":"\n<p>O prefeito de Manaus, David Almeida, destacou, na manh\u00e3 desta sexta-feira, 7\/7, os investimentos realizados pela gest\u00e3o municipal visando melhorar a qualidade de vida dos moradores das comunidades rurais. As a\u00e7\u00f5es foram apresentadas durante a abertura do 1\u00ba Encontro das Comunidades Rurais do Entorno de Manaus, organizado pela Prefeitura de Manaus, por meio da Secretaria Municipal do Trabalho, Empreendedorismo e Inova\u00e7\u00e3o (Semtepi), no Taj Mahal Hotel, no Centro.<\/p>\n\n\n\n<p>&#8220;Nos pr\u00f3ximos dias, estaremos realizando a entrega dos primeiros kits do programa &#8216;Empreende Manaus&#8217;, e conversando com esses representantes. Vimos que uma boa parcela desses produtores rurais n\u00e3o conseguiu realizar a inscri\u00e7\u00e3o devido \u00e0 falta de acesso \u00e0 internet. Por isso, vamos realizar um cadastro para contemplar os produtores com ferramentas, como ro\u00e7adeira e motor de luz, que ser\u00e3o fundamentais para impulsionar a sua produ\u00e7\u00e3o. Esse \u00e9 o papel da Prefeitura de Manaus, auxiliar quem mais precisa&#8221;, enfatizou Almeida.<\/p>\n\n\n\n<p>Durante a a\u00e7\u00e3o, que contou com a presen\u00e7a de 110 integrantes dos nove polos do entorno de Manaus, foram debatidos temas de pol\u00edticas p\u00fablicas para suprir as necessidades e os anseios dessas comunidades. Ao longo do dia, ser\u00e3o realizados diversos pain\u00e9is sobre os temas sa\u00fade, educa\u00e7\u00e3o, seguran\u00e7a e trabalho.<\/p>\n\n\n\n<p>Para o titular da Semtepi, Radyr Jr, a iniciativa confirma o compromisso da atual gest\u00e3o municipal de olhar para todas as zonas da capital amazonense, dando a oportunidade de participarem dos diversos aux\u00edlios oferecidos nos \u00faltimos anos.<\/p>\n\n\n\n<p>&#8220;N\u00f3s j\u00e1 doamos pneus, j\u00e1 ajudamos mais de 20 mil pessoas com o &#8216;Aux\u00edlio Empreendedor&#8217;. Na pandemia, ajudamos mais de 6 mil pessoas. Hoje, est\u00e1 vigente o aux\u00edlio para shoppings e galerias populares, e as comunidades rurais n\u00e3o acessaram todos esses benef\u00edcios. \u00c9 por isso que eventos como este s\u00e3o importantes para conhecermos mais de perto as necessidades desta popula\u00e7\u00e3o. Vamos conversar sobre o fortalecimento do sociativismo, do cooperativismo, sobre transfer\u00eancia volunt\u00e1ria de recursos, documenta\u00e7\u00e3o e muito mais&#8221;, afirmou Radyr.<\/p>\n\n\n\n<p>De acordo com o titular da Semasc, Wanderson Costa, encontros como esse s\u00e3o fundamentais para que o setor rural possa ser fomentado e continue crescendo na capital.<\/p>\n\n\n\n<p>&#8220;\u00c9 muito importante este momento. No come\u00e7o desta gest\u00e3o, fazia dois anos que o Conselho Municipal de Desenvolvimento Rural estava parado. Esses produtores devem ser respeitados e valorizados por todo trabalho que fazem. O que temos nas nossas mesas vem do trabalho desses produtores. Esses encontros s\u00e3o fundamentais para que possamos fomentar e continuar crescendo o setor rural da nossa cidade&#8221;, finalizou.<\/p>\n\n\n\n<p>&#8212;-<\/p>\n\n\n\n<p><strong>Texto \u2013&nbsp;<\/strong>Thiago Fernando \/ Semcom<\/p>\n\n\n\n<p><strong>Fotos &#8211;&nbsp;<\/strong>Cl\u00f3vis Miranda \/ Semcom<\/p>\n","protected":false},"excerpt":{"rendered":"","protected":false},"author":52,"featured_media":207734,"comment_status":"closed","ping_status":"closed","sticky":false,"template":"","format":"standard","meta":{"footnotes":""},"categories":[195],"tags":[196,7,18,197],"acf":[],"yoast_head":"<!-- This site is optimized with the Yoast SEO plugin v23.0 - https:\/\/yoast.com\/wordpress\/plugins\/seo\/ -->\n<title>Prefeito destaca apoio aos produtores durante abertura do 1\u00ba Encontro das Comunidades<\/title>\n<meta name=\"description\" content=\"O prefeito de Manaus, David Almeida, destacou, na manh\u00e3 desta sexta-feira, 7\/7, os investimentos realizados pela gest\u00e3o municipal.\" \/>\n<meta name=\"robots\" content=\"noindex, follow\" \/>\n<meta property=\"og:locale\" content=\"pt_BR\" \/>\n<meta property=\"og:type\" content=\"article\" \/>\n<meta property=\"og:title\" content=\"Prefeito destaca apoio aos produtores durante abertura do 1\u00ba Encontro das Comunidades\" \/>\n<meta property=\"og:description\" content=\"O prefeito de Manaus, David Almeida, destacou, na manh\u00e3 desta sexta-feira, 7\/7, os investimentos realizados pela gest\u00e3o municipal.\" \/>\n<meta property=\"og:url\" content=\"https:\/\/www.manaus.am.gov.br\/semasc\/prefeito-destaca-apoio-aos-produtores-durante-abertura-do-1o-encontro-das-comunidades\/\" \/>\n<meta property=\"og:site_name\" content=\"SEMASC\" \/>\n<meta property=\"article:publisher\" content=\"https:\/\/www.facebook.com\/semascmanaus\" \/>\n<meta property=\"article:published_time\" content=\"2023-07-07T15:04:04+00:00\" \/>\n<meta property=\"article:modified_time\" content=\"2023-07-07T15:04:06+00:00\" \/>\n<meta property=\"og:image\" content=\"https:\/\/www.manaus.am.gov.br\/semasc\/wp-content\/uploads\/sites\/17\/2023\/07\/prefeito_7.7.jpg\" \/>\n\t<meta property=\"og:image:width\" content=\"2047\" \/>\n\t<meta property=\"og:image:height\" content=\"1365\" \/>\n\t<meta property=\"og:image:type\" content=\"image\/jpeg\" \/>\n<meta name=\"author\" content=\"csilveira\" \/>\n<meta name=\"twitter:card\" content=\"summary_large_image\" \/>\n<meta name=\"twitter:label1\" content=\"Written by\" \/>\n\t<meta name=\"twitter:data1\" content=\"csilveira\" \/>\n\t<meta name=\"twitter:label2\" content=\"Est. reading time\" \/>\n\t<meta name=\"twitter:data2\" content=\"3 minutos\" \/>\n<script type=\"application\/ld+json\" class=\"yoast-schema-graph\">{\"@context\":\"https:\/\/schema.org\",\"@graph\":[{\"@type\":\"Article\",\"@id\":\"https:\/\/www.manaus.am.gov.br\/semasc\/prefeito-destaca-apoio-aos-produtores-durante-abertura-do-1o-encontro-das-comunidades\/#article\",\"isPartOf\":{\"@id\":\"https:\/\/www.manaus.am.gov.br\/semasc\/prefeito-destaca-apoio-aos-produtores-durante-abertura-do-1o-encontro-das-comunidades\/\"},\"author\":{\"name\":\"csilveira\",\"@id\":\"https:\/\/www.manaus.am.gov.br\/semasc\/#\/schema\/person\/bfafc779be2e19b3d3ef4a59d418b606\"},\"headline\":\"Prefeito destaca apoio aos produtores durante abertura do 1\u00ba Encontro das Comunidades\",\"datePublished\":\"2023-07-07T15:04:04+00:00\",\"dateModified\":\"2023-07-07T15:04:06+00:00\",\"mainEntityOfPage\":{\"@id\":\"https:\/\/www.manaus.am.gov.br\/semasc\/prefeito-destaca-apoio-aos-produtores-durante-abertura-do-1o-encontro-das-comunidades\/\"},\"wordCount\":450,\"publisher\":{\"@id\":\"https:\/\/www.manaus.am.gov.br\/semasc\/#organization\"},\"image\":{\"@id\":\"https:\/\/www.manaus.am.gov.br\/semasc\/prefeito-destaca-apoio-aos-produtores-durante-abertura-do-1o-encontro-das-comunidades\/#primaryimage\"},\"thumbnailUrl\":\"https:\/\/www.manaus.am.gov.br\/semasc\/wp-content\/uploads\/sites\/17\/2023\/07\/prefeito_7.7.jpg\",\"keywords\":[\"comunidades rurais\",\"prefeitura de manaus\",\"Semasc\",\"Semtepi\"],\"articleSection\":[\"Pol\u00edticas P\u00fablicas\"],\"inLanguage\":\"pt-BR\"},{\"@type\":\"WebPage\",\"@id\":\"https:\/\/www.manaus.am.gov.br\/semasc\/prefeito-destaca-apoio-aos-produtores-durante-abertura-do-1o-encontro-das-comunidades\/\",\"url\":\"https:\/\/www.manaus.am.gov.br\/semasc\/prefeito-destaca-apoio-aos-produtores-durante-abertura-do-1o-encontro-das-comunidades\/\",\"name\":\"Prefeito destaca apoio aos produtores durante abertura do 1\u00ba Encontro das Comunidades\",\"isPartOf\":{\"@id\":\"https:\/\/www.manaus.am.gov.br\/semasc\/#website\"},\"primaryImageOfPage\":{\"@id\":\"https:\/\/www.manaus.am.gov.br\/semasc\/prefeito-destaca-apoio-aos-produtores-durante-abertura-do-1o-encontro-das-comunidades\/#primaryimage\"},\"image\":{\"@id\":\"https:\/\/www.manaus.am.gov.br\/semasc\/prefeito-destaca-apoio-aos-produtores-durante-abertura-do-1o-encontro-das-comunidades\/#primaryimage\"},\"thumbnailUrl\":\"https:\/\/www.manaus.am.gov.br\/semasc\/wp-content\/uploads\/sites\/17\/2023\/07\/prefeito_7.7.jpg\",\"datePublished\":\"2023-07-07T15:04:04+00:00\",\"dateModified\":\"2023-07-07T15:04:06+00:00\",\"description\":\"O prefeito de Manaus, David Almeida, destacou, na manh\u00e3 desta sexta-feira, 7\/7, os investimentos realizados pela gest\u00e3o municipal.\",\"breadcrumb\":{\"@id\":\"https:\/\/www.manaus.am.gov.br\/semasc\/prefeito-destaca-apoio-aos-produtores-durante-abertura-do-1o-encontro-das-comunidades\/#breadcrumb\"},\"inLanguage\":\"pt-BR\",\"potentialAction\":[{\"@type\":\"ReadAction\",\"target\":[\"https:\/\/www.manaus.am.gov.br\/semasc\/prefeito-destaca-apoio-aos-produtores-durante-abertura-do-1o-encontro-das-comunidades\/\"]}]},{\"@type\":\"ImageObject\",\"inLanguage\":\"pt-BR\",\"@id\":\"https:\/\/www.manaus.am.gov.br\/semasc\/prefeito-destaca-apoio-aos-produtores-durante-abertura-do-1o-encontro-das-comunidades\/#primaryimage\",\"url\":\"https:\/\/www.manaus.am.gov.br\/semasc\/wp-content\/uploads\/sites\/17\/2023\/07\/prefeito_7.7.jpg\",\"contentUrl\":\"https:\/\/www.manaus.am.gov.br\/semasc\/wp-content\/uploads\/sites\/17\/2023\/07\/prefeito_7.7.jpg\",\"width\":2047,\"height\":1365},{\"@type\":\"BreadcrumbList\",\"@id\":\"https:\/\/www.manaus.am.gov.br\/semasc\/prefeito-destaca-apoio-aos-produtores-durante-abertura-do-1o-encontro-das-comunidades\/#breadcrumb\",\"itemListElement\":[{\"@type\":\"ListItem\",\"position\":1,\"name\":\"Home\",\"item\":\"https:\/\/www.manaus.am.gov.br\/semasc\/\"},{\"@type\":\"ListItem\",\"position\":2,\"name\":\"Prefeito destaca apoio aos produtores durante abertura do 1\u00ba Encontro das Comunidades\"}]},{\"@type\":\"WebSite\",\"@id\":\"https:\/\/www.manaus.am.gov.br\/semasc\/#website\",\"url\":\"https:\/\/www.manaus.am.gov.br\/semasc\/\",\"name\":\"SEMASC\",\"description\":\"Secretaria Municipal da Mulher, Assist\u00eancia Social e Cidadania.\",\"publisher\":{\"@id\":\"https:\/\/www.manaus.am.gov.br\/semasc\/#organization\"},\"alternateName\":\"Secretaria Municipal da Mulher, Assist\u00eancia Social e Cidadania\",\"potentialAction\":[{\"@type\":\"SearchAction\",\"target\":{\"@type\":\"EntryPoint\",\"urlTemplate\":\"https:\/\/www.manaus.am.gov.br\/semasc\/?s={search_term_string}\"},\"query-input\":\"required name=search_term_string\"}],\"inLanguage\":\"pt-BR\"},{\"@type\":\"Organization\",\"@id\":\"https:\/\/www.manaus.am.gov.br\/semasc\/#organization\",\"name\":\"Prefeitura de Manaus\",\"alternateName\":\"Prefeitura Municipal de Manaus\",\"url\":\"https:\/\/www.manaus.am.gov.br\/semasc\/\",\"logo\":{\"@type\":\"ImageObject\",\"inLanguage\":\"pt-BR\",\"@id\":\"https:\/\/www.manaus.am.gov.br\/semasc\/#\/schema\/logo\/image\/\",\"url\":\"https:\/\/www.manaus.am.gov.br\/semasc\/wp-content\/uploads\/sites\/17\/2024\/07\/favicon.png\",\"contentUrl\":\"https:\/\/www.manaus.am.gov.br\/semasc\/wp-content\/uploads\/sites\/17\/2024\/07\/favicon.png\",\"width\":300,\"height\":300,\"caption\":\"Prefeitura de Manaus\"},\"image\":{\"@id\":\"https:\/\/www.manaus.am.gov.br\/semasc\/#\/schema\/logo\/image\/\"},\"sameAs\":[\"https:\/\/www.facebook.com\/semascmanaus\",\"https:\/\/www.instagram.com\/semascmanaus\/\"]},{\"@type\":\"Person\",\"@id\":\"https:\/\/www.manaus.am.gov.br\/semasc\/#\/schema\/person\/bfafc779be2e19b3d3ef4a59d418b606\",\"name\":\"csilveira\",\"image\":{\"@type\":\"ImageObject\",\"inLanguage\":\"pt-BR\",\"@id\":\"https:\/\/www.manaus.am.gov.br\/semasc\/#\/schema\/person\/image\/\",\"url\":\"https:\/\/secure.gravatar.com\/avatar\/9c2e2f00138fcd35401c748bd030d3b5?s=96&d=mm&r=g\",\"contentUrl\":\"https:\/\/secure.gravatar.com\/avatar\/9c2e2f00138fcd35401c748bd030d3b5?s=96&d=mm&r=g\",\"caption\":\"csilveira\"}}]}<\/script>\n<!-- \/ Yoast SEO plugin. -->","yoast_head_json":{"title":"Prefeito destaca apoio aos produtores durante abertura do 1\u00ba Encontro das Comunidades","description":"O prefeito de Manaus, David Almeida, destacou, na manh\u00e3 desta sexta-feira, 7\/7, os investimentos realizados pela gest\u00e3o municipal.","robots":{"index":"noindex","follow":"follow"},"og_locale":"pt_BR","og_type":"article","og_title":"Prefeito destaca apoio aos produtores durante abertura do 1\u00ba Encontro das Comunidades","og_description":"O prefeito de Manaus, David Almeida, destacou, na manh\u00e3 desta sexta-feira, 7\/7, os investimentos realizados pela gest\u00e3o municipal.","og_url":"https:\/\/www.manaus.am.gov.br\/semasc\/prefeito-destaca-apoio-aos-produtores-durante-abertura-do-1o-encontro-das-comunidades\/","og_site_name":"SEMASC","article_publisher":"https:\/\/www.facebook.com\/semascmanaus","article_published_time":"2023-07-07T15:04:04+00:00","article_modified_time":"2023-07-07T15:04:06+00:00","og_image":[{"width":2047,"height":1365,"url":"https:\/\/www.manaus.am.gov.br\/semasc\/wp-content\/uploads\/sites\/17\/2023\/07\/prefeito_7.7.jpg","type":"image\/jpeg"}],"author":"csilveira","twitter_card":"summary_large_image","twitter_misc":{"Written by":"csilveira","Est. reading time":"3 minutos"},"schema":{"@context":"https:\/\/schema.org","@graph":[{"@type":"Article","@id":"https:\/\/www.manaus.am.gov.br\/semasc\/prefeito-destaca-apoio-aos-produtores-durante-abertura-do-1o-encontro-das-comunidades\/#article","isPartOf":{"@id":"https:\/\/www.manaus.am.gov.br\/semasc\/prefeito-destaca-apoio-aos-produtores-durante-abertura-do-1o-encontro-das-comunidades\/"},"author":{"name":"csilveira","@id":"https:\/\/www.manaus.am.gov.br\/semasc\/#\/schema\/person\/bfafc779be2e19b3d3ef4a59d418b606"},"headline":"Prefeito destaca apoio aos produtores durante abertura do 1\u00ba Encontro das Comunidades","datePublished":"2023-07-07T15:04:04+00:00","dateModified":"2023-07-07T15:04:06+00:00","mainEntityOfPage":{"@id":"https:\/\/www.manaus.am.gov.br\/semasc\/prefeito-destaca-apoio-aos-produtores-durante-abertura-do-1o-encontro-das-comunidades\/"},"wordCount":450,"publisher":{"@id":"https:\/\/www.manaus.am.gov.br\/semasc\/#organization"},"image":{"@id":"https:\/\/www.manaus.am.gov.br\/semasc\/prefeito-destaca-apoio-aos-produtores-durante-abertura-do-1o-encontro-das-comunidades\/#primaryimage"},"thumbnailUrl":"https:\/\/www.manaus.am.gov.br\/semasc\/wp-content\/uploads\/sites\/17\/2023\/07\/prefeito_7.7.jpg","keywords":["comunidades rurais","prefeitura de manaus","Semasc","Semtepi"],"articleSection":["Pol\u00edticas P\u00fablicas"],"inLanguage":"pt-BR"},{"@type":"WebPage","@id":"https:\/\/www.manaus.am.gov.br\/semasc\/prefeito-destaca-apoio-aos-produtores-durante-abertura-do-1o-encontro-das-comunidades\/","url":"https:\/\/www.manaus.am.gov.br\/semasc\/prefeito-destaca-apoio-aos-produtores-durante-abertura-do-1o-encontro-das-comunidades\/","name":"Prefeito destaca apoio aos produtores durante abertura do 1\u00ba Encontro das Comunidades","isPartOf":{"@id":"https:\/\/www.manaus.am.gov.br\/semasc\/#website"},"primaryImageOfPage":{"@id":"https:\/\/www.manaus.am.gov.br\/semasc\/prefeito-destaca-apoio-aos-produtores-durante-abertura-do-1o-encontro-das-comunidades\/#primaryimage"},"image":{"@id":"https:\/\/www.manaus.am.gov.br\/semasc\/prefeito-destaca-apoio-aos-produtores-durante-abertura-do-1o-encontro-das-comunidades\/#primaryimage"},"thumbnailUrl":"https:\/\/www.manaus.am.gov.br\/semasc\/wp-content\/uploads\/sites\/17\/2023\/07\/prefeito_7.7.jpg","datePublished":"2023-07-07T15:04:04+00:00","dateModified":"2023-07-07T15:04:06+00:00","description":"O prefeito de Manaus, David Almeida, destacou, na manh\u00e3 desta sexta-feira, 7\/7, os investimentos realizados pela gest\u00e3o municipal.","breadcrumb":{"@id":"https:\/\/www.manaus.am.gov.br\/semasc\/prefeito-destaca-apoio-aos-produtores-durante-abertura-do-1o-encontro-das-comunidades\/#breadcrumb"},"inLanguage":"pt-BR","potentialAction":[{"@type":"ReadAction","target":["https:\/\/www.manaus.am.gov.br\/semasc\/prefeito-destaca-apoio-aos-produtores-durante-abertura-do-1o-encontro-das-comunidades\/"]}]},{"@type":"ImageObject","inLanguage":"pt-BR","@id":"https:\/\/www.manaus.am.gov.br\/semasc\/prefeito-destaca-apoio-aos-produtores-durante-abertura-do-1o-encontro-das-comunidades\/#primaryimage","url":"https:\/\/www.manaus.am.gov.br\/semasc\/wp-content\/uploads\/sites\/17\/2023\/07\/prefeito_7.7.jpg","contentUrl":"https:\/\/www.manaus.am.gov.br\/semasc\/wp-content\/uploads\/sites\/17\/2023\/07\/prefeito_7.7.jpg","width":2047,"height":1365},{"@type":"BreadcrumbList","@id":"https:\/\/www.manaus.am.gov.br\/semasc\/prefeito-destaca-apoio-aos-produtores-durante-abertura-do-1o-encontro-das-comunidades\/#breadcrumb","itemListElement":[{"@type":"ListItem","position":1,"name":"Home","item":"https:\/\/www.manaus.am.gov.br\/semasc\/"},{"@type":"ListItem","position":2,"name":"Prefeito destaca apoio aos produtores durante abertura do 1\u00ba Encontro das Comunidades"}]},{"@type":"WebSite","@id":"https:\/\/www.manaus.am.gov.br\/semasc\/#website","url":"https:\/\/www.manaus.am.gov.br\/semasc\/","name":"SEMASC","description":"Secretaria Municipal da Mulher, Assist\u00eancia Social e Cidadania.","publisher":{"@id":"https:\/\/www.manaus.am.gov.br\/semasc\/#organization"},"alternateName":"Secretaria Municipal da Mulher, Assist\u00eancia Social e Cidadania","potentialAction":[{"@type":"SearchAction","target":{"@type":"EntryPoint","urlTemplate":"https:\/\/www.manaus.am.gov.br\/semasc\/?s={search_term_string}"},"query-input":"required name=search_term_string"}],"inLanguage":"pt-BR"},{"@type":"Organization","@id":"https:\/\/www.manaus.am.gov.br\/semasc\/#organization","name":"Prefeitura de Manaus","alternateName":"Prefeitura Municipal de Manaus","url":"https:\/\/www.manaus.am.gov.br\/semasc\/","logo":{"@type":"ImageObject","inLanguage":"pt-BR","@id":"https:\/\/www.manaus.am.gov.br\/semasc\/#\/schema\/logo\/image\/","url":"https:\/\/www.manaus.am.gov.br\/semasc\/wp-content\/uploads\/sites\/17\/2024\/07\/favicon.png","contentUrl":"https:\/\/www.manaus.am.gov.br\/semasc\/wp-content\/uploads\/sites\/17\/2024\/07\/favicon.png","width":300,"height":300,"caption":"Prefeitura de Manaus"},"image":{"@id":"https:\/\/www.manaus.am.gov.br\/semasc\/#\/schema\/logo\/image\/"},"sameAs":["https:\/\/www.facebook.com\/semascmanaus","https:\/\/www.instagram.com\/semascmanaus\/"]},{"@type":"Person","@id":"https:\/\/www.manaus.am.gov.br\/semasc\/#\/schema\/person\/bfafc779be2e19b3d3ef4a59d418b606","name":"csilveira","image":{"@type":"ImageObject","inLanguage":"pt-BR","@id":"https:\/\/www.manaus.am.gov.br\/semasc\/#\/schema\/person\/image\/","url":"https:\/\/secure.gravatar.com\/avatar\/9c2e2f00138fcd35401c748bd030d3b5?s=96&d=mm&r=g","contentUrl":"https:\/\/secure.gravatar.com\/avatar\/9c2e2f00138fcd35401c748bd030d3b5?s=96&d=mm&r=g","caption":"csilveira"}}]}},"_links":{"self":[{"href":"https:\/\/www.manaus.am.gov.br\/semasc\/wp-json\/wp\/v2\/posts\/207733"}],"collection":[{"href":"https:\/\/www.manaus.am.gov.br\/semasc\/wp-json\/wp\/v2\/posts"}],"about":[{"href":"https:\/\/www.manaus.am.gov.br\/semasc\/wp-json\/wp\/v2\/types\/post"}],"author":[{"embeddable":true,"href":"https:\/\/www.manaus.am.gov.br\/semasc\/wp-json\/wp\/v2\/users\/52"}],"replies":[{"embeddable":true,"href":"https:\/\/www.manaus.am.gov.br\/semasc\/wp-json\/wp\/v2\/comments?post=207733"}],"version-history":[{"count":0,"href":"https:\/\/www.manaus.am.gov.br\/semasc\/wp-json\/wp\/v2\/posts\/207733\/revisions"}],"wp:featuredmedia":[{"embeddable":true,"href":"https:\/\/www.manaus.am.gov.br\/semasc\/wp-json\/wp\/v2\/media\/207734"}],"wp:attachment":[{"href":"https:\/\/www.manaus.am.gov.br\/semasc\/wp-json\/wp\/v2\/media?parent=207733"}],"wp:term":[{"taxonomy":"category","embeddable":true,"href":"https:\/\/www.manaus.am.gov.br\/semasc\/wp-json\/wp\/v2\/categories?post=207733"},{"taxonomy":"post_tag","embeddable":true,"href":"https:\/\/www.manaus.am.gov.br\/semasc\/wp-json\/wp\/v2\/tags?post=207733"}],"curies":[{"name":"wp","href":"https:\/\/api.w.org\/{rel}","templated":true}]}}