{"id":207731,"date":"2023-07-06T21:52:18","date_gmt":"2023-07-07T01:52:18","guid":{"rendered":"https:\/\/www.manaus.am.gov.br\/semasc\/prefeitura-de-manaus-unicef-e-sociedade-civil-discutem-resultados-e-novas-metas-da-agendacidadeunicef\/"},"modified":"2023-07-06T21:52:19","modified_gmt":"2023-07-07T01:52:19","slug":"prefeitura-de-manaus-unicef-e-sociedade-civil-discutem-resultados-e-novas-metas-da-agendacidadeunicef","status":"publish","type":"post","link":"https:\/\/www.manaus.am.gov.br\/semasc\/prefeitura-de-manaus-unicef-e-sociedade-civil-discutem-resultados-e-novas-metas-da-agendacidadeunicef\/","title":{"rendered":"<strong>Prefeitura de Manaus, Unicef e Sociedade Civil discutem resultados e novas metas da #AgendaCidadeUnicef&nbsp;<\/strong>"},"content":{"rendered":"\n<p>Dando continuidade \u00e0s atividades da #AgendaCidadeUnicef na capital amazonense, a Prefeitura de Manaus, por meio da Secretaria Municipal da Mulher, Assist\u00eancia Social e Cidadania (Semasc), o Fundo das Na\u00e7\u00f5es Unidas para a Inf\u00e2ncia (Unicef) e Organiza\u00e7\u00f5es da Sociedade Civil (OSCs) do bairro Col\u00f4nia Ant\u00f4nio Aleixo, na zona Leste, realizaram, nesta quinta-feira, 6\/7, uma reuni\u00e3o ampliada para a apresenta\u00e7\u00e3o e discuss\u00e3o das metas, atividades e resultados atingidos pela iniciativa ao longo do \u00faltimo ano.&nbsp;<\/p>\n\n\n\n<p>O objetivo foi de debater novas a\u00e7\u00f5es e servi\u00e7os a serem desenvolvidos por meio do Plano de Trabalho da agenda. O encontro foi realizado no audit\u00f3rio do Palacete Provincial, no Centro Hist\u00f3rico de Manaus.&nbsp;<\/p>\n\n\n\n<p><br>\u201cDevido a uma s\u00e9rie de indicadores presentes no bairro Col\u00f4nia Ant\u00f4nio Aleixo, a regi\u00e3o \u00e9 prioridade absoluta para todos n\u00f3s. O levantamento de dados e as discuss\u00f5es realizadas hoje s\u00e3o essenciais para que as quest\u00f5es econ\u00f4micas, socioassistenciais, de seguran\u00e7a alimentar e nutricional, de educa\u00e7\u00e3o e de empregabilidade das crian\u00e7as e adolescentes do bairro sejam devidamente trabalhadas e tenham ao menos parte de suas maiores demandas sanadas\u201d, explicou a coordenadora do Comit\u00ea da #AgendaCidadeUnicef &#8211; Manaus, Gra\u00e7a Prola, tamb\u00e9m titular da Subsecretaria de Pol\u00edticas Afirmativas para Mulheres e Direitos Humanos da Semasc.&nbsp;<\/p>\n\n\n\n<p>Resultado de discuss\u00f5es preliminares realizadas ao longo das a\u00e7\u00f5es pontuais realizadas pela iniciativa desde o ano passado, a reuni\u00e3o ainda discutiu de forma detalhada os planos e os protocolos necess\u00e1rios para a cria\u00e7\u00e3o e implementa\u00e7\u00e3o de um subcomit\u00ea regional composto por representantes das institui\u00e7\u00f5es sociais atuantes no bairro, como escolas, igrejas, l\u00edderes comunit\u00e1rios e moradores, para o desenvolvimento eficaz das novas a\u00e7\u00f5es pretendidas pelo projeto.&nbsp;<br><br><\/p>\n\n\n\n<p>De acordo com o oficial de Educa\u00e7\u00e3o do Unicef, Matheus Rangel, a ideia \u00e9 promover a participa\u00e7\u00e3o direta dos moradores da regi\u00e3o na formula\u00e7\u00e3o e execu\u00e7\u00e3o de a\u00e7\u00f5es voltadas para o bem-estar social da pr\u00f3pria comunidade, trabalhando ainda o seu empoderamento social e a participa\u00e7\u00e3o democr\u00e1tica da comunidade ao longo do processo.<\/p>\n\n\n\n<p>\u201cAtrav\u00e9s do subcomit\u00ea, queremos empoderar os pr\u00f3prios adolescentes que vivem no bairro Col\u00f4nia Ant\u00f4nio Aleixo, os movimentos sociais da regi\u00e3o, Organiza\u00e7\u00f5es da Sociedade Civil e at\u00e9 mesmo os servi\u00e7os p\u00fablicos que j\u00e1 atuam na regi\u00e3o para que possamos contar com mais for\u00e7a para as a\u00e7\u00f5es e, principalmente, para os atores que fazem parte do cotidiano dessa comunidade\u201d, afirmou.&nbsp;<\/p>\n\n\n\n<p>Parte do projeto musical instrumental Uirapuru Cajon, que busca combater o abandono escolar no bairro atrav\u00e9s de aulas de m\u00fasica e outras oficinas, e que tamb\u00e9m participou da reuni\u00e3o, o representante, Jo\u00e3o C\u00e9sar Gomes destacou a import\u00e2ncia da continuidade e do ampliamento das a\u00e7\u00f5es sociais da agenda para as crian\u00e7as e adolescentes da \u00e1rea.&nbsp;<\/p>\n\n\n\n<p>\u201cComo morador da Col\u00f4nia Ant\u00f4nio Aleixo, \u00e9 imposs\u00edvel n\u00e3o perceber as dificuldades sociais que o bairro enfrenta desde que eu me entendo por gente. Nossos jovens est\u00e3o abandonando a escola, entrando no mundo do crime, muitos se envolvendo com drogas e seguindo por caminhos que n\u00e3o deveriam ser seguidos, ent\u00e3o eu vejo essa parceria como algo maravilhoso e necess\u00e1rio para todos. Tudo o que queremos \u00e9 que nossas crian\u00e7as tenham uma vida tranquila e saud\u00e1vel, e quanto mais gente dando esse apoio, melhor\u201d, concluiu.&nbsp;<\/p>\n\n\n\n<p><strong>Sobre a #AgendaCidadeUnicef<\/strong><\/p>\n\n\n\n<p>A #AgendaCidadeUnicef \u00e9 uma iniciativa do Unicef, em parceria com prefeituras municipais de oito grandes centros urbanos brasileiros, para promover direitos e oportunidades das crian\u00e7as e dos adolescentes mais vulner\u00e1veis, contribuindo com a preven\u00e7\u00e3o de viol\u00eancias em sua vida.<\/p>\n\n\n\n<p>Desde o ano passado, a #AgendaCidadeUnicef vem desenvolvendo caminhos para a garantia de direitos e oportunidades para crian\u00e7as e adolescentes por meio de estrat\u00e9gias integradas que ajudam a reduzir e prevenir viol\u00eancias no seu dia a dia, integrando metodologias de diferentes \u00e1reas (Educa\u00e7\u00e3o, Sa\u00fade, Prote\u00e7\u00e3o, Inclus\u00e3o Socioprodutiva) e promovendo a mobiliza\u00e7\u00e3o social e o monitoramento de indicadores relacionados \u00e0 \u00e1rea da inf\u00e2ncia e da adolesc\u00eancia.<\/p>\n\n\n\n<p>Em Manaus, a parceria tem como foco de atua\u00e7\u00e3o o bairro Col\u00f4nia Ant\u00f4nio Aleixo, na zona Leste, que, de acordo com dados coletados pela gest\u00e3o municipal, abriga mais de 80% das crian\u00e7as em situa\u00e7\u00e3o de trabalho infantil da capital amazonense.<\/p>\n\n\n\n<p>&#8212; &#8212; &#8212;<\/p>\n\n\n\n<p><strong>Texto<\/strong> &#8211; Guilherme Ara\u00fajo Pacheco \/ Semasc<\/p>\n\n\n\n<p><strong>Fotos<\/strong> &#8211; Jo\u00e3o Viana \/ Semcom&nbsp;<\/p>\n\n\n\n<p>Dispon\u00edveis em &#8211; <a href=\"https:\/\/flic.kr\/s\/aHBqjALtro\">https:\/\/flic.kr\/s\/aHBqjALtro<\/a><\/p>\n","protected":false},"excerpt":{"rendered":"","protected":false},"author":31,"featured_media":207732,"comment_status":"closed","ping_status":"closed","sticky":false,"template":"","format":"standard","meta":{"footnotes":""},"categories":[194],"tags":[],"acf":[],"yoast_head":"<!-- This site is optimized with the Yoast SEO plugin v23.0 - https:\/\/yoast.com\/wordpress\/plugins\/seo\/ -->\n<title>Prefeitura de Manaus, Unicef e Sociedade Civil discutem resultados e novas metas da #AgendaCidadeUnicef&nbsp; - SEMASC<\/title>\n<meta name=\"robots\" content=\"noindex, follow\" \/>\n<meta property=\"og:locale\" content=\"pt_BR\" \/>\n<meta property=\"og:type\" content=\"article\" \/>\n<meta property=\"og:title\" content=\"Prefeitura de Manaus, Unicef e Sociedade Civil discutem resultados e novas metas da #AgendaCidadeUnicef&nbsp; - SEMASC\" \/>\n<meta property=\"og:url\" content=\"https:\/\/www.manaus.am.gov.br\/semasc\/prefeitura-de-manaus-unicef-e-sociedade-civil-discutem-resultados-e-novas-metas-da-agendacidadeunicef\/\" \/>\n<meta property=\"og:site_name\" content=\"SEMASC\" \/>\n<meta property=\"article:publisher\" content=\"https:\/\/www.facebook.com\/semascmanaus\" \/>\n<meta property=\"article:published_time\" content=\"2023-07-07T01:52:18+00:00\" \/>\n<meta property=\"article:modified_time\" content=\"2023-07-07T01:52:19+00:00\" \/>\n<meta property=\"og:image\" content=\"https:\/\/www.manaus.am.gov.br\/semasc\/wp-content\/uploads\/sites\/17\/2023\/07\/53027725721_4f0dd287dc_c.jpg\" \/>\n\t<meta property=\"og:image:width\" content=\"799\" \/>\n\t<meta property=\"og:image:height\" content=\"533\" \/>\n\t<meta property=\"og:image:type\" content=\"image\/jpeg\" \/>\n<meta name=\"author\" content=\"Renata Felix\" \/>\n<meta name=\"twitter:card\" content=\"summary_large_image\" \/>\n<meta name=\"twitter:label1\" content=\"Written by\" \/>\n\t<meta name=\"twitter:data1\" content=\"Renata Felix\" \/>\n\t<meta name=\"twitter:label2\" content=\"Est. reading time\" \/>\n\t<meta name=\"twitter:data2\" content=\"4 minutos\" \/>\n<script type=\"application\/ld+json\" class=\"yoast-schema-graph\">{\"@context\":\"https:\/\/schema.org\",\"@graph\":[{\"@type\":\"Article\",\"@id\":\"https:\/\/www.manaus.am.gov.br\/semasc\/prefeitura-de-manaus-unicef-e-sociedade-civil-discutem-resultados-e-novas-metas-da-agendacidadeunicef\/#article\",\"isPartOf\":{\"@id\":\"https:\/\/www.manaus.am.gov.br\/semasc\/prefeitura-de-manaus-unicef-e-sociedade-civil-discutem-resultados-e-novas-metas-da-agendacidadeunicef\/\"},\"author\":{\"name\":\"Renata Felix\",\"@id\":\"https:\/\/www.manaus.am.gov.br\/semasc\/#\/schema\/person\/4eea2a8f78dc853097abb026f728aa06\"},\"headline\":\"Prefeitura de Manaus, Unicef e Sociedade Civil discutem resultados e novas metas da #AgendaCidadeUnicef&nbsp;\",\"datePublished\":\"2023-07-07T01:52:18+00:00\",\"dateModified\":\"2023-07-07T01:52:19+00:00\",\"mainEntityOfPage\":{\"@id\":\"https:\/\/www.manaus.am.gov.br\/semasc\/prefeitura-de-manaus-unicef-e-sociedade-civil-discutem-resultados-e-novas-metas-da-agendacidadeunicef\/\"},\"wordCount\":795,\"publisher\":{\"@id\":\"https:\/\/www.manaus.am.gov.br\/semasc\/#organization\"},\"image\":{\"@id\":\"https:\/\/www.manaus.am.gov.br\/semasc\/prefeitura-de-manaus-unicef-e-sociedade-civil-discutem-resultados-e-novas-metas-da-agendacidadeunicef\/#primaryimage\"},\"thumbnailUrl\":\"https:\/\/www.manaus.am.gov.br\/semasc\/wp-content\/uploads\/sites\/17\/2023\/07\/53027725721_4f0dd287dc_c.jpg\",\"articleSection\":[\"Assist\u00eancia\"],\"inLanguage\":\"pt-BR\"},{\"@type\":\"WebPage\",\"@id\":\"https:\/\/www.manaus.am.gov.br\/semasc\/prefeitura-de-manaus-unicef-e-sociedade-civil-discutem-resultados-e-novas-metas-da-agendacidadeunicef\/\",\"url\":\"https:\/\/www.manaus.am.gov.br\/semasc\/prefeitura-de-manaus-unicef-e-sociedade-civil-discutem-resultados-e-novas-metas-da-agendacidadeunicef\/\",\"name\":\"Prefeitura de Manaus, Unicef e Sociedade Civil discutem resultados e novas metas da #AgendaCidadeUnicef&nbsp; - SEMASC\",\"isPartOf\":{\"@id\":\"https:\/\/www.manaus.am.gov.br\/semasc\/#website\"},\"primaryImageOfPage\":{\"@id\":\"https:\/\/www.manaus.am.gov.br\/semasc\/prefeitura-de-manaus-unicef-e-sociedade-civil-discutem-resultados-e-novas-metas-da-agendacidadeunicef\/#primaryimage\"},\"image\":{\"@id\":\"https:\/\/www.manaus.am.gov.br\/semasc\/prefeitura-de-manaus-unicef-e-sociedade-civil-discutem-resultados-e-novas-metas-da-agendacidadeunicef\/#primaryimage\"},\"thumbnailUrl\":\"https:\/\/www.manaus.am.gov.br\/semasc\/wp-content\/uploads\/sites\/17\/2023\/07\/53027725721_4f0dd287dc_c.jpg\",\"datePublished\":\"2023-07-07T01:52:18+00:00\",\"dateModified\":\"2023-07-07T01:52:19+00:00\",\"breadcrumb\":{\"@id\":\"https:\/\/www.manaus.am.gov.br\/semasc\/prefeitura-de-manaus-unicef-e-sociedade-civil-discutem-resultados-e-novas-metas-da-agendacidadeunicef\/#breadcrumb\"},\"inLanguage\":\"pt-BR\",\"potentialAction\":[{\"@type\":\"ReadAction\",\"target\":[\"https:\/\/www.manaus.am.gov.br\/semasc\/prefeitura-de-manaus-unicef-e-sociedade-civil-discutem-resultados-e-novas-metas-da-agendacidadeunicef\/\"]}]},{\"@type\":\"ImageObject\",\"inLanguage\":\"pt-BR\",\"@id\":\"https:\/\/www.manaus.am.gov.br\/semasc\/prefeitura-de-manaus-unicef-e-sociedade-civil-discutem-resultados-e-novas-metas-da-agendacidadeunicef\/#primaryimage\",\"url\":\"https:\/\/www.manaus.am.gov.br\/semasc\/wp-content\/uploads\/sites\/17\/2023\/07\/53027725721_4f0dd287dc_c.jpg\",\"contentUrl\":\"https:\/\/www.manaus.am.gov.br\/semasc\/wp-content\/uploads\/sites\/17\/2023\/07\/53027725721_4f0dd287dc_c.jpg\",\"width\":799,\"height\":533},{\"@type\":\"BreadcrumbList\",\"@id\":\"https:\/\/www.manaus.am.gov.br\/semasc\/prefeitura-de-manaus-unicef-e-sociedade-civil-discutem-resultados-e-novas-metas-da-agendacidadeunicef\/#breadcrumb\",\"itemListElement\":[{\"@type\":\"ListItem\",\"position\":1,\"name\":\"Home\",\"item\":\"https:\/\/www.manaus.am.gov.br\/semasc\/\"},{\"@type\":\"ListItem\",\"position\":2,\"name\":\"Prefeitura de Manaus, Unicef e Sociedade Civil discutem resultados e novas metas da #AgendaCidadeUnicef&nbsp;\"}]},{\"@type\":\"WebSite\",\"@id\":\"https:\/\/www.manaus.am.gov.br\/semasc\/#website\",\"url\":\"https:\/\/www.manaus.am.gov.br\/semasc\/\",\"name\":\"SEMASC\",\"description\":\"Secretaria Municipal da Mulher, Assist\u00eancia Social e Cidadania.\",\"publisher\":{\"@id\":\"https:\/\/www.manaus.am.gov.br\/semasc\/#organization\"},\"alternateName\":\"Secretaria Municipal da Mulher, Assist\u00eancia Social e Cidadania\",\"potentialAction\":[{\"@type\":\"SearchAction\",\"target\":{\"@type\":\"EntryPoint\",\"urlTemplate\":\"https:\/\/www.manaus.am.gov.br\/semasc\/?s={search_term_string}\"},\"query-input\":\"required name=search_term_string\"}],\"inLanguage\":\"pt-BR\"},{\"@type\":\"Organization\",\"@id\":\"https:\/\/www.manaus.am.gov.br\/semasc\/#organization\",\"name\":\"Prefeitura de Manaus\",\"alternateName\":\"Prefeitura Municipal de Manaus\",\"url\":\"https:\/\/www.manaus.am.gov.br\/semasc\/\",\"logo\":{\"@type\":\"ImageObject\",\"inLanguage\":\"pt-BR\",\"@id\":\"https:\/\/www.manaus.am.gov.br\/semasc\/#\/schema\/logo\/image\/\",\"url\":\"https:\/\/www.manaus.am.gov.br\/semasc\/wp-content\/uploads\/sites\/17\/2024\/07\/favicon.png\",\"contentUrl\":\"https:\/\/www.manaus.am.gov.br\/semasc\/wp-content\/uploads\/sites\/17\/2024\/07\/favicon.png\",\"width\":300,\"height\":300,\"caption\":\"Prefeitura de Manaus\"},\"image\":{\"@id\":\"https:\/\/www.manaus.am.gov.br\/semasc\/#\/schema\/logo\/image\/\"},\"sameAs\":[\"https:\/\/www.facebook.com\/semascmanaus\",\"https:\/\/www.instagram.com\/semascmanaus\/\"]},{\"@type\":\"Person\",\"@id\":\"https:\/\/www.manaus.am.gov.br\/semasc\/#\/schema\/person\/4eea2a8f78dc853097abb026f728aa06\",\"name\":\"Renata Felix\",\"image\":{\"@type\":\"ImageObject\",\"inLanguage\":\"pt-BR\",\"@id\":\"https:\/\/www.manaus.am.gov.br\/semasc\/#\/schema\/person\/image\/\",\"url\":\"https:\/\/secure.gravatar.com\/avatar\/3c196cf9d3b837b24c8edb2c50fd8f29?s=96&d=mm&r=g\",\"contentUrl\":\"https:\/\/secure.gravatar.com\/avatar\/3c196cf9d3b837b24c8edb2c50fd8f29?s=96&d=mm&r=g\",\"caption\":\"Renata Felix\"}}]}<\/script>\n<!-- \/ Yoast SEO plugin. -->","yoast_head_json":{"title":"Prefeitura de Manaus, Unicef e Sociedade Civil discutem resultados e novas metas da #AgendaCidadeUnicef&nbsp; - SEMASC","robots":{"index":"noindex","follow":"follow"},"og_locale":"pt_BR","og_type":"article","og_title":"Prefeitura de Manaus, Unicef e Sociedade Civil discutem resultados e novas metas da #AgendaCidadeUnicef&nbsp; - SEMASC","og_url":"https:\/\/www.manaus.am.gov.br\/semasc\/prefeitura-de-manaus-unicef-e-sociedade-civil-discutem-resultados-e-novas-metas-da-agendacidadeunicef\/","og_site_name":"SEMASC","article_publisher":"https:\/\/www.facebook.com\/semascmanaus","article_published_time":"2023-07-07T01:52:18+00:00","article_modified_time":"2023-07-07T01:52:19+00:00","og_image":[{"width":799,"height":533,"url":"https:\/\/www.manaus.am.gov.br\/semasc\/wp-content\/uploads\/sites\/17\/2023\/07\/53027725721_4f0dd287dc_c.jpg","type":"image\/jpeg"}],"author":"Renata Felix","twitter_card":"summary_large_image","twitter_misc":{"Written by":"Renata Felix","Est. reading time":"4 minutos"},"schema":{"@context":"https:\/\/schema.org","@graph":[{"@type":"Article","@id":"https:\/\/www.manaus.am.gov.br\/semasc\/prefeitura-de-manaus-unicef-e-sociedade-civil-discutem-resultados-e-novas-metas-da-agendacidadeunicef\/#article","isPartOf":{"@id":"https:\/\/www.manaus.am.gov.br\/semasc\/prefeitura-de-manaus-unicef-e-sociedade-civil-discutem-resultados-e-novas-metas-da-agendacidadeunicef\/"},"author":{"name":"Renata Felix","@id":"https:\/\/www.manaus.am.gov.br\/semasc\/#\/schema\/person\/4eea2a8f78dc853097abb026f728aa06"},"headline":"Prefeitura de Manaus, Unicef e Sociedade Civil discutem resultados e novas metas da #AgendaCidadeUnicef&nbsp;","datePublished":"2023-07-07T01:52:18+00:00","dateModified":"2023-07-07T01:52:19+00:00","mainEntityOfPage":{"@id":"https:\/\/www.manaus.am.gov.br\/semasc\/prefeitura-de-manaus-unicef-e-sociedade-civil-discutem-resultados-e-novas-metas-da-agendacidadeunicef\/"},"wordCount":795,"publisher":{"@id":"https:\/\/www.manaus.am.gov.br\/semasc\/#organization"},"image":{"@id":"https:\/\/www.manaus.am.gov.br\/semasc\/prefeitura-de-manaus-unicef-e-sociedade-civil-discutem-resultados-e-novas-metas-da-agendacidadeunicef\/#primaryimage"},"thumbnailUrl":"https:\/\/www.manaus.am.gov.br\/semasc\/wp-content\/uploads\/sites\/17\/2023\/07\/53027725721_4f0dd287dc_c.jpg","articleSection":["Assist\u00eancia"],"inLanguage":"pt-BR"},{"@type":"WebPage","@id":"https:\/\/www.manaus.am.gov.br\/semasc\/prefeitura-de-manaus-unicef-e-sociedade-civil-discutem-resultados-e-novas-metas-da-agendacidadeunicef\/","url":"https:\/\/www.manaus.am.gov.br\/semasc\/prefeitura-de-manaus-unicef-e-sociedade-civil-discutem-resultados-e-novas-metas-da-agendacidadeunicef\/","name":"Prefeitura de Manaus, Unicef e Sociedade Civil discutem resultados e novas metas da #AgendaCidadeUnicef&nbsp; - SEMASC","isPartOf":{"@id":"https:\/\/www.manaus.am.gov.br\/semasc\/#website"},"primaryImageOfPage":{"@id":"https:\/\/www.manaus.am.gov.br\/semasc\/prefeitura-de-manaus-unicef-e-sociedade-civil-discutem-resultados-e-novas-metas-da-agendacidadeunicef\/#primaryimage"},"image":{"@id":"https:\/\/www.manaus.am.gov.br\/semasc\/prefeitura-de-manaus-unicef-e-sociedade-civil-discutem-resultados-e-novas-metas-da-agendacidadeunicef\/#primaryimage"},"thumbnailUrl":"https:\/\/www.manaus.am.gov.br\/semasc\/wp-content\/uploads\/sites\/17\/2023\/07\/53027725721_4f0dd287dc_c.jpg","datePublished":"2023-07-07T01:52:18+00:00","dateModified":"2023-07-07T01:52:19+00:00","breadcrumb":{"@id":"https:\/\/www.manaus.am.gov.br\/semasc\/prefeitura-de-manaus-unicef-e-sociedade-civil-discutem-resultados-e-novas-metas-da-agendacidadeunicef\/#breadcrumb"},"inLanguage":"pt-BR","potentialAction":[{"@type":"ReadAction","target":["https:\/\/www.manaus.am.gov.br\/semasc\/prefeitura-de-manaus-unicef-e-sociedade-civil-discutem-resultados-e-novas-metas-da-agendacidadeunicef\/"]}]},{"@type":"ImageObject","inLanguage":"pt-BR","@id":"https:\/\/www.manaus.am.gov.br\/semasc\/prefeitura-de-manaus-unicef-e-sociedade-civil-discutem-resultados-e-novas-metas-da-agendacidadeunicef\/#primaryimage","url":"https:\/\/www.manaus.am.gov.br\/semasc\/wp-content\/uploads\/sites\/17\/2023\/07\/53027725721_4f0dd287dc_c.jpg","contentUrl":"https:\/\/www.manaus.am.gov.br\/semasc\/wp-content\/uploads\/sites\/17\/2023\/07\/53027725721_4f0dd287dc_c.jpg","width":799,"height":533},{"@type":"BreadcrumbList","@id":"https:\/\/www.manaus.am.gov.br\/semasc\/prefeitura-de-manaus-unicef-e-sociedade-civil-discutem-resultados-e-novas-metas-da-agendacidadeunicef\/#breadcrumb","itemListElement":[{"@type":"ListItem","position":1,"name":"Home","item":"https:\/\/www.manaus.am.gov.br\/semasc\/"},{"@type":"ListItem","position":2,"name":"Prefeitura de Manaus, Unicef e Sociedade Civil discutem resultados e novas metas da #AgendaCidadeUnicef&nbsp;"}]},{"@type":"WebSite","@id":"https:\/\/www.manaus.am.gov.br\/semasc\/#website","url":"https:\/\/www.manaus.am.gov.br\/semasc\/","name":"SEMASC","description":"Secretaria Municipal da Mulher, Assist\u00eancia Social e Cidadania.","publisher":{"@id":"https:\/\/www.manaus.am.gov.br\/semasc\/#organization"},"alternateName":"Secretaria Municipal da Mulher, Assist\u00eancia Social e Cidadania","potentialAction":[{"@type":"SearchAction","target":{"@type":"EntryPoint","urlTemplate":"https:\/\/www.manaus.am.gov.br\/semasc\/?s={search_term_string}"},"query-input":"required name=search_term_string"}],"inLanguage":"pt-BR"},{"@type":"Organization","@id":"https:\/\/www.manaus.am.gov.br\/semasc\/#organization","name":"Prefeitura de Manaus","alternateName":"Prefeitura Municipal de Manaus","url":"https:\/\/www.manaus.am.gov.br\/semasc\/","logo":{"@type":"ImageObject","inLanguage":"pt-BR","@id":"https:\/\/www.manaus.am.gov.br\/semasc\/#\/schema\/logo\/image\/","url":"https:\/\/www.manaus.am.gov.br\/semasc\/wp-content\/uploads\/sites\/17\/2024\/07\/favicon.png","contentUrl":"https:\/\/www.manaus.am.gov.br\/semasc\/wp-content\/uploads\/sites\/17\/2024\/07\/favicon.png","width":300,"height":300,"caption":"Prefeitura de Manaus"},"image":{"@id":"https:\/\/www.manaus.am.gov.br\/semasc\/#\/schema\/logo\/image\/"},"sameAs":["https:\/\/www.facebook.com\/semascmanaus","https:\/\/www.instagram.com\/semascmanaus\/"]},{"@type":"Person","@id":"https:\/\/www.manaus.am.gov.br\/semasc\/#\/schema\/person\/4eea2a8f78dc853097abb026f728aa06","name":"Renata Felix","image":{"@type":"ImageObject","inLanguage":"pt-BR","@id":"https:\/\/www.manaus.am.gov.br\/semasc\/#\/schema\/person\/image\/","url":"https:\/\/secure.gravatar.com\/avatar\/3c196cf9d3b837b24c8edb2c50fd8f29?s=96&d=mm&r=g","contentUrl":"https:\/\/secure.gravatar.com\/avatar\/3c196cf9d3b837b24c8edb2c50fd8f29?s=96&d=mm&r=g","caption":"Renata Felix"}}]}},"_links":{"self":[{"href":"https:\/\/www.manaus.am.gov.br\/semasc\/wp-json\/wp\/v2\/posts\/207731"}],"collection":[{"href":"https:\/\/www.manaus.am.gov.br\/semasc\/wp-json\/wp\/v2\/posts"}],"about":[{"href":"https:\/\/www.manaus.am.gov.br\/semasc\/wp-json\/wp\/v2\/types\/post"}],"author":[{"embeddable":true,"href":"https:\/\/www.manaus.am.gov.br\/semasc\/wp-json\/wp\/v2\/users\/31"}],"replies":[{"embeddable":true,"href":"https:\/\/www.manaus.am.gov.br\/semasc\/wp-json\/wp\/v2\/comments?post=207731"}],"version-history":[{"count":0,"href":"https:\/\/www.manaus.am.gov.br\/semasc\/wp-json\/wp\/v2\/posts\/207731\/revisions"}],"wp:featuredmedia":[{"embeddable":true,"href":"https:\/\/www.manaus.am.gov.br\/semasc\/wp-json\/wp\/v2\/media\/207732"}],"wp:attachment":[{"href":"https:\/\/www.manaus.am.gov.br\/semasc\/wp-json\/wp\/v2\/media?parent=207731"}],"wp:term":[{"taxonomy":"category","embeddable":true,"href":"https:\/\/www.manaus.am.gov.br\/semasc\/wp-json\/wp\/v2\/categories?post=207731"},{"taxonomy":"post_tag","embeddable":true,"href":"https:\/\/www.manaus.am.gov.br\/semasc\/wp-json\/wp\/v2\/tags?post=207731"}],"curies":[{"name":"wp","href":"https:\/\/api.w.org\/{rel}","templated":true}]}}