{"id":207721,"date":"2023-06-30T17:32:39","date_gmt":"2023-06-30T21:32:39","guid":{"rendered":"https:\/\/www.manaus.am.gov.br\/semasc\/prefeitura-realiza-festa-junina-especial-para-usuarios-do-equipamento-socioassistencial-do-bairro-alvorada\/"},"modified":"2023-06-30T17:32:41","modified_gmt":"2023-06-30T21:32:41","slug":"prefeitura-realiza-festa-junina-especial-para-usuarios-do-equipamento-socioassistencial-do-bairro-alvorada","status":"publish","type":"post","link":"https:\/\/www.manaus.am.gov.br\/semasc\/prefeitura-realiza-festa-junina-especial-para-usuarios-do-equipamento-socioassistencial-do-bairro-alvorada\/","title":{"rendered":"<strong>Prefeitura realiza festa junina especial para usu\u00e1rios do equipamento socioassistencial do bairro Alvorada<\/strong>"},"content":{"rendered":"\n<p>Em clima de festividades do per\u00edodo junino e buscando promover atividades de lazer e socializa\u00e7\u00e3o comunit\u00e1ria a fam\u00edlias em estado de vulnerabilidade social, a Prefeitura de Manaus, por meio da Secretaria Municipal da Mulher, Assist\u00eancia Social e Cidadania (Semasc), realizou, nesta sexta-feira, 30\/6, uma festa junina especialmente dedicada a fam\u00edlias atendidas pelo Servi\u00e7o de Conviv\u00eancia e Fortalecimento de V\u00ednculos (SCFV) e pelo Programa de Aten\u00e7\u00e3o Integral \u00e0 Fam\u00edlia (PAIF), referenciadas no Centro de Refer\u00eancia de Assist\u00eancia Social (Cras) Alvorada 1, na zona Centro-Oeste.<\/p>\n\n\n\n<p>Realizado na quadra do equipamento socioassistencial, o evento contou com comidas t\u00edpicas, brincadeiras tradicionais para as crian\u00e7as, sorteio de brindes e a apresenta\u00e7\u00e3o de uma quadrilha junina organizada pelos pr\u00f3prios usu\u00e1rios.<\/p>\n\n\n\n<p>\u201cEstamos hoje promovendo um momento de descontra\u00e7\u00e3o, de alegria e confraterniza\u00e7\u00e3o a essas fam\u00edlias atendidas por nossos servi\u00e7os, fam\u00edlias que realmente precisam de momentos assim para fortalecer seus v\u00ednculos entre si e desenvolver um sentimento de pertencimento, de conforto. Hoje e sempre, abra\u00e7amos essas fam\u00edlias\u201d, afirmou a coordenadora do Cras Alvorada 1, Luciane Paix\u00e3o.<\/p>\n\n\n\n<p>De acordo com a assistente social Elizabete Garcia, t\u00e9cnica respons\u00e1vel pelo SCFV no equipamento, apesar de ser uma \u201cquebra de rotina\u201d, a festividade \u00e9 essencial para o desenvolvimento eficaz dos servi\u00e7os oferecidos pelo Cras \u00e0s fam\u00edlias da comunidade ao seu redor.<\/p>\n\n\n\n<p>\u201cO que trabalhamos dentro do servi\u00e7o de conviv\u00eancia ao longo de todo o ano \u00e9 a coletividade, os v\u00ednculos familiares e intergeracionais dessas pessoas, usando diversas tem\u00e1ticas como ferramenta. As festividades juninas encaixam-se perfeitamente nessa fun\u00e7\u00e3o, congregando todos os nossos grupos em \u00fanico espa\u00e7o de confraterniza\u00e7\u00e3o e conv\u00edvio\u201d, explicou.<\/p>\n\n\n\n<p>A dona de casa, M\u00e1rcia Freitas, aproveitou a festa acompanhada de suas colegas de oficinas realizadas pelo Paif e elogiou a iniciativa. \u201c\u00c9 muito gratificante estar aqui hoje e \u00e9 sempre igualmente prazeroso frequentar o Cras. Como dona de casa, fazer parte das oficinas e participar de eventos assim \u00e9 como uma terapia, \u00e9 algo que me deixa feliz, que me ajuda. Hoje foi maravilhoso\u201d, concluiu.<\/p>\n\n\n\n<p>&#8212; &#8212; &#8212;<\/p>\n\n\n\n<p><strong>Texto &#8211; <\/strong>Guilherme Ara\u00fajo Pacheco \/ Semasc<\/p>\n\n\n\n<p><strong>Fotos &#8211;<\/strong> Marcely Gomes \/ Semasc<\/p>\n\n\n\n<p><strong>Dispon\u00edvel em &#8211;<\/strong> <a href=\"https:\/\/flic.kr\/s\/aHBqjAKPot\">https:\/\/flic.kr\/s\/aHBqjAKPot<\/a><\/p>\n","protected":false},"excerpt":{"rendered":"","protected":false},"author":39,"featured_media":207722,"comment_status":"closed","ping_status":"closed","sticky":false,"template":"","format":"standard","meta":{"footnotes":""},"categories":[91],"tags":[183,184,7,18,185],"acf":[],"yoast_head":"<!-- This site is optimized with the Yoast SEO plugin v23.0 - https:\/\/yoast.com\/wordpress\/plugins\/seo\/ -->\n<title>Prefeitura realiza festa junina especial para usu\u00e1rios do equipamento socioassistencial do bairro Alvorada<\/title>\n<meta name=\"description\" content=\"Realizado na quadra do equipamento socioassistencial, o evento contou com comidas t\u00edpicas, brincadeiras tradicionais para as crian\u00e7as, sorteio de brindes e a apresenta\u00e7\u00e3o de uma quadrilha junina organizada pelos pr\u00f3prios usu\u00e1rios.\" \/>\n<meta name=\"robots\" content=\"noindex, follow\" \/>\n<meta property=\"og:locale\" content=\"pt_BR\" \/>\n<meta property=\"og:type\" content=\"article\" \/>\n<meta property=\"og:title\" content=\"Prefeitura realiza festa junina especial para usu\u00e1rios do equipamento socioassistencial do bairro Alvorada\" \/>\n<meta property=\"og:description\" content=\"Realizado na quadra do equipamento socioassistencial, o evento contou com comidas t\u00edpicas, brincadeiras tradicionais para as crian\u00e7as, sorteio de brindes e a apresenta\u00e7\u00e3o de uma quadrilha junina organizada pelos pr\u00f3prios usu\u00e1rios.\" \/>\n<meta property=\"og:url\" content=\"https:\/\/www.manaus.am.gov.br\/semasc\/prefeitura-realiza-festa-junina-especial-para-usuarios-do-equipamento-socioassistencial-do-bairro-alvorada\/\" \/>\n<meta property=\"og:site_name\" content=\"SEMASC\" \/>\n<meta property=\"article:publisher\" content=\"https:\/\/www.facebook.com\/semascmanaus\" \/>\n<meta property=\"article:published_time\" content=\"2023-06-30T21:32:39+00:00\" \/>\n<meta property=\"article:modified_time\" content=\"2023-06-30T21:32:41+00:00\" \/>\n<meta property=\"og:image\" content=\"https:\/\/www.manaus.am.gov.br\/semasc\/wp-content\/uploads\/sites\/17\/2023\/06\/20230630101915_IMG_0003-1024x683.jpg\" \/>\n\t<meta property=\"og:image:width\" content=\"1024\" \/>\n\t<meta property=\"og:image:height\" content=\"683\" \/>\n\t<meta property=\"og:image:type\" content=\"image\/jpeg\" \/>\n<meta name=\"author\" content=\"Bruna Greco\" \/>\n<meta name=\"twitter:card\" content=\"summary_large_image\" \/>\n<meta name=\"twitter:label1\" content=\"Written by\" \/>\n\t<meta name=\"twitter:data1\" content=\"Bruna Greco\" \/>\n\t<meta name=\"twitter:label2\" content=\"Est. reading time\" \/>\n\t<meta name=\"twitter:data2\" content=\"2 minutos\" \/>\n<script type=\"application\/ld+json\" class=\"yoast-schema-graph\">{\"@context\":\"https:\/\/schema.org\",\"@graph\":[{\"@type\":\"Article\",\"@id\":\"https:\/\/www.manaus.am.gov.br\/semasc\/prefeitura-realiza-festa-junina-especial-para-usuarios-do-equipamento-socioassistencial-do-bairro-alvorada\/#article\",\"isPartOf\":{\"@id\":\"https:\/\/www.manaus.am.gov.br\/semasc\/prefeitura-realiza-festa-junina-especial-para-usuarios-do-equipamento-socioassistencial-do-bairro-alvorada\/\"},\"author\":{\"name\":\"Bruna Greco\",\"@id\":\"https:\/\/www.manaus.am.gov.br\/semasc\/#\/schema\/person\/05d223aea2bf115f9883a6ff3683d81b\"},\"headline\":\"Prefeitura realiza festa junina especial para usu\u00e1rios do equipamento socioassistencial do bairro Alvorada\",\"datePublished\":\"2023-06-30T21:32:39+00:00\",\"dateModified\":\"2023-06-30T21:32:41+00:00\",\"mainEntityOfPage\":{\"@id\":\"https:\/\/www.manaus.am.gov.br\/semasc\/prefeitura-realiza-festa-junina-especial-para-usuarios-do-equipamento-socioassistencial-do-bairro-alvorada\/\"},\"wordCount\":392,\"publisher\":{\"@id\":\"https:\/\/www.manaus.am.gov.br\/semasc\/#organization\"},\"image\":{\"@id\":\"https:\/\/www.manaus.am.gov.br\/semasc\/prefeitura-realiza-festa-junina-especial-para-usuarios-do-equipamento-socioassistencial-do-bairro-alvorada\/#primaryimage\"},\"thumbnailUrl\":\"https:\/\/www.manaus.am.gov.br\/semasc\/wp-content\/uploads\/sites\/17\/2023\/06\/20230630101915_IMG_0003.jpg\",\"keywords\":[\"bairro alvorada\",\"festa junina especial\",\"prefeitura de manaus\",\"Semasc\",\"usu\u00e1rios do equipamento socioassistencial\"],\"articleSection\":[\"Eventos\"],\"inLanguage\":\"pt-BR\"},{\"@type\":\"WebPage\",\"@id\":\"https:\/\/www.manaus.am.gov.br\/semasc\/prefeitura-realiza-festa-junina-especial-para-usuarios-do-equipamento-socioassistencial-do-bairro-alvorada\/\",\"url\":\"https:\/\/www.manaus.am.gov.br\/semasc\/prefeitura-realiza-festa-junina-especial-para-usuarios-do-equipamento-socioassistencial-do-bairro-alvorada\/\",\"name\":\"Prefeitura realiza festa junina especial para usu\u00e1rios do equipamento socioassistencial do bairro Alvorada\",\"isPartOf\":{\"@id\":\"https:\/\/www.manaus.am.gov.br\/semasc\/#website\"},\"primaryImageOfPage\":{\"@id\":\"https:\/\/www.manaus.am.gov.br\/semasc\/prefeitura-realiza-festa-junina-especial-para-usuarios-do-equipamento-socioassistencial-do-bairro-alvorada\/#primaryimage\"},\"image\":{\"@id\":\"https:\/\/www.manaus.am.gov.br\/semasc\/prefeitura-realiza-festa-junina-especial-para-usuarios-do-equipamento-socioassistencial-do-bairro-alvorada\/#primaryimage\"},\"thumbnailUrl\":\"https:\/\/www.manaus.am.gov.br\/semasc\/wp-content\/uploads\/sites\/17\/2023\/06\/20230630101915_IMG_0003.jpg\",\"datePublished\":\"2023-06-30T21:32:39+00:00\",\"dateModified\":\"2023-06-30T21:32:41+00:00\",\"description\":\"Realizado na quadra do equipamento socioassistencial, o evento contou com comidas t\u00edpicas, brincadeiras tradicionais para as crian\u00e7as, sorteio de brindes e a apresenta\u00e7\u00e3o de uma quadrilha junina organizada pelos pr\u00f3prios usu\u00e1rios.\",\"breadcrumb\":{\"@id\":\"https:\/\/www.manaus.am.gov.br\/semasc\/prefeitura-realiza-festa-junina-especial-para-usuarios-do-equipamento-socioassistencial-do-bairro-alvorada\/#breadcrumb\"},\"inLanguage\":\"pt-BR\",\"potentialAction\":[{\"@type\":\"ReadAction\",\"target\":[\"https:\/\/www.manaus.am.gov.br\/semasc\/prefeitura-realiza-festa-junina-especial-para-usuarios-do-equipamento-socioassistencial-do-bairro-alvorada\/\"]}]},{\"@type\":\"ImageObject\",\"inLanguage\":\"pt-BR\",\"@id\":\"https:\/\/www.manaus.am.gov.br\/semasc\/prefeitura-realiza-festa-junina-especial-para-usuarios-do-equipamento-socioassistencial-do-bairro-alvorada\/#primaryimage\",\"url\":\"https:\/\/www.manaus.am.gov.br\/semasc\/wp-content\/uploads\/sites\/17\/2023\/06\/20230630101915_IMG_0003.jpg\",\"contentUrl\":\"https:\/\/www.manaus.am.gov.br\/semasc\/wp-content\/uploads\/sites\/17\/2023\/06\/20230630101915_IMG_0003.jpg\",\"width\":3984,\"height\":2656},{\"@type\":\"BreadcrumbList\",\"@id\":\"https:\/\/www.manaus.am.gov.br\/semasc\/prefeitura-realiza-festa-junina-especial-para-usuarios-do-equipamento-socioassistencial-do-bairro-alvorada\/#breadcrumb\",\"itemListElement\":[{\"@type\":\"ListItem\",\"position\":1,\"name\":\"Home\",\"item\":\"https:\/\/www.manaus.am.gov.br\/semasc\/\"},{\"@type\":\"ListItem\",\"position\":2,\"name\":\"Prefeitura realiza festa junina especial para usu\u00e1rios do equipamento socioassistencial do bairro Alvorada\"}]},{\"@type\":\"WebSite\",\"@id\":\"https:\/\/www.manaus.am.gov.br\/semasc\/#website\",\"url\":\"https:\/\/www.manaus.am.gov.br\/semasc\/\",\"name\":\"SEMASC\",\"description\":\"Secretaria Municipal da Mulher, Assist\u00eancia Social e Cidadania.\",\"publisher\":{\"@id\":\"https:\/\/www.manaus.am.gov.br\/semasc\/#organization\"},\"alternateName\":\"Secretaria Municipal da Mulher, Assist\u00eancia Social e Cidadania\",\"potentialAction\":[{\"@type\":\"SearchAction\",\"target\":{\"@type\":\"EntryPoint\",\"urlTemplate\":\"https:\/\/www.manaus.am.gov.br\/semasc\/?s={search_term_string}\"},\"query-input\":\"required name=search_term_string\"}],\"inLanguage\":\"pt-BR\"},{\"@type\":\"Organization\",\"@id\":\"https:\/\/www.manaus.am.gov.br\/semasc\/#organization\",\"name\":\"Prefeitura de Manaus\",\"alternateName\":\"Prefeitura Municipal de Manaus\",\"url\":\"https:\/\/www.manaus.am.gov.br\/semasc\/\",\"logo\":{\"@type\":\"ImageObject\",\"inLanguage\":\"pt-BR\",\"@id\":\"https:\/\/www.manaus.am.gov.br\/semasc\/#\/schema\/logo\/image\/\",\"url\":\"https:\/\/www.manaus.am.gov.br\/semasc\/wp-content\/uploads\/sites\/17\/2024\/07\/favicon.png\",\"contentUrl\":\"https:\/\/www.manaus.am.gov.br\/semasc\/wp-content\/uploads\/sites\/17\/2024\/07\/favicon.png\",\"width\":300,\"height\":300,\"caption\":\"Prefeitura de Manaus\"},\"image\":{\"@id\":\"https:\/\/www.manaus.am.gov.br\/semasc\/#\/schema\/logo\/image\/\"},\"sameAs\":[\"https:\/\/www.facebook.com\/semascmanaus\",\"https:\/\/www.instagram.com\/semascmanaus\/\"]},{\"@type\":\"Person\",\"@id\":\"https:\/\/www.manaus.am.gov.br\/semasc\/#\/schema\/person\/05d223aea2bf115f9883a6ff3683d81b\",\"name\":\"Bruna Greco\",\"image\":{\"@type\":\"ImageObject\",\"inLanguage\":\"pt-BR\",\"@id\":\"https:\/\/www.manaus.am.gov.br\/semasc\/#\/schema\/person\/image\/\",\"url\":\"https:\/\/secure.gravatar.com\/avatar\/9c877d1a6adc2a055330e5c09a8653ce?s=96&d=mm&r=g\",\"contentUrl\":\"https:\/\/secure.gravatar.com\/avatar\/9c877d1a6adc2a055330e5c09a8653ce?s=96&d=mm&r=g\",\"caption\":\"Bruna Greco\"}}]}<\/script>\n<!-- \/ Yoast SEO plugin. -->","yoast_head_json":{"title":"Prefeitura realiza festa junina especial para usu\u00e1rios do equipamento socioassistencial do bairro Alvorada","description":"Realizado na quadra do equipamento socioassistencial, o evento contou com comidas t\u00edpicas, brincadeiras tradicionais para as crian\u00e7as, sorteio de brindes e a apresenta\u00e7\u00e3o de uma quadrilha junina organizada pelos pr\u00f3prios usu\u00e1rios.","robots":{"index":"noindex","follow":"follow"},"og_locale":"pt_BR","og_type":"article","og_title":"Prefeitura realiza festa junina especial para usu\u00e1rios do equipamento socioassistencial do bairro Alvorada","og_description":"Realizado na quadra do equipamento socioassistencial, o evento contou com comidas t\u00edpicas, brincadeiras tradicionais para as crian\u00e7as, sorteio de brindes e a apresenta\u00e7\u00e3o de uma quadrilha junina organizada pelos pr\u00f3prios usu\u00e1rios.","og_url":"https:\/\/www.manaus.am.gov.br\/semasc\/prefeitura-realiza-festa-junina-especial-para-usuarios-do-equipamento-socioassistencial-do-bairro-alvorada\/","og_site_name":"SEMASC","article_publisher":"https:\/\/www.facebook.com\/semascmanaus","article_published_time":"2023-06-30T21:32:39+00:00","article_modified_time":"2023-06-30T21:32:41+00:00","og_image":[{"width":1024,"height":683,"url":"https:\/\/www.manaus.am.gov.br\/semasc\/wp-content\/uploads\/sites\/17\/2023\/06\/20230630101915_IMG_0003-1024x683.jpg","type":"image\/jpeg"}],"author":"Bruna Greco","twitter_card":"summary_large_image","twitter_misc":{"Written by":"Bruna Greco","Est. reading time":"2 minutos"},"schema":{"@context":"https:\/\/schema.org","@graph":[{"@type":"Article","@id":"https:\/\/www.manaus.am.gov.br\/semasc\/prefeitura-realiza-festa-junina-especial-para-usuarios-do-equipamento-socioassistencial-do-bairro-alvorada\/#article","isPartOf":{"@id":"https:\/\/www.manaus.am.gov.br\/semasc\/prefeitura-realiza-festa-junina-especial-para-usuarios-do-equipamento-socioassistencial-do-bairro-alvorada\/"},"author":{"name":"Bruna Greco","@id":"https:\/\/www.manaus.am.gov.br\/semasc\/#\/schema\/person\/05d223aea2bf115f9883a6ff3683d81b"},"headline":"Prefeitura realiza festa junina especial para usu\u00e1rios do equipamento socioassistencial do bairro Alvorada","datePublished":"2023-06-30T21:32:39+00:00","dateModified":"2023-06-30T21:32:41+00:00","mainEntityOfPage":{"@id":"https:\/\/www.manaus.am.gov.br\/semasc\/prefeitura-realiza-festa-junina-especial-para-usuarios-do-equipamento-socioassistencial-do-bairro-alvorada\/"},"wordCount":392,"publisher":{"@id":"https:\/\/www.manaus.am.gov.br\/semasc\/#organization"},"image":{"@id":"https:\/\/www.manaus.am.gov.br\/semasc\/prefeitura-realiza-festa-junina-especial-para-usuarios-do-equipamento-socioassistencial-do-bairro-alvorada\/#primaryimage"},"thumbnailUrl":"https:\/\/www.manaus.am.gov.br\/semasc\/wp-content\/uploads\/sites\/17\/2023\/06\/20230630101915_IMG_0003.jpg","keywords":["bairro alvorada","festa junina especial","prefeitura de manaus","Semasc","usu\u00e1rios do equipamento socioassistencial"],"articleSection":["Eventos"],"inLanguage":"pt-BR"},{"@type":"WebPage","@id":"https:\/\/www.manaus.am.gov.br\/semasc\/prefeitura-realiza-festa-junina-especial-para-usuarios-do-equipamento-socioassistencial-do-bairro-alvorada\/","url":"https:\/\/www.manaus.am.gov.br\/semasc\/prefeitura-realiza-festa-junina-especial-para-usuarios-do-equipamento-socioassistencial-do-bairro-alvorada\/","name":"Prefeitura realiza festa junina especial para usu\u00e1rios do equipamento socioassistencial do bairro Alvorada","isPartOf":{"@id":"https:\/\/www.manaus.am.gov.br\/semasc\/#website"},"primaryImageOfPage":{"@id":"https:\/\/www.manaus.am.gov.br\/semasc\/prefeitura-realiza-festa-junina-especial-para-usuarios-do-equipamento-socioassistencial-do-bairro-alvorada\/#primaryimage"},"image":{"@id":"https:\/\/www.manaus.am.gov.br\/semasc\/prefeitura-realiza-festa-junina-especial-para-usuarios-do-equipamento-socioassistencial-do-bairro-alvorada\/#primaryimage"},"thumbnailUrl":"https:\/\/www.manaus.am.gov.br\/semasc\/wp-content\/uploads\/sites\/17\/2023\/06\/20230630101915_IMG_0003.jpg","datePublished":"2023-06-30T21:32:39+00:00","dateModified":"2023-06-30T21:32:41+00:00","description":"Realizado na quadra do equipamento socioassistencial, o evento contou com comidas t\u00edpicas, brincadeiras tradicionais para as crian\u00e7as, sorteio de brindes e a apresenta\u00e7\u00e3o de uma quadrilha junina organizada pelos pr\u00f3prios usu\u00e1rios.","breadcrumb":{"@id":"https:\/\/www.manaus.am.gov.br\/semasc\/prefeitura-realiza-festa-junina-especial-para-usuarios-do-equipamento-socioassistencial-do-bairro-alvorada\/#breadcrumb"},"inLanguage":"pt-BR","potentialAction":[{"@type":"ReadAction","target":["https:\/\/www.manaus.am.gov.br\/semasc\/prefeitura-realiza-festa-junina-especial-para-usuarios-do-equipamento-socioassistencial-do-bairro-alvorada\/"]}]},{"@type":"ImageObject","inLanguage":"pt-BR","@id":"https:\/\/www.manaus.am.gov.br\/semasc\/prefeitura-realiza-festa-junina-especial-para-usuarios-do-equipamento-socioassistencial-do-bairro-alvorada\/#primaryimage","url":"https:\/\/www.manaus.am.gov.br\/semasc\/wp-content\/uploads\/sites\/17\/2023\/06\/20230630101915_IMG_0003.jpg","contentUrl":"https:\/\/www.manaus.am.gov.br\/semasc\/wp-content\/uploads\/sites\/17\/2023\/06\/20230630101915_IMG_0003.jpg","width":3984,"height":2656},{"@type":"BreadcrumbList","@id":"https:\/\/www.manaus.am.gov.br\/semasc\/prefeitura-realiza-festa-junina-especial-para-usuarios-do-equipamento-socioassistencial-do-bairro-alvorada\/#breadcrumb","itemListElement":[{"@type":"ListItem","position":1,"name":"Home","item":"https:\/\/www.manaus.am.gov.br\/semasc\/"},{"@type":"ListItem","position":2,"name":"Prefeitura realiza festa junina especial para usu\u00e1rios do equipamento socioassistencial do bairro Alvorada"}]},{"@type":"WebSite","@id":"https:\/\/www.manaus.am.gov.br\/semasc\/#website","url":"https:\/\/www.manaus.am.gov.br\/semasc\/","name":"SEMASC","description":"Secretaria Municipal da Mulher, Assist\u00eancia Social e Cidadania.","publisher":{"@id":"https:\/\/www.manaus.am.gov.br\/semasc\/#organization"},"alternateName":"Secretaria Municipal da Mulher, Assist\u00eancia Social e Cidadania","potentialAction":[{"@type":"SearchAction","target":{"@type":"EntryPoint","urlTemplate":"https:\/\/www.manaus.am.gov.br\/semasc\/?s={search_term_string}"},"query-input":"required name=search_term_string"}],"inLanguage":"pt-BR"},{"@type":"Organization","@id":"https:\/\/www.manaus.am.gov.br\/semasc\/#organization","name":"Prefeitura de Manaus","alternateName":"Prefeitura Municipal de Manaus","url":"https:\/\/www.manaus.am.gov.br\/semasc\/","logo":{"@type":"ImageObject","inLanguage":"pt-BR","@id":"https:\/\/www.manaus.am.gov.br\/semasc\/#\/schema\/logo\/image\/","url":"https:\/\/www.manaus.am.gov.br\/semasc\/wp-content\/uploads\/sites\/17\/2024\/07\/favicon.png","contentUrl":"https:\/\/www.manaus.am.gov.br\/semasc\/wp-content\/uploads\/sites\/17\/2024\/07\/favicon.png","width":300,"height":300,"caption":"Prefeitura de Manaus"},"image":{"@id":"https:\/\/www.manaus.am.gov.br\/semasc\/#\/schema\/logo\/image\/"},"sameAs":["https:\/\/www.facebook.com\/semascmanaus","https:\/\/www.instagram.com\/semascmanaus\/"]},{"@type":"Person","@id":"https:\/\/www.manaus.am.gov.br\/semasc\/#\/schema\/person\/05d223aea2bf115f9883a6ff3683d81b","name":"Bruna Greco","image":{"@type":"ImageObject","inLanguage":"pt-BR","@id":"https:\/\/www.manaus.am.gov.br\/semasc\/#\/schema\/person\/image\/","url":"https:\/\/secure.gravatar.com\/avatar\/9c877d1a6adc2a055330e5c09a8653ce?s=96&d=mm&r=g","contentUrl":"https:\/\/secure.gravatar.com\/avatar\/9c877d1a6adc2a055330e5c09a8653ce?s=96&d=mm&r=g","caption":"Bruna Greco"}}]}},"_links":{"self":[{"href":"https:\/\/www.manaus.am.gov.br\/semasc\/wp-json\/wp\/v2\/posts\/207721"}],"collection":[{"href":"https:\/\/www.manaus.am.gov.br\/semasc\/wp-json\/wp\/v2\/posts"}],"about":[{"href":"https:\/\/www.manaus.am.gov.br\/semasc\/wp-json\/wp\/v2\/types\/post"}],"author":[{"embeddable":true,"href":"https:\/\/www.manaus.am.gov.br\/semasc\/wp-json\/wp\/v2\/users\/39"}],"replies":[{"embeddable":true,"href":"https:\/\/www.manaus.am.gov.br\/semasc\/wp-json\/wp\/v2\/comments?post=207721"}],"version-history":[{"count":0,"href":"https:\/\/www.manaus.am.gov.br\/semasc\/wp-json\/wp\/v2\/posts\/207721\/revisions"}],"wp:featuredmedia":[{"embeddable":true,"href":"https:\/\/www.manaus.am.gov.br\/semasc\/wp-json\/wp\/v2\/media\/207722"}],"wp:attachment":[{"href":"https:\/\/www.manaus.am.gov.br\/semasc\/wp-json\/wp\/v2\/media?parent=207721"}],"wp:term":[{"taxonomy":"category","embeddable":true,"href":"https:\/\/www.manaus.am.gov.br\/semasc\/wp-json\/wp\/v2\/categories?post=207721"},{"taxonomy":"post_tag","embeddable":true,"href":"https:\/\/www.manaus.am.gov.br\/semasc\/wp-json\/wp\/v2\/tags?post=207721"}],"curies":[{"name":"wp","href":"https:\/\/api.w.org\/{rel}","templated":true}]}}