{"id":207717,"date":"2023-06-30T15:50:46","date_gmt":"2023-06-30T19:50:46","guid":{"rendered":"https:\/\/www.manaus.am.gov.br\/semasc\/prefeitura-de-manaus-apoia-26-eventos-neste-final-de-semana\/"},"modified":"2023-06-30T15:52:42","modified_gmt":"2023-06-30T19:52:42","slug":"prefeitura-de-manaus-apoia-26-eventos-neste-final-de-semana","status":"publish","type":"post","link":"https:\/\/www.manaus.am.gov.br\/semasc\/prefeitura-de-manaus-apoia-26-eventos-neste-final-de-semana\/","title":{"rendered":"<strong>Prefeitura de Manaus apoia 26 eventos neste final de semana<\/strong>"},"content":{"rendered":"\n<p>A Prefeitura de Manaus, por meio da Funda\u00e7\u00e3o Municipal de Cultura, Turismo e Eventos (Manauscult), apoia 26 eventos em diversas \u00e1reas da cidade neste final de semana. Na programa\u00e7\u00e3o consta festival folcl\u00f3rico dos bairros, eventos religiosos, anivers\u00e1rios de bairros e comunidades, entre outros.<\/p>\n\n\n\n<p>Dentre os 26 eventos, os com maiores express\u00f5es s\u00e3o a 5\u00aa Juventude Cat\u00f3lica, que ocorre na arena Poliesportiva Amadeu Teixeira, 1\u00ba\/7, a partir das 15h; o 1\u00ba Festival Artes\u00e3os e Empreendedores, na Col\u00f4nia Ant\u00f4nio Aleixo, na pra\u00e7a Tancredo Neves, 1\u00ba\/7, a partir das 8h; e o 33\u00b0 Festival Folcl\u00f3rico da avenida S\u00e3o Pedro, no Morro da Liberdade, nos dias 30\/6 e 1\u00ba\/7, a partir das 19h.<\/p>\n\n\n\n<p>Para o diretor-presidente da Manauscult, Osvaldo Cardoso, a programa\u00e7\u00e3o dos meses de junho, julho e agosto est\u00e1 contemplando os festivais folcl\u00f3ricos dos bairros, suspensos desde 2019, al\u00e9m do apoio a outros eventos e comemora\u00e7\u00f5es.<\/p>\n\n\n\n<p>\u201cEntregamos o maior festival folcl\u00f3rico, cheio de tradi\u00e7\u00f5es e resgates, e agora come\u00e7amos com a programa\u00e7\u00e3o dos festejos dos bairros, seguindo a determina\u00e7\u00e3o do prefeito David Almeida, de resgatar as festividades folcl\u00f3ricas em diversas \u00e1reas da nossa cidade. At\u00e9 agosto teremos arraiais, quermesses e festivais folcl\u00f3ricos contemplados com o apoio da Prefeitura de Manaus\u201d, comenta o diretor-presidente.<\/p>\n\n\n\n<p><strong>Programa\u00e7\u00e3o&nbsp;<\/strong><\/p>\n\n\n\n<p><strong>Sexta-feira, 30\/6:&nbsp;<\/strong><\/p>\n\n\n\n<p>30\/6 e 1\u00ba\/7, 16h &#8211; 4\u00b0 Edi\u00e7\u00e3o do Arraial de Rua da Vov\u00f3 Tet\u00ea, rua Graviola, bairro Alvorada.&nbsp;<\/p>\n\n\n\n<p>30\/6, 16h &#8211; Encontro de Mulheres Latino Americanas e Caribenhas, avenida Japur\u00e1,&nbsp;n\u00b0 1362, bairro Pra\u00e7a 14 de Janeiro.&nbsp;<\/p>\n\n\n\n<p>30\/6 a 2\/7, 18h &#8211; 33\u00b0 Festival Folcl\u00f3rico da Av. S\u00e3o Pedro, avenida S\u00e3o Pedro, bairro Morro da Liberdade.&nbsp;<\/p>\n\n\n\n<p>30\/6, 18h &#8211; Festa Junina Janauaca, rua Janauaca, bairro S\u00e3o Jos\u00e9.&nbsp;<\/p>\n\n\n\n<p>30\/6 e 1\u00ba\/7, 18h &#8211; 33\u00b0 Festival Folcl\u00f3rico do bairro Vila da Prata, rua Volunt\u00e1rios da P\u00e1tria, no complexo esportivo da Vila da Prata.&nbsp;<\/p>\n\n\n\n<p>30\/6 e 1\u00ba\/7, 18h &#8211; Anivers\u00e1rio Igreja Batista Kerygma, rua 57, bairro Novo Aleixo.&nbsp;<\/p>\n\n\n\n<p>30\/6 e 1\u00ba\/7, 18h &#8211; 12\u00b0 Arraial dos Amigos do Beto, rua Ilus\u00e3o, bairro Novo Israel.&nbsp;&nbsp;<\/p>\n\n\n\n<p>30\/6, 18h &#8211; Arraial da Pra\u00e7a de Alimenta\u00e7\u00e3o do Viver Melhor 3, rua Leblon, bairro Cidade de Deus.&nbsp;<\/p>\n\n\n\n<p>30\/6 e 1\u00ba\/7, 18h &#8211; XII Festival do Mesti\u00e7o, quadra poliesportiva do conjunto Jardim Canaranas, Cidade Nova 2.&nbsp;&nbsp;<\/p>\n\n\n\n<p>30\/6 e 1\u00ba\/7, 18h &#8211; Anivers\u00e1rio da Comunidade Novo Horizonte, comunidade Novo Horizonte, bairro Distrito Industrial 2.&nbsp;<\/p>\n\n\n\n<p>30\/6 e 1\u00ba\/7, 19h &#8211; 6\u00b0 edi\u00e7\u00e3o do Arraial Amcoa, rua Rio Umatum\u00e3, n\u00b0 79, pra\u00e7a Central Colina do Aleixo.&nbsp;<\/p>\n\n\n\n<p><strong>S\u00e1bado, 1\u00ba\/7:&nbsp;<\/strong><\/p>\n\n\n\n<p>1\u00ba\/7, 08h &#8211; 1\u00b0 Festival Artes\u00e3os e Empreendedores Col\u00f4nia Ant\u00f4nio Aleixo, pra\u00e7a Tancredo Neves, bairro Col\u00f4nia Ant\u00f4nio Aleixo.&nbsp;<\/p>\n\n\n\n<p>1\u00ba\/7, 15h &#8211; 1\u00b0 Edi\u00e7\u00e3o Arraial Aguiar, rua Marcelo Ramos, bairro Zumbi dos Palmares.&nbsp;<\/p>\n\n\n\n<p>1\u00ba\/7, 15h &#8211; Rua Xavier Marques, rua Xavier, bairro Compensa 2.&nbsp;<\/p>\n\n\n\n<p>1\u00ba\/7, 15h &#8211; V Juventude Cat\u00f3lica em A\u00e7\u00e3o, Arena poliesportiva Amadeu Teixeira<\/p>\n\n\n\n<p>1\u00ba\/7, 16h &#8211; Anivers\u00e1rio da Congrega\u00e7\u00e3o Assembleia de Deus, rua Gabriel Gon\u00e7alves, bairro Aleixo.&nbsp;<\/p>\n\n\n\n<p>1\u00ba\/7, 17h &#8211; 1\u00b0 Festival NIBIP, travessa Tapaj\u00f3s N\u00b05, bairro Col\u00f4nia Terra Nova.&nbsp;<\/p>\n\n\n\n<p>1\u00ba\/7, 17h &#8211; Arrai\u00e1 do F\u00e1tima 1 &#8211;&nbsp; rua Alameda da esperan\u00e7a, bairro Novo Aleixo.&nbsp;<\/p>\n\n\n\n<p>1\u00ba\/7, 17h &#8211; Grupo amigos da Rua 6 do Mutir\u00e3o, rua 6, bairro Amazonino Mendes.&nbsp;<\/p>\n\n\n\n<p>1\u00ba\/7, 18h &#8211; Arraial do Igarap\u00e9 Ara\u00e7\u00e1, rua Igarap\u00e9 Ara\u00e7\u00e1, bairro Armando Mendes.&nbsp;<\/p>\n\n\n\n<p>1\u00ba\/7, 19h &#8211; Cruzada Evang\u00e9lica, avenida Arica, bairro Mauazinho.&nbsp;<\/p>\n\n\n\n<p>1\u00ba\/7, 19h &#8211;&nbsp; Festividades Santu\u00e1rio da F\u00e9, rua Fl\u00e1vio Costa, bairro Coroado 2.&nbsp;<\/p>\n\n\n\n<p>1\u00ba\/7, 19h &#8211;&nbsp; Festa Junina da Igreja Comunidade Nossa Senhora M\u00e3e de Deus, rua P\u00e9ricles Ramos, bairro Japiim.&nbsp;<\/p>\n\n\n\n<p>1\u00ba\/7, 19h &#8211;&nbsp; Arraial da Vila Mam\u00e3o, rua Vasconcelos Chaves, bairro S\u00e3o Francisco.&nbsp;<\/p>\n\n\n\n<p><strong>Domingo, 2\/7:&nbsp;<\/strong><\/p>\n\n\n\n<p>2\/7, 8h &#8211; Arena da Banana, rua L\u00f3ris Cordovil, bairro Alvorada.&nbsp;<\/p>\n\n\n\n<p>2\/7, 17h &#8211; Festividades Juninas, Av. Fernando Pessoa, n\u00b0 47, bairro Japiim.&nbsp;<\/p>\n\n\n\n<p>&#8212; &#8212; &#8212;<\/p>\n\n\n\n<p><strong>Texto &#8211;<\/strong> Guilherme Torres \/ Manauscult<\/p>\n\n\n\n<p><strong>Foto &#8211;<\/strong> Divulga\u00e7\u00e3o \/ Semcom&nbsp;<\/p>\n","protected":false},"excerpt":{"rendered":"","protected":false},"author":39,"featured_media":207720,"comment_status":"closed","ping_status":"closed","sticky":false,"template":"","format":"standard","meta":{"footnotes":""},"categories":[177],"tags":[178,179,180,181,97,7,182],"acf":[],"yoast_head":"<!-- This site is optimized with the Yoast SEO plugin v23.0 - https:\/\/yoast.com\/wordpress\/plugins\/seo\/ -->\n<title>Prefeitura de Manaus apoia 26 eventos neste final de semana<\/title>\n<meta name=\"description\" content=\"A Prefeitura de Manaus, por meio da Funda\u00e7\u00e3o Municipal de Cultura, Turismo e Eventos (Manauscult), apoia 26 eventos em diversas \u00e1reas da cidade neste final de semana. Na programa\u00e7\u00e3o consta festival folcl\u00f3rico dos bairros, eventos religiosos, anivers\u00e1rios de bairros e comunidades, entre outros.\" \/>\n<meta name=\"robots\" content=\"noindex, follow\" \/>\n<meta property=\"og:locale\" content=\"pt_BR\" \/>\n<meta property=\"og:type\" content=\"article\" \/>\n<meta property=\"og:title\" content=\"Prefeitura de Manaus apoia 26 eventos neste final de semana\" \/>\n<meta property=\"og:description\" content=\"A Prefeitura de Manaus, por meio da Funda\u00e7\u00e3o Municipal de Cultura, Turismo e Eventos (Manauscult), apoia 26 eventos em diversas \u00e1reas da cidade neste final de semana. Na programa\u00e7\u00e3o consta festival folcl\u00f3rico dos bairros, eventos religiosos, anivers\u00e1rios de bairros e comunidades, entre outros.\" \/>\n<meta property=\"og:url\" content=\"https:\/\/www.manaus.am.gov.br\/semasc\/prefeitura-de-manaus-apoia-26-eventos-neste-final-de-semana\/\" \/>\n<meta property=\"og:site_name\" content=\"SEMASC\" \/>\n<meta property=\"article:publisher\" content=\"https:\/\/www.facebook.com\/semascmanaus\" \/>\n<meta property=\"article:published_time\" content=\"2023-06-30T19:50:46+00:00\" \/>\n<meta property=\"article:modified_time\" content=\"2023-06-30T19:52:42+00:00\" \/>\n<meta property=\"og:image\" content=\"https:\/\/www.manaus.am.gov.br\/semasc\/wp-content\/uploads\/sites\/17\/2023\/06\/Eventos-com-o-apoio-da-Prefeitura-de-Manaus-1-1.jpg\" \/>\n\t<meta property=\"og:image:width\" content=\"5184\" \/>\n\t<meta property=\"og:image:height\" content=\"3456\" \/>\n\t<meta property=\"og:image:type\" content=\"image\/jpeg\" \/>\n<meta name=\"author\" content=\"Bruna Greco\" \/>\n<meta name=\"twitter:card\" content=\"summary_large_image\" \/>\n<meta name=\"twitter:label1\" content=\"Written by\" \/>\n\t<meta name=\"twitter:data1\" content=\"Bruna Greco\" \/>\n\t<meta name=\"twitter:label2\" content=\"Est. reading time\" \/>\n\t<meta name=\"twitter:data2\" content=\"4 minutos\" \/>\n<script type=\"application\/ld+json\" class=\"yoast-schema-graph\">{\"@context\":\"https:\/\/schema.org\",\"@graph\":[{\"@type\":\"Article\",\"@id\":\"https:\/\/www.manaus.am.gov.br\/semasc\/prefeitura-de-manaus-apoia-26-eventos-neste-final-de-semana\/#article\",\"isPartOf\":{\"@id\":\"https:\/\/www.manaus.am.gov.br\/semasc\/prefeitura-de-manaus-apoia-26-eventos-neste-final-de-semana\/\"},\"author\":{\"name\":\"Bruna Greco\",\"@id\":\"https:\/\/www.manaus.am.gov.br\/semasc\/#\/schema\/person\/05d223aea2bf115f9883a6ff3683d81b\"},\"headline\":\"Prefeitura de Manaus apoia 26 eventos neste final de semana\",\"datePublished\":\"2023-06-30T19:50:46+00:00\",\"dateModified\":\"2023-06-30T19:52:42+00:00\",\"mainEntityOfPage\":{\"@id\":\"https:\/\/www.manaus.am.gov.br\/semasc\/prefeitura-de-manaus-apoia-26-eventos-neste-final-de-semana\/\"},\"wordCount\":661,\"publisher\":{\"@id\":\"https:\/\/www.manaus.am.gov.br\/semasc\/#organization\"},\"image\":{\"@id\":\"https:\/\/www.manaus.am.gov.br\/semasc\/prefeitura-de-manaus-apoia-26-eventos-neste-final-de-semana\/#primaryimage\"},\"thumbnailUrl\":\"https:\/\/www.manaus.am.gov.br\/semasc\/wp-content\/uploads\/sites\/17\/2023\/06\/Eventos-com-o-apoio-da-Prefeitura-de-Manaus-1-1.jpg\",\"keywords\":[\"26 eventos\",\"anivers\u00e1rios de bairros e comunidades\",\"eventos religiosos\",\"festival folcl\u00f3rico dos bairros\",\"Manauscult\",\"prefeitura de manaus\",\"programa\u00e7\u00e3o\"],\"articleSection\":[\"Programa\u00e7\u00e3o\"],\"inLanguage\":\"pt-BR\"},{\"@type\":\"WebPage\",\"@id\":\"https:\/\/www.manaus.am.gov.br\/semasc\/prefeitura-de-manaus-apoia-26-eventos-neste-final-de-semana\/\",\"url\":\"https:\/\/www.manaus.am.gov.br\/semasc\/prefeitura-de-manaus-apoia-26-eventos-neste-final-de-semana\/\",\"name\":\"Prefeitura de Manaus apoia 26 eventos neste final de semana\",\"isPartOf\":{\"@id\":\"https:\/\/www.manaus.am.gov.br\/semasc\/#website\"},\"primaryImageOfPage\":{\"@id\":\"https:\/\/www.manaus.am.gov.br\/semasc\/prefeitura-de-manaus-apoia-26-eventos-neste-final-de-semana\/#primaryimage\"},\"image\":{\"@id\":\"https:\/\/www.manaus.am.gov.br\/semasc\/prefeitura-de-manaus-apoia-26-eventos-neste-final-de-semana\/#primaryimage\"},\"thumbnailUrl\":\"https:\/\/www.manaus.am.gov.br\/semasc\/wp-content\/uploads\/sites\/17\/2023\/06\/Eventos-com-o-apoio-da-Prefeitura-de-Manaus-1-1.jpg\",\"datePublished\":\"2023-06-30T19:50:46+00:00\",\"dateModified\":\"2023-06-30T19:52:42+00:00\",\"description\":\"A Prefeitura de Manaus, por meio da Funda\u00e7\u00e3o Municipal de Cultura, Turismo e Eventos (Manauscult), apoia 26 eventos em diversas \u00e1reas da cidade neste final de semana. Na programa\u00e7\u00e3o consta festival folcl\u00f3rico dos bairros, eventos religiosos, anivers\u00e1rios de bairros e comunidades, entre outros.\",\"breadcrumb\":{\"@id\":\"https:\/\/www.manaus.am.gov.br\/semasc\/prefeitura-de-manaus-apoia-26-eventos-neste-final-de-semana\/#breadcrumb\"},\"inLanguage\":\"pt-BR\",\"potentialAction\":[{\"@type\":\"ReadAction\",\"target\":[\"https:\/\/www.manaus.am.gov.br\/semasc\/prefeitura-de-manaus-apoia-26-eventos-neste-final-de-semana\/\"]}]},{\"@type\":\"ImageObject\",\"inLanguage\":\"pt-BR\",\"@id\":\"https:\/\/www.manaus.am.gov.br\/semasc\/prefeitura-de-manaus-apoia-26-eventos-neste-final-de-semana\/#primaryimage\",\"url\":\"https:\/\/www.manaus.am.gov.br\/semasc\/wp-content\/uploads\/sites\/17\/2023\/06\/Eventos-com-o-apoio-da-Prefeitura-de-Manaus-1-1.jpg\",\"contentUrl\":\"https:\/\/www.manaus.am.gov.br\/semasc\/wp-content\/uploads\/sites\/17\/2023\/06\/Eventos-com-o-apoio-da-Prefeitura-de-Manaus-1-1.jpg\",\"width\":5184,\"height\":3456,\"caption\":\"Manaus 24-06-2018 Encerramento Arraial do Parque das Crian\u00e7a Foto.Altemar Alcantara\/Semcom\"},{\"@type\":\"BreadcrumbList\",\"@id\":\"https:\/\/www.manaus.am.gov.br\/semasc\/prefeitura-de-manaus-apoia-26-eventos-neste-final-de-semana\/#breadcrumb\",\"itemListElement\":[{\"@type\":\"ListItem\",\"position\":1,\"name\":\"Home\",\"item\":\"https:\/\/www.manaus.am.gov.br\/semasc\/\"},{\"@type\":\"ListItem\",\"position\":2,\"name\":\"Prefeitura de Manaus apoia 26 eventos neste final de semana\"}]},{\"@type\":\"WebSite\",\"@id\":\"https:\/\/www.manaus.am.gov.br\/semasc\/#website\",\"url\":\"https:\/\/www.manaus.am.gov.br\/semasc\/\",\"name\":\"SEMASC\",\"description\":\"Secretaria Municipal da Mulher, Assist\u00eancia Social e Cidadania.\",\"publisher\":{\"@id\":\"https:\/\/www.manaus.am.gov.br\/semasc\/#organization\"},\"alternateName\":\"Secretaria Municipal da Mulher, Assist\u00eancia Social e Cidadania\",\"potentialAction\":[{\"@type\":\"SearchAction\",\"target\":{\"@type\":\"EntryPoint\",\"urlTemplate\":\"https:\/\/www.manaus.am.gov.br\/semasc\/?s={search_term_string}\"},\"query-input\":\"required name=search_term_string\"}],\"inLanguage\":\"pt-BR\"},{\"@type\":\"Organization\",\"@id\":\"https:\/\/www.manaus.am.gov.br\/semasc\/#organization\",\"name\":\"Prefeitura de Manaus\",\"alternateName\":\"Prefeitura Municipal de Manaus\",\"url\":\"https:\/\/www.manaus.am.gov.br\/semasc\/\",\"logo\":{\"@type\":\"ImageObject\",\"inLanguage\":\"pt-BR\",\"@id\":\"https:\/\/www.manaus.am.gov.br\/semasc\/#\/schema\/logo\/image\/\",\"url\":\"https:\/\/www.manaus.am.gov.br\/semasc\/wp-content\/uploads\/sites\/17\/2024\/07\/favicon.png\",\"contentUrl\":\"https:\/\/www.manaus.am.gov.br\/semasc\/wp-content\/uploads\/sites\/17\/2024\/07\/favicon.png\",\"width\":300,\"height\":300,\"caption\":\"Prefeitura de Manaus\"},\"image\":{\"@id\":\"https:\/\/www.manaus.am.gov.br\/semasc\/#\/schema\/logo\/image\/\"},\"sameAs\":[\"https:\/\/www.facebook.com\/semascmanaus\",\"https:\/\/www.instagram.com\/semascmanaus\/\"]},{\"@type\":\"Person\",\"@id\":\"https:\/\/www.manaus.am.gov.br\/semasc\/#\/schema\/person\/05d223aea2bf115f9883a6ff3683d81b\",\"name\":\"Bruna Greco\",\"image\":{\"@type\":\"ImageObject\",\"inLanguage\":\"pt-BR\",\"@id\":\"https:\/\/www.manaus.am.gov.br\/semasc\/#\/schema\/person\/image\/\",\"url\":\"https:\/\/secure.gravatar.com\/avatar\/9c877d1a6adc2a055330e5c09a8653ce?s=96&d=mm&r=g\",\"contentUrl\":\"https:\/\/secure.gravatar.com\/avatar\/9c877d1a6adc2a055330e5c09a8653ce?s=96&d=mm&r=g\",\"caption\":\"Bruna Greco\"}}]}<\/script>\n<!-- \/ Yoast SEO plugin. -->","yoast_head_json":{"title":"Prefeitura de Manaus apoia 26 eventos neste final de semana","description":"A Prefeitura de Manaus, por meio da Funda\u00e7\u00e3o Municipal de Cultura, Turismo e Eventos (Manauscult), apoia 26 eventos em diversas \u00e1reas da cidade neste final de semana. Na programa\u00e7\u00e3o consta festival folcl\u00f3rico dos bairros, eventos religiosos, anivers\u00e1rios de bairros e comunidades, entre outros.","robots":{"index":"noindex","follow":"follow"},"og_locale":"pt_BR","og_type":"article","og_title":"Prefeitura de Manaus apoia 26 eventos neste final de semana","og_description":"A Prefeitura de Manaus, por meio da Funda\u00e7\u00e3o Municipal de Cultura, Turismo e Eventos (Manauscult), apoia 26 eventos em diversas \u00e1reas da cidade neste final de semana. Na programa\u00e7\u00e3o consta festival folcl\u00f3rico dos bairros, eventos religiosos, anivers\u00e1rios de bairros e comunidades, entre outros.","og_url":"https:\/\/www.manaus.am.gov.br\/semasc\/prefeitura-de-manaus-apoia-26-eventos-neste-final-de-semana\/","og_site_name":"SEMASC","article_publisher":"https:\/\/www.facebook.com\/semascmanaus","article_published_time":"2023-06-30T19:50:46+00:00","article_modified_time":"2023-06-30T19:52:42+00:00","og_image":[{"width":5184,"height":3456,"url":"https:\/\/www.manaus.am.gov.br\/semasc\/wp-content\/uploads\/sites\/17\/2023\/06\/Eventos-com-o-apoio-da-Prefeitura-de-Manaus-1-1.jpg","type":"image\/jpeg"}],"author":"Bruna Greco","twitter_card":"summary_large_image","twitter_misc":{"Written by":"Bruna Greco","Est. reading time":"4 minutos"},"schema":{"@context":"https:\/\/schema.org","@graph":[{"@type":"Article","@id":"https:\/\/www.manaus.am.gov.br\/semasc\/prefeitura-de-manaus-apoia-26-eventos-neste-final-de-semana\/#article","isPartOf":{"@id":"https:\/\/www.manaus.am.gov.br\/semasc\/prefeitura-de-manaus-apoia-26-eventos-neste-final-de-semana\/"},"author":{"name":"Bruna Greco","@id":"https:\/\/www.manaus.am.gov.br\/semasc\/#\/schema\/person\/05d223aea2bf115f9883a6ff3683d81b"},"headline":"Prefeitura de Manaus apoia 26 eventos neste final de semana","datePublished":"2023-06-30T19:50:46+00:00","dateModified":"2023-06-30T19:52:42+00:00","mainEntityOfPage":{"@id":"https:\/\/www.manaus.am.gov.br\/semasc\/prefeitura-de-manaus-apoia-26-eventos-neste-final-de-semana\/"},"wordCount":661,"publisher":{"@id":"https:\/\/www.manaus.am.gov.br\/semasc\/#organization"},"image":{"@id":"https:\/\/www.manaus.am.gov.br\/semasc\/prefeitura-de-manaus-apoia-26-eventos-neste-final-de-semana\/#primaryimage"},"thumbnailUrl":"https:\/\/www.manaus.am.gov.br\/semasc\/wp-content\/uploads\/sites\/17\/2023\/06\/Eventos-com-o-apoio-da-Prefeitura-de-Manaus-1-1.jpg","keywords":["26 eventos","anivers\u00e1rios de bairros e comunidades","eventos religiosos","festival folcl\u00f3rico dos bairros","Manauscult","prefeitura de manaus","programa\u00e7\u00e3o"],"articleSection":["Programa\u00e7\u00e3o"],"inLanguage":"pt-BR"},{"@type":"WebPage","@id":"https:\/\/www.manaus.am.gov.br\/semasc\/prefeitura-de-manaus-apoia-26-eventos-neste-final-de-semana\/","url":"https:\/\/www.manaus.am.gov.br\/semasc\/prefeitura-de-manaus-apoia-26-eventos-neste-final-de-semana\/","name":"Prefeitura de Manaus apoia 26 eventos neste final de semana","isPartOf":{"@id":"https:\/\/www.manaus.am.gov.br\/semasc\/#website"},"primaryImageOfPage":{"@id":"https:\/\/www.manaus.am.gov.br\/semasc\/prefeitura-de-manaus-apoia-26-eventos-neste-final-de-semana\/#primaryimage"},"image":{"@id":"https:\/\/www.manaus.am.gov.br\/semasc\/prefeitura-de-manaus-apoia-26-eventos-neste-final-de-semana\/#primaryimage"},"thumbnailUrl":"https:\/\/www.manaus.am.gov.br\/semasc\/wp-content\/uploads\/sites\/17\/2023\/06\/Eventos-com-o-apoio-da-Prefeitura-de-Manaus-1-1.jpg","datePublished":"2023-06-30T19:50:46+00:00","dateModified":"2023-06-30T19:52:42+00:00","description":"A Prefeitura de Manaus, por meio da Funda\u00e7\u00e3o Municipal de Cultura, Turismo e Eventos (Manauscult), apoia 26 eventos em diversas \u00e1reas da cidade neste final de semana. Na programa\u00e7\u00e3o consta festival folcl\u00f3rico dos bairros, eventos religiosos, anivers\u00e1rios de bairros e comunidades, entre outros.","breadcrumb":{"@id":"https:\/\/www.manaus.am.gov.br\/semasc\/prefeitura-de-manaus-apoia-26-eventos-neste-final-de-semana\/#breadcrumb"},"inLanguage":"pt-BR","potentialAction":[{"@type":"ReadAction","target":["https:\/\/www.manaus.am.gov.br\/semasc\/prefeitura-de-manaus-apoia-26-eventos-neste-final-de-semana\/"]}]},{"@type":"ImageObject","inLanguage":"pt-BR","@id":"https:\/\/www.manaus.am.gov.br\/semasc\/prefeitura-de-manaus-apoia-26-eventos-neste-final-de-semana\/#primaryimage","url":"https:\/\/www.manaus.am.gov.br\/semasc\/wp-content\/uploads\/sites\/17\/2023\/06\/Eventos-com-o-apoio-da-Prefeitura-de-Manaus-1-1.jpg","contentUrl":"https:\/\/www.manaus.am.gov.br\/semasc\/wp-content\/uploads\/sites\/17\/2023\/06\/Eventos-com-o-apoio-da-Prefeitura-de-Manaus-1-1.jpg","width":5184,"height":3456,"caption":"Manaus 24-06-2018 Encerramento Arraial do Parque das Crian\u00e7a Foto.Altemar Alcantara\/Semcom"},{"@type":"BreadcrumbList","@id":"https:\/\/www.manaus.am.gov.br\/semasc\/prefeitura-de-manaus-apoia-26-eventos-neste-final-de-semana\/#breadcrumb","itemListElement":[{"@type":"ListItem","position":1,"name":"Home","item":"https:\/\/www.manaus.am.gov.br\/semasc\/"},{"@type":"ListItem","position":2,"name":"Prefeitura de Manaus apoia 26 eventos neste final de semana"}]},{"@type":"WebSite","@id":"https:\/\/www.manaus.am.gov.br\/semasc\/#website","url":"https:\/\/www.manaus.am.gov.br\/semasc\/","name":"SEMASC","description":"Secretaria Municipal da Mulher, Assist\u00eancia Social e Cidadania.","publisher":{"@id":"https:\/\/www.manaus.am.gov.br\/semasc\/#organization"},"alternateName":"Secretaria Municipal da Mulher, Assist\u00eancia Social e Cidadania","potentialAction":[{"@type":"SearchAction","target":{"@type":"EntryPoint","urlTemplate":"https:\/\/www.manaus.am.gov.br\/semasc\/?s={search_term_string}"},"query-input":"required name=search_term_string"}],"inLanguage":"pt-BR"},{"@type":"Organization","@id":"https:\/\/www.manaus.am.gov.br\/semasc\/#organization","name":"Prefeitura de Manaus","alternateName":"Prefeitura Municipal de Manaus","url":"https:\/\/www.manaus.am.gov.br\/semasc\/","logo":{"@type":"ImageObject","inLanguage":"pt-BR","@id":"https:\/\/www.manaus.am.gov.br\/semasc\/#\/schema\/logo\/image\/","url":"https:\/\/www.manaus.am.gov.br\/semasc\/wp-content\/uploads\/sites\/17\/2024\/07\/favicon.png","contentUrl":"https:\/\/www.manaus.am.gov.br\/semasc\/wp-content\/uploads\/sites\/17\/2024\/07\/favicon.png","width":300,"height":300,"caption":"Prefeitura de Manaus"},"image":{"@id":"https:\/\/www.manaus.am.gov.br\/semasc\/#\/schema\/logo\/image\/"},"sameAs":["https:\/\/www.facebook.com\/semascmanaus","https:\/\/www.instagram.com\/semascmanaus\/"]},{"@type":"Person","@id":"https:\/\/www.manaus.am.gov.br\/semasc\/#\/schema\/person\/05d223aea2bf115f9883a6ff3683d81b","name":"Bruna Greco","image":{"@type":"ImageObject","inLanguage":"pt-BR","@id":"https:\/\/www.manaus.am.gov.br\/semasc\/#\/schema\/person\/image\/","url":"https:\/\/secure.gravatar.com\/avatar\/9c877d1a6adc2a055330e5c09a8653ce?s=96&d=mm&r=g","contentUrl":"https:\/\/secure.gravatar.com\/avatar\/9c877d1a6adc2a055330e5c09a8653ce?s=96&d=mm&r=g","caption":"Bruna Greco"}}]}},"_links":{"self":[{"href":"https:\/\/www.manaus.am.gov.br\/semasc\/wp-json\/wp\/v2\/posts\/207717"}],"collection":[{"href":"https:\/\/www.manaus.am.gov.br\/semasc\/wp-json\/wp\/v2\/posts"}],"about":[{"href":"https:\/\/www.manaus.am.gov.br\/semasc\/wp-json\/wp\/v2\/types\/post"}],"author":[{"embeddable":true,"href":"https:\/\/www.manaus.am.gov.br\/semasc\/wp-json\/wp\/v2\/users\/39"}],"replies":[{"embeddable":true,"href":"https:\/\/www.manaus.am.gov.br\/semasc\/wp-json\/wp\/v2\/comments?post=207717"}],"version-history":[{"count":1,"href":"https:\/\/www.manaus.am.gov.br\/semasc\/wp-json\/wp\/v2\/posts\/207717\/revisions"}],"predecessor-version":[{"id":207719,"href":"https:\/\/www.manaus.am.gov.br\/semasc\/wp-json\/wp\/v2\/posts\/207717\/revisions\/207719"}],"wp:featuredmedia":[{"embeddable":true,"href":"https:\/\/www.manaus.am.gov.br\/semasc\/wp-json\/wp\/v2\/media\/207720"}],"wp:attachment":[{"href":"https:\/\/www.manaus.am.gov.br\/semasc\/wp-json\/wp\/v2\/media?parent=207717"}],"wp:term":[{"taxonomy":"category","embeddable":true,"href":"https:\/\/www.manaus.am.gov.br\/semasc\/wp-json\/wp\/v2\/categories?post=207717"},{"taxonomy":"post_tag","embeddable":true,"href":"https:\/\/www.manaus.am.gov.br\/semasc\/wp-json\/wp\/v2\/tags?post=207717"}],"curies":[{"name":"wp","href":"https:\/\/api.w.org\/{rel}","templated":true}]}}