{"id":207702,"date":"2023-06-27T16:08:53","date_gmt":"2023-06-27T20:08:53","guid":{"rendered":"https:\/\/www.manaus.am.gov.br\/semasc\/prazo-de-atualizacao-do-domicilio-para-a-eleicao-de-novos-conselheiros-tutelares-em-manaus-encerra-nesta-sexta\/"},"modified":"2023-06-27T16:08:54","modified_gmt":"2023-06-27T20:08:54","slug":"prazo-de-atualizacao-do-domicilio-para-a-eleicao-de-novos-conselheiros-tutelares-em-manaus-encerra-nesta-sexta","status":"publish","type":"post","link":"https:\/\/www.manaus.am.gov.br\/semasc\/prazo-de-atualizacao-do-domicilio-para-a-eleicao-de-novos-conselheiros-tutelares-em-manaus-encerra-nesta-sexta\/","title":{"rendered":"<strong>Prazo de atualiza\u00e7\u00e3o do domic\u00edlio para a elei\u00e7\u00e3o de novos conselheiros tutelares em Manaus encerra nesta sexta<\/strong>"},"content":{"rendered":"\n<p>Eleitores que desde a \u00faltima elei\u00e7\u00e3o para conselheiros tutelares tenham mudado de endere\u00e7o e que, por consequ\u00eancia, estejam com o domic\u00edlio desatualizado, t\u00eam at\u00e9 esta sexta-feira, 30\/6, para comparecer ao Tribunal Regional Eleitoral do Amazonas (TRE-AM), localizado na avenida Andr\u00e9 Ara\u00fajo, no bairro Aleixo, zona Centro-Sul, para realizar sua atualiza\u00e7\u00e3o cadastral, garantindo assim seu direito ao voto durante o processo deste ano.<\/p>\n\n\n\n<p>Para que seja poss\u00edvel votar nos candidatos da regi\u00e3o em que atualmente residem, os eleitores devem se apresentar portando a Carteira de Identidade (RG), Cadastro de Pessoa F\u00edsica (CPF) e comprovante de resid\u00eancia, a fim de atualizar a informa\u00e7\u00e3o e garantir o voto apenas aos candidatos atuantes em suas zonas eleitorais atuais.<\/p>\n\n\n\n<p>\u201cPor exemplo, uma pessoa que vivia na zona Sul e se mudou para a zona Norte precisa comparecer ao TRE-AM e atualizar seu domic\u00edlio eleitoral para que assim possa votar no candidato a conselheiro tutelar que realmente atue dentro de sua comunidade, pr\u00f3ximo a sua realidade. Eleitores com o cadastro eleitoral devidamente atualizado, por sua vez, j\u00e1 n\u00e3o possuem mais nenhuma tratativa a ser realizada a este ponto\u201d, explicou a presidente do Conselho Municipal dos Direitos da Crian\u00e7a e do Adolescente (CMDCA) e subsecret\u00e1ria de Pol\u00edticas Afirmativas para Mulheres e Direitos Humanos, Gra\u00e7a Prola.<\/p>\n\n\n\n<p><strong>Elei\u00e7\u00e3o para Conselheiros Tutelares<\/strong><\/p>\n\n\n\n<p>A Prefeitura de Manaus, por meio da Secretaria Municipal da Mulher, Assist\u00eancia Social e Cidadania (Semasc), e o Conselho Municipal dos Direitos da Crian\u00e7a e do Adolescente (CMDCA) tornaram p\u00fablica, por meio de edital publicado inicialmente na edi\u00e7\u00e3o 5.565 do Di\u00e1rio Oficial do Munic\u00edpio, de 13\/4, a abertura do processo de escolha dos membros dos Conselhos Tutelares de Manaus, durante o quadri\u00eanio 2023\/2027.<\/p>\n\n\n\n<p>Al\u00e9m de estabelecer e detalhar as normas para a realiza\u00e7\u00e3o do pleito, o edital ainda confirmou a abertura de vagas para o Conselho Tutelar da Zona Norte II, a d\u00e9cima unidade do \u00f3rg\u00e3o na cidade. Cada unidade contar\u00e1 com cinco titulares e 20 suplentes, totalizando 50 conselheiros tutelares eleitos e 200 conselheiros suplentes.<\/p>\n\n\n\n<p>De acordo com o documento, a elei\u00e7\u00e3o ser\u00e1 realizada no dia 1\u00ba de outubro, das 8h \u00e0s 17h, em locais a serem definidos pelo CMDCA.<\/p>\n\n\n\n<p>&#8212; &#8212; &#8212;<\/p>\n\n\n\n<p><strong>Texto<\/strong>&nbsp;&#8211; Guilherme Ara\u00fajo Pacheco \/ Semasc<\/p>\n\n\n\n<p><strong>Foto<\/strong>\u00a0&#8211; Marcely Gomes \/ Arquivo Semasc \u00a0<\/p>\n","protected":false},"excerpt":{"rendered":"","protected":false},"author":31,"featured_media":207703,"comment_status":"closed","ping_status":"closed","sticky":false,"template":"","format":"standard","meta":{"footnotes":""},"categories":[66],"tags":[175,82,176,111],"acf":[],"yoast_head":"<!-- This site is optimized with the Yoast SEO plugin v23.0 - https:\/\/yoast.com\/wordpress\/plugins\/seo\/ -->\n<title>Prazo de atualiza\u00e7\u00e3o do domic\u00edlio para a elei\u00e7\u00e3o de novos conselheiros tutelares em Manaus encerra nesta sexta - SEMASC<\/title>\n<meta name=\"robots\" content=\"noindex, follow\" \/>\n<meta property=\"og:locale\" content=\"pt_BR\" \/>\n<meta property=\"og:type\" content=\"article\" \/>\n<meta property=\"og:title\" content=\"Prazo de atualiza\u00e7\u00e3o do domic\u00edlio para a elei\u00e7\u00e3o de novos conselheiros tutelares em Manaus encerra nesta sexta - SEMASC\" \/>\n<meta property=\"og:url\" content=\"https:\/\/www.manaus.am.gov.br\/semasc\/prazo-de-atualizacao-do-domicilio-para-a-eleicao-de-novos-conselheiros-tutelares-em-manaus-encerra-nesta-sexta\/\" \/>\n<meta property=\"og:site_name\" content=\"SEMASC\" \/>\n<meta property=\"article:publisher\" content=\"https:\/\/www.facebook.com\/semascmanaus\" \/>\n<meta property=\"article:published_time\" content=\"2023-06-27T20:08:53+00:00\" \/>\n<meta property=\"article:modified_time\" content=\"2023-06-27T20:08:54+00:00\" \/>\n<meta property=\"og:image\" content=\"https:\/\/www.manaus.am.gov.br\/semasc\/wp-content\/uploads\/sites\/17\/2023\/06\/MG_0710-1024x648.jpg\" \/>\n\t<meta property=\"og:image:width\" content=\"1024\" \/>\n\t<meta property=\"og:image:height\" content=\"648\" \/>\n\t<meta property=\"og:image:type\" content=\"image\/jpeg\" \/>\n<meta name=\"author\" content=\"Renata Felix\" \/>\n<meta name=\"twitter:card\" content=\"summary_large_image\" \/>\n<meta name=\"twitter:label1\" content=\"Written by\" \/>\n\t<meta name=\"twitter:data1\" content=\"Renata Felix\" \/>\n\t<meta name=\"twitter:label2\" content=\"Est. reading time\" \/>\n\t<meta name=\"twitter:data2\" content=\"3 minutos\" \/>\n<script type=\"application\/ld+json\" class=\"yoast-schema-graph\">{\"@context\":\"https:\/\/schema.org\",\"@graph\":[{\"@type\":\"Article\",\"@id\":\"https:\/\/www.manaus.am.gov.br\/semasc\/prazo-de-atualizacao-do-domicilio-para-a-eleicao-de-novos-conselheiros-tutelares-em-manaus-encerra-nesta-sexta\/#article\",\"isPartOf\":{\"@id\":\"https:\/\/www.manaus.am.gov.br\/semasc\/prazo-de-atualizacao-do-domicilio-para-a-eleicao-de-novos-conselheiros-tutelares-em-manaus-encerra-nesta-sexta\/\"},\"author\":{\"name\":\"Renata Felix\",\"@id\":\"https:\/\/www.manaus.am.gov.br\/semasc\/#\/schema\/person\/4eea2a8f78dc853097abb026f728aa06\"},\"headline\":\"Prazo de atualiza\u00e7\u00e3o do domic\u00edlio para a elei\u00e7\u00e3o de novos conselheiros tutelares em Manaus encerra nesta sexta\",\"datePublished\":\"2023-06-27T20:08:53+00:00\",\"dateModified\":\"2023-06-27T20:08:54+00:00\",\"mainEntityOfPage\":{\"@id\":\"https:\/\/www.manaus.am.gov.br\/semasc\/prazo-de-atualizacao-do-domicilio-para-a-eleicao-de-novos-conselheiros-tutelares-em-manaus-encerra-nesta-sexta\/\"},\"wordCount\":414,\"publisher\":{\"@id\":\"https:\/\/www.manaus.am.gov.br\/semasc\/#organization\"},\"image\":{\"@id\":\"https:\/\/www.manaus.am.gov.br\/semasc\/prazo-de-atualizacao-do-domicilio-para-a-eleicao-de-novos-conselheiros-tutelares-em-manaus-encerra-nesta-sexta\/#primaryimage\"},\"thumbnailUrl\":\"https:\/\/www.manaus.am.gov.br\/semasc\/wp-content\/uploads\/sites\/17\/2023\/06\/MG_0710.jpg\",\"keywords\":[\"Atualiza\u00e7\u00e3o cadastral\",\"Conselho Tutelar\",\"domic\u00edlio eleitoral\",\"elei\u00e7\u00e3o\"],\"articleSection\":[\"Conselho\"],\"inLanguage\":\"pt-BR\"},{\"@type\":\"WebPage\",\"@id\":\"https:\/\/www.manaus.am.gov.br\/semasc\/prazo-de-atualizacao-do-domicilio-para-a-eleicao-de-novos-conselheiros-tutelares-em-manaus-encerra-nesta-sexta\/\",\"url\":\"https:\/\/www.manaus.am.gov.br\/semasc\/prazo-de-atualizacao-do-domicilio-para-a-eleicao-de-novos-conselheiros-tutelares-em-manaus-encerra-nesta-sexta\/\",\"name\":\"Prazo de atualiza\u00e7\u00e3o do domic\u00edlio para a elei\u00e7\u00e3o de novos conselheiros tutelares em Manaus encerra nesta sexta - SEMASC\",\"isPartOf\":{\"@id\":\"https:\/\/www.manaus.am.gov.br\/semasc\/#website\"},\"primaryImageOfPage\":{\"@id\":\"https:\/\/www.manaus.am.gov.br\/semasc\/prazo-de-atualizacao-do-domicilio-para-a-eleicao-de-novos-conselheiros-tutelares-em-manaus-encerra-nesta-sexta\/#primaryimage\"},\"image\":{\"@id\":\"https:\/\/www.manaus.am.gov.br\/semasc\/prazo-de-atualizacao-do-domicilio-para-a-eleicao-de-novos-conselheiros-tutelares-em-manaus-encerra-nesta-sexta\/#primaryimage\"},\"thumbnailUrl\":\"https:\/\/www.manaus.am.gov.br\/semasc\/wp-content\/uploads\/sites\/17\/2023\/06\/MG_0710.jpg\",\"datePublished\":\"2023-06-27T20:08:53+00:00\",\"dateModified\":\"2023-06-27T20:08:54+00:00\",\"breadcrumb\":{\"@id\":\"https:\/\/www.manaus.am.gov.br\/semasc\/prazo-de-atualizacao-do-domicilio-para-a-eleicao-de-novos-conselheiros-tutelares-em-manaus-encerra-nesta-sexta\/#breadcrumb\"},\"inLanguage\":\"pt-BR\",\"potentialAction\":[{\"@type\":\"ReadAction\",\"target\":[\"https:\/\/www.manaus.am.gov.br\/semasc\/prazo-de-atualizacao-do-domicilio-para-a-eleicao-de-novos-conselheiros-tutelares-em-manaus-encerra-nesta-sexta\/\"]}]},{\"@type\":\"ImageObject\",\"inLanguage\":\"pt-BR\",\"@id\":\"https:\/\/www.manaus.am.gov.br\/semasc\/prazo-de-atualizacao-do-domicilio-para-a-eleicao-de-novos-conselheiros-tutelares-em-manaus-encerra-nesta-sexta\/#primaryimage\",\"url\":\"https:\/\/www.manaus.am.gov.br\/semasc\/wp-content\/uploads\/sites\/17\/2023\/06\/MG_0710.jpg\",\"contentUrl\":\"https:\/\/www.manaus.am.gov.br\/semasc\/wp-content\/uploads\/sites\/17\/2023\/06\/MG_0710.jpg\",\"width\":5262,\"height\":3328},{\"@type\":\"BreadcrumbList\",\"@id\":\"https:\/\/www.manaus.am.gov.br\/semasc\/prazo-de-atualizacao-do-domicilio-para-a-eleicao-de-novos-conselheiros-tutelares-em-manaus-encerra-nesta-sexta\/#breadcrumb\",\"itemListElement\":[{\"@type\":\"ListItem\",\"position\":1,\"name\":\"Home\",\"item\":\"https:\/\/www.manaus.am.gov.br\/semasc\/\"},{\"@type\":\"ListItem\",\"position\":2,\"name\":\"Prazo de atualiza\u00e7\u00e3o do domic\u00edlio para a elei\u00e7\u00e3o de novos conselheiros tutelares em Manaus encerra nesta sexta\"}]},{\"@type\":\"WebSite\",\"@id\":\"https:\/\/www.manaus.am.gov.br\/semasc\/#website\",\"url\":\"https:\/\/www.manaus.am.gov.br\/semasc\/\",\"name\":\"SEMASC\",\"description\":\"Secretaria Municipal da Mulher, Assist\u00eancia Social e Cidadania.\",\"publisher\":{\"@id\":\"https:\/\/www.manaus.am.gov.br\/semasc\/#organization\"},\"alternateName\":\"Secretaria Municipal da Mulher, Assist\u00eancia Social e Cidadania\",\"potentialAction\":[{\"@type\":\"SearchAction\",\"target\":{\"@type\":\"EntryPoint\",\"urlTemplate\":\"https:\/\/www.manaus.am.gov.br\/semasc\/?s={search_term_string}\"},\"query-input\":\"required name=search_term_string\"}],\"inLanguage\":\"pt-BR\"},{\"@type\":\"Organization\",\"@id\":\"https:\/\/www.manaus.am.gov.br\/semasc\/#organization\",\"name\":\"Prefeitura de Manaus\",\"alternateName\":\"Prefeitura Municipal de Manaus\",\"url\":\"https:\/\/www.manaus.am.gov.br\/semasc\/\",\"logo\":{\"@type\":\"ImageObject\",\"inLanguage\":\"pt-BR\",\"@id\":\"https:\/\/www.manaus.am.gov.br\/semasc\/#\/schema\/logo\/image\/\",\"url\":\"https:\/\/www.manaus.am.gov.br\/semasc\/wp-content\/uploads\/sites\/17\/2024\/07\/favicon.png\",\"contentUrl\":\"https:\/\/www.manaus.am.gov.br\/semasc\/wp-content\/uploads\/sites\/17\/2024\/07\/favicon.png\",\"width\":300,\"height\":300,\"caption\":\"Prefeitura de Manaus\"},\"image\":{\"@id\":\"https:\/\/www.manaus.am.gov.br\/semasc\/#\/schema\/logo\/image\/\"},\"sameAs\":[\"https:\/\/www.facebook.com\/semascmanaus\",\"https:\/\/www.instagram.com\/semascmanaus\/\"]},{\"@type\":\"Person\",\"@id\":\"https:\/\/www.manaus.am.gov.br\/semasc\/#\/schema\/person\/4eea2a8f78dc853097abb026f728aa06\",\"name\":\"Renata Felix\",\"image\":{\"@type\":\"ImageObject\",\"inLanguage\":\"pt-BR\",\"@id\":\"https:\/\/www.manaus.am.gov.br\/semasc\/#\/schema\/person\/image\/\",\"url\":\"https:\/\/secure.gravatar.com\/avatar\/3c196cf9d3b837b24c8edb2c50fd8f29?s=96&d=mm&r=g\",\"contentUrl\":\"https:\/\/secure.gravatar.com\/avatar\/3c196cf9d3b837b24c8edb2c50fd8f29?s=96&d=mm&r=g\",\"caption\":\"Renata Felix\"}}]}<\/script>\n<!-- \/ Yoast SEO plugin. -->","yoast_head_json":{"title":"Prazo de atualiza\u00e7\u00e3o do domic\u00edlio para a elei\u00e7\u00e3o de novos conselheiros tutelares em Manaus encerra nesta sexta - SEMASC","robots":{"index":"noindex","follow":"follow"},"og_locale":"pt_BR","og_type":"article","og_title":"Prazo de atualiza\u00e7\u00e3o do domic\u00edlio para a elei\u00e7\u00e3o de novos conselheiros tutelares em Manaus encerra nesta sexta - SEMASC","og_url":"https:\/\/www.manaus.am.gov.br\/semasc\/prazo-de-atualizacao-do-domicilio-para-a-eleicao-de-novos-conselheiros-tutelares-em-manaus-encerra-nesta-sexta\/","og_site_name":"SEMASC","article_publisher":"https:\/\/www.facebook.com\/semascmanaus","article_published_time":"2023-06-27T20:08:53+00:00","article_modified_time":"2023-06-27T20:08:54+00:00","og_image":[{"width":1024,"height":648,"url":"https:\/\/www.manaus.am.gov.br\/semasc\/wp-content\/uploads\/sites\/17\/2023\/06\/MG_0710-1024x648.jpg","type":"image\/jpeg"}],"author":"Renata Felix","twitter_card":"summary_large_image","twitter_misc":{"Written by":"Renata Felix","Est. reading time":"3 minutos"},"schema":{"@context":"https:\/\/schema.org","@graph":[{"@type":"Article","@id":"https:\/\/www.manaus.am.gov.br\/semasc\/prazo-de-atualizacao-do-domicilio-para-a-eleicao-de-novos-conselheiros-tutelares-em-manaus-encerra-nesta-sexta\/#article","isPartOf":{"@id":"https:\/\/www.manaus.am.gov.br\/semasc\/prazo-de-atualizacao-do-domicilio-para-a-eleicao-de-novos-conselheiros-tutelares-em-manaus-encerra-nesta-sexta\/"},"author":{"name":"Renata Felix","@id":"https:\/\/www.manaus.am.gov.br\/semasc\/#\/schema\/person\/4eea2a8f78dc853097abb026f728aa06"},"headline":"Prazo de atualiza\u00e7\u00e3o do domic\u00edlio para a elei\u00e7\u00e3o de novos conselheiros tutelares em Manaus encerra nesta sexta","datePublished":"2023-06-27T20:08:53+00:00","dateModified":"2023-06-27T20:08:54+00:00","mainEntityOfPage":{"@id":"https:\/\/www.manaus.am.gov.br\/semasc\/prazo-de-atualizacao-do-domicilio-para-a-eleicao-de-novos-conselheiros-tutelares-em-manaus-encerra-nesta-sexta\/"},"wordCount":414,"publisher":{"@id":"https:\/\/www.manaus.am.gov.br\/semasc\/#organization"},"image":{"@id":"https:\/\/www.manaus.am.gov.br\/semasc\/prazo-de-atualizacao-do-domicilio-para-a-eleicao-de-novos-conselheiros-tutelares-em-manaus-encerra-nesta-sexta\/#primaryimage"},"thumbnailUrl":"https:\/\/www.manaus.am.gov.br\/semasc\/wp-content\/uploads\/sites\/17\/2023\/06\/MG_0710.jpg","keywords":["Atualiza\u00e7\u00e3o cadastral","Conselho Tutelar","domic\u00edlio eleitoral","elei\u00e7\u00e3o"],"articleSection":["Conselho"],"inLanguage":"pt-BR"},{"@type":"WebPage","@id":"https:\/\/www.manaus.am.gov.br\/semasc\/prazo-de-atualizacao-do-domicilio-para-a-eleicao-de-novos-conselheiros-tutelares-em-manaus-encerra-nesta-sexta\/","url":"https:\/\/www.manaus.am.gov.br\/semasc\/prazo-de-atualizacao-do-domicilio-para-a-eleicao-de-novos-conselheiros-tutelares-em-manaus-encerra-nesta-sexta\/","name":"Prazo de atualiza\u00e7\u00e3o do domic\u00edlio para a elei\u00e7\u00e3o de novos conselheiros tutelares em Manaus encerra nesta sexta - SEMASC","isPartOf":{"@id":"https:\/\/www.manaus.am.gov.br\/semasc\/#website"},"primaryImageOfPage":{"@id":"https:\/\/www.manaus.am.gov.br\/semasc\/prazo-de-atualizacao-do-domicilio-para-a-eleicao-de-novos-conselheiros-tutelares-em-manaus-encerra-nesta-sexta\/#primaryimage"},"image":{"@id":"https:\/\/www.manaus.am.gov.br\/semasc\/prazo-de-atualizacao-do-domicilio-para-a-eleicao-de-novos-conselheiros-tutelares-em-manaus-encerra-nesta-sexta\/#primaryimage"},"thumbnailUrl":"https:\/\/www.manaus.am.gov.br\/semasc\/wp-content\/uploads\/sites\/17\/2023\/06\/MG_0710.jpg","datePublished":"2023-06-27T20:08:53+00:00","dateModified":"2023-06-27T20:08:54+00:00","breadcrumb":{"@id":"https:\/\/www.manaus.am.gov.br\/semasc\/prazo-de-atualizacao-do-domicilio-para-a-eleicao-de-novos-conselheiros-tutelares-em-manaus-encerra-nesta-sexta\/#breadcrumb"},"inLanguage":"pt-BR","potentialAction":[{"@type":"ReadAction","target":["https:\/\/www.manaus.am.gov.br\/semasc\/prazo-de-atualizacao-do-domicilio-para-a-eleicao-de-novos-conselheiros-tutelares-em-manaus-encerra-nesta-sexta\/"]}]},{"@type":"ImageObject","inLanguage":"pt-BR","@id":"https:\/\/www.manaus.am.gov.br\/semasc\/prazo-de-atualizacao-do-domicilio-para-a-eleicao-de-novos-conselheiros-tutelares-em-manaus-encerra-nesta-sexta\/#primaryimage","url":"https:\/\/www.manaus.am.gov.br\/semasc\/wp-content\/uploads\/sites\/17\/2023\/06\/MG_0710.jpg","contentUrl":"https:\/\/www.manaus.am.gov.br\/semasc\/wp-content\/uploads\/sites\/17\/2023\/06\/MG_0710.jpg","width":5262,"height":3328},{"@type":"BreadcrumbList","@id":"https:\/\/www.manaus.am.gov.br\/semasc\/prazo-de-atualizacao-do-domicilio-para-a-eleicao-de-novos-conselheiros-tutelares-em-manaus-encerra-nesta-sexta\/#breadcrumb","itemListElement":[{"@type":"ListItem","position":1,"name":"Home","item":"https:\/\/www.manaus.am.gov.br\/semasc\/"},{"@type":"ListItem","position":2,"name":"Prazo de atualiza\u00e7\u00e3o do domic\u00edlio para a elei\u00e7\u00e3o de novos conselheiros tutelares em Manaus encerra nesta sexta"}]},{"@type":"WebSite","@id":"https:\/\/www.manaus.am.gov.br\/semasc\/#website","url":"https:\/\/www.manaus.am.gov.br\/semasc\/","name":"SEMASC","description":"Secretaria Municipal da Mulher, Assist\u00eancia Social e Cidadania.","publisher":{"@id":"https:\/\/www.manaus.am.gov.br\/semasc\/#organization"},"alternateName":"Secretaria Municipal da Mulher, Assist\u00eancia Social e Cidadania","potentialAction":[{"@type":"SearchAction","target":{"@type":"EntryPoint","urlTemplate":"https:\/\/www.manaus.am.gov.br\/semasc\/?s={search_term_string}"},"query-input":"required name=search_term_string"}],"inLanguage":"pt-BR"},{"@type":"Organization","@id":"https:\/\/www.manaus.am.gov.br\/semasc\/#organization","name":"Prefeitura de Manaus","alternateName":"Prefeitura Municipal de Manaus","url":"https:\/\/www.manaus.am.gov.br\/semasc\/","logo":{"@type":"ImageObject","inLanguage":"pt-BR","@id":"https:\/\/www.manaus.am.gov.br\/semasc\/#\/schema\/logo\/image\/","url":"https:\/\/www.manaus.am.gov.br\/semasc\/wp-content\/uploads\/sites\/17\/2024\/07\/favicon.png","contentUrl":"https:\/\/www.manaus.am.gov.br\/semasc\/wp-content\/uploads\/sites\/17\/2024\/07\/favicon.png","width":300,"height":300,"caption":"Prefeitura de Manaus"},"image":{"@id":"https:\/\/www.manaus.am.gov.br\/semasc\/#\/schema\/logo\/image\/"},"sameAs":["https:\/\/www.facebook.com\/semascmanaus","https:\/\/www.instagram.com\/semascmanaus\/"]},{"@type":"Person","@id":"https:\/\/www.manaus.am.gov.br\/semasc\/#\/schema\/person\/4eea2a8f78dc853097abb026f728aa06","name":"Renata Felix","image":{"@type":"ImageObject","inLanguage":"pt-BR","@id":"https:\/\/www.manaus.am.gov.br\/semasc\/#\/schema\/person\/image\/","url":"https:\/\/secure.gravatar.com\/avatar\/3c196cf9d3b837b24c8edb2c50fd8f29?s=96&d=mm&r=g","contentUrl":"https:\/\/secure.gravatar.com\/avatar\/3c196cf9d3b837b24c8edb2c50fd8f29?s=96&d=mm&r=g","caption":"Renata Felix"}}]}},"_links":{"self":[{"href":"https:\/\/www.manaus.am.gov.br\/semasc\/wp-json\/wp\/v2\/posts\/207702"}],"collection":[{"href":"https:\/\/www.manaus.am.gov.br\/semasc\/wp-json\/wp\/v2\/posts"}],"about":[{"href":"https:\/\/www.manaus.am.gov.br\/semasc\/wp-json\/wp\/v2\/types\/post"}],"author":[{"embeddable":true,"href":"https:\/\/www.manaus.am.gov.br\/semasc\/wp-json\/wp\/v2\/users\/31"}],"replies":[{"embeddable":true,"href":"https:\/\/www.manaus.am.gov.br\/semasc\/wp-json\/wp\/v2\/comments?post=207702"}],"version-history":[{"count":0,"href":"https:\/\/www.manaus.am.gov.br\/semasc\/wp-json\/wp\/v2\/posts\/207702\/revisions"}],"wp:featuredmedia":[{"embeddable":true,"href":"https:\/\/www.manaus.am.gov.br\/semasc\/wp-json\/wp\/v2\/media\/207703"}],"wp:attachment":[{"href":"https:\/\/www.manaus.am.gov.br\/semasc\/wp-json\/wp\/v2\/media?parent=207702"}],"wp:term":[{"taxonomy":"category","embeddable":true,"href":"https:\/\/www.manaus.am.gov.br\/semasc\/wp-json\/wp\/v2\/categories?post=207702"},{"taxonomy":"post_tag","embeddable":true,"href":"https:\/\/www.manaus.am.gov.br\/semasc\/wp-json\/wp\/v2\/tags?post=207702"}],"curies":[{"name":"wp","href":"https:\/\/api.w.org\/{rel}","templated":true}]}}