{"id":207695,"date":"2023-06-23T19:50:55","date_gmt":"2023-06-23T23:50:55","guid":{"rendered":"https:\/\/www.manaus.am.gov.br\/semasc\/prefeitura-de-manaus-sociedade-civil-e-agencias-da-onu-discutem-construcao-de-plano-municipal-para-refugiados-migrantes-e-apatridas\/"},"modified":"2023-06-23T19:50:56","modified_gmt":"2023-06-23T23:50:56","slug":"prefeitura-de-manaus-sociedade-civil-e-agencias-da-onu-discutem-construcao-de-plano-municipal-para-refugiados-migrantes-e-apatridas","status":"publish","type":"post","link":"https:\/\/www.manaus.am.gov.br\/semasc\/prefeitura-de-manaus-sociedade-civil-e-agencias-da-onu-discutem-construcao-de-plano-municipal-para-refugiados-migrantes-e-apatridas\/","title":{"rendered":"<strong>Prefeitura de Manaus, sociedade civil e ag\u00eancias da ONU discutem constru\u00e7\u00e3o de plano municipal para refugiados, migrantes e ap\u00e1tridas<\/strong>"},"content":{"rendered":"\n<p>Em alus\u00e3o ao Dia Nacional do Migrante, celebrado na \u00faltima segunda-feira, 19\/6, e ao Dia Mundial do Refugiado, celebrado na \u00faltima ter\u00e7a, 20\/6, a Prefeitura de Manaus, por meio da Secretaria Municipal da Mulher, Assist\u00eancia Social e Cidadania (Semasc) e do Comit\u00ea Municipal de Pol\u00edticas P\u00fablicas para Pessoas Refugiadas, Migrantes e Ap\u00e1tridas (Compremi), em parceria com a Ag\u00eancia da ONU para Refugiados (Acnur), a Organiza\u00e7\u00e3o Internacional para Migra\u00e7\u00f5es (OIM), o Fundo das Na\u00e7\u00f5es Unidas para a Inf\u00e2ncia (Unicef) e o Fundo de Popula\u00e7\u00e3o das Na\u00e7\u00f5es Unidas (UNFPA), realizou, nesta sexta-feira, 23\/6, a reuni\u00e3o ampliada \u201cDi\u00e1logos de Avalia\u00e7\u00e3o: um olhar sobre o Refugiado, Migrante e Ap\u00e1trida\u201d.<\/p>\n\n\n\n<p>Com o objetivo de discutir os avan\u00e7os e os desafios do processo de constru\u00e7\u00e3o do Plano Municipal de Aten\u00e7\u00e3o e Atendimento a Pessoas Refugiadas, Migrantes e Ap\u00e1tridas no munic\u00edpio de Manaus, o evento foi realizado nas instala\u00e7\u00f5es do Casar\u00e3o da Inova\u00e7\u00e3o Cassina, localizado no Centro.<\/p>\n\n\n\n<p>&#8220;Em 2021, ao inaugurarmos esta gest\u00e3o, juntamos os servi\u00e7os que j\u00e1 vinham sendo executados em parceria com as ag\u00eancias internacionais da ONU e o Ex\u00e9rcito brasileiro e demos in\u00edcio ao processo de articula\u00e7\u00e3o e elabora\u00e7\u00e3o de um plano municipal que respondesse \u00e0s demandas apresentadas por essa popula\u00e7\u00e3o. A reuni\u00e3o de hoje \u00e9 um momento fundamental para esse processo, trazendo aos nossos parceiros de luta um espa\u00e7o para uma discuss\u00e3o ainda mais aprofundada dos aspectos deste projeto antes de sua homologa\u00e7\u00e3o&#8221;, explicou a subsecret\u00e1ria de Pol\u00edticas Afirmativas para Mulheres e Direitos e Humanos, Gra\u00e7a Prola.<\/p>\n\n\n\n<p>Desde meados da d\u00e9cada de 2010, com especial intensifica\u00e7\u00e3o ap\u00f3s o ano de 2016, a cidade de Manaus \u00e9 uma das principais rotas de ref\u00fagio para fam\u00edlias haitianas e venezuelanas que, por uma s\u00e9rie de motivos sociais e estruturais, se veem for\u00e7adas a deixar seus lares. Mirella Lauschner, coordenadora do Compremi, destacou a import\u00e2ncia do evento, enquanto s\u00edmbolo da concretiza\u00e7\u00e3o da luta pela garantia de direitos da popula\u00e7\u00e3o por parte da Gest\u00e3o Municipal ap\u00f3s mais de uma d\u00e9cada.<\/p>\n\n\n\n<p>&#8220;S\u00e3o muitos anos de luta, ent\u00e3o \u00e9 muito importante que estejamos aqui hoje discutindo as principais pol\u00edticas p\u00fablicas desenvolvidas, como sa\u00fade, educa\u00e7\u00e3o, assist\u00eancia social, direitos humanos e, em especial, a empregabilidade, o trabalho e a renda dessas pessoas. \u00c9 um marco para n\u00f3s, pois nos aproxima da concretiza\u00e7\u00e3o de um plano municipal que possa garantir de maneira qualificada o atendimento e a aten\u00e7\u00e3o adequada a essa popula\u00e7\u00e3o&#8221;.<\/p>\n\n\n\n<p>Representando a comunidade haitiana presente na capital amazonense durante as discuss\u00f5es, o empres\u00e1rio Abdias Dolce descreveu o evento como pioneiro.<\/p>\n\n\n\n<p>&#8220;Moro em Manaus h\u00e1 13 anos e \u00e9 a primeira vez que vejo uma gest\u00e3o t\u00e3o empenhada em criar e elaborar algo que realmente busque ajudar os imigrantes e refugiados daqui&#8221;.<\/p>\n\n\n\n<p><strong>Participantes<\/strong><\/p>\n\n\n\n<p>Entre as institui\u00e7\u00f5es convidadas, destacam-se as Secretarias Municipais de Educa\u00e7\u00e3o (Semed), de Sa\u00fade (Semsa), do Trabalho, Empreendedorismo e Inova\u00e7\u00e3o (Semtepi), as Secretarias de Estado de Assist\u00eancia Social (Seas) e Justi\u00e7a, Direitos Humanos e Cidadania (Sejusc), o Minist\u00e9rio P\u00fablico do Trabalho (MPT-AM), o Minist\u00e9rio P\u00fablico do Estado do Amazonas (MP-AM) e Organiza\u00e7\u00f5es da Sociedade Civil (OSCs).<\/p>\n\n\n\n<p>&#8212; &#8212; &#8212;<\/p>\n\n\n\n<p><strong>Texto<\/strong>&nbsp;&#8211; Guilherme Ara\u00fajo Pacheco \/ Semasc<\/p>\n\n\n\n<p><strong>Fotos<\/strong>&nbsp;&#8211; Cl\u00f3vis Miranda \/ Semcom<\/p>\n\n\n\n<p>Dispon\u00edveis em &#8211;&nbsp;<a href=\"https:\/\/flic.kr\/s\/aHBqjAJTeE\" target=\"_blank\" rel=\"noreferrer noopener\">https:\/\/flic.kr\/s\/aHBqjAJTeE<\/a><\/p>\n","protected":false},"excerpt":{"rendered":"","protected":false},"author":31,"featured_media":207696,"comment_status":"closed","ping_status":"closed","sticky":false,"template":"","format":"standard","meta":{"footnotes":""},"categories":[168],"tags":[169,135,170],"acf":[],"yoast_head":"<!-- This site is optimized with the Yoast SEO plugin v23.0 - https:\/\/yoast.com\/wordpress\/plugins\/seo\/ -->\n<title>Prefeitura de Manaus, sociedade civil e ag\u00eancias da ONU discutem constru\u00e7\u00e3o de plano municipal para refugiados, migrantes e ap\u00e1tridas - SEMASC<\/title>\n<meta name=\"robots\" content=\"noindex, follow\" \/>\n<meta property=\"og:locale\" content=\"pt_BR\" \/>\n<meta property=\"og:type\" content=\"article\" \/>\n<meta property=\"og:title\" content=\"Prefeitura de Manaus, sociedade civil e ag\u00eancias da ONU discutem constru\u00e7\u00e3o de plano municipal para refugiados, migrantes e ap\u00e1tridas - SEMASC\" \/>\n<meta property=\"og:url\" content=\"https:\/\/www.manaus.am.gov.br\/semasc\/prefeitura-de-manaus-sociedade-civil-e-agencias-da-onu-discutem-construcao-de-plano-municipal-para-refugiados-migrantes-e-apatridas\/\" \/>\n<meta property=\"og:site_name\" content=\"SEMASC\" \/>\n<meta property=\"article:publisher\" content=\"https:\/\/www.facebook.com\/semascmanaus\" \/>\n<meta property=\"article:published_time\" content=\"2023-06-23T23:50:55+00:00\" \/>\n<meta property=\"article:modified_time\" content=\"2023-06-23T23:50:56+00:00\" \/>\n<meta property=\"og:image\" content=\"https:\/\/www.manaus.am.gov.br\/semasc\/wp-content\/uploads\/sites\/17\/2023\/06\/52995899232_ee8e9aeb8c_c.jpg\" \/>\n\t<meta property=\"og:image:width\" content=\"799\" \/>\n\t<meta property=\"og:image:height\" content=\"533\" \/>\n\t<meta property=\"og:image:type\" content=\"image\/jpeg\" \/>\n<meta name=\"author\" content=\"Renata Felix\" \/>\n<meta name=\"twitter:card\" content=\"summary_large_image\" \/>\n<meta name=\"twitter:label1\" content=\"Written by\" \/>\n\t<meta name=\"twitter:data1\" content=\"Renata Felix\" \/>\n\t<meta name=\"twitter:label2\" content=\"Est. reading time\" \/>\n\t<meta name=\"twitter:data2\" content=\"3 minutos\" \/>\n<script type=\"application\/ld+json\" class=\"yoast-schema-graph\">{\"@context\":\"https:\/\/schema.org\",\"@graph\":[{\"@type\":\"Article\",\"@id\":\"https:\/\/www.manaus.am.gov.br\/semasc\/prefeitura-de-manaus-sociedade-civil-e-agencias-da-onu-discutem-construcao-de-plano-municipal-para-refugiados-migrantes-e-apatridas\/#article\",\"isPartOf\":{\"@id\":\"https:\/\/www.manaus.am.gov.br\/semasc\/prefeitura-de-manaus-sociedade-civil-e-agencias-da-onu-discutem-construcao-de-plano-municipal-para-refugiados-migrantes-e-apatridas\/\"},\"author\":{\"name\":\"Renata Felix\",\"@id\":\"https:\/\/www.manaus.am.gov.br\/semasc\/#\/schema\/person\/4eea2a8f78dc853097abb026f728aa06\"},\"headline\":\"Prefeitura de Manaus, sociedade civil e ag\u00eancias da ONU discutem constru\u00e7\u00e3o de plano municipal para refugiados, migrantes e ap\u00e1tridas\",\"datePublished\":\"2023-06-23T23:50:55+00:00\",\"dateModified\":\"2023-06-23T23:50:56+00:00\",\"mainEntityOfPage\":{\"@id\":\"https:\/\/www.manaus.am.gov.br\/semasc\/prefeitura-de-manaus-sociedade-civil-e-agencias-da-onu-discutem-construcao-de-plano-municipal-para-refugiados-migrantes-e-apatridas\/\"},\"wordCount\":614,\"publisher\":{\"@id\":\"https:\/\/www.manaus.am.gov.br\/semasc\/#organization\"},\"image\":{\"@id\":\"https:\/\/www.manaus.am.gov.br\/semasc\/prefeitura-de-manaus-sociedade-civil-e-agencias-da-onu-discutem-construcao-de-plano-municipal-para-refugiados-migrantes-e-apatridas\/#primaryimage\"},\"thumbnailUrl\":\"https:\/\/www.manaus.am.gov.br\/semasc\/wp-content\/uploads\/sites\/17\/2023\/06\/52995899232_ee8e9aeb8c_c.jpg\",\"keywords\":[\"migrantes e ap\u00e1tridas\",\"onu\",\"plano municipal para refugiados\"],\"articleSection\":[\"Estrat\u00e9gia\"],\"inLanguage\":\"pt-BR\"},{\"@type\":\"WebPage\",\"@id\":\"https:\/\/www.manaus.am.gov.br\/semasc\/prefeitura-de-manaus-sociedade-civil-e-agencias-da-onu-discutem-construcao-de-plano-municipal-para-refugiados-migrantes-e-apatridas\/\",\"url\":\"https:\/\/www.manaus.am.gov.br\/semasc\/prefeitura-de-manaus-sociedade-civil-e-agencias-da-onu-discutem-construcao-de-plano-municipal-para-refugiados-migrantes-e-apatridas\/\",\"name\":\"Prefeitura de Manaus, sociedade civil e ag\u00eancias da ONU discutem constru\u00e7\u00e3o de plano municipal para refugiados, migrantes e ap\u00e1tridas - SEMASC\",\"isPartOf\":{\"@id\":\"https:\/\/www.manaus.am.gov.br\/semasc\/#website\"},\"primaryImageOfPage\":{\"@id\":\"https:\/\/www.manaus.am.gov.br\/semasc\/prefeitura-de-manaus-sociedade-civil-e-agencias-da-onu-discutem-construcao-de-plano-municipal-para-refugiados-migrantes-e-apatridas\/#primaryimage\"},\"image\":{\"@id\":\"https:\/\/www.manaus.am.gov.br\/semasc\/prefeitura-de-manaus-sociedade-civil-e-agencias-da-onu-discutem-construcao-de-plano-municipal-para-refugiados-migrantes-e-apatridas\/#primaryimage\"},\"thumbnailUrl\":\"https:\/\/www.manaus.am.gov.br\/semasc\/wp-content\/uploads\/sites\/17\/2023\/06\/52995899232_ee8e9aeb8c_c.jpg\",\"datePublished\":\"2023-06-23T23:50:55+00:00\",\"dateModified\":\"2023-06-23T23:50:56+00:00\",\"breadcrumb\":{\"@id\":\"https:\/\/www.manaus.am.gov.br\/semasc\/prefeitura-de-manaus-sociedade-civil-e-agencias-da-onu-discutem-construcao-de-plano-municipal-para-refugiados-migrantes-e-apatridas\/#breadcrumb\"},\"inLanguage\":\"pt-BR\",\"potentialAction\":[{\"@type\":\"ReadAction\",\"target\":[\"https:\/\/www.manaus.am.gov.br\/semasc\/prefeitura-de-manaus-sociedade-civil-e-agencias-da-onu-discutem-construcao-de-plano-municipal-para-refugiados-migrantes-e-apatridas\/\"]}]},{\"@type\":\"ImageObject\",\"inLanguage\":\"pt-BR\",\"@id\":\"https:\/\/www.manaus.am.gov.br\/semasc\/prefeitura-de-manaus-sociedade-civil-e-agencias-da-onu-discutem-construcao-de-plano-municipal-para-refugiados-migrantes-e-apatridas\/#primaryimage\",\"url\":\"https:\/\/www.manaus.am.gov.br\/semasc\/wp-content\/uploads\/sites\/17\/2023\/06\/52995899232_ee8e9aeb8c_c.jpg\",\"contentUrl\":\"https:\/\/www.manaus.am.gov.br\/semasc\/wp-content\/uploads\/sites\/17\/2023\/06\/52995899232_ee8e9aeb8c_c.jpg\",\"width\":799,\"height\":533},{\"@type\":\"BreadcrumbList\",\"@id\":\"https:\/\/www.manaus.am.gov.br\/semasc\/prefeitura-de-manaus-sociedade-civil-e-agencias-da-onu-discutem-construcao-de-plano-municipal-para-refugiados-migrantes-e-apatridas\/#breadcrumb\",\"itemListElement\":[{\"@type\":\"ListItem\",\"position\":1,\"name\":\"Home\",\"item\":\"https:\/\/www.manaus.am.gov.br\/semasc\/\"},{\"@type\":\"ListItem\",\"position\":2,\"name\":\"Prefeitura de Manaus, sociedade civil e ag\u00eancias da ONU discutem constru\u00e7\u00e3o de plano municipal para refugiados, migrantes e ap\u00e1tridas\"}]},{\"@type\":\"WebSite\",\"@id\":\"https:\/\/www.manaus.am.gov.br\/semasc\/#website\",\"url\":\"https:\/\/www.manaus.am.gov.br\/semasc\/\",\"name\":\"SEMASC\",\"description\":\"Secretaria Municipal da Mulher, Assist\u00eancia Social e Cidadania.\",\"publisher\":{\"@id\":\"https:\/\/www.manaus.am.gov.br\/semasc\/#organization\"},\"alternateName\":\"Secretaria Municipal da Mulher, Assist\u00eancia Social e Cidadania\",\"potentialAction\":[{\"@type\":\"SearchAction\",\"target\":{\"@type\":\"EntryPoint\",\"urlTemplate\":\"https:\/\/www.manaus.am.gov.br\/semasc\/?s={search_term_string}\"},\"query-input\":\"required name=search_term_string\"}],\"inLanguage\":\"pt-BR\"},{\"@type\":\"Organization\",\"@id\":\"https:\/\/www.manaus.am.gov.br\/semasc\/#organization\",\"name\":\"Prefeitura de Manaus\",\"alternateName\":\"Prefeitura Municipal de Manaus\",\"url\":\"https:\/\/www.manaus.am.gov.br\/semasc\/\",\"logo\":{\"@type\":\"ImageObject\",\"inLanguage\":\"pt-BR\",\"@id\":\"https:\/\/www.manaus.am.gov.br\/semasc\/#\/schema\/logo\/image\/\",\"url\":\"https:\/\/www.manaus.am.gov.br\/semasc\/wp-content\/uploads\/sites\/17\/2024\/07\/favicon.png\",\"contentUrl\":\"https:\/\/www.manaus.am.gov.br\/semasc\/wp-content\/uploads\/sites\/17\/2024\/07\/favicon.png\",\"width\":300,\"height\":300,\"caption\":\"Prefeitura de Manaus\"},\"image\":{\"@id\":\"https:\/\/www.manaus.am.gov.br\/semasc\/#\/schema\/logo\/image\/\"},\"sameAs\":[\"https:\/\/www.facebook.com\/semascmanaus\",\"https:\/\/www.instagram.com\/semascmanaus\/\"]},{\"@type\":\"Person\",\"@id\":\"https:\/\/www.manaus.am.gov.br\/semasc\/#\/schema\/person\/4eea2a8f78dc853097abb026f728aa06\",\"name\":\"Renata Felix\",\"image\":{\"@type\":\"ImageObject\",\"inLanguage\":\"pt-BR\",\"@id\":\"https:\/\/www.manaus.am.gov.br\/semasc\/#\/schema\/person\/image\/\",\"url\":\"https:\/\/secure.gravatar.com\/avatar\/3c196cf9d3b837b24c8edb2c50fd8f29?s=96&d=mm&r=g\",\"contentUrl\":\"https:\/\/secure.gravatar.com\/avatar\/3c196cf9d3b837b24c8edb2c50fd8f29?s=96&d=mm&r=g\",\"caption\":\"Renata Felix\"}}]}<\/script>\n<!-- \/ Yoast SEO plugin. -->","yoast_head_json":{"title":"Prefeitura de Manaus, sociedade civil e ag\u00eancias da ONU discutem constru\u00e7\u00e3o de plano municipal para refugiados, migrantes e ap\u00e1tridas - SEMASC","robots":{"index":"noindex","follow":"follow"},"og_locale":"pt_BR","og_type":"article","og_title":"Prefeitura de Manaus, sociedade civil e ag\u00eancias da ONU discutem constru\u00e7\u00e3o de plano municipal para refugiados, migrantes e ap\u00e1tridas - SEMASC","og_url":"https:\/\/www.manaus.am.gov.br\/semasc\/prefeitura-de-manaus-sociedade-civil-e-agencias-da-onu-discutem-construcao-de-plano-municipal-para-refugiados-migrantes-e-apatridas\/","og_site_name":"SEMASC","article_publisher":"https:\/\/www.facebook.com\/semascmanaus","article_published_time":"2023-06-23T23:50:55+00:00","article_modified_time":"2023-06-23T23:50:56+00:00","og_image":[{"width":799,"height":533,"url":"https:\/\/www.manaus.am.gov.br\/semasc\/wp-content\/uploads\/sites\/17\/2023\/06\/52995899232_ee8e9aeb8c_c.jpg","type":"image\/jpeg"}],"author":"Renata Felix","twitter_card":"summary_large_image","twitter_misc":{"Written by":"Renata Felix","Est. reading time":"3 minutos"},"schema":{"@context":"https:\/\/schema.org","@graph":[{"@type":"Article","@id":"https:\/\/www.manaus.am.gov.br\/semasc\/prefeitura-de-manaus-sociedade-civil-e-agencias-da-onu-discutem-construcao-de-plano-municipal-para-refugiados-migrantes-e-apatridas\/#article","isPartOf":{"@id":"https:\/\/www.manaus.am.gov.br\/semasc\/prefeitura-de-manaus-sociedade-civil-e-agencias-da-onu-discutem-construcao-de-plano-municipal-para-refugiados-migrantes-e-apatridas\/"},"author":{"name":"Renata Felix","@id":"https:\/\/www.manaus.am.gov.br\/semasc\/#\/schema\/person\/4eea2a8f78dc853097abb026f728aa06"},"headline":"Prefeitura de Manaus, sociedade civil e ag\u00eancias da ONU discutem constru\u00e7\u00e3o de plano municipal para refugiados, migrantes e ap\u00e1tridas","datePublished":"2023-06-23T23:50:55+00:00","dateModified":"2023-06-23T23:50:56+00:00","mainEntityOfPage":{"@id":"https:\/\/www.manaus.am.gov.br\/semasc\/prefeitura-de-manaus-sociedade-civil-e-agencias-da-onu-discutem-construcao-de-plano-municipal-para-refugiados-migrantes-e-apatridas\/"},"wordCount":614,"publisher":{"@id":"https:\/\/www.manaus.am.gov.br\/semasc\/#organization"},"image":{"@id":"https:\/\/www.manaus.am.gov.br\/semasc\/prefeitura-de-manaus-sociedade-civil-e-agencias-da-onu-discutem-construcao-de-plano-municipal-para-refugiados-migrantes-e-apatridas\/#primaryimage"},"thumbnailUrl":"https:\/\/www.manaus.am.gov.br\/semasc\/wp-content\/uploads\/sites\/17\/2023\/06\/52995899232_ee8e9aeb8c_c.jpg","keywords":["migrantes e ap\u00e1tridas","onu","plano municipal para refugiados"],"articleSection":["Estrat\u00e9gia"],"inLanguage":"pt-BR"},{"@type":"WebPage","@id":"https:\/\/www.manaus.am.gov.br\/semasc\/prefeitura-de-manaus-sociedade-civil-e-agencias-da-onu-discutem-construcao-de-plano-municipal-para-refugiados-migrantes-e-apatridas\/","url":"https:\/\/www.manaus.am.gov.br\/semasc\/prefeitura-de-manaus-sociedade-civil-e-agencias-da-onu-discutem-construcao-de-plano-municipal-para-refugiados-migrantes-e-apatridas\/","name":"Prefeitura de Manaus, sociedade civil e ag\u00eancias da ONU discutem constru\u00e7\u00e3o de plano municipal para refugiados, migrantes e ap\u00e1tridas - SEMASC","isPartOf":{"@id":"https:\/\/www.manaus.am.gov.br\/semasc\/#website"},"primaryImageOfPage":{"@id":"https:\/\/www.manaus.am.gov.br\/semasc\/prefeitura-de-manaus-sociedade-civil-e-agencias-da-onu-discutem-construcao-de-plano-municipal-para-refugiados-migrantes-e-apatridas\/#primaryimage"},"image":{"@id":"https:\/\/www.manaus.am.gov.br\/semasc\/prefeitura-de-manaus-sociedade-civil-e-agencias-da-onu-discutem-construcao-de-plano-municipal-para-refugiados-migrantes-e-apatridas\/#primaryimage"},"thumbnailUrl":"https:\/\/www.manaus.am.gov.br\/semasc\/wp-content\/uploads\/sites\/17\/2023\/06\/52995899232_ee8e9aeb8c_c.jpg","datePublished":"2023-06-23T23:50:55+00:00","dateModified":"2023-06-23T23:50:56+00:00","breadcrumb":{"@id":"https:\/\/www.manaus.am.gov.br\/semasc\/prefeitura-de-manaus-sociedade-civil-e-agencias-da-onu-discutem-construcao-de-plano-municipal-para-refugiados-migrantes-e-apatridas\/#breadcrumb"},"inLanguage":"pt-BR","potentialAction":[{"@type":"ReadAction","target":["https:\/\/www.manaus.am.gov.br\/semasc\/prefeitura-de-manaus-sociedade-civil-e-agencias-da-onu-discutem-construcao-de-plano-municipal-para-refugiados-migrantes-e-apatridas\/"]}]},{"@type":"ImageObject","inLanguage":"pt-BR","@id":"https:\/\/www.manaus.am.gov.br\/semasc\/prefeitura-de-manaus-sociedade-civil-e-agencias-da-onu-discutem-construcao-de-plano-municipal-para-refugiados-migrantes-e-apatridas\/#primaryimage","url":"https:\/\/www.manaus.am.gov.br\/semasc\/wp-content\/uploads\/sites\/17\/2023\/06\/52995899232_ee8e9aeb8c_c.jpg","contentUrl":"https:\/\/www.manaus.am.gov.br\/semasc\/wp-content\/uploads\/sites\/17\/2023\/06\/52995899232_ee8e9aeb8c_c.jpg","width":799,"height":533},{"@type":"BreadcrumbList","@id":"https:\/\/www.manaus.am.gov.br\/semasc\/prefeitura-de-manaus-sociedade-civil-e-agencias-da-onu-discutem-construcao-de-plano-municipal-para-refugiados-migrantes-e-apatridas\/#breadcrumb","itemListElement":[{"@type":"ListItem","position":1,"name":"Home","item":"https:\/\/www.manaus.am.gov.br\/semasc\/"},{"@type":"ListItem","position":2,"name":"Prefeitura de Manaus, sociedade civil e ag\u00eancias da ONU discutem constru\u00e7\u00e3o de plano municipal para refugiados, migrantes e ap\u00e1tridas"}]},{"@type":"WebSite","@id":"https:\/\/www.manaus.am.gov.br\/semasc\/#website","url":"https:\/\/www.manaus.am.gov.br\/semasc\/","name":"SEMASC","description":"Secretaria Municipal da Mulher, Assist\u00eancia Social e Cidadania.","publisher":{"@id":"https:\/\/www.manaus.am.gov.br\/semasc\/#organization"},"alternateName":"Secretaria Municipal da Mulher, Assist\u00eancia Social e Cidadania","potentialAction":[{"@type":"SearchAction","target":{"@type":"EntryPoint","urlTemplate":"https:\/\/www.manaus.am.gov.br\/semasc\/?s={search_term_string}"},"query-input":"required name=search_term_string"}],"inLanguage":"pt-BR"},{"@type":"Organization","@id":"https:\/\/www.manaus.am.gov.br\/semasc\/#organization","name":"Prefeitura de Manaus","alternateName":"Prefeitura Municipal de Manaus","url":"https:\/\/www.manaus.am.gov.br\/semasc\/","logo":{"@type":"ImageObject","inLanguage":"pt-BR","@id":"https:\/\/www.manaus.am.gov.br\/semasc\/#\/schema\/logo\/image\/","url":"https:\/\/www.manaus.am.gov.br\/semasc\/wp-content\/uploads\/sites\/17\/2024\/07\/favicon.png","contentUrl":"https:\/\/www.manaus.am.gov.br\/semasc\/wp-content\/uploads\/sites\/17\/2024\/07\/favicon.png","width":300,"height":300,"caption":"Prefeitura de Manaus"},"image":{"@id":"https:\/\/www.manaus.am.gov.br\/semasc\/#\/schema\/logo\/image\/"},"sameAs":["https:\/\/www.facebook.com\/semascmanaus","https:\/\/www.instagram.com\/semascmanaus\/"]},{"@type":"Person","@id":"https:\/\/www.manaus.am.gov.br\/semasc\/#\/schema\/person\/4eea2a8f78dc853097abb026f728aa06","name":"Renata Felix","image":{"@type":"ImageObject","inLanguage":"pt-BR","@id":"https:\/\/www.manaus.am.gov.br\/semasc\/#\/schema\/person\/image\/","url":"https:\/\/secure.gravatar.com\/avatar\/3c196cf9d3b837b24c8edb2c50fd8f29?s=96&d=mm&r=g","contentUrl":"https:\/\/secure.gravatar.com\/avatar\/3c196cf9d3b837b24c8edb2c50fd8f29?s=96&d=mm&r=g","caption":"Renata Felix"}}]}},"_links":{"self":[{"href":"https:\/\/www.manaus.am.gov.br\/semasc\/wp-json\/wp\/v2\/posts\/207695"}],"collection":[{"href":"https:\/\/www.manaus.am.gov.br\/semasc\/wp-json\/wp\/v2\/posts"}],"about":[{"href":"https:\/\/www.manaus.am.gov.br\/semasc\/wp-json\/wp\/v2\/types\/post"}],"author":[{"embeddable":true,"href":"https:\/\/www.manaus.am.gov.br\/semasc\/wp-json\/wp\/v2\/users\/31"}],"replies":[{"embeddable":true,"href":"https:\/\/www.manaus.am.gov.br\/semasc\/wp-json\/wp\/v2\/comments?post=207695"}],"version-history":[{"count":0,"href":"https:\/\/www.manaus.am.gov.br\/semasc\/wp-json\/wp\/v2\/posts\/207695\/revisions"}],"wp:featuredmedia":[{"embeddable":true,"href":"https:\/\/www.manaus.am.gov.br\/semasc\/wp-json\/wp\/v2\/media\/207696"}],"wp:attachment":[{"href":"https:\/\/www.manaus.am.gov.br\/semasc\/wp-json\/wp\/v2\/media?parent=207695"}],"wp:term":[{"taxonomy":"category","embeddable":true,"href":"https:\/\/www.manaus.am.gov.br\/semasc\/wp-json\/wp\/v2\/categories?post=207695"},{"taxonomy":"post_tag","embeddable":true,"href":"https:\/\/www.manaus.am.gov.br\/semasc\/wp-json\/wp\/v2\/tags?post=207695"}],"curies":[{"name":"wp","href":"https:\/\/api.w.org\/{rel}","templated":true}]}}