{"id":207693,"date":"2023-06-23T16:57:40","date_gmt":"2023-06-23T20:57:40","guid":{"rendered":"https:\/\/www.manaus.am.gov.br\/semasc\/prefeitura-de-manaus-participa-de-seminario-sobre-direitos-de-criancas-e-adolescentes\/"},"modified":"2023-06-23T16:57:42","modified_gmt":"2023-06-23T20:57:42","slug":"prefeitura-de-manaus-participa-de-seminario-sobre-direitos-de-criancas-e-adolescentes","status":"publish","type":"post","link":"https:\/\/www.manaus.am.gov.br\/semasc\/prefeitura-de-manaus-participa-de-seminario-sobre-direitos-de-criancas-e-adolescentes\/","title":{"rendered":"<strong>Prefeitura de Manaus participa de semin\u00e1rio sobre direitos de crian\u00e7as e adolescentes<\/strong>"},"content":{"rendered":"\n<p>Como parte da programa\u00e7\u00e3o da \u201cCampanha de Combate \u00e0 Explora\u00e7\u00e3o do Trabalho Infantojuvenil nas Ruas de Manaus\u201d, a Prefeitura de Manaus, por meio da Secretaria Municipal da Mulher, Assist\u00eancia Social e Cidadania (Semasc), participou, nesta sexta-feira, 23\/6, do segundo dia de atividades do \u201c1\u00b0 Semin\u00e1rio Estadual de Direitos das Crian\u00e7as e Adolescentes\u201d. A a\u00e7\u00e3o foi promovida pela Universidade Federal do Amazonas (Ufam), por meio do Programa Observat\u00f3rio dos Direitos da Crian\u00e7a e do Adolescente (Prodeca), com o objetivo de debater os avan\u00e7os e desafios do Estatuto da Crian\u00e7a e do Adolescente (ECA) ao longo de seus 33 anos de exist\u00eancia, a serem celebrados no dia 13 de julho.<\/p>\n\n\n\n<p>Realizado nas instala\u00e7\u00f5es do audit\u00f3rio Eul\u00e1lio Chaves, no setor Sul do campus da universidade, localizado na zona Leste da cidade, o segundo dia do evento teve como foco principal as viola\u00e7\u00f5es de direitos diariamente vividas por crian\u00e7as e adolescentes em situa\u00e7\u00e3o de rua ou trabalho infantojuvenil na capital amazonense.<\/p>\n\n\n\n<p>&#8220;A participa\u00e7\u00e3o da Prefeitura de Manaus aqui, hoje, se faz relevante, enquanto parte de um contexto muito maior, parte de uma campanha que desenvolvemos desde o in\u00edcio do ano e que vem atuando diariamente no enfrentamento \u00e0 pr\u00e1tica do trabalho infantojuvenil nas ruas de nossa cidade. Participar de um momento como este \u00e9 tamb\u00e9m mostrar para a popula\u00e7\u00e3o o compromisso que o munic\u00edpio e a sociedade manauara como um todo t\u00eam com essa tem\u00e1tica e as fam\u00edlias afetadas por ela&#8221;, afirmou a chefe da Divis\u00e3o de M\u00e9dia Complexidade do Departamento de Prote\u00e7\u00e3o Social Especial (DPSE) da Semasc, M\u00e1rcia Helena Braga, que representou a gest\u00e3o municipal na mesa-redonda &#8220;O Cen\u00e1rio do Trabalho Infantil em Manaus&#8221;.<\/p>\n\n\n\n<p>De acordo com a professora do curso de Servi\u00e7o Social da universidade e uma das organizadoras do semin\u00e1rio, Hellen Bastos, o principal intuito do evento \u00e9 celebrar as conquistas constitucionais dentro da luta pela defesa dos direitos de crian\u00e7as e adolescentes enquanto tamb\u00e9m s\u00e3o propostas novas ideias, perspectivas e possibilidades para a amplia\u00e7\u00e3o e o fortalecimento de pol\u00edticas p\u00fablicas voltadas para essa popula\u00e7\u00e3o.<\/p>\n\n\n\n<p>&#8220;Precisamos melhorar, trazer mudan\u00e7as e perceber os desafios que ainda precisam ser encarados e sanados para garantir um futuro digno a nossas crian\u00e7as e adolescentes. A sociedade precisa entender que se n\u00e3o tomarmos a frente ante todos os problemas relativos \u00e0 viola\u00e7\u00e3o de direitos de crian\u00e7as e adolescentes, chegaremos a um ponto de precariza\u00e7\u00e3o social ainda maior que o atual&#8221;, explicou.<\/p>\n\n\n\n<p>Parte da equipe de coordena\u00e7\u00e3o do F\u00f3rum Estadual de Combate ao Trabalho Infantil e Prote\u00e7\u00e3o ao Trabalhador Adolescente (Fepeti) e auditor do Trabalho na Superintend\u00eancia Regional do Trabalho no Amazonas, Emerson Costa, destacou ainda a import\u00e2ncia das discuss\u00f5es para a quebra de alguns paradigmas culturais intr\u00ednsecos a situa\u00e7\u00f5es em que ocorrem viola\u00e7\u00f5es de direitos das mais diversas formas, contribuindo n\u00e3o apenas para a evolu\u00e7\u00e3o dos debates te\u00f3ricos e acad\u00eamicos, mas para a dissemina\u00e7\u00e3o de informa\u00e7\u00e3o para a popula\u00e7\u00e3o.<\/p>\n\n\n\n<p>&#8220;Muitas das v\u00edtimas, senhoras geralmente, que s\u00e3o encontradas em situa\u00e7\u00e3o an\u00e1loga \u00e0 escravid\u00e3o, nos dias de hoje, v\u00eam de uma hist\u00f3ria de d\u00e9cadas de viola\u00e7\u00f5es de direitos e que se iniciaram, muitas vezes, durante sua inf\u00e2ncia ou adolesc\u00eancia. Isso vem de uma cultura que durante muito tempo negligenciou os direitos dos mais jovens, uma cultura que fomentou situa\u00e7\u00f5es do tipo, mas que hoje em dia lutamos para que seja rompida&#8221;, concluiu.<\/p>\n\n\n\n<p>&#8212; &#8212; &#8212;<\/p>\n\n\n\n<p><strong>Texto &#8211;<\/strong>&nbsp;Guilherme Ara\u00fajo Pacheco \/ Semasc<\/p>\n\n\n\n<p><strong>Fotos &#8211;<\/strong>&nbsp;Marcely Gomes \/ Semasc<\/p>\n\n\n\n<p><strong>Dispon\u00edveis em &#8211; <\/strong><a href=\"https:\/\/flic.kr\/s\/aHBqjAJT4Q\">https:\/\/flic.kr\/s\/aHBqjAJT4Q<\/a><\/p>\n","protected":false},"excerpt":{"rendered":"","protected":false},"author":24,"featured_media":207694,"comment_status":"closed","ping_status":"closed","sticky":false,"template":"","format":"standard","meta":{"footnotes":""},"categories":[24],"tags":[161,162,163,164,7,165,18,166,167],"acf":[],"yoast_head":"<!-- This site is optimized with the Yoast SEO plugin v23.0 - https:\/\/yoast.com\/wordpress\/plugins\/seo\/ -->\n<title>Prefeitura de Manaus participa de semin\u00e1rio sobre direitos de crian\u00e7as e adolescentes - SEMASC<\/title>\n<meta name=\"description\" content=\"Como parte da programa\u00e7\u00e3o da \u201cCampanha de Combate \u00e0 Explora\u00e7\u00e3o do Trabalho Infantojuvenil nas Ruas de Manaus\u201d, a Prefeitura de Manaus, por meio da Secretaria Municipal da Mulher, Assist\u00eancia Social e Cidadania (Semasc), participou, nesta sexta-feira, 23\/6, do segundo dia de atividades do \u201c1\u00b0 Semin\u00e1rio Estadual de Direitos das Crian\u00e7as e Adolescentes\u201d.\" \/>\n<meta name=\"robots\" content=\"noindex, follow\" \/>\n<meta property=\"og:locale\" content=\"pt_BR\" \/>\n<meta property=\"og:type\" content=\"article\" \/>\n<meta property=\"og:title\" content=\"Prefeitura de Manaus participa de semin\u00e1rio sobre direitos de crian\u00e7as e adolescentes - SEMASC\" \/>\n<meta property=\"og:description\" content=\"Como parte da programa\u00e7\u00e3o da \u201cCampanha de Combate \u00e0 Explora\u00e7\u00e3o do Trabalho Infantojuvenil nas Ruas de Manaus\u201d, a Prefeitura de Manaus, por meio da Secretaria Municipal da Mulher, Assist\u00eancia Social e Cidadania (Semasc), participou, nesta sexta-feira, 23\/6, do segundo dia de atividades do \u201c1\u00b0 Semin\u00e1rio Estadual de Direitos das Crian\u00e7as e Adolescentes\u201d.\" \/>\n<meta property=\"og:url\" content=\"https:\/\/www.manaus.am.gov.br\/semasc\/prefeitura-de-manaus-participa-de-seminario-sobre-direitos-de-criancas-e-adolescentes\/\" \/>\n<meta property=\"og:site_name\" content=\"SEMASC\" \/>\n<meta property=\"article:publisher\" content=\"https:\/\/www.facebook.com\/semascmanaus\" \/>\n<meta property=\"article:published_time\" content=\"2023-06-23T20:57:40+00:00\" \/>\n<meta property=\"article:modified_time\" content=\"2023-06-23T20:57:42+00:00\" \/>\n<meta property=\"og:image\" content=\"https:\/\/www.manaus.am.gov.br\/semasc\/wp-content\/uploads\/sites\/17\/2023\/06\/52996911248_716acf9358_o-1024x646.jpg\" \/>\n\t<meta property=\"og:image:width\" content=\"1024\" \/>\n\t<meta property=\"og:image:height\" content=\"646\" \/>\n\t<meta property=\"og:image:type\" content=\"image\/jpeg\" \/>\n<meta name=\"author\" content=\"Cl\u00e1udia Barbosa\" \/>\n<meta name=\"twitter:card\" content=\"summary_large_image\" \/>\n<meta name=\"twitter:label1\" content=\"Written by\" \/>\n\t<meta name=\"twitter:data1\" content=\"Cl\u00e1udia Barbosa\" \/>\n\t<meta name=\"twitter:label2\" content=\"Est. reading time\" \/>\n\t<meta name=\"twitter:data2\" content=\"4 minutos\" \/>\n<script type=\"application\/ld+json\" class=\"yoast-schema-graph\">{\"@context\":\"https:\/\/schema.org\",\"@graph\":[{\"@type\":\"Article\",\"@id\":\"https:\/\/www.manaus.am.gov.br\/semasc\/prefeitura-de-manaus-participa-de-seminario-sobre-direitos-de-criancas-e-adolescentes\/#article\",\"isPartOf\":{\"@id\":\"https:\/\/www.manaus.am.gov.br\/semasc\/prefeitura-de-manaus-participa-de-seminario-sobre-direitos-de-criancas-e-adolescentes\/\"},\"author\":{\"name\":\"Cl\u00e1udia Barbosa\",\"@id\":\"https:\/\/www.manaus.am.gov.br\/semasc\/#\/schema\/person\/d0a166b5031154c33c77794ddc9a827e\"},\"headline\":\"Prefeitura de Manaus participa de semin\u00e1rio sobre direitos de crian\u00e7as e adolescentes\",\"datePublished\":\"2023-06-23T20:57:40+00:00\",\"dateModified\":\"2023-06-23T20:57:42+00:00\",\"mainEntityOfPage\":{\"@id\":\"https:\/\/www.manaus.am.gov.br\/semasc\/prefeitura-de-manaus-participa-de-seminario-sobre-direitos-de-criancas-e-adolescentes\/\"},\"wordCount\":650,\"publisher\":{\"@id\":\"https:\/\/www.manaus.am.gov.br\/semasc\/#organization\"},\"image\":{\"@id\":\"https:\/\/www.manaus.am.gov.br\/semasc\/prefeitura-de-manaus-participa-de-seminario-sobre-direitos-de-criancas-e-adolescentes\/#primaryimage\"},\"thumbnailUrl\":\"https:\/\/www.manaus.am.gov.br\/semasc\/wp-content\/uploads\/sites\/17\/2023\/06\/52996911248_716acf9358_o.jpg\",\"keywords\":[\"\u201c1\u00b0 Semin\u00e1rio Estadual de Direitos das Crian\u00e7as e Adolescentes\u201d\",\"\u201cCampanha de Combate \u00e0 Explora\u00e7\u00e3o do Trabalho Infantojuvenil nas Ruas de Manaus\u201d\",\"Hellen Bastos\",\"M\u00e1rcia Helena Braga\",\"prefeitura de manaus\",\"Prodeca\",\"Semasc\",\"Ufam\",\"Universidade Federal do Amazonas\"],\"articleSection\":[\"Campanha\"],\"inLanguage\":\"pt-BR\"},{\"@type\":\"WebPage\",\"@id\":\"https:\/\/www.manaus.am.gov.br\/semasc\/prefeitura-de-manaus-participa-de-seminario-sobre-direitos-de-criancas-e-adolescentes\/\",\"url\":\"https:\/\/www.manaus.am.gov.br\/semasc\/prefeitura-de-manaus-participa-de-seminario-sobre-direitos-de-criancas-e-adolescentes\/\",\"name\":\"Prefeitura de Manaus participa de semin\u00e1rio sobre direitos de crian\u00e7as e adolescentes - SEMASC\",\"isPartOf\":{\"@id\":\"https:\/\/www.manaus.am.gov.br\/semasc\/#website\"},\"primaryImageOfPage\":{\"@id\":\"https:\/\/www.manaus.am.gov.br\/semasc\/prefeitura-de-manaus-participa-de-seminario-sobre-direitos-de-criancas-e-adolescentes\/#primaryimage\"},\"image\":{\"@id\":\"https:\/\/www.manaus.am.gov.br\/semasc\/prefeitura-de-manaus-participa-de-seminario-sobre-direitos-de-criancas-e-adolescentes\/#primaryimage\"},\"thumbnailUrl\":\"https:\/\/www.manaus.am.gov.br\/semasc\/wp-content\/uploads\/sites\/17\/2023\/06\/52996911248_716acf9358_o.jpg\",\"datePublished\":\"2023-06-23T20:57:40+00:00\",\"dateModified\":\"2023-06-23T20:57:42+00:00\",\"description\":\"Como parte da programa\u00e7\u00e3o da \u201cCampanha de Combate \u00e0 Explora\u00e7\u00e3o do Trabalho Infantojuvenil nas Ruas de Manaus\u201d, a Prefeitura de Manaus, por meio da Secretaria Municipal da Mulher, Assist\u00eancia Social e Cidadania (Semasc), participou, nesta sexta-feira, 23\/6, do segundo dia de atividades do \u201c1\u00b0 Semin\u00e1rio Estadual de Direitos das Crian\u00e7as e Adolescentes\u201d.\",\"breadcrumb\":{\"@id\":\"https:\/\/www.manaus.am.gov.br\/semasc\/prefeitura-de-manaus-participa-de-seminario-sobre-direitos-de-criancas-e-adolescentes\/#breadcrumb\"},\"inLanguage\":\"pt-BR\",\"potentialAction\":[{\"@type\":\"ReadAction\",\"target\":[\"https:\/\/www.manaus.am.gov.br\/semasc\/prefeitura-de-manaus-participa-de-seminario-sobre-direitos-de-criancas-e-adolescentes\/\"]}]},{\"@type\":\"ImageObject\",\"inLanguage\":\"pt-BR\",\"@id\":\"https:\/\/www.manaus.am.gov.br\/semasc\/prefeitura-de-manaus-participa-de-seminario-sobre-direitos-de-criancas-e-adolescentes\/#primaryimage\",\"url\":\"https:\/\/www.manaus.am.gov.br\/semasc\/wp-content\/uploads\/sites\/17\/2023\/06\/52996911248_716acf9358_o.jpg\",\"contentUrl\":\"https:\/\/www.manaus.am.gov.br\/semasc\/wp-content\/uploads\/sites\/17\/2023\/06\/52996911248_716acf9358_o.jpg\",\"width\":3875,\"height\":2445},{\"@type\":\"BreadcrumbList\",\"@id\":\"https:\/\/www.manaus.am.gov.br\/semasc\/prefeitura-de-manaus-participa-de-seminario-sobre-direitos-de-criancas-e-adolescentes\/#breadcrumb\",\"itemListElement\":[{\"@type\":\"ListItem\",\"position\":1,\"name\":\"Home\",\"item\":\"https:\/\/www.manaus.am.gov.br\/semasc\/\"},{\"@type\":\"ListItem\",\"position\":2,\"name\":\"Prefeitura de Manaus participa de semin\u00e1rio sobre direitos de crian\u00e7as e adolescentes\"}]},{\"@type\":\"WebSite\",\"@id\":\"https:\/\/www.manaus.am.gov.br\/semasc\/#website\",\"url\":\"https:\/\/www.manaus.am.gov.br\/semasc\/\",\"name\":\"SEMASC\",\"description\":\"Secretaria Municipal da Mulher, Assist\u00eancia Social e Cidadania.\",\"publisher\":{\"@id\":\"https:\/\/www.manaus.am.gov.br\/semasc\/#organization\"},\"alternateName\":\"Secretaria Municipal da Mulher, Assist\u00eancia Social e Cidadania\",\"potentialAction\":[{\"@type\":\"SearchAction\",\"target\":{\"@type\":\"EntryPoint\",\"urlTemplate\":\"https:\/\/www.manaus.am.gov.br\/semasc\/?s={search_term_string}\"},\"query-input\":\"required name=search_term_string\"}],\"inLanguage\":\"pt-BR\"},{\"@type\":\"Organization\",\"@id\":\"https:\/\/www.manaus.am.gov.br\/semasc\/#organization\",\"name\":\"Prefeitura de Manaus\",\"alternateName\":\"Prefeitura Municipal de Manaus\",\"url\":\"https:\/\/www.manaus.am.gov.br\/semasc\/\",\"logo\":{\"@type\":\"ImageObject\",\"inLanguage\":\"pt-BR\",\"@id\":\"https:\/\/www.manaus.am.gov.br\/semasc\/#\/schema\/logo\/image\/\",\"url\":\"https:\/\/www.manaus.am.gov.br\/semasc\/wp-content\/uploads\/sites\/17\/2024\/07\/favicon.png\",\"contentUrl\":\"https:\/\/www.manaus.am.gov.br\/semasc\/wp-content\/uploads\/sites\/17\/2024\/07\/favicon.png\",\"width\":300,\"height\":300,\"caption\":\"Prefeitura de Manaus\"},\"image\":{\"@id\":\"https:\/\/www.manaus.am.gov.br\/semasc\/#\/schema\/logo\/image\/\"},\"sameAs\":[\"https:\/\/www.facebook.com\/semascmanaus\",\"https:\/\/www.instagram.com\/semascmanaus\/\"]},{\"@type\":\"Person\",\"@id\":\"https:\/\/www.manaus.am.gov.br\/semasc\/#\/schema\/person\/d0a166b5031154c33c77794ddc9a827e\",\"name\":\"Cl\u00e1udia Barbosa\",\"image\":{\"@type\":\"ImageObject\",\"inLanguage\":\"pt-BR\",\"@id\":\"https:\/\/www.manaus.am.gov.br\/semasc\/#\/schema\/person\/image\/\",\"url\":\"https:\/\/secure.gravatar.com\/avatar\/42958a1cf007f1a00534009218c72590?s=96&d=mm&r=g\",\"contentUrl\":\"https:\/\/secure.gravatar.com\/avatar\/42958a1cf007f1a00534009218c72590?s=96&d=mm&r=g\",\"caption\":\"Cl\u00e1udia Barbosa\"}}]}<\/script>\n<!-- \/ Yoast SEO plugin. -->","yoast_head_json":{"title":"Prefeitura de Manaus participa de semin\u00e1rio sobre direitos de crian\u00e7as e adolescentes - SEMASC","description":"Como parte da programa\u00e7\u00e3o da \u201cCampanha de Combate \u00e0 Explora\u00e7\u00e3o do Trabalho Infantojuvenil nas Ruas de Manaus\u201d, a Prefeitura de Manaus, por meio da Secretaria Municipal da Mulher, Assist\u00eancia Social e Cidadania (Semasc), participou, nesta sexta-feira, 23\/6, do segundo dia de atividades do \u201c1\u00b0 Semin\u00e1rio Estadual de Direitos das Crian\u00e7as e Adolescentes\u201d.","robots":{"index":"noindex","follow":"follow"},"og_locale":"pt_BR","og_type":"article","og_title":"Prefeitura de Manaus participa de semin\u00e1rio sobre direitos de crian\u00e7as e adolescentes - SEMASC","og_description":"Como parte da programa\u00e7\u00e3o da \u201cCampanha de Combate \u00e0 Explora\u00e7\u00e3o do Trabalho Infantojuvenil nas Ruas de Manaus\u201d, a Prefeitura de Manaus, por meio da Secretaria Municipal da Mulher, Assist\u00eancia Social e Cidadania (Semasc), participou, nesta sexta-feira, 23\/6, do segundo dia de atividades do \u201c1\u00b0 Semin\u00e1rio Estadual de Direitos das Crian\u00e7as e Adolescentes\u201d.","og_url":"https:\/\/www.manaus.am.gov.br\/semasc\/prefeitura-de-manaus-participa-de-seminario-sobre-direitos-de-criancas-e-adolescentes\/","og_site_name":"SEMASC","article_publisher":"https:\/\/www.facebook.com\/semascmanaus","article_published_time":"2023-06-23T20:57:40+00:00","article_modified_time":"2023-06-23T20:57:42+00:00","og_image":[{"width":1024,"height":646,"url":"https:\/\/www.manaus.am.gov.br\/semasc\/wp-content\/uploads\/sites\/17\/2023\/06\/52996911248_716acf9358_o-1024x646.jpg","type":"image\/jpeg"}],"author":"Cl\u00e1udia Barbosa","twitter_card":"summary_large_image","twitter_misc":{"Written by":"Cl\u00e1udia Barbosa","Est. reading time":"4 minutos"},"schema":{"@context":"https:\/\/schema.org","@graph":[{"@type":"Article","@id":"https:\/\/www.manaus.am.gov.br\/semasc\/prefeitura-de-manaus-participa-de-seminario-sobre-direitos-de-criancas-e-adolescentes\/#article","isPartOf":{"@id":"https:\/\/www.manaus.am.gov.br\/semasc\/prefeitura-de-manaus-participa-de-seminario-sobre-direitos-de-criancas-e-adolescentes\/"},"author":{"name":"Cl\u00e1udia Barbosa","@id":"https:\/\/www.manaus.am.gov.br\/semasc\/#\/schema\/person\/d0a166b5031154c33c77794ddc9a827e"},"headline":"Prefeitura de Manaus participa de semin\u00e1rio sobre direitos de crian\u00e7as e adolescentes","datePublished":"2023-06-23T20:57:40+00:00","dateModified":"2023-06-23T20:57:42+00:00","mainEntityOfPage":{"@id":"https:\/\/www.manaus.am.gov.br\/semasc\/prefeitura-de-manaus-participa-de-seminario-sobre-direitos-de-criancas-e-adolescentes\/"},"wordCount":650,"publisher":{"@id":"https:\/\/www.manaus.am.gov.br\/semasc\/#organization"},"image":{"@id":"https:\/\/www.manaus.am.gov.br\/semasc\/prefeitura-de-manaus-participa-de-seminario-sobre-direitos-de-criancas-e-adolescentes\/#primaryimage"},"thumbnailUrl":"https:\/\/www.manaus.am.gov.br\/semasc\/wp-content\/uploads\/sites\/17\/2023\/06\/52996911248_716acf9358_o.jpg","keywords":["\u201c1\u00b0 Semin\u00e1rio Estadual de Direitos das Crian\u00e7as e Adolescentes\u201d","\u201cCampanha de Combate \u00e0 Explora\u00e7\u00e3o do Trabalho Infantojuvenil nas Ruas de Manaus\u201d","Hellen Bastos","M\u00e1rcia Helena Braga","prefeitura de manaus","Prodeca","Semasc","Ufam","Universidade Federal do Amazonas"],"articleSection":["Campanha"],"inLanguage":"pt-BR"},{"@type":"WebPage","@id":"https:\/\/www.manaus.am.gov.br\/semasc\/prefeitura-de-manaus-participa-de-seminario-sobre-direitos-de-criancas-e-adolescentes\/","url":"https:\/\/www.manaus.am.gov.br\/semasc\/prefeitura-de-manaus-participa-de-seminario-sobre-direitos-de-criancas-e-adolescentes\/","name":"Prefeitura de Manaus participa de semin\u00e1rio sobre direitos de crian\u00e7as e adolescentes - SEMASC","isPartOf":{"@id":"https:\/\/www.manaus.am.gov.br\/semasc\/#website"},"primaryImageOfPage":{"@id":"https:\/\/www.manaus.am.gov.br\/semasc\/prefeitura-de-manaus-participa-de-seminario-sobre-direitos-de-criancas-e-adolescentes\/#primaryimage"},"image":{"@id":"https:\/\/www.manaus.am.gov.br\/semasc\/prefeitura-de-manaus-participa-de-seminario-sobre-direitos-de-criancas-e-adolescentes\/#primaryimage"},"thumbnailUrl":"https:\/\/www.manaus.am.gov.br\/semasc\/wp-content\/uploads\/sites\/17\/2023\/06\/52996911248_716acf9358_o.jpg","datePublished":"2023-06-23T20:57:40+00:00","dateModified":"2023-06-23T20:57:42+00:00","description":"Como parte da programa\u00e7\u00e3o da \u201cCampanha de Combate \u00e0 Explora\u00e7\u00e3o do Trabalho Infantojuvenil nas Ruas de Manaus\u201d, a Prefeitura de Manaus, por meio da Secretaria Municipal da Mulher, Assist\u00eancia Social e Cidadania (Semasc), participou, nesta sexta-feira, 23\/6, do segundo dia de atividades do \u201c1\u00b0 Semin\u00e1rio Estadual de Direitos das Crian\u00e7as e Adolescentes\u201d.","breadcrumb":{"@id":"https:\/\/www.manaus.am.gov.br\/semasc\/prefeitura-de-manaus-participa-de-seminario-sobre-direitos-de-criancas-e-adolescentes\/#breadcrumb"},"inLanguage":"pt-BR","potentialAction":[{"@type":"ReadAction","target":["https:\/\/www.manaus.am.gov.br\/semasc\/prefeitura-de-manaus-participa-de-seminario-sobre-direitos-de-criancas-e-adolescentes\/"]}]},{"@type":"ImageObject","inLanguage":"pt-BR","@id":"https:\/\/www.manaus.am.gov.br\/semasc\/prefeitura-de-manaus-participa-de-seminario-sobre-direitos-de-criancas-e-adolescentes\/#primaryimage","url":"https:\/\/www.manaus.am.gov.br\/semasc\/wp-content\/uploads\/sites\/17\/2023\/06\/52996911248_716acf9358_o.jpg","contentUrl":"https:\/\/www.manaus.am.gov.br\/semasc\/wp-content\/uploads\/sites\/17\/2023\/06\/52996911248_716acf9358_o.jpg","width":3875,"height":2445},{"@type":"BreadcrumbList","@id":"https:\/\/www.manaus.am.gov.br\/semasc\/prefeitura-de-manaus-participa-de-seminario-sobre-direitos-de-criancas-e-adolescentes\/#breadcrumb","itemListElement":[{"@type":"ListItem","position":1,"name":"Home","item":"https:\/\/www.manaus.am.gov.br\/semasc\/"},{"@type":"ListItem","position":2,"name":"Prefeitura de Manaus participa de semin\u00e1rio sobre direitos de crian\u00e7as e adolescentes"}]},{"@type":"WebSite","@id":"https:\/\/www.manaus.am.gov.br\/semasc\/#website","url":"https:\/\/www.manaus.am.gov.br\/semasc\/","name":"SEMASC","description":"Secretaria Municipal da Mulher, Assist\u00eancia Social e Cidadania.","publisher":{"@id":"https:\/\/www.manaus.am.gov.br\/semasc\/#organization"},"alternateName":"Secretaria Municipal da Mulher, Assist\u00eancia Social e Cidadania","potentialAction":[{"@type":"SearchAction","target":{"@type":"EntryPoint","urlTemplate":"https:\/\/www.manaus.am.gov.br\/semasc\/?s={search_term_string}"},"query-input":"required name=search_term_string"}],"inLanguage":"pt-BR"},{"@type":"Organization","@id":"https:\/\/www.manaus.am.gov.br\/semasc\/#organization","name":"Prefeitura de Manaus","alternateName":"Prefeitura Municipal de Manaus","url":"https:\/\/www.manaus.am.gov.br\/semasc\/","logo":{"@type":"ImageObject","inLanguage":"pt-BR","@id":"https:\/\/www.manaus.am.gov.br\/semasc\/#\/schema\/logo\/image\/","url":"https:\/\/www.manaus.am.gov.br\/semasc\/wp-content\/uploads\/sites\/17\/2024\/07\/favicon.png","contentUrl":"https:\/\/www.manaus.am.gov.br\/semasc\/wp-content\/uploads\/sites\/17\/2024\/07\/favicon.png","width":300,"height":300,"caption":"Prefeitura de Manaus"},"image":{"@id":"https:\/\/www.manaus.am.gov.br\/semasc\/#\/schema\/logo\/image\/"},"sameAs":["https:\/\/www.facebook.com\/semascmanaus","https:\/\/www.instagram.com\/semascmanaus\/"]},{"@type":"Person","@id":"https:\/\/www.manaus.am.gov.br\/semasc\/#\/schema\/person\/d0a166b5031154c33c77794ddc9a827e","name":"Cl\u00e1udia Barbosa","image":{"@type":"ImageObject","inLanguage":"pt-BR","@id":"https:\/\/www.manaus.am.gov.br\/semasc\/#\/schema\/person\/image\/","url":"https:\/\/secure.gravatar.com\/avatar\/42958a1cf007f1a00534009218c72590?s=96&d=mm&r=g","contentUrl":"https:\/\/secure.gravatar.com\/avatar\/42958a1cf007f1a00534009218c72590?s=96&d=mm&r=g","caption":"Cl\u00e1udia Barbosa"}}]}},"_links":{"self":[{"href":"https:\/\/www.manaus.am.gov.br\/semasc\/wp-json\/wp\/v2\/posts\/207693"}],"collection":[{"href":"https:\/\/www.manaus.am.gov.br\/semasc\/wp-json\/wp\/v2\/posts"}],"about":[{"href":"https:\/\/www.manaus.am.gov.br\/semasc\/wp-json\/wp\/v2\/types\/post"}],"author":[{"embeddable":true,"href":"https:\/\/www.manaus.am.gov.br\/semasc\/wp-json\/wp\/v2\/users\/24"}],"replies":[{"embeddable":true,"href":"https:\/\/www.manaus.am.gov.br\/semasc\/wp-json\/wp\/v2\/comments?post=207693"}],"version-history":[{"count":0,"href":"https:\/\/www.manaus.am.gov.br\/semasc\/wp-json\/wp\/v2\/posts\/207693\/revisions"}],"wp:featuredmedia":[{"embeddable":true,"href":"https:\/\/www.manaus.am.gov.br\/semasc\/wp-json\/wp\/v2\/media\/207694"}],"wp:attachment":[{"href":"https:\/\/www.manaus.am.gov.br\/semasc\/wp-json\/wp\/v2\/media?parent=207693"}],"wp:term":[{"taxonomy":"category","embeddable":true,"href":"https:\/\/www.manaus.am.gov.br\/semasc\/wp-json\/wp\/v2\/categories?post=207693"},{"taxonomy":"post_tag","embeddable":true,"href":"https:\/\/www.manaus.am.gov.br\/semasc\/wp-json\/wp\/v2\/tags?post=207693"}],"curies":[{"name":"wp","href":"https:\/\/api.w.org\/{rel}","templated":true}]}}