{"id":207689,"date":"2023-06-19T14:41:29","date_gmt":"2023-06-19T18:41:29","guid":{"rendered":"https:\/\/www.manaus.am.gov.br\/semasc\/prefeitura-de-manaus-orienta-usuarios-quanto-a-novos-documentos-obrigatorios-para-a-insercao-e-atualizacao-do-cadastro-unico\/"},"modified":"2023-06-19T14:41:30","modified_gmt":"2023-06-19T18:41:30","slug":"prefeitura-de-manaus-orienta-usuarios-quanto-a-novos-documentos-obrigatorios-para-a-insercao-e-atualizacao-do-cadastro-unico","status":"publish","type":"post","link":"https:\/\/www.manaus.am.gov.br\/semasc\/prefeitura-de-manaus-orienta-usuarios-quanto-a-novos-documentos-obrigatorios-para-a-insercao-e-atualizacao-do-cadastro-unico\/","title":{"rendered":"<strong>Prefeitura de Manaus orienta usu\u00e1rios quanto a novos documentos obrigat\u00f3rios para a inser\u00e7\u00e3o e atualiza\u00e7\u00e3o do Cadastro \u00danico<\/strong>"},"content":{"rendered":"\n<p>Seguindo as diretrizes publicadas e editadas pelo governo federal, por meio do Minist\u00e9rio de Desenvolvimento e Assist\u00eancia Social, Fam\u00edlia e Combate \u00e0 Fome (MDS), na Portaria n\u00ba 889, de 13 de junho de 2023, na edi\u00e7\u00e3o 111, do Di\u00e1rio Oficial da Uni\u00e3o (DOU), publicada na \u00faltima quarta-feira, 14\/6, a Prefeitura de Manaus, por meio da Secretaria Municipal da Mulher, Assist\u00eancia Social e Cidadania (Semasc), orienta a popula\u00e7\u00e3o quanto a determina\u00e7\u00e3o dos novos documentos obrigat\u00f3rios para a inser\u00e7\u00e3o e atualiza\u00e7\u00e3o do Cadastro \u00danico.<\/p>\n\n\n\n<p>A contar da data da publica\u00e7\u00e3o do documento, passam a ser obrigat\u00f3rios um documento de identifica\u00e7\u00e3o com foto do respons\u00e1vel pelo n\u00facleo familiar e o comprovante de resid\u00eancia da fam\u00edlia, devendo ser apresentados junto do Cadastro de Pessoa F\u00edsica (CPF) ou T\u00edtulo de Eleitor. O restante dos componentes familiares permanece com a documenta\u00e7\u00e3o exigida inalterada, sendo esta composta pelo CPF ou T\u00edtulo de Eleitor, Certid\u00e3o de Nascimento ou Casamento, Carteira de Trabalho e declara\u00e7\u00e3o escolar (em caso de componentes menores de idade).<\/p>\n\n\n\n<p>De acordo com o chefe da Divis\u00e3o de Cadastro \u00danico e Transfer\u00eancia de Renda da Semasc, Francisco Cruz, o objetivo da solicita\u00e7\u00e3o da nova documenta\u00e7\u00e3o e sua principal vantagem \u00e9 a qualifica\u00e7\u00e3o da veracidade das informa\u00e7\u00f5es recebidas pelas equipes de cadastramento dos Centros de Refer\u00eancia de Assist\u00eancia Social (Cras) da capital, essencial para a seguran\u00e7a do Sistema \u00danico de Assist\u00eancia Social (Suas) e suas pol\u00edticas.<\/p>\n\n\n\n<p>\u201cPed\u00edamos o documento de identifica\u00e7\u00e3o com foto e o comprovante de resid\u00eancia de nossos usu\u00e1rios como forma de aux\u00edlio na comprova\u00e7\u00e3o do restante da documenta\u00e7\u00e3o, n\u00e3o sendo realmente obrigat\u00f3ria a sua apresenta\u00e7\u00e3o. Com a obrigatoriedade agora formalizada pela publica\u00e7\u00e3o da portaria, agora conseguimos ter um controle maior sobre os cadastros inseridos, garantindo a integridade do nossos sistemas e diminuindo a incid\u00eancia de poss\u00edveis tentativas de fraude\u201d, explicou.&nbsp;<\/p>\n\n\n\n<p>Ainda de acordo com a publica\u00e7\u00e3o, a documenta\u00e7\u00e3o exigida de fam\u00edlias ind\u00edgenas e quilombolas segue tamb\u00e9m inalterada, com os respons\u00e1veis pela unidade familiar podendo apresentar os mesmos documentos previstos para os demais componentes familiares. Ind\u00edgenas sem outros documentos podem tamb\u00e9m apresentar o Registro Administrativo de Nascimento de Ind\u00edgena (Rani), fornecido pela Funda\u00e7\u00e3o Nacional dos Povos Ind\u00edgenas (Funai).<\/p>\n\n\n\n<p><strong>Cadastro \u00danico<\/strong><\/p>\n\n\n\n<p>O Cadastro \u00danico \u00e9 uma ferramenta do governo federal administrada dentro do Sistema \u00danico de Assist\u00eancia Social (Suas) e que garante o acesso de fam\u00edlias de baixa renda a diversos programas sociais, entre eles o Bolsa Fam\u00edlia.<\/p>\n\n\n\n<p>Em Manaus, a inser\u00e7\u00e3o no Cad\u00danico pode ser realizada em qualquer um dos 20 Centros de Refer\u00eancia de Assist\u00eancia Social (Cras) da capital, equipamentos socioassistenciais administrados pela Prefeitura de Manaus, por meio da Secretaria Municipal da Mulher, Assist\u00eancia Social e Cidadania (Semasc), sendo necess\u00e1rio o agendamento pr\u00e9vio para o atendimento.<\/p>\n\n\n\n<p>Para o agendamento, os usu\u00e1rios devem comparecer \u00e0 unidade Cras respons\u00e1vel por sua \u00e1rea de abrang\u00eancia. A lista de equipamentos contendo endere\u00e7os e bairros atendidos pode ser conferida em&nbsp;<a href=\"https:\/\/semasc.manaus.am.gov.br\/cras\/contato-e-areas-de-abrangencia-dos-cras\/\" target=\"_blank\" rel=\"noreferrer noopener\">https:\/\/semasc.manaus.am.gov.br\/cras\/contato-e-areas-de-abrangencia-dos-cras\/<\/a>.<\/p>\n\n\n\n<p>Usu\u00e1rios do Cras Alfredo Nascimento, Alvorada I, Bet\u00e2nia, Crespo, Col\u00f4nia Ant\u00f4nio Aleixo, Japiim e Terra Nova t\u00eam ainda a op\u00e7\u00e3o de realizar o agendamento virtualmente, acessando o endere\u00e7o&nbsp;<a href=\"https:\/\/agendasemasc.manaus.am.gov.br\/\" target=\"_blank\" rel=\"noreferrer noopener\">https:\/\/agendasemasc.manaus.am.gov.br\/<\/a>.<\/p>\n\n\n\n<p>&#8212; &#8212; &#8212;<\/p>\n\n\n\n<p><strong>Texto &#8211;&nbsp;<\/strong>Guilherme Ara\u00fajo Pacheco \/ Semasc<\/p>\n\n\n\n<p><strong>Fotos &#8211;<\/strong>&nbsp;Marcely Gomes \/ Semasc<\/p>\n\n\n\n<p><strong>Dispon\u00edveis em &#8211;<\/strong>&nbsp;<a href=\"https:\/\/flic.kr\/s\/aHBqjAJpuY\" target=\"_blank\" rel=\"noreferrer noopener\">https:\/\/flic.kr\/s\/aHBqjAJpuY<\/a><\/p>\n","protected":false},"excerpt":{"rendered":"","protected":false},"author":24,"featured_media":207690,"comment_status":"closed","ping_status":"closed","sticky":false,"template":"","format":"standard","meta":{"footnotes":""},"categories":[34],"tags":[74,148,121,149,150,151,152,153,154,155,7,18],"acf":[],"yoast_head":"<!-- This site is optimized with the Yoast SEO plugin v23.0 - https:\/\/yoast.com\/wordpress\/plugins\/seo\/ -->\n<title>Prefeitura de Manaus orienta usu\u00e1rios quanto a novos documentos obrigat\u00f3rios para a inser\u00e7\u00e3o e atualiza\u00e7\u00e3o do Cadastro \u00danico - SEMASC<\/title>\n<meta name=\"description\" content=\"Seguindo as diretrizes publicadas e editadas pelo governo federal, por meio do Minist\u00e9rio de Desenvolvimento e Assist\u00eancia Social, Fam\u00edlia e Combate \u00e0 Fome (MDS), na Portaria n\u00ba 889, de 13 de junho de 2023, na edi\u00e7\u00e3o 111, do Di\u00e1rio Oficial da Uni\u00e3o (DOU), publicada na \u00faltima quarta-feira, 14\/6, a Prefeitura de Manaus, por meio da Secretaria Municipal da Mulher, Assist\u00eancia Social e Cidadania (Semasc), orienta a popula\u00e7\u00e3o quanto a determina\u00e7\u00e3o dos novos documentos obrigat\u00f3rios para a inser\u00e7\u00e3o e atualiza\u00e7\u00e3o do Cadastro \u00danico.\" \/>\n<meta name=\"robots\" content=\"noindex, follow\" \/>\n<meta property=\"og:locale\" content=\"pt_BR\" \/>\n<meta property=\"og:type\" content=\"article\" \/>\n<meta property=\"og:title\" content=\"Prefeitura de Manaus orienta usu\u00e1rios quanto a novos documentos obrigat\u00f3rios para a inser\u00e7\u00e3o e atualiza\u00e7\u00e3o do Cadastro \u00danico - SEMASC\" \/>\n<meta property=\"og:description\" content=\"Seguindo as diretrizes publicadas e editadas pelo governo federal, por meio do Minist\u00e9rio de Desenvolvimento e Assist\u00eancia Social, Fam\u00edlia e Combate \u00e0 Fome (MDS), na Portaria n\u00ba 889, de 13 de junho de 2023, na edi\u00e7\u00e3o 111, do Di\u00e1rio Oficial da Uni\u00e3o (DOU), publicada na \u00faltima quarta-feira, 14\/6, a Prefeitura de Manaus, por meio da Secretaria Municipal da Mulher, Assist\u00eancia Social e Cidadania (Semasc), orienta a popula\u00e7\u00e3o quanto a determina\u00e7\u00e3o dos novos documentos obrigat\u00f3rios para a inser\u00e7\u00e3o e atualiza\u00e7\u00e3o do Cadastro \u00danico.\" \/>\n<meta property=\"og:url\" content=\"https:\/\/www.manaus.am.gov.br\/semasc\/prefeitura-de-manaus-orienta-usuarios-quanto-a-novos-documentos-obrigatorios-para-a-insercao-e-atualizacao-do-cadastro-unico\/\" \/>\n<meta property=\"og:site_name\" content=\"SEMASC\" \/>\n<meta property=\"article:publisher\" content=\"https:\/\/www.facebook.com\/semascmanaus\" \/>\n<meta property=\"article:published_time\" content=\"2023-06-19T18:41:29+00:00\" \/>\n<meta property=\"article:modified_time\" content=\"2023-06-19T18:41:30+00:00\" \/>\n<meta property=\"og:image\" content=\"https:\/\/www.manaus.am.gov.br\/semasc\/wp-content\/uploads\/sites\/17\/2023\/06\/52986482761_f3c46c448d_o-scaled.jpg\" \/>\n\t<meta property=\"og:image:width\" content=\"2560\" \/>\n\t<meta property=\"og:image:height\" content=\"1707\" \/>\n\t<meta property=\"og:image:type\" content=\"image\/jpeg\" \/>\n<meta name=\"author\" content=\"Cl\u00e1udia Barbosa\" \/>\n<meta name=\"twitter:card\" content=\"summary_large_image\" \/>\n<meta name=\"twitter:label1\" content=\"Written by\" \/>\n\t<meta name=\"twitter:data1\" content=\"Cl\u00e1udia Barbosa\" \/>\n\t<meta name=\"twitter:label2\" content=\"Est. reading time\" \/>\n\t<meta name=\"twitter:data2\" content=\"3 minutos\" \/>\n<script type=\"application\/ld+json\" class=\"yoast-schema-graph\">{\"@context\":\"https:\/\/schema.org\",\"@graph\":[{\"@type\":\"Article\",\"@id\":\"https:\/\/www.manaus.am.gov.br\/semasc\/prefeitura-de-manaus-orienta-usuarios-quanto-a-novos-documentos-obrigatorios-para-a-insercao-e-atualizacao-do-cadastro-unico\/#article\",\"isPartOf\":{\"@id\":\"https:\/\/www.manaus.am.gov.br\/semasc\/prefeitura-de-manaus-orienta-usuarios-quanto-a-novos-documentos-obrigatorios-para-a-insercao-e-atualizacao-do-cadastro-unico\/\"},\"author\":{\"name\":\"Cl\u00e1udia Barbosa\",\"@id\":\"https:\/\/www.manaus.am.gov.br\/semasc\/#\/schema\/person\/d0a166b5031154c33c77794ddc9a827e\"},\"headline\":\"Prefeitura de Manaus orienta usu\u00e1rios quanto a novos documentos obrigat\u00f3rios para a inser\u00e7\u00e3o e atualiza\u00e7\u00e3o do Cadastro \u00danico\",\"datePublished\":\"2023-06-19T18:41:29+00:00\",\"dateModified\":\"2023-06-19T18:41:30+00:00\",\"mainEntityOfPage\":{\"@id\":\"https:\/\/www.manaus.am.gov.br\/semasc\/prefeitura-de-manaus-orienta-usuarios-quanto-a-novos-documentos-obrigatorios-para-a-insercao-e-atualizacao-do-cadastro-unico\/\"},\"wordCount\":636,\"publisher\":{\"@id\":\"https:\/\/www.manaus.am.gov.br\/semasc\/#organization\"},\"image\":{\"@id\":\"https:\/\/www.manaus.am.gov.br\/semasc\/prefeitura-de-manaus-orienta-usuarios-quanto-a-novos-documentos-obrigatorios-para-a-insercao-e-atualizacao-do-cadastro-unico\/#primaryimage\"},\"thumbnailUrl\":\"https:\/\/www.manaus.am.gov.br\/semasc\/wp-content\/uploads\/sites\/17\/2023\/06\/52986482761_f3c46c448d_o-scaled.jpg\",\"keywords\":[\"Cadastro \u00danico\",\"cad\u00fanico\",\"cras\",\"Di\u00e1rio Oficial da Uni\u00e3o\",\"documento\",\"DOU\",\"Fam\u00edlia e Combate \u00e0 Fome\",\"Francisco Cruz\",\"governo federal\",\"Minist\u00e9rio de Desenvolvimento e Assist\u00eancia Social\",\"prefeitura de manaus\",\"Semasc\"],\"articleSection\":[\"Assist\u00eancia Social\"],\"inLanguage\":\"pt-BR\"},{\"@type\":\"WebPage\",\"@id\":\"https:\/\/www.manaus.am.gov.br\/semasc\/prefeitura-de-manaus-orienta-usuarios-quanto-a-novos-documentos-obrigatorios-para-a-insercao-e-atualizacao-do-cadastro-unico\/\",\"url\":\"https:\/\/www.manaus.am.gov.br\/semasc\/prefeitura-de-manaus-orienta-usuarios-quanto-a-novos-documentos-obrigatorios-para-a-insercao-e-atualizacao-do-cadastro-unico\/\",\"name\":\"Prefeitura de Manaus orienta usu\u00e1rios quanto a novos documentos obrigat\u00f3rios para a inser\u00e7\u00e3o e atualiza\u00e7\u00e3o do Cadastro \u00danico - SEMASC\",\"isPartOf\":{\"@id\":\"https:\/\/www.manaus.am.gov.br\/semasc\/#website\"},\"primaryImageOfPage\":{\"@id\":\"https:\/\/www.manaus.am.gov.br\/semasc\/prefeitura-de-manaus-orienta-usuarios-quanto-a-novos-documentos-obrigatorios-para-a-insercao-e-atualizacao-do-cadastro-unico\/#primaryimage\"},\"image\":{\"@id\":\"https:\/\/www.manaus.am.gov.br\/semasc\/prefeitura-de-manaus-orienta-usuarios-quanto-a-novos-documentos-obrigatorios-para-a-insercao-e-atualizacao-do-cadastro-unico\/#primaryimage\"},\"thumbnailUrl\":\"https:\/\/www.manaus.am.gov.br\/semasc\/wp-content\/uploads\/sites\/17\/2023\/06\/52986482761_f3c46c448d_o-scaled.jpg\",\"datePublished\":\"2023-06-19T18:41:29+00:00\",\"dateModified\":\"2023-06-19T18:41:30+00:00\",\"description\":\"Seguindo as diretrizes publicadas e editadas pelo governo federal, por meio do Minist\u00e9rio de Desenvolvimento e Assist\u00eancia Social, Fam\u00edlia e Combate \u00e0 Fome (MDS), na Portaria n\u00ba 889, de 13 de junho de 2023, na edi\u00e7\u00e3o 111, do Di\u00e1rio Oficial da Uni\u00e3o (DOU), publicada na \u00faltima quarta-feira, 14\/6, a Prefeitura de Manaus, por meio da Secretaria Municipal da Mulher, Assist\u00eancia Social e Cidadania (Semasc), orienta a popula\u00e7\u00e3o quanto a determina\u00e7\u00e3o dos novos documentos obrigat\u00f3rios para a inser\u00e7\u00e3o e atualiza\u00e7\u00e3o do Cadastro \u00danico.\",\"breadcrumb\":{\"@id\":\"https:\/\/www.manaus.am.gov.br\/semasc\/prefeitura-de-manaus-orienta-usuarios-quanto-a-novos-documentos-obrigatorios-para-a-insercao-e-atualizacao-do-cadastro-unico\/#breadcrumb\"},\"inLanguage\":\"pt-BR\",\"potentialAction\":[{\"@type\":\"ReadAction\",\"target\":[\"https:\/\/www.manaus.am.gov.br\/semasc\/prefeitura-de-manaus-orienta-usuarios-quanto-a-novos-documentos-obrigatorios-para-a-insercao-e-atualizacao-do-cadastro-unico\/\"]}]},{\"@type\":\"ImageObject\",\"inLanguage\":\"pt-BR\",\"@id\":\"https:\/\/www.manaus.am.gov.br\/semasc\/prefeitura-de-manaus-orienta-usuarios-quanto-a-novos-documentos-obrigatorios-para-a-insercao-e-atualizacao-do-cadastro-unico\/#primaryimage\",\"url\":\"https:\/\/www.manaus.am.gov.br\/semasc\/wp-content\/uploads\/sites\/17\/2023\/06\/52986482761_f3c46c448d_o-scaled.jpg\",\"contentUrl\":\"https:\/\/www.manaus.am.gov.br\/semasc\/wp-content\/uploads\/sites\/17\/2023\/06\/52986482761_f3c46c448d_o-scaled.jpg\",\"width\":2560,\"height\":1707},{\"@type\":\"BreadcrumbList\",\"@id\":\"https:\/\/www.manaus.am.gov.br\/semasc\/prefeitura-de-manaus-orienta-usuarios-quanto-a-novos-documentos-obrigatorios-para-a-insercao-e-atualizacao-do-cadastro-unico\/#breadcrumb\",\"itemListElement\":[{\"@type\":\"ListItem\",\"position\":1,\"name\":\"Home\",\"item\":\"https:\/\/www.manaus.am.gov.br\/semasc\/\"},{\"@type\":\"ListItem\",\"position\":2,\"name\":\"Prefeitura de Manaus orienta usu\u00e1rios quanto a novos documentos obrigat\u00f3rios para a inser\u00e7\u00e3o e atualiza\u00e7\u00e3o do Cadastro \u00danico\"}]},{\"@type\":\"WebSite\",\"@id\":\"https:\/\/www.manaus.am.gov.br\/semasc\/#website\",\"url\":\"https:\/\/www.manaus.am.gov.br\/semasc\/\",\"name\":\"SEMASC\",\"description\":\"Secretaria Municipal da Mulher, Assist\u00eancia Social e Cidadania.\",\"publisher\":{\"@id\":\"https:\/\/www.manaus.am.gov.br\/semasc\/#organization\"},\"alternateName\":\"Secretaria Municipal da Mulher, Assist\u00eancia Social e Cidadania\",\"potentialAction\":[{\"@type\":\"SearchAction\",\"target\":{\"@type\":\"EntryPoint\",\"urlTemplate\":\"https:\/\/www.manaus.am.gov.br\/semasc\/?s={search_term_string}\"},\"query-input\":\"required name=search_term_string\"}],\"inLanguage\":\"pt-BR\"},{\"@type\":\"Organization\",\"@id\":\"https:\/\/www.manaus.am.gov.br\/semasc\/#organization\",\"name\":\"Prefeitura de Manaus\",\"alternateName\":\"Prefeitura Municipal de Manaus\",\"url\":\"https:\/\/www.manaus.am.gov.br\/semasc\/\",\"logo\":{\"@type\":\"ImageObject\",\"inLanguage\":\"pt-BR\",\"@id\":\"https:\/\/www.manaus.am.gov.br\/semasc\/#\/schema\/logo\/image\/\",\"url\":\"https:\/\/www.manaus.am.gov.br\/semasc\/wp-content\/uploads\/sites\/17\/2024\/07\/favicon.png\",\"contentUrl\":\"https:\/\/www.manaus.am.gov.br\/semasc\/wp-content\/uploads\/sites\/17\/2024\/07\/favicon.png\",\"width\":300,\"height\":300,\"caption\":\"Prefeitura de Manaus\"},\"image\":{\"@id\":\"https:\/\/www.manaus.am.gov.br\/semasc\/#\/schema\/logo\/image\/\"},\"sameAs\":[\"https:\/\/www.facebook.com\/semascmanaus\",\"https:\/\/www.instagram.com\/semascmanaus\/\"]},{\"@type\":\"Person\",\"@id\":\"https:\/\/www.manaus.am.gov.br\/semasc\/#\/schema\/person\/d0a166b5031154c33c77794ddc9a827e\",\"name\":\"Cl\u00e1udia Barbosa\",\"image\":{\"@type\":\"ImageObject\",\"inLanguage\":\"pt-BR\",\"@id\":\"https:\/\/www.manaus.am.gov.br\/semasc\/#\/schema\/person\/image\/\",\"url\":\"https:\/\/secure.gravatar.com\/avatar\/42958a1cf007f1a00534009218c72590?s=96&d=mm&r=g\",\"contentUrl\":\"https:\/\/secure.gravatar.com\/avatar\/42958a1cf007f1a00534009218c72590?s=96&d=mm&r=g\",\"caption\":\"Cl\u00e1udia Barbosa\"}}]}<\/script>\n<!-- \/ Yoast SEO plugin. -->","yoast_head_json":{"title":"Prefeitura de Manaus orienta usu\u00e1rios quanto a novos documentos obrigat\u00f3rios para a inser\u00e7\u00e3o e atualiza\u00e7\u00e3o do Cadastro \u00danico - SEMASC","description":"Seguindo as diretrizes publicadas e editadas pelo governo federal, por meio do Minist\u00e9rio de Desenvolvimento e Assist\u00eancia Social, Fam\u00edlia e Combate \u00e0 Fome (MDS), na Portaria n\u00ba 889, de 13 de junho de 2023, na edi\u00e7\u00e3o 111, do Di\u00e1rio Oficial da Uni\u00e3o (DOU), publicada na \u00faltima quarta-feira, 14\/6, a Prefeitura de Manaus, por meio da Secretaria Municipal da Mulher, Assist\u00eancia Social e Cidadania (Semasc), orienta a popula\u00e7\u00e3o quanto a determina\u00e7\u00e3o dos novos documentos obrigat\u00f3rios para a inser\u00e7\u00e3o e atualiza\u00e7\u00e3o do Cadastro \u00danico.","robots":{"index":"noindex","follow":"follow"},"og_locale":"pt_BR","og_type":"article","og_title":"Prefeitura de Manaus orienta usu\u00e1rios quanto a novos documentos obrigat\u00f3rios para a inser\u00e7\u00e3o e atualiza\u00e7\u00e3o do Cadastro \u00danico - SEMASC","og_description":"Seguindo as diretrizes publicadas e editadas pelo governo federal, por meio do Minist\u00e9rio de Desenvolvimento e Assist\u00eancia Social, Fam\u00edlia e Combate \u00e0 Fome (MDS), na Portaria n\u00ba 889, de 13 de junho de 2023, na edi\u00e7\u00e3o 111, do Di\u00e1rio Oficial da Uni\u00e3o (DOU), publicada na \u00faltima quarta-feira, 14\/6, a Prefeitura de Manaus, por meio da Secretaria Municipal da Mulher, Assist\u00eancia Social e Cidadania (Semasc), orienta a popula\u00e7\u00e3o quanto a determina\u00e7\u00e3o dos novos documentos obrigat\u00f3rios para a inser\u00e7\u00e3o e atualiza\u00e7\u00e3o do Cadastro \u00danico.","og_url":"https:\/\/www.manaus.am.gov.br\/semasc\/prefeitura-de-manaus-orienta-usuarios-quanto-a-novos-documentos-obrigatorios-para-a-insercao-e-atualizacao-do-cadastro-unico\/","og_site_name":"SEMASC","article_publisher":"https:\/\/www.facebook.com\/semascmanaus","article_published_time":"2023-06-19T18:41:29+00:00","article_modified_time":"2023-06-19T18:41:30+00:00","og_image":[{"width":2560,"height":1707,"url":"https:\/\/www.manaus.am.gov.br\/semasc\/wp-content\/uploads\/sites\/17\/2023\/06\/52986482761_f3c46c448d_o-scaled.jpg","type":"image\/jpeg"}],"author":"Cl\u00e1udia Barbosa","twitter_card":"summary_large_image","twitter_misc":{"Written by":"Cl\u00e1udia Barbosa","Est. reading time":"3 minutos"},"schema":{"@context":"https:\/\/schema.org","@graph":[{"@type":"Article","@id":"https:\/\/www.manaus.am.gov.br\/semasc\/prefeitura-de-manaus-orienta-usuarios-quanto-a-novos-documentos-obrigatorios-para-a-insercao-e-atualizacao-do-cadastro-unico\/#article","isPartOf":{"@id":"https:\/\/www.manaus.am.gov.br\/semasc\/prefeitura-de-manaus-orienta-usuarios-quanto-a-novos-documentos-obrigatorios-para-a-insercao-e-atualizacao-do-cadastro-unico\/"},"author":{"name":"Cl\u00e1udia Barbosa","@id":"https:\/\/www.manaus.am.gov.br\/semasc\/#\/schema\/person\/d0a166b5031154c33c77794ddc9a827e"},"headline":"Prefeitura de Manaus orienta usu\u00e1rios quanto a novos documentos obrigat\u00f3rios para a inser\u00e7\u00e3o e atualiza\u00e7\u00e3o do Cadastro \u00danico","datePublished":"2023-06-19T18:41:29+00:00","dateModified":"2023-06-19T18:41:30+00:00","mainEntityOfPage":{"@id":"https:\/\/www.manaus.am.gov.br\/semasc\/prefeitura-de-manaus-orienta-usuarios-quanto-a-novos-documentos-obrigatorios-para-a-insercao-e-atualizacao-do-cadastro-unico\/"},"wordCount":636,"publisher":{"@id":"https:\/\/www.manaus.am.gov.br\/semasc\/#organization"},"image":{"@id":"https:\/\/www.manaus.am.gov.br\/semasc\/prefeitura-de-manaus-orienta-usuarios-quanto-a-novos-documentos-obrigatorios-para-a-insercao-e-atualizacao-do-cadastro-unico\/#primaryimage"},"thumbnailUrl":"https:\/\/www.manaus.am.gov.br\/semasc\/wp-content\/uploads\/sites\/17\/2023\/06\/52986482761_f3c46c448d_o-scaled.jpg","keywords":["Cadastro \u00danico","cad\u00fanico","cras","Di\u00e1rio Oficial da Uni\u00e3o","documento","DOU","Fam\u00edlia e Combate \u00e0 Fome","Francisco Cruz","governo federal","Minist\u00e9rio de Desenvolvimento e Assist\u00eancia Social","prefeitura de manaus","Semasc"],"articleSection":["Assist\u00eancia Social"],"inLanguage":"pt-BR"},{"@type":"WebPage","@id":"https:\/\/www.manaus.am.gov.br\/semasc\/prefeitura-de-manaus-orienta-usuarios-quanto-a-novos-documentos-obrigatorios-para-a-insercao-e-atualizacao-do-cadastro-unico\/","url":"https:\/\/www.manaus.am.gov.br\/semasc\/prefeitura-de-manaus-orienta-usuarios-quanto-a-novos-documentos-obrigatorios-para-a-insercao-e-atualizacao-do-cadastro-unico\/","name":"Prefeitura de Manaus orienta usu\u00e1rios quanto a novos documentos obrigat\u00f3rios para a inser\u00e7\u00e3o e atualiza\u00e7\u00e3o do Cadastro \u00danico - SEMASC","isPartOf":{"@id":"https:\/\/www.manaus.am.gov.br\/semasc\/#website"},"primaryImageOfPage":{"@id":"https:\/\/www.manaus.am.gov.br\/semasc\/prefeitura-de-manaus-orienta-usuarios-quanto-a-novos-documentos-obrigatorios-para-a-insercao-e-atualizacao-do-cadastro-unico\/#primaryimage"},"image":{"@id":"https:\/\/www.manaus.am.gov.br\/semasc\/prefeitura-de-manaus-orienta-usuarios-quanto-a-novos-documentos-obrigatorios-para-a-insercao-e-atualizacao-do-cadastro-unico\/#primaryimage"},"thumbnailUrl":"https:\/\/www.manaus.am.gov.br\/semasc\/wp-content\/uploads\/sites\/17\/2023\/06\/52986482761_f3c46c448d_o-scaled.jpg","datePublished":"2023-06-19T18:41:29+00:00","dateModified":"2023-06-19T18:41:30+00:00","description":"Seguindo as diretrizes publicadas e editadas pelo governo federal, por meio do Minist\u00e9rio de Desenvolvimento e Assist\u00eancia Social, Fam\u00edlia e Combate \u00e0 Fome (MDS), na Portaria n\u00ba 889, de 13 de junho de 2023, na edi\u00e7\u00e3o 111, do Di\u00e1rio Oficial da Uni\u00e3o (DOU), publicada na \u00faltima quarta-feira, 14\/6, a Prefeitura de Manaus, por meio da Secretaria Municipal da Mulher, Assist\u00eancia Social e Cidadania (Semasc), orienta a popula\u00e7\u00e3o quanto a determina\u00e7\u00e3o dos novos documentos obrigat\u00f3rios para a inser\u00e7\u00e3o e atualiza\u00e7\u00e3o do Cadastro \u00danico.","breadcrumb":{"@id":"https:\/\/www.manaus.am.gov.br\/semasc\/prefeitura-de-manaus-orienta-usuarios-quanto-a-novos-documentos-obrigatorios-para-a-insercao-e-atualizacao-do-cadastro-unico\/#breadcrumb"},"inLanguage":"pt-BR","potentialAction":[{"@type":"ReadAction","target":["https:\/\/www.manaus.am.gov.br\/semasc\/prefeitura-de-manaus-orienta-usuarios-quanto-a-novos-documentos-obrigatorios-para-a-insercao-e-atualizacao-do-cadastro-unico\/"]}]},{"@type":"ImageObject","inLanguage":"pt-BR","@id":"https:\/\/www.manaus.am.gov.br\/semasc\/prefeitura-de-manaus-orienta-usuarios-quanto-a-novos-documentos-obrigatorios-para-a-insercao-e-atualizacao-do-cadastro-unico\/#primaryimage","url":"https:\/\/www.manaus.am.gov.br\/semasc\/wp-content\/uploads\/sites\/17\/2023\/06\/52986482761_f3c46c448d_o-scaled.jpg","contentUrl":"https:\/\/www.manaus.am.gov.br\/semasc\/wp-content\/uploads\/sites\/17\/2023\/06\/52986482761_f3c46c448d_o-scaled.jpg","width":2560,"height":1707},{"@type":"BreadcrumbList","@id":"https:\/\/www.manaus.am.gov.br\/semasc\/prefeitura-de-manaus-orienta-usuarios-quanto-a-novos-documentos-obrigatorios-para-a-insercao-e-atualizacao-do-cadastro-unico\/#breadcrumb","itemListElement":[{"@type":"ListItem","position":1,"name":"Home","item":"https:\/\/www.manaus.am.gov.br\/semasc\/"},{"@type":"ListItem","position":2,"name":"Prefeitura de Manaus orienta usu\u00e1rios quanto a novos documentos obrigat\u00f3rios para a inser\u00e7\u00e3o e atualiza\u00e7\u00e3o do Cadastro \u00danico"}]},{"@type":"WebSite","@id":"https:\/\/www.manaus.am.gov.br\/semasc\/#website","url":"https:\/\/www.manaus.am.gov.br\/semasc\/","name":"SEMASC","description":"Secretaria Municipal da Mulher, Assist\u00eancia Social e Cidadania.","publisher":{"@id":"https:\/\/www.manaus.am.gov.br\/semasc\/#organization"},"alternateName":"Secretaria Municipal da Mulher, Assist\u00eancia Social e Cidadania","potentialAction":[{"@type":"SearchAction","target":{"@type":"EntryPoint","urlTemplate":"https:\/\/www.manaus.am.gov.br\/semasc\/?s={search_term_string}"},"query-input":"required name=search_term_string"}],"inLanguage":"pt-BR"},{"@type":"Organization","@id":"https:\/\/www.manaus.am.gov.br\/semasc\/#organization","name":"Prefeitura de Manaus","alternateName":"Prefeitura Municipal de Manaus","url":"https:\/\/www.manaus.am.gov.br\/semasc\/","logo":{"@type":"ImageObject","inLanguage":"pt-BR","@id":"https:\/\/www.manaus.am.gov.br\/semasc\/#\/schema\/logo\/image\/","url":"https:\/\/www.manaus.am.gov.br\/semasc\/wp-content\/uploads\/sites\/17\/2024\/07\/favicon.png","contentUrl":"https:\/\/www.manaus.am.gov.br\/semasc\/wp-content\/uploads\/sites\/17\/2024\/07\/favicon.png","width":300,"height":300,"caption":"Prefeitura de Manaus"},"image":{"@id":"https:\/\/www.manaus.am.gov.br\/semasc\/#\/schema\/logo\/image\/"},"sameAs":["https:\/\/www.facebook.com\/semascmanaus","https:\/\/www.instagram.com\/semascmanaus\/"]},{"@type":"Person","@id":"https:\/\/www.manaus.am.gov.br\/semasc\/#\/schema\/person\/d0a166b5031154c33c77794ddc9a827e","name":"Cl\u00e1udia Barbosa","image":{"@type":"ImageObject","inLanguage":"pt-BR","@id":"https:\/\/www.manaus.am.gov.br\/semasc\/#\/schema\/person\/image\/","url":"https:\/\/secure.gravatar.com\/avatar\/42958a1cf007f1a00534009218c72590?s=96&d=mm&r=g","contentUrl":"https:\/\/secure.gravatar.com\/avatar\/42958a1cf007f1a00534009218c72590?s=96&d=mm&r=g","caption":"Cl\u00e1udia Barbosa"}}]}},"_links":{"self":[{"href":"https:\/\/www.manaus.am.gov.br\/semasc\/wp-json\/wp\/v2\/posts\/207689"}],"collection":[{"href":"https:\/\/www.manaus.am.gov.br\/semasc\/wp-json\/wp\/v2\/posts"}],"about":[{"href":"https:\/\/www.manaus.am.gov.br\/semasc\/wp-json\/wp\/v2\/types\/post"}],"author":[{"embeddable":true,"href":"https:\/\/www.manaus.am.gov.br\/semasc\/wp-json\/wp\/v2\/users\/24"}],"replies":[{"embeddable":true,"href":"https:\/\/www.manaus.am.gov.br\/semasc\/wp-json\/wp\/v2\/comments?post=207689"}],"version-history":[{"count":0,"href":"https:\/\/www.manaus.am.gov.br\/semasc\/wp-json\/wp\/v2\/posts\/207689\/revisions"}],"wp:featuredmedia":[{"embeddable":true,"href":"https:\/\/www.manaus.am.gov.br\/semasc\/wp-json\/wp\/v2\/media\/207690"}],"wp:attachment":[{"href":"https:\/\/www.manaus.am.gov.br\/semasc\/wp-json\/wp\/v2\/media?parent=207689"}],"wp:term":[{"taxonomy":"category","embeddable":true,"href":"https:\/\/www.manaus.am.gov.br\/semasc\/wp-json\/wp\/v2\/categories?post=207689"},{"taxonomy":"post_tag","embeddable":true,"href":"https:\/\/www.manaus.am.gov.br\/semasc\/wp-json\/wp\/v2\/tags?post=207689"}],"curies":[{"name":"wp","href":"https:\/\/api.w.org\/{rel}","templated":true}]}}