{"id":207687,"date":"2023-06-17T16:48:57","date_gmt":"2023-06-17T20:48:57","guid":{"rendered":"https:\/\/www.manaus.am.gov.br\/semasc\/prefeitura-de-manaus-promove-manha-de-lazer-a-criancas-do-bairro-colonia-antonio-aleixo-neste-sabado\/"},"modified":"2023-06-17T16:48:58","modified_gmt":"2023-06-17T20:48:58","slug":"prefeitura-de-manaus-promove-manha-de-lazer-a-criancas-do-bairro-colonia-antonio-aleixo-neste-sabado","status":"publish","type":"post","link":"https:\/\/www.manaus.am.gov.br\/semasc\/prefeitura-de-manaus-promove-manha-de-lazer-a-criancas-do-bairro-colonia-antonio-aleixo-neste-sabado\/","title":{"rendered":"<strong>Prefeitura de Manaus promove manh\u00e3 de lazer a crian\u00e7as do bairro Col\u00f4nia Ant\u00f4nio Aleixo neste s\u00e1bado<\/strong>"},"content":{"rendered":"\n<p>Dando continuidade \u00e0s atividades da \u201cCampanha de Combate \u00e0 Explora\u00e7\u00e3o do Trabalho Infantojuvenil nas Ruas de Manaus\u201d, a Prefeitura de Manaus, por meio da Secretaria Municipal da Mulher, Assist\u00eancia Social e Cidadania (Semasc), realizou, neste s\u00e1bado, 17\/6, a a\u00e7\u00e3o \u201cRua de Lazer\u201d, promovendo atividades l\u00fadicas e recreativas voltadas \u00e0s fam\u00edlias moradoras do bairro Col\u00f4nia Ant\u00f4nio Aleixo, na zona Leste da capital.<\/p>\n\n\n\n<p>Ao longo de toda a manh\u00e3, uma s\u00e9rie de atividades totalmente gratuitas foi desenvolvida e ofertada a um p\u00fablico de mais de 500 moradores, com o objetivo de promover um momento de lazer acess\u00edvel \u00e0s fam\u00edlias da comunidade e o fortalecimento de v\u00ednculos comunit\u00e1rios na regi\u00e3o e seus entornos.<\/p>\n\n\n\n<p>&#8220;Voltamos novamente ao bairro Col\u00f4nia Ant\u00f4nio Aleixo para espalhar em alto e bom som nossa mensagem principal de que &#8216;crian\u00e7a n\u00e3o trabalha, crian\u00e7a d\u00e1 trabalho&#8217;, mas de um jeito diferente, mais leve e pr\u00f3ximo das fam\u00edlias que queremos atingir. O bairro Col\u00f4nia Ant\u00f4nio Aleixo \u00e9 a regi\u00e3o de Manaus com o maior \u00edndice de crian\u00e7as e adolescentes em situa\u00e7\u00e3o de trabalho infantil, por isso, hoje, decidimos trazer uma programa\u00e7\u00e3o em que essas fam\u00edlias pudessem passar o s\u00e1bado brincando, se divertindo, sendo crian\u00e7as e adolescentes do jeito certo, longe da explora\u00e7\u00e3o&#8221;, explicou o secret\u00e1rio da Semasc, Eduardo Lucas.<\/p>\n\n\n\n<p>Com um pequeno trecho entre a avenida Get\u00falio Vargas e as ruas Nova Rep\u00fablica e Alberto Campainha devidamente interditado pelas equipes do Instituto Municipal de Mobilidade Urbana (IMMU), a \u201cRua de Lazer\u201d levou ao p\u00fablico uma programa\u00e7\u00e3o diversa e recheada de atividades, como torneios de futebol infantojuvenil com premia\u00e7\u00f5es, corrida de saco entre pais e filhos, cabo de guerra, pintura facial para todas as idades, partidas de queimada para o p\u00fablico adolescente, brinquedos infl\u00e1veis, apresenta\u00e7\u00f5es musicais e muito mais, realizadas em parceria com a Funda\u00e7\u00e3o Manaus Esporte (FME), a Secretaria Municipal de Limpeza Urbana (Semulsp), a Secretaria Municipal de Educa\u00e7\u00e3o (Semed) e Organiza\u00e7\u00f5es da Sociedade Civil (OSCs) parceiras.<\/p>\n\n\n\n<p>Quem aproveitou bastante a manh\u00e3 foi o lavador M\u00e1rcio da Silva, pai da pequena M\u00e1rcia, de 4 anos, que ganhou uma boneca de brinquedo, ap\u00f3s participar de umas das din\u00e2micas realizadas na a\u00e7\u00e3o.<\/p>\n\n\n\n<p>&#8220;Eu jamais imaginaria ver a Col\u00f4nia Ant\u00f4nio Aleixo t\u00e3o alegre, t\u00e3o viva, t\u00e3o bonita, como hoje. \u00c9 uma satisfa\u00e7\u00e3o poder ver minha filha brincando, ganhando uma bonequinha para levar para casa, sendo feliz mesmo, sabe? \u00c9 maravilhoso, muito obrigado!&#8221;, afirmou M\u00e1rcio.<\/p>\n\n\n\n<p>De acordo com a gerente do Programa de Erradica\u00e7\u00e3o do Trabalho Infantil (Peti) na Semasc, Geszimar da Silva, momentos como a &#8220;Rua de Lazer&#8221; s\u00e3o fundamentais para a efetividade das pol\u00edticas de enfrentamento \u00e0 explora\u00e7\u00e3o de crian\u00e7as e adolescentes, pois, al\u00e9m de oferecerem uma \u201cquebra\u201d na rotina dessas fam\u00edlias, tamb\u00e9m serve como reflex\u00e3o para tudo aquilo que se \u00e9 perdido ao expor uma crian\u00e7a a situa\u00e7\u00f5es que apresentem risco social.<\/p>\n\n\n\n<p>&#8220;Estamos trabalhando desde fevereiro uma tem\u00e1tica muito s\u00e9ria, grave e impactante, ent\u00e3o, hoje, decidimos promover um momento um pouco mais leve e alegre, o que tamb\u00e9m \u00e9 promo\u00e7\u00e3o de direitos. Estamos garantindo a essas fam\u00edlias e seus filhos o direito ao lazer e a uma inf\u00e2ncia que toda crian\u00e7a deveria ter. Ao mostrar para essas pessoas tudo o que se pode viver em espa\u00e7os como esse, saud\u00e1veis, mostramos tamb\u00e9m, ainda que por consequ\u00eancia, as coisas que elas n\u00e3o viveriam expondo seus filhos \u00e0 situa\u00e7\u00e3o de mendic\u00e2ncia. Essa conscientiza\u00e7\u00e3o \u00e9 a principal miss\u00e3o da Prefeitura de Manaus aqui&#8221;, detalhou Geszimar.<\/p>\n\n\n\n<p><strong>Resultados<\/strong><\/p>\n\n\n\n<p>Quem tamb\u00e9m esteve presente na &#8220;Rua de Lazer&#8221; foi Stephane dos Santos de Assis e sua fam\u00edlia. Atualmente dona de casa, Stephane, junto de seu marido S\u00e9rgio Silva, e das tr\u00eas filhas, com idades entre 7 meses e 6 anos, faz parte de uma das centenas de fam\u00edlias identificadas e abordadas nas sinaleiras da cidade pela &#8220;Campanha de Combate \u00e0 Explora\u00e7\u00e3o do Trabalho Infantojuvenil nas Ruas de Manaus&#8221; no in\u00edcio deste ano.<\/p>\n\n\n\n<p>Ap\u00f3s o encaminhamento aos servi\u00e7os e pol\u00edticas p\u00fablicas desenvolvidas e ofertadas pelos mais de 20 parceiros da campanha, a fam\u00edlia toda teve acesso \u00e0 emiss\u00e3o de documenta\u00e7\u00e3o b\u00e1sica, inser\u00e7\u00e3o no Cadastro \u00danico, inscri\u00e7\u00e3o para o recebimento do benef\u00edcio Bolsa Fam\u00edlia, matr\u00edcula da filha mais velha do casal em uma escola municipal para dar in\u00edcio aos estudos, al\u00e9m da inclus\u00e3o de S\u00e9rgio no projeto \u201cPassaporte Para a Inclus\u00e3o Social\u201d, garantindo-lhe um trabalho de quatro horas di\u00e1rias na Cozinha Comunit\u00e1ria do bairro e a certeza de que sua fam\u00edlia n\u00e3o voltaria para as ruas da cidade.<\/p>\n\n\n\n<p>&#8220;Muita coisa mudou desde que fomos abordados pelas equipes da campanha. N\u00e3o t\u00ednhamos de onde tirar nada, n\u00e3o receb\u00edamos qualquer tipo de aux\u00edlio e minha filha mais velha ainda n\u00e3o tinha come\u00e7ado a estudar por causa da nossa condi\u00e7\u00e3o, ent\u00e3o o jeito era ir para as ruas e pedir ajuda. Hoje conseguimos pagar nosso aluguel,&nbsp; comprar nossa comida, cuidar das nossas filhas, tudo diferente, gra\u00e7as a Deus&#8221;, afirmou Stephane.<\/p>\n\n\n\n<p>Para Cl\u00edcia Simone, gerente dos Servi\u00e7os Especializados em Abordagem Social, a sa\u00edda de Stephane e de sua fam\u00edlia das ruas \u00e9 o perfeito exemplo do objetivo central da campanha devidamente cumprido, representando o ciclo completo dos atendimentos desenvolvidos pelas equipes de abordagem social da prefeitura e de seus parceiros.<\/p>\n\n\n\n<p>&#8220;J\u00e1 n\u00e3o vemos mais a Stephane e suas filhas nas ruas, pois conseguimos proporcionar todas as oportunidades que essa fam\u00edlia necessitava para sair desse contexto.&nbsp; \u00c9 o retorno de todo o trabalho realizado pela campanha n\u00e3o apenas com ela, mas com outras fam\u00edlias que j\u00e1 se encontram nesse processo de sa\u00edda das ruas&#8221;, explicou.<\/p>\n\n\n\n<p><strong>Parceiros da campanha<\/strong><\/p>\n\n\n\n<p>Com mais de 20 secretarias, entidades e \u00f3rg\u00e3os parceiros, a \u201cCampanha de Combate \u00e0 Explora\u00e7\u00e3o do Trabalho Infantil nas Ruas de Manaus\u201d \u00e9 a maior j\u00e1 desenvolvida pela Prefeitura de Manaus no combate ao trabalho infantil e uma das mais importantes campanhas socioassistenciais j\u00e1 desenvolvidas pelo poder p\u00fablico municipal.<\/p>\n\n\n\n<p>S\u00e3o parceiros: Secretaria Municipal de Educa\u00e7\u00e3o (Semed), Secretaria Municipal de Sa\u00fade (Semsa), Secretaria Municipal do Trabalho, Empreendedorismo e Inova\u00e7\u00e3o (Semtepi), Secretaria de Estado de Justi\u00e7a, Direitos Humanos e Cidadania (Sejusc), Conselho Tutelar, F\u00f3rum Estadual de Preven\u00e7\u00e3o e Erradica\u00e7\u00e3o do Trabalho Infantil e Prote\u00e7\u00e3o ao Trabalho do Adolescente no Amazonas (Fepeti-AM), Secretaria de Seguran\u00e7a P\u00fablica do Estado do Amazonas (SSP-AM), Minist\u00e9rio P\u00fablico do Trabalho (MPT-AM), Minist\u00e9rio P\u00fablico do Estado do Amazonas (MPE-AM), Conselho Municipal dos Direitos da Crian\u00e7a e do Adolescente (CMDCA), Secretaria de Estado de Sa\u00fade (SES), Secretaria de Estado de Assist\u00eancia Social (Seas), Defensoria P\u00fablica do Estado do Amazonas (DPE-AM), Tribunal de Justi\u00e7a do Estado do Amazonas (TJAM), Ag\u00eancia da ONU para Refugiados (Acnur), o Fundo das Na\u00e7\u00f5es Unidas para a Inf\u00e2ncia (Unicef), Amazonas Shopping e representantes de Organiza\u00e7\u00f5es da Sociedade Civil (OSCs).<\/p>\n\n\n\n<p>&#8212; &#8212; \u2013<\/p>\n\n\n\n<p><strong>Texto<\/strong>&nbsp;&#8211; Guilherme Ara\u00fajo Pacheco \/ Semasc<\/p>\n\n\n\n<p><strong>Fotos<\/strong>&nbsp;&#8211; Cl\u00f3vis Miranda \/ Semcom<\/p>\n\n\n\n<p><strong>Dispon\u00edveis em<\/strong>&nbsp;&#8211;&nbsp;<a href=\"https:\/\/flic.kr\/s\/aHBqjAJ9dg\" target=\"_blank\" rel=\"noreferrer noopener\">https:\/\/flic.kr\/s\/aHBqjAJ9dg<\/a><\/p>\n","protected":false},"excerpt":{"rendered":"","protected":false},"author":23,"featured_media":207688,"comment_status":"closed","ping_status":"closed","sticky":false,"template":"","format":"standard","meta":{"footnotes":""},"categories":[131],"tags":[129,145,146,7,147,18],"acf":[],"yoast_head":"<!-- This site is optimized with the Yoast SEO plugin v23.0 - https:\/\/yoast.com\/wordpress\/plugins\/seo\/ -->\n<title>Prefeitura de Manaus promove manh\u00e3 de lazer a crian\u00e7as do bairro Col\u00f4nia Ant\u00f4nio Aleixo neste s\u00e1bado<\/title>\n<meta name=\"description\" content=\"Dando continuidade \u00e0s atividades da \u201cCampanha de Combate \u00e0 Explora\u00e7\u00e3o do Trabalho Infantojuvenil nas Ruas de Manaus\u201d, a Prefeitura de Manaus, por meio da Secretaria Municipal da Mulher, Assist\u00eancia Social e Cidadania (Semasc), realizou, neste s\u00e1bado, 17\/6, a a\u00e7\u00e3o \u201cRua de Lazer\u201d, promovendo atividades l\u00fadicas e recreativas voltadas \u00e0s fam\u00edlias moradoras do bairro Col\u00f4nia Ant\u00f4nio Aleixo, na zona Leste da capital.\" \/>\n<meta name=\"robots\" content=\"noindex, follow\" \/>\n<meta property=\"og:locale\" content=\"pt_BR\" \/>\n<meta property=\"og:type\" content=\"article\" \/>\n<meta property=\"og:title\" content=\"Prefeitura de Manaus promove manh\u00e3 de lazer a crian\u00e7as do bairro Col\u00f4nia Ant\u00f4nio Aleixo neste s\u00e1bado\" \/>\n<meta property=\"og:description\" content=\"Dando continuidade \u00e0s atividades da \u201cCampanha de Combate \u00e0 Explora\u00e7\u00e3o do Trabalho Infantojuvenil nas Ruas de Manaus\u201d, a Prefeitura de Manaus, por meio da Secretaria Municipal da Mulher, Assist\u00eancia Social e Cidadania (Semasc), realizou, neste s\u00e1bado, 17\/6, a a\u00e7\u00e3o \u201cRua de Lazer\u201d, promovendo atividades l\u00fadicas e recreativas voltadas \u00e0s fam\u00edlias moradoras do bairro Col\u00f4nia Ant\u00f4nio Aleixo, na zona Leste da capital.\" \/>\n<meta property=\"og:url\" content=\"https:\/\/www.manaus.am.gov.br\/semasc\/prefeitura-de-manaus-promove-manha-de-lazer-a-criancas-do-bairro-colonia-antonio-aleixo-neste-sabado\/\" \/>\n<meta property=\"og:site_name\" content=\"SEMASC\" \/>\n<meta property=\"article:publisher\" content=\"https:\/\/www.facebook.com\/semascmanaus\" \/>\n<meta property=\"article:published_time\" content=\"2023-06-17T20:48:57+00:00\" \/>\n<meta property=\"article:modified_time\" content=\"2023-06-17T20:48:58+00:00\" \/>\n<meta property=\"og:image\" content=\"https:\/\/www.manaus.am.gov.br\/semasc\/wp-content\/uploads\/sites\/17\/2023\/06\/52981556110_f3679ca1c6_c.jpg\" \/>\n\t<meta property=\"og:image:width\" content=\"799\" \/>\n\t<meta property=\"og:image:height\" content=\"533\" \/>\n\t<meta property=\"og:image:type\" content=\"image\/jpeg\" \/>\n<meta name=\"author\" content=\"Adriana Costa\" \/>\n<meta name=\"twitter:card\" content=\"summary_large_image\" \/>\n<meta name=\"twitter:label1\" content=\"Written by\" \/>\n\t<meta name=\"twitter:data1\" content=\"Adriana Costa\" \/>\n\t<meta name=\"twitter:label2\" content=\"Est. reading time\" \/>\n\t<meta name=\"twitter:data2\" content=\"7 minutos\" \/>\n<script type=\"application\/ld+json\" class=\"yoast-schema-graph\">{\"@context\":\"https:\/\/schema.org\",\"@graph\":[{\"@type\":\"Article\",\"@id\":\"https:\/\/www.manaus.am.gov.br\/semasc\/prefeitura-de-manaus-promove-manha-de-lazer-a-criancas-do-bairro-colonia-antonio-aleixo-neste-sabado\/#article\",\"isPartOf\":{\"@id\":\"https:\/\/www.manaus.am.gov.br\/semasc\/prefeitura-de-manaus-promove-manha-de-lazer-a-criancas-do-bairro-colonia-antonio-aleixo-neste-sabado\/\"},\"author\":{\"name\":\"Adriana Costa\",\"@id\":\"https:\/\/www.manaus.am.gov.br\/semasc\/#\/schema\/person\/4e49f4e267757a06ca072ec61b2b9968\"},\"headline\":\"Prefeitura de Manaus promove manh\u00e3 de lazer a crian\u00e7as do bairro Col\u00f4nia Ant\u00f4nio Aleixo neste s\u00e1bado\",\"datePublished\":\"2023-06-17T20:48:57+00:00\",\"dateModified\":\"2023-06-17T20:48:58+00:00\",\"mainEntityOfPage\":{\"@id\":\"https:\/\/www.manaus.am.gov.br\/semasc\/prefeitura-de-manaus-promove-manha-de-lazer-a-criancas-do-bairro-colonia-antonio-aleixo-neste-sabado\/\"},\"wordCount\":1271,\"publisher\":{\"@id\":\"https:\/\/www.manaus.am.gov.br\/semasc\/#organization\"},\"image\":{\"@id\":\"https:\/\/www.manaus.am.gov.br\/semasc\/prefeitura-de-manaus-promove-manha-de-lazer-a-criancas-do-bairro-colonia-antonio-aleixo-neste-sabado\/#primaryimage\"},\"thumbnailUrl\":\"https:\/\/www.manaus.am.gov.br\/semasc\/wp-content\/uploads\/sites\/17\/2023\/06\/52981556110_f3679ca1c6_c.jpg\",\"keywords\":[\"campanha\",\"Col\u00f4nia Ant\u00f4nio Aleixo\",\"combate \u00e0 explora\u00e7\u00e3o do trabalho infantojuvenil\",\"prefeitura de manaus\",\"ruas de lazer\",\"Semasc\"],\"articleSection\":[\"A\u00e7\u00e3o\"],\"inLanguage\":\"pt-BR\"},{\"@type\":\"WebPage\",\"@id\":\"https:\/\/www.manaus.am.gov.br\/semasc\/prefeitura-de-manaus-promove-manha-de-lazer-a-criancas-do-bairro-colonia-antonio-aleixo-neste-sabado\/\",\"url\":\"https:\/\/www.manaus.am.gov.br\/semasc\/prefeitura-de-manaus-promove-manha-de-lazer-a-criancas-do-bairro-colonia-antonio-aleixo-neste-sabado\/\",\"name\":\"Prefeitura de Manaus promove manh\u00e3 de lazer a crian\u00e7as do bairro Col\u00f4nia Ant\u00f4nio Aleixo neste s\u00e1bado\",\"isPartOf\":{\"@id\":\"https:\/\/www.manaus.am.gov.br\/semasc\/#website\"},\"primaryImageOfPage\":{\"@id\":\"https:\/\/www.manaus.am.gov.br\/semasc\/prefeitura-de-manaus-promove-manha-de-lazer-a-criancas-do-bairro-colonia-antonio-aleixo-neste-sabado\/#primaryimage\"},\"image\":{\"@id\":\"https:\/\/www.manaus.am.gov.br\/semasc\/prefeitura-de-manaus-promove-manha-de-lazer-a-criancas-do-bairro-colonia-antonio-aleixo-neste-sabado\/#primaryimage\"},\"thumbnailUrl\":\"https:\/\/www.manaus.am.gov.br\/semasc\/wp-content\/uploads\/sites\/17\/2023\/06\/52981556110_f3679ca1c6_c.jpg\",\"datePublished\":\"2023-06-17T20:48:57+00:00\",\"dateModified\":\"2023-06-17T20:48:58+00:00\",\"description\":\"Dando continuidade \u00e0s atividades da \u201cCampanha de Combate \u00e0 Explora\u00e7\u00e3o do Trabalho Infantojuvenil nas Ruas de Manaus\u201d, a Prefeitura de Manaus, por meio da Secretaria Municipal da Mulher, Assist\u00eancia Social e Cidadania (Semasc), realizou, neste s\u00e1bado, 17\/6, a a\u00e7\u00e3o \u201cRua de Lazer\u201d, promovendo atividades l\u00fadicas e recreativas voltadas \u00e0s fam\u00edlias moradoras do bairro Col\u00f4nia Ant\u00f4nio Aleixo, na zona Leste da capital.\",\"breadcrumb\":{\"@id\":\"https:\/\/www.manaus.am.gov.br\/semasc\/prefeitura-de-manaus-promove-manha-de-lazer-a-criancas-do-bairro-colonia-antonio-aleixo-neste-sabado\/#breadcrumb\"},\"inLanguage\":\"pt-BR\",\"potentialAction\":[{\"@type\":\"ReadAction\",\"target\":[\"https:\/\/www.manaus.am.gov.br\/semasc\/prefeitura-de-manaus-promove-manha-de-lazer-a-criancas-do-bairro-colonia-antonio-aleixo-neste-sabado\/\"]}]},{\"@type\":\"ImageObject\",\"inLanguage\":\"pt-BR\",\"@id\":\"https:\/\/www.manaus.am.gov.br\/semasc\/prefeitura-de-manaus-promove-manha-de-lazer-a-criancas-do-bairro-colonia-antonio-aleixo-neste-sabado\/#primaryimage\",\"url\":\"https:\/\/www.manaus.am.gov.br\/semasc\/wp-content\/uploads\/sites\/17\/2023\/06\/52981556110_f3679ca1c6_c.jpg\",\"contentUrl\":\"https:\/\/www.manaus.am.gov.br\/semasc\/wp-content\/uploads\/sites\/17\/2023\/06\/52981556110_f3679ca1c6_c.jpg\",\"width\":799,\"height\":533},{\"@type\":\"BreadcrumbList\",\"@id\":\"https:\/\/www.manaus.am.gov.br\/semasc\/prefeitura-de-manaus-promove-manha-de-lazer-a-criancas-do-bairro-colonia-antonio-aleixo-neste-sabado\/#breadcrumb\",\"itemListElement\":[{\"@type\":\"ListItem\",\"position\":1,\"name\":\"Home\",\"item\":\"https:\/\/www.manaus.am.gov.br\/semasc\/\"},{\"@type\":\"ListItem\",\"position\":2,\"name\":\"Prefeitura de Manaus promove manh\u00e3 de lazer a crian\u00e7as do bairro Col\u00f4nia Ant\u00f4nio Aleixo neste s\u00e1bado\"}]},{\"@type\":\"WebSite\",\"@id\":\"https:\/\/www.manaus.am.gov.br\/semasc\/#website\",\"url\":\"https:\/\/www.manaus.am.gov.br\/semasc\/\",\"name\":\"SEMASC\",\"description\":\"Secretaria Municipal da Mulher, Assist\u00eancia Social e Cidadania.\",\"publisher\":{\"@id\":\"https:\/\/www.manaus.am.gov.br\/semasc\/#organization\"},\"alternateName\":\"Secretaria Municipal da Mulher, Assist\u00eancia Social e Cidadania\",\"potentialAction\":[{\"@type\":\"SearchAction\",\"target\":{\"@type\":\"EntryPoint\",\"urlTemplate\":\"https:\/\/www.manaus.am.gov.br\/semasc\/?s={search_term_string}\"},\"query-input\":\"required name=search_term_string\"}],\"inLanguage\":\"pt-BR\"},{\"@type\":\"Organization\",\"@id\":\"https:\/\/www.manaus.am.gov.br\/semasc\/#organization\",\"name\":\"Prefeitura de Manaus\",\"alternateName\":\"Prefeitura Municipal de Manaus\",\"url\":\"https:\/\/www.manaus.am.gov.br\/semasc\/\",\"logo\":{\"@type\":\"ImageObject\",\"inLanguage\":\"pt-BR\",\"@id\":\"https:\/\/www.manaus.am.gov.br\/semasc\/#\/schema\/logo\/image\/\",\"url\":\"https:\/\/www.manaus.am.gov.br\/semasc\/wp-content\/uploads\/sites\/17\/2024\/07\/favicon.png\",\"contentUrl\":\"https:\/\/www.manaus.am.gov.br\/semasc\/wp-content\/uploads\/sites\/17\/2024\/07\/favicon.png\",\"width\":300,\"height\":300,\"caption\":\"Prefeitura de Manaus\"},\"image\":{\"@id\":\"https:\/\/www.manaus.am.gov.br\/semasc\/#\/schema\/logo\/image\/\"},\"sameAs\":[\"https:\/\/www.facebook.com\/semascmanaus\",\"https:\/\/www.instagram.com\/semascmanaus\/\"]},{\"@type\":\"Person\",\"@id\":\"https:\/\/www.manaus.am.gov.br\/semasc\/#\/schema\/person\/4e49f4e267757a06ca072ec61b2b9968\",\"name\":\"Adriana Costa\",\"image\":{\"@type\":\"ImageObject\",\"inLanguage\":\"pt-BR\",\"@id\":\"https:\/\/www.manaus.am.gov.br\/semasc\/#\/schema\/person\/image\/\",\"url\":\"https:\/\/secure.gravatar.com\/avatar\/576258617ef7194f718179e766d57bd4?s=96&d=mm&r=g\",\"contentUrl\":\"https:\/\/secure.gravatar.com\/avatar\/576258617ef7194f718179e766d57bd4?s=96&d=mm&r=g\",\"caption\":\"Adriana Costa\"}}]}<\/script>\n<!-- \/ Yoast SEO plugin. -->","yoast_head_json":{"title":"Prefeitura de Manaus promove manh\u00e3 de lazer a crian\u00e7as do bairro Col\u00f4nia Ant\u00f4nio Aleixo neste s\u00e1bado","description":"Dando continuidade \u00e0s atividades da \u201cCampanha de Combate \u00e0 Explora\u00e7\u00e3o do Trabalho Infantojuvenil nas Ruas de Manaus\u201d, a Prefeitura de Manaus, por meio da Secretaria Municipal da Mulher, Assist\u00eancia Social e Cidadania (Semasc), realizou, neste s\u00e1bado, 17\/6, a a\u00e7\u00e3o \u201cRua de Lazer\u201d, promovendo atividades l\u00fadicas e recreativas voltadas \u00e0s fam\u00edlias moradoras do bairro Col\u00f4nia Ant\u00f4nio Aleixo, na zona Leste da capital.","robots":{"index":"noindex","follow":"follow"},"og_locale":"pt_BR","og_type":"article","og_title":"Prefeitura de Manaus promove manh\u00e3 de lazer a crian\u00e7as do bairro Col\u00f4nia Ant\u00f4nio Aleixo neste s\u00e1bado","og_description":"Dando continuidade \u00e0s atividades da \u201cCampanha de Combate \u00e0 Explora\u00e7\u00e3o do Trabalho Infantojuvenil nas Ruas de Manaus\u201d, a Prefeitura de Manaus, por meio da Secretaria Municipal da Mulher, Assist\u00eancia Social e Cidadania (Semasc), realizou, neste s\u00e1bado, 17\/6, a a\u00e7\u00e3o \u201cRua de Lazer\u201d, promovendo atividades l\u00fadicas e recreativas voltadas \u00e0s fam\u00edlias moradoras do bairro Col\u00f4nia Ant\u00f4nio Aleixo, na zona Leste da capital.","og_url":"https:\/\/www.manaus.am.gov.br\/semasc\/prefeitura-de-manaus-promove-manha-de-lazer-a-criancas-do-bairro-colonia-antonio-aleixo-neste-sabado\/","og_site_name":"SEMASC","article_publisher":"https:\/\/www.facebook.com\/semascmanaus","article_published_time":"2023-06-17T20:48:57+00:00","article_modified_time":"2023-06-17T20:48:58+00:00","og_image":[{"width":799,"height":533,"url":"https:\/\/www.manaus.am.gov.br\/semasc\/wp-content\/uploads\/sites\/17\/2023\/06\/52981556110_f3679ca1c6_c.jpg","type":"image\/jpeg"}],"author":"Adriana Costa","twitter_card":"summary_large_image","twitter_misc":{"Written by":"Adriana Costa","Est. reading time":"7 minutos"},"schema":{"@context":"https:\/\/schema.org","@graph":[{"@type":"Article","@id":"https:\/\/www.manaus.am.gov.br\/semasc\/prefeitura-de-manaus-promove-manha-de-lazer-a-criancas-do-bairro-colonia-antonio-aleixo-neste-sabado\/#article","isPartOf":{"@id":"https:\/\/www.manaus.am.gov.br\/semasc\/prefeitura-de-manaus-promove-manha-de-lazer-a-criancas-do-bairro-colonia-antonio-aleixo-neste-sabado\/"},"author":{"name":"Adriana Costa","@id":"https:\/\/www.manaus.am.gov.br\/semasc\/#\/schema\/person\/4e49f4e267757a06ca072ec61b2b9968"},"headline":"Prefeitura de Manaus promove manh\u00e3 de lazer a crian\u00e7as do bairro Col\u00f4nia Ant\u00f4nio Aleixo neste s\u00e1bado","datePublished":"2023-06-17T20:48:57+00:00","dateModified":"2023-06-17T20:48:58+00:00","mainEntityOfPage":{"@id":"https:\/\/www.manaus.am.gov.br\/semasc\/prefeitura-de-manaus-promove-manha-de-lazer-a-criancas-do-bairro-colonia-antonio-aleixo-neste-sabado\/"},"wordCount":1271,"publisher":{"@id":"https:\/\/www.manaus.am.gov.br\/semasc\/#organization"},"image":{"@id":"https:\/\/www.manaus.am.gov.br\/semasc\/prefeitura-de-manaus-promove-manha-de-lazer-a-criancas-do-bairro-colonia-antonio-aleixo-neste-sabado\/#primaryimage"},"thumbnailUrl":"https:\/\/www.manaus.am.gov.br\/semasc\/wp-content\/uploads\/sites\/17\/2023\/06\/52981556110_f3679ca1c6_c.jpg","keywords":["campanha","Col\u00f4nia Ant\u00f4nio Aleixo","combate \u00e0 explora\u00e7\u00e3o do trabalho infantojuvenil","prefeitura de manaus","ruas de lazer","Semasc"],"articleSection":["A\u00e7\u00e3o"],"inLanguage":"pt-BR"},{"@type":"WebPage","@id":"https:\/\/www.manaus.am.gov.br\/semasc\/prefeitura-de-manaus-promove-manha-de-lazer-a-criancas-do-bairro-colonia-antonio-aleixo-neste-sabado\/","url":"https:\/\/www.manaus.am.gov.br\/semasc\/prefeitura-de-manaus-promove-manha-de-lazer-a-criancas-do-bairro-colonia-antonio-aleixo-neste-sabado\/","name":"Prefeitura de Manaus promove manh\u00e3 de lazer a crian\u00e7as do bairro Col\u00f4nia Ant\u00f4nio Aleixo neste s\u00e1bado","isPartOf":{"@id":"https:\/\/www.manaus.am.gov.br\/semasc\/#website"},"primaryImageOfPage":{"@id":"https:\/\/www.manaus.am.gov.br\/semasc\/prefeitura-de-manaus-promove-manha-de-lazer-a-criancas-do-bairro-colonia-antonio-aleixo-neste-sabado\/#primaryimage"},"image":{"@id":"https:\/\/www.manaus.am.gov.br\/semasc\/prefeitura-de-manaus-promove-manha-de-lazer-a-criancas-do-bairro-colonia-antonio-aleixo-neste-sabado\/#primaryimage"},"thumbnailUrl":"https:\/\/www.manaus.am.gov.br\/semasc\/wp-content\/uploads\/sites\/17\/2023\/06\/52981556110_f3679ca1c6_c.jpg","datePublished":"2023-06-17T20:48:57+00:00","dateModified":"2023-06-17T20:48:58+00:00","description":"Dando continuidade \u00e0s atividades da \u201cCampanha de Combate \u00e0 Explora\u00e7\u00e3o do Trabalho Infantojuvenil nas Ruas de Manaus\u201d, a Prefeitura de Manaus, por meio da Secretaria Municipal da Mulher, Assist\u00eancia Social e Cidadania (Semasc), realizou, neste s\u00e1bado, 17\/6, a a\u00e7\u00e3o \u201cRua de Lazer\u201d, promovendo atividades l\u00fadicas e recreativas voltadas \u00e0s fam\u00edlias moradoras do bairro Col\u00f4nia Ant\u00f4nio Aleixo, na zona Leste da capital.","breadcrumb":{"@id":"https:\/\/www.manaus.am.gov.br\/semasc\/prefeitura-de-manaus-promove-manha-de-lazer-a-criancas-do-bairro-colonia-antonio-aleixo-neste-sabado\/#breadcrumb"},"inLanguage":"pt-BR","potentialAction":[{"@type":"ReadAction","target":["https:\/\/www.manaus.am.gov.br\/semasc\/prefeitura-de-manaus-promove-manha-de-lazer-a-criancas-do-bairro-colonia-antonio-aleixo-neste-sabado\/"]}]},{"@type":"ImageObject","inLanguage":"pt-BR","@id":"https:\/\/www.manaus.am.gov.br\/semasc\/prefeitura-de-manaus-promove-manha-de-lazer-a-criancas-do-bairro-colonia-antonio-aleixo-neste-sabado\/#primaryimage","url":"https:\/\/www.manaus.am.gov.br\/semasc\/wp-content\/uploads\/sites\/17\/2023\/06\/52981556110_f3679ca1c6_c.jpg","contentUrl":"https:\/\/www.manaus.am.gov.br\/semasc\/wp-content\/uploads\/sites\/17\/2023\/06\/52981556110_f3679ca1c6_c.jpg","width":799,"height":533},{"@type":"BreadcrumbList","@id":"https:\/\/www.manaus.am.gov.br\/semasc\/prefeitura-de-manaus-promove-manha-de-lazer-a-criancas-do-bairro-colonia-antonio-aleixo-neste-sabado\/#breadcrumb","itemListElement":[{"@type":"ListItem","position":1,"name":"Home","item":"https:\/\/www.manaus.am.gov.br\/semasc\/"},{"@type":"ListItem","position":2,"name":"Prefeitura de Manaus promove manh\u00e3 de lazer a crian\u00e7as do bairro Col\u00f4nia Ant\u00f4nio Aleixo neste s\u00e1bado"}]},{"@type":"WebSite","@id":"https:\/\/www.manaus.am.gov.br\/semasc\/#website","url":"https:\/\/www.manaus.am.gov.br\/semasc\/","name":"SEMASC","description":"Secretaria Municipal da Mulher, Assist\u00eancia Social e Cidadania.","publisher":{"@id":"https:\/\/www.manaus.am.gov.br\/semasc\/#organization"},"alternateName":"Secretaria Municipal da Mulher, Assist\u00eancia Social e Cidadania","potentialAction":[{"@type":"SearchAction","target":{"@type":"EntryPoint","urlTemplate":"https:\/\/www.manaus.am.gov.br\/semasc\/?s={search_term_string}"},"query-input":"required name=search_term_string"}],"inLanguage":"pt-BR"},{"@type":"Organization","@id":"https:\/\/www.manaus.am.gov.br\/semasc\/#organization","name":"Prefeitura de Manaus","alternateName":"Prefeitura Municipal de Manaus","url":"https:\/\/www.manaus.am.gov.br\/semasc\/","logo":{"@type":"ImageObject","inLanguage":"pt-BR","@id":"https:\/\/www.manaus.am.gov.br\/semasc\/#\/schema\/logo\/image\/","url":"https:\/\/www.manaus.am.gov.br\/semasc\/wp-content\/uploads\/sites\/17\/2024\/07\/favicon.png","contentUrl":"https:\/\/www.manaus.am.gov.br\/semasc\/wp-content\/uploads\/sites\/17\/2024\/07\/favicon.png","width":300,"height":300,"caption":"Prefeitura de Manaus"},"image":{"@id":"https:\/\/www.manaus.am.gov.br\/semasc\/#\/schema\/logo\/image\/"},"sameAs":["https:\/\/www.facebook.com\/semascmanaus","https:\/\/www.instagram.com\/semascmanaus\/"]},{"@type":"Person","@id":"https:\/\/www.manaus.am.gov.br\/semasc\/#\/schema\/person\/4e49f4e267757a06ca072ec61b2b9968","name":"Adriana Costa","image":{"@type":"ImageObject","inLanguage":"pt-BR","@id":"https:\/\/www.manaus.am.gov.br\/semasc\/#\/schema\/person\/image\/","url":"https:\/\/secure.gravatar.com\/avatar\/576258617ef7194f718179e766d57bd4?s=96&d=mm&r=g","contentUrl":"https:\/\/secure.gravatar.com\/avatar\/576258617ef7194f718179e766d57bd4?s=96&d=mm&r=g","caption":"Adriana Costa"}}]}},"_links":{"self":[{"href":"https:\/\/www.manaus.am.gov.br\/semasc\/wp-json\/wp\/v2\/posts\/207687"}],"collection":[{"href":"https:\/\/www.manaus.am.gov.br\/semasc\/wp-json\/wp\/v2\/posts"}],"about":[{"href":"https:\/\/www.manaus.am.gov.br\/semasc\/wp-json\/wp\/v2\/types\/post"}],"author":[{"embeddable":true,"href":"https:\/\/www.manaus.am.gov.br\/semasc\/wp-json\/wp\/v2\/users\/23"}],"replies":[{"embeddable":true,"href":"https:\/\/www.manaus.am.gov.br\/semasc\/wp-json\/wp\/v2\/comments?post=207687"}],"version-history":[{"count":0,"href":"https:\/\/www.manaus.am.gov.br\/semasc\/wp-json\/wp\/v2\/posts\/207687\/revisions"}],"wp:featuredmedia":[{"embeddable":true,"href":"https:\/\/www.manaus.am.gov.br\/semasc\/wp-json\/wp\/v2\/media\/207688"}],"wp:attachment":[{"href":"https:\/\/www.manaus.am.gov.br\/semasc\/wp-json\/wp\/v2\/media?parent=207687"}],"wp:term":[{"taxonomy":"category","embeddable":true,"href":"https:\/\/www.manaus.am.gov.br\/semasc\/wp-json\/wp\/v2\/categories?post=207687"},{"taxonomy":"post_tag","embeddable":true,"href":"https:\/\/www.manaus.am.gov.br\/semasc\/wp-json\/wp\/v2\/tags?post=207687"}],"curies":[{"name":"wp","href":"https:\/\/api.w.org\/{rel}","templated":true}]}}