{"id":207676,"date":"2023-06-14T10:37:50","date_gmt":"2023-06-14T14:37:50","guid":{"rendered":"https:\/\/www.manaus.am.gov.br\/semasc\/prefeitura-de-manaus-realiza-abordagem-social-a-idosos-em-situacao-de-rua\/"},"modified":"2023-06-14T10:37:51","modified_gmt":"2023-06-14T14:37:51","slug":"prefeitura-de-manaus-realiza-abordagem-social-a-idosos-em-situacao-de-rua","status":"publish","type":"post","link":"https:\/\/www.manaus.am.gov.br\/semasc\/prefeitura-de-manaus-realiza-abordagem-social-a-idosos-em-situacao-de-rua\/","title":{"rendered":"<strong>Prefeitura de Manaus realiza abordagem social a idosos em situa\u00e7\u00e3o de rua<\/strong>"},"content":{"rendered":"\n<p>A Prefeitura de Manaus, por meio da Secretaria Municipal da Mulher, Assist\u00eancia Social e Cidadania (Semasc), realizou, nesta ter\u00e7a-feira, 13\/6, uma abordagem social a idosos em situa\u00e7\u00e3o de rua na \u00e1rea central da cidade. A a\u00e7\u00e3o aconteceu na pra\u00e7a dos Rem\u00e9dios, localizada na rua Miranda Le\u00e3o, e na pra\u00e7a da Matriz, ambas situadas no Centro, zona Sul da capital amazonense.<\/p>\n\n\n\n<p>A iniciativa, que aconteceu na regi\u00e3o que concentra o maior n\u00famero de moradores de rua em Manaus, faz parte da programa\u00e7\u00e3o da Semana de Combate \u00e0 Viol\u00eancia Contra a Pessoa Idosa, alusiva ao Dia Mundial de Conscientiza\u00e7\u00e3o da Viol\u00eancia Contra a Pessoa Idosa, criado pela Organiza\u00e7\u00e3o das Na\u00e7\u00f5es Unidas (ONU) em 2011 e celebrado em 15 de junho.<\/p>\n\n\n\n<p>\u201cA Semasc tem, na sua estrutura, a ger\u00eancia de promo\u00e7\u00e3o dos direitos da pessoa idosa e da pessoa com defici\u00eancia. Al\u00e9m da programa\u00e7\u00e3o, do ato p\u00fablico e da vigil\u00e2ncia em rela\u00e7\u00e3o \u00e0 quest\u00e3o da viol\u00eancia, n\u00f3s estamos em uma atividade de vir at\u00e9 as ruas para localizar e mapear a presen\u00e7a de pessoas idosas na rua e claro, atender as demandas que elas apresentam. Esse \u00e9 o nosso prop\u00f3sito nesta semana\u201d, ressaltou a subsecret\u00e1ria municipal de Pol\u00edticas Afirmativas para Mulheres e Direitos Humanos, Gra\u00e7a Prola.&nbsp;<\/p>\n\n\n\n<p>Durante as abordagens, os idosos foram orientados sobre os tipos de viol\u00eancia cometidos contra pessoas da terceira idade, formas de preven\u00e7\u00e3o e canais de&nbsp; den\u00fancia. Al\u00e9m disso, tamb\u00e9m foram coletadas informa\u00e7\u00f5es para a inser\u00e7\u00e3o dessas pessoas em programas socioassistenciais.<\/p>\n\n\n\n<p>De acordo com a Pol\u00edtica Nacional para a Popula\u00e7\u00e3o em Situa\u00e7\u00e3o de Rua (PNPSR), essas pessoas devem ter acesso amplo, simplificado e seguro aos servi\u00e7os e programas que integram as pol\u00edticas p\u00fablicas desenvolvidas pelos \u00f3rg\u00e3os do governo federal, sendo responsabilidade do poder p\u00fablico a garantia desses direitos e o aprimoramento dos servi\u00e7os destinados ao atendimento dessa popula\u00e7\u00e3o.<\/p>\n\n\n\n<p>Para L.P, idosa de 63 anos que est\u00e1 em situa\u00e7\u00e3o de rua nos arredores da pra\u00e7a dos Rem\u00e9dios, a abordagem promovida pela Semasc \u00e9 necess\u00e1ria. \u201cGostei da iniciativa, foi uma boa orienta\u00e7\u00e3o para mim e consegui explicar para elas o que eu estou passando. \u00c9 assim que tem que ser, fazer tipo uma pesquisa com a gente\u201d, afirmou. Segundo dados coletados pela secretaria municipal, em 2022 foram identificadas 466 pessoas em situa\u00e7\u00e3o de rua na capital amazonense<\/p>\n\n\n\n<p>Al\u00e9m das a\u00e7\u00f5es e abordagens promovidas durante todo o ano, a Semasc conta com espa\u00e7os para atendimento especializado \u00e0 essa popula\u00e7\u00e3o, onde s\u00e3o ofertados abrigo, atendimento socioassistencial, psicossocial e encaminhamentos adequados a outros servi\u00e7os das demais pol\u00edticas p\u00fablicas que possam contribuir na constru\u00e7\u00e3o da autonomia, da inser\u00e7\u00e3o social e da prote\u00e7\u00e3o \u00e0s situa\u00e7\u00f5es de viol\u00eancia.<\/p>\n\n\n\n<p><strong>Junho Violeta<\/strong><\/p>\n\n\n\n<p>Neste m\u00eas est\u00e1 sendo realizada a campanha &#8220;Junho Violeta&#8221;, criada em alus\u00e3o ao Dia Mundial de Conscientiza\u00e7\u00e3o da Viol\u00eancia Contra a Pessoa Idosa, que tem como objetivo alertar a popula\u00e7\u00e3o em geral sobre a exist\u00eancia de todos os tipos de viol\u00eancia, maus-tratos e viola\u00e7\u00f5es dos direitos dos idosos e tamb\u00e9m para as formas de denunci\u00e1-las e combat\u00ea-las.<\/p>\n\n\n\n<p><strong>Canais de den\u00fancia<\/strong><\/p>\n\n\n\n<p>Os principais canais de den\u00fancia dispon\u00edveis para a popula\u00e7\u00e3o no combate \u00e0 viola\u00e7\u00e3o de direitos de crian\u00e7as, adolescentes e outros indiv\u00edduos em estado de vulnerabilidade social s\u00e3o os n\u00fameros do Disque Den\u00fancia da Semasc: 0800 092 1407 e 0800 092 6644.<\/p>\n\n\n\n<p>O Disque 100 (ou Disque Direitos Humanos), servi\u00e7o nacional de dissemina\u00e7\u00e3o de informa\u00e7\u00f5es e den\u00fancias de viola\u00e7\u00f5es de direitos de popula\u00e7\u00f5es vulner\u00e1veis, tamb\u00e9m \u00e9 um dos canais dispon\u00edveis.<\/p>\n\n\n\n<p>&#8212; &#8212; &#8212;<\/p>\n\n\n\n<p><strong>Texto &#8211;<\/strong> Jackeline Lima \/ Semasc<\/p>\n\n\n\n<p><strong>Fotos &#8211;<\/strong> Marcely Gomes \/ Semasc<\/p>\n\n\n\n<p><strong>Dispon\u00edveis em<\/strong> &#8211; <a href=\"https:\/\/flic.kr\/s\/aHBqjAHH18\">https:\/\/flic.kr\/s\/aHBqjAHH18<\/a><\/p>\n","protected":false},"excerpt":{"rendered":"","protected":false},"author":24,"featured_media":207677,"comment_status":"closed","ping_status":"closed","sticky":false,"template":"","format":"standard","meta":{"footnotes":""},"categories":[131],"tags":[132,47,133,134,135,136,7,137,18,138],"acf":[],"yoast_head":"<!-- This site is optimized with the Yoast SEO plugin v23.0 - https:\/\/yoast.com\/wordpress\/plugins\/seo\/ -->\n<title>Prefeitura de Manaus realiza abordagem social a idosos em situa\u00e7\u00e3o de rua - SEMASC<\/title>\n<meta name=\"description\" content=\"A Prefeitura de Manaus, por meio da Secretaria Municipal da Mulher, Assist\u00eancia Social e Cidadania (Semasc), realizou, nesta ter\u00e7a-feira, 13\/6, uma abordagem social a idosos em situa\u00e7\u00e3o de rua na \u00e1rea central da cidade.\" \/>\n<meta name=\"robots\" content=\"noindex, follow\" \/>\n<meta property=\"og:locale\" content=\"pt_BR\" \/>\n<meta property=\"og:type\" content=\"article\" \/>\n<meta property=\"og:title\" content=\"Prefeitura de Manaus realiza abordagem social a idosos em situa\u00e7\u00e3o de rua - SEMASC\" \/>\n<meta property=\"og:description\" content=\"A Prefeitura de Manaus, por meio da Secretaria Municipal da Mulher, Assist\u00eancia Social e Cidadania (Semasc), realizou, nesta ter\u00e7a-feira, 13\/6, uma abordagem social a idosos em situa\u00e7\u00e3o de rua na \u00e1rea central da cidade.\" \/>\n<meta property=\"og:url\" content=\"https:\/\/www.manaus.am.gov.br\/semasc\/prefeitura-de-manaus-realiza-abordagem-social-a-idosos-em-situacao-de-rua\/\" \/>\n<meta property=\"og:site_name\" content=\"SEMASC\" \/>\n<meta property=\"article:publisher\" content=\"https:\/\/www.facebook.com\/semascmanaus\" \/>\n<meta property=\"article:published_time\" content=\"2023-06-14T14:37:50+00:00\" \/>\n<meta property=\"article:modified_time\" content=\"2023-06-14T14:37:51+00:00\" \/>\n<meta property=\"og:image\" content=\"https:\/\/www.manaus.am.gov.br\/semasc\/wp-content\/uploads\/sites\/17\/2023\/06\/52974304034_97ce970645_o-scaled.jpg\" \/>\n\t<meta property=\"og:image:width\" content=\"2560\" \/>\n\t<meta property=\"og:image:height\" content=\"1707\" \/>\n\t<meta property=\"og:image:type\" content=\"image\/jpeg\" \/>\n<meta name=\"author\" content=\"Cl\u00e1udia Barbosa\" \/>\n<meta name=\"twitter:card\" content=\"summary_large_image\" \/>\n<meta name=\"twitter:label1\" content=\"Written by\" \/>\n\t<meta name=\"twitter:data1\" content=\"Cl\u00e1udia Barbosa\" \/>\n\t<meta name=\"twitter:label2\" content=\"Est. reading time\" \/>\n\t<meta name=\"twitter:data2\" content=\"4 minutos\" \/>\n<script type=\"application\/ld+json\" class=\"yoast-schema-graph\">{\"@context\":\"https:\/\/schema.org\",\"@graph\":[{\"@type\":\"Article\",\"@id\":\"https:\/\/www.manaus.am.gov.br\/semasc\/prefeitura-de-manaus-realiza-abordagem-social-a-idosos-em-situacao-de-rua\/#article\",\"isPartOf\":{\"@id\":\"https:\/\/www.manaus.am.gov.br\/semasc\/prefeitura-de-manaus-realiza-abordagem-social-a-idosos-em-situacao-de-rua\/\"},\"author\":{\"name\":\"Cl\u00e1udia Barbosa\",\"@id\":\"https:\/\/www.manaus.am.gov.br\/semasc\/#\/schema\/person\/d0a166b5031154c33c77794ddc9a827e\"},\"headline\":\"Prefeitura de Manaus realiza abordagem social a idosos em situa\u00e7\u00e3o de rua\",\"datePublished\":\"2023-06-14T14:37:50+00:00\",\"dateModified\":\"2023-06-14T14:37:51+00:00\",\"mainEntityOfPage\":{\"@id\":\"https:\/\/www.manaus.am.gov.br\/semasc\/prefeitura-de-manaus-realiza-abordagem-social-a-idosos-em-situacao-de-rua\/\"},\"wordCount\":677,\"publisher\":{\"@id\":\"https:\/\/www.manaus.am.gov.br\/semasc\/#organization\"},\"image\":{\"@id\":\"https:\/\/www.manaus.am.gov.br\/semasc\/prefeitura-de-manaus-realiza-abordagem-social-a-idosos-em-situacao-de-rua\/#primaryimage\"},\"thumbnailUrl\":\"https:\/\/www.manaus.am.gov.br\/semasc\/wp-content\/uploads\/sites\/17\/2023\/06\/52974304034_97ce970645_o-scaled.jpg\",\"keywords\":[\"Dia Mundial de Conscientiza\u00e7\u00e3o da Viol\u00eancia contra a Pessoa Idosa\",\"Gra\u00e7a Prola\",\"idosos\",\"junho violeta\",\"onu\",\"Organiza\u00e7\u00e3o das Na\u00e7\u00f5es Unidas\",\"prefeitura de manaus\",\"Semana de Combate \u00e0 Viol\u00eancia contra a Pessoa Idosa\",\"Semasc\",\"Situa\u00e7\u00e3o de Rua\"],\"articleSection\":[\"A\u00e7\u00e3o\"],\"inLanguage\":\"pt-BR\"},{\"@type\":\"WebPage\",\"@id\":\"https:\/\/www.manaus.am.gov.br\/semasc\/prefeitura-de-manaus-realiza-abordagem-social-a-idosos-em-situacao-de-rua\/\",\"url\":\"https:\/\/www.manaus.am.gov.br\/semasc\/prefeitura-de-manaus-realiza-abordagem-social-a-idosos-em-situacao-de-rua\/\",\"name\":\"Prefeitura de Manaus realiza abordagem social a idosos em situa\u00e7\u00e3o de rua - SEMASC\",\"isPartOf\":{\"@id\":\"https:\/\/www.manaus.am.gov.br\/semasc\/#website\"},\"primaryImageOfPage\":{\"@id\":\"https:\/\/www.manaus.am.gov.br\/semasc\/prefeitura-de-manaus-realiza-abordagem-social-a-idosos-em-situacao-de-rua\/#primaryimage\"},\"image\":{\"@id\":\"https:\/\/www.manaus.am.gov.br\/semasc\/prefeitura-de-manaus-realiza-abordagem-social-a-idosos-em-situacao-de-rua\/#primaryimage\"},\"thumbnailUrl\":\"https:\/\/www.manaus.am.gov.br\/semasc\/wp-content\/uploads\/sites\/17\/2023\/06\/52974304034_97ce970645_o-scaled.jpg\",\"datePublished\":\"2023-06-14T14:37:50+00:00\",\"dateModified\":\"2023-06-14T14:37:51+00:00\",\"description\":\"A Prefeitura de Manaus, por meio da Secretaria Municipal da Mulher, Assist\u00eancia Social e Cidadania (Semasc), realizou, nesta ter\u00e7a-feira, 13\/6, uma abordagem social a idosos em situa\u00e7\u00e3o de rua na \u00e1rea central da cidade.\",\"breadcrumb\":{\"@id\":\"https:\/\/www.manaus.am.gov.br\/semasc\/prefeitura-de-manaus-realiza-abordagem-social-a-idosos-em-situacao-de-rua\/#breadcrumb\"},\"inLanguage\":\"pt-BR\",\"potentialAction\":[{\"@type\":\"ReadAction\",\"target\":[\"https:\/\/www.manaus.am.gov.br\/semasc\/prefeitura-de-manaus-realiza-abordagem-social-a-idosos-em-situacao-de-rua\/\"]}]},{\"@type\":\"ImageObject\",\"inLanguage\":\"pt-BR\",\"@id\":\"https:\/\/www.manaus.am.gov.br\/semasc\/prefeitura-de-manaus-realiza-abordagem-social-a-idosos-em-situacao-de-rua\/#primaryimage\",\"url\":\"https:\/\/www.manaus.am.gov.br\/semasc\/wp-content\/uploads\/sites\/17\/2023\/06\/52974304034_97ce970645_o-scaled.jpg\",\"contentUrl\":\"https:\/\/www.manaus.am.gov.br\/semasc\/wp-content\/uploads\/sites\/17\/2023\/06\/52974304034_97ce970645_o-scaled.jpg\",\"width\":2560,\"height\":1707},{\"@type\":\"BreadcrumbList\",\"@id\":\"https:\/\/www.manaus.am.gov.br\/semasc\/prefeitura-de-manaus-realiza-abordagem-social-a-idosos-em-situacao-de-rua\/#breadcrumb\",\"itemListElement\":[{\"@type\":\"ListItem\",\"position\":1,\"name\":\"Home\",\"item\":\"https:\/\/www.manaus.am.gov.br\/semasc\/\"},{\"@type\":\"ListItem\",\"position\":2,\"name\":\"Prefeitura de Manaus realiza abordagem social a idosos em situa\u00e7\u00e3o de rua\"}]},{\"@type\":\"WebSite\",\"@id\":\"https:\/\/www.manaus.am.gov.br\/semasc\/#website\",\"url\":\"https:\/\/www.manaus.am.gov.br\/semasc\/\",\"name\":\"SEMASC\",\"description\":\"Secretaria Municipal da Mulher, Assist\u00eancia Social e Cidadania.\",\"publisher\":{\"@id\":\"https:\/\/www.manaus.am.gov.br\/semasc\/#organization\"},\"alternateName\":\"Secretaria Municipal da Mulher, Assist\u00eancia Social e Cidadania\",\"potentialAction\":[{\"@type\":\"SearchAction\",\"target\":{\"@type\":\"EntryPoint\",\"urlTemplate\":\"https:\/\/www.manaus.am.gov.br\/semasc\/?s={search_term_string}\"},\"query-input\":\"required name=search_term_string\"}],\"inLanguage\":\"pt-BR\"},{\"@type\":\"Organization\",\"@id\":\"https:\/\/www.manaus.am.gov.br\/semasc\/#organization\",\"name\":\"Prefeitura de Manaus\",\"alternateName\":\"Prefeitura Municipal de Manaus\",\"url\":\"https:\/\/www.manaus.am.gov.br\/semasc\/\",\"logo\":{\"@type\":\"ImageObject\",\"inLanguage\":\"pt-BR\",\"@id\":\"https:\/\/www.manaus.am.gov.br\/semasc\/#\/schema\/logo\/image\/\",\"url\":\"https:\/\/www.manaus.am.gov.br\/semasc\/wp-content\/uploads\/sites\/17\/2024\/07\/favicon.png\",\"contentUrl\":\"https:\/\/www.manaus.am.gov.br\/semasc\/wp-content\/uploads\/sites\/17\/2024\/07\/favicon.png\",\"width\":300,\"height\":300,\"caption\":\"Prefeitura de Manaus\"},\"image\":{\"@id\":\"https:\/\/www.manaus.am.gov.br\/semasc\/#\/schema\/logo\/image\/\"},\"sameAs\":[\"https:\/\/www.facebook.com\/semascmanaus\",\"https:\/\/www.instagram.com\/semascmanaus\/\"]},{\"@type\":\"Person\",\"@id\":\"https:\/\/www.manaus.am.gov.br\/semasc\/#\/schema\/person\/d0a166b5031154c33c77794ddc9a827e\",\"name\":\"Cl\u00e1udia Barbosa\",\"image\":{\"@type\":\"ImageObject\",\"inLanguage\":\"pt-BR\",\"@id\":\"https:\/\/www.manaus.am.gov.br\/semasc\/#\/schema\/person\/image\/\",\"url\":\"https:\/\/secure.gravatar.com\/avatar\/42958a1cf007f1a00534009218c72590?s=96&d=mm&r=g\",\"contentUrl\":\"https:\/\/secure.gravatar.com\/avatar\/42958a1cf007f1a00534009218c72590?s=96&d=mm&r=g\",\"caption\":\"Cl\u00e1udia Barbosa\"}}]}<\/script>\n<!-- \/ Yoast SEO plugin. -->","yoast_head_json":{"title":"Prefeitura de Manaus realiza abordagem social a idosos em situa\u00e7\u00e3o de rua - SEMASC","description":"A Prefeitura de Manaus, por meio da Secretaria Municipal da Mulher, Assist\u00eancia Social e Cidadania (Semasc), realizou, nesta ter\u00e7a-feira, 13\/6, uma abordagem social a idosos em situa\u00e7\u00e3o de rua na \u00e1rea central da cidade.","robots":{"index":"noindex","follow":"follow"},"og_locale":"pt_BR","og_type":"article","og_title":"Prefeitura de Manaus realiza abordagem social a idosos em situa\u00e7\u00e3o de rua - SEMASC","og_description":"A Prefeitura de Manaus, por meio da Secretaria Municipal da Mulher, Assist\u00eancia Social e Cidadania (Semasc), realizou, nesta ter\u00e7a-feira, 13\/6, uma abordagem social a idosos em situa\u00e7\u00e3o de rua na \u00e1rea central da cidade.","og_url":"https:\/\/www.manaus.am.gov.br\/semasc\/prefeitura-de-manaus-realiza-abordagem-social-a-idosos-em-situacao-de-rua\/","og_site_name":"SEMASC","article_publisher":"https:\/\/www.facebook.com\/semascmanaus","article_published_time":"2023-06-14T14:37:50+00:00","article_modified_time":"2023-06-14T14:37:51+00:00","og_image":[{"width":2560,"height":1707,"url":"https:\/\/www.manaus.am.gov.br\/semasc\/wp-content\/uploads\/sites\/17\/2023\/06\/52974304034_97ce970645_o-scaled.jpg","type":"image\/jpeg"}],"author":"Cl\u00e1udia Barbosa","twitter_card":"summary_large_image","twitter_misc":{"Written by":"Cl\u00e1udia Barbosa","Est. reading time":"4 minutos"},"schema":{"@context":"https:\/\/schema.org","@graph":[{"@type":"Article","@id":"https:\/\/www.manaus.am.gov.br\/semasc\/prefeitura-de-manaus-realiza-abordagem-social-a-idosos-em-situacao-de-rua\/#article","isPartOf":{"@id":"https:\/\/www.manaus.am.gov.br\/semasc\/prefeitura-de-manaus-realiza-abordagem-social-a-idosos-em-situacao-de-rua\/"},"author":{"name":"Cl\u00e1udia Barbosa","@id":"https:\/\/www.manaus.am.gov.br\/semasc\/#\/schema\/person\/d0a166b5031154c33c77794ddc9a827e"},"headline":"Prefeitura de Manaus realiza abordagem social a idosos em situa\u00e7\u00e3o de rua","datePublished":"2023-06-14T14:37:50+00:00","dateModified":"2023-06-14T14:37:51+00:00","mainEntityOfPage":{"@id":"https:\/\/www.manaus.am.gov.br\/semasc\/prefeitura-de-manaus-realiza-abordagem-social-a-idosos-em-situacao-de-rua\/"},"wordCount":677,"publisher":{"@id":"https:\/\/www.manaus.am.gov.br\/semasc\/#organization"},"image":{"@id":"https:\/\/www.manaus.am.gov.br\/semasc\/prefeitura-de-manaus-realiza-abordagem-social-a-idosos-em-situacao-de-rua\/#primaryimage"},"thumbnailUrl":"https:\/\/www.manaus.am.gov.br\/semasc\/wp-content\/uploads\/sites\/17\/2023\/06\/52974304034_97ce970645_o-scaled.jpg","keywords":["Dia Mundial de Conscientiza\u00e7\u00e3o da Viol\u00eancia contra a Pessoa Idosa","Gra\u00e7a Prola","idosos","junho violeta","onu","Organiza\u00e7\u00e3o das Na\u00e7\u00f5es Unidas","prefeitura de manaus","Semana de Combate \u00e0 Viol\u00eancia contra a Pessoa Idosa","Semasc","Situa\u00e7\u00e3o de Rua"],"articleSection":["A\u00e7\u00e3o"],"inLanguage":"pt-BR"},{"@type":"WebPage","@id":"https:\/\/www.manaus.am.gov.br\/semasc\/prefeitura-de-manaus-realiza-abordagem-social-a-idosos-em-situacao-de-rua\/","url":"https:\/\/www.manaus.am.gov.br\/semasc\/prefeitura-de-manaus-realiza-abordagem-social-a-idosos-em-situacao-de-rua\/","name":"Prefeitura de Manaus realiza abordagem social a idosos em situa\u00e7\u00e3o de rua - SEMASC","isPartOf":{"@id":"https:\/\/www.manaus.am.gov.br\/semasc\/#website"},"primaryImageOfPage":{"@id":"https:\/\/www.manaus.am.gov.br\/semasc\/prefeitura-de-manaus-realiza-abordagem-social-a-idosos-em-situacao-de-rua\/#primaryimage"},"image":{"@id":"https:\/\/www.manaus.am.gov.br\/semasc\/prefeitura-de-manaus-realiza-abordagem-social-a-idosos-em-situacao-de-rua\/#primaryimage"},"thumbnailUrl":"https:\/\/www.manaus.am.gov.br\/semasc\/wp-content\/uploads\/sites\/17\/2023\/06\/52974304034_97ce970645_o-scaled.jpg","datePublished":"2023-06-14T14:37:50+00:00","dateModified":"2023-06-14T14:37:51+00:00","description":"A Prefeitura de Manaus, por meio da Secretaria Municipal da Mulher, Assist\u00eancia Social e Cidadania (Semasc), realizou, nesta ter\u00e7a-feira, 13\/6, uma abordagem social a idosos em situa\u00e7\u00e3o de rua na \u00e1rea central da cidade.","breadcrumb":{"@id":"https:\/\/www.manaus.am.gov.br\/semasc\/prefeitura-de-manaus-realiza-abordagem-social-a-idosos-em-situacao-de-rua\/#breadcrumb"},"inLanguage":"pt-BR","potentialAction":[{"@type":"ReadAction","target":["https:\/\/www.manaus.am.gov.br\/semasc\/prefeitura-de-manaus-realiza-abordagem-social-a-idosos-em-situacao-de-rua\/"]}]},{"@type":"ImageObject","inLanguage":"pt-BR","@id":"https:\/\/www.manaus.am.gov.br\/semasc\/prefeitura-de-manaus-realiza-abordagem-social-a-idosos-em-situacao-de-rua\/#primaryimage","url":"https:\/\/www.manaus.am.gov.br\/semasc\/wp-content\/uploads\/sites\/17\/2023\/06\/52974304034_97ce970645_o-scaled.jpg","contentUrl":"https:\/\/www.manaus.am.gov.br\/semasc\/wp-content\/uploads\/sites\/17\/2023\/06\/52974304034_97ce970645_o-scaled.jpg","width":2560,"height":1707},{"@type":"BreadcrumbList","@id":"https:\/\/www.manaus.am.gov.br\/semasc\/prefeitura-de-manaus-realiza-abordagem-social-a-idosos-em-situacao-de-rua\/#breadcrumb","itemListElement":[{"@type":"ListItem","position":1,"name":"Home","item":"https:\/\/www.manaus.am.gov.br\/semasc\/"},{"@type":"ListItem","position":2,"name":"Prefeitura de Manaus realiza abordagem social a idosos em situa\u00e7\u00e3o de rua"}]},{"@type":"WebSite","@id":"https:\/\/www.manaus.am.gov.br\/semasc\/#website","url":"https:\/\/www.manaus.am.gov.br\/semasc\/","name":"SEMASC","description":"Secretaria Municipal da Mulher, Assist\u00eancia Social e Cidadania.","publisher":{"@id":"https:\/\/www.manaus.am.gov.br\/semasc\/#organization"},"alternateName":"Secretaria Municipal da Mulher, Assist\u00eancia Social e Cidadania","potentialAction":[{"@type":"SearchAction","target":{"@type":"EntryPoint","urlTemplate":"https:\/\/www.manaus.am.gov.br\/semasc\/?s={search_term_string}"},"query-input":"required name=search_term_string"}],"inLanguage":"pt-BR"},{"@type":"Organization","@id":"https:\/\/www.manaus.am.gov.br\/semasc\/#organization","name":"Prefeitura de Manaus","alternateName":"Prefeitura Municipal de Manaus","url":"https:\/\/www.manaus.am.gov.br\/semasc\/","logo":{"@type":"ImageObject","inLanguage":"pt-BR","@id":"https:\/\/www.manaus.am.gov.br\/semasc\/#\/schema\/logo\/image\/","url":"https:\/\/www.manaus.am.gov.br\/semasc\/wp-content\/uploads\/sites\/17\/2024\/07\/favicon.png","contentUrl":"https:\/\/www.manaus.am.gov.br\/semasc\/wp-content\/uploads\/sites\/17\/2024\/07\/favicon.png","width":300,"height":300,"caption":"Prefeitura de Manaus"},"image":{"@id":"https:\/\/www.manaus.am.gov.br\/semasc\/#\/schema\/logo\/image\/"},"sameAs":["https:\/\/www.facebook.com\/semascmanaus","https:\/\/www.instagram.com\/semascmanaus\/"]},{"@type":"Person","@id":"https:\/\/www.manaus.am.gov.br\/semasc\/#\/schema\/person\/d0a166b5031154c33c77794ddc9a827e","name":"Cl\u00e1udia Barbosa","image":{"@type":"ImageObject","inLanguage":"pt-BR","@id":"https:\/\/www.manaus.am.gov.br\/semasc\/#\/schema\/person\/image\/","url":"https:\/\/secure.gravatar.com\/avatar\/42958a1cf007f1a00534009218c72590?s=96&d=mm&r=g","contentUrl":"https:\/\/secure.gravatar.com\/avatar\/42958a1cf007f1a00534009218c72590?s=96&d=mm&r=g","caption":"Cl\u00e1udia Barbosa"}}]}},"_links":{"self":[{"href":"https:\/\/www.manaus.am.gov.br\/semasc\/wp-json\/wp\/v2\/posts\/207676"}],"collection":[{"href":"https:\/\/www.manaus.am.gov.br\/semasc\/wp-json\/wp\/v2\/posts"}],"about":[{"href":"https:\/\/www.manaus.am.gov.br\/semasc\/wp-json\/wp\/v2\/types\/post"}],"author":[{"embeddable":true,"href":"https:\/\/www.manaus.am.gov.br\/semasc\/wp-json\/wp\/v2\/users\/24"}],"replies":[{"embeddable":true,"href":"https:\/\/www.manaus.am.gov.br\/semasc\/wp-json\/wp\/v2\/comments?post=207676"}],"version-history":[{"count":0,"href":"https:\/\/www.manaus.am.gov.br\/semasc\/wp-json\/wp\/v2\/posts\/207676\/revisions"}],"wp:featuredmedia":[{"embeddable":true,"href":"https:\/\/www.manaus.am.gov.br\/semasc\/wp-json\/wp\/v2\/media\/207677"}],"wp:attachment":[{"href":"https:\/\/www.manaus.am.gov.br\/semasc\/wp-json\/wp\/v2\/media?parent=207676"}],"wp:term":[{"taxonomy":"category","embeddable":true,"href":"https:\/\/www.manaus.am.gov.br\/semasc\/wp-json\/wp\/v2\/categories?post=207676"},{"taxonomy":"post_tag","embeddable":true,"href":"https:\/\/www.manaus.am.gov.br\/semasc\/wp-json\/wp\/v2\/tags?post=207676"}],"curies":[{"name":"wp","href":"https:\/\/api.w.org\/{rel}","templated":true}]}}