{"id":207673,"date":"2023-06-12T13:38:43","date_gmt":"2023-06-12T17:38:43","guid":{"rendered":"https:\/\/www.manaus.am.gov.br\/semasc\/prefeitura-realiza-caminhada-alusiva-ao-dia-internacional-de-combate-ao-trabalho-infantil\/"},"modified":"2023-06-12T13:39:40","modified_gmt":"2023-06-12T17:39:40","slug":"prefeitura-realiza-caminhada-alusiva-ao-dia-internacional-de-combate-ao-trabalho-infantil","status":"publish","type":"post","link":"https:\/\/www.manaus.am.gov.br\/semasc\/prefeitura-realiza-caminhada-alusiva-ao-dia-internacional-de-combate-ao-trabalho-infantil\/","title":{"rendered":"<strong>Prefeitura realiza caminhada alusiva ao Dia Internacional de Combate ao Trabalho Infantil<\/strong>"},"content":{"rendered":"\n<p>Em celebra\u00e7\u00e3o ao Dia Internacional de Combate ao Trabalho Infantil, a Prefeitura de Manaus, por meio da Secretaria Municipal da Mulher, Assist\u00eancia Social e Cidadania (Semasc), com apoio log\u00edstico do Instituto Municipal de Mobilidade Urbana (IMMU), realizou, nesta segunda-feira, 12\/6, uma caminhada alusiva \u00e0 data, reunindo mais de 700 pessoas, entre servidores e alunos de institui\u00e7\u00f5es e escolas parceiras, para sensibilizar a popula\u00e7\u00e3o manauara quanto ao tema.&nbsp;&nbsp;<\/p>\n\n\n\n<p>A a\u00e7\u00e3o, que tamb\u00e9m faz parte do cronograma de atividades da \u201cCampanha de Enfrentamento \u00e0 Explora\u00e7\u00e3o do Trabalho Infantojuvenil nas Ruas de Manaus\u201d, foi realizada no bairro Col\u00f4nia Ant\u00f4nio Aleixo, zona Leste, partindo do campo do bairro da F\u00e9 e percorrendo a travessa Get\u00falio Vargas, em dire\u00e7\u00e3o \u00e0 pra\u00e7a Ant\u00f4nio Aleixo.<\/p>\n\n\n\n<p>\u201cEstamos, hoje, celebrando o Dia Internacional de Combate ao Trabalho Infantil, um momento de intenso combate a esse mal que teima em existir na nossa cidade e que, desde fevereiro deste ano, vem sendo enfrentado com ainda mais for\u00e7a pela Prefeitura de Manaus. Hoje, em uma de nossas principais atividades, estamos no bairro Col\u00f4nia Ant\u00f4nio Aleixo, uma \u00e1rea reconhecida por seu alto \u00edndice de crian\u00e7as em situa\u00e7\u00e3o de trabalho infantil e fam\u00edlias em estado de vulnerabilidade social, com o objetivo de fazer um apelo aos comunit\u00e1rios para que tamb\u00e9m se juntem a essa luta e que denunciem os adultos respons\u00e1veis pela explora\u00e7\u00e3o de nossos pequenos\u201d, destacou o secret\u00e1rio Eduardo Lucas, da Semasc.<\/p>\n\n\n\n<p>A gerente do Programa de Erradica\u00e7\u00e3o do Trabalho Infantil (Peti), na Semasc, Geszimar da Silva, destacou, ainda, a import\u00e2ncia da a\u00e7\u00e3o para a divulga\u00e7\u00e3o de pol\u00edticas e servi\u00e7os j\u00e1 desenvolvidos pela gest\u00e3o municipal e ofertados \u00e0 popula\u00e7\u00e3o ao longo de todo o ano.<\/p>\n\n\n\n<p>\u201cTodos os dias, trabalhamos com abordagens sociais nas ruas, para que seja poss\u00edvel a identifica\u00e7\u00e3o e o acolhimento dessas crian\u00e7as e de suas fam\u00edlias. Uma vez identificadas, encaminhamos essas fam\u00edlias para o atendimento em nossos equipamentos socioassistenciais, neste caso, os Centros de Refer\u00eancia de Assist\u00eancia Social (Cras) e Centros de Refer\u00eancia Especializados de Assist\u00eancia Social (Creas), onde damos in\u00edcio a todo um processo de desenvolvimento e fortalecimento da prote\u00e7\u00e3o social dessas pessoas, buscando a garantia de seus direitos\u201d, detalhou.<\/p>\n\n\n\n<p>Quem tamb\u00e9m participou da a\u00e7\u00e3o foi a dona de casa Leide Lane Sales, moradora do bairro Col\u00f4nia Ant\u00f4nio Aleixo e m\u00e3e do pequeno Caio Henrique, aluno do Centro Municipal da Educa\u00e7\u00e3o Infantil (Cmei) Tancredo Neves. Para a dona de casa, a\u00e7\u00f5es como a caminhada e outros momentos de sensibiliza\u00e7\u00e3o s\u00e3o de extrema import\u00e2ncia para o crescimento saud\u00e1vel e seguro de seu filho e de seus \u201ccoleguinhas\u201d. \u201cA gente acaba vendo muitas crian\u00e7as trabalhando quando deveriam estar estudando, ent\u00e3o \u00e9 muito importante que a prefeitura fa\u00e7a esse tipo de alerta\u201d, afirmou.<\/p>\n\n\n\n<p><strong>Canais de Den\u00fancia<\/strong><\/p>\n\n\n\n<p>Os principais canais de den\u00fancia dispon\u00edveis para a popula\u00e7\u00e3o no combate \u00e0 viola\u00e7\u00e3o de direitos de crian\u00e7as, adolescentes e outros indiv\u00edduos em estado de vulnerabilidade social s\u00e3o os n\u00fameros do disque-den\u00fancia da Semasc: 0800 092 1407 e 0800 092 6644.<\/p>\n\n\n\n<p>O Disque 100 (ou Disque Direitos Humanos), servi\u00e7o nacional de dissemina\u00e7\u00e3o de informa\u00e7\u00f5es e den\u00fancias de viola\u00e7\u00f5es de direitos de popula\u00e7\u00f5es vulner\u00e1veis, tamb\u00e9m \u00e9 um dos canais dispon\u00edveis.<\/p>\n\n\n\n<p><strong>Sobre a campanha<\/strong><\/p>\n\n\n\n<p>Com mais de 20 secretarias, entidades e \u00f3rg\u00e3os parceiros, a \u201cCampanha de Combate \u00e0 Explora\u00e7\u00e3o do Trabalho Infantil nas Ruas de Manaus\u201d \u00e9 a maior j\u00e1 desenvolvida pela Prefeitura de Manaus no combate ao trabalho infantil e uma das mais importantes campanhas socioassistenciais j\u00e1 desenvolvidas pelo poder p\u00fablico municipal.<\/p>\n\n\n\n<p>&#8212; &#8212; &#8212;<\/p>\n\n\n\n<p><strong>Texto<\/strong>&nbsp;&#8211; Guilherme Ara\u00fajo Pacheco \/ Semasc<\/p>\n\n\n\n<p><strong>Fotos<\/strong>&nbsp;&#8211; Marcely Gomes \/ Semasc<\/p>\n\n\n\n<p><strong>Dispon\u00edveis em<\/strong>&nbsp;&#8211; https:\/\/flic.kr\/s\/aHBqjAHsMQ<\/p>\n","protected":false},"excerpt":{"rendered":"","protected":false},"author":23,"featured_media":207674,"comment_status":"closed","ping_status":"closed","sticky":false,"template":"","format":"standard","meta":{"footnotes":""},"categories":[34],"tags":[127,128,129,7,18,130],"acf":[],"yoast_head":"<!-- This site is optimized with the Yoast SEO plugin v23.0 - https:\/\/yoast.com\/wordpress\/plugins\/seo\/ -->\n<title>Prefeitura realiza caminhada alusiva ao Dia Internacional de Combate ao Trabalho Infantil<\/title>\n<meta name=\"description\" content=\"Em celebra\u00e7\u00e3o ao Dia Internacional de Combate ao Trabalho Infantil, a Prefeitura de Manaus, por meio da Secretaria Municipal da Mulher, Assist\u00eancia Social e Cidadania (Semasc), com apoio log\u00edstico do Instituto Municipal de Mobilidade Urbana (IMMU), realizou, nesta segunda-feira, 12\/6, uma caminhada alusiva \u00e0 data, reunindo mais de 700 pessoas, entre servidores e alunos de institui\u00e7\u00f5es e escolas parceiras, para sensibilizar a popula\u00e7\u00e3o manauara quanto ao tema.\" \/>\n<meta name=\"robots\" content=\"noindex, follow\" \/>\n<meta property=\"og:locale\" content=\"pt_BR\" \/>\n<meta property=\"og:type\" content=\"article\" \/>\n<meta property=\"og:title\" content=\"Prefeitura realiza caminhada alusiva ao Dia Internacional de Combate ao Trabalho Infantil\" \/>\n<meta property=\"og:description\" content=\"Em celebra\u00e7\u00e3o ao Dia Internacional de Combate ao Trabalho Infantil, a Prefeitura de Manaus, por meio da Secretaria Municipal da Mulher, Assist\u00eancia Social e Cidadania (Semasc), com apoio log\u00edstico do Instituto Municipal de Mobilidade Urbana (IMMU), realizou, nesta segunda-feira, 12\/6, uma caminhada alusiva \u00e0 data, reunindo mais de 700 pessoas, entre servidores e alunos de institui\u00e7\u00f5es e escolas parceiras, para sensibilizar a popula\u00e7\u00e3o manauara quanto ao tema.\" \/>\n<meta property=\"og:url\" content=\"https:\/\/www.manaus.am.gov.br\/semasc\/prefeitura-realiza-caminhada-alusiva-ao-dia-internacional-de-combate-ao-trabalho-infantil\/\" \/>\n<meta property=\"og:site_name\" content=\"SEMASC\" \/>\n<meta property=\"article:publisher\" content=\"https:\/\/www.facebook.com\/semascmanaus\" \/>\n<meta property=\"article:published_time\" content=\"2023-06-12T17:38:43+00:00\" \/>\n<meta property=\"article:modified_time\" content=\"2023-06-12T17:39:40+00:00\" \/>\n<meta property=\"og:image\" content=\"https:\/\/www.manaus.am.gov.br\/semasc\/wp-content\/uploads\/sites\/17\/2023\/06\/52969534901_82e01da926_c.jpg\" \/>\n\t<meta property=\"og:image:width\" content=\"799\" \/>\n\t<meta property=\"og:image:height\" content=\"533\" \/>\n\t<meta property=\"og:image:type\" content=\"image\/jpeg\" \/>\n<meta name=\"author\" content=\"Adriana Costa\" \/>\n<meta name=\"twitter:card\" content=\"summary_large_image\" \/>\n<meta name=\"twitter:label1\" content=\"Written by\" \/>\n\t<meta name=\"twitter:data1\" content=\"Adriana Costa\" \/>\n\t<meta name=\"twitter:label2\" content=\"Est. reading time\" \/>\n\t<meta name=\"twitter:data2\" content=\"4 minutos\" \/>\n<script type=\"application\/ld+json\" class=\"yoast-schema-graph\">{\"@context\":\"https:\/\/schema.org\",\"@graph\":[{\"@type\":\"Article\",\"@id\":\"https:\/\/www.manaus.am.gov.br\/semasc\/prefeitura-realiza-caminhada-alusiva-ao-dia-internacional-de-combate-ao-trabalho-infantil\/#article\",\"isPartOf\":{\"@id\":\"https:\/\/www.manaus.am.gov.br\/semasc\/prefeitura-realiza-caminhada-alusiva-ao-dia-internacional-de-combate-ao-trabalho-infantil\/\"},\"author\":{\"name\":\"Adriana Costa\",\"@id\":\"https:\/\/www.manaus.am.gov.br\/semasc\/#\/schema\/person\/4e49f4e267757a06ca072ec61b2b9968\"},\"headline\":\"Prefeitura realiza caminhada alusiva ao Dia Internacional de Combate ao Trabalho Infantil\",\"datePublished\":\"2023-06-12T17:38:43+00:00\",\"dateModified\":\"2023-06-12T17:39:40+00:00\",\"mainEntityOfPage\":{\"@id\":\"https:\/\/www.manaus.am.gov.br\/semasc\/prefeitura-realiza-caminhada-alusiva-ao-dia-internacional-de-combate-ao-trabalho-infantil\/\"},\"wordCount\":667,\"publisher\":{\"@id\":\"https:\/\/www.manaus.am.gov.br\/semasc\/#organization\"},\"image\":{\"@id\":\"https:\/\/www.manaus.am.gov.br\/semasc\/prefeitura-realiza-caminhada-alusiva-ao-dia-internacional-de-combate-ao-trabalho-infantil\/#primaryimage\"},\"thumbnailUrl\":\"https:\/\/www.manaus.am.gov.br\/semasc\/wp-content\/uploads\/sites\/17\/2023\/06\/52969534901_82e01da926_c.jpg\",\"keywords\":[\"12 de junho\",\"caminhada\",\"campanha\",\"prefeitura de manaus\",\"Semasc\",\"trabalho infantil\"],\"articleSection\":[\"Assist\u00eancia Social\"],\"inLanguage\":\"pt-BR\"},{\"@type\":\"WebPage\",\"@id\":\"https:\/\/www.manaus.am.gov.br\/semasc\/prefeitura-realiza-caminhada-alusiva-ao-dia-internacional-de-combate-ao-trabalho-infantil\/\",\"url\":\"https:\/\/www.manaus.am.gov.br\/semasc\/prefeitura-realiza-caminhada-alusiva-ao-dia-internacional-de-combate-ao-trabalho-infantil\/\",\"name\":\"Prefeitura realiza caminhada alusiva ao Dia Internacional de Combate ao Trabalho Infantil\",\"isPartOf\":{\"@id\":\"https:\/\/www.manaus.am.gov.br\/semasc\/#website\"},\"primaryImageOfPage\":{\"@id\":\"https:\/\/www.manaus.am.gov.br\/semasc\/prefeitura-realiza-caminhada-alusiva-ao-dia-internacional-de-combate-ao-trabalho-infantil\/#primaryimage\"},\"image\":{\"@id\":\"https:\/\/www.manaus.am.gov.br\/semasc\/prefeitura-realiza-caminhada-alusiva-ao-dia-internacional-de-combate-ao-trabalho-infantil\/#primaryimage\"},\"thumbnailUrl\":\"https:\/\/www.manaus.am.gov.br\/semasc\/wp-content\/uploads\/sites\/17\/2023\/06\/52969534901_82e01da926_c.jpg\",\"datePublished\":\"2023-06-12T17:38:43+00:00\",\"dateModified\":\"2023-06-12T17:39:40+00:00\",\"description\":\"Em celebra\u00e7\u00e3o ao Dia Internacional de Combate ao Trabalho Infantil, a Prefeitura de Manaus, por meio da Secretaria Municipal da Mulher, Assist\u00eancia Social e Cidadania (Semasc), com apoio log\u00edstico do Instituto Municipal de Mobilidade Urbana (IMMU), realizou, nesta segunda-feira, 12\/6, uma caminhada alusiva \u00e0 data, reunindo mais de 700 pessoas, entre servidores e alunos de institui\u00e7\u00f5es e escolas parceiras, para sensibilizar a popula\u00e7\u00e3o manauara quanto ao tema.\",\"breadcrumb\":{\"@id\":\"https:\/\/www.manaus.am.gov.br\/semasc\/prefeitura-realiza-caminhada-alusiva-ao-dia-internacional-de-combate-ao-trabalho-infantil\/#breadcrumb\"},\"inLanguage\":\"pt-BR\",\"potentialAction\":[{\"@type\":\"ReadAction\",\"target\":[\"https:\/\/www.manaus.am.gov.br\/semasc\/prefeitura-realiza-caminhada-alusiva-ao-dia-internacional-de-combate-ao-trabalho-infantil\/\"]}]},{\"@type\":\"ImageObject\",\"inLanguage\":\"pt-BR\",\"@id\":\"https:\/\/www.manaus.am.gov.br\/semasc\/prefeitura-realiza-caminhada-alusiva-ao-dia-internacional-de-combate-ao-trabalho-infantil\/#primaryimage\",\"url\":\"https:\/\/www.manaus.am.gov.br\/semasc\/wp-content\/uploads\/sites\/17\/2023\/06\/52969534901_82e01da926_c.jpg\",\"contentUrl\":\"https:\/\/www.manaus.am.gov.br\/semasc\/wp-content\/uploads\/sites\/17\/2023\/06\/52969534901_82e01da926_c.jpg\",\"width\":799,\"height\":533},{\"@type\":\"BreadcrumbList\",\"@id\":\"https:\/\/www.manaus.am.gov.br\/semasc\/prefeitura-realiza-caminhada-alusiva-ao-dia-internacional-de-combate-ao-trabalho-infantil\/#breadcrumb\",\"itemListElement\":[{\"@type\":\"ListItem\",\"position\":1,\"name\":\"Home\",\"item\":\"https:\/\/www.manaus.am.gov.br\/semasc\/\"},{\"@type\":\"ListItem\",\"position\":2,\"name\":\"Prefeitura realiza caminhada alusiva ao Dia Internacional de Combate ao Trabalho Infantil\"}]},{\"@type\":\"WebSite\",\"@id\":\"https:\/\/www.manaus.am.gov.br\/semasc\/#website\",\"url\":\"https:\/\/www.manaus.am.gov.br\/semasc\/\",\"name\":\"SEMASC\",\"description\":\"Secretaria Municipal da Mulher, Assist\u00eancia Social e Cidadania.\",\"publisher\":{\"@id\":\"https:\/\/www.manaus.am.gov.br\/semasc\/#organization\"},\"alternateName\":\"Secretaria Municipal da Mulher, Assist\u00eancia Social e Cidadania\",\"potentialAction\":[{\"@type\":\"SearchAction\",\"target\":{\"@type\":\"EntryPoint\",\"urlTemplate\":\"https:\/\/www.manaus.am.gov.br\/semasc\/?s={search_term_string}\"},\"query-input\":\"required name=search_term_string\"}],\"inLanguage\":\"pt-BR\"},{\"@type\":\"Organization\",\"@id\":\"https:\/\/www.manaus.am.gov.br\/semasc\/#organization\",\"name\":\"Prefeitura de Manaus\",\"alternateName\":\"Prefeitura Municipal de Manaus\",\"url\":\"https:\/\/www.manaus.am.gov.br\/semasc\/\",\"logo\":{\"@type\":\"ImageObject\",\"inLanguage\":\"pt-BR\",\"@id\":\"https:\/\/www.manaus.am.gov.br\/semasc\/#\/schema\/logo\/image\/\",\"url\":\"https:\/\/www.manaus.am.gov.br\/semasc\/wp-content\/uploads\/sites\/17\/2024\/07\/favicon.png\",\"contentUrl\":\"https:\/\/www.manaus.am.gov.br\/semasc\/wp-content\/uploads\/sites\/17\/2024\/07\/favicon.png\",\"width\":300,\"height\":300,\"caption\":\"Prefeitura de Manaus\"},\"image\":{\"@id\":\"https:\/\/www.manaus.am.gov.br\/semasc\/#\/schema\/logo\/image\/\"},\"sameAs\":[\"https:\/\/www.facebook.com\/semascmanaus\",\"https:\/\/www.instagram.com\/semascmanaus\/\"]},{\"@type\":\"Person\",\"@id\":\"https:\/\/www.manaus.am.gov.br\/semasc\/#\/schema\/person\/4e49f4e267757a06ca072ec61b2b9968\",\"name\":\"Adriana Costa\",\"image\":{\"@type\":\"ImageObject\",\"inLanguage\":\"pt-BR\",\"@id\":\"https:\/\/www.manaus.am.gov.br\/semasc\/#\/schema\/person\/image\/\",\"url\":\"https:\/\/secure.gravatar.com\/avatar\/576258617ef7194f718179e766d57bd4?s=96&d=mm&r=g\",\"contentUrl\":\"https:\/\/secure.gravatar.com\/avatar\/576258617ef7194f718179e766d57bd4?s=96&d=mm&r=g\",\"caption\":\"Adriana Costa\"}}]}<\/script>\n<!-- \/ Yoast SEO plugin. -->","yoast_head_json":{"title":"Prefeitura realiza caminhada alusiva ao Dia Internacional de Combate ao Trabalho Infantil","description":"Em celebra\u00e7\u00e3o ao Dia Internacional de Combate ao Trabalho Infantil, a Prefeitura de Manaus, por meio da Secretaria Municipal da Mulher, Assist\u00eancia Social e Cidadania (Semasc), com apoio log\u00edstico do Instituto Municipal de Mobilidade Urbana (IMMU), realizou, nesta segunda-feira, 12\/6, uma caminhada alusiva \u00e0 data, reunindo mais de 700 pessoas, entre servidores e alunos de institui\u00e7\u00f5es e escolas parceiras, para sensibilizar a popula\u00e7\u00e3o manauara quanto ao tema.","robots":{"index":"noindex","follow":"follow"},"og_locale":"pt_BR","og_type":"article","og_title":"Prefeitura realiza caminhada alusiva ao Dia Internacional de Combate ao Trabalho Infantil","og_description":"Em celebra\u00e7\u00e3o ao Dia Internacional de Combate ao Trabalho Infantil, a Prefeitura de Manaus, por meio da Secretaria Municipal da Mulher, Assist\u00eancia Social e Cidadania (Semasc), com apoio log\u00edstico do Instituto Municipal de Mobilidade Urbana (IMMU), realizou, nesta segunda-feira, 12\/6, uma caminhada alusiva \u00e0 data, reunindo mais de 700 pessoas, entre servidores e alunos de institui\u00e7\u00f5es e escolas parceiras, para sensibilizar a popula\u00e7\u00e3o manauara quanto ao tema.","og_url":"https:\/\/www.manaus.am.gov.br\/semasc\/prefeitura-realiza-caminhada-alusiva-ao-dia-internacional-de-combate-ao-trabalho-infantil\/","og_site_name":"SEMASC","article_publisher":"https:\/\/www.facebook.com\/semascmanaus","article_published_time":"2023-06-12T17:38:43+00:00","article_modified_time":"2023-06-12T17:39:40+00:00","og_image":[{"width":799,"height":533,"url":"https:\/\/www.manaus.am.gov.br\/semasc\/wp-content\/uploads\/sites\/17\/2023\/06\/52969534901_82e01da926_c.jpg","type":"image\/jpeg"}],"author":"Adriana Costa","twitter_card":"summary_large_image","twitter_misc":{"Written by":"Adriana Costa","Est. reading time":"4 minutos"},"schema":{"@context":"https:\/\/schema.org","@graph":[{"@type":"Article","@id":"https:\/\/www.manaus.am.gov.br\/semasc\/prefeitura-realiza-caminhada-alusiva-ao-dia-internacional-de-combate-ao-trabalho-infantil\/#article","isPartOf":{"@id":"https:\/\/www.manaus.am.gov.br\/semasc\/prefeitura-realiza-caminhada-alusiva-ao-dia-internacional-de-combate-ao-trabalho-infantil\/"},"author":{"name":"Adriana Costa","@id":"https:\/\/www.manaus.am.gov.br\/semasc\/#\/schema\/person\/4e49f4e267757a06ca072ec61b2b9968"},"headline":"Prefeitura realiza caminhada alusiva ao Dia Internacional de Combate ao Trabalho Infantil","datePublished":"2023-06-12T17:38:43+00:00","dateModified":"2023-06-12T17:39:40+00:00","mainEntityOfPage":{"@id":"https:\/\/www.manaus.am.gov.br\/semasc\/prefeitura-realiza-caminhada-alusiva-ao-dia-internacional-de-combate-ao-trabalho-infantil\/"},"wordCount":667,"publisher":{"@id":"https:\/\/www.manaus.am.gov.br\/semasc\/#organization"},"image":{"@id":"https:\/\/www.manaus.am.gov.br\/semasc\/prefeitura-realiza-caminhada-alusiva-ao-dia-internacional-de-combate-ao-trabalho-infantil\/#primaryimage"},"thumbnailUrl":"https:\/\/www.manaus.am.gov.br\/semasc\/wp-content\/uploads\/sites\/17\/2023\/06\/52969534901_82e01da926_c.jpg","keywords":["12 de junho","caminhada","campanha","prefeitura de manaus","Semasc","trabalho infantil"],"articleSection":["Assist\u00eancia Social"],"inLanguage":"pt-BR"},{"@type":"WebPage","@id":"https:\/\/www.manaus.am.gov.br\/semasc\/prefeitura-realiza-caminhada-alusiva-ao-dia-internacional-de-combate-ao-trabalho-infantil\/","url":"https:\/\/www.manaus.am.gov.br\/semasc\/prefeitura-realiza-caminhada-alusiva-ao-dia-internacional-de-combate-ao-trabalho-infantil\/","name":"Prefeitura realiza caminhada alusiva ao Dia Internacional de Combate ao Trabalho Infantil","isPartOf":{"@id":"https:\/\/www.manaus.am.gov.br\/semasc\/#website"},"primaryImageOfPage":{"@id":"https:\/\/www.manaus.am.gov.br\/semasc\/prefeitura-realiza-caminhada-alusiva-ao-dia-internacional-de-combate-ao-trabalho-infantil\/#primaryimage"},"image":{"@id":"https:\/\/www.manaus.am.gov.br\/semasc\/prefeitura-realiza-caminhada-alusiva-ao-dia-internacional-de-combate-ao-trabalho-infantil\/#primaryimage"},"thumbnailUrl":"https:\/\/www.manaus.am.gov.br\/semasc\/wp-content\/uploads\/sites\/17\/2023\/06\/52969534901_82e01da926_c.jpg","datePublished":"2023-06-12T17:38:43+00:00","dateModified":"2023-06-12T17:39:40+00:00","description":"Em celebra\u00e7\u00e3o ao Dia Internacional de Combate ao Trabalho Infantil, a Prefeitura de Manaus, por meio da Secretaria Municipal da Mulher, Assist\u00eancia Social e Cidadania (Semasc), com apoio log\u00edstico do Instituto Municipal de Mobilidade Urbana (IMMU), realizou, nesta segunda-feira, 12\/6, uma caminhada alusiva \u00e0 data, reunindo mais de 700 pessoas, entre servidores e alunos de institui\u00e7\u00f5es e escolas parceiras, para sensibilizar a popula\u00e7\u00e3o manauara quanto ao tema.","breadcrumb":{"@id":"https:\/\/www.manaus.am.gov.br\/semasc\/prefeitura-realiza-caminhada-alusiva-ao-dia-internacional-de-combate-ao-trabalho-infantil\/#breadcrumb"},"inLanguage":"pt-BR","potentialAction":[{"@type":"ReadAction","target":["https:\/\/www.manaus.am.gov.br\/semasc\/prefeitura-realiza-caminhada-alusiva-ao-dia-internacional-de-combate-ao-trabalho-infantil\/"]}]},{"@type":"ImageObject","inLanguage":"pt-BR","@id":"https:\/\/www.manaus.am.gov.br\/semasc\/prefeitura-realiza-caminhada-alusiva-ao-dia-internacional-de-combate-ao-trabalho-infantil\/#primaryimage","url":"https:\/\/www.manaus.am.gov.br\/semasc\/wp-content\/uploads\/sites\/17\/2023\/06\/52969534901_82e01da926_c.jpg","contentUrl":"https:\/\/www.manaus.am.gov.br\/semasc\/wp-content\/uploads\/sites\/17\/2023\/06\/52969534901_82e01da926_c.jpg","width":799,"height":533},{"@type":"BreadcrumbList","@id":"https:\/\/www.manaus.am.gov.br\/semasc\/prefeitura-realiza-caminhada-alusiva-ao-dia-internacional-de-combate-ao-trabalho-infantil\/#breadcrumb","itemListElement":[{"@type":"ListItem","position":1,"name":"Home","item":"https:\/\/www.manaus.am.gov.br\/semasc\/"},{"@type":"ListItem","position":2,"name":"Prefeitura realiza caminhada alusiva ao Dia Internacional de Combate ao Trabalho Infantil"}]},{"@type":"WebSite","@id":"https:\/\/www.manaus.am.gov.br\/semasc\/#website","url":"https:\/\/www.manaus.am.gov.br\/semasc\/","name":"SEMASC","description":"Secretaria Municipal da Mulher, Assist\u00eancia Social e Cidadania.","publisher":{"@id":"https:\/\/www.manaus.am.gov.br\/semasc\/#organization"},"alternateName":"Secretaria Municipal da Mulher, Assist\u00eancia Social e Cidadania","potentialAction":[{"@type":"SearchAction","target":{"@type":"EntryPoint","urlTemplate":"https:\/\/www.manaus.am.gov.br\/semasc\/?s={search_term_string}"},"query-input":"required name=search_term_string"}],"inLanguage":"pt-BR"},{"@type":"Organization","@id":"https:\/\/www.manaus.am.gov.br\/semasc\/#organization","name":"Prefeitura de Manaus","alternateName":"Prefeitura Municipal de Manaus","url":"https:\/\/www.manaus.am.gov.br\/semasc\/","logo":{"@type":"ImageObject","inLanguage":"pt-BR","@id":"https:\/\/www.manaus.am.gov.br\/semasc\/#\/schema\/logo\/image\/","url":"https:\/\/www.manaus.am.gov.br\/semasc\/wp-content\/uploads\/sites\/17\/2024\/07\/favicon.png","contentUrl":"https:\/\/www.manaus.am.gov.br\/semasc\/wp-content\/uploads\/sites\/17\/2024\/07\/favicon.png","width":300,"height":300,"caption":"Prefeitura de Manaus"},"image":{"@id":"https:\/\/www.manaus.am.gov.br\/semasc\/#\/schema\/logo\/image\/"},"sameAs":["https:\/\/www.facebook.com\/semascmanaus","https:\/\/www.instagram.com\/semascmanaus\/"]},{"@type":"Person","@id":"https:\/\/www.manaus.am.gov.br\/semasc\/#\/schema\/person\/4e49f4e267757a06ca072ec61b2b9968","name":"Adriana Costa","image":{"@type":"ImageObject","inLanguage":"pt-BR","@id":"https:\/\/www.manaus.am.gov.br\/semasc\/#\/schema\/person\/image\/","url":"https:\/\/secure.gravatar.com\/avatar\/576258617ef7194f718179e766d57bd4?s=96&d=mm&r=g","contentUrl":"https:\/\/secure.gravatar.com\/avatar\/576258617ef7194f718179e766d57bd4?s=96&d=mm&r=g","caption":"Adriana Costa"}}]}},"_links":{"self":[{"href":"https:\/\/www.manaus.am.gov.br\/semasc\/wp-json\/wp\/v2\/posts\/207673"}],"collection":[{"href":"https:\/\/www.manaus.am.gov.br\/semasc\/wp-json\/wp\/v2\/posts"}],"about":[{"href":"https:\/\/www.manaus.am.gov.br\/semasc\/wp-json\/wp\/v2\/types\/post"}],"author":[{"embeddable":true,"href":"https:\/\/www.manaus.am.gov.br\/semasc\/wp-json\/wp\/v2\/users\/23"}],"replies":[{"embeddable":true,"href":"https:\/\/www.manaus.am.gov.br\/semasc\/wp-json\/wp\/v2\/comments?post=207673"}],"version-history":[{"count":1,"href":"https:\/\/www.manaus.am.gov.br\/semasc\/wp-json\/wp\/v2\/posts\/207673\/revisions"}],"predecessor-version":[{"id":207675,"href":"https:\/\/www.manaus.am.gov.br\/semasc\/wp-json\/wp\/v2\/posts\/207673\/revisions\/207675"}],"wp:featuredmedia":[{"embeddable":true,"href":"https:\/\/www.manaus.am.gov.br\/semasc\/wp-json\/wp\/v2\/media\/207674"}],"wp:attachment":[{"href":"https:\/\/www.manaus.am.gov.br\/semasc\/wp-json\/wp\/v2\/media?parent=207673"}],"wp:term":[{"taxonomy":"category","embeddable":true,"href":"https:\/\/www.manaus.am.gov.br\/semasc\/wp-json\/wp\/v2\/categories?post=207673"},{"taxonomy":"post_tag","embeddable":true,"href":"https:\/\/www.manaus.am.gov.br\/semasc\/wp-json\/wp\/v2\/tags?post=207673"}],"curies":[{"name":"wp","href":"https:\/\/api.w.org\/{rel}","templated":true}]}}