{"id":207671,"date":"2023-06-07T19:11:28","date_gmt":"2023-06-07T23:11:28","guid":{"rendered":"https:\/\/www.manaus.am.gov.br\/semasc\/prefeitura-de-manaus-reinaugura-cozinha-comunitaria-do-bairro-santo-agostinho-para-reforcar-o-combate-a-fome\/"},"modified":"2023-06-07T19:11:29","modified_gmt":"2023-06-07T23:11:29","slug":"prefeitura-de-manaus-reinaugura-cozinha-comunitaria-do-bairro-santo-agostinho-para-reforcar-o-combate-a-fome","status":"publish","type":"post","link":"https:\/\/www.manaus.am.gov.br\/semasc\/prefeitura-de-manaus-reinaugura-cozinha-comunitaria-do-bairro-santo-agostinho-para-reforcar-o-combate-a-fome\/","title":{"rendered":"<strong>Prefeitura de Manaus reinaugura cozinha comunit\u00e1ria do bairro Santo Agostinho para refor\u00e7ar o combate \u00e0 fome<\/strong>"},"content":{"rendered":"\n<p>Dando continuidade \u00e0s reformas estruturais de diversos equipamentos socioassistenciais da capital amazonense, a Prefeitura de Manaus, por meio da Secretaria Municipal da Mulher, Assist\u00eancia Social e Cidadania (Semasc), entregou, nesta quarta-feira, 7\/6, a cozinha comunit\u00e1ria do bairro Santo Agostinho, na zona Oeste, com suas instala\u00e7\u00f5es totalmente revitalizadas.<\/p>\n\n\n\n<p>&#8220;Hoje, conclu\u00edmos uma obra que simbolizava um sonho para toda a comunidade a sua volta. Mais do que apenas retornar a realizar seus atendimentos, hoje voltamos trazendo um ambiente climatizado, confort\u00e1vel, com refei\u00e7\u00f5es de qualidade, gratuitas e oferecidas atrav\u00e9s de um atendimento humanizado, fruto de um trabalho de muito amor e carinho por parte de nossas equipes&#8221;, destacou Eduardo Lucas, secret\u00e1rio da Semasc.<\/p>\n\n\n\n<p>Para melhor atender as demandas da popula\u00e7\u00e3o atendida pelo equipamento, a unidade recebeu servi\u00e7os de manuten\u00e7\u00e3o e reforma no telhado, no forro, na \u00e1rea de higieniza\u00e7\u00e3o dos alimentos e nos pisos, padroniza\u00e7\u00e3o de g\u00e1s GLP, troca de lou\u00e7as sanit\u00e1rias, drenagem da \u00e1rea externa do per\u00edmetro que n\u00e3o funcionava anteriormente e que ocasionou problemas estruturais nos muros existentes (estes agora refor\u00e7ados), al\u00e9m de reparos no castelo d&#8217;\u00e1gua, pintura total e revis\u00e3o nas instala\u00e7\u00f5es el\u00e9tricas e hidrossanit\u00e1rias.<\/p>\n\n\n\n<p>Ao todo, 200 pessoas s\u00e3o atendidas todos os dias pela cozinha comunit\u00e1ria do Santo Agostinho, respons\u00e1vel pela distribui\u00e7\u00e3o gratuita de uma refei\u00e7\u00e3o completa por dia, de segunda a sexta-feira, aos moradores do entorno. De acordo com a diretora do Departamento de Seguran\u00e7a Alimentar e Educa\u00e7\u00e3o Nutricional (DSAN), Juliana Diz, a revitaliza\u00e7\u00e3o da unidade representa ainda o cumprimento eficaz de uma das frentes de trabalho mais importantes no processo de garantia de direitos b\u00e1sicos a fam\u00edlias carentes: o combate \u00e0 fome.<\/p>\n\n\n\n<p>&#8220;O que oferecemos em nossas cozinhas comunit\u00e1rias \u00e9 um direito humano e b\u00e1sico, j\u00e1 que todos, independente de quem seja, t\u00eam o direito a receber uma alimenta\u00e7\u00e3o adequada, nutricionalmente balanceada, manipulada com todo o cuidado e de forma gratuita. Hoje, a Prefeitura de Manaus retoma esse atendimento no bairro do Santo Agostinho e nas comunidades ao redor com uma estrutura ainda melhor e mais adequada ao trabalho que realizamos aqui, e quem sai ganhando \u00e9 a popula\u00e7\u00e3o&#8221;, explicou.<\/p>\n\n\n\n<p>Cozinheira da unidade, Ant\u00f4nia Batista de Souza emocionou-se ao falar do pr\u00f3prio trabalho enquanto agradecia as in\u00fameras reformas realizadas na estrutura do equipamento.<\/p>\n\n\n\n<p>&#8220;T\u00eam pessoas que chegam aqui em situa\u00e7\u00f5es de quebrar o cora\u00e7\u00e3o, pessoas que n\u00e3o t\u00eam o que comer, pessoas que sofrem muito todos os dias, mas que quando chegam aqui, chegam com um sorriso no rosto, pois sabem que aqui eu e minhas colegas vamos atend\u00ea-los com amor. Isso, para mim, \u00e9 gratid\u00e3o. A fome d\u00f3i, s\u00f3 quem j\u00e1 a sentiu sabe, e por isso aqui tratamos todos bem, por isso trabalhamos servindo tudo direitinho, o almo\u00e7o, o suco, as frutas, tudo mesmo. \u00c9 por isso que eu tamb\u00e9m sou muito grata por tudo o que fizeram nesta cozinha&#8221;, afirmou.<\/p>\n\n\n\n<p><strong>Cozinhas Comunit\u00e1rias<\/strong><\/p>\n\n\n\n<p>O Programa Cozinhas Comunit\u00e1rias \u00e9 desenvolvido pela Gest\u00e3o Municipal, via Semasc, em parceria com institui\u00e7\u00f5es p\u00fablicas e privadas, buscando promover a melhoria das condi\u00e7\u00f5es de nutri\u00e7\u00e3o e acesso \u00e0 alimenta\u00e7\u00e3o de qualidade para a popula\u00e7\u00e3o de baixa renda e sendo destinado a trabalhadores, estudantes, donas de casa, idosos, catadores de materiais recicl\u00e1veis, desempregados e demais pessoas em situa\u00e7\u00e3o de vulnerabilidade social.&nbsp;<\/p>\n\n\n\n<p>As cozinhas comunit\u00e1rias visam o resgate da cidadania dos usu\u00e1rios, mediante iniciativas como palestras, a\u00e7\u00f5es de cidadania, preven\u00e7\u00e3o do meio ambiente, reintegra\u00e7\u00e3o familiar e fortalecimento de sa\u00fade f\u00edsica. Prop\u00f5e, ainda, contribuir com a redu\u00e7\u00e3o do quadro de vulnerabilidade social e inseguran\u00e7a alimentar e nutricional nas mais diversas \u00e1reas, melhorando a qualidade e a perspectiva de vida da popula\u00e7\u00e3o a partir de um card\u00e1pio devidamente orientado por nutricionistas que os acompanham periodicamente at\u00e9 atingirem n\u00edveis satisfat\u00f3rios de nutri\u00e7\u00e3o.<\/p>\n\n\n\n<p>Funcionando de segunda a sexta-feira, as cozinhas comunit\u00e1rias servem 200 refei\u00e7\u00f5es por dia em cada uma das seis unidades do equipamento, totalizando 1.200 atendimentos por semana na cidade de Manaus.<\/p>\n\n\n\n<p>&#8212; &#8212; &#8212;<\/p>\n\n\n\n<p><strong>Texto<\/strong>&nbsp;&#8211; Guilherme Ara\u00fajo Pacheco \/ Semasc<\/p>\n\n\n\n<p><strong>Fotos<\/strong>&nbsp;\u2013 Aguilar Abecassis \/ Semcom<\/p>\n\n\n\n<p>Dispon\u00edveis em &#8211;&nbsp;<a href=\"https:\/\/flic.kr\/s\/aHBqjAGTNY\" target=\"_blank\" rel=\"noreferrer noopener\">https:\/\/flic.kr\/s\/aHBqjAGTNY<\/a><\/p>\n","protected":false},"excerpt":{"rendered":"","protected":false},"author":31,"featured_media":207672,"comment_status":"closed","ping_status":"closed","sticky":false,"template":"","format":"standard","meta":{"footnotes":""},"categories":[87],"tags":[123,124,125,126],"acf":[],"yoast_head":"<!-- This site is optimized with the Yoast SEO plugin v23.0 - https:\/\/yoast.com\/wordpress\/plugins\/seo\/ -->\n<title>Prefeitura de Manaus reinaugura cozinha comunit\u00e1ria do bairro Santo Agostinho para refor\u00e7ar o combate \u00e0 fome - SEMASC<\/title>\n<meta name=\"robots\" content=\"noindex, follow\" \/>\n<meta property=\"og:locale\" content=\"pt_BR\" \/>\n<meta property=\"og:type\" content=\"article\" \/>\n<meta property=\"og:title\" content=\"Prefeitura de Manaus reinaugura cozinha comunit\u00e1ria do bairro Santo Agostinho para refor\u00e7ar o combate \u00e0 fome - SEMASC\" \/>\n<meta property=\"og:url\" content=\"https:\/\/www.manaus.am.gov.br\/semasc\/prefeitura-de-manaus-reinaugura-cozinha-comunitaria-do-bairro-santo-agostinho-para-reforcar-o-combate-a-fome\/\" \/>\n<meta property=\"og:site_name\" content=\"SEMASC\" \/>\n<meta property=\"article:publisher\" content=\"https:\/\/www.facebook.com\/semascmanaus\" \/>\n<meta property=\"article:published_time\" content=\"2023-06-07T23:11:28+00:00\" \/>\n<meta property=\"article:modified_time\" content=\"2023-06-07T23:11:29+00:00\" \/>\n<meta property=\"og:image\" content=\"https:\/\/www.manaus.am.gov.br\/semasc\/wp-content\/uploads\/sites\/17\/2023\/06\/52958434089_20655ee2d9_c.jpg\" \/>\n\t<meta property=\"og:image:width\" content=\"799\" \/>\n\t<meta property=\"og:image:height\" content=\"533\" \/>\n\t<meta property=\"og:image:type\" content=\"image\/jpeg\" \/>\n<meta name=\"author\" content=\"Renata Felix\" \/>\n<meta name=\"twitter:card\" content=\"summary_large_image\" \/>\n<meta name=\"twitter:label1\" content=\"Written by\" \/>\n\t<meta name=\"twitter:data1\" content=\"Renata Felix\" \/>\n\t<meta name=\"twitter:label2\" content=\"Est. reading time\" \/>\n\t<meta name=\"twitter:data2\" content=\"4 minutos\" \/>\n<script type=\"application\/ld+json\" class=\"yoast-schema-graph\">{\"@context\":\"https:\/\/schema.org\",\"@graph\":[{\"@type\":\"Article\",\"@id\":\"https:\/\/www.manaus.am.gov.br\/semasc\/prefeitura-de-manaus-reinaugura-cozinha-comunitaria-do-bairro-santo-agostinho-para-reforcar-o-combate-a-fome\/#article\",\"isPartOf\":{\"@id\":\"https:\/\/www.manaus.am.gov.br\/semasc\/prefeitura-de-manaus-reinaugura-cozinha-comunitaria-do-bairro-santo-agostinho-para-reforcar-o-combate-a-fome\/\"},\"author\":{\"name\":\"Renata Felix\",\"@id\":\"https:\/\/www.manaus.am.gov.br\/semasc\/#\/schema\/person\/4eea2a8f78dc853097abb026f728aa06\"},\"headline\":\"Prefeitura de Manaus reinaugura cozinha comunit\u00e1ria do bairro Santo Agostinho para refor\u00e7ar o combate \u00e0 fome\",\"datePublished\":\"2023-06-07T23:11:28+00:00\",\"dateModified\":\"2023-06-07T23:11:29+00:00\",\"mainEntityOfPage\":{\"@id\":\"https:\/\/www.manaus.am.gov.br\/semasc\/prefeitura-de-manaus-reinaugura-cozinha-comunitaria-do-bairro-santo-agostinho-para-reforcar-o-combate-a-fome\/\"},\"wordCount\":750,\"publisher\":{\"@id\":\"https:\/\/www.manaus.am.gov.br\/semasc\/#organization\"},\"image\":{\"@id\":\"https:\/\/www.manaus.am.gov.br\/semasc\/prefeitura-de-manaus-reinaugura-cozinha-comunitaria-do-bairro-santo-agostinho-para-reforcar-o-combate-a-fome\/#primaryimage\"},\"thumbnailUrl\":\"https:\/\/www.manaus.am.gov.br\/semasc\/wp-content\/uploads\/sites\/17\/2023\/06\/52958434089_20655ee2d9_c.jpg\",\"keywords\":[\"bairro santo agostinho\",\"combate \u00e0 fome\",\"cozinha comunit\u00e1ria\",\"reinaugura\u00e7\u00e3o\"],\"articleSection\":[\"Cidadania\"],\"inLanguage\":\"pt-BR\"},{\"@type\":\"WebPage\",\"@id\":\"https:\/\/www.manaus.am.gov.br\/semasc\/prefeitura-de-manaus-reinaugura-cozinha-comunitaria-do-bairro-santo-agostinho-para-reforcar-o-combate-a-fome\/\",\"url\":\"https:\/\/www.manaus.am.gov.br\/semasc\/prefeitura-de-manaus-reinaugura-cozinha-comunitaria-do-bairro-santo-agostinho-para-reforcar-o-combate-a-fome\/\",\"name\":\"Prefeitura de Manaus reinaugura cozinha comunit\u00e1ria do bairro Santo Agostinho para refor\u00e7ar o combate \u00e0 fome - SEMASC\",\"isPartOf\":{\"@id\":\"https:\/\/www.manaus.am.gov.br\/semasc\/#website\"},\"primaryImageOfPage\":{\"@id\":\"https:\/\/www.manaus.am.gov.br\/semasc\/prefeitura-de-manaus-reinaugura-cozinha-comunitaria-do-bairro-santo-agostinho-para-reforcar-o-combate-a-fome\/#primaryimage\"},\"image\":{\"@id\":\"https:\/\/www.manaus.am.gov.br\/semasc\/prefeitura-de-manaus-reinaugura-cozinha-comunitaria-do-bairro-santo-agostinho-para-reforcar-o-combate-a-fome\/#primaryimage\"},\"thumbnailUrl\":\"https:\/\/www.manaus.am.gov.br\/semasc\/wp-content\/uploads\/sites\/17\/2023\/06\/52958434089_20655ee2d9_c.jpg\",\"datePublished\":\"2023-06-07T23:11:28+00:00\",\"dateModified\":\"2023-06-07T23:11:29+00:00\",\"breadcrumb\":{\"@id\":\"https:\/\/www.manaus.am.gov.br\/semasc\/prefeitura-de-manaus-reinaugura-cozinha-comunitaria-do-bairro-santo-agostinho-para-reforcar-o-combate-a-fome\/#breadcrumb\"},\"inLanguage\":\"pt-BR\",\"potentialAction\":[{\"@type\":\"ReadAction\",\"target\":[\"https:\/\/www.manaus.am.gov.br\/semasc\/prefeitura-de-manaus-reinaugura-cozinha-comunitaria-do-bairro-santo-agostinho-para-reforcar-o-combate-a-fome\/\"]}]},{\"@type\":\"ImageObject\",\"inLanguage\":\"pt-BR\",\"@id\":\"https:\/\/www.manaus.am.gov.br\/semasc\/prefeitura-de-manaus-reinaugura-cozinha-comunitaria-do-bairro-santo-agostinho-para-reforcar-o-combate-a-fome\/#primaryimage\",\"url\":\"https:\/\/www.manaus.am.gov.br\/semasc\/wp-content\/uploads\/sites\/17\/2023\/06\/52958434089_20655ee2d9_c.jpg\",\"contentUrl\":\"https:\/\/www.manaus.am.gov.br\/semasc\/wp-content\/uploads\/sites\/17\/2023\/06\/52958434089_20655ee2d9_c.jpg\",\"width\":799,\"height\":533},{\"@type\":\"BreadcrumbList\",\"@id\":\"https:\/\/www.manaus.am.gov.br\/semasc\/prefeitura-de-manaus-reinaugura-cozinha-comunitaria-do-bairro-santo-agostinho-para-reforcar-o-combate-a-fome\/#breadcrumb\",\"itemListElement\":[{\"@type\":\"ListItem\",\"position\":1,\"name\":\"Home\",\"item\":\"https:\/\/www.manaus.am.gov.br\/semasc\/\"},{\"@type\":\"ListItem\",\"position\":2,\"name\":\"Prefeitura de Manaus reinaugura cozinha comunit\u00e1ria do bairro Santo Agostinho para refor\u00e7ar o combate \u00e0 fome\"}]},{\"@type\":\"WebSite\",\"@id\":\"https:\/\/www.manaus.am.gov.br\/semasc\/#website\",\"url\":\"https:\/\/www.manaus.am.gov.br\/semasc\/\",\"name\":\"SEMASC\",\"description\":\"Secretaria Municipal da Mulher, Assist\u00eancia Social e Cidadania.\",\"publisher\":{\"@id\":\"https:\/\/www.manaus.am.gov.br\/semasc\/#organization\"},\"alternateName\":\"Secretaria Municipal da Mulher, Assist\u00eancia Social e Cidadania\",\"potentialAction\":[{\"@type\":\"SearchAction\",\"target\":{\"@type\":\"EntryPoint\",\"urlTemplate\":\"https:\/\/www.manaus.am.gov.br\/semasc\/?s={search_term_string}\"},\"query-input\":\"required name=search_term_string\"}],\"inLanguage\":\"pt-BR\"},{\"@type\":\"Organization\",\"@id\":\"https:\/\/www.manaus.am.gov.br\/semasc\/#organization\",\"name\":\"Prefeitura de Manaus\",\"alternateName\":\"Prefeitura Municipal de Manaus\",\"url\":\"https:\/\/www.manaus.am.gov.br\/semasc\/\",\"logo\":{\"@type\":\"ImageObject\",\"inLanguage\":\"pt-BR\",\"@id\":\"https:\/\/www.manaus.am.gov.br\/semasc\/#\/schema\/logo\/image\/\",\"url\":\"https:\/\/www.manaus.am.gov.br\/semasc\/wp-content\/uploads\/sites\/17\/2024\/07\/favicon.png\",\"contentUrl\":\"https:\/\/www.manaus.am.gov.br\/semasc\/wp-content\/uploads\/sites\/17\/2024\/07\/favicon.png\",\"width\":300,\"height\":300,\"caption\":\"Prefeitura de Manaus\"},\"image\":{\"@id\":\"https:\/\/www.manaus.am.gov.br\/semasc\/#\/schema\/logo\/image\/\"},\"sameAs\":[\"https:\/\/www.facebook.com\/semascmanaus\",\"https:\/\/www.instagram.com\/semascmanaus\/\"]},{\"@type\":\"Person\",\"@id\":\"https:\/\/www.manaus.am.gov.br\/semasc\/#\/schema\/person\/4eea2a8f78dc853097abb026f728aa06\",\"name\":\"Renata Felix\",\"image\":{\"@type\":\"ImageObject\",\"inLanguage\":\"pt-BR\",\"@id\":\"https:\/\/www.manaus.am.gov.br\/semasc\/#\/schema\/person\/image\/\",\"url\":\"https:\/\/secure.gravatar.com\/avatar\/3c196cf9d3b837b24c8edb2c50fd8f29?s=96&d=mm&r=g\",\"contentUrl\":\"https:\/\/secure.gravatar.com\/avatar\/3c196cf9d3b837b24c8edb2c50fd8f29?s=96&d=mm&r=g\",\"caption\":\"Renata Felix\"}}]}<\/script>\n<!-- \/ Yoast SEO plugin. -->","yoast_head_json":{"title":"Prefeitura de Manaus reinaugura cozinha comunit\u00e1ria do bairro Santo Agostinho para refor\u00e7ar o combate \u00e0 fome - SEMASC","robots":{"index":"noindex","follow":"follow"},"og_locale":"pt_BR","og_type":"article","og_title":"Prefeitura de Manaus reinaugura cozinha comunit\u00e1ria do bairro Santo Agostinho para refor\u00e7ar o combate \u00e0 fome - SEMASC","og_url":"https:\/\/www.manaus.am.gov.br\/semasc\/prefeitura-de-manaus-reinaugura-cozinha-comunitaria-do-bairro-santo-agostinho-para-reforcar-o-combate-a-fome\/","og_site_name":"SEMASC","article_publisher":"https:\/\/www.facebook.com\/semascmanaus","article_published_time":"2023-06-07T23:11:28+00:00","article_modified_time":"2023-06-07T23:11:29+00:00","og_image":[{"width":799,"height":533,"url":"https:\/\/www.manaus.am.gov.br\/semasc\/wp-content\/uploads\/sites\/17\/2023\/06\/52958434089_20655ee2d9_c.jpg","type":"image\/jpeg"}],"author":"Renata Felix","twitter_card":"summary_large_image","twitter_misc":{"Written by":"Renata Felix","Est. reading time":"4 minutos"},"schema":{"@context":"https:\/\/schema.org","@graph":[{"@type":"Article","@id":"https:\/\/www.manaus.am.gov.br\/semasc\/prefeitura-de-manaus-reinaugura-cozinha-comunitaria-do-bairro-santo-agostinho-para-reforcar-o-combate-a-fome\/#article","isPartOf":{"@id":"https:\/\/www.manaus.am.gov.br\/semasc\/prefeitura-de-manaus-reinaugura-cozinha-comunitaria-do-bairro-santo-agostinho-para-reforcar-o-combate-a-fome\/"},"author":{"name":"Renata Felix","@id":"https:\/\/www.manaus.am.gov.br\/semasc\/#\/schema\/person\/4eea2a8f78dc853097abb026f728aa06"},"headline":"Prefeitura de Manaus reinaugura cozinha comunit\u00e1ria do bairro Santo Agostinho para refor\u00e7ar o combate \u00e0 fome","datePublished":"2023-06-07T23:11:28+00:00","dateModified":"2023-06-07T23:11:29+00:00","mainEntityOfPage":{"@id":"https:\/\/www.manaus.am.gov.br\/semasc\/prefeitura-de-manaus-reinaugura-cozinha-comunitaria-do-bairro-santo-agostinho-para-reforcar-o-combate-a-fome\/"},"wordCount":750,"publisher":{"@id":"https:\/\/www.manaus.am.gov.br\/semasc\/#organization"},"image":{"@id":"https:\/\/www.manaus.am.gov.br\/semasc\/prefeitura-de-manaus-reinaugura-cozinha-comunitaria-do-bairro-santo-agostinho-para-reforcar-o-combate-a-fome\/#primaryimage"},"thumbnailUrl":"https:\/\/www.manaus.am.gov.br\/semasc\/wp-content\/uploads\/sites\/17\/2023\/06\/52958434089_20655ee2d9_c.jpg","keywords":["bairro santo agostinho","combate \u00e0 fome","cozinha comunit\u00e1ria","reinaugura\u00e7\u00e3o"],"articleSection":["Cidadania"],"inLanguage":"pt-BR"},{"@type":"WebPage","@id":"https:\/\/www.manaus.am.gov.br\/semasc\/prefeitura-de-manaus-reinaugura-cozinha-comunitaria-do-bairro-santo-agostinho-para-reforcar-o-combate-a-fome\/","url":"https:\/\/www.manaus.am.gov.br\/semasc\/prefeitura-de-manaus-reinaugura-cozinha-comunitaria-do-bairro-santo-agostinho-para-reforcar-o-combate-a-fome\/","name":"Prefeitura de Manaus reinaugura cozinha comunit\u00e1ria do bairro Santo Agostinho para refor\u00e7ar o combate \u00e0 fome - SEMASC","isPartOf":{"@id":"https:\/\/www.manaus.am.gov.br\/semasc\/#website"},"primaryImageOfPage":{"@id":"https:\/\/www.manaus.am.gov.br\/semasc\/prefeitura-de-manaus-reinaugura-cozinha-comunitaria-do-bairro-santo-agostinho-para-reforcar-o-combate-a-fome\/#primaryimage"},"image":{"@id":"https:\/\/www.manaus.am.gov.br\/semasc\/prefeitura-de-manaus-reinaugura-cozinha-comunitaria-do-bairro-santo-agostinho-para-reforcar-o-combate-a-fome\/#primaryimage"},"thumbnailUrl":"https:\/\/www.manaus.am.gov.br\/semasc\/wp-content\/uploads\/sites\/17\/2023\/06\/52958434089_20655ee2d9_c.jpg","datePublished":"2023-06-07T23:11:28+00:00","dateModified":"2023-06-07T23:11:29+00:00","breadcrumb":{"@id":"https:\/\/www.manaus.am.gov.br\/semasc\/prefeitura-de-manaus-reinaugura-cozinha-comunitaria-do-bairro-santo-agostinho-para-reforcar-o-combate-a-fome\/#breadcrumb"},"inLanguage":"pt-BR","potentialAction":[{"@type":"ReadAction","target":["https:\/\/www.manaus.am.gov.br\/semasc\/prefeitura-de-manaus-reinaugura-cozinha-comunitaria-do-bairro-santo-agostinho-para-reforcar-o-combate-a-fome\/"]}]},{"@type":"ImageObject","inLanguage":"pt-BR","@id":"https:\/\/www.manaus.am.gov.br\/semasc\/prefeitura-de-manaus-reinaugura-cozinha-comunitaria-do-bairro-santo-agostinho-para-reforcar-o-combate-a-fome\/#primaryimage","url":"https:\/\/www.manaus.am.gov.br\/semasc\/wp-content\/uploads\/sites\/17\/2023\/06\/52958434089_20655ee2d9_c.jpg","contentUrl":"https:\/\/www.manaus.am.gov.br\/semasc\/wp-content\/uploads\/sites\/17\/2023\/06\/52958434089_20655ee2d9_c.jpg","width":799,"height":533},{"@type":"BreadcrumbList","@id":"https:\/\/www.manaus.am.gov.br\/semasc\/prefeitura-de-manaus-reinaugura-cozinha-comunitaria-do-bairro-santo-agostinho-para-reforcar-o-combate-a-fome\/#breadcrumb","itemListElement":[{"@type":"ListItem","position":1,"name":"Home","item":"https:\/\/www.manaus.am.gov.br\/semasc\/"},{"@type":"ListItem","position":2,"name":"Prefeitura de Manaus reinaugura cozinha comunit\u00e1ria do bairro Santo Agostinho para refor\u00e7ar o combate \u00e0 fome"}]},{"@type":"WebSite","@id":"https:\/\/www.manaus.am.gov.br\/semasc\/#website","url":"https:\/\/www.manaus.am.gov.br\/semasc\/","name":"SEMASC","description":"Secretaria Municipal da Mulher, Assist\u00eancia Social e Cidadania.","publisher":{"@id":"https:\/\/www.manaus.am.gov.br\/semasc\/#organization"},"alternateName":"Secretaria Municipal da Mulher, Assist\u00eancia Social e Cidadania","potentialAction":[{"@type":"SearchAction","target":{"@type":"EntryPoint","urlTemplate":"https:\/\/www.manaus.am.gov.br\/semasc\/?s={search_term_string}"},"query-input":"required name=search_term_string"}],"inLanguage":"pt-BR"},{"@type":"Organization","@id":"https:\/\/www.manaus.am.gov.br\/semasc\/#organization","name":"Prefeitura de Manaus","alternateName":"Prefeitura Municipal de Manaus","url":"https:\/\/www.manaus.am.gov.br\/semasc\/","logo":{"@type":"ImageObject","inLanguage":"pt-BR","@id":"https:\/\/www.manaus.am.gov.br\/semasc\/#\/schema\/logo\/image\/","url":"https:\/\/www.manaus.am.gov.br\/semasc\/wp-content\/uploads\/sites\/17\/2024\/07\/favicon.png","contentUrl":"https:\/\/www.manaus.am.gov.br\/semasc\/wp-content\/uploads\/sites\/17\/2024\/07\/favicon.png","width":300,"height":300,"caption":"Prefeitura de Manaus"},"image":{"@id":"https:\/\/www.manaus.am.gov.br\/semasc\/#\/schema\/logo\/image\/"},"sameAs":["https:\/\/www.facebook.com\/semascmanaus","https:\/\/www.instagram.com\/semascmanaus\/"]},{"@type":"Person","@id":"https:\/\/www.manaus.am.gov.br\/semasc\/#\/schema\/person\/4eea2a8f78dc853097abb026f728aa06","name":"Renata Felix","image":{"@type":"ImageObject","inLanguage":"pt-BR","@id":"https:\/\/www.manaus.am.gov.br\/semasc\/#\/schema\/person\/image\/","url":"https:\/\/secure.gravatar.com\/avatar\/3c196cf9d3b837b24c8edb2c50fd8f29?s=96&d=mm&r=g","contentUrl":"https:\/\/secure.gravatar.com\/avatar\/3c196cf9d3b837b24c8edb2c50fd8f29?s=96&d=mm&r=g","caption":"Renata Felix"}}]}},"_links":{"self":[{"href":"https:\/\/www.manaus.am.gov.br\/semasc\/wp-json\/wp\/v2\/posts\/207671"}],"collection":[{"href":"https:\/\/www.manaus.am.gov.br\/semasc\/wp-json\/wp\/v2\/posts"}],"about":[{"href":"https:\/\/www.manaus.am.gov.br\/semasc\/wp-json\/wp\/v2\/types\/post"}],"author":[{"embeddable":true,"href":"https:\/\/www.manaus.am.gov.br\/semasc\/wp-json\/wp\/v2\/users\/31"}],"replies":[{"embeddable":true,"href":"https:\/\/www.manaus.am.gov.br\/semasc\/wp-json\/wp\/v2\/comments?post=207671"}],"version-history":[{"count":0,"href":"https:\/\/www.manaus.am.gov.br\/semasc\/wp-json\/wp\/v2\/posts\/207671\/revisions"}],"wp:featuredmedia":[{"embeddable":true,"href":"https:\/\/www.manaus.am.gov.br\/semasc\/wp-json\/wp\/v2\/media\/207672"}],"wp:attachment":[{"href":"https:\/\/www.manaus.am.gov.br\/semasc\/wp-json\/wp\/v2\/media?parent=207671"}],"wp:term":[{"taxonomy":"category","embeddable":true,"href":"https:\/\/www.manaus.am.gov.br\/semasc\/wp-json\/wp\/v2\/categories?post=207671"},{"taxonomy":"post_tag","embeddable":true,"href":"https:\/\/www.manaus.am.gov.br\/semasc\/wp-json\/wp\/v2\/tags?post=207671"}],"curies":[{"name":"wp","href":"https:\/\/api.w.org\/{rel}","templated":true}]}}