{"id":207669,"date":"2023-06-07T13:29:02","date_gmt":"2023-06-07T17:29:02","guid":{"rendered":"https:\/\/www.manaus.am.gov.br\/semasc\/prefeitura-de-manaus-alerta-populacao-para-falsa-assistente-social-realizando-furtos\/"},"modified":"2023-06-07T13:29:03","modified_gmt":"2023-06-07T17:29:03","slug":"prefeitura-de-manaus-alerta-populacao-para-falsa-assistente-social-realizando-furtos","status":"publish","type":"post","link":"https:\/\/www.manaus.am.gov.br\/semasc\/prefeitura-de-manaus-alerta-populacao-para-falsa-assistente-social-realizando-furtos\/","title":{"rendered":"Prefeitura de Manaus alerta popula\u00e7\u00e3o para falsa assistente social realizando furtos"},"content":{"rendered":"\n<p>A Prefeitura de Manaus, por meio da Secretaria Municipal da Mulher, Assist\u00eancia Social e Cidadania (Semasc), alerta a popula\u00e7\u00e3o manauara, em especial os usu\u00e1rios dos Centros de Refer\u00eancia de Assist\u00eancia Social (Cras) da capital, sobre uma suspeita de furto qualificado que est\u00e1 atuando no bairro L\u00edrio do Vale, na zona Oeste, se apresentando \u00e0 resid\u00eancia de comunit\u00e1rios como assistente social.<\/p>\n\n\n\n<p>De acordo com moradores do bairro, a suspeita realiza inscri\u00e7\u00f5es para o suposto recebimento de uma cesta b\u00e1sica a ser retirada no equipamento respons\u00e1vel pela \u00e1rea de abrang\u00eancia e, logo em seguida, realiza o furto de diversos objetos de valor, quantias em dinheiro, cart\u00f5es e documentos b\u00e1sicos, ap\u00f3s os instruir a comparecer imediatamente ao setor respons\u00e1vel pela entrega do benef\u00edcio e deixar a casa sob seus cuidados.<\/p>\n\n\n\n<p>\u201cRecebemos, hoje, na sede da secretaria, alguns dos usu\u00e1rios que foram v\u00edtimas dessa pessoa, relatando promessas de cestas b\u00e1sicas, rem\u00e9dios e afins. \u00c9 importante lembrar que nossas equipes realizam, sim, visitas t\u00e9cnicas, mas apenas sob solicita\u00e7\u00e3o pr\u00e9via. Al\u00e9m disso, em nenhum momento, solicitamos que o usu\u00e1rio se ausente da pr\u00f3pria resid\u00eancia enquanto permanecemos ali, isso n\u00e3o \u00e9 pr\u00e1tica de um assistente social e muito menos de um de nossos t\u00e9cnicos\u201d, destacou o secret\u00e1rio titular da Semasc, Eduardo Lucas.<\/p>\n\n\n\n<p>Acerca da distribui\u00e7\u00e3o de cestas b\u00e1sicas e outros benef\u00edcios eventuais, o chefe da divis\u00e3o de Servi\u00e7os Socioassistenciais, Benedito Melo Marinho, ressalta, ainda, que todas as tratativas necess\u00e1rias para o recebimento s\u00e3o realizadas somente nos equipamentos e nunca em domic\u00edlio, salvo em situa\u00e7\u00f5es extraordin\u00e1rias, como no caso de desastres ambientais ou outros tipos de sinistro.<\/p>\n\n\n\n<p>\u201cTodo o nosso corpo t\u00e9cnico \u00e9 instru\u00eddo a realizar visitas aos nossos usu\u00e1rios somente ap\u00f3s o processo de escuta qualificada, desenvolvido dentro de nossas unidades de atendimento. A equipe t\u00e9cnica se apresenta \u00e0 resid\u00eancia do usu\u00e1rio que solicitou a visita para dar continuidade ao diagn\u00f3stico social e apenas ap\u00f3s a coleta e o registro de todas essas informa\u00e7\u00f5es, junto \u00e0 popula\u00e7\u00e3o, \u00e9 que deliberamos a entrega de cestas b\u00e1sicas, a inser\u00e7\u00e3o em programas sociais e outras pol\u00edticas p\u00fablicas. De forma alguma, n\u00f3s nos encaminhamos \u00e0 resid\u00eancia de nossos usu\u00e1rios sem antes passar por essas etapas\u201d, detalhou.<\/p>\n\n\n\n<p><strong>Canais de den\u00fancia e Ouvidoria<\/strong><\/p>\n\n\n\n<p>Em caso de irregularidades no atendimento ou nos servi\u00e7os prestados pela Semasc constados pelos usu\u00e1rios, a popula\u00e7\u00e3o pode formalizar suas manifesta\u00e7\u00f5es a partir do n\u00famero (92) 98842-2954 ou ainda pelo e-mail&nbsp;<a href=\"mailto:ouvidoria.semasc@manaus.am.gov.br\" target=\"_blank\" rel=\"noreferrer noopener\">ouvidoria.semasc@manaus.am.gov.br<\/a>.<\/p>\n\n\n\n<p>&#8212; &#8212; &#8212;<\/p>\n\n\n\n<p><strong>Texto<\/strong>&nbsp;&#8211; Guilherme Ara\u00fajo Pacheco \/ Semasc<\/p>\n\n\n\n<p><strong>Fotos<\/strong>&nbsp;&#8211; Marcely Gomes \/ Semasc<\/p>\n","protected":false},"excerpt":{"rendered":"","protected":false},"author":23,"featured_media":207670,"comment_status":"closed","ping_status":"closed","sticky":false,"template":"","format":"standard","meta":{"footnotes":""},"categories":[119],"tags":[120,121,122,7,18],"acf":[],"yoast_head":"<!-- This site is optimized with the Yoast SEO plugin v23.0 - https:\/\/yoast.com\/wordpress\/plugins\/seo\/ -->\n<title>Prefeitura de Manaus alerta popula\u00e7\u00e3o para falsa assistente social realizando furtos<\/title>\n<meta name=\"description\" content=\"A Prefeitura de Manaus, por meio da Secretaria Municipal da Mulher, Assist\u00eancia Social e Cidadania (Semasc), alerta a popula\u00e7\u00e3o manauara, em especial os usu\u00e1rios dos Centros de Refer\u00eancia de Assist\u00eancia Social (Cras) da capital, sobre uma suspeita de furto qualificado que est\u00e1 atuando no bairro L\u00edrio do Vale, na zona Oeste, se apresentando \u00e0 resid\u00eancia de comunit\u00e1rios como assistente social.\" \/>\n<meta name=\"robots\" content=\"noindex, follow\" \/>\n<meta property=\"og:locale\" content=\"pt_BR\" \/>\n<meta property=\"og:type\" content=\"article\" \/>\n<meta property=\"og:title\" content=\"Prefeitura de Manaus alerta popula\u00e7\u00e3o para falsa assistente social realizando furtos\" \/>\n<meta property=\"og:description\" content=\"A Prefeitura de Manaus, por meio da Secretaria Municipal da Mulher, Assist\u00eancia Social e Cidadania (Semasc), alerta a popula\u00e7\u00e3o manauara, em especial os usu\u00e1rios dos Centros de Refer\u00eancia de Assist\u00eancia Social (Cras) da capital, sobre uma suspeita de furto qualificado que est\u00e1 atuando no bairro L\u00edrio do Vale, na zona Oeste, se apresentando \u00e0 resid\u00eancia de comunit\u00e1rios como assistente social.\" \/>\n<meta property=\"og:url\" content=\"https:\/\/www.manaus.am.gov.br\/semasc\/prefeitura-de-manaus-alerta-populacao-para-falsa-assistente-social-realizando-furtos\/\" \/>\n<meta property=\"og:site_name\" content=\"SEMASC\" \/>\n<meta property=\"article:publisher\" content=\"https:\/\/www.facebook.com\/semascmanaus\" \/>\n<meta property=\"article:published_time\" content=\"2023-06-07T17:29:02+00:00\" \/>\n<meta property=\"article:modified_time\" content=\"2023-06-07T17:29:03+00:00\" \/>\n<meta property=\"og:image\" content=\"https:\/\/www.manaus.am.gov.br\/semasc\/wp-content\/uploads\/sites\/17\/2023\/06\/WhatsApp-Image-2023-06-07-at-12.52.13.jpeg\" \/>\n\t<meta property=\"og:image:width\" content=\"1600\" \/>\n\t<meta property=\"og:image:height\" content=\"1066\" \/>\n\t<meta property=\"og:image:type\" content=\"image\/jpeg\" \/>\n<meta name=\"author\" content=\"Adriana Costa\" \/>\n<meta name=\"twitter:card\" content=\"summary_large_image\" \/>\n<meta name=\"twitter:label1\" content=\"Written by\" \/>\n\t<meta name=\"twitter:data1\" content=\"Adriana Costa\" \/>\n\t<meta name=\"twitter:label2\" content=\"Est. reading time\" \/>\n\t<meta name=\"twitter:data2\" content=\"3 minutos\" \/>\n<script type=\"application\/ld+json\" class=\"yoast-schema-graph\">{\"@context\":\"https:\/\/schema.org\",\"@graph\":[{\"@type\":\"Article\",\"@id\":\"https:\/\/www.manaus.am.gov.br\/semasc\/prefeitura-de-manaus-alerta-populacao-para-falsa-assistente-social-realizando-furtos\/#article\",\"isPartOf\":{\"@id\":\"https:\/\/www.manaus.am.gov.br\/semasc\/prefeitura-de-manaus-alerta-populacao-para-falsa-assistente-social-realizando-furtos\/\"},\"author\":{\"name\":\"Adriana Costa\",\"@id\":\"https:\/\/www.manaus.am.gov.br\/semasc\/#\/schema\/person\/4e49f4e267757a06ca072ec61b2b9968\"},\"headline\":\"Prefeitura de Manaus alerta popula\u00e7\u00e3o para falsa assistente social realizando furtos\",\"datePublished\":\"2023-06-07T17:29:02+00:00\",\"dateModified\":\"2023-06-07T17:29:03+00:00\",\"mainEntityOfPage\":{\"@id\":\"https:\/\/www.manaus.am.gov.br\/semasc\/prefeitura-de-manaus-alerta-populacao-para-falsa-assistente-social-realizando-furtos\/\"},\"wordCount\":484,\"publisher\":{\"@id\":\"https:\/\/www.manaus.am.gov.br\/semasc\/#organization\"},\"image\":{\"@id\":\"https:\/\/www.manaus.am.gov.br\/semasc\/prefeitura-de-manaus-alerta-populacao-para-falsa-assistente-social-realizando-furtos\/#primaryimage\"},\"thumbnailUrl\":\"https:\/\/www.manaus.am.gov.br\/semasc\/wp-content\/uploads\/sites\/17\/2023\/06\/WhatsApp-Image-2023-06-07-at-12.52.13.jpeg\",\"keywords\":[\"assistente social\",\"cras\",\"furto\",\"prefeitura de manaus\",\"Semasc\"],\"articleSection\":[\"Orienta\u00e7\u00e3o\"],\"inLanguage\":\"pt-BR\"},{\"@type\":\"WebPage\",\"@id\":\"https:\/\/www.manaus.am.gov.br\/semasc\/prefeitura-de-manaus-alerta-populacao-para-falsa-assistente-social-realizando-furtos\/\",\"url\":\"https:\/\/www.manaus.am.gov.br\/semasc\/prefeitura-de-manaus-alerta-populacao-para-falsa-assistente-social-realizando-furtos\/\",\"name\":\"Prefeitura de Manaus alerta popula\u00e7\u00e3o para falsa assistente social realizando furtos\",\"isPartOf\":{\"@id\":\"https:\/\/www.manaus.am.gov.br\/semasc\/#website\"},\"primaryImageOfPage\":{\"@id\":\"https:\/\/www.manaus.am.gov.br\/semasc\/prefeitura-de-manaus-alerta-populacao-para-falsa-assistente-social-realizando-furtos\/#primaryimage\"},\"image\":{\"@id\":\"https:\/\/www.manaus.am.gov.br\/semasc\/prefeitura-de-manaus-alerta-populacao-para-falsa-assistente-social-realizando-furtos\/#primaryimage\"},\"thumbnailUrl\":\"https:\/\/www.manaus.am.gov.br\/semasc\/wp-content\/uploads\/sites\/17\/2023\/06\/WhatsApp-Image-2023-06-07-at-12.52.13.jpeg\",\"datePublished\":\"2023-06-07T17:29:02+00:00\",\"dateModified\":\"2023-06-07T17:29:03+00:00\",\"description\":\"A Prefeitura de Manaus, por meio da Secretaria Municipal da Mulher, Assist\u00eancia Social e Cidadania (Semasc), alerta a popula\u00e7\u00e3o manauara, em especial os usu\u00e1rios dos Centros de Refer\u00eancia de Assist\u00eancia Social (Cras) da capital, sobre uma suspeita de furto qualificado que est\u00e1 atuando no bairro L\u00edrio do Vale, na zona Oeste, se apresentando \u00e0 resid\u00eancia de comunit\u00e1rios como assistente social.\",\"breadcrumb\":{\"@id\":\"https:\/\/www.manaus.am.gov.br\/semasc\/prefeitura-de-manaus-alerta-populacao-para-falsa-assistente-social-realizando-furtos\/#breadcrumb\"},\"inLanguage\":\"pt-BR\",\"potentialAction\":[{\"@type\":\"ReadAction\",\"target\":[\"https:\/\/www.manaus.am.gov.br\/semasc\/prefeitura-de-manaus-alerta-populacao-para-falsa-assistente-social-realizando-furtos\/\"]}]},{\"@type\":\"ImageObject\",\"inLanguage\":\"pt-BR\",\"@id\":\"https:\/\/www.manaus.am.gov.br\/semasc\/prefeitura-de-manaus-alerta-populacao-para-falsa-assistente-social-realizando-furtos\/#primaryimage\",\"url\":\"https:\/\/www.manaus.am.gov.br\/semasc\/wp-content\/uploads\/sites\/17\/2023\/06\/WhatsApp-Image-2023-06-07-at-12.52.13.jpeg\",\"contentUrl\":\"https:\/\/www.manaus.am.gov.br\/semasc\/wp-content\/uploads\/sites\/17\/2023\/06\/WhatsApp-Image-2023-06-07-at-12.52.13.jpeg\",\"width\":1600,\"height\":1066},{\"@type\":\"BreadcrumbList\",\"@id\":\"https:\/\/www.manaus.am.gov.br\/semasc\/prefeitura-de-manaus-alerta-populacao-para-falsa-assistente-social-realizando-furtos\/#breadcrumb\",\"itemListElement\":[{\"@type\":\"ListItem\",\"position\":1,\"name\":\"Home\",\"item\":\"https:\/\/www.manaus.am.gov.br\/semasc\/\"},{\"@type\":\"ListItem\",\"position\":2,\"name\":\"Prefeitura de Manaus alerta popula\u00e7\u00e3o para falsa assistente social realizando furtos\"}]},{\"@type\":\"WebSite\",\"@id\":\"https:\/\/www.manaus.am.gov.br\/semasc\/#website\",\"url\":\"https:\/\/www.manaus.am.gov.br\/semasc\/\",\"name\":\"SEMASC\",\"description\":\"Secretaria Municipal da Mulher, Assist\u00eancia Social e Cidadania.\",\"publisher\":{\"@id\":\"https:\/\/www.manaus.am.gov.br\/semasc\/#organization\"},\"alternateName\":\"Secretaria Municipal da Mulher, Assist\u00eancia Social e Cidadania\",\"potentialAction\":[{\"@type\":\"SearchAction\",\"target\":{\"@type\":\"EntryPoint\",\"urlTemplate\":\"https:\/\/www.manaus.am.gov.br\/semasc\/?s={search_term_string}\"},\"query-input\":\"required name=search_term_string\"}],\"inLanguage\":\"pt-BR\"},{\"@type\":\"Organization\",\"@id\":\"https:\/\/www.manaus.am.gov.br\/semasc\/#organization\",\"name\":\"Prefeitura de Manaus\",\"alternateName\":\"Prefeitura Municipal de Manaus\",\"url\":\"https:\/\/www.manaus.am.gov.br\/semasc\/\",\"logo\":{\"@type\":\"ImageObject\",\"inLanguage\":\"pt-BR\",\"@id\":\"https:\/\/www.manaus.am.gov.br\/semasc\/#\/schema\/logo\/image\/\",\"url\":\"https:\/\/www.manaus.am.gov.br\/semasc\/wp-content\/uploads\/sites\/17\/2024\/07\/favicon.png\",\"contentUrl\":\"https:\/\/www.manaus.am.gov.br\/semasc\/wp-content\/uploads\/sites\/17\/2024\/07\/favicon.png\",\"width\":300,\"height\":300,\"caption\":\"Prefeitura de Manaus\"},\"image\":{\"@id\":\"https:\/\/www.manaus.am.gov.br\/semasc\/#\/schema\/logo\/image\/\"},\"sameAs\":[\"https:\/\/www.facebook.com\/semascmanaus\",\"https:\/\/www.instagram.com\/semascmanaus\/\"]},{\"@type\":\"Person\",\"@id\":\"https:\/\/www.manaus.am.gov.br\/semasc\/#\/schema\/person\/4e49f4e267757a06ca072ec61b2b9968\",\"name\":\"Adriana Costa\",\"image\":{\"@type\":\"ImageObject\",\"inLanguage\":\"pt-BR\",\"@id\":\"https:\/\/www.manaus.am.gov.br\/semasc\/#\/schema\/person\/image\/\",\"url\":\"https:\/\/secure.gravatar.com\/avatar\/576258617ef7194f718179e766d57bd4?s=96&d=mm&r=g\",\"contentUrl\":\"https:\/\/secure.gravatar.com\/avatar\/576258617ef7194f718179e766d57bd4?s=96&d=mm&r=g\",\"caption\":\"Adriana Costa\"}}]}<\/script>\n<!-- \/ Yoast SEO plugin. -->","yoast_head_json":{"title":"Prefeitura de Manaus alerta popula\u00e7\u00e3o para falsa assistente social realizando furtos","description":"A Prefeitura de Manaus, por meio da Secretaria Municipal da Mulher, Assist\u00eancia Social e Cidadania (Semasc), alerta a popula\u00e7\u00e3o manauara, em especial os usu\u00e1rios dos Centros de Refer\u00eancia de Assist\u00eancia Social (Cras) da capital, sobre uma suspeita de furto qualificado que est\u00e1 atuando no bairro L\u00edrio do Vale, na zona Oeste, se apresentando \u00e0 resid\u00eancia de comunit\u00e1rios como assistente social.","robots":{"index":"noindex","follow":"follow"},"og_locale":"pt_BR","og_type":"article","og_title":"Prefeitura de Manaus alerta popula\u00e7\u00e3o para falsa assistente social realizando furtos","og_description":"A Prefeitura de Manaus, por meio da Secretaria Municipal da Mulher, Assist\u00eancia Social e Cidadania (Semasc), alerta a popula\u00e7\u00e3o manauara, em especial os usu\u00e1rios dos Centros de Refer\u00eancia de Assist\u00eancia Social (Cras) da capital, sobre uma suspeita de furto qualificado que est\u00e1 atuando no bairro L\u00edrio do Vale, na zona Oeste, se apresentando \u00e0 resid\u00eancia de comunit\u00e1rios como assistente social.","og_url":"https:\/\/www.manaus.am.gov.br\/semasc\/prefeitura-de-manaus-alerta-populacao-para-falsa-assistente-social-realizando-furtos\/","og_site_name":"SEMASC","article_publisher":"https:\/\/www.facebook.com\/semascmanaus","article_published_time":"2023-06-07T17:29:02+00:00","article_modified_time":"2023-06-07T17:29:03+00:00","og_image":[{"width":1600,"height":1066,"url":"https:\/\/www.manaus.am.gov.br\/semasc\/wp-content\/uploads\/sites\/17\/2023\/06\/WhatsApp-Image-2023-06-07-at-12.52.13.jpeg","type":"image\/jpeg"}],"author":"Adriana Costa","twitter_card":"summary_large_image","twitter_misc":{"Written by":"Adriana Costa","Est. reading time":"3 minutos"},"schema":{"@context":"https:\/\/schema.org","@graph":[{"@type":"Article","@id":"https:\/\/www.manaus.am.gov.br\/semasc\/prefeitura-de-manaus-alerta-populacao-para-falsa-assistente-social-realizando-furtos\/#article","isPartOf":{"@id":"https:\/\/www.manaus.am.gov.br\/semasc\/prefeitura-de-manaus-alerta-populacao-para-falsa-assistente-social-realizando-furtos\/"},"author":{"name":"Adriana Costa","@id":"https:\/\/www.manaus.am.gov.br\/semasc\/#\/schema\/person\/4e49f4e267757a06ca072ec61b2b9968"},"headline":"Prefeitura de Manaus alerta popula\u00e7\u00e3o para falsa assistente social realizando furtos","datePublished":"2023-06-07T17:29:02+00:00","dateModified":"2023-06-07T17:29:03+00:00","mainEntityOfPage":{"@id":"https:\/\/www.manaus.am.gov.br\/semasc\/prefeitura-de-manaus-alerta-populacao-para-falsa-assistente-social-realizando-furtos\/"},"wordCount":484,"publisher":{"@id":"https:\/\/www.manaus.am.gov.br\/semasc\/#organization"},"image":{"@id":"https:\/\/www.manaus.am.gov.br\/semasc\/prefeitura-de-manaus-alerta-populacao-para-falsa-assistente-social-realizando-furtos\/#primaryimage"},"thumbnailUrl":"https:\/\/www.manaus.am.gov.br\/semasc\/wp-content\/uploads\/sites\/17\/2023\/06\/WhatsApp-Image-2023-06-07-at-12.52.13.jpeg","keywords":["assistente social","cras","furto","prefeitura de manaus","Semasc"],"articleSection":["Orienta\u00e7\u00e3o"],"inLanguage":"pt-BR"},{"@type":"WebPage","@id":"https:\/\/www.manaus.am.gov.br\/semasc\/prefeitura-de-manaus-alerta-populacao-para-falsa-assistente-social-realizando-furtos\/","url":"https:\/\/www.manaus.am.gov.br\/semasc\/prefeitura-de-manaus-alerta-populacao-para-falsa-assistente-social-realizando-furtos\/","name":"Prefeitura de Manaus alerta popula\u00e7\u00e3o para falsa assistente social realizando furtos","isPartOf":{"@id":"https:\/\/www.manaus.am.gov.br\/semasc\/#website"},"primaryImageOfPage":{"@id":"https:\/\/www.manaus.am.gov.br\/semasc\/prefeitura-de-manaus-alerta-populacao-para-falsa-assistente-social-realizando-furtos\/#primaryimage"},"image":{"@id":"https:\/\/www.manaus.am.gov.br\/semasc\/prefeitura-de-manaus-alerta-populacao-para-falsa-assistente-social-realizando-furtos\/#primaryimage"},"thumbnailUrl":"https:\/\/www.manaus.am.gov.br\/semasc\/wp-content\/uploads\/sites\/17\/2023\/06\/WhatsApp-Image-2023-06-07-at-12.52.13.jpeg","datePublished":"2023-06-07T17:29:02+00:00","dateModified":"2023-06-07T17:29:03+00:00","description":"A Prefeitura de Manaus, por meio da Secretaria Municipal da Mulher, Assist\u00eancia Social e Cidadania (Semasc), alerta a popula\u00e7\u00e3o manauara, em especial os usu\u00e1rios dos Centros de Refer\u00eancia de Assist\u00eancia Social (Cras) da capital, sobre uma suspeita de furto qualificado que est\u00e1 atuando no bairro L\u00edrio do Vale, na zona Oeste, se apresentando \u00e0 resid\u00eancia de comunit\u00e1rios como assistente social.","breadcrumb":{"@id":"https:\/\/www.manaus.am.gov.br\/semasc\/prefeitura-de-manaus-alerta-populacao-para-falsa-assistente-social-realizando-furtos\/#breadcrumb"},"inLanguage":"pt-BR","potentialAction":[{"@type":"ReadAction","target":["https:\/\/www.manaus.am.gov.br\/semasc\/prefeitura-de-manaus-alerta-populacao-para-falsa-assistente-social-realizando-furtos\/"]}]},{"@type":"ImageObject","inLanguage":"pt-BR","@id":"https:\/\/www.manaus.am.gov.br\/semasc\/prefeitura-de-manaus-alerta-populacao-para-falsa-assistente-social-realizando-furtos\/#primaryimage","url":"https:\/\/www.manaus.am.gov.br\/semasc\/wp-content\/uploads\/sites\/17\/2023\/06\/WhatsApp-Image-2023-06-07-at-12.52.13.jpeg","contentUrl":"https:\/\/www.manaus.am.gov.br\/semasc\/wp-content\/uploads\/sites\/17\/2023\/06\/WhatsApp-Image-2023-06-07-at-12.52.13.jpeg","width":1600,"height":1066},{"@type":"BreadcrumbList","@id":"https:\/\/www.manaus.am.gov.br\/semasc\/prefeitura-de-manaus-alerta-populacao-para-falsa-assistente-social-realizando-furtos\/#breadcrumb","itemListElement":[{"@type":"ListItem","position":1,"name":"Home","item":"https:\/\/www.manaus.am.gov.br\/semasc\/"},{"@type":"ListItem","position":2,"name":"Prefeitura de Manaus alerta popula\u00e7\u00e3o para falsa assistente social realizando furtos"}]},{"@type":"WebSite","@id":"https:\/\/www.manaus.am.gov.br\/semasc\/#website","url":"https:\/\/www.manaus.am.gov.br\/semasc\/","name":"SEMASC","description":"Secretaria Municipal da Mulher, Assist\u00eancia Social e Cidadania.","publisher":{"@id":"https:\/\/www.manaus.am.gov.br\/semasc\/#organization"},"alternateName":"Secretaria Municipal da Mulher, Assist\u00eancia Social e Cidadania","potentialAction":[{"@type":"SearchAction","target":{"@type":"EntryPoint","urlTemplate":"https:\/\/www.manaus.am.gov.br\/semasc\/?s={search_term_string}"},"query-input":"required name=search_term_string"}],"inLanguage":"pt-BR"},{"@type":"Organization","@id":"https:\/\/www.manaus.am.gov.br\/semasc\/#organization","name":"Prefeitura de Manaus","alternateName":"Prefeitura Municipal de Manaus","url":"https:\/\/www.manaus.am.gov.br\/semasc\/","logo":{"@type":"ImageObject","inLanguage":"pt-BR","@id":"https:\/\/www.manaus.am.gov.br\/semasc\/#\/schema\/logo\/image\/","url":"https:\/\/www.manaus.am.gov.br\/semasc\/wp-content\/uploads\/sites\/17\/2024\/07\/favicon.png","contentUrl":"https:\/\/www.manaus.am.gov.br\/semasc\/wp-content\/uploads\/sites\/17\/2024\/07\/favicon.png","width":300,"height":300,"caption":"Prefeitura de Manaus"},"image":{"@id":"https:\/\/www.manaus.am.gov.br\/semasc\/#\/schema\/logo\/image\/"},"sameAs":["https:\/\/www.facebook.com\/semascmanaus","https:\/\/www.instagram.com\/semascmanaus\/"]},{"@type":"Person","@id":"https:\/\/www.manaus.am.gov.br\/semasc\/#\/schema\/person\/4e49f4e267757a06ca072ec61b2b9968","name":"Adriana Costa","image":{"@type":"ImageObject","inLanguage":"pt-BR","@id":"https:\/\/www.manaus.am.gov.br\/semasc\/#\/schema\/person\/image\/","url":"https:\/\/secure.gravatar.com\/avatar\/576258617ef7194f718179e766d57bd4?s=96&d=mm&r=g","contentUrl":"https:\/\/secure.gravatar.com\/avatar\/576258617ef7194f718179e766d57bd4?s=96&d=mm&r=g","caption":"Adriana Costa"}}]}},"_links":{"self":[{"href":"https:\/\/www.manaus.am.gov.br\/semasc\/wp-json\/wp\/v2\/posts\/207669"}],"collection":[{"href":"https:\/\/www.manaus.am.gov.br\/semasc\/wp-json\/wp\/v2\/posts"}],"about":[{"href":"https:\/\/www.manaus.am.gov.br\/semasc\/wp-json\/wp\/v2\/types\/post"}],"author":[{"embeddable":true,"href":"https:\/\/www.manaus.am.gov.br\/semasc\/wp-json\/wp\/v2\/users\/23"}],"replies":[{"embeddable":true,"href":"https:\/\/www.manaus.am.gov.br\/semasc\/wp-json\/wp\/v2\/comments?post=207669"}],"version-history":[{"count":0,"href":"https:\/\/www.manaus.am.gov.br\/semasc\/wp-json\/wp\/v2\/posts\/207669\/revisions"}],"wp:featuredmedia":[{"embeddable":true,"href":"https:\/\/www.manaus.am.gov.br\/semasc\/wp-json\/wp\/v2\/media\/207670"}],"wp:attachment":[{"href":"https:\/\/www.manaus.am.gov.br\/semasc\/wp-json\/wp\/v2\/media?parent=207669"}],"wp:term":[{"taxonomy":"category","embeddable":true,"href":"https:\/\/www.manaus.am.gov.br\/semasc\/wp-json\/wp\/v2\/categories?post=207669"},{"taxonomy":"post_tag","embeddable":true,"href":"https:\/\/www.manaus.am.gov.br\/semasc\/wp-json\/wp\/v2\/tags?post=207669"}],"curies":[{"name":"wp","href":"https:\/\/api.w.org\/{rel}","templated":true}]}}