{"id":207667,"date":"2023-06-03T18:28:01","date_gmt":"2023-06-03T22:28:01","guid":{"rendered":"https:\/\/www.manaus.am.gov.br\/semasc\/manaus-mais-cidada-realiza-mais-de-13-mil-atendimentos-na-zona-oeste-neste-sabado\/"},"modified":"2023-06-03T18:28:03","modified_gmt":"2023-06-03T22:28:03","slug":"manaus-mais-cidada-realiza-mais-de-13-mil-atendimentos-na-zona-oeste-neste-sabado","status":"publish","type":"post","link":"https:\/\/www.manaus.am.gov.br\/semasc\/manaus-mais-cidada-realiza-mais-de-13-mil-atendimentos-na-zona-oeste-neste-sabado\/","title":{"rendered":"<strong>\u2018Manaus Mais Cidad\u00e3\u2019 realiza mais de 13 mil atendimentos na zona Oeste neste s\u00e1bado<\/strong>"},"content":{"rendered":"\n<p>Dando continuidade ao cronograma de atividades que buscam ampliar o acesso da popula\u00e7\u00e3o manauara \u00e0s diferentes pol\u00edticas p\u00fablicas desenvolvidas pela gest\u00e3o municipal, a Prefeitura de Manaus, por meio da Secretaria Municipal da Mulher, Assist\u00eancia Social e Cidadania (Semasc), realizou, neste s\u00e1bado, 3\/6, a terceira edi\u00e7\u00e3o do mutir\u00e3o &#8220;Manaus Mais Cidad\u00e3&#8221; deste ano, com mais de 30 parceiros reunidos, incluindo todas as secretarias municipais.<\/p>\n\n\n\n<p>A a\u00e7\u00e3o foi realizada nas instala\u00e7\u00f5es da escola municipal Elvira Borges e da policl\u00ednica Djalma Batista, ambas localizadas na rua 23 de Dezembro, no bairro Compensa, oferecendo mais de cem servi\u00e7os p\u00fablicos gratuitos das \u00e1reas da assist\u00eancia social, sa\u00fade, educa\u00e7\u00e3o, trabalho e muito mais. Ao todo, mais 2.500 pessoas foram recebidas durante o dia, totalizando 13.157 atendimentos.<\/p>\n\n\n\n<p>\u201cO principal objetivo do \u2018Manaus Mais Cidad\u00e3\u2019 \u00e9 trazer os servi\u00e7os oferecidos pela Prefeitura de Manaus para dentro da comunidade em um \u00fanico espa\u00e7o e em um dia alternativo, para que problemas como a locomo\u00e7\u00e3o e a disponibilidade de tempo sejam minimizados. \u00c9 pensando nisso, tendo esta meta em mente, que hoje trazemos mais uma vez, praticamente \u00e0 porta do cidad\u00e3o, a oportunidade de acessar uma s\u00e9rie de servi\u00e7os fundamentais oferecidos n\u00e3o apenas pela gest\u00e3o municipal, mas tamb\u00e9m por nossos parceiros\u201d, destacou o secret\u00e1rio da Semasc, Eduardo Lucas.<\/p>\n\n\n\n<p>Ao longo do atendimento, foram oferecidos aos moradores do entorno e de bairros adjacentes uma grande variedade de servi\u00e7os,&nbsp;entre eles: orienta\u00e7\u00f5es relacionadas ao Cadastro \u00danico, emiss\u00e3o da segunda via da Certid\u00e3o de Nascimento, atendimentos diversos na \u00e1rea da sa\u00fade, servi\u00e7os de embelezamento e massoterapia, atividades esportivas, vacina\u00e7\u00e3o de animais dom\u00e9sticos, orienta\u00e7\u00f5es quanto a inser\u00e7\u00e3o de estudantes em programas como Bolsa Universidade, inscri\u00e7\u00e3o de fam\u00edlias vulner\u00e1veis para o recebimento da Tarifa Social de Energia El\u00e9trica e \u00c1gua, e muito mais.<\/p>\n\n\n\n<p>Acerca das parcerias, L\u00facio Mois\u00e9s Gusm\u00e3o, diretor do Departamento de Direitos Humanos e principal respons\u00e1vel pela opera\u00e7\u00e3o das a\u00e7\u00f5es, destacou a import\u00e2ncia do trabalho conjunto entre todos os membros atuantes no desenvolvimento de pol\u00edticas p\u00fablicas para a popula\u00e7\u00e3o da capital amazonense, em especial \u00e0queles em estado de vulnerabilidade social.<\/p>\n\n\n\n<p>\u201c\u00c9 uma responsabilidade muito grande confiada a n\u00f3s pelo prefeito David Almeida, mas que atrav\u00e9s de muito esfor\u00e7o, atrav\u00e9s desse trabalho de integra\u00e7\u00e3o entre todas as secretarias, de todos os nossos parceiros, temos conseguido realizar com muita efetividade e com um&nbsp;<em>feedback<\/em>&nbsp;\u00f3timo da popula\u00e7\u00e3o atendida, o que mostra nossa atua\u00e7\u00e3o nesse processo de identificar e sanar quaisquer que sejam suas demandas\u201d, explicou.<\/p>\n\n\n\n<p><strong>Popula\u00e7\u00e3o satisfeita<\/strong><\/p>\n\n\n\n<p>Acompanhada do filho Levi, a auxiliar de servi\u00e7os gerais Rosana Raquel, moradora do bairro Uni\u00e3o da Vit\u00f3ria, zona Oeste, buscou a a\u00e7\u00e3o especificamente para ter acesso a uma sess\u00e3o de massoterapia. Com as dores musculares aliviadas, Rosana elogiou a iniciativa.<\/p>\n\n\n\n<p>\u201cEu estava com muitas dores nas costas e quando soube que haveria o evento hoje tratei de correr para c\u00e1. Foi maravilhoso, fui muito bem recebida, atendida com muito carinho e com certeza viria mais uma vez\u201d, afirmou.<\/p>\n\n\n\n<p>A fam\u00edlia da dona de casa Elis\u00e2ngela Lopes, do bairro Compensa, tamb\u00e9m se reuniu para aproveitar os servi\u00e7os oferecidos durante o mutir\u00e3o. Elis\u00e2ngela, por exemplo, fez bom proveito dos servi\u00e7os odontol\u00f3gicos.<\/p>\n\n\n\n<p>&#8220;\u00c0s vezes, como no meio da semana mesmo, fica um pouco dif\u00edcil para n\u00f3s conseguirmos marcar um atendimento, uma consulta, ir a algum Cras (Centro de Refer\u00eancia de Assist\u00eancia Social) por conta do tempo, e outras vezes n\u00e3o conseguimos ter acesso a alguns servi\u00e7os at\u00e9 por n\u00e3o sabermos que eles existem, ent\u00e3o uma a\u00e7\u00e3o como essa acaba sendo muito \u00fatil\u201d, concluiu.<\/p>\n\n\n\n<p><strong>Servi\u00e7os diversos<\/strong><\/p>\n\n\n\n<p>Entre alguns dos servi\u00e7os ofertados, a Secretaria Municipal de Administra\u00e7\u00e3o, Planejamento e Gest\u00e3o (Semad) levou para a a\u00e7\u00e3o &#8220;Manaus mais Cidad\u00e3&#8221; equipes para fazer atendimentos nas \u00e1reas jur\u00eddica, de assist\u00eancia social e psicol\u00f3gica. Tamb\u00e9m foram disponibilizadas orienta\u00e7\u00f5es sobre os programas de inclus\u00e3o socioeducacional da prefeitura, operacionalizados pela Escola de Servi\u00e7o P\u00fablico Municipal e Inclus\u00e3o Socioeducacional (Espi), vinculada \u00e0 Semad: o Bolsa Idiomas, cujo processo de sele\u00e7\u00e3o est\u00e1 em andamento, Bolsa Universidade e Bolsa P\u00f3s-Gradua\u00e7\u00e3o.<\/p>\n\n\n\n<p>O titular da Semad, Ebenezer Bezerra, acompanhou os atendimentos durante todo o dia. &#8220;Essa \u00e9 uma a\u00e7\u00e3o de grande import\u00e2ncia, orientada pelo prefeito David Almeida, que leva \u00e0 popula\u00e7\u00e3o todos os servi\u00e7os prestados pela prefeitura e institui\u00e7\u00f5es parceiras, como a Amazonas Energia, com a Tarifa Social. No \u2018Manaus Mais Cidad\u00e3\u2019, as pessoas conseguem resolver muitos problemas em um s\u00f3 lugar e o que \u00e9 melhor, sem precisar sair do bairro onde moram&#8221;, destacou.<\/p>\n\n\n\n<p>J\u00e1 a Secretaria Municipal de Agricultura, Abastecimento, Centro e Com\u00e9rcio Informal (Semacc) participou da a\u00e7\u00e3o com seu tradicional espa\u00e7o dedicado \u00e0 agricultura familiar e ao com\u00e9rcio de produtos org\u00e2nicos, promovendo visibilidade e apoio aos produtores locais.&nbsp;<\/p>\n\n\n\n<p>\u201cN\u00f3s, da Semacc, ficamos felizes com essas a\u00e7\u00f5es que oportunizam a participa\u00e7\u00e3o de diversos setores e beneficiam a popula\u00e7\u00e3o. Hoje, na a\u00e7\u00e3o, estamos com o espa\u00e7o onde nossos oito agricultores est\u00e3o tendo a oportunidade de expor e vender suas hortali\u00e7as, frutas e doces, al\u00e9m de termos ainda mais duas artes\u00e3s ind\u00edgenas da comunidade Uber\u00ea participando conosco\u201d, detalhou Meyb Seixas, diretora de agricultura da Semacc.<\/p>\n\n\n\n<p><strong>Parceiros<\/strong><\/p>\n\n\n\n<p>A iniciativa \u201cManaus Mais Cidad\u00e3\u201d \u00e9 coordenada pela Semasc, em parceria com as secretarias municipais da Sa\u00fade (Semsa); do Trabalho, Empreendedorismo e Inova\u00e7\u00e3o (Semtepi); de Seguran\u00e7a P\u00fablica e Defesa Social (Semseg); de Educa\u00e7\u00e3o (Semed); do Meio Ambiente e Sustentabilidade (Semmas); de Limpeza Urbana (Semulsp); de Finan\u00e7as e Tecnologia da Informa\u00e7\u00e3o (Semef); de Administra\u00e7\u00e3o (Semad); de Agricultura, Abastecimento, Centro e Com\u00e9rcio Informal (Semacc); e de Infraestrutura (Seminf); al\u00e9m do Fundo Manaus Solid\u00e1ria (FMS), Funda\u00e7\u00e3o Municipal de Cultura, Turismo e Eventos (Manauscult), Funda\u00e7\u00e3o Manaus Esporte (FME), Instituto Municipal de Mobilidade Urbana (IMMU), Casa Militar, Casa Civil, Funda\u00e7\u00e3o Doutor Thomas (FDT), Conselho Tutelar, Escola de Servi\u00e7o P\u00fablico Municipal e Inclus\u00e3o Socioeducacional (Espi), Ag\u00eancia Reguladora dos Servi\u00e7os P\u00fablicos Delegados do Munic\u00edpio de Manaus (Ageman), Pol\u00edcia Militar do Estado do Amazonas (PM-AM), Secretaria de Estado de Justi\u00e7a, Direitos Humanos e Cidadania (Sejusc), Amazonas Energia, ag\u00eancias humanit\u00e1rias da ONU (Acnur, Unicef, UNFPA e OIM) e Organiza\u00e7\u00f5es da Sociedade Civil.<\/p>\n\n\n\n<p>&#8212; &#8212; &#8212;<\/p>\n\n\n\n<p><strong>Texto &#8211;<\/strong> Guilherme Ara\u00fajo Pacheco \/ Semasc<\/p>\n\n\n\n<p><strong>Fotos \u2013<\/strong> Jo\u00e3o Viana \/ Semcom<\/p>\n\n\n\n<p><strong>Dispon\u00edveis em &#8211; <\/strong><a href=\"https:\/\/flic.kr\/s\/aHBqjAGpSr\">https:\/\/flic.kr\/s\/aHBqjAGpSr<\/a><\/p>\n","protected":false},"excerpt":{"rendered":"","protected":false},"author":39,"featured_media":207668,"comment_status":"closed","ping_status":"closed","sticky":false,"template":"","format":"standard","meta":{"footnotes":""},"categories":[87],"tags":[115,116,117,7,18,118],"acf":[],"yoast_head":"<!-- This site is optimized with the Yoast SEO plugin v23.0 - https:\/\/yoast.com\/wordpress\/plugins\/seo\/ -->\n<title>\u2018Manaus Mais Cidad\u00e3\u2019 realiza mais de 13 mil atendimentos na zona Oeste neste s\u00e1bado<\/title>\n<meta name=\"description\" content=\"Dando continuidade ao cronograma de atividades que buscam ampliar o acesso da popula\u00e7\u00e3o manauara \u00e0s diferentes pol\u00edticas p\u00fablicas desenvolvidas pela gest\u00e3o municipal, a Prefeitura de Manaus, por meio da Secretaria Municipal da Mulher, Assist\u00eancia Social e Cidadania (Semasc), realizou, neste s\u00e1bado, 3\/6, a terceira edi\u00e7\u00e3o do mutir\u00e3o &quot;Manaus Mais Cidad\u00e3&quot; deste ano, com mais de 30 parceiros reunidos, incluindo todas as secretarias municipais.\" \/>\n<meta name=\"robots\" content=\"noindex, follow\" \/>\n<meta property=\"og:locale\" content=\"pt_BR\" \/>\n<meta property=\"og:type\" content=\"article\" \/>\n<meta property=\"og:title\" content=\"\u2018Manaus Mais Cidad\u00e3\u2019 realiza mais de 13 mil atendimentos na zona Oeste neste s\u00e1bado\" \/>\n<meta property=\"og:description\" content=\"Dando continuidade ao cronograma de atividades que buscam ampliar o acesso da popula\u00e7\u00e3o manauara \u00e0s diferentes pol\u00edticas p\u00fablicas desenvolvidas pela gest\u00e3o municipal, a Prefeitura de Manaus, por meio da Secretaria Municipal da Mulher, Assist\u00eancia Social e Cidadania (Semasc), realizou, neste s\u00e1bado, 3\/6, a terceira edi\u00e7\u00e3o do mutir\u00e3o &quot;Manaus Mais Cidad\u00e3&quot; deste ano, com mais de 30 parceiros reunidos, incluindo todas as secretarias municipais.\" \/>\n<meta property=\"og:url\" content=\"https:\/\/www.manaus.am.gov.br\/semasc\/manaus-mais-cidada-realiza-mais-de-13-mil-atendimentos-na-zona-oeste-neste-sabado\/\" \/>\n<meta property=\"og:site_name\" content=\"SEMASC\" \/>\n<meta property=\"article:publisher\" content=\"https:\/\/www.facebook.com\/semascmanaus\" \/>\n<meta property=\"article:published_time\" content=\"2023-06-03T22:28:01+00:00\" \/>\n<meta property=\"article:modified_time\" content=\"2023-06-03T22:28:03+00:00\" \/>\n<meta property=\"og:image\" content=\"https:\/\/www.manaus.am.gov.br\/semasc\/wp-content\/uploads\/sites\/17\/2023\/06\/52947012477_53f8e6dbdd_k.jpg\" \/>\n\t<meta property=\"og:image:width\" content=\"2048\" \/>\n\t<meta property=\"og:image:height\" content=\"1365\" \/>\n\t<meta property=\"og:image:type\" content=\"image\/jpeg\" \/>\n<meta name=\"author\" content=\"Bruna Greco\" \/>\n<meta name=\"twitter:card\" content=\"summary_large_image\" \/>\n<meta name=\"twitter:label1\" content=\"Written by\" \/>\n\t<meta name=\"twitter:data1\" content=\"Bruna Greco\" \/>\n\t<meta name=\"twitter:label2\" content=\"Est. reading time\" \/>\n\t<meta name=\"twitter:data2\" content=\"6 minutos\" \/>\n<script type=\"application\/ld+json\" class=\"yoast-schema-graph\">{\"@context\":\"https:\/\/schema.org\",\"@graph\":[{\"@type\":\"Article\",\"@id\":\"https:\/\/www.manaus.am.gov.br\/semasc\/manaus-mais-cidada-realiza-mais-de-13-mil-atendimentos-na-zona-oeste-neste-sabado\/#article\",\"isPartOf\":{\"@id\":\"https:\/\/www.manaus.am.gov.br\/semasc\/manaus-mais-cidada-realiza-mais-de-13-mil-atendimentos-na-zona-oeste-neste-sabado\/\"},\"author\":{\"name\":\"Bruna Greco\",\"@id\":\"https:\/\/www.manaus.am.gov.br\/semasc\/#\/schema\/person\/05d223aea2bf115f9883a6ff3683d81b\"},\"headline\":\"\u2018Manaus Mais Cidad\u00e3\u2019 realiza mais de 13 mil atendimentos na zona Oeste neste s\u00e1bado\",\"datePublished\":\"2023-06-03T22:28:01+00:00\",\"dateModified\":\"2023-06-03T22:28:03+00:00\",\"mainEntityOfPage\":{\"@id\":\"https:\/\/www.manaus.am.gov.br\/semasc\/manaus-mais-cidada-realiza-mais-de-13-mil-atendimentos-na-zona-oeste-neste-sabado\/\"},\"wordCount\":1146,\"publisher\":{\"@id\":\"https:\/\/www.manaus.am.gov.br\/semasc\/#organization\"},\"image\":{\"@id\":\"https:\/\/www.manaus.am.gov.br\/semasc\/manaus-mais-cidada-realiza-mais-de-13-mil-atendimentos-na-zona-oeste-neste-sabado\/#primaryimage\"},\"thumbnailUrl\":\"https:\/\/www.manaus.am.gov.br\/semasc\/wp-content\/uploads\/sites\/17\/2023\/06\/52947012477_53f8e6dbdd_k.jpg\",\"keywords\":[\"escola municipal Elvira Borges e da policl\u00ednica Djalma Batista\",\"mais de 30 parceiros reunidos\",\"Manaus Mais Cidad\u00e3\",\"prefeitura de manaus\",\"Semasc\",\"totalizando 13.157 atendimentos\"],\"articleSection\":[\"Cidadania\"],\"inLanguage\":\"pt-BR\"},{\"@type\":\"WebPage\",\"@id\":\"https:\/\/www.manaus.am.gov.br\/semasc\/manaus-mais-cidada-realiza-mais-de-13-mil-atendimentos-na-zona-oeste-neste-sabado\/\",\"url\":\"https:\/\/www.manaus.am.gov.br\/semasc\/manaus-mais-cidada-realiza-mais-de-13-mil-atendimentos-na-zona-oeste-neste-sabado\/\",\"name\":\"\u2018Manaus Mais Cidad\u00e3\u2019 realiza mais de 13 mil atendimentos na zona Oeste neste s\u00e1bado\",\"isPartOf\":{\"@id\":\"https:\/\/www.manaus.am.gov.br\/semasc\/#website\"},\"primaryImageOfPage\":{\"@id\":\"https:\/\/www.manaus.am.gov.br\/semasc\/manaus-mais-cidada-realiza-mais-de-13-mil-atendimentos-na-zona-oeste-neste-sabado\/#primaryimage\"},\"image\":{\"@id\":\"https:\/\/www.manaus.am.gov.br\/semasc\/manaus-mais-cidada-realiza-mais-de-13-mil-atendimentos-na-zona-oeste-neste-sabado\/#primaryimage\"},\"thumbnailUrl\":\"https:\/\/www.manaus.am.gov.br\/semasc\/wp-content\/uploads\/sites\/17\/2023\/06\/52947012477_53f8e6dbdd_k.jpg\",\"datePublished\":\"2023-06-03T22:28:01+00:00\",\"dateModified\":\"2023-06-03T22:28:03+00:00\",\"description\":\"Dando continuidade ao cronograma de atividades que buscam ampliar o acesso da popula\u00e7\u00e3o manauara \u00e0s diferentes pol\u00edticas p\u00fablicas desenvolvidas pela gest\u00e3o municipal, a Prefeitura de Manaus, por meio da Secretaria Municipal da Mulher, Assist\u00eancia Social e Cidadania (Semasc), realizou, neste s\u00e1bado, 3\/6, a terceira edi\u00e7\u00e3o do mutir\u00e3o \\\"Manaus Mais Cidad\u00e3\\\" deste ano, com mais de 30 parceiros reunidos, incluindo todas as secretarias municipais.\",\"breadcrumb\":{\"@id\":\"https:\/\/www.manaus.am.gov.br\/semasc\/manaus-mais-cidada-realiza-mais-de-13-mil-atendimentos-na-zona-oeste-neste-sabado\/#breadcrumb\"},\"inLanguage\":\"pt-BR\",\"potentialAction\":[{\"@type\":\"ReadAction\",\"target\":[\"https:\/\/www.manaus.am.gov.br\/semasc\/manaus-mais-cidada-realiza-mais-de-13-mil-atendimentos-na-zona-oeste-neste-sabado\/\"]}]},{\"@type\":\"ImageObject\",\"inLanguage\":\"pt-BR\",\"@id\":\"https:\/\/www.manaus.am.gov.br\/semasc\/manaus-mais-cidada-realiza-mais-de-13-mil-atendimentos-na-zona-oeste-neste-sabado\/#primaryimage\",\"url\":\"https:\/\/www.manaus.am.gov.br\/semasc\/wp-content\/uploads\/sites\/17\/2023\/06\/52947012477_53f8e6dbdd_k.jpg\",\"contentUrl\":\"https:\/\/www.manaus.am.gov.br\/semasc\/wp-content\/uploads\/sites\/17\/2023\/06\/52947012477_53f8e6dbdd_k.jpg\",\"width\":2048,\"height\":1365},{\"@type\":\"BreadcrumbList\",\"@id\":\"https:\/\/www.manaus.am.gov.br\/semasc\/manaus-mais-cidada-realiza-mais-de-13-mil-atendimentos-na-zona-oeste-neste-sabado\/#breadcrumb\",\"itemListElement\":[{\"@type\":\"ListItem\",\"position\":1,\"name\":\"Home\",\"item\":\"https:\/\/www.manaus.am.gov.br\/semasc\/\"},{\"@type\":\"ListItem\",\"position\":2,\"name\":\"\u2018Manaus Mais Cidad\u00e3\u2019 realiza mais de 13 mil atendimentos na zona Oeste neste s\u00e1bado\"}]},{\"@type\":\"WebSite\",\"@id\":\"https:\/\/www.manaus.am.gov.br\/semasc\/#website\",\"url\":\"https:\/\/www.manaus.am.gov.br\/semasc\/\",\"name\":\"SEMASC\",\"description\":\"Secretaria Municipal da Mulher, Assist\u00eancia Social e Cidadania.\",\"publisher\":{\"@id\":\"https:\/\/www.manaus.am.gov.br\/semasc\/#organization\"},\"alternateName\":\"Secretaria Municipal da Mulher, Assist\u00eancia Social e Cidadania\",\"potentialAction\":[{\"@type\":\"SearchAction\",\"target\":{\"@type\":\"EntryPoint\",\"urlTemplate\":\"https:\/\/www.manaus.am.gov.br\/semasc\/?s={search_term_string}\"},\"query-input\":\"required name=search_term_string\"}],\"inLanguage\":\"pt-BR\"},{\"@type\":\"Organization\",\"@id\":\"https:\/\/www.manaus.am.gov.br\/semasc\/#organization\",\"name\":\"Prefeitura de Manaus\",\"alternateName\":\"Prefeitura Municipal de Manaus\",\"url\":\"https:\/\/www.manaus.am.gov.br\/semasc\/\",\"logo\":{\"@type\":\"ImageObject\",\"inLanguage\":\"pt-BR\",\"@id\":\"https:\/\/www.manaus.am.gov.br\/semasc\/#\/schema\/logo\/image\/\",\"url\":\"https:\/\/www.manaus.am.gov.br\/semasc\/wp-content\/uploads\/sites\/17\/2024\/07\/favicon.png\",\"contentUrl\":\"https:\/\/www.manaus.am.gov.br\/semasc\/wp-content\/uploads\/sites\/17\/2024\/07\/favicon.png\",\"width\":300,\"height\":300,\"caption\":\"Prefeitura de Manaus\"},\"image\":{\"@id\":\"https:\/\/www.manaus.am.gov.br\/semasc\/#\/schema\/logo\/image\/\"},\"sameAs\":[\"https:\/\/www.facebook.com\/semascmanaus\",\"https:\/\/www.instagram.com\/semascmanaus\/\"]},{\"@type\":\"Person\",\"@id\":\"https:\/\/www.manaus.am.gov.br\/semasc\/#\/schema\/person\/05d223aea2bf115f9883a6ff3683d81b\",\"name\":\"Bruna Greco\",\"image\":{\"@type\":\"ImageObject\",\"inLanguage\":\"pt-BR\",\"@id\":\"https:\/\/www.manaus.am.gov.br\/semasc\/#\/schema\/person\/image\/\",\"url\":\"https:\/\/secure.gravatar.com\/avatar\/9c877d1a6adc2a055330e5c09a8653ce?s=96&d=mm&r=g\",\"contentUrl\":\"https:\/\/secure.gravatar.com\/avatar\/9c877d1a6adc2a055330e5c09a8653ce?s=96&d=mm&r=g\",\"caption\":\"Bruna Greco\"}}]}<\/script>\n<!-- \/ Yoast SEO plugin. -->","yoast_head_json":{"title":"\u2018Manaus Mais Cidad\u00e3\u2019 realiza mais de 13 mil atendimentos na zona Oeste neste s\u00e1bado","description":"Dando continuidade ao cronograma de atividades que buscam ampliar o acesso da popula\u00e7\u00e3o manauara \u00e0s diferentes pol\u00edticas p\u00fablicas desenvolvidas pela gest\u00e3o municipal, a Prefeitura de Manaus, por meio da Secretaria Municipal da Mulher, Assist\u00eancia Social e Cidadania (Semasc), realizou, neste s\u00e1bado, 3\/6, a terceira edi\u00e7\u00e3o do mutir\u00e3o \"Manaus Mais Cidad\u00e3\" deste ano, com mais de 30 parceiros reunidos, incluindo todas as secretarias municipais.","robots":{"index":"noindex","follow":"follow"},"og_locale":"pt_BR","og_type":"article","og_title":"\u2018Manaus Mais Cidad\u00e3\u2019 realiza mais de 13 mil atendimentos na zona Oeste neste s\u00e1bado","og_description":"Dando continuidade ao cronograma de atividades que buscam ampliar o acesso da popula\u00e7\u00e3o manauara \u00e0s diferentes pol\u00edticas p\u00fablicas desenvolvidas pela gest\u00e3o municipal, a Prefeitura de Manaus, por meio da Secretaria Municipal da Mulher, Assist\u00eancia Social e Cidadania (Semasc), realizou, neste s\u00e1bado, 3\/6, a terceira edi\u00e7\u00e3o do mutir\u00e3o \"Manaus Mais Cidad\u00e3\" deste ano, com mais de 30 parceiros reunidos, incluindo todas as secretarias municipais.","og_url":"https:\/\/www.manaus.am.gov.br\/semasc\/manaus-mais-cidada-realiza-mais-de-13-mil-atendimentos-na-zona-oeste-neste-sabado\/","og_site_name":"SEMASC","article_publisher":"https:\/\/www.facebook.com\/semascmanaus","article_published_time":"2023-06-03T22:28:01+00:00","article_modified_time":"2023-06-03T22:28:03+00:00","og_image":[{"width":2048,"height":1365,"url":"https:\/\/www.manaus.am.gov.br\/semasc\/wp-content\/uploads\/sites\/17\/2023\/06\/52947012477_53f8e6dbdd_k.jpg","type":"image\/jpeg"}],"author":"Bruna Greco","twitter_card":"summary_large_image","twitter_misc":{"Written by":"Bruna Greco","Est. reading time":"6 minutos"},"schema":{"@context":"https:\/\/schema.org","@graph":[{"@type":"Article","@id":"https:\/\/www.manaus.am.gov.br\/semasc\/manaus-mais-cidada-realiza-mais-de-13-mil-atendimentos-na-zona-oeste-neste-sabado\/#article","isPartOf":{"@id":"https:\/\/www.manaus.am.gov.br\/semasc\/manaus-mais-cidada-realiza-mais-de-13-mil-atendimentos-na-zona-oeste-neste-sabado\/"},"author":{"name":"Bruna Greco","@id":"https:\/\/www.manaus.am.gov.br\/semasc\/#\/schema\/person\/05d223aea2bf115f9883a6ff3683d81b"},"headline":"\u2018Manaus Mais Cidad\u00e3\u2019 realiza mais de 13 mil atendimentos na zona Oeste neste s\u00e1bado","datePublished":"2023-06-03T22:28:01+00:00","dateModified":"2023-06-03T22:28:03+00:00","mainEntityOfPage":{"@id":"https:\/\/www.manaus.am.gov.br\/semasc\/manaus-mais-cidada-realiza-mais-de-13-mil-atendimentos-na-zona-oeste-neste-sabado\/"},"wordCount":1146,"publisher":{"@id":"https:\/\/www.manaus.am.gov.br\/semasc\/#organization"},"image":{"@id":"https:\/\/www.manaus.am.gov.br\/semasc\/manaus-mais-cidada-realiza-mais-de-13-mil-atendimentos-na-zona-oeste-neste-sabado\/#primaryimage"},"thumbnailUrl":"https:\/\/www.manaus.am.gov.br\/semasc\/wp-content\/uploads\/sites\/17\/2023\/06\/52947012477_53f8e6dbdd_k.jpg","keywords":["escola municipal Elvira Borges e da policl\u00ednica Djalma Batista","mais de 30 parceiros reunidos","Manaus Mais Cidad\u00e3","prefeitura de manaus","Semasc","totalizando 13.157 atendimentos"],"articleSection":["Cidadania"],"inLanguage":"pt-BR"},{"@type":"WebPage","@id":"https:\/\/www.manaus.am.gov.br\/semasc\/manaus-mais-cidada-realiza-mais-de-13-mil-atendimentos-na-zona-oeste-neste-sabado\/","url":"https:\/\/www.manaus.am.gov.br\/semasc\/manaus-mais-cidada-realiza-mais-de-13-mil-atendimentos-na-zona-oeste-neste-sabado\/","name":"\u2018Manaus Mais Cidad\u00e3\u2019 realiza mais de 13 mil atendimentos na zona Oeste neste s\u00e1bado","isPartOf":{"@id":"https:\/\/www.manaus.am.gov.br\/semasc\/#website"},"primaryImageOfPage":{"@id":"https:\/\/www.manaus.am.gov.br\/semasc\/manaus-mais-cidada-realiza-mais-de-13-mil-atendimentos-na-zona-oeste-neste-sabado\/#primaryimage"},"image":{"@id":"https:\/\/www.manaus.am.gov.br\/semasc\/manaus-mais-cidada-realiza-mais-de-13-mil-atendimentos-na-zona-oeste-neste-sabado\/#primaryimage"},"thumbnailUrl":"https:\/\/www.manaus.am.gov.br\/semasc\/wp-content\/uploads\/sites\/17\/2023\/06\/52947012477_53f8e6dbdd_k.jpg","datePublished":"2023-06-03T22:28:01+00:00","dateModified":"2023-06-03T22:28:03+00:00","description":"Dando continuidade ao cronograma de atividades que buscam ampliar o acesso da popula\u00e7\u00e3o manauara \u00e0s diferentes pol\u00edticas p\u00fablicas desenvolvidas pela gest\u00e3o municipal, a Prefeitura de Manaus, por meio da Secretaria Municipal da Mulher, Assist\u00eancia Social e Cidadania (Semasc), realizou, neste s\u00e1bado, 3\/6, a terceira edi\u00e7\u00e3o do mutir\u00e3o \"Manaus Mais Cidad\u00e3\" deste ano, com mais de 30 parceiros reunidos, incluindo todas as secretarias municipais.","breadcrumb":{"@id":"https:\/\/www.manaus.am.gov.br\/semasc\/manaus-mais-cidada-realiza-mais-de-13-mil-atendimentos-na-zona-oeste-neste-sabado\/#breadcrumb"},"inLanguage":"pt-BR","potentialAction":[{"@type":"ReadAction","target":["https:\/\/www.manaus.am.gov.br\/semasc\/manaus-mais-cidada-realiza-mais-de-13-mil-atendimentos-na-zona-oeste-neste-sabado\/"]}]},{"@type":"ImageObject","inLanguage":"pt-BR","@id":"https:\/\/www.manaus.am.gov.br\/semasc\/manaus-mais-cidada-realiza-mais-de-13-mil-atendimentos-na-zona-oeste-neste-sabado\/#primaryimage","url":"https:\/\/www.manaus.am.gov.br\/semasc\/wp-content\/uploads\/sites\/17\/2023\/06\/52947012477_53f8e6dbdd_k.jpg","contentUrl":"https:\/\/www.manaus.am.gov.br\/semasc\/wp-content\/uploads\/sites\/17\/2023\/06\/52947012477_53f8e6dbdd_k.jpg","width":2048,"height":1365},{"@type":"BreadcrumbList","@id":"https:\/\/www.manaus.am.gov.br\/semasc\/manaus-mais-cidada-realiza-mais-de-13-mil-atendimentos-na-zona-oeste-neste-sabado\/#breadcrumb","itemListElement":[{"@type":"ListItem","position":1,"name":"Home","item":"https:\/\/www.manaus.am.gov.br\/semasc\/"},{"@type":"ListItem","position":2,"name":"\u2018Manaus Mais Cidad\u00e3\u2019 realiza mais de 13 mil atendimentos na zona Oeste neste s\u00e1bado"}]},{"@type":"WebSite","@id":"https:\/\/www.manaus.am.gov.br\/semasc\/#website","url":"https:\/\/www.manaus.am.gov.br\/semasc\/","name":"SEMASC","description":"Secretaria Municipal da Mulher, Assist\u00eancia Social e Cidadania.","publisher":{"@id":"https:\/\/www.manaus.am.gov.br\/semasc\/#organization"},"alternateName":"Secretaria Municipal da Mulher, Assist\u00eancia Social e Cidadania","potentialAction":[{"@type":"SearchAction","target":{"@type":"EntryPoint","urlTemplate":"https:\/\/www.manaus.am.gov.br\/semasc\/?s={search_term_string}"},"query-input":"required name=search_term_string"}],"inLanguage":"pt-BR"},{"@type":"Organization","@id":"https:\/\/www.manaus.am.gov.br\/semasc\/#organization","name":"Prefeitura de Manaus","alternateName":"Prefeitura Municipal de Manaus","url":"https:\/\/www.manaus.am.gov.br\/semasc\/","logo":{"@type":"ImageObject","inLanguage":"pt-BR","@id":"https:\/\/www.manaus.am.gov.br\/semasc\/#\/schema\/logo\/image\/","url":"https:\/\/www.manaus.am.gov.br\/semasc\/wp-content\/uploads\/sites\/17\/2024\/07\/favicon.png","contentUrl":"https:\/\/www.manaus.am.gov.br\/semasc\/wp-content\/uploads\/sites\/17\/2024\/07\/favicon.png","width":300,"height":300,"caption":"Prefeitura de Manaus"},"image":{"@id":"https:\/\/www.manaus.am.gov.br\/semasc\/#\/schema\/logo\/image\/"},"sameAs":["https:\/\/www.facebook.com\/semascmanaus","https:\/\/www.instagram.com\/semascmanaus\/"]},{"@type":"Person","@id":"https:\/\/www.manaus.am.gov.br\/semasc\/#\/schema\/person\/05d223aea2bf115f9883a6ff3683d81b","name":"Bruna Greco","image":{"@type":"ImageObject","inLanguage":"pt-BR","@id":"https:\/\/www.manaus.am.gov.br\/semasc\/#\/schema\/person\/image\/","url":"https:\/\/secure.gravatar.com\/avatar\/9c877d1a6adc2a055330e5c09a8653ce?s=96&d=mm&r=g","contentUrl":"https:\/\/secure.gravatar.com\/avatar\/9c877d1a6adc2a055330e5c09a8653ce?s=96&d=mm&r=g","caption":"Bruna Greco"}}]}},"_links":{"self":[{"href":"https:\/\/www.manaus.am.gov.br\/semasc\/wp-json\/wp\/v2\/posts\/207667"}],"collection":[{"href":"https:\/\/www.manaus.am.gov.br\/semasc\/wp-json\/wp\/v2\/posts"}],"about":[{"href":"https:\/\/www.manaus.am.gov.br\/semasc\/wp-json\/wp\/v2\/types\/post"}],"author":[{"embeddable":true,"href":"https:\/\/www.manaus.am.gov.br\/semasc\/wp-json\/wp\/v2\/users\/39"}],"replies":[{"embeddable":true,"href":"https:\/\/www.manaus.am.gov.br\/semasc\/wp-json\/wp\/v2\/comments?post=207667"}],"version-history":[{"count":0,"href":"https:\/\/www.manaus.am.gov.br\/semasc\/wp-json\/wp\/v2\/posts\/207667\/revisions"}],"wp:featuredmedia":[{"embeddable":true,"href":"https:\/\/www.manaus.am.gov.br\/semasc\/wp-json\/wp\/v2\/media\/207668"}],"wp:attachment":[{"href":"https:\/\/www.manaus.am.gov.br\/semasc\/wp-json\/wp\/v2\/media?parent=207667"}],"wp:term":[{"taxonomy":"category","embeddable":true,"href":"https:\/\/www.manaus.am.gov.br\/semasc\/wp-json\/wp\/v2\/categories?post=207667"},{"taxonomy":"post_tag","embeddable":true,"href":"https:\/\/www.manaus.am.gov.br\/semasc\/wp-json\/wp\/v2\/tags?post=207667"}],"curies":[{"name":"wp","href":"https:\/\/api.w.org\/{rel}","templated":true}]}}