{"id":207665,"date":"2023-06-02T09:00:46","date_gmt":"2023-06-02T13:00:46","guid":{"rendered":"https:\/\/www.manaus.am.gov.br\/semasc\/prefeitura-retoma-campanha-de-sensibilizacao-contra-o-trabalho-infantil-nas-ruas-da-capital\/"},"modified":"2023-06-02T09:00:47","modified_gmt":"2023-06-02T13:00:47","slug":"prefeitura-retoma-campanha-de-sensibilizacao-contra-o-trabalho-infantil-nas-ruas-da-capital","status":"publish","type":"post","link":"https:\/\/www.manaus.am.gov.br\/semasc\/prefeitura-retoma-campanha-de-sensibilizacao-contra-o-trabalho-infantil-nas-ruas-da-capital\/","title":{"rendered":"<strong>Prefeitura retoma campanha de sensibiliza\u00e7\u00e3o contra o trabalho infantil nas ruas da capital<\/strong>"},"content":{"rendered":"\n<p>Retomando os trabalhos desenvolvidos pela &#8220;Campanha Municipal de Combate \u00e0 Explora\u00e7\u00e3o do Trabalho Infantojuvenil nas Ruas de Manaus&#8221;, lan\u00e7ada em fevereiro deste ano, a Prefeitura de Manaus, por meio da Secretaria Municipal da Mulher, Assist\u00eancia Social e Cidadania (Semasc), realizou, nesta quinta-feira, 1\u00ba\/6, uma a\u00e7\u00e3o de sensibiliza\u00e7\u00e3o alusiva ao Dia Mundial Contra o Trabalho Infantil, a ser celebrado no dia 12\/6.<\/p>\n\n\n\n<p>Servidores da secretaria, conselheiros tutelares e representantes de entidades e \u00f3rg\u00e3os parceiros da campanha distribu\u00edram material informativo a motoristas e pedestres, na avenida Constantino Nery, com concentra\u00e7\u00e3o na parte externa da arena poliesportiva Amadeu Teixeira, no bairro Flores, zona Centro-Sul.<\/p>\n\n\n\n<p>&#8220;Provando que a garantia de direitos e qualidade de vida das crian\u00e7as e adolescentes da nossa cidade s\u00e3o prioridades na gest\u00e3o do prefeito David Almeida, hoje, n\u00f3s retomamos os trabalhos mais intensos dentro tem\u00e1tica de combate ao trabalho infantojuvenil, ap\u00f3s um m\u00eas inteiro nos dedicando a uma outra tem\u00e1tica tamb\u00e9m muito grave, que \u00e9 a&nbsp;<a href=\"https:\/\/www.manaus.am.gov.br\/noticias\/encerramento\/prefeitura-de-manaus-finaliza-programacao-do-maio-laranja-com-exposicao-de-trabalhos-realizados-ao-longo-do-mes\/\" target=\"_blank\" rel=\"noreferrer noopener\">explora\u00e7\u00e3o sexual<\/a>&nbsp;de nossas crian\u00e7as e adolescentes\u201d, explicou o secret\u00e1rio da Semasc, Eduardo Lucas.<\/p>\n\n\n\n<p>O secret\u00e1rio destacou a import\u00e2ncia da retomada da atividade de conscientiza\u00e7\u00e3o da popula\u00e7\u00e3o para o assunto. \u201cO dia de hoje representa um momento em que retornamos a esse cruzamento, um dos pontos iniciais desta campanha e tamb\u00e9m um dos pontos da cidade de Manaus onde mais s\u00e3o identificadas crian\u00e7as em situa\u00e7\u00e3o de trabalho infantil, justamente para chamar mais uma vez, e com ainda mais for\u00e7a, a aten\u00e7\u00e3o da sociedade manauara para esse tema t\u00e3o importante durante o m\u00eas de mobiliza\u00e7\u00e3o mundial para o enfrentamento dessa pr\u00e1tica&#8221;, disse.<\/p>\n\n\n\n<p>Desenvolvida com o objetivo de sensibilizar a popula\u00e7\u00e3o quanto a import\u00e2ncia de n\u00e3o oferecer quantias em dinheiro para crian\u00e7as e adolescentes presentes nos sem\u00e1foros da capital, assim evitando o apoio e promo\u00e7\u00e3o a situa\u00e7\u00f5es que apresentem risco social a esses jovens, a \u201cCampanha Municipal de Combate \u00e0 Explora\u00e7\u00e3o do Trabalho Infantojuvenil nas Ruas de Manaus\u201d j\u00e1 identificou, abordou e encaminhou, entre os meses de fevereiro e maio, mais de 56 fam\u00edlias com menores de idade em situa\u00e7\u00e3o de trabalho infantojuvenil a servi\u00e7os da Assist\u00eancia Social e de outras pol\u00edticas p\u00fablicas desenvolvidas pelo poder p\u00fablico manauara, buscando sanar as necessidades desse p\u00fablico e evitar seu retorno \u00e0s ruas.<\/p>\n\n\n\n<p>\u201cO trabalho que temos feito com essas crian\u00e7as e suas fam\u00edlias consiste em inseri-las nos servi\u00e7os ofertados dentro dos nossos equipamentos, como o programa Bolsa Fam\u00edlia e outros benef\u00edcios sociais, ofertando, ainda, a partir de nossos parceiros, coisas como um encaminhamento apropriado para o mercado de trabalho para os mais velhos e uma s\u00e9rie de outras pol\u00edticas que fa\u00e7am com que essas fam\u00edlias possam se sentir acolhidas ao mesmo tempo em que mant\u00eam resguardados os direitos de suas crian\u00e7as&#8221;, destacou a gerente do Programa de Erradica\u00e7\u00e3o do Trabalho Infantil (Peti) na Semasc, Geszimar da Silva.<\/p>\n\n\n\n<p>Coordenador-geral dos Conselhos Tutelares da cidade de Manaus, o conselheiro Manoel J\u00fanior, ao fim do evento, ressaltou a import\u00e2ncia da retomada de atividades mais concentradas e alusivas \u00e0 campanha. \u201cO trabalho n\u00e3o pode parar, principalmente quando falamos do combate \u00e0 explora\u00e7\u00e3o de crian\u00e7as e adolescentes. Em nome de todos os conselheiros tutelares, agrade\u00e7o \u00e0 Prefeitura de Manaus, \u00e0 Semasc e a todos os parceiros envolvidos nessa luta, pois \u00e9 estando todos juntos que conseguiremos garantir a qualidade de vida e a prote\u00e7\u00e3o social de nossos pequenos\u201d, concluiu.<\/p>\n\n\n\n<p><strong>Parceiros<\/strong><\/p>\n\n\n\n<p>Participaram do evento alguns dos mais de 20 parceiros da \u201cCampanha Municipal de Combate \u00e0 Explora\u00e7\u00e3o do Trabalho Infantojuvenil das Ruas de Manaus\u201d, entre Secret\u00e1ria de Estado de Assist\u00eancia Social (Seas), Coordenadoria da Inf\u00e2ncia e da Juventude do Tribunal de Justi\u00e7a do Estado do Amazonas (TJ-AM), Minist\u00e9rio P\u00fablico do Estado do Amazonas (MPE-AM), F\u00f3rum Estadual de Preven\u00e7\u00e3o e Erradica\u00e7\u00e3o do Trabalho Infantil (Fepeti) e Organiza\u00e7\u00f5es da Sociedade Civil (OSCs).<\/p>\n\n\n\n<p>&#8212; &#8212; &#8212;<\/p>\n\n\n\n<p><strong>Texto<\/strong>&nbsp;&#8211; Guilherme Ara\u00fajo Pacheco \/ Semasc<\/p>\n\n\n\n<p><strong>Fotos<\/strong>&nbsp;&#8211; Marcely Gomes \/ Semasc<\/p>\n\n\n\n<p><strong>Dispon\u00edveis em &#8211; https:\/\/flic.kr\/s\/aHBqjAGhKv<\/strong><\/p>\n","protected":false},"excerpt":{"rendered":"","protected":false},"author":23,"featured_media":207666,"comment_status":"closed","ping_status":"closed","sticky":false,"template":"","format":"standard","meta":{"footnotes":""},"categories":[34],"tags":[113,7,18,114],"acf":[],"yoast_head":"<!-- This site is optimized with the Yoast SEO plugin v23.0 - https:\/\/yoast.com\/wordpress\/plugins\/seo\/ -->\n<title>Prefeitura retoma campanha de sensibiliza\u00e7\u00e3o contra o trabalho infantil nas ruas da capital<\/title>\n<meta name=\"description\" content=\"Retomando os trabalhos desenvolvidos pela &quot;Campanha Municipal de Combate \u00e0 Explora\u00e7\u00e3o do Trabalho Infantojuvenil nas Ruas de Manaus&quot;, lan\u00e7ada em fevereiro deste ano, a Prefeitura de Manaus, por meio da Secretaria Municipal da Mulher, Assist\u00eancia Social e Cidadania (Semasc), realizou, nesta quinta-feira, 1\u00ba\/6, uma a\u00e7\u00e3o de sensibiliza\u00e7\u00e3o alusiva ao Dia Mundial Contra o Trabalho Infantil, a ser celebrado no dia 12\/6.\" \/>\n<meta name=\"robots\" content=\"noindex, follow\" \/>\n<meta property=\"og:locale\" content=\"pt_BR\" \/>\n<meta property=\"og:type\" content=\"article\" \/>\n<meta property=\"og:title\" content=\"Prefeitura retoma campanha de sensibiliza\u00e7\u00e3o contra o trabalho infantil nas ruas da capital\" \/>\n<meta property=\"og:description\" content=\"Retomando os trabalhos desenvolvidos pela &quot;Campanha Municipal de Combate \u00e0 Explora\u00e7\u00e3o do Trabalho Infantojuvenil nas Ruas de Manaus&quot;, lan\u00e7ada em fevereiro deste ano, a Prefeitura de Manaus, por meio da Secretaria Municipal da Mulher, Assist\u00eancia Social e Cidadania (Semasc), realizou, nesta quinta-feira, 1\u00ba\/6, uma a\u00e7\u00e3o de sensibiliza\u00e7\u00e3o alusiva ao Dia Mundial Contra o Trabalho Infantil, a ser celebrado no dia 12\/6.\" \/>\n<meta property=\"og:url\" content=\"https:\/\/www.manaus.am.gov.br\/semasc\/prefeitura-retoma-campanha-de-sensibilizacao-contra-o-trabalho-infantil-nas-ruas-da-capital\/\" \/>\n<meta property=\"og:site_name\" content=\"SEMASC\" \/>\n<meta property=\"article:publisher\" content=\"https:\/\/www.facebook.com\/semascmanaus\" \/>\n<meta property=\"article:published_time\" content=\"2023-06-02T13:00:46+00:00\" \/>\n<meta property=\"article:modified_time\" content=\"2023-06-02T13:00:47+00:00\" \/>\n<meta property=\"og:image\" content=\"https:\/\/www.manaus.am.gov.br\/semasc\/wp-content\/uploads\/sites\/17\/2023\/06\/52944366422_6664459c04_c.jpg\" \/>\n\t<meta property=\"og:image:width\" content=\"799\" \/>\n\t<meta property=\"og:image:height\" content=\"533\" \/>\n\t<meta property=\"og:image:type\" content=\"image\/jpeg\" \/>\n<meta name=\"author\" content=\"Adriana Costa\" \/>\n<meta name=\"twitter:card\" content=\"summary_large_image\" \/>\n<meta name=\"twitter:label1\" content=\"Written by\" \/>\n\t<meta name=\"twitter:data1\" content=\"Adriana Costa\" \/>\n\t<meta name=\"twitter:label2\" content=\"Est. reading time\" \/>\n\t<meta name=\"twitter:data2\" content=\"4 minutos\" \/>\n<script type=\"application\/ld+json\" class=\"yoast-schema-graph\">{\"@context\":\"https:\/\/schema.org\",\"@graph\":[{\"@type\":\"Article\",\"@id\":\"https:\/\/www.manaus.am.gov.br\/semasc\/prefeitura-retoma-campanha-de-sensibilizacao-contra-o-trabalho-infantil-nas-ruas-da-capital\/#article\",\"isPartOf\":{\"@id\":\"https:\/\/www.manaus.am.gov.br\/semasc\/prefeitura-retoma-campanha-de-sensibilizacao-contra-o-trabalho-infantil-nas-ruas-da-capital\/\"},\"author\":{\"name\":\"Adriana Costa\",\"@id\":\"https:\/\/www.manaus.am.gov.br\/semasc\/#\/schema\/person\/4e49f4e267757a06ca072ec61b2b9968\"},\"headline\":\"Prefeitura retoma campanha de sensibiliza\u00e7\u00e3o contra o trabalho infantil nas ruas da capital\",\"datePublished\":\"2023-06-02T13:00:46+00:00\",\"dateModified\":\"2023-06-02T13:00:47+00:00\",\"mainEntityOfPage\":{\"@id\":\"https:\/\/www.manaus.am.gov.br\/semasc\/prefeitura-retoma-campanha-de-sensibilizacao-contra-o-trabalho-infantil-nas-ruas-da-capital\/\"},\"wordCount\":725,\"publisher\":{\"@id\":\"https:\/\/www.manaus.am.gov.br\/semasc\/#organization\"},\"image\":{\"@id\":\"https:\/\/www.manaus.am.gov.br\/semasc\/prefeitura-retoma-campanha-de-sensibilizacao-contra-o-trabalho-infantil-nas-ruas-da-capital\/#primaryimage\"},\"thumbnailUrl\":\"https:\/\/www.manaus.am.gov.br\/semasc\/wp-content\/uploads\/sites\/17\/2023\/06\/52944366422_6664459c04_c.jpg\",\"keywords\":[\"combate ao trabalho infantojuvenil\",\"prefeitura de manaus\",\"Semasc\",\"sensibiliza\u00e7\u00e3o\"],\"articleSection\":[\"Assist\u00eancia Social\"],\"inLanguage\":\"pt-BR\"},{\"@type\":\"WebPage\",\"@id\":\"https:\/\/www.manaus.am.gov.br\/semasc\/prefeitura-retoma-campanha-de-sensibilizacao-contra-o-trabalho-infantil-nas-ruas-da-capital\/\",\"url\":\"https:\/\/www.manaus.am.gov.br\/semasc\/prefeitura-retoma-campanha-de-sensibilizacao-contra-o-trabalho-infantil-nas-ruas-da-capital\/\",\"name\":\"Prefeitura retoma campanha de sensibiliza\u00e7\u00e3o contra o trabalho infantil nas ruas da capital\",\"isPartOf\":{\"@id\":\"https:\/\/www.manaus.am.gov.br\/semasc\/#website\"},\"primaryImageOfPage\":{\"@id\":\"https:\/\/www.manaus.am.gov.br\/semasc\/prefeitura-retoma-campanha-de-sensibilizacao-contra-o-trabalho-infantil-nas-ruas-da-capital\/#primaryimage\"},\"image\":{\"@id\":\"https:\/\/www.manaus.am.gov.br\/semasc\/prefeitura-retoma-campanha-de-sensibilizacao-contra-o-trabalho-infantil-nas-ruas-da-capital\/#primaryimage\"},\"thumbnailUrl\":\"https:\/\/www.manaus.am.gov.br\/semasc\/wp-content\/uploads\/sites\/17\/2023\/06\/52944366422_6664459c04_c.jpg\",\"datePublished\":\"2023-06-02T13:00:46+00:00\",\"dateModified\":\"2023-06-02T13:00:47+00:00\",\"description\":\"Retomando os trabalhos desenvolvidos pela \\\"Campanha Municipal de Combate \u00e0 Explora\u00e7\u00e3o do Trabalho Infantojuvenil nas Ruas de Manaus\\\", lan\u00e7ada em fevereiro deste ano, a Prefeitura de Manaus, por meio da Secretaria Municipal da Mulher, Assist\u00eancia Social e Cidadania (Semasc), realizou, nesta quinta-feira, 1\u00ba\/6, uma a\u00e7\u00e3o de sensibiliza\u00e7\u00e3o alusiva ao Dia Mundial Contra o Trabalho Infantil, a ser celebrado no dia 12\/6.\",\"breadcrumb\":{\"@id\":\"https:\/\/www.manaus.am.gov.br\/semasc\/prefeitura-retoma-campanha-de-sensibilizacao-contra-o-trabalho-infantil-nas-ruas-da-capital\/#breadcrumb\"},\"inLanguage\":\"pt-BR\",\"potentialAction\":[{\"@type\":\"ReadAction\",\"target\":[\"https:\/\/www.manaus.am.gov.br\/semasc\/prefeitura-retoma-campanha-de-sensibilizacao-contra-o-trabalho-infantil-nas-ruas-da-capital\/\"]}]},{\"@type\":\"ImageObject\",\"inLanguage\":\"pt-BR\",\"@id\":\"https:\/\/www.manaus.am.gov.br\/semasc\/prefeitura-retoma-campanha-de-sensibilizacao-contra-o-trabalho-infantil-nas-ruas-da-capital\/#primaryimage\",\"url\":\"https:\/\/www.manaus.am.gov.br\/semasc\/wp-content\/uploads\/sites\/17\/2023\/06\/52944366422_6664459c04_c.jpg\",\"contentUrl\":\"https:\/\/www.manaus.am.gov.br\/semasc\/wp-content\/uploads\/sites\/17\/2023\/06\/52944366422_6664459c04_c.jpg\",\"width\":799,\"height\":533},{\"@type\":\"BreadcrumbList\",\"@id\":\"https:\/\/www.manaus.am.gov.br\/semasc\/prefeitura-retoma-campanha-de-sensibilizacao-contra-o-trabalho-infantil-nas-ruas-da-capital\/#breadcrumb\",\"itemListElement\":[{\"@type\":\"ListItem\",\"position\":1,\"name\":\"Home\",\"item\":\"https:\/\/www.manaus.am.gov.br\/semasc\/\"},{\"@type\":\"ListItem\",\"position\":2,\"name\":\"Prefeitura retoma campanha de sensibiliza\u00e7\u00e3o contra o trabalho infantil nas ruas da capital\"}]},{\"@type\":\"WebSite\",\"@id\":\"https:\/\/www.manaus.am.gov.br\/semasc\/#website\",\"url\":\"https:\/\/www.manaus.am.gov.br\/semasc\/\",\"name\":\"SEMASC\",\"description\":\"Secretaria Municipal da Mulher, Assist\u00eancia Social e Cidadania.\",\"publisher\":{\"@id\":\"https:\/\/www.manaus.am.gov.br\/semasc\/#organization\"},\"alternateName\":\"Secretaria Municipal da Mulher, Assist\u00eancia Social e Cidadania\",\"potentialAction\":[{\"@type\":\"SearchAction\",\"target\":{\"@type\":\"EntryPoint\",\"urlTemplate\":\"https:\/\/www.manaus.am.gov.br\/semasc\/?s={search_term_string}\"},\"query-input\":\"required name=search_term_string\"}],\"inLanguage\":\"pt-BR\"},{\"@type\":\"Organization\",\"@id\":\"https:\/\/www.manaus.am.gov.br\/semasc\/#organization\",\"name\":\"Prefeitura de Manaus\",\"alternateName\":\"Prefeitura Municipal de Manaus\",\"url\":\"https:\/\/www.manaus.am.gov.br\/semasc\/\",\"logo\":{\"@type\":\"ImageObject\",\"inLanguage\":\"pt-BR\",\"@id\":\"https:\/\/www.manaus.am.gov.br\/semasc\/#\/schema\/logo\/image\/\",\"url\":\"https:\/\/www.manaus.am.gov.br\/semasc\/wp-content\/uploads\/sites\/17\/2024\/07\/favicon.png\",\"contentUrl\":\"https:\/\/www.manaus.am.gov.br\/semasc\/wp-content\/uploads\/sites\/17\/2024\/07\/favicon.png\",\"width\":300,\"height\":300,\"caption\":\"Prefeitura de Manaus\"},\"image\":{\"@id\":\"https:\/\/www.manaus.am.gov.br\/semasc\/#\/schema\/logo\/image\/\"},\"sameAs\":[\"https:\/\/www.facebook.com\/semascmanaus\",\"https:\/\/www.instagram.com\/semascmanaus\/\"]},{\"@type\":\"Person\",\"@id\":\"https:\/\/www.manaus.am.gov.br\/semasc\/#\/schema\/person\/4e49f4e267757a06ca072ec61b2b9968\",\"name\":\"Adriana Costa\",\"image\":{\"@type\":\"ImageObject\",\"inLanguage\":\"pt-BR\",\"@id\":\"https:\/\/www.manaus.am.gov.br\/semasc\/#\/schema\/person\/image\/\",\"url\":\"https:\/\/secure.gravatar.com\/avatar\/576258617ef7194f718179e766d57bd4?s=96&d=mm&r=g\",\"contentUrl\":\"https:\/\/secure.gravatar.com\/avatar\/576258617ef7194f718179e766d57bd4?s=96&d=mm&r=g\",\"caption\":\"Adriana Costa\"}}]}<\/script>\n<!-- \/ Yoast SEO plugin. -->","yoast_head_json":{"title":"Prefeitura retoma campanha de sensibiliza\u00e7\u00e3o contra o trabalho infantil nas ruas da capital","description":"Retomando os trabalhos desenvolvidos pela \"Campanha Municipal de Combate \u00e0 Explora\u00e7\u00e3o do Trabalho Infantojuvenil nas Ruas de Manaus\", lan\u00e7ada em fevereiro deste ano, a Prefeitura de Manaus, por meio da Secretaria Municipal da Mulher, Assist\u00eancia Social e Cidadania (Semasc), realizou, nesta quinta-feira, 1\u00ba\/6, uma a\u00e7\u00e3o de sensibiliza\u00e7\u00e3o alusiva ao Dia Mundial Contra o Trabalho Infantil, a ser celebrado no dia 12\/6.","robots":{"index":"noindex","follow":"follow"},"og_locale":"pt_BR","og_type":"article","og_title":"Prefeitura retoma campanha de sensibiliza\u00e7\u00e3o contra o trabalho infantil nas ruas da capital","og_description":"Retomando os trabalhos desenvolvidos pela \"Campanha Municipal de Combate \u00e0 Explora\u00e7\u00e3o do Trabalho Infantojuvenil nas Ruas de Manaus\", lan\u00e7ada em fevereiro deste ano, a Prefeitura de Manaus, por meio da Secretaria Municipal da Mulher, Assist\u00eancia Social e Cidadania (Semasc), realizou, nesta quinta-feira, 1\u00ba\/6, uma a\u00e7\u00e3o de sensibiliza\u00e7\u00e3o alusiva ao Dia Mundial Contra o Trabalho Infantil, a ser celebrado no dia 12\/6.","og_url":"https:\/\/www.manaus.am.gov.br\/semasc\/prefeitura-retoma-campanha-de-sensibilizacao-contra-o-trabalho-infantil-nas-ruas-da-capital\/","og_site_name":"SEMASC","article_publisher":"https:\/\/www.facebook.com\/semascmanaus","article_published_time":"2023-06-02T13:00:46+00:00","article_modified_time":"2023-06-02T13:00:47+00:00","og_image":[{"width":799,"height":533,"url":"https:\/\/www.manaus.am.gov.br\/semasc\/wp-content\/uploads\/sites\/17\/2023\/06\/52944366422_6664459c04_c.jpg","type":"image\/jpeg"}],"author":"Adriana Costa","twitter_card":"summary_large_image","twitter_misc":{"Written by":"Adriana Costa","Est. reading time":"4 minutos"},"schema":{"@context":"https:\/\/schema.org","@graph":[{"@type":"Article","@id":"https:\/\/www.manaus.am.gov.br\/semasc\/prefeitura-retoma-campanha-de-sensibilizacao-contra-o-trabalho-infantil-nas-ruas-da-capital\/#article","isPartOf":{"@id":"https:\/\/www.manaus.am.gov.br\/semasc\/prefeitura-retoma-campanha-de-sensibilizacao-contra-o-trabalho-infantil-nas-ruas-da-capital\/"},"author":{"name":"Adriana Costa","@id":"https:\/\/www.manaus.am.gov.br\/semasc\/#\/schema\/person\/4e49f4e267757a06ca072ec61b2b9968"},"headline":"Prefeitura retoma campanha de sensibiliza\u00e7\u00e3o contra o trabalho infantil nas ruas da capital","datePublished":"2023-06-02T13:00:46+00:00","dateModified":"2023-06-02T13:00:47+00:00","mainEntityOfPage":{"@id":"https:\/\/www.manaus.am.gov.br\/semasc\/prefeitura-retoma-campanha-de-sensibilizacao-contra-o-trabalho-infantil-nas-ruas-da-capital\/"},"wordCount":725,"publisher":{"@id":"https:\/\/www.manaus.am.gov.br\/semasc\/#organization"},"image":{"@id":"https:\/\/www.manaus.am.gov.br\/semasc\/prefeitura-retoma-campanha-de-sensibilizacao-contra-o-trabalho-infantil-nas-ruas-da-capital\/#primaryimage"},"thumbnailUrl":"https:\/\/www.manaus.am.gov.br\/semasc\/wp-content\/uploads\/sites\/17\/2023\/06\/52944366422_6664459c04_c.jpg","keywords":["combate ao trabalho infantojuvenil","prefeitura de manaus","Semasc","sensibiliza\u00e7\u00e3o"],"articleSection":["Assist\u00eancia Social"],"inLanguage":"pt-BR"},{"@type":"WebPage","@id":"https:\/\/www.manaus.am.gov.br\/semasc\/prefeitura-retoma-campanha-de-sensibilizacao-contra-o-trabalho-infantil-nas-ruas-da-capital\/","url":"https:\/\/www.manaus.am.gov.br\/semasc\/prefeitura-retoma-campanha-de-sensibilizacao-contra-o-trabalho-infantil-nas-ruas-da-capital\/","name":"Prefeitura retoma campanha de sensibiliza\u00e7\u00e3o contra o trabalho infantil nas ruas da capital","isPartOf":{"@id":"https:\/\/www.manaus.am.gov.br\/semasc\/#website"},"primaryImageOfPage":{"@id":"https:\/\/www.manaus.am.gov.br\/semasc\/prefeitura-retoma-campanha-de-sensibilizacao-contra-o-trabalho-infantil-nas-ruas-da-capital\/#primaryimage"},"image":{"@id":"https:\/\/www.manaus.am.gov.br\/semasc\/prefeitura-retoma-campanha-de-sensibilizacao-contra-o-trabalho-infantil-nas-ruas-da-capital\/#primaryimage"},"thumbnailUrl":"https:\/\/www.manaus.am.gov.br\/semasc\/wp-content\/uploads\/sites\/17\/2023\/06\/52944366422_6664459c04_c.jpg","datePublished":"2023-06-02T13:00:46+00:00","dateModified":"2023-06-02T13:00:47+00:00","description":"Retomando os trabalhos desenvolvidos pela \"Campanha Municipal de Combate \u00e0 Explora\u00e7\u00e3o do Trabalho Infantojuvenil nas Ruas de Manaus\", lan\u00e7ada em fevereiro deste ano, a Prefeitura de Manaus, por meio da Secretaria Municipal da Mulher, Assist\u00eancia Social e Cidadania (Semasc), realizou, nesta quinta-feira, 1\u00ba\/6, uma a\u00e7\u00e3o de sensibiliza\u00e7\u00e3o alusiva ao Dia Mundial Contra o Trabalho Infantil, a ser celebrado no dia 12\/6.","breadcrumb":{"@id":"https:\/\/www.manaus.am.gov.br\/semasc\/prefeitura-retoma-campanha-de-sensibilizacao-contra-o-trabalho-infantil-nas-ruas-da-capital\/#breadcrumb"},"inLanguage":"pt-BR","potentialAction":[{"@type":"ReadAction","target":["https:\/\/www.manaus.am.gov.br\/semasc\/prefeitura-retoma-campanha-de-sensibilizacao-contra-o-trabalho-infantil-nas-ruas-da-capital\/"]}]},{"@type":"ImageObject","inLanguage":"pt-BR","@id":"https:\/\/www.manaus.am.gov.br\/semasc\/prefeitura-retoma-campanha-de-sensibilizacao-contra-o-trabalho-infantil-nas-ruas-da-capital\/#primaryimage","url":"https:\/\/www.manaus.am.gov.br\/semasc\/wp-content\/uploads\/sites\/17\/2023\/06\/52944366422_6664459c04_c.jpg","contentUrl":"https:\/\/www.manaus.am.gov.br\/semasc\/wp-content\/uploads\/sites\/17\/2023\/06\/52944366422_6664459c04_c.jpg","width":799,"height":533},{"@type":"BreadcrumbList","@id":"https:\/\/www.manaus.am.gov.br\/semasc\/prefeitura-retoma-campanha-de-sensibilizacao-contra-o-trabalho-infantil-nas-ruas-da-capital\/#breadcrumb","itemListElement":[{"@type":"ListItem","position":1,"name":"Home","item":"https:\/\/www.manaus.am.gov.br\/semasc\/"},{"@type":"ListItem","position":2,"name":"Prefeitura retoma campanha de sensibiliza\u00e7\u00e3o contra o trabalho infantil nas ruas da capital"}]},{"@type":"WebSite","@id":"https:\/\/www.manaus.am.gov.br\/semasc\/#website","url":"https:\/\/www.manaus.am.gov.br\/semasc\/","name":"SEMASC","description":"Secretaria Municipal da Mulher, Assist\u00eancia Social e Cidadania.","publisher":{"@id":"https:\/\/www.manaus.am.gov.br\/semasc\/#organization"},"alternateName":"Secretaria Municipal da Mulher, Assist\u00eancia Social e Cidadania","potentialAction":[{"@type":"SearchAction","target":{"@type":"EntryPoint","urlTemplate":"https:\/\/www.manaus.am.gov.br\/semasc\/?s={search_term_string}"},"query-input":"required name=search_term_string"}],"inLanguage":"pt-BR"},{"@type":"Organization","@id":"https:\/\/www.manaus.am.gov.br\/semasc\/#organization","name":"Prefeitura de Manaus","alternateName":"Prefeitura Municipal de Manaus","url":"https:\/\/www.manaus.am.gov.br\/semasc\/","logo":{"@type":"ImageObject","inLanguage":"pt-BR","@id":"https:\/\/www.manaus.am.gov.br\/semasc\/#\/schema\/logo\/image\/","url":"https:\/\/www.manaus.am.gov.br\/semasc\/wp-content\/uploads\/sites\/17\/2024\/07\/favicon.png","contentUrl":"https:\/\/www.manaus.am.gov.br\/semasc\/wp-content\/uploads\/sites\/17\/2024\/07\/favicon.png","width":300,"height":300,"caption":"Prefeitura de Manaus"},"image":{"@id":"https:\/\/www.manaus.am.gov.br\/semasc\/#\/schema\/logo\/image\/"},"sameAs":["https:\/\/www.facebook.com\/semascmanaus","https:\/\/www.instagram.com\/semascmanaus\/"]},{"@type":"Person","@id":"https:\/\/www.manaus.am.gov.br\/semasc\/#\/schema\/person\/4e49f4e267757a06ca072ec61b2b9968","name":"Adriana Costa","image":{"@type":"ImageObject","inLanguage":"pt-BR","@id":"https:\/\/www.manaus.am.gov.br\/semasc\/#\/schema\/person\/image\/","url":"https:\/\/secure.gravatar.com\/avatar\/576258617ef7194f718179e766d57bd4?s=96&d=mm&r=g","contentUrl":"https:\/\/secure.gravatar.com\/avatar\/576258617ef7194f718179e766d57bd4?s=96&d=mm&r=g","caption":"Adriana Costa"}}]}},"_links":{"self":[{"href":"https:\/\/www.manaus.am.gov.br\/semasc\/wp-json\/wp\/v2\/posts\/207665"}],"collection":[{"href":"https:\/\/www.manaus.am.gov.br\/semasc\/wp-json\/wp\/v2\/posts"}],"about":[{"href":"https:\/\/www.manaus.am.gov.br\/semasc\/wp-json\/wp\/v2\/types\/post"}],"author":[{"embeddable":true,"href":"https:\/\/www.manaus.am.gov.br\/semasc\/wp-json\/wp\/v2\/users\/23"}],"replies":[{"embeddable":true,"href":"https:\/\/www.manaus.am.gov.br\/semasc\/wp-json\/wp\/v2\/comments?post=207665"}],"version-history":[{"count":0,"href":"https:\/\/www.manaus.am.gov.br\/semasc\/wp-json\/wp\/v2\/posts\/207665\/revisions"}],"wp:featuredmedia":[{"embeddable":true,"href":"https:\/\/www.manaus.am.gov.br\/semasc\/wp-json\/wp\/v2\/media\/207666"}],"wp:attachment":[{"href":"https:\/\/www.manaus.am.gov.br\/semasc\/wp-json\/wp\/v2\/media?parent=207665"}],"wp:term":[{"taxonomy":"category","embeddable":true,"href":"https:\/\/www.manaus.am.gov.br\/semasc\/wp-json\/wp\/v2\/categories?post=207665"},{"taxonomy":"post_tag","embeddable":true,"href":"https:\/\/www.manaus.am.gov.br\/semasc\/wp-json\/wp\/v2\/tags?post=207665"}],"curies":[{"name":"wp","href":"https:\/\/api.w.org\/{rel}","templated":true}]}}