{"id":207663,"date":"2023-06-01T15:48:31","date_gmt":"2023-06-01T19:48:31","guid":{"rendered":"https:\/\/www.manaus.am.gov.br\/semasc\/prefeitura-e-cmdca-publicam-lista-de-candidaturas-para-a-eleicao-de-novos-conselheiros-tutelares\/"},"modified":"2023-06-01T15:48:32","modified_gmt":"2023-06-01T19:48:32","slug":"prefeitura-e-cmdca-publicam-lista-de-candidaturas-para-a-eleicao-de-novos-conselheiros-tutelares","status":"publish","type":"post","link":"https:\/\/www.manaus.am.gov.br\/semasc\/prefeitura-e-cmdca-publicam-lista-de-candidaturas-para-a-eleicao-de-novos-conselheiros-tutelares\/","title":{"rendered":"<strong>Prefeitura e CMDCA publicam lista de candidaturas para a elei\u00e7\u00e3o de novos conselheiros tutelares<\/strong>"},"content":{"rendered":"\n<p>Cumprindo mais uma etapa do processo eleitoral de novos conselheiros tutelares para a capital amazonense, a Prefeitura de Manaus, por meio da Secretaria Municipal de Manaus, Assist\u00eancia Social e Cidadania (Semasc), e o Conselho Municipal dos Direitos da Crian\u00e7a e do Adolescente (CMDCA) publicaram, na \u00faltima ter\u00e7a-feira, 31\/5, na edi\u00e7\u00e3o 5.597 do Di\u00e1rio Oficial do Munic\u00edpio, a lista preliminar de candidaturas deferidas e indeferidas para o pleito.<\/p>\n\n\n\n<p>Ao todo, 356 candidatos concorrer\u00e3o, sendo 34 candidatos na zona Centro-Oeste, 24 na zona Centro-Sul, 50 na zona Leste I, 50 na zona Leste II, 32 na zona Norte I, 37 na zona Norte II, 51 na zona Oeste, 18 na zona Rural, 27 na zona Sul I e 33 na zona Sul II. O prazo para a interposi\u00e7\u00e3o de recursos inicia-se hoje e deve se encerrar na pr\u00f3xima quarta-feira, 7\/6.<\/p>\n\n\n\n<p>\u201cA conclus\u00e3o de mais uma etapa deste processo \u00e9 uma vit\u00f3ria para a democracia e, principalmente, para a Prefeitura de Manaus, que cumpre fielmente suas obriga\u00e7\u00f5es enquanto Poder Executivo Municipal, garantindo \u00e0 comunidade o direito a escolha daqueles que atuar\u00e3o no cumprimento do Estatuto da Crian\u00e7a e do Adolescente em nossa cidade\u201d, destacou a presidente do CMDCA e subsecret\u00e1ria municipal de Pol\u00edticas Afirmativas para Mulheres e Direitos Humanos, Gra\u00e7a Prola.<\/p>\n\n\n\n<p><strong>Atualiza\u00e7\u00e3o do domic\u00edlio eleitoral e cadastro de eleitores<\/strong><\/p>\n\n\n\n<p>Para assegurar o seu direito ao voto, a popula\u00e7\u00e3o tem at\u00e9 o dia 30\/6 para efetivar a atualiza\u00e7\u00e3o do seu cadastro eleitoral.<\/p>\n\n\n\n<p>Eleitores com o domic\u00edlio eleitoral desatualizado, caso queiram votar nos candidatos da regi\u00e3o em que atualmente residem, dever\u00e3o se apresentar \u00e0 sede do Tribunal Regional Eleitoral do Amazonas (TRE-AM), localizada na avenida Andr\u00e9 Ara\u00fajo, no bairro Aleixo, zona Centro-Sul da cidade, portando a Carteira de Identidade (RG), Cadastro de Pessoa F\u00edsica (CPF) e comprovante de resid\u00eancia, a fim de atualizar a informa\u00e7\u00e3o e garantir o voto apenas aos candidatos atuantes em suas zonas eleitorais atuais.<\/p>\n\n\n\n<p>&#8212; &#8212; &#8212;<\/p>\n\n\n\n<p><strong>Texto<\/strong> &#8211; Guilherme Ara\u00fajo Pacheco \/ Semasc<\/p>\n\n\n\n<p><strong>Fotos<\/strong> \u2013 Marcely Gomes \/ Arquivo Semasc<\/p>\n\n\n\n<p>Dispon\u00edveis em &#8211; <a href=\"https:\/\/flic.kr\/s\/aHBqjAAcF8\">https:\/\/flic.kr\/s\/aHBqjAAcF8<\/a><\/p>\n","protected":false},"excerpt":{"rendered":"","protected":false},"author":31,"featured_media":207664,"comment_status":"closed","ping_status":"closed","sticky":false,"template":"","format":"standard","meta":{"footnotes":""},"categories":[66],"tags":[67,82,111,112],"acf":[],"yoast_head":"<!-- This site is optimized with the Yoast SEO plugin v23.0 - https:\/\/yoast.com\/wordpress\/plugins\/seo\/ -->\n<title>Prefeitura e CMDCA publicam lista de candidaturas para a elei\u00e7\u00e3o de novos conselheiros tutelares - SEMASC<\/title>\n<meta name=\"robots\" content=\"noindex, follow\" \/>\n<meta property=\"og:locale\" content=\"pt_BR\" \/>\n<meta property=\"og:type\" content=\"article\" \/>\n<meta property=\"og:title\" content=\"Prefeitura e CMDCA publicam lista de candidaturas para a elei\u00e7\u00e3o de novos conselheiros tutelares - SEMASC\" \/>\n<meta property=\"og:url\" content=\"https:\/\/www.manaus.am.gov.br\/semasc\/prefeitura-e-cmdca-publicam-lista-de-candidaturas-para-a-eleicao-de-novos-conselheiros-tutelares\/\" \/>\n<meta property=\"og:site_name\" content=\"SEMASC\" \/>\n<meta property=\"article:publisher\" content=\"https:\/\/www.facebook.com\/semascmanaus\" \/>\n<meta property=\"article:published_time\" content=\"2023-06-01T19:48:31+00:00\" \/>\n<meta property=\"article:modified_time\" content=\"2023-06-01T19:48:32+00:00\" \/>\n<meta property=\"og:image\" content=\"https:\/\/www.manaus.am.gov.br\/semasc\/wp-content\/uploads\/sites\/17\/2023\/06\/52824112527_65b4bc95f6_c.jpg\" \/>\n\t<meta property=\"og:image:width\" content=\"799\" \/>\n\t<meta property=\"og:image:height\" content=\"533\" \/>\n\t<meta property=\"og:image:type\" content=\"image\/jpeg\" \/>\n<meta name=\"author\" content=\"Renata Felix\" \/>\n<meta name=\"twitter:card\" content=\"summary_large_image\" \/>\n<meta name=\"twitter:label1\" content=\"Written by\" \/>\n\t<meta name=\"twitter:data1\" content=\"Renata Felix\" \/>\n\t<meta name=\"twitter:label2\" content=\"Est. reading time\" \/>\n\t<meta name=\"twitter:data2\" content=\"2 minutos\" \/>\n<script type=\"application\/ld+json\" class=\"yoast-schema-graph\">{\"@context\":\"https:\/\/schema.org\",\"@graph\":[{\"@type\":\"Article\",\"@id\":\"https:\/\/www.manaus.am.gov.br\/semasc\/prefeitura-e-cmdca-publicam-lista-de-candidaturas-para-a-eleicao-de-novos-conselheiros-tutelares\/#article\",\"isPartOf\":{\"@id\":\"https:\/\/www.manaus.am.gov.br\/semasc\/prefeitura-e-cmdca-publicam-lista-de-candidaturas-para-a-eleicao-de-novos-conselheiros-tutelares\/\"},\"author\":{\"name\":\"Renata Felix\",\"@id\":\"https:\/\/www.manaus.am.gov.br\/semasc\/#\/schema\/person\/4eea2a8f78dc853097abb026f728aa06\"},\"headline\":\"Prefeitura e CMDCA publicam lista de candidaturas para a elei\u00e7\u00e3o de novos conselheiros tutelares\",\"datePublished\":\"2023-06-01T19:48:31+00:00\",\"dateModified\":\"2023-06-01T19:48:32+00:00\",\"mainEntityOfPage\":{\"@id\":\"https:\/\/www.manaus.am.gov.br\/semasc\/prefeitura-e-cmdca-publicam-lista-de-candidaturas-para-a-eleicao-de-novos-conselheiros-tutelares\/\"},\"wordCount\":362,\"publisher\":{\"@id\":\"https:\/\/www.manaus.am.gov.br\/semasc\/#organization\"},\"image\":{\"@id\":\"https:\/\/www.manaus.am.gov.br\/semasc\/prefeitura-e-cmdca-publicam-lista-de-candidaturas-para-a-eleicao-de-novos-conselheiros-tutelares\/#primaryimage\"},\"thumbnailUrl\":\"https:\/\/www.manaus.am.gov.br\/semasc\/wp-content\/uploads\/sites\/17\/2023\/06\/52824112527_65b4bc95f6_c.jpg\",\"keywords\":[\"CMDCA\",\"Conselho Tutelar\",\"elei\u00e7\u00e3o\",\"lista de candidaturas\"],\"articleSection\":[\"Conselho\"],\"inLanguage\":\"pt-BR\"},{\"@type\":\"WebPage\",\"@id\":\"https:\/\/www.manaus.am.gov.br\/semasc\/prefeitura-e-cmdca-publicam-lista-de-candidaturas-para-a-eleicao-de-novos-conselheiros-tutelares\/\",\"url\":\"https:\/\/www.manaus.am.gov.br\/semasc\/prefeitura-e-cmdca-publicam-lista-de-candidaturas-para-a-eleicao-de-novos-conselheiros-tutelares\/\",\"name\":\"Prefeitura e CMDCA publicam lista de candidaturas para a elei\u00e7\u00e3o de novos conselheiros tutelares - SEMASC\",\"isPartOf\":{\"@id\":\"https:\/\/www.manaus.am.gov.br\/semasc\/#website\"},\"primaryImageOfPage\":{\"@id\":\"https:\/\/www.manaus.am.gov.br\/semasc\/prefeitura-e-cmdca-publicam-lista-de-candidaturas-para-a-eleicao-de-novos-conselheiros-tutelares\/#primaryimage\"},\"image\":{\"@id\":\"https:\/\/www.manaus.am.gov.br\/semasc\/prefeitura-e-cmdca-publicam-lista-de-candidaturas-para-a-eleicao-de-novos-conselheiros-tutelares\/#primaryimage\"},\"thumbnailUrl\":\"https:\/\/www.manaus.am.gov.br\/semasc\/wp-content\/uploads\/sites\/17\/2023\/06\/52824112527_65b4bc95f6_c.jpg\",\"datePublished\":\"2023-06-01T19:48:31+00:00\",\"dateModified\":\"2023-06-01T19:48:32+00:00\",\"breadcrumb\":{\"@id\":\"https:\/\/www.manaus.am.gov.br\/semasc\/prefeitura-e-cmdca-publicam-lista-de-candidaturas-para-a-eleicao-de-novos-conselheiros-tutelares\/#breadcrumb\"},\"inLanguage\":\"pt-BR\",\"potentialAction\":[{\"@type\":\"ReadAction\",\"target\":[\"https:\/\/www.manaus.am.gov.br\/semasc\/prefeitura-e-cmdca-publicam-lista-de-candidaturas-para-a-eleicao-de-novos-conselheiros-tutelares\/\"]}]},{\"@type\":\"ImageObject\",\"inLanguage\":\"pt-BR\",\"@id\":\"https:\/\/www.manaus.am.gov.br\/semasc\/prefeitura-e-cmdca-publicam-lista-de-candidaturas-para-a-eleicao-de-novos-conselheiros-tutelares\/#primaryimage\",\"url\":\"https:\/\/www.manaus.am.gov.br\/semasc\/wp-content\/uploads\/sites\/17\/2023\/06\/52824112527_65b4bc95f6_c.jpg\",\"contentUrl\":\"https:\/\/www.manaus.am.gov.br\/semasc\/wp-content\/uploads\/sites\/17\/2023\/06\/52824112527_65b4bc95f6_c.jpg\",\"width\":799,\"height\":533},{\"@type\":\"BreadcrumbList\",\"@id\":\"https:\/\/www.manaus.am.gov.br\/semasc\/prefeitura-e-cmdca-publicam-lista-de-candidaturas-para-a-eleicao-de-novos-conselheiros-tutelares\/#breadcrumb\",\"itemListElement\":[{\"@type\":\"ListItem\",\"position\":1,\"name\":\"Home\",\"item\":\"https:\/\/www.manaus.am.gov.br\/semasc\/\"},{\"@type\":\"ListItem\",\"position\":2,\"name\":\"Prefeitura e CMDCA publicam lista de candidaturas para a elei\u00e7\u00e3o de novos conselheiros tutelares\"}]},{\"@type\":\"WebSite\",\"@id\":\"https:\/\/www.manaus.am.gov.br\/semasc\/#website\",\"url\":\"https:\/\/www.manaus.am.gov.br\/semasc\/\",\"name\":\"SEMASC\",\"description\":\"Secretaria Municipal da Mulher, Assist\u00eancia Social e Cidadania.\",\"publisher\":{\"@id\":\"https:\/\/www.manaus.am.gov.br\/semasc\/#organization\"},\"alternateName\":\"Secretaria Municipal da Mulher, Assist\u00eancia Social e Cidadania\",\"potentialAction\":[{\"@type\":\"SearchAction\",\"target\":{\"@type\":\"EntryPoint\",\"urlTemplate\":\"https:\/\/www.manaus.am.gov.br\/semasc\/?s={search_term_string}\"},\"query-input\":\"required name=search_term_string\"}],\"inLanguage\":\"pt-BR\"},{\"@type\":\"Organization\",\"@id\":\"https:\/\/www.manaus.am.gov.br\/semasc\/#organization\",\"name\":\"Prefeitura de Manaus\",\"alternateName\":\"Prefeitura Municipal de Manaus\",\"url\":\"https:\/\/www.manaus.am.gov.br\/semasc\/\",\"logo\":{\"@type\":\"ImageObject\",\"inLanguage\":\"pt-BR\",\"@id\":\"https:\/\/www.manaus.am.gov.br\/semasc\/#\/schema\/logo\/image\/\",\"url\":\"https:\/\/www.manaus.am.gov.br\/semasc\/wp-content\/uploads\/sites\/17\/2024\/07\/favicon.png\",\"contentUrl\":\"https:\/\/www.manaus.am.gov.br\/semasc\/wp-content\/uploads\/sites\/17\/2024\/07\/favicon.png\",\"width\":300,\"height\":300,\"caption\":\"Prefeitura de Manaus\"},\"image\":{\"@id\":\"https:\/\/www.manaus.am.gov.br\/semasc\/#\/schema\/logo\/image\/\"},\"sameAs\":[\"https:\/\/www.facebook.com\/semascmanaus\",\"https:\/\/www.instagram.com\/semascmanaus\/\"]},{\"@type\":\"Person\",\"@id\":\"https:\/\/www.manaus.am.gov.br\/semasc\/#\/schema\/person\/4eea2a8f78dc853097abb026f728aa06\",\"name\":\"Renata Felix\",\"image\":{\"@type\":\"ImageObject\",\"inLanguage\":\"pt-BR\",\"@id\":\"https:\/\/www.manaus.am.gov.br\/semasc\/#\/schema\/person\/image\/\",\"url\":\"https:\/\/secure.gravatar.com\/avatar\/3c196cf9d3b837b24c8edb2c50fd8f29?s=96&d=mm&r=g\",\"contentUrl\":\"https:\/\/secure.gravatar.com\/avatar\/3c196cf9d3b837b24c8edb2c50fd8f29?s=96&d=mm&r=g\",\"caption\":\"Renata Felix\"}}]}<\/script>\n<!-- \/ Yoast SEO plugin. -->","yoast_head_json":{"title":"Prefeitura e CMDCA publicam lista de candidaturas para a elei\u00e7\u00e3o de novos conselheiros tutelares - SEMASC","robots":{"index":"noindex","follow":"follow"},"og_locale":"pt_BR","og_type":"article","og_title":"Prefeitura e CMDCA publicam lista de candidaturas para a elei\u00e7\u00e3o de novos conselheiros tutelares - SEMASC","og_url":"https:\/\/www.manaus.am.gov.br\/semasc\/prefeitura-e-cmdca-publicam-lista-de-candidaturas-para-a-eleicao-de-novos-conselheiros-tutelares\/","og_site_name":"SEMASC","article_publisher":"https:\/\/www.facebook.com\/semascmanaus","article_published_time":"2023-06-01T19:48:31+00:00","article_modified_time":"2023-06-01T19:48:32+00:00","og_image":[{"width":799,"height":533,"url":"https:\/\/www.manaus.am.gov.br\/semasc\/wp-content\/uploads\/sites\/17\/2023\/06\/52824112527_65b4bc95f6_c.jpg","type":"image\/jpeg"}],"author":"Renata Felix","twitter_card":"summary_large_image","twitter_misc":{"Written by":"Renata Felix","Est. reading time":"2 minutos"},"schema":{"@context":"https:\/\/schema.org","@graph":[{"@type":"Article","@id":"https:\/\/www.manaus.am.gov.br\/semasc\/prefeitura-e-cmdca-publicam-lista-de-candidaturas-para-a-eleicao-de-novos-conselheiros-tutelares\/#article","isPartOf":{"@id":"https:\/\/www.manaus.am.gov.br\/semasc\/prefeitura-e-cmdca-publicam-lista-de-candidaturas-para-a-eleicao-de-novos-conselheiros-tutelares\/"},"author":{"name":"Renata Felix","@id":"https:\/\/www.manaus.am.gov.br\/semasc\/#\/schema\/person\/4eea2a8f78dc853097abb026f728aa06"},"headline":"Prefeitura e CMDCA publicam lista de candidaturas para a elei\u00e7\u00e3o de novos conselheiros tutelares","datePublished":"2023-06-01T19:48:31+00:00","dateModified":"2023-06-01T19:48:32+00:00","mainEntityOfPage":{"@id":"https:\/\/www.manaus.am.gov.br\/semasc\/prefeitura-e-cmdca-publicam-lista-de-candidaturas-para-a-eleicao-de-novos-conselheiros-tutelares\/"},"wordCount":362,"publisher":{"@id":"https:\/\/www.manaus.am.gov.br\/semasc\/#organization"},"image":{"@id":"https:\/\/www.manaus.am.gov.br\/semasc\/prefeitura-e-cmdca-publicam-lista-de-candidaturas-para-a-eleicao-de-novos-conselheiros-tutelares\/#primaryimage"},"thumbnailUrl":"https:\/\/www.manaus.am.gov.br\/semasc\/wp-content\/uploads\/sites\/17\/2023\/06\/52824112527_65b4bc95f6_c.jpg","keywords":["CMDCA","Conselho Tutelar","elei\u00e7\u00e3o","lista de candidaturas"],"articleSection":["Conselho"],"inLanguage":"pt-BR"},{"@type":"WebPage","@id":"https:\/\/www.manaus.am.gov.br\/semasc\/prefeitura-e-cmdca-publicam-lista-de-candidaturas-para-a-eleicao-de-novos-conselheiros-tutelares\/","url":"https:\/\/www.manaus.am.gov.br\/semasc\/prefeitura-e-cmdca-publicam-lista-de-candidaturas-para-a-eleicao-de-novos-conselheiros-tutelares\/","name":"Prefeitura e CMDCA publicam lista de candidaturas para a elei\u00e7\u00e3o de novos conselheiros tutelares - SEMASC","isPartOf":{"@id":"https:\/\/www.manaus.am.gov.br\/semasc\/#website"},"primaryImageOfPage":{"@id":"https:\/\/www.manaus.am.gov.br\/semasc\/prefeitura-e-cmdca-publicam-lista-de-candidaturas-para-a-eleicao-de-novos-conselheiros-tutelares\/#primaryimage"},"image":{"@id":"https:\/\/www.manaus.am.gov.br\/semasc\/prefeitura-e-cmdca-publicam-lista-de-candidaturas-para-a-eleicao-de-novos-conselheiros-tutelares\/#primaryimage"},"thumbnailUrl":"https:\/\/www.manaus.am.gov.br\/semasc\/wp-content\/uploads\/sites\/17\/2023\/06\/52824112527_65b4bc95f6_c.jpg","datePublished":"2023-06-01T19:48:31+00:00","dateModified":"2023-06-01T19:48:32+00:00","breadcrumb":{"@id":"https:\/\/www.manaus.am.gov.br\/semasc\/prefeitura-e-cmdca-publicam-lista-de-candidaturas-para-a-eleicao-de-novos-conselheiros-tutelares\/#breadcrumb"},"inLanguage":"pt-BR","potentialAction":[{"@type":"ReadAction","target":["https:\/\/www.manaus.am.gov.br\/semasc\/prefeitura-e-cmdca-publicam-lista-de-candidaturas-para-a-eleicao-de-novos-conselheiros-tutelares\/"]}]},{"@type":"ImageObject","inLanguage":"pt-BR","@id":"https:\/\/www.manaus.am.gov.br\/semasc\/prefeitura-e-cmdca-publicam-lista-de-candidaturas-para-a-eleicao-de-novos-conselheiros-tutelares\/#primaryimage","url":"https:\/\/www.manaus.am.gov.br\/semasc\/wp-content\/uploads\/sites\/17\/2023\/06\/52824112527_65b4bc95f6_c.jpg","contentUrl":"https:\/\/www.manaus.am.gov.br\/semasc\/wp-content\/uploads\/sites\/17\/2023\/06\/52824112527_65b4bc95f6_c.jpg","width":799,"height":533},{"@type":"BreadcrumbList","@id":"https:\/\/www.manaus.am.gov.br\/semasc\/prefeitura-e-cmdca-publicam-lista-de-candidaturas-para-a-eleicao-de-novos-conselheiros-tutelares\/#breadcrumb","itemListElement":[{"@type":"ListItem","position":1,"name":"Home","item":"https:\/\/www.manaus.am.gov.br\/semasc\/"},{"@type":"ListItem","position":2,"name":"Prefeitura e CMDCA publicam lista de candidaturas para a elei\u00e7\u00e3o de novos conselheiros tutelares"}]},{"@type":"WebSite","@id":"https:\/\/www.manaus.am.gov.br\/semasc\/#website","url":"https:\/\/www.manaus.am.gov.br\/semasc\/","name":"SEMASC","description":"Secretaria Municipal da Mulher, Assist\u00eancia Social e Cidadania.","publisher":{"@id":"https:\/\/www.manaus.am.gov.br\/semasc\/#organization"},"alternateName":"Secretaria Municipal da Mulher, Assist\u00eancia Social e Cidadania","potentialAction":[{"@type":"SearchAction","target":{"@type":"EntryPoint","urlTemplate":"https:\/\/www.manaus.am.gov.br\/semasc\/?s={search_term_string}"},"query-input":"required name=search_term_string"}],"inLanguage":"pt-BR"},{"@type":"Organization","@id":"https:\/\/www.manaus.am.gov.br\/semasc\/#organization","name":"Prefeitura de Manaus","alternateName":"Prefeitura Municipal de Manaus","url":"https:\/\/www.manaus.am.gov.br\/semasc\/","logo":{"@type":"ImageObject","inLanguage":"pt-BR","@id":"https:\/\/www.manaus.am.gov.br\/semasc\/#\/schema\/logo\/image\/","url":"https:\/\/www.manaus.am.gov.br\/semasc\/wp-content\/uploads\/sites\/17\/2024\/07\/favicon.png","contentUrl":"https:\/\/www.manaus.am.gov.br\/semasc\/wp-content\/uploads\/sites\/17\/2024\/07\/favicon.png","width":300,"height":300,"caption":"Prefeitura de Manaus"},"image":{"@id":"https:\/\/www.manaus.am.gov.br\/semasc\/#\/schema\/logo\/image\/"},"sameAs":["https:\/\/www.facebook.com\/semascmanaus","https:\/\/www.instagram.com\/semascmanaus\/"]},{"@type":"Person","@id":"https:\/\/www.manaus.am.gov.br\/semasc\/#\/schema\/person\/4eea2a8f78dc853097abb026f728aa06","name":"Renata Felix","image":{"@type":"ImageObject","inLanguage":"pt-BR","@id":"https:\/\/www.manaus.am.gov.br\/semasc\/#\/schema\/person\/image\/","url":"https:\/\/secure.gravatar.com\/avatar\/3c196cf9d3b837b24c8edb2c50fd8f29?s=96&d=mm&r=g","contentUrl":"https:\/\/secure.gravatar.com\/avatar\/3c196cf9d3b837b24c8edb2c50fd8f29?s=96&d=mm&r=g","caption":"Renata Felix"}}]}},"_links":{"self":[{"href":"https:\/\/www.manaus.am.gov.br\/semasc\/wp-json\/wp\/v2\/posts\/207663"}],"collection":[{"href":"https:\/\/www.manaus.am.gov.br\/semasc\/wp-json\/wp\/v2\/posts"}],"about":[{"href":"https:\/\/www.manaus.am.gov.br\/semasc\/wp-json\/wp\/v2\/types\/post"}],"author":[{"embeddable":true,"href":"https:\/\/www.manaus.am.gov.br\/semasc\/wp-json\/wp\/v2\/users\/31"}],"replies":[{"embeddable":true,"href":"https:\/\/www.manaus.am.gov.br\/semasc\/wp-json\/wp\/v2\/comments?post=207663"}],"version-history":[{"count":0,"href":"https:\/\/www.manaus.am.gov.br\/semasc\/wp-json\/wp\/v2\/posts\/207663\/revisions"}],"wp:featuredmedia":[{"embeddable":true,"href":"https:\/\/www.manaus.am.gov.br\/semasc\/wp-json\/wp\/v2\/media\/207664"}],"wp:attachment":[{"href":"https:\/\/www.manaus.am.gov.br\/semasc\/wp-json\/wp\/v2\/media?parent=207663"}],"wp:term":[{"taxonomy":"category","embeddable":true,"href":"https:\/\/www.manaus.am.gov.br\/semasc\/wp-json\/wp\/v2\/categories?post=207663"},{"taxonomy":"post_tag","embeddable":true,"href":"https:\/\/www.manaus.am.gov.br\/semasc\/wp-json\/wp\/v2\/tags?post=207663"}],"curies":[{"name":"wp","href":"https:\/\/api.w.org\/{rel}","templated":true}]}}