{"id":207661,"date":"2023-06-01T09:04:40","date_gmt":"2023-06-01T13:04:40","guid":{"rendered":"https:\/\/www.manaus.am.gov.br\/semasc\/prefeitura-e-governo-assinam-termo-de-cessao-de-uso-de-imovel-para-novo-equipamento-socioassistencial\/"},"modified":"2023-06-01T09:04:41","modified_gmt":"2023-06-01T13:04:41","slug":"prefeitura-e-governo-assinam-termo-de-cessao-de-uso-de-imovel-para-novo-equipamento-socioassistencial","status":"publish","type":"post","link":"https:\/\/www.manaus.am.gov.br\/semasc\/prefeitura-e-governo-assinam-termo-de-cessao-de-uso-de-imovel-para-novo-equipamento-socioassistencial\/","title":{"rendered":"<strong>Prefeitura e governo assinam termo de cess\u00e3o de uso de im\u00f3vel para novo equipamento socioassistencial<\/strong>"},"content":{"rendered":"\n<p>A Prefeitura de Manaus, por meio da Secretaria Municipal da Mulher, Assist\u00eancia Social e Cidadania (Semasc), e o governo do Estado do Amazonas, via Secretaria de Estado de Desenvolvimento Urbano e Metropolitano (Sedurb), realizaram, nesta quarta-feira, 31\/5, a assinatura de um Termo de Cess\u00e3o de Uso de Im\u00f3vel, concedendo a utiliza\u00e7\u00e3o de um espa\u00e7o no bairro Santa Luzia, zona Sul, para a amplia\u00e7\u00e3o dos trabalhos de atendimento e acolhimento desenvolvidos pelo Centro de Refer\u00eancia dos Direitos da Mulher (CRDM), equipamento socioassistencial administrado pela gest\u00e3o municipal.<\/p>\n\n\n\n<p>A reuni\u00e3o entre os representantes de cada parte do acordo foi realizada na sede da Unidade Gestora de Projetos Especiais (UGPE), no Centro de Manaus. &#8220;Recebemos, hoje, de muito bom grado e com muita alegria, a cess\u00e3o desse equipamento t\u00e3o importante e que ser\u00e1 muito bem utilizado pela Prefeitura de Manaus no atendimento a mulheres v\u00edtimas de viol\u00eancia dom\u00e9stica. \u00c9 muito importante para a gest\u00e3o municipal a implementa\u00e7\u00e3o de mais um equipamento atuante na defesa dos direitos desse p\u00fablico, por isso a ideia aqui \u00e9 justamente que essa seja uma esp\u00e9cie de extens\u00e3o de tudo aquilo que j\u00e1 trabalhamos dentro do CRDM, mas, agora, atendendo a popula\u00e7\u00e3o da zona Sul da cidade&#8221;, explicou o secret\u00e1rio Eduardo Lucas, titular da Semasc.<\/p>\n\n\n\n<p>De acordo com o secret\u00e1rio Marcellus Camp\u00ealo, titular da Sedurb e coordenador-executivo da UGPE, a parceria representa a conclus\u00e3o de um ciclo objetivado pelo Programa Social e Ambiental dos Igarap\u00e9s de Manaus (Prosamim) desde a sua concep\u00e7\u00e3o, h\u00e1 20 anos.<\/p>\n\n\n\n<p>&#8220;Quando o governo do Estado do Amazonas, a partir do Prosamim, repassa um equipamento p\u00fablico como esse para a Prefeitura de Manaus e sua secretaria respons\u00e1vel, para dar continuidade a um trabalho t\u00e9cnico e social iniciado h\u00e1 muito tempo, n\u00f3s conclu\u00edmos um ciclo e atingimos o objetivo do programa como um todo, que \u00e9 dar sustentabilidade \u00e0s a\u00e7\u00f5es constru\u00eddas naquela \u00e9poca. \u00c9 um momento muito importante para n\u00f3s, pois nossas equipes agora deixar\u00e3o o equipamento e o entregaremos para a gest\u00e3o municipal, para que haja a\u00ed uma manuten\u00e7\u00e3o desse trabalho e desse cuidado com a popula\u00e7\u00e3o&#8221;, concluiu.<\/p>\n\n\n\n<p><strong>Centro de Refer\u00eancia dos Direitos da Mulher&nbsp;<\/strong>&nbsp;<\/p>\n\n\n\n<p>Em Manaus, mulheres v\u00edtimas de viol\u00eancia podem buscar apoio no Centro de Refer\u00eancia dos Direitos da Mulher (CRDM), estrutura municipal que promove atendimento humanizado \u00e0s v\u00edtimas, por meio da assist\u00eancia social e jur\u00eddica, acompanhamento psicol\u00f3gico, al\u00e9m de cursos de qualifica\u00e7\u00e3o para a gera\u00e7\u00e3o de renda, auxiliando mulheres no processo de emancipa\u00e7\u00e3o de seus agressores.<\/p>\n\n\n\n<p>A unidade est\u00e1 localizada no bairro Flores, zona Centro-Sul da cidade, e o atendimento ainda pode ser agendado pelo telefone (92) 98842-2266.<\/p>\n\n\n\n<p>&#8212; &#8212; &#8212;<\/p>\n\n\n\n<p><strong>Texto<\/strong>&nbsp;&#8211; Guilherme Ara\u00fajo Pacheco \/ Semasc<\/p>\n\n\n\n<p><strong>Fotos<\/strong>&nbsp;&#8211; Marcely Gomes \/ Semasc<\/p>\n","protected":false},"excerpt":{"rendered":"","protected":false},"author":23,"featured_media":207662,"comment_status":"closed","ping_status":"closed","sticky":false,"template":"","format":"standard","meta":{"footnotes":""},"categories":[34],"tags":[107,108,7,18,109,110],"acf":[],"yoast_head":"<!-- This site is optimized with the Yoast SEO plugin v23.0 - https:\/\/yoast.com\/wordpress\/plugins\/seo\/ -->\n<title>Prefeitura e governo assinam termo de cess\u00e3o de uso de im\u00f3vel para novo equipamento socioassistencial<\/title>\n<meta name=\"description\" content=\"A Prefeitura de Manaus, por meio da Secretaria Municipal da Mulher, Assist\u00eancia Social e Cidadania (Semasc), e o governo do Estado do Amazonas, via Secretaria de Estado de Desenvolvimento Urbano e Metropolitano (Sedurb), realizaram, nesta quarta-feira, 31\/5, a assinatura de um Termo de Cess\u00e3o de Uso de Im\u00f3vel, concedendo a utiliza\u00e7\u00e3o de um espa\u00e7o no bairro Santa Luzia, zona Sul, para a amplia\u00e7\u00e3o dos trabalhos de atendimento e acolhimento desenvolvidos pelo Centro de Refer\u00eancia dos Direitos da Mulher (CRDM), equipamento socioassistencial administrado pela gest\u00e3o municipal.\" \/>\n<meta name=\"robots\" content=\"noindex, follow\" \/>\n<meta property=\"og:locale\" content=\"pt_BR\" \/>\n<meta property=\"og:type\" content=\"article\" \/>\n<meta property=\"og:title\" content=\"Prefeitura e governo assinam termo de cess\u00e3o de uso de im\u00f3vel para novo equipamento socioassistencial\" \/>\n<meta property=\"og:description\" content=\"A Prefeitura de Manaus, por meio da Secretaria Municipal da Mulher, Assist\u00eancia Social e Cidadania (Semasc), e o governo do Estado do Amazonas, via Secretaria de Estado de Desenvolvimento Urbano e Metropolitano (Sedurb), realizaram, nesta quarta-feira, 31\/5, a assinatura de um Termo de Cess\u00e3o de Uso de Im\u00f3vel, concedendo a utiliza\u00e7\u00e3o de um espa\u00e7o no bairro Santa Luzia, zona Sul, para a amplia\u00e7\u00e3o dos trabalhos de atendimento e acolhimento desenvolvidos pelo Centro de Refer\u00eancia dos Direitos da Mulher (CRDM), equipamento socioassistencial administrado pela gest\u00e3o municipal.\" \/>\n<meta property=\"og:url\" content=\"https:\/\/www.manaus.am.gov.br\/semasc\/prefeitura-e-governo-assinam-termo-de-cessao-de-uso-de-imovel-para-novo-equipamento-socioassistencial\/\" \/>\n<meta property=\"og:site_name\" content=\"SEMASC\" \/>\n<meta property=\"article:publisher\" content=\"https:\/\/www.facebook.com\/semascmanaus\" \/>\n<meta property=\"article:published_time\" content=\"2023-06-01T13:04:40+00:00\" \/>\n<meta property=\"article:modified_time\" content=\"2023-06-01T13:04:41+00:00\" \/>\n<meta property=\"og:image\" content=\"https:\/\/www.manaus.am.gov.br\/semasc\/wp-content\/uploads\/sites\/17\/2023\/06\/20230531150254__MG_6217-scaled.jpg\" \/>\n\t<meta property=\"og:image:width\" content=\"2560\" \/>\n\t<meta property=\"og:image:height\" content=\"1564\" \/>\n\t<meta property=\"og:image:type\" content=\"image\/jpeg\" \/>\n<meta name=\"author\" content=\"Adriana Costa\" \/>\n<meta name=\"twitter:card\" content=\"summary_large_image\" \/>\n<meta name=\"twitter:label1\" content=\"Written by\" \/>\n\t<meta name=\"twitter:data1\" content=\"Adriana Costa\" \/>\n\t<meta name=\"twitter:label2\" content=\"Est. reading time\" \/>\n\t<meta name=\"twitter:data2\" content=\"3 minutos\" \/>\n<script type=\"application\/ld+json\" class=\"yoast-schema-graph\">{\"@context\":\"https:\/\/schema.org\",\"@graph\":[{\"@type\":\"Article\",\"@id\":\"https:\/\/www.manaus.am.gov.br\/semasc\/prefeitura-e-governo-assinam-termo-de-cessao-de-uso-de-imovel-para-novo-equipamento-socioassistencial\/#article\",\"isPartOf\":{\"@id\":\"https:\/\/www.manaus.am.gov.br\/semasc\/prefeitura-e-governo-assinam-termo-de-cessao-de-uso-de-imovel-para-novo-equipamento-socioassistencial\/\"},\"author\":{\"name\":\"Adriana Costa\",\"@id\":\"https:\/\/www.manaus.am.gov.br\/semasc\/#\/schema\/person\/4e49f4e267757a06ca072ec61b2b9968\"},\"headline\":\"Prefeitura e governo assinam termo de cess\u00e3o de uso de im\u00f3vel para novo equipamento socioassistencial\",\"datePublished\":\"2023-06-01T13:04:40+00:00\",\"dateModified\":\"2023-06-01T13:04:41+00:00\",\"mainEntityOfPage\":{\"@id\":\"https:\/\/www.manaus.am.gov.br\/semasc\/prefeitura-e-governo-assinam-termo-de-cessao-de-uso-de-imovel-para-novo-equipamento-socioassistencial\/\"},\"wordCount\":504,\"publisher\":{\"@id\":\"https:\/\/www.manaus.am.gov.br\/semasc\/#organization\"},\"image\":{\"@id\":\"https:\/\/www.manaus.am.gov.br\/semasc\/prefeitura-e-governo-assinam-termo-de-cessao-de-uso-de-imovel-para-novo-equipamento-socioassistencial\/#primaryimage\"},\"thumbnailUrl\":\"https:\/\/www.manaus.am.gov.br\/semasc\/wp-content\/uploads\/sites\/17\/2023\/06\/20230531150254__MG_6217-scaled.jpg\",\"keywords\":[\"CRDM\",\"mulheres v\u00edtimas de viol\u00eancia dom\u00e9stica\",\"prefeitura de manaus\",\"Semasc\",\"termo de cess\u00e3o de uso de im\u00f3vel\",\"zona sul\"],\"articleSection\":[\"Assist\u00eancia Social\"],\"inLanguage\":\"pt-BR\"},{\"@type\":\"WebPage\",\"@id\":\"https:\/\/www.manaus.am.gov.br\/semasc\/prefeitura-e-governo-assinam-termo-de-cessao-de-uso-de-imovel-para-novo-equipamento-socioassistencial\/\",\"url\":\"https:\/\/www.manaus.am.gov.br\/semasc\/prefeitura-e-governo-assinam-termo-de-cessao-de-uso-de-imovel-para-novo-equipamento-socioassistencial\/\",\"name\":\"Prefeitura e governo assinam termo de cess\u00e3o de uso de im\u00f3vel para novo equipamento socioassistencial\",\"isPartOf\":{\"@id\":\"https:\/\/www.manaus.am.gov.br\/semasc\/#website\"},\"primaryImageOfPage\":{\"@id\":\"https:\/\/www.manaus.am.gov.br\/semasc\/prefeitura-e-governo-assinam-termo-de-cessao-de-uso-de-imovel-para-novo-equipamento-socioassistencial\/#primaryimage\"},\"image\":{\"@id\":\"https:\/\/www.manaus.am.gov.br\/semasc\/prefeitura-e-governo-assinam-termo-de-cessao-de-uso-de-imovel-para-novo-equipamento-socioassistencial\/#primaryimage\"},\"thumbnailUrl\":\"https:\/\/www.manaus.am.gov.br\/semasc\/wp-content\/uploads\/sites\/17\/2023\/06\/20230531150254__MG_6217-scaled.jpg\",\"datePublished\":\"2023-06-01T13:04:40+00:00\",\"dateModified\":\"2023-06-01T13:04:41+00:00\",\"description\":\"A Prefeitura de Manaus, por meio da Secretaria Municipal da Mulher, Assist\u00eancia Social e Cidadania (Semasc), e o governo do Estado do Amazonas, via Secretaria de Estado de Desenvolvimento Urbano e Metropolitano (Sedurb), realizaram, nesta quarta-feira, 31\/5, a assinatura de um Termo de Cess\u00e3o de Uso de Im\u00f3vel, concedendo a utiliza\u00e7\u00e3o de um espa\u00e7o no bairro Santa Luzia, zona Sul, para a amplia\u00e7\u00e3o dos trabalhos de atendimento e acolhimento desenvolvidos pelo Centro de Refer\u00eancia dos Direitos da Mulher (CRDM), equipamento socioassistencial administrado pela gest\u00e3o municipal.\",\"breadcrumb\":{\"@id\":\"https:\/\/www.manaus.am.gov.br\/semasc\/prefeitura-e-governo-assinam-termo-de-cessao-de-uso-de-imovel-para-novo-equipamento-socioassistencial\/#breadcrumb\"},\"inLanguage\":\"pt-BR\",\"potentialAction\":[{\"@type\":\"ReadAction\",\"target\":[\"https:\/\/www.manaus.am.gov.br\/semasc\/prefeitura-e-governo-assinam-termo-de-cessao-de-uso-de-imovel-para-novo-equipamento-socioassistencial\/\"]}]},{\"@type\":\"ImageObject\",\"inLanguage\":\"pt-BR\",\"@id\":\"https:\/\/www.manaus.am.gov.br\/semasc\/prefeitura-e-governo-assinam-termo-de-cessao-de-uso-de-imovel-para-novo-equipamento-socioassistencial\/#primaryimage\",\"url\":\"https:\/\/www.manaus.am.gov.br\/semasc\/wp-content\/uploads\/sites\/17\/2023\/06\/20230531150254__MG_6217-scaled.jpg\",\"contentUrl\":\"https:\/\/www.manaus.am.gov.br\/semasc\/wp-content\/uploads\/sites\/17\/2023\/06\/20230531150254__MG_6217-scaled.jpg\",\"width\":2560,\"height\":1564},{\"@type\":\"BreadcrumbList\",\"@id\":\"https:\/\/www.manaus.am.gov.br\/semasc\/prefeitura-e-governo-assinam-termo-de-cessao-de-uso-de-imovel-para-novo-equipamento-socioassistencial\/#breadcrumb\",\"itemListElement\":[{\"@type\":\"ListItem\",\"position\":1,\"name\":\"Home\",\"item\":\"https:\/\/www.manaus.am.gov.br\/semasc\/\"},{\"@type\":\"ListItem\",\"position\":2,\"name\":\"Prefeitura e governo assinam termo de cess\u00e3o de uso de im\u00f3vel para novo equipamento socioassistencial\"}]},{\"@type\":\"WebSite\",\"@id\":\"https:\/\/www.manaus.am.gov.br\/semasc\/#website\",\"url\":\"https:\/\/www.manaus.am.gov.br\/semasc\/\",\"name\":\"SEMASC\",\"description\":\"Secretaria Municipal da Mulher, Assist\u00eancia Social e Cidadania.\",\"publisher\":{\"@id\":\"https:\/\/www.manaus.am.gov.br\/semasc\/#organization\"},\"alternateName\":\"Secretaria Municipal da Mulher, Assist\u00eancia Social e Cidadania\",\"potentialAction\":[{\"@type\":\"SearchAction\",\"target\":{\"@type\":\"EntryPoint\",\"urlTemplate\":\"https:\/\/www.manaus.am.gov.br\/semasc\/?s={search_term_string}\"},\"query-input\":\"required name=search_term_string\"}],\"inLanguage\":\"pt-BR\"},{\"@type\":\"Organization\",\"@id\":\"https:\/\/www.manaus.am.gov.br\/semasc\/#organization\",\"name\":\"Prefeitura de Manaus\",\"alternateName\":\"Prefeitura Municipal de Manaus\",\"url\":\"https:\/\/www.manaus.am.gov.br\/semasc\/\",\"logo\":{\"@type\":\"ImageObject\",\"inLanguage\":\"pt-BR\",\"@id\":\"https:\/\/www.manaus.am.gov.br\/semasc\/#\/schema\/logo\/image\/\",\"url\":\"https:\/\/www.manaus.am.gov.br\/semasc\/wp-content\/uploads\/sites\/17\/2024\/07\/favicon.png\",\"contentUrl\":\"https:\/\/www.manaus.am.gov.br\/semasc\/wp-content\/uploads\/sites\/17\/2024\/07\/favicon.png\",\"width\":300,\"height\":300,\"caption\":\"Prefeitura de Manaus\"},\"image\":{\"@id\":\"https:\/\/www.manaus.am.gov.br\/semasc\/#\/schema\/logo\/image\/\"},\"sameAs\":[\"https:\/\/www.facebook.com\/semascmanaus\",\"https:\/\/www.instagram.com\/semascmanaus\/\"]},{\"@type\":\"Person\",\"@id\":\"https:\/\/www.manaus.am.gov.br\/semasc\/#\/schema\/person\/4e49f4e267757a06ca072ec61b2b9968\",\"name\":\"Adriana Costa\",\"image\":{\"@type\":\"ImageObject\",\"inLanguage\":\"pt-BR\",\"@id\":\"https:\/\/www.manaus.am.gov.br\/semasc\/#\/schema\/person\/image\/\",\"url\":\"https:\/\/secure.gravatar.com\/avatar\/576258617ef7194f718179e766d57bd4?s=96&d=mm&r=g\",\"contentUrl\":\"https:\/\/secure.gravatar.com\/avatar\/576258617ef7194f718179e766d57bd4?s=96&d=mm&r=g\",\"caption\":\"Adriana Costa\"}}]}<\/script>\n<!-- \/ Yoast SEO plugin. -->","yoast_head_json":{"title":"Prefeitura e governo assinam termo de cess\u00e3o de uso de im\u00f3vel para novo equipamento socioassistencial","description":"A Prefeitura de Manaus, por meio da Secretaria Municipal da Mulher, Assist\u00eancia Social e Cidadania (Semasc), e o governo do Estado do Amazonas, via Secretaria de Estado de Desenvolvimento Urbano e Metropolitano (Sedurb), realizaram, nesta quarta-feira, 31\/5, a assinatura de um Termo de Cess\u00e3o de Uso de Im\u00f3vel, concedendo a utiliza\u00e7\u00e3o de um espa\u00e7o no bairro Santa Luzia, zona Sul, para a amplia\u00e7\u00e3o dos trabalhos de atendimento e acolhimento desenvolvidos pelo Centro de Refer\u00eancia dos Direitos da Mulher (CRDM), equipamento socioassistencial administrado pela gest\u00e3o municipal.","robots":{"index":"noindex","follow":"follow"},"og_locale":"pt_BR","og_type":"article","og_title":"Prefeitura e governo assinam termo de cess\u00e3o de uso de im\u00f3vel para novo equipamento socioassistencial","og_description":"A Prefeitura de Manaus, por meio da Secretaria Municipal da Mulher, Assist\u00eancia Social e Cidadania (Semasc), e o governo do Estado do Amazonas, via Secretaria de Estado de Desenvolvimento Urbano e Metropolitano (Sedurb), realizaram, nesta quarta-feira, 31\/5, a assinatura de um Termo de Cess\u00e3o de Uso de Im\u00f3vel, concedendo a utiliza\u00e7\u00e3o de um espa\u00e7o no bairro Santa Luzia, zona Sul, para a amplia\u00e7\u00e3o dos trabalhos de atendimento e acolhimento desenvolvidos pelo Centro de Refer\u00eancia dos Direitos da Mulher (CRDM), equipamento socioassistencial administrado pela gest\u00e3o municipal.","og_url":"https:\/\/www.manaus.am.gov.br\/semasc\/prefeitura-e-governo-assinam-termo-de-cessao-de-uso-de-imovel-para-novo-equipamento-socioassistencial\/","og_site_name":"SEMASC","article_publisher":"https:\/\/www.facebook.com\/semascmanaus","article_published_time":"2023-06-01T13:04:40+00:00","article_modified_time":"2023-06-01T13:04:41+00:00","og_image":[{"width":2560,"height":1564,"url":"https:\/\/www.manaus.am.gov.br\/semasc\/wp-content\/uploads\/sites\/17\/2023\/06\/20230531150254__MG_6217-scaled.jpg","type":"image\/jpeg"}],"author":"Adriana Costa","twitter_card":"summary_large_image","twitter_misc":{"Written by":"Adriana Costa","Est. reading time":"3 minutos"},"schema":{"@context":"https:\/\/schema.org","@graph":[{"@type":"Article","@id":"https:\/\/www.manaus.am.gov.br\/semasc\/prefeitura-e-governo-assinam-termo-de-cessao-de-uso-de-imovel-para-novo-equipamento-socioassistencial\/#article","isPartOf":{"@id":"https:\/\/www.manaus.am.gov.br\/semasc\/prefeitura-e-governo-assinam-termo-de-cessao-de-uso-de-imovel-para-novo-equipamento-socioassistencial\/"},"author":{"name":"Adriana Costa","@id":"https:\/\/www.manaus.am.gov.br\/semasc\/#\/schema\/person\/4e49f4e267757a06ca072ec61b2b9968"},"headline":"Prefeitura e governo assinam termo de cess\u00e3o de uso de im\u00f3vel para novo equipamento socioassistencial","datePublished":"2023-06-01T13:04:40+00:00","dateModified":"2023-06-01T13:04:41+00:00","mainEntityOfPage":{"@id":"https:\/\/www.manaus.am.gov.br\/semasc\/prefeitura-e-governo-assinam-termo-de-cessao-de-uso-de-imovel-para-novo-equipamento-socioassistencial\/"},"wordCount":504,"publisher":{"@id":"https:\/\/www.manaus.am.gov.br\/semasc\/#organization"},"image":{"@id":"https:\/\/www.manaus.am.gov.br\/semasc\/prefeitura-e-governo-assinam-termo-de-cessao-de-uso-de-imovel-para-novo-equipamento-socioassistencial\/#primaryimage"},"thumbnailUrl":"https:\/\/www.manaus.am.gov.br\/semasc\/wp-content\/uploads\/sites\/17\/2023\/06\/20230531150254__MG_6217-scaled.jpg","keywords":["CRDM","mulheres v\u00edtimas de viol\u00eancia dom\u00e9stica","prefeitura de manaus","Semasc","termo de cess\u00e3o de uso de im\u00f3vel","zona sul"],"articleSection":["Assist\u00eancia Social"],"inLanguage":"pt-BR"},{"@type":"WebPage","@id":"https:\/\/www.manaus.am.gov.br\/semasc\/prefeitura-e-governo-assinam-termo-de-cessao-de-uso-de-imovel-para-novo-equipamento-socioassistencial\/","url":"https:\/\/www.manaus.am.gov.br\/semasc\/prefeitura-e-governo-assinam-termo-de-cessao-de-uso-de-imovel-para-novo-equipamento-socioassistencial\/","name":"Prefeitura e governo assinam termo de cess\u00e3o de uso de im\u00f3vel para novo equipamento socioassistencial","isPartOf":{"@id":"https:\/\/www.manaus.am.gov.br\/semasc\/#website"},"primaryImageOfPage":{"@id":"https:\/\/www.manaus.am.gov.br\/semasc\/prefeitura-e-governo-assinam-termo-de-cessao-de-uso-de-imovel-para-novo-equipamento-socioassistencial\/#primaryimage"},"image":{"@id":"https:\/\/www.manaus.am.gov.br\/semasc\/prefeitura-e-governo-assinam-termo-de-cessao-de-uso-de-imovel-para-novo-equipamento-socioassistencial\/#primaryimage"},"thumbnailUrl":"https:\/\/www.manaus.am.gov.br\/semasc\/wp-content\/uploads\/sites\/17\/2023\/06\/20230531150254__MG_6217-scaled.jpg","datePublished":"2023-06-01T13:04:40+00:00","dateModified":"2023-06-01T13:04:41+00:00","description":"A Prefeitura de Manaus, por meio da Secretaria Municipal da Mulher, Assist\u00eancia Social e Cidadania (Semasc), e o governo do Estado do Amazonas, via Secretaria de Estado de Desenvolvimento Urbano e Metropolitano (Sedurb), realizaram, nesta quarta-feira, 31\/5, a assinatura de um Termo de Cess\u00e3o de Uso de Im\u00f3vel, concedendo a utiliza\u00e7\u00e3o de um espa\u00e7o no bairro Santa Luzia, zona Sul, para a amplia\u00e7\u00e3o dos trabalhos de atendimento e acolhimento desenvolvidos pelo Centro de Refer\u00eancia dos Direitos da Mulher (CRDM), equipamento socioassistencial administrado pela gest\u00e3o municipal.","breadcrumb":{"@id":"https:\/\/www.manaus.am.gov.br\/semasc\/prefeitura-e-governo-assinam-termo-de-cessao-de-uso-de-imovel-para-novo-equipamento-socioassistencial\/#breadcrumb"},"inLanguage":"pt-BR","potentialAction":[{"@type":"ReadAction","target":["https:\/\/www.manaus.am.gov.br\/semasc\/prefeitura-e-governo-assinam-termo-de-cessao-de-uso-de-imovel-para-novo-equipamento-socioassistencial\/"]}]},{"@type":"ImageObject","inLanguage":"pt-BR","@id":"https:\/\/www.manaus.am.gov.br\/semasc\/prefeitura-e-governo-assinam-termo-de-cessao-de-uso-de-imovel-para-novo-equipamento-socioassistencial\/#primaryimage","url":"https:\/\/www.manaus.am.gov.br\/semasc\/wp-content\/uploads\/sites\/17\/2023\/06\/20230531150254__MG_6217-scaled.jpg","contentUrl":"https:\/\/www.manaus.am.gov.br\/semasc\/wp-content\/uploads\/sites\/17\/2023\/06\/20230531150254__MG_6217-scaled.jpg","width":2560,"height":1564},{"@type":"BreadcrumbList","@id":"https:\/\/www.manaus.am.gov.br\/semasc\/prefeitura-e-governo-assinam-termo-de-cessao-de-uso-de-imovel-para-novo-equipamento-socioassistencial\/#breadcrumb","itemListElement":[{"@type":"ListItem","position":1,"name":"Home","item":"https:\/\/www.manaus.am.gov.br\/semasc\/"},{"@type":"ListItem","position":2,"name":"Prefeitura e governo assinam termo de cess\u00e3o de uso de im\u00f3vel para novo equipamento socioassistencial"}]},{"@type":"WebSite","@id":"https:\/\/www.manaus.am.gov.br\/semasc\/#website","url":"https:\/\/www.manaus.am.gov.br\/semasc\/","name":"SEMASC","description":"Secretaria Municipal da Mulher, Assist\u00eancia Social e Cidadania.","publisher":{"@id":"https:\/\/www.manaus.am.gov.br\/semasc\/#organization"},"alternateName":"Secretaria Municipal da Mulher, Assist\u00eancia Social e Cidadania","potentialAction":[{"@type":"SearchAction","target":{"@type":"EntryPoint","urlTemplate":"https:\/\/www.manaus.am.gov.br\/semasc\/?s={search_term_string}"},"query-input":"required name=search_term_string"}],"inLanguage":"pt-BR"},{"@type":"Organization","@id":"https:\/\/www.manaus.am.gov.br\/semasc\/#organization","name":"Prefeitura de Manaus","alternateName":"Prefeitura Municipal de Manaus","url":"https:\/\/www.manaus.am.gov.br\/semasc\/","logo":{"@type":"ImageObject","inLanguage":"pt-BR","@id":"https:\/\/www.manaus.am.gov.br\/semasc\/#\/schema\/logo\/image\/","url":"https:\/\/www.manaus.am.gov.br\/semasc\/wp-content\/uploads\/sites\/17\/2024\/07\/favicon.png","contentUrl":"https:\/\/www.manaus.am.gov.br\/semasc\/wp-content\/uploads\/sites\/17\/2024\/07\/favicon.png","width":300,"height":300,"caption":"Prefeitura de Manaus"},"image":{"@id":"https:\/\/www.manaus.am.gov.br\/semasc\/#\/schema\/logo\/image\/"},"sameAs":["https:\/\/www.facebook.com\/semascmanaus","https:\/\/www.instagram.com\/semascmanaus\/"]},{"@type":"Person","@id":"https:\/\/www.manaus.am.gov.br\/semasc\/#\/schema\/person\/4e49f4e267757a06ca072ec61b2b9968","name":"Adriana Costa","image":{"@type":"ImageObject","inLanguage":"pt-BR","@id":"https:\/\/www.manaus.am.gov.br\/semasc\/#\/schema\/person\/image\/","url":"https:\/\/secure.gravatar.com\/avatar\/576258617ef7194f718179e766d57bd4?s=96&d=mm&r=g","contentUrl":"https:\/\/secure.gravatar.com\/avatar\/576258617ef7194f718179e766d57bd4?s=96&d=mm&r=g","caption":"Adriana Costa"}}]}},"_links":{"self":[{"href":"https:\/\/www.manaus.am.gov.br\/semasc\/wp-json\/wp\/v2\/posts\/207661"}],"collection":[{"href":"https:\/\/www.manaus.am.gov.br\/semasc\/wp-json\/wp\/v2\/posts"}],"about":[{"href":"https:\/\/www.manaus.am.gov.br\/semasc\/wp-json\/wp\/v2\/types\/post"}],"author":[{"embeddable":true,"href":"https:\/\/www.manaus.am.gov.br\/semasc\/wp-json\/wp\/v2\/users\/23"}],"replies":[{"embeddable":true,"href":"https:\/\/www.manaus.am.gov.br\/semasc\/wp-json\/wp\/v2\/comments?post=207661"}],"version-history":[{"count":0,"href":"https:\/\/www.manaus.am.gov.br\/semasc\/wp-json\/wp\/v2\/posts\/207661\/revisions"}],"wp:featuredmedia":[{"embeddable":true,"href":"https:\/\/www.manaus.am.gov.br\/semasc\/wp-json\/wp\/v2\/media\/207662"}],"wp:attachment":[{"href":"https:\/\/www.manaus.am.gov.br\/semasc\/wp-json\/wp\/v2\/media?parent=207661"}],"wp:term":[{"taxonomy":"category","embeddable":true,"href":"https:\/\/www.manaus.am.gov.br\/semasc\/wp-json\/wp\/v2\/categories?post=207661"},{"taxonomy":"post_tag","embeddable":true,"href":"https:\/\/www.manaus.am.gov.br\/semasc\/wp-json\/wp\/v2\/tags?post=207661"}],"curies":[{"name":"wp","href":"https:\/\/api.w.org\/{rel}","templated":true}]}}