{"id":207656,"date":"2023-05-30T17:32:17","date_gmt":"2023-05-30T21:32:17","guid":{"rendered":"https:\/\/www.manaus.am.gov.br\/semasc\/prefeitura-de-manaus-finaliza-programacao-do-maio-laranja-com-exposicao-de-trabalhos-realizados-ao-longo-do-mes\/"},"modified":"2023-05-30T17:39:40","modified_gmt":"2023-05-30T21:39:40","slug":"prefeitura-de-manaus-finaliza-programacao-do-maio-laranja-com-exposicao-de-trabalhos-realizados-ao-longo-do-mes","status":"publish","type":"post","link":"https:\/\/www.manaus.am.gov.br\/semasc\/prefeitura-de-manaus-finaliza-programacao-do-maio-laranja-com-exposicao-de-trabalhos-realizados-ao-longo-do-mes\/","title":{"rendered":"<strong>Prefeitura de Manaus finaliza programa\u00e7\u00e3o do \u2018Maio Laranja\u2019 com exposi\u00e7\u00e3o de trabalhos realizados ao longo do m\u00eas<\/strong>"},"content":{"rendered":"\n<p>Finalizando oficialmente o cronograma de atividades da campanha municipal Maio Laranja, alusiva ao Dia Nacional de Combate ao Abuso e \u00e0 Explora\u00e7\u00e3o Sexual de Crian\u00e7as e Adolescentes, a Prefeitura de Manaus, por meio da Secretaria Municipal da Mulher, Assist\u00eancia Social e Cidadania (Semasc), realizou, nesta ter\u00e7a-feira, 30\/5, a \u201c1\u00aa Mostra de A\u00e7\u00f5es do Servi\u00e7o de Conviv\u00eancia e Fortalecimento de V\u00ednculos dos CRAS de Manaus no Enfrentamento \u00e0 Viol\u00eancia Sexual contra Crian\u00e7as e Adolescentes\u201d.<\/p>\n\n\n\n<p>Apresentando \u00e0 popula\u00e7\u00e3o as a\u00e7\u00f5es e atividades desenvolvidas pelos Centros de Refer\u00eancia de Assist\u00eancia Social (Cras) do munic\u00edpio ao longo do m\u00eas com o apoio e participa\u00e7\u00e3o dos Centros de Refer\u00eancia Especializados de Assist\u00eancia Social (Creas) e do Servi\u00e7o de Acolhimento Institucional de Crian\u00e7as e Adolescentes (Saica), o evento foi realizado na C\u00e2mara Municipal de Manaus (CMM), localizada no bairro Santo Ant\u00f4nio, zona Oeste.<\/p>\n\n\n\n<p>\u201cH\u00e1 um m\u00eas, tamb\u00e9m aqui na C\u00e2mara Municipal de Manaus, demos in\u00edcio \u00e0 campanha como um todo, retornando hoje para mostrar, pela primeira vez, um pouco de tudo aquilo que desenvolvemos e ofertamos diariamente em nossos equipamentos atrav\u00e9s do Servi\u00e7o de Conviv\u00eancia e Fortalecimento de V\u00ednculos. \u00c9 um momento em que os usu\u00e1rios desses servi\u00e7os, sejam crian\u00e7as, adolescentes ou familiares, t\u00eam a oportunidade de participar ainda mais ativamente desse processo de sensibiliza\u00e7\u00e3o e enfrentamento, o que \u00e9 extremamente importante para n\u00f3s, da Prefeitura de Manaus, al\u00e9m de tamb\u00e9m ser um encerramento \u00e0 altura da import\u00e2ncia da campanha\u201d, destacou o secret\u00e1rio Eduardo Lucas, titular da Semasc.<\/p>\n\n\n\n<p>Presidente da CMM, o vereador Caio Andr\u00e9 destacou a import\u00e2ncia da atua\u00e7\u00e3o conjunta entre diferentes partes do poder p\u00fablico e ressaltou o sentimento de parceria e amizade entre os parlamentares da \u2018casa do povo&#8217; e a prefeitura.<\/p>\n\n\n\n<p>\u201c\u00c9 com grande alegria que a C\u00e2mara Municipal de Manaus e todos n\u00f3s, vereadores, recebemos novamente esta campanha t\u00e3o importante. N\u00f3s sabemos que Manaus, infelizmente, ainda est\u00e1 muito mal situada nos rankings de viol\u00eancia contra crian\u00e7as e adolescentes e por isso entendo a import\u00e2ncia do que estamos fazendo hoje aqui. Agrade\u00e7o imensamente ao secret\u00e1rio pela escolha do local e pela oportunidade de podermos tamb\u00e9m participar deste momento, e agrade\u00e7o ainda, em especial, ao prefeito David Almeida\u201d, afirmou.<\/p>\n\n\n\n<p>Ao longo da manh\u00e3, mais de 20 estandes promoveram uma extensa programa\u00e7\u00e3o, repleta de atividades l\u00fadicas, culturais e de sensibiliza\u00e7\u00e3o alusivas \u00e0 tem\u00e1tica do Maio Laranja, com apresenta\u00e7\u00f5es teatrais e musicais, desfiles de moda, exposi\u00e7\u00e3o de cartazes e ilustra\u00e7\u00f5es, distribui\u00e7\u00e3o de material informativo, venda de artigos artesanais e muito mais.<\/p>\n\n\n\n<p>A t\u00e9cnica de refer\u00eancia do Departamento de Prote\u00e7\u00e3o Social B\u00e1sica e principal organizadora do evento, psic\u00f3loga Neyla Siqueira, ressaltou ainda a import\u00e2ncia de se realizar uma mostra que estivesse de acordo com a magnitude da campanha em tamanho e abrang\u00eancia.<\/p>\n\n\n\n<p>\u201cNo Maio Laranja de 2023 decidimos inovar colocando todos os equipamentos da nossa secretaria para trabalhar a tem\u00e1tica de preven\u00e7\u00e3o e enfrentamento ao abuso e \u00e0 explora\u00e7\u00e3o sexual de crian\u00e7as e adolescentes. Ou seja, todos os Cras, todos os Creas, o Saica e at\u00e9 as nossas Cozinhas Comunit\u00e1rias participaram desenvolvendo atividades dentro de seus p\u00fablicos e levando em conta suas especificidades. Hoje, de forma resumida, quisemos mostrar \u00e0 sociedade os trabalhos realizados por esses equipamentos e mostrar tamb\u00e9m de que forma n\u00f3s \u2018fazemos bonito\u2019 diariamente\u201d, explicou, fazendo alus\u00e3o ao lema da campanha nacional de mobiliza\u00e7\u00e3o para o enfrentamento \u00e0 viol\u00eancia sexual contra crian\u00e7as e adolescentes.<\/p>\n\n\n\n<p>J\u00e1 Luciete Azevedo, t\u00e9cnica de refer\u00eancia do Departamento de Prote\u00e7\u00e3o Social Especial no Creas Leste, pontuou ainda o papel fundamental da campanha no processo de conscientiza\u00e7\u00e3o geral da popula\u00e7\u00e3o manauara, essencial para evitar e diminuir a subnotifica\u00e7\u00e3o de casos de viol\u00eancia contra crian\u00e7as e adolescentes.<\/p>\n\n\n\n<p>\u201cNem sempre as fam\u00edlias conseguem ir aos \u00f3rg\u00e3os competentes para realizar a den\u00fancia, ent\u00e3o ainda h\u00e1 um n\u00famero muito grande de casos n\u00e3o notificados e que n\u00e3o podemos acolher e nem atender, simplesmente por n\u00e3o termos conhecimento de sua exist\u00eancia. Muitas dessas fam\u00edlias n\u00e3o realizam a den\u00fancia por n\u00e3o saberem como fazer, o que as deixam inseguras. Por isso, entendemos que quanto mais esclarecimentos levarmos \u00e0 popula\u00e7\u00e3o, mais situa\u00e7\u00f5es do tipo poder\u00e3o ser identificadas e acompanhadas, empoderando essas pessoas e garantindo sua prote\u00e7\u00e3o social\u201d, explicou.<\/p>\n\n\n\n<p>Entre os presentes durante a mostra, o estudante Guimel Viana participou representando os adolescentes atendidos pelo Cras Bet\u00e2nia durante a apresenta\u00e7\u00e3o de todo o evento.<\/p>\n\n\n\n<p>\u201c\u00c9 uma oportunidade incr\u00edvel poder participar de um evento t\u00e3o importante como este, um evento fundamental para a conscientiza\u00e7\u00e3o de pais, de respons\u00e1veis e at\u00e9 das pr\u00f3prias crian\u00e7as. Sabemos que o perigo est\u00e1 sempre \u00e0 espreita e que \u00e9 important\u00edssimo que ensinemos os mais jovens a se defender, a sempre recorrer a um adulto confi\u00e1vel e a n\u00e3o ter medo, ent\u00e3o participar de um evento desse porte \u00e9 uma honra\u201d concluiu.<\/p>\n\n\n\n<p><strong>Campanha Maio Laranja<\/strong><\/p>\n\n\n\n<p>Alusiva ao Dia Nacional de Combate \u00e0 Explora\u00e7\u00e3o Sexual de Crian\u00e7as e Adolescentes, celebrado no dia 18 de maio e marcado por a\u00e7\u00f5es de sensibiliza\u00e7\u00e3o e orienta\u00e7\u00e3o sobre o tema em todo o pa\u00eds, a campanha \u201cMaio Laranja\u201d tem como objetivo orientar crian\u00e7as, adolescentes, pais e a sociedade a identificar e denunciar situa\u00e7\u00f5es de abuso e explora\u00e7\u00e3o sexual ao longo de todo o m\u00eas.<\/p>\n\n\n\n<p>A data faz mem\u00f3ria \u00e0 menina capixaba Araceli Crespo, sequestrada, drogada, espancada, estuprada e morta em 18 de maio de 1973, aos oito anos de idade.<\/p>\n\n\n\n<p>&#8212; &#8212; &#8212;<\/p>\n\n\n\n<p><strong>Texto &#8211;<\/strong> Guilherme Ara\u00fajo Pacheco \/ Semasc<\/p>\n\n\n\n<p><strong>Fotos &#8211;<\/strong> Marcely Gomes \/ Semasc<\/p>\n\n\n\n<p><strong>Dispon\u00edveis em \u2013<\/strong> <a href=\"https:\/\/flic.kr\/s\/aHBqjAFSBr\">https:\/\/flic.kr\/s\/aHBqjAFSBr<\/a><\/p>\n","protected":false},"excerpt":{"rendered":"","protected":false},"author":39,"featured_media":207657,"comment_status":"closed","ping_status":"closed","sticky":false,"template":"","format":"standard","meta":{"footnotes":""},"categories":[99],"tags":[100,101,102,103,7,104,18],"acf":[],"yoast_head":"<!-- This site is optimized with the Yoast SEO plugin v23.0 - https:\/\/yoast.com\/wordpress\/plugins\/seo\/ -->\n<title>Prefeitura de Manaus finaliza programa\u00e7\u00e3o do \u2018Maio Laranja\u2019 com exposi\u00e7\u00e3o de trabalhos realizados ao longo do m\u00eas<\/title>\n<meta name=\"description\" content=\"Finalizando oficialmente o cronograma de atividades da campanha municipal Maio Laranja, alusiva ao Dia Nacional de Combate ao Abuso e \u00e0 Explora\u00e7\u00e3o Sexual de Crian\u00e7as e Adolescentes, a Prefeitura de Manaus, por meio da Secretaria Municipal da Mulher, Assist\u00eancia Social e Cidadania (Semasc), realizou, nesta ter\u00e7a-feira, 30\/5, a \u201c1\u00aa Mostra de A\u00e7\u00f5es do Servi\u00e7o de Conviv\u00eancia e Fortalecimento de V\u00ednculos dos CRAS de Manaus no Enfrentamento \u00e0 Viol\u00eancia Sexual contra Crian\u00e7as e Adolescentes\u201d.\" \/>\n<meta name=\"robots\" content=\"noindex, follow\" \/>\n<meta property=\"og:locale\" content=\"pt_BR\" \/>\n<meta property=\"og:type\" content=\"article\" \/>\n<meta property=\"og:title\" content=\"Prefeitura de Manaus finaliza programa\u00e7\u00e3o do \u2018Maio Laranja\u2019 com exposi\u00e7\u00e3o de trabalhos realizados ao longo do m\u00eas\" \/>\n<meta property=\"og:description\" content=\"Finalizando oficialmente o cronograma de atividades da campanha municipal Maio Laranja, alusiva ao Dia Nacional de Combate ao Abuso e \u00e0 Explora\u00e7\u00e3o Sexual de Crian\u00e7as e Adolescentes, a Prefeitura de Manaus, por meio da Secretaria Municipal da Mulher, Assist\u00eancia Social e Cidadania (Semasc), realizou, nesta ter\u00e7a-feira, 30\/5, a \u201c1\u00aa Mostra de A\u00e7\u00f5es do Servi\u00e7o de Conviv\u00eancia e Fortalecimento de V\u00ednculos dos CRAS de Manaus no Enfrentamento \u00e0 Viol\u00eancia Sexual contra Crian\u00e7as e Adolescentes\u201d.\" \/>\n<meta property=\"og:url\" content=\"https:\/\/www.manaus.am.gov.br\/semasc\/prefeitura-de-manaus-finaliza-programacao-do-maio-laranja-com-exposicao-de-trabalhos-realizados-ao-longo-do-mes\/\" \/>\n<meta property=\"og:site_name\" content=\"SEMASC\" \/>\n<meta property=\"article:publisher\" content=\"https:\/\/www.facebook.com\/semascmanaus\" \/>\n<meta property=\"article:published_time\" content=\"2023-05-30T21:32:17+00:00\" \/>\n<meta property=\"article:modified_time\" content=\"2023-05-30T21:39:40+00:00\" \/>\n<meta property=\"og:image\" content=\"https:\/\/www.manaus.am.gov.br\/semasc\/wp-content\/uploads\/sites\/17\/2023\/05\/52938674194_890606a8bd_k.jpg\" \/>\n\t<meta property=\"og:image:width\" content=\"2048\" \/>\n\t<meta property=\"og:image:height\" content=\"1366\" \/>\n\t<meta property=\"og:image:type\" content=\"image\/jpeg\" \/>\n<meta name=\"author\" content=\"Bruna Greco\" \/>\n<meta name=\"twitter:card\" content=\"summary_large_image\" \/>\n<meta name=\"twitter:label1\" content=\"Written by\" \/>\n\t<meta name=\"twitter:data1\" content=\"Bruna Greco\" \/>\n\t<meta name=\"twitter:label2\" content=\"Est. reading time\" \/>\n\t<meta name=\"twitter:data2\" content=\"5 minutos\" \/>\n<script type=\"application\/ld+json\" class=\"yoast-schema-graph\">{\"@context\":\"https:\/\/schema.org\",\"@graph\":[{\"@type\":\"Article\",\"@id\":\"https:\/\/www.manaus.am.gov.br\/semasc\/prefeitura-de-manaus-finaliza-programacao-do-maio-laranja-com-exposicao-de-trabalhos-realizados-ao-longo-do-mes\/#article\",\"isPartOf\":{\"@id\":\"https:\/\/www.manaus.am.gov.br\/semasc\/prefeitura-de-manaus-finaliza-programacao-do-maio-laranja-com-exposicao-de-trabalhos-realizados-ao-longo-do-mes\/\"},\"author\":{\"name\":\"Bruna Greco\",\"@id\":\"https:\/\/www.manaus.am.gov.br\/semasc\/#\/schema\/person\/05d223aea2bf115f9883a6ff3683d81b\"},\"headline\":\"Prefeitura de Manaus finaliza programa\u00e7\u00e3o do \u2018Maio Laranja\u2019 com exposi\u00e7\u00e3o de trabalhos realizados ao longo do m\u00eas\",\"datePublished\":\"2023-05-30T21:32:17+00:00\",\"dateModified\":\"2023-05-30T21:39:40+00:00\",\"mainEntityOfPage\":{\"@id\":\"https:\/\/www.manaus.am.gov.br\/semasc\/prefeitura-de-manaus-finaliza-programacao-do-maio-laranja-com-exposicao-de-trabalhos-realizados-ao-longo-do-mes\/\"},\"wordCount\":1017,\"publisher\":{\"@id\":\"https:\/\/www.manaus.am.gov.br\/semasc\/#organization\"},\"image\":{\"@id\":\"https:\/\/www.manaus.am.gov.br\/semasc\/prefeitura-de-manaus-finaliza-programacao-do-maio-laranja-com-exposicao-de-trabalhos-realizados-ao-longo-do-mes\/#primaryimage\"},\"thumbnailUrl\":\"https:\/\/www.manaus.am.gov.br\/semasc\/wp-content\/uploads\/sites\/17\/2023\/05\/52938674194_890606a8bd_k.jpg\",\"keywords\":[\"1\u00aa Mostra de A\u00e7\u00f5es do Servi\u00e7o de Conviv\u00eancia e Fortalecimento de V\u00ednculos dos CRAS de Manaus no Enfrentamento \u00e0 Viol\u00eancia Sexual contra Crian\u00e7as e Adolescentes\",\"Dia Nacional de Combate ao Abuso e \u00e0 Explora\u00e7\u00e3o Sexual de Crian\u00e7as e Adolescentes\",\"encerramento\",\"exposi\u00e7\u00e3o de trabalhos\",\"prefeitura de manaus\",\"programa\u00e7\u00e3o do \u2018Maio Laranja\u2019\",\"Semasc\"],\"articleSection\":[\"Encerramento\"],\"inLanguage\":\"pt-BR\"},{\"@type\":\"WebPage\",\"@id\":\"https:\/\/www.manaus.am.gov.br\/semasc\/prefeitura-de-manaus-finaliza-programacao-do-maio-laranja-com-exposicao-de-trabalhos-realizados-ao-longo-do-mes\/\",\"url\":\"https:\/\/www.manaus.am.gov.br\/semasc\/prefeitura-de-manaus-finaliza-programacao-do-maio-laranja-com-exposicao-de-trabalhos-realizados-ao-longo-do-mes\/\",\"name\":\"Prefeitura de Manaus finaliza programa\u00e7\u00e3o do \u2018Maio Laranja\u2019 com exposi\u00e7\u00e3o de trabalhos realizados ao longo do m\u00eas\",\"isPartOf\":{\"@id\":\"https:\/\/www.manaus.am.gov.br\/semasc\/#website\"},\"primaryImageOfPage\":{\"@id\":\"https:\/\/www.manaus.am.gov.br\/semasc\/prefeitura-de-manaus-finaliza-programacao-do-maio-laranja-com-exposicao-de-trabalhos-realizados-ao-longo-do-mes\/#primaryimage\"},\"image\":{\"@id\":\"https:\/\/www.manaus.am.gov.br\/semasc\/prefeitura-de-manaus-finaliza-programacao-do-maio-laranja-com-exposicao-de-trabalhos-realizados-ao-longo-do-mes\/#primaryimage\"},\"thumbnailUrl\":\"https:\/\/www.manaus.am.gov.br\/semasc\/wp-content\/uploads\/sites\/17\/2023\/05\/52938674194_890606a8bd_k.jpg\",\"datePublished\":\"2023-05-30T21:32:17+00:00\",\"dateModified\":\"2023-05-30T21:39:40+00:00\",\"description\":\"Finalizando oficialmente o cronograma de atividades da campanha municipal Maio Laranja, alusiva ao Dia Nacional de Combate ao Abuso e \u00e0 Explora\u00e7\u00e3o Sexual de Crian\u00e7as e Adolescentes, a Prefeitura de Manaus, por meio da Secretaria Municipal da Mulher, Assist\u00eancia Social e Cidadania (Semasc), realizou, nesta ter\u00e7a-feira, 30\/5, a \u201c1\u00aa Mostra de A\u00e7\u00f5es do Servi\u00e7o de Conviv\u00eancia e Fortalecimento de V\u00ednculos dos CRAS de Manaus no Enfrentamento \u00e0 Viol\u00eancia Sexual contra Crian\u00e7as e Adolescentes\u201d.\",\"breadcrumb\":{\"@id\":\"https:\/\/www.manaus.am.gov.br\/semasc\/prefeitura-de-manaus-finaliza-programacao-do-maio-laranja-com-exposicao-de-trabalhos-realizados-ao-longo-do-mes\/#breadcrumb\"},\"inLanguage\":\"pt-BR\",\"potentialAction\":[{\"@type\":\"ReadAction\",\"target\":[\"https:\/\/www.manaus.am.gov.br\/semasc\/prefeitura-de-manaus-finaliza-programacao-do-maio-laranja-com-exposicao-de-trabalhos-realizados-ao-longo-do-mes\/\"]}]},{\"@type\":\"ImageObject\",\"inLanguage\":\"pt-BR\",\"@id\":\"https:\/\/www.manaus.am.gov.br\/semasc\/prefeitura-de-manaus-finaliza-programacao-do-maio-laranja-com-exposicao-de-trabalhos-realizados-ao-longo-do-mes\/#primaryimage\",\"url\":\"https:\/\/www.manaus.am.gov.br\/semasc\/wp-content\/uploads\/sites\/17\/2023\/05\/52938674194_890606a8bd_k.jpg\",\"contentUrl\":\"https:\/\/www.manaus.am.gov.br\/semasc\/wp-content\/uploads\/sites\/17\/2023\/05\/52938674194_890606a8bd_k.jpg\",\"width\":2048,\"height\":1366},{\"@type\":\"BreadcrumbList\",\"@id\":\"https:\/\/www.manaus.am.gov.br\/semasc\/prefeitura-de-manaus-finaliza-programacao-do-maio-laranja-com-exposicao-de-trabalhos-realizados-ao-longo-do-mes\/#breadcrumb\",\"itemListElement\":[{\"@type\":\"ListItem\",\"position\":1,\"name\":\"Home\",\"item\":\"https:\/\/www.manaus.am.gov.br\/semasc\/\"},{\"@type\":\"ListItem\",\"position\":2,\"name\":\"Prefeitura de Manaus finaliza programa\u00e7\u00e3o do \u2018Maio Laranja\u2019 com exposi\u00e7\u00e3o de trabalhos realizados ao longo do m\u00eas\"}]},{\"@type\":\"WebSite\",\"@id\":\"https:\/\/www.manaus.am.gov.br\/semasc\/#website\",\"url\":\"https:\/\/www.manaus.am.gov.br\/semasc\/\",\"name\":\"SEMASC\",\"description\":\"Secretaria Municipal da Mulher, Assist\u00eancia Social e Cidadania.\",\"publisher\":{\"@id\":\"https:\/\/www.manaus.am.gov.br\/semasc\/#organization\"},\"alternateName\":\"Secretaria Municipal da Mulher, Assist\u00eancia Social e Cidadania\",\"potentialAction\":[{\"@type\":\"SearchAction\",\"target\":{\"@type\":\"EntryPoint\",\"urlTemplate\":\"https:\/\/www.manaus.am.gov.br\/semasc\/?s={search_term_string}\"},\"query-input\":\"required name=search_term_string\"}],\"inLanguage\":\"pt-BR\"},{\"@type\":\"Organization\",\"@id\":\"https:\/\/www.manaus.am.gov.br\/semasc\/#organization\",\"name\":\"Prefeitura de Manaus\",\"alternateName\":\"Prefeitura Municipal de Manaus\",\"url\":\"https:\/\/www.manaus.am.gov.br\/semasc\/\",\"logo\":{\"@type\":\"ImageObject\",\"inLanguage\":\"pt-BR\",\"@id\":\"https:\/\/www.manaus.am.gov.br\/semasc\/#\/schema\/logo\/image\/\",\"url\":\"https:\/\/www.manaus.am.gov.br\/semasc\/wp-content\/uploads\/sites\/17\/2024\/07\/favicon.png\",\"contentUrl\":\"https:\/\/www.manaus.am.gov.br\/semasc\/wp-content\/uploads\/sites\/17\/2024\/07\/favicon.png\",\"width\":300,\"height\":300,\"caption\":\"Prefeitura de Manaus\"},\"image\":{\"@id\":\"https:\/\/www.manaus.am.gov.br\/semasc\/#\/schema\/logo\/image\/\"},\"sameAs\":[\"https:\/\/www.facebook.com\/semascmanaus\",\"https:\/\/www.instagram.com\/semascmanaus\/\"]},{\"@type\":\"Person\",\"@id\":\"https:\/\/www.manaus.am.gov.br\/semasc\/#\/schema\/person\/05d223aea2bf115f9883a6ff3683d81b\",\"name\":\"Bruna Greco\",\"image\":{\"@type\":\"ImageObject\",\"inLanguage\":\"pt-BR\",\"@id\":\"https:\/\/www.manaus.am.gov.br\/semasc\/#\/schema\/person\/image\/\",\"url\":\"https:\/\/secure.gravatar.com\/avatar\/9c877d1a6adc2a055330e5c09a8653ce?s=96&d=mm&r=g\",\"contentUrl\":\"https:\/\/secure.gravatar.com\/avatar\/9c877d1a6adc2a055330e5c09a8653ce?s=96&d=mm&r=g\",\"caption\":\"Bruna Greco\"}}]}<\/script>\n<!-- \/ Yoast SEO plugin. -->","yoast_head_json":{"title":"Prefeitura de Manaus finaliza programa\u00e7\u00e3o do \u2018Maio Laranja\u2019 com exposi\u00e7\u00e3o de trabalhos realizados ao longo do m\u00eas","description":"Finalizando oficialmente o cronograma de atividades da campanha municipal Maio Laranja, alusiva ao Dia Nacional de Combate ao Abuso e \u00e0 Explora\u00e7\u00e3o Sexual de Crian\u00e7as e Adolescentes, a Prefeitura de Manaus, por meio da Secretaria Municipal da Mulher, Assist\u00eancia Social e Cidadania (Semasc), realizou, nesta ter\u00e7a-feira, 30\/5, a \u201c1\u00aa Mostra de A\u00e7\u00f5es do Servi\u00e7o de Conviv\u00eancia e Fortalecimento de V\u00ednculos dos CRAS de Manaus no Enfrentamento \u00e0 Viol\u00eancia Sexual contra Crian\u00e7as e Adolescentes\u201d.","robots":{"index":"noindex","follow":"follow"},"og_locale":"pt_BR","og_type":"article","og_title":"Prefeitura de Manaus finaliza programa\u00e7\u00e3o do \u2018Maio Laranja\u2019 com exposi\u00e7\u00e3o de trabalhos realizados ao longo do m\u00eas","og_description":"Finalizando oficialmente o cronograma de atividades da campanha municipal Maio Laranja, alusiva ao Dia Nacional de Combate ao Abuso e \u00e0 Explora\u00e7\u00e3o Sexual de Crian\u00e7as e Adolescentes, a Prefeitura de Manaus, por meio da Secretaria Municipal da Mulher, Assist\u00eancia Social e Cidadania (Semasc), realizou, nesta ter\u00e7a-feira, 30\/5, a \u201c1\u00aa Mostra de A\u00e7\u00f5es do Servi\u00e7o de Conviv\u00eancia e Fortalecimento de V\u00ednculos dos CRAS de Manaus no Enfrentamento \u00e0 Viol\u00eancia Sexual contra Crian\u00e7as e Adolescentes\u201d.","og_url":"https:\/\/www.manaus.am.gov.br\/semasc\/prefeitura-de-manaus-finaliza-programacao-do-maio-laranja-com-exposicao-de-trabalhos-realizados-ao-longo-do-mes\/","og_site_name":"SEMASC","article_publisher":"https:\/\/www.facebook.com\/semascmanaus","article_published_time":"2023-05-30T21:32:17+00:00","article_modified_time":"2023-05-30T21:39:40+00:00","og_image":[{"width":2048,"height":1366,"url":"https:\/\/www.manaus.am.gov.br\/semasc\/wp-content\/uploads\/sites\/17\/2023\/05\/52938674194_890606a8bd_k.jpg","type":"image\/jpeg"}],"author":"Bruna Greco","twitter_card":"summary_large_image","twitter_misc":{"Written by":"Bruna Greco","Est. reading time":"5 minutos"},"schema":{"@context":"https:\/\/schema.org","@graph":[{"@type":"Article","@id":"https:\/\/www.manaus.am.gov.br\/semasc\/prefeitura-de-manaus-finaliza-programacao-do-maio-laranja-com-exposicao-de-trabalhos-realizados-ao-longo-do-mes\/#article","isPartOf":{"@id":"https:\/\/www.manaus.am.gov.br\/semasc\/prefeitura-de-manaus-finaliza-programacao-do-maio-laranja-com-exposicao-de-trabalhos-realizados-ao-longo-do-mes\/"},"author":{"name":"Bruna Greco","@id":"https:\/\/www.manaus.am.gov.br\/semasc\/#\/schema\/person\/05d223aea2bf115f9883a6ff3683d81b"},"headline":"Prefeitura de Manaus finaliza programa\u00e7\u00e3o do \u2018Maio Laranja\u2019 com exposi\u00e7\u00e3o de trabalhos realizados ao longo do m\u00eas","datePublished":"2023-05-30T21:32:17+00:00","dateModified":"2023-05-30T21:39:40+00:00","mainEntityOfPage":{"@id":"https:\/\/www.manaus.am.gov.br\/semasc\/prefeitura-de-manaus-finaliza-programacao-do-maio-laranja-com-exposicao-de-trabalhos-realizados-ao-longo-do-mes\/"},"wordCount":1017,"publisher":{"@id":"https:\/\/www.manaus.am.gov.br\/semasc\/#organization"},"image":{"@id":"https:\/\/www.manaus.am.gov.br\/semasc\/prefeitura-de-manaus-finaliza-programacao-do-maio-laranja-com-exposicao-de-trabalhos-realizados-ao-longo-do-mes\/#primaryimage"},"thumbnailUrl":"https:\/\/www.manaus.am.gov.br\/semasc\/wp-content\/uploads\/sites\/17\/2023\/05\/52938674194_890606a8bd_k.jpg","keywords":["1\u00aa Mostra de A\u00e7\u00f5es do Servi\u00e7o de Conviv\u00eancia e Fortalecimento de V\u00ednculos dos CRAS de Manaus no Enfrentamento \u00e0 Viol\u00eancia Sexual contra Crian\u00e7as e Adolescentes","Dia Nacional de Combate ao Abuso e \u00e0 Explora\u00e7\u00e3o Sexual de Crian\u00e7as e Adolescentes","encerramento","exposi\u00e7\u00e3o de trabalhos","prefeitura de manaus","programa\u00e7\u00e3o do \u2018Maio Laranja\u2019","Semasc"],"articleSection":["Encerramento"],"inLanguage":"pt-BR"},{"@type":"WebPage","@id":"https:\/\/www.manaus.am.gov.br\/semasc\/prefeitura-de-manaus-finaliza-programacao-do-maio-laranja-com-exposicao-de-trabalhos-realizados-ao-longo-do-mes\/","url":"https:\/\/www.manaus.am.gov.br\/semasc\/prefeitura-de-manaus-finaliza-programacao-do-maio-laranja-com-exposicao-de-trabalhos-realizados-ao-longo-do-mes\/","name":"Prefeitura de Manaus finaliza programa\u00e7\u00e3o do \u2018Maio Laranja\u2019 com exposi\u00e7\u00e3o de trabalhos realizados ao longo do m\u00eas","isPartOf":{"@id":"https:\/\/www.manaus.am.gov.br\/semasc\/#website"},"primaryImageOfPage":{"@id":"https:\/\/www.manaus.am.gov.br\/semasc\/prefeitura-de-manaus-finaliza-programacao-do-maio-laranja-com-exposicao-de-trabalhos-realizados-ao-longo-do-mes\/#primaryimage"},"image":{"@id":"https:\/\/www.manaus.am.gov.br\/semasc\/prefeitura-de-manaus-finaliza-programacao-do-maio-laranja-com-exposicao-de-trabalhos-realizados-ao-longo-do-mes\/#primaryimage"},"thumbnailUrl":"https:\/\/www.manaus.am.gov.br\/semasc\/wp-content\/uploads\/sites\/17\/2023\/05\/52938674194_890606a8bd_k.jpg","datePublished":"2023-05-30T21:32:17+00:00","dateModified":"2023-05-30T21:39:40+00:00","description":"Finalizando oficialmente o cronograma de atividades da campanha municipal Maio Laranja, alusiva ao Dia Nacional de Combate ao Abuso e \u00e0 Explora\u00e7\u00e3o Sexual de Crian\u00e7as e Adolescentes, a Prefeitura de Manaus, por meio da Secretaria Municipal da Mulher, Assist\u00eancia Social e Cidadania (Semasc), realizou, nesta ter\u00e7a-feira, 30\/5, a \u201c1\u00aa Mostra de A\u00e7\u00f5es do Servi\u00e7o de Conviv\u00eancia e Fortalecimento de V\u00ednculos dos CRAS de Manaus no Enfrentamento \u00e0 Viol\u00eancia Sexual contra Crian\u00e7as e Adolescentes\u201d.","breadcrumb":{"@id":"https:\/\/www.manaus.am.gov.br\/semasc\/prefeitura-de-manaus-finaliza-programacao-do-maio-laranja-com-exposicao-de-trabalhos-realizados-ao-longo-do-mes\/#breadcrumb"},"inLanguage":"pt-BR","potentialAction":[{"@type":"ReadAction","target":["https:\/\/www.manaus.am.gov.br\/semasc\/prefeitura-de-manaus-finaliza-programacao-do-maio-laranja-com-exposicao-de-trabalhos-realizados-ao-longo-do-mes\/"]}]},{"@type":"ImageObject","inLanguage":"pt-BR","@id":"https:\/\/www.manaus.am.gov.br\/semasc\/prefeitura-de-manaus-finaliza-programacao-do-maio-laranja-com-exposicao-de-trabalhos-realizados-ao-longo-do-mes\/#primaryimage","url":"https:\/\/www.manaus.am.gov.br\/semasc\/wp-content\/uploads\/sites\/17\/2023\/05\/52938674194_890606a8bd_k.jpg","contentUrl":"https:\/\/www.manaus.am.gov.br\/semasc\/wp-content\/uploads\/sites\/17\/2023\/05\/52938674194_890606a8bd_k.jpg","width":2048,"height":1366},{"@type":"BreadcrumbList","@id":"https:\/\/www.manaus.am.gov.br\/semasc\/prefeitura-de-manaus-finaliza-programacao-do-maio-laranja-com-exposicao-de-trabalhos-realizados-ao-longo-do-mes\/#breadcrumb","itemListElement":[{"@type":"ListItem","position":1,"name":"Home","item":"https:\/\/www.manaus.am.gov.br\/semasc\/"},{"@type":"ListItem","position":2,"name":"Prefeitura de Manaus finaliza programa\u00e7\u00e3o do \u2018Maio Laranja\u2019 com exposi\u00e7\u00e3o de trabalhos realizados ao longo do m\u00eas"}]},{"@type":"WebSite","@id":"https:\/\/www.manaus.am.gov.br\/semasc\/#website","url":"https:\/\/www.manaus.am.gov.br\/semasc\/","name":"SEMASC","description":"Secretaria Municipal da Mulher, Assist\u00eancia Social e Cidadania.","publisher":{"@id":"https:\/\/www.manaus.am.gov.br\/semasc\/#organization"},"alternateName":"Secretaria Municipal da Mulher, Assist\u00eancia Social e Cidadania","potentialAction":[{"@type":"SearchAction","target":{"@type":"EntryPoint","urlTemplate":"https:\/\/www.manaus.am.gov.br\/semasc\/?s={search_term_string}"},"query-input":"required name=search_term_string"}],"inLanguage":"pt-BR"},{"@type":"Organization","@id":"https:\/\/www.manaus.am.gov.br\/semasc\/#organization","name":"Prefeitura de Manaus","alternateName":"Prefeitura Municipal de Manaus","url":"https:\/\/www.manaus.am.gov.br\/semasc\/","logo":{"@type":"ImageObject","inLanguage":"pt-BR","@id":"https:\/\/www.manaus.am.gov.br\/semasc\/#\/schema\/logo\/image\/","url":"https:\/\/www.manaus.am.gov.br\/semasc\/wp-content\/uploads\/sites\/17\/2024\/07\/favicon.png","contentUrl":"https:\/\/www.manaus.am.gov.br\/semasc\/wp-content\/uploads\/sites\/17\/2024\/07\/favicon.png","width":300,"height":300,"caption":"Prefeitura de Manaus"},"image":{"@id":"https:\/\/www.manaus.am.gov.br\/semasc\/#\/schema\/logo\/image\/"},"sameAs":["https:\/\/www.facebook.com\/semascmanaus","https:\/\/www.instagram.com\/semascmanaus\/"]},{"@type":"Person","@id":"https:\/\/www.manaus.am.gov.br\/semasc\/#\/schema\/person\/05d223aea2bf115f9883a6ff3683d81b","name":"Bruna Greco","image":{"@type":"ImageObject","inLanguage":"pt-BR","@id":"https:\/\/www.manaus.am.gov.br\/semasc\/#\/schema\/person\/image\/","url":"https:\/\/secure.gravatar.com\/avatar\/9c877d1a6adc2a055330e5c09a8653ce?s=96&d=mm&r=g","contentUrl":"https:\/\/secure.gravatar.com\/avatar\/9c877d1a6adc2a055330e5c09a8653ce?s=96&d=mm&r=g","caption":"Bruna Greco"}}]}},"_links":{"self":[{"href":"https:\/\/www.manaus.am.gov.br\/semasc\/wp-json\/wp\/v2\/posts\/207656"}],"collection":[{"href":"https:\/\/www.manaus.am.gov.br\/semasc\/wp-json\/wp\/v2\/posts"}],"about":[{"href":"https:\/\/www.manaus.am.gov.br\/semasc\/wp-json\/wp\/v2\/types\/post"}],"author":[{"embeddable":true,"href":"https:\/\/www.manaus.am.gov.br\/semasc\/wp-json\/wp\/v2\/users\/39"}],"replies":[{"embeddable":true,"href":"https:\/\/www.manaus.am.gov.br\/semasc\/wp-json\/wp\/v2\/comments?post=207656"}],"version-history":[{"count":1,"href":"https:\/\/www.manaus.am.gov.br\/semasc\/wp-json\/wp\/v2\/posts\/207656\/revisions"}],"predecessor-version":[{"id":207658,"href":"https:\/\/www.manaus.am.gov.br\/semasc\/wp-json\/wp\/v2\/posts\/207656\/revisions\/207658"}],"wp:featuredmedia":[{"embeddable":true,"href":"https:\/\/www.manaus.am.gov.br\/semasc\/wp-json\/wp\/v2\/media\/207657"}],"wp:attachment":[{"href":"https:\/\/www.manaus.am.gov.br\/semasc\/wp-json\/wp\/v2\/media?parent=207656"}],"wp:term":[{"taxonomy":"category","embeddable":true,"href":"https:\/\/www.manaus.am.gov.br\/semasc\/wp-json\/wp\/v2\/categories?post=207656"},{"taxonomy":"post_tag","embeddable":true,"href":"https:\/\/www.manaus.am.gov.br\/semasc\/wp-json\/wp\/v2\/tags?post=207656"}],"curies":[{"name":"wp","href":"https:\/\/api.w.org\/{rel}","templated":true}]}}