{"id":207636,"date":"2023-05-27T12:52:27","date_gmt":"2023-05-27T16:52:27","guid":{"rendered":"https:\/\/www.manaus.am.gov.br\/semasc\/prefeitura-de-manaus-atende-300-familias-com-mutirao-de-cadastro-unico-no-bairro-compensa\/"},"modified":"2023-05-29T10:46:06","modified_gmt":"2023-05-29T14:46:06","slug":"prefeitura-de-manaus-atende-300-familias-com-mutirao-de-cadastro-unico-no-bairro-compensa","status":"publish","type":"post","link":"https:\/\/www.manaus.am.gov.br\/semasc\/prefeitura-de-manaus-atende-300-familias-com-mutirao-de-cadastro-unico-no-bairro-compensa\/","title":{"rendered":"<strong>Prefeitura de Manaus atende 300 fam\u00edlias com mutir\u00e3o de Cadastro \u00danico no bairro Compensa<\/strong>"},"content":{"rendered":"\n<p>Com o objetivo de facilitar o acesso da popula\u00e7\u00e3o socialmente vulner\u00e1vel da zona Oeste da capital, a programas e benef\u00edcios sociais fundamentais para o seu processo de inclus\u00e3o social<em>,<\/em> a Prefeitura de Manaus, por meio da Secretaria Municipal da Mulher, Assist\u00eancia Social e Cidadania (Semasc), realizou, neste s\u00e1bado, 27\/5, mais uma edi\u00e7\u00e3o do Mutir\u00e3o do Cadastro \u00danico. A a\u00e7\u00e3o foi realizada na escola municipal Elvira Borges, no bairro Compensa 2, e atendeu cerca de 300 fam\u00edlias.<\/p>\n\n\n\n<p>&#8220;Hoje, temos mais de 150 funcion\u00e1rios e servidores das secretarias envolvidos nesta opera\u00e7\u00e3o, buscando facilitar a vida da popula\u00e7\u00e3o aqui da Compensa e de bairros adjacentes, garantindo que todos consigam resolver qualquer tipo de pend\u00eancia relacionada ao seu cadastro. \u00c9 um momento que consideramos muito importante, pois \u00e9 atrav\u00e9s de um Cad\u00danico devidamente atualizado que fam\u00edlias mais carentes conseguem ter acesso a diversos benef\u00edcios e pol\u00edticas p\u00fablicas important\u00edssimos para sua qualidade de vida. Hoje estamos trazendo esses servi\u00e7os praticamente \u00e0 porta do cidad\u00e3o&#8221;, destacou o titular da Semasc, Eduardo Lucas.<\/p>\n\n\n\n<p>A popula\u00e7\u00e3o teve a oportunidade de realizar o cadastro pela primeira vez, al\u00e9m de atualizar informa\u00e7\u00f5es como endere\u00e7o, composi\u00e7\u00e3o familiar, renda e demais dados necess\u00e1rios para garantir a correta inclus\u00e3o em programas sociais como o Bolsa Fam\u00edlia, tarifas sociais de \u00e1gua e energia el\u00e9trica, isen\u00e7\u00e3o do Imposto Predial e Territorial Urbano (IPTU) e muito mais.<\/p>\n\n\n\n<p>De acordo com Francisco Cruz, chefe da Divis\u00e3o de Cadastro \u00danico e Transfer\u00eancia de Renda, a aproxima\u00e7\u00e3o entre poder p\u00fablico e popula\u00e7\u00e3o por meio da praticidade e agilidade da oferta de servi\u00e7os \u00e9 essencial para a garantia de direitos daqueles que mais precisam, al\u00e9m de ampliar a Rede de Prote\u00e7\u00e3o Social da cidade como um todo.<\/p>\n\n\n\n<p>&#8220;Fazemos esse tipo de a\u00e7\u00e3o mais pr\u00f3xima e diferenciada justamente para que essas fam\u00edlias n\u00e3o precisem passar por dificuldades de locomo\u00e7\u00e3o at\u00e9 os equipamentos, que n\u00e3o precisem enfrentar filas e para que possam, da maneira mais pr\u00e1tica poss\u00edvel, ser inclu\u00eddas nos benef\u00edcios e programas necess\u00e1rios a sua realidade. O Cadastro \u00danico \u00e9 a porta de entrada para uma nova vida, e o que estamos fazendo hoje \u00e9 oferecer o primeiro passo para essa mudan\u00e7a&#8221;, explicou.<\/p>\n\n\n\n<p>Entre as fam\u00edlias que procuraram a a\u00e7\u00e3o para resolver suas pend\u00eancias cadastrais, a dona de casa Sandra da Costa aproveitou a oportunidade para realizar sua inser\u00e7\u00e3o.<\/p>\n\n\n\n<p>&#8220;Trabalhei nove anos como cobradora de \u00f4nibus, mas as coisas ficaram dif\u00edceis para todos. Ent\u00e3o, hoje, eu vim atr\u00e1s de realizar meu cadastro, entender melhor os benef\u00edcios, o apoio que as pessoas podem receber com ele e deu tudo certo, gra\u00e7as a Deus. Fui atendida por uma mo\u00e7a muito atenciosa e que me recebeu super bem, foi maravilhoso&#8221;, afirmou.<\/p>\n\n\n\n<p>J\u00e1 Josieli Ferreira, tamb\u00e9m dona de casa, aproveitou a a\u00e7\u00e3o para atualizar seu antigo cadastro e tentar a inclus\u00e3o em alguns dos benef\u00edcios de seu interesse.<\/p>\n\n\n\n<p>&#8220;Tamb\u00e9m fiquei desempregada muito recentemente e decidi atualizar meu cadastro para ver se conseguia ser beneficiada com a CNH Social e a inser\u00e7\u00e3o de taxa de inscri\u00e7\u00e3o para determinados concursos. O atendimento foi \u00f3timo, foi tudo muito r\u00e1pido e pr\u00e1tico, muito bom mesmo!&#8221;, concluiu.<\/p>\n\n\n\n<p><strong>Cadastro gratuito<\/strong><\/p>\n\n\n\n<p>Em rela\u00e7\u00e3o aos servi\u00e7os ofertados pela Prefeitura de Manaus, \u00e9 importante destacar que a inser\u00e7\u00e3o de dados ou atualiza\u00e7\u00e3o do Cadastro \u00danico \u00e9 um servi\u00e7o p\u00fablico totalmente gratuito.<\/p>\n\n\n\n<p>Qualquer den\u00fancia de cobran\u00e7a indevida para os servi\u00e7os ofertados pelos Centros de Refer\u00eancia de Assist\u00eancia Social (Cras) devem ser feitas junto \u00e0 Ouvidoria da Semasc, pelo n\u00famero 98842-2954 ou&nbsp;<a href=\"mailto:ouvidoria.semasc@manaus.am.gov.br\" target=\"_blank\" rel=\"noreferrer noopener\">ouvidoria.semasc@manaus.am.gov.br<\/a>.<\/p>\n\n\n\n<p>&#8212; &#8212; &#8212;<\/p>\n\n\n\n<p><strong>Texto<\/strong>&nbsp;&#8211; Guilherme Ara\u00fajo Pacheco \/ Semcom<\/p>\n\n\n\n<p><strong>Fotos<\/strong>&nbsp;&#8211; Marcely Gomes \/ Semasc<\/p>\n\n\n\n<p>Dispon\u00edveis em &#8211;&nbsp;<a href=\"https:\/\/flic.kr\/s\/aHBqjAFvpK\">https:\/\/flic.kr\/s\/aHBqjAFvpK<\/a><\/p>\n","protected":false},"excerpt":{"rendered":"","protected":false},"author":31,"featured_media":207637,"comment_status":"closed","ping_status":"closed","sticky":false,"template":"","format":"standard","meta":{"footnotes":""},"categories":[87],"tags":[88,89,90,75],"acf":[],"yoast_head":"<!-- This site is optimized with the Yoast SEO plugin v23.0 - https:\/\/yoast.com\/wordpress\/plugins\/seo\/ -->\n<title>Prefeitura de Manaus atende 300 fam\u00edlias com mutir\u00e3o de Cadastro \u00danico no bairro Compensa - SEMASC<\/title>\n<meta name=\"robots\" content=\"noindex, follow\" \/>\n<meta property=\"og:locale\" content=\"pt_BR\" \/>\n<meta property=\"og:type\" content=\"article\" \/>\n<meta property=\"og:title\" content=\"Prefeitura de Manaus atende 300 fam\u00edlias com mutir\u00e3o de Cadastro \u00danico no bairro Compensa - SEMASC\" \/>\n<meta property=\"og:url\" content=\"https:\/\/www.manaus.am.gov.br\/semasc\/prefeitura-de-manaus-atende-300-familias-com-mutirao-de-cadastro-unico-no-bairro-compensa\/\" \/>\n<meta property=\"og:site_name\" content=\"SEMASC\" \/>\n<meta property=\"article:publisher\" content=\"https:\/\/www.facebook.com\/semascmanaus\" \/>\n<meta property=\"article:published_time\" content=\"2023-05-27T16:52:27+00:00\" \/>\n<meta property=\"article:modified_time\" content=\"2023-05-29T14:46:06+00:00\" \/>\n<meta property=\"og:image\" content=\"https:\/\/www.manaus.am.gov.br\/semasc\/wp-content\/uploads\/sites\/17\/2023\/05\/52929785106_42885bbe66_c.jpg\" \/>\n\t<meta property=\"og:image:width\" content=\"799\" \/>\n\t<meta property=\"og:image:height\" content=\"533\" \/>\n\t<meta property=\"og:image:type\" content=\"image\/jpeg\" \/>\n<meta name=\"author\" content=\"Renata Felix\" \/>\n<meta name=\"twitter:card\" content=\"summary_large_image\" \/>\n<meta name=\"twitter:label1\" content=\"Written by\" \/>\n\t<meta name=\"twitter:data1\" content=\"Renata Felix\" \/>\n\t<meta name=\"twitter:label2\" content=\"Est. reading time\" \/>\n\t<meta name=\"twitter:data2\" content=\"4 minutos\" \/>\n<script type=\"application\/ld+json\" class=\"yoast-schema-graph\">{\"@context\":\"https:\/\/schema.org\",\"@graph\":[{\"@type\":\"Article\",\"@id\":\"https:\/\/www.manaus.am.gov.br\/semasc\/prefeitura-de-manaus-atende-300-familias-com-mutirao-de-cadastro-unico-no-bairro-compensa\/#article\",\"isPartOf\":{\"@id\":\"https:\/\/www.manaus.am.gov.br\/semasc\/prefeitura-de-manaus-atende-300-familias-com-mutirao-de-cadastro-unico-no-bairro-compensa\/\"},\"author\":{\"name\":\"Renata Felix\",\"@id\":\"https:\/\/www.manaus.am.gov.br\/semasc\/#\/schema\/person\/4eea2a8f78dc853097abb026f728aa06\"},\"headline\":\"Prefeitura de Manaus atende 300 fam\u00edlias com mutir\u00e3o de Cadastro \u00danico no bairro Compensa\",\"datePublished\":\"2023-05-27T16:52:27+00:00\",\"dateModified\":\"2023-05-29T14:46:06+00:00\",\"mainEntityOfPage\":{\"@id\":\"https:\/\/www.manaus.am.gov.br\/semasc\/prefeitura-de-manaus-atende-300-familias-com-mutirao-de-cadastro-unico-no-bairro-compensa\/\"},\"wordCount\":686,\"publisher\":{\"@id\":\"https:\/\/www.manaus.am.gov.br\/semasc\/#organization\"},\"image\":{\"@id\":\"https:\/\/www.manaus.am.gov.br\/semasc\/prefeitura-de-manaus-atende-300-familias-com-mutirao-de-cadastro-unico-no-bairro-compensa\/#primaryimage\"},\"thumbnailUrl\":\"https:\/\/www.manaus.am.gov.br\/semasc\/wp-content\/uploads\/sites\/17\/2023\/05\/52929785106_42885bbe66_c.jpg\",\"keywords\":[\"300 fam\u00edlias\",\"bairro compensa\",\"cadastro \u00fanico\",\"mutir\u00e3o\"],\"articleSection\":[\"Cidadania\"],\"inLanguage\":\"pt-BR\"},{\"@type\":\"WebPage\",\"@id\":\"https:\/\/www.manaus.am.gov.br\/semasc\/prefeitura-de-manaus-atende-300-familias-com-mutirao-de-cadastro-unico-no-bairro-compensa\/\",\"url\":\"https:\/\/www.manaus.am.gov.br\/semasc\/prefeitura-de-manaus-atende-300-familias-com-mutirao-de-cadastro-unico-no-bairro-compensa\/\",\"name\":\"Prefeitura de Manaus atende 300 fam\u00edlias com mutir\u00e3o de Cadastro \u00danico no bairro Compensa - SEMASC\",\"isPartOf\":{\"@id\":\"https:\/\/www.manaus.am.gov.br\/semasc\/#website\"},\"primaryImageOfPage\":{\"@id\":\"https:\/\/www.manaus.am.gov.br\/semasc\/prefeitura-de-manaus-atende-300-familias-com-mutirao-de-cadastro-unico-no-bairro-compensa\/#primaryimage\"},\"image\":{\"@id\":\"https:\/\/www.manaus.am.gov.br\/semasc\/prefeitura-de-manaus-atende-300-familias-com-mutirao-de-cadastro-unico-no-bairro-compensa\/#primaryimage\"},\"thumbnailUrl\":\"https:\/\/www.manaus.am.gov.br\/semasc\/wp-content\/uploads\/sites\/17\/2023\/05\/52929785106_42885bbe66_c.jpg\",\"datePublished\":\"2023-05-27T16:52:27+00:00\",\"dateModified\":\"2023-05-29T14:46:06+00:00\",\"breadcrumb\":{\"@id\":\"https:\/\/www.manaus.am.gov.br\/semasc\/prefeitura-de-manaus-atende-300-familias-com-mutirao-de-cadastro-unico-no-bairro-compensa\/#breadcrumb\"},\"inLanguage\":\"pt-BR\",\"potentialAction\":[{\"@type\":\"ReadAction\",\"target\":[\"https:\/\/www.manaus.am.gov.br\/semasc\/prefeitura-de-manaus-atende-300-familias-com-mutirao-de-cadastro-unico-no-bairro-compensa\/\"]}]},{\"@type\":\"ImageObject\",\"inLanguage\":\"pt-BR\",\"@id\":\"https:\/\/www.manaus.am.gov.br\/semasc\/prefeitura-de-manaus-atende-300-familias-com-mutirao-de-cadastro-unico-no-bairro-compensa\/#primaryimage\",\"url\":\"https:\/\/www.manaus.am.gov.br\/semasc\/wp-content\/uploads\/sites\/17\/2023\/05\/52929785106_42885bbe66_c.jpg\",\"contentUrl\":\"https:\/\/www.manaus.am.gov.br\/semasc\/wp-content\/uploads\/sites\/17\/2023\/05\/52929785106_42885bbe66_c.jpg\",\"width\":799,\"height\":533},{\"@type\":\"BreadcrumbList\",\"@id\":\"https:\/\/www.manaus.am.gov.br\/semasc\/prefeitura-de-manaus-atende-300-familias-com-mutirao-de-cadastro-unico-no-bairro-compensa\/#breadcrumb\",\"itemListElement\":[{\"@type\":\"ListItem\",\"position\":1,\"name\":\"Home\",\"item\":\"https:\/\/www.manaus.am.gov.br\/semasc\/\"},{\"@type\":\"ListItem\",\"position\":2,\"name\":\"Prefeitura de Manaus atende 300 fam\u00edlias com mutir\u00e3o de Cadastro \u00danico no bairro Compensa\"}]},{\"@type\":\"WebSite\",\"@id\":\"https:\/\/www.manaus.am.gov.br\/semasc\/#website\",\"url\":\"https:\/\/www.manaus.am.gov.br\/semasc\/\",\"name\":\"SEMASC\",\"description\":\"Secretaria Municipal da Mulher, Assist\u00eancia Social e Cidadania.\",\"publisher\":{\"@id\":\"https:\/\/www.manaus.am.gov.br\/semasc\/#organization\"},\"alternateName\":\"Secretaria Municipal da Mulher, Assist\u00eancia Social e Cidadania\",\"potentialAction\":[{\"@type\":\"SearchAction\",\"target\":{\"@type\":\"EntryPoint\",\"urlTemplate\":\"https:\/\/www.manaus.am.gov.br\/semasc\/?s={search_term_string}\"},\"query-input\":\"required name=search_term_string\"}],\"inLanguage\":\"pt-BR\"},{\"@type\":\"Organization\",\"@id\":\"https:\/\/www.manaus.am.gov.br\/semasc\/#organization\",\"name\":\"Prefeitura de Manaus\",\"alternateName\":\"Prefeitura Municipal de Manaus\",\"url\":\"https:\/\/www.manaus.am.gov.br\/semasc\/\",\"logo\":{\"@type\":\"ImageObject\",\"inLanguage\":\"pt-BR\",\"@id\":\"https:\/\/www.manaus.am.gov.br\/semasc\/#\/schema\/logo\/image\/\",\"url\":\"https:\/\/www.manaus.am.gov.br\/semasc\/wp-content\/uploads\/sites\/17\/2024\/07\/favicon.png\",\"contentUrl\":\"https:\/\/www.manaus.am.gov.br\/semasc\/wp-content\/uploads\/sites\/17\/2024\/07\/favicon.png\",\"width\":300,\"height\":300,\"caption\":\"Prefeitura de Manaus\"},\"image\":{\"@id\":\"https:\/\/www.manaus.am.gov.br\/semasc\/#\/schema\/logo\/image\/\"},\"sameAs\":[\"https:\/\/www.facebook.com\/semascmanaus\",\"https:\/\/www.instagram.com\/semascmanaus\/\"]},{\"@type\":\"Person\",\"@id\":\"https:\/\/www.manaus.am.gov.br\/semasc\/#\/schema\/person\/4eea2a8f78dc853097abb026f728aa06\",\"name\":\"Renata Felix\",\"image\":{\"@type\":\"ImageObject\",\"inLanguage\":\"pt-BR\",\"@id\":\"https:\/\/www.manaus.am.gov.br\/semasc\/#\/schema\/person\/image\/\",\"url\":\"https:\/\/secure.gravatar.com\/avatar\/3c196cf9d3b837b24c8edb2c50fd8f29?s=96&d=mm&r=g\",\"contentUrl\":\"https:\/\/secure.gravatar.com\/avatar\/3c196cf9d3b837b24c8edb2c50fd8f29?s=96&d=mm&r=g\",\"caption\":\"Renata Felix\"}}]}<\/script>\n<!-- \/ Yoast SEO plugin. -->","yoast_head_json":{"title":"Prefeitura de Manaus atende 300 fam\u00edlias com mutir\u00e3o de Cadastro \u00danico no bairro Compensa - SEMASC","robots":{"index":"noindex","follow":"follow"},"og_locale":"pt_BR","og_type":"article","og_title":"Prefeitura de Manaus atende 300 fam\u00edlias com mutir\u00e3o de Cadastro \u00danico no bairro Compensa - SEMASC","og_url":"https:\/\/www.manaus.am.gov.br\/semasc\/prefeitura-de-manaus-atende-300-familias-com-mutirao-de-cadastro-unico-no-bairro-compensa\/","og_site_name":"SEMASC","article_publisher":"https:\/\/www.facebook.com\/semascmanaus","article_published_time":"2023-05-27T16:52:27+00:00","article_modified_time":"2023-05-29T14:46:06+00:00","og_image":[{"width":799,"height":533,"url":"https:\/\/www.manaus.am.gov.br\/semasc\/wp-content\/uploads\/sites\/17\/2023\/05\/52929785106_42885bbe66_c.jpg","type":"image\/jpeg"}],"author":"Renata Felix","twitter_card":"summary_large_image","twitter_misc":{"Written by":"Renata Felix","Est. reading time":"4 minutos"},"schema":{"@context":"https:\/\/schema.org","@graph":[{"@type":"Article","@id":"https:\/\/www.manaus.am.gov.br\/semasc\/prefeitura-de-manaus-atende-300-familias-com-mutirao-de-cadastro-unico-no-bairro-compensa\/#article","isPartOf":{"@id":"https:\/\/www.manaus.am.gov.br\/semasc\/prefeitura-de-manaus-atende-300-familias-com-mutirao-de-cadastro-unico-no-bairro-compensa\/"},"author":{"name":"Renata Felix","@id":"https:\/\/www.manaus.am.gov.br\/semasc\/#\/schema\/person\/4eea2a8f78dc853097abb026f728aa06"},"headline":"Prefeitura de Manaus atende 300 fam\u00edlias com mutir\u00e3o de Cadastro \u00danico no bairro Compensa","datePublished":"2023-05-27T16:52:27+00:00","dateModified":"2023-05-29T14:46:06+00:00","mainEntityOfPage":{"@id":"https:\/\/www.manaus.am.gov.br\/semasc\/prefeitura-de-manaus-atende-300-familias-com-mutirao-de-cadastro-unico-no-bairro-compensa\/"},"wordCount":686,"publisher":{"@id":"https:\/\/www.manaus.am.gov.br\/semasc\/#organization"},"image":{"@id":"https:\/\/www.manaus.am.gov.br\/semasc\/prefeitura-de-manaus-atende-300-familias-com-mutirao-de-cadastro-unico-no-bairro-compensa\/#primaryimage"},"thumbnailUrl":"https:\/\/www.manaus.am.gov.br\/semasc\/wp-content\/uploads\/sites\/17\/2023\/05\/52929785106_42885bbe66_c.jpg","keywords":["300 fam\u00edlias","bairro compensa","cadastro \u00fanico","mutir\u00e3o"],"articleSection":["Cidadania"],"inLanguage":"pt-BR"},{"@type":"WebPage","@id":"https:\/\/www.manaus.am.gov.br\/semasc\/prefeitura-de-manaus-atende-300-familias-com-mutirao-de-cadastro-unico-no-bairro-compensa\/","url":"https:\/\/www.manaus.am.gov.br\/semasc\/prefeitura-de-manaus-atende-300-familias-com-mutirao-de-cadastro-unico-no-bairro-compensa\/","name":"Prefeitura de Manaus atende 300 fam\u00edlias com mutir\u00e3o de Cadastro \u00danico no bairro Compensa - SEMASC","isPartOf":{"@id":"https:\/\/www.manaus.am.gov.br\/semasc\/#website"},"primaryImageOfPage":{"@id":"https:\/\/www.manaus.am.gov.br\/semasc\/prefeitura-de-manaus-atende-300-familias-com-mutirao-de-cadastro-unico-no-bairro-compensa\/#primaryimage"},"image":{"@id":"https:\/\/www.manaus.am.gov.br\/semasc\/prefeitura-de-manaus-atende-300-familias-com-mutirao-de-cadastro-unico-no-bairro-compensa\/#primaryimage"},"thumbnailUrl":"https:\/\/www.manaus.am.gov.br\/semasc\/wp-content\/uploads\/sites\/17\/2023\/05\/52929785106_42885bbe66_c.jpg","datePublished":"2023-05-27T16:52:27+00:00","dateModified":"2023-05-29T14:46:06+00:00","breadcrumb":{"@id":"https:\/\/www.manaus.am.gov.br\/semasc\/prefeitura-de-manaus-atende-300-familias-com-mutirao-de-cadastro-unico-no-bairro-compensa\/#breadcrumb"},"inLanguage":"pt-BR","potentialAction":[{"@type":"ReadAction","target":["https:\/\/www.manaus.am.gov.br\/semasc\/prefeitura-de-manaus-atende-300-familias-com-mutirao-de-cadastro-unico-no-bairro-compensa\/"]}]},{"@type":"ImageObject","inLanguage":"pt-BR","@id":"https:\/\/www.manaus.am.gov.br\/semasc\/prefeitura-de-manaus-atende-300-familias-com-mutirao-de-cadastro-unico-no-bairro-compensa\/#primaryimage","url":"https:\/\/www.manaus.am.gov.br\/semasc\/wp-content\/uploads\/sites\/17\/2023\/05\/52929785106_42885bbe66_c.jpg","contentUrl":"https:\/\/www.manaus.am.gov.br\/semasc\/wp-content\/uploads\/sites\/17\/2023\/05\/52929785106_42885bbe66_c.jpg","width":799,"height":533},{"@type":"BreadcrumbList","@id":"https:\/\/www.manaus.am.gov.br\/semasc\/prefeitura-de-manaus-atende-300-familias-com-mutirao-de-cadastro-unico-no-bairro-compensa\/#breadcrumb","itemListElement":[{"@type":"ListItem","position":1,"name":"Home","item":"https:\/\/www.manaus.am.gov.br\/semasc\/"},{"@type":"ListItem","position":2,"name":"Prefeitura de Manaus atende 300 fam\u00edlias com mutir\u00e3o de Cadastro \u00danico no bairro Compensa"}]},{"@type":"WebSite","@id":"https:\/\/www.manaus.am.gov.br\/semasc\/#website","url":"https:\/\/www.manaus.am.gov.br\/semasc\/","name":"SEMASC","description":"Secretaria Municipal da Mulher, Assist\u00eancia Social e Cidadania.","publisher":{"@id":"https:\/\/www.manaus.am.gov.br\/semasc\/#organization"},"alternateName":"Secretaria Municipal da Mulher, Assist\u00eancia Social e Cidadania","potentialAction":[{"@type":"SearchAction","target":{"@type":"EntryPoint","urlTemplate":"https:\/\/www.manaus.am.gov.br\/semasc\/?s={search_term_string}"},"query-input":"required name=search_term_string"}],"inLanguage":"pt-BR"},{"@type":"Organization","@id":"https:\/\/www.manaus.am.gov.br\/semasc\/#organization","name":"Prefeitura de Manaus","alternateName":"Prefeitura Municipal de Manaus","url":"https:\/\/www.manaus.am.gov.br\/semasc\/","logo":{"@type":"ImageObject","inLanguage":"pt-BR","@id":"https:\/\/www.manaus.am.gov.br\/semasc\/#\/schema\/logo\/image\/","url":"https:\/\/www.manaus.am.gov.br\/semasc\/wp-content\/uploads\/sites\/17\/2024\/07\/favicon.png","contentUrl":"https:\/\/www.manaus.am.gov.br\/semasc\/wp-content\/uploads\/sites\/17\/2024\/07\/favicon.png","width":300,"height":300,"caption":"Prefeitura de Manaus"},"image":{"@id":"https:\/\/www.manaus.am.gov.br\/semasc\/#\/schema\/logo\/image\/"},"sameAs":["https:\/\/www.facebook.com\/semascmanaus","https:\/\/www.instagram.com\/semascmanaus\/"]},{"@type":"Person","@id":"https:\/\/www.manaus.am.gov.br\/semasc\/#\/schema\/person\/4eea2a8f78dc853097abb026f728aa06","name":"Renata Felix","image":{"@type":"ImageObject","inLanguage":"pt-BR","@id":"https:\/\/www.manaus.am.gov.br\/semasc\/#\/schema\/person\/image\/","url":"https:\/\/secure.gravatar.com\/avatar\/3c196cf9d3b837b24c8edb2c50fd8f29?s=96&d=mm&r=g","contentUrl":"https:\/\/secure.gravatar.com\/avatar\/3c196cf9d3b837b24c8edb2c50fd8f29?s=96&d=mm&r=g","caption":"Renata Felix"}}]}},"_links":{"self":[{"href":"https:\/\/www.manaus.am.gov.br\/semasc\/wp-json\/wp\/v2\/posts\/207636"}],"collection":[{"href":"https:\/\/www.manaus.am.gov.br\/semasc\/wp-json\/wp\/v2\/posts"}],"about":[{"href":"https:\/\/www.manaus.am.gov.br\/semasc\/wp-json\/wp\/v2\/types\/post"}],"author":[{"embeddable":true,"href":"https:\/\/www.manaus.am.gov.br\/semasc\/wp-json\/wp\/v2\/users\/31"}],"replies":[{"embeddable":true,"href":"https:\/\/www.manaus.am.gov.br\/semasc\/wp-json\/wp\/v2\/comments?post=207636"}],"version-history":[{"count":1,"href":"https:\/\/www.manaus.am.gov.br\/semasc\/wp-json\/wp\/v2\/posts\/207636\/revisions"}],"predecessor-version":[{"id":207639,"href":"https:\/\/www.manaus.am.gov.br\/semasc\/wp-json\/wp\/v2\/posts\/207636\/revisions\/207639"}],"wp:featuredmedia":[{"embeddable":true,"href":"https:\/\/www.manaus.am.gov.br\/semasc\/wp-json\/wp\/v2\/media\/207637"}],"wp:attachment":[{"href":"https:\/\/www.manaus.am.gov.br\/semasc\/wp-json\/wp\/v2\/media?parent=207636"}],"wp:term":[{"taxonomy":"category","embeddable":true,"href":"https:\/\/www.manaus.am.gov.br\/semasc\/wp-json\/wp\/v2\/categories?post=207636"},{"taxonomy":"post_tag","embeddable":true,"href":"https:\/\/www.manaus.am.gov.br\/semasc\/wp-json\/wp\/v2\/tags?post=207636"}],"curies":[{"name":"wp","href":"https:\/\/api.w.org\/{rel}","templated":true}]}}