{"id":207631,"date":"2023-05-25T15:13:30","date_gmt":"2023-05-25T19:13:30","guid":{"rendered":"https:\/\/www.manaus.am.gov.br\/semasc\/prefeitura-e-unicef-promovem-oficina-de-combate-ao-racismo-estrutural-na-infancia\/"},"modified":"2023-05-25T15:13:31","modified_gmt":"2023-05-25T19:13:31","slug":"prefeitura-e-unicef-promovem-oficina-de-combate-ao-racismo-estrutural-na-infancia","status":"publish","type":"post","link":"https:\/\/www.manaus.am.gov.br\/semasc\/prefeitura-e-unicef-promovem-oficina-de-combate-ao-racismo-estrutural-na-infancia\/","title":{"rendered":"<strong>Prefeitura e Unicef promovem oficina de combate ao racismo estrutural na inf\u00e2ncia<\/strong>"},"content":{"rendered":"\n<p>Parte da iniciativa #AgendaCidadeUnicef, a Prefeitura de Manaus, por meio da Secretaria Municipal da Mulher, Assist\u00eancia Social e Cidadania (Semasc), e o Fundo das Na\u00e7\u00f5es Unidas para a Inf\u00e2ncia (Unicef), promoveram, nesta quinta-feira, 25\/5, a oficina \u201cCaminhos para uma Primeira Inf\u00e2ncia Antirracista em Manaus\u201d.<\/p>\n\n\n\n<p>Com o objetivo de chamar a aten\u00e7\u00e3o de profissionais da Educa\u00e7\u00e3o, Assist\u00eancia Social e Sa\u00fade sobre os impactos do racismo no desenvolvimento infantil, a capacita\u00e7\u00e3o foi realizada no audit\u00f3rio do Palacete Provincial, no centro hist\u00f3rico de Manaus, discutindo meios para a promo\u00e7\u00e3o de pr\u00e1ticas antirracistas nos diferentes servi\u00e7os de atendimentos oferecidos \u00e0 gestantes, crian\u00e7as negras e ind\u00edgenas de at\u00e9 seis anos e suas fam\u00edlias na capital amazonense.<\/p>\n\n\n\n<p>&#8220;Hoje \u00e9 um momento muito importante para n\u00f3s, da Prefeitura de Manaus, pois estreitamos uma parceria j\u00e1 muito produtiva com o Unicef e desenvolvemos um espa\u00e7o de onde poderemos tirar recomenda\u00e7\u00f5es e medidas mais efetivas para as pol\u00edticas socioeducacionais voltadas para a primeira inf\u00e2ncia. Esse foco em um per\u00edodo de idade aparentemente precoce \u00e9 fundamental para que n\u00f3s, enquanto poder p\u00fablico, possamos trabalhar a\u00e7\u00f5es de preven\u00e7\u00e3o e enfrentamento desde cedo, seja esse enfrentamento ao racismo, \u00e0 viol\u00eancia sexual ou ao trabalho infantil&#8221;, destacou a subsecret\u00e1ria de Pol\u00edticas Afirmativas para Mulheres e Direitos Humanos, Gra\u00e7a Prola, tamb\u00e9m presidente do Conselho Municipal dos Direitos da Crian\u00e7a e do Adolescente (CMDCA).<\/p>\n\n\n\n<p>Ao longo da manh\u00e3, foram realizadas palestras e rodas de conversa a fim de apresentar, analisar e desconstruir alguns conceitos e no\u00e7\u00f5es b\u00e1sicas relacionadas \u00e0 estrutura\u00e7\u00e3o da desigualdade racial no Brasil e em diferentes \u00e1reas. Na assist\u00eancia social, por exemplo, dados coletados pela Secretaria Nacional de Avalia\u00e7\u00e3o e Gest\u00e3o da Informa\u00e7\u00e3o e pelo Instituto Brasileiro de Geografia e Estat\u00edstica (IBGE) mostram que, at\u00e9 mar\u00e7o deste ano, aproximadamente 70% das crian\u00e7as de 0 a 4 anos inseridas no Cadastro \u00danico eram negras.<\/p>\n\n\n\n<p>De acordo com a facilitadora da palestra &#8220;O Impacto do Racismo na Primeira Inf\u00e2ncia&#8221; e Oficial de Desenvolvimento Infantil na Primeira Inf\u00e2ncia do Unicef, Ma\u00edra Souza, \u00e9 de extrema import\u00e2ncia que os impactos do racismo estrutural e institucional nos primeiros anos de vida das crian\u00e7as &#8211; em especial de crian\u00e7as negras e ind\u00edgenas &#8211; sejam cada vez mais discutidos, avaliados e enfrentados.<\/p>\n\n\n\n<p>&#8220;Existe uma urg\u00eancia em reunirmos todos esses profissionais aqui, hoje, para tratarmos de um tema que se inicia logo nos primeiros anos de vida, muitas vezes at\u00e9 mesmo antes do nascimento, pois j\u00e1 temos diversas de evid\u00eancias que mostram o quanto o racismo afeta o desenvolvimento dessas crian\u00e7as em diferentes dimens\u00f5es, como na constru\u00e7\u00e3o da sua autoestima, da sua autopercep\u00e7\u00e3o, da autoconfian\u00e7a e na rejei\u00e7\u00e3o de sua pr\u00f3pria imagem, ou gera, entre outras coisas, a internaliza\u00e7\u00e3o dessas ideias. Logo, \u00e9 extremamente necess\u00e1rio entendermos a responsabilidade dos adultos e profissionais ao redor dessas crian\u00e7as, tanto no enaltecimento de suas culturas, de sua hist\u00f3ria, quanto em sua prote\u00e7\u00e3o social&#8221;, explicou.<\/p>\n\n\n\n<p>Servidora da Secretaria Municipal da Educa\u00e7\u00e3o (Semed), a psic\u00f3loga Amanda Lorena foi uma das participantes da capacita\u00e7\u00e3o e ressaltou a necessidade de mais momentos e debates relacionados \u00e0 tem\u00e1tica.<\/p>\n\n\n\n<p>&#8220;Infelizmente, racismo pode ocorrer dentro de diversos espa\u00e7os e de diferentes formas, por isso \u00e9 important\u00edssimo que n\u00f3s, enquanto servidores p\u00fablicos ou privados da Educa\u00e7\u00e3o e outras \u00e1reas, devemos estar plenamente preparados para lidar com esse tipo de situa\u00e7\u00e3o. \u00c9 importante que tenhamos o conhecimento necess\u00e1rio para trabalhar essas quest\u00f5es dentro de ambientes como a escola, por exemplo, para que possamos prevenir e mitigar esse tipo de viol\u00eancia&#8221;, concluiu.<\/p>\n\n\n\n<p><strong>Sobre a #AgendaCidadeUnicef<\/strong><\/p>\n\n\n\n<p>A #AgendaCidadeUnicef \u00e9 uma iniciativa do Fundo das Na\u00e7\u00f5es Unidas para a Inf\u00e2ncia (Unicef), em parceria com prefeituras municipais de oito grandes centros urbanos brasileiros, para promover direitos e oportunidades das crian\u00e7as e dos adolescentes mais vulner\u00e1veis, contribuindo com a preven\u00e7\u00e3o de viol\u00eancias em sua vida.<\/p>\n\n\n\n<p>Desde o ano passado, a #AgendaCidadeUnicef vem desenvolvendo caminhos para a garantia de direitos e oportunidades para crian\u00e7as e adolescentes por meio de estrat\u00e9gias integradas que ajudam a reduzir e prevenir viol\u00eancias no seu dia a dia, integrando metodologias de diferentes \u00e1reas (Educa\u00e7\u00e3o, Sa\u00fade, Prote\u00e7\u00e3o, Inclus\u00e3o Socioprodutiva) e promovendo a mobiliza\u00e7\u00e3o social e o monitoramento de indicadores relacionados \u00e0 \u00e1rea da inf\u00e2ncia e da adolesc\u00eancia.<\/p>\n\n\n\n<p>Em Manaus, a parceria tem como foco de atua\u00e7\u00e3o o bairro Col\u00f4nia Ant\u00f4nio Aleixo, na zona Leste, que, de acordo dados coletados pela gest\u00e3o municipal, abriga mais de 80% das crian\u00e7as em situa\u00e7\u00e3o de trabalho infantil da capital amazonense.<\/p>\n\n\n\n<p>&nbsp;&#8212; &#8212; &#8212;<\/p>\n\n\n\n<p><strong>Texto<\/strong>&nbsp;&#8211; Guilherme Ara\u00fajo Pacheco \/ Semasc<\/p>\n\n\n\n<p><strong>Fotos<\/strong>\u00a0&#8211; Cl\u00f3vis Miranda \/ Semcom<\/p>\n\n\n\n<p><strong>Dispon\u00edveis em<\/strong> &#8211; https:\/\/flic.kr\/s\/aHBqjAFfFc<\/p>\n","protected":false},"excerpt":{"rendered":"","protected":false},"author":23,"featured_media":207632,"comment_status":"closed","ping_status":"closed","sticky":false,"template":"","format":"standard","meta":{"footnotes":""},"categories":[76],"tags":[77,78,7,79,80,18],"acf":[],"yoast_head":"<!-- This site is optimized with the Yoast SEO plugin v23.0 - https:\/\/yoast.com\/wordpress\/plugins\/seo\/ -->\n<title>Prefeitura e Unicef promovem oficina de combate ao racismo estrutural na inf\u00e2ncia<\/title>\n<meta name=\"description\" content=\"Parte da iniciativa #AgendaCidadeUnicef, a Prefeitura de Manaus, por meio da Secretaria Municipal da Mulher, Assist\u00eancia Social e Cidadania (Semasc), e o Fundo das Na\u00e7\u00f5es Unidas para a Inf\u00e2ncia (Unicef), promoveram, nesta quinta-feira, 25\/5, a oficina \u201cCaminhos para uma Primeira Inf\u00e2ncia Antirracista em Manaus\u201d.\" \/>\n<meta name=\"robots\" content=\"noindex, follow\" \/>\n<meta property=\"og:locale\" content=\"pt_BR\" \/>\n<meta property=\"og:type\" content=\"article\" \/>\n<meta property=\"og:title\" content=\"Prefeitura e Unicef promovem oficina de combate ao racismo estrutural na inf\u00e2ncia\" \/>\n<meta property=\"og:description\" content=\"Parte da iniciativa #AgendaCidadeUnicef, a Prefeitura de Manaus, por meio da Secretaria Municipal da Mulher, Assist\u00eancia Social e Cidadania (Semasc), e o Fundo das Na\u00e7\u00f5es Unidas para a Inf\u00e2ncia (Unicef), promoveram, nesta quinta-feira, 25\/5, a oficina \u201cCaminhos para uma Primeira Inf\u00e2ncia Antirracista em Manaus\u201d.\" \/>\n<meta property=\"og:url\" content=\"https:\/\/www.manaus.am.gov.br\/semasc\/prefeitura-e-unicef-promovem-oficina-de-combate-ao-racismo-estrutural-na-infancia\/\" \/>\n<meta property=\"og:site_name\" content=\"SEMASC\" \/>\n<meta property=\"article:publisher\" content=\"https:\/\/www.facebook.com\/semascmanaus\" \/>\n<meta property=\"article:published_time\" content=\"2023-05-25T19:13:30+00:00\" \/>\n<meta property=\"article:modified_time\" content=\"2023-05-25T19:13:31+00:00\" \/>\n<meta property=\"og:image\" content=\"https:\/\/www.manaus.am.gov.br\/semasc\/wp-content\/uploads\/sites\/17\/2023\/05\/52925522330_eb7502b1ee_c.jpg\" \/>\n\t<meta property=\"og:image:width\" content=\"799\" \/>\n\t<meta property=\"og:image:height\" content=\"533\" \/>\n\t<meta property=\"og:image:type\" content=\"image\/jpeg\" \/>\n<meta name=\"author\" content=\"Adriana Costa\" \/>\n<meta name=\"twitter:card\" content=\"summary_large_image\" \/>\n<meta name=\"twitter:label1\" content=\"Written by\" \/>\n\t<meta name=\"twitter:data1\" content=\"Adriana Costa\" \/>\n\t<meta name=\"twitter:label2\" content=\"Est. reading time\" \/>\n\t<meta name=\"twitter:data2\" content=\"5 minutos\" \/>\n<script type=\"application\/ld+json\" class=\"yoast-schema-graph\">{\"@context\":\"https:\/\/schema.org\",\"@graph\":[{\"@type\":\"Article\",\"@id\":\"https:\/\/www.manaus.am.gov.br\/semasc\/prefeitura-e-unicef-promovem-oficina-de-combate-ao-racismo-estrutural-na-infancia\/#article\",\"isPartOf\":{\"@id\":\"https:\/\/www.manaus.am.gov.br\/semasc\/prefeitura-e-unicef-promovem-oficina-de-combate-ao-racismo-estrutural-na-infancia\/\"},\"author\":{\"name\":\"Adriana Costa\",\"@id\":\"https:\/\/www.manaus.am.gov.br\/semasc\/#\/schema\/person\/4e49f4e267757a06ca072ec61b2b9968\"},\"headline\":\"Prefeitura e Unicef promovem oficina de combate ao racismo estrutural na inf\u00e2ncia\",\"datePublished\":\"2023-05-25T19:13:30+00:00\",\"dateModified\":\"2023-05-25T19:13:31+00:00\",\"mainEntityOfPage\":{\"@id\":\"https:\/\/www.manaus.am.gov.br\/semasc\/prefeitura-e-unicef-promovem-oficina-de-combate-ao-racismo-estrutural-na-infancia\/\"},\"wordCount\":843,\"publisher\":{\"@id\":\"https:\/\/www.manaus.am.gov.br\/semasc\/#organization\"},\"image\":{\"@id\":\"https:\/\/www.manaus.am.gov.br\/semasc\/prefeitura-e-unicef-promovem-oficina-de-combate-ao-racismo-estrutural-na-infancia\/#primaryimage\"},\"thumbnailUrl\":\"https:\/\/www.manaus.am.gov.br\/semasc\/wp-content\/uploads\/sites\/17\/2023\/05\/52925522330_eb7502b1ee_c.jpg\",\"keywords\":[\"capacita\u00e7\u00e3o\",\"oficina\",\"prefeitura de manaus\",\"primeira inf\u00e2ncia\",\"racismo estrutural\",\"Semasc\"],\"articleSection\":[\"Capacita\u00e7\u00e3o\"],\"inLanguage\":\"pt-BR\"},{\"@type\":\"WebPage\",\"@id\":\"https:\/\/www.manaus.am.gov.br\/semasc\/prefeitura-e-unicef-promovem-oficina-de-combate-ao-racismo-estrutural-na-infancia\/\",\"url\":\"https:\/\/www.manaus.am.gov.br\/semasc\/prefeitura-e-unicef-promovem-oficina-de-combate-ao-racismo-estrutural-na-infancia\/\",\"name\":\"Prefeitura e Unicef promovem oficina de combate ao racismo estrutural na inf\u00e2ncia\",\"isPartOf\":{\"@id\":\"https:\/\/www.manaus.am.gov.br\/semasc\/#website\"},\"primaryImageOfPage\":{\"@id\":\"https:\/\/www.manaus.am.gov.br\/semasc\/prefeitura-e-unicef-promovem-oficina-de-combate-ao-racismo-estrutural-na-infancia\/#primaryimage\"},\"image\":{\"@id\":\"https:\/\/www.manaus.am.gov.br\/semasc\/prefeitura-e-unicef-promovem-oficina-de-combate-ao-racismo-estrutural-na-infancia\/#primaryimage\"},\"thumbnailUrl\":\"https:\/\/www.manaus.am.gov.br\/semasc\/wp-content\/uploads\/sites\/17\/2023\/05\/52925522330_eb7502b1ee_c.jpg\",\"datePublished\":\"2023-05-25T19:13:30+00:00\",\"dateModified\":\"2023-05-25T19:13:31+00:00\",\"description\":\"Parte da iniciativa #AgendaCidadeUnicef, a Prefeitura de Manaus, por meio da Secretaria Municipal da Mulher, Assist\u00eancia Social e Cidadania (Semasc), e o Fundo das Na\u00e7\u00f5es Unidas para a Inf\u00e2ncia (Unicef), promoveram, nesta quinta-feira, 25\/5, a oficina \u201cCaminhos para uma Primeira Inf\u00e2ncia Antirracista em Manaus\u201d.\",\"breadcrumb\":{\"@id\":\"https:\/\/www.manaus.am.gov.br\/semasc\/prefeitura-e-unicef-promovem-oficina-de-combate-ao-racismo-estrutural-na-infancia\/#breadcrumb\"},\"inLanguage\":\"pt-BR\",\"potentialAction\":[{\"@type\":\"ReadAction\",\"target\":[\"https:\/\/www.manaus.am.gov.br\/semasc\/prefeitura-e-unicef-promovem-oficina-de-combate-ao-racismo-estrutural-na-infancia\/\"]}]},{\"@type\":\"ImageObject\",\"inLanguage\":\"pt-BR\",\"@id\":\"https:\/\/www.manaus.am.gov.br\/semasc\/prefeitura-e-unicef-promovem-oficina-de-combate-ao-racismo-estrutural-na-infancia\/#primaryimage\",\"url\":\"https:\/\/www.manaus.am.gov.br\/semasc\/wp-content\/uploads\/sites\/17\/2023\/05\/52925522330_eb7502b1ee_c.jpg\",\"contentUrl\":\"https:\/\/www.manaus.am.gov.br\/semasc\/wp-content\/uploads\/sites\/17\/2023\/05\/52925522330_eb7502b1ee_c.jpg\",\"width\":799,\"height\":533},{\"@type\":\"BreadcrumbList\",\"@id\":\"https:\/\/www.manaus.am.gov.br\/semasc\/prefeitura-e-unicef-promovem-oficina-de-combate-ao-racismo-estrutural-na-infancia\/#breadcrumb\",\"itemListElement\":[{\"@type\":\"ListItem\",\"position\":1,\"name\":\"Home\",\"item\":\"https:\/\/www.manaus.am.gov.br\/semasc\/\"},{\"@type\":\"ListItem\",\"position\":2,\"name\":\"Prefeitura e Unicef promovem oficina de combate ao racismo estrutural na inf\u00e2ncia\"}]},{\"@type\":\"WebSite\",\"@id\":\"https:\/\/www.manaus.am.gov.br\/semasc\/#website\",\"url\":\"https:\/\/www.manaus.am.gov.br\/semasc\/\",\"name\":\"SEMASC\",\"description\":\"Secretaria Municipal da Mulher, Assist\u00eancia Social e Cidadania.\",\"publisher\":{\"@id\":\"https:\/\/www.manaus.am.gov.br\/semasc\/#organization\"},\"alternateName\":\"Secretaria Municipal da Mulher, Assist\u00eancia Social e Cidadania\",\"potentialAction\":[{\"@type\":\"SearchAction\",\"target\":{\"@type\":\"EntryPoint\",\"urlTemplate\":\"https:\/\/www.manaus.am.gov.br\/semasc\/?s={search_term_string}\"},\"query-input\":\"required name=search_term_string\"}],\"inLanguage\":\"pt-BR\"},{\"@type\":\"Organization\",\"@id\":\"https:\/\/www.manaus.am.gov.br\/semasc\/#organization\",\"name\":\"Prefeitura de Manaus\",\"alternateName\":\"Prefeitura Municipal de Manaus\",\"url\":\"https:\/\/www.manaus.am.gov.br\/semasc\/\",\"logo\":{\"@type\":\"ImageObject\",\"inLanguage\":\"pt-BR\",\"@id\":\"https:\/\/www.manaus.am.gov.br\/semasc\/#\/schema\/logo\/image\/\",\"url\":\"https:\/\/www.manaus.am.gov.br\/semasc\/wp-content\/uploads\/sites\/17\/2024\/07\/favicon.png\",\"contentUrl\":\"https:\/\/www.manaus.am.gov.br\/semasc\/wp-content\/uploads\/sites\/17\/2024\/07\/favicon.png\",\"width\":300,\"height\":300,\"caption\":\"Prefeitura de Manaus\"},\"image\":{\"@id\":\"https:\/\/www.manaus.am.gov.br\/semasc\/#\/schema\/logo\/image\/\"},\"sameAs\":[\"https:\/\/www.facebook.com\/semascmanaus\",\"https:\/\/www.instagram.com\/semascmanaus\/\"]},{\"@type\":\"Person\",\"@id\":\"https:\/\/www.manaus.am.gov.br\/semasc\/#\/schema\/person\/4e49f4e267757a06ca072ec61b2b9968\",\"name\":\"Adriana Costa\",\"image\":{\"@type\":\"ImageObject\",\"inLanguage\":\"pt-BR\",\"@id\":\"https:\/\/www.manaus.am.gov.br\/semasc\/#\/schema\/person\/image\/\",\"url\":\"https:\/\/secure.gravatar.com\/avatar\/576258617ef7194f718179e766d57bd4?s=96&d=mm&r=g\",\"contentUrl\":\"https:\/\/secure.gravatar.com\/avatar\/576258617ef7194f718179e766d57bd4?s=96&d=mm&r=g\",\"caption\":\"Adriana Costa\"}}]}<\/script>\n<!-- \/ Yoast SEO plugin. -->","yoast_head_json":{"title":"Prefeitura e Unicef promovem oficina de combate ao racismo estrutural na inf\u00e2ncia","description":"Parte da iniciativa #AgendaCidadeUnicef, a Prefeitura de Manaus, por meio da Secretaria Municipal da Mulher, Assist\u00eancia Social e Cidadania (Semasc), e o Fundo das Na\u00e7\u00f5es Unidas para a Inf\u00e2ncia (Unicef), promoveram, nesta quinta-feira, 25\/5, a oficina \u201cCaminhos para uma Primeira Inf\u00e2ncia Antirracista em Manaus\u201d.","robots":{"index":"noindex","follow":"follow"},"og_locale":"pt_BR","og_type":"article","og_title":"Prefeitura e Unicef promovem oficina de combate ao racismo estrutural na inf\u00e2ncia","og_description":"Parte da iniciativa #AgendaCidadeUnicef, a Prefeitura de Manaus, por meio da Secretaria Municipal da Mulher, Assist\u00eancia Social e Cidadania (Semasc), e o Fundo das Na\u00e7\u00f5es Unidas para a Inf\u00e2ncia (Unicef), promoveram, nesta quinta-feira, 25\/5, a oficina \u201cCaminhos para uma Primeira Inf\u00e2ncia Antirracista em Manaus\u201d.","og_url":"https:\/\/www.manaus.am.gov.br\/semasc\/prefeitura-e-unicef-promovem-oficina-de-combate-ao-racismo-estrutural-na-infancia\/","og_site_name":"SEMASC","article_publisher":"https:\/\/www.facebook.com\/semascmanaus","article_published_time":"2023-05-25T19:13:30+00:00","article_modified_time":"2023-05-25T19:13:31+00:00","og_image":[{"width":799,"height":533,"url":"https:\/\/www.manaus.am.gov.br\/semasc\/wp-content\/uploads\/sites\/17\/2023\/05\/52925522330_eb7502b1ee_c.jpg","type":"image\/jpeg"}],"author":"Adriana Costa","twitter_card":"summary_large_image","twitter_misc":{"Written by":"Adriana Costa","Est. reading time":"5 minutos"},"schema":{"@context":"https:\/\/schema.org","@graph":[{"@type":"Article","@id":"https:\/\/www.manaus.am.gov.br\/semasc\/prefeitura-e-unicef-promovem-oficina-de-combate-ao-racismo-estrutural-na-infancia\/#article","isPartOf":{"@id":"https:\/\/www.manaus.am.gov.br\/semasc\/prefeitura-e-unicef-promovem-oficina-de-combate-ao-racismo-estrutural-na-infancia\/"},"author":{"name":"Adriana Costa","@id":"https:\/\/www.manaus.am.gov.br\/semasc\/#\/schema\/person\/4e49f4e267757a06ca072ec61b2b9968"},"headline":"Prefeitura e Unicef promovem oficina de combate ao racismo estrutural na inf\u00e2ncia","datePublished":"2023-05-25T19:13:30+00:00","dateModified":"2023-05-25T19:13:31+00:00","mainEntityOfPage":{"@id":"https:\/\/www.manaus.am.gov.br\/semasc\/prefeitura-e-unicef-promovem-oficina-de-combate-ao-racismo-estrutural-na-infancia\/"},"wordCount":843,"publisher":{"@id":"https:\/\/www.manaus.am.gov.br\/semasc\/#organization"},"image":{"@id":"https:\/\/www.manaus.am.gov.br\/semasc\/prefeitura-e-unicef-promovem-oficina-de-combate-ao-racismo-estrutural-na-infancia\/#primaryimage"},"thumbnailUrl":"https:\/\/www.manaus.am.gov.br\/semasc\/wp-content\/uploads\/sites\/17\/2023\/05\/52925522330_eb7502b1ee_c.jpg","keywords":["capacita\u00e7\u00e3o","oficina","prefeitura de manaus","primeira inf\u00e2ncia","racismo estrutural","Semasc"],"articleSection":["Capacita\u00e7\u00e3o"],"inLanguage":"pt-BR"},{"@type":"WebPage","@id":"https:\/\/www.manaus.am.gov.br\/semasc\/prefeitura-e-unicef-promovem-oficina-de-combate-ao-racismo-estrutural-na-infancia\/","url":"https:\/\/www.manaus.am.gov.br\/semasc\/prefeitura-e-unicef-promovem-oficina-de-combate-ao-racismo-estrutural-na-infancia\/","name":"Prefeitura e Unicef promovem oficina de combate ao racismo estrutural na inf\u00e2ncia","isPartOf":{"@id":"https:\/\/www.manaus.am.gov.br\/semasc\/#website"},"primaryImageOfPage":{"@id":"https:\/\/www.manaus.am.gov.br\/semasc\/prefeitura-e-unicef-promovem-oficina-de-combate-ao-racismo-estrutural-na-infancia\/#primaryimage"},"image":{"@id":"https:\/\/www.manaus.am.gov.br\/semasc\/prefeitura-e-unicef-promovem-oficina-de-combate-ao-racismo-estrutural-na-infancia\/#primaryimage"},"thumbnailUrl":"https:\/\/www.manaus.am.gov.br\/semasc\/wp-content\/uploads\/sites\/17\/2023\/05\/52925522330_eb7502b1ee_c.jpg","datePublished":"2023-05-25T19:13:30+00:00","dateModified":"2023-05-25T19:13:31+00:00","description":"Parte da iniciativa #AgendaCidadeUnicef, a Prefeitura de Manaus, por meio da Secretaria Municipal da Mulher, Assist\u00eancia Social e Cidadania (Semasc), e o Fundo das Na\u00e7\u00f5es Unidas para a Inf\u00e2ncia (Unicef), promoveram, nesta quinta-feira, 25\/5, a oficina \u201cCaminhos para uma Primeira Inf\u00e2ncia Antirracista em Manaus\u201d.","breadcrumb":{"@id":"https:\/\/www.manaus.am.gov.br\/semasc\/prefeitura-e-unicef-promovem-oficina-de-combate-ao-racismo-estrutural-na-infancia\/#breadcrumb"},"inLanguage":"pt-BR","potentialAction":[{"@type":"ReadAction","target":["https:\/\/www.manaus.am.gov.br\/semasc\/prefeitura-e-unicef-promovem-oficina-de-combate-ao-racismo-estrutural-na-infancia\/"]}]},{"@type":"ImageObject","inLanguage":"pt-BR","@id":"https:\/\/www.manaus.am.gov.br\/semasc\/prefeitura-e-unicef-promovem-oficina-de-combate-ao-racismo-estrutural-na-infancia\/#primaryimage","url":"https:\/\/www.manaus.am.gov.br\/semasc\/wp-content\/uploads\/sites\/17\/2023\/05\/52925522330_eb7502b1ee_c.jpg","contentUrl":"https:\/\/www.manaus.am.gov.br\/semasc\/wp-content\/uploads\/sites\/17\/2023\/05\/52925522330_eb7502b1ee_c.jpg","width":799,"height":533},{"@type":"BreadcrumbList","@id":"https:\/\/www.manaus.am.gov.br\/semasc\/prefeitura-e-unicef-promovem-oficina-de-combate-ao-racismo-estrutural-na-infancia\/#breadcrumb","itemListElement":[{"@type":"ListItem","position":1,"name":"Home","item":"https:\/\/www.manaus.am.gov.br\/semasc\/"},{"@type":"ListItem","position":2,"name":"Prefeitura e Unicef promovem oficina de combate ao racismo estrutural na inf\u00e2ncia"}]},{"@type":"WebSite","@id":"https:\/\/www.manaus.am.gov.br\/semasc\/#website","url":"https:\/\/www.manaus.am.gov.br\/semasc\/","name":"SEMASC","description":"Secretaria Municipal da Mulher, Assist\u00eancia Social e Cidadania.","publisher":{"@id":"https:\/\/www.manaus.am.gov.br\/semasc\/#organization"},"alternateName":"Secretaria Municipal da Mulher, Assist\u00eancia Social e Cidadania","potentialAction":[{"@type":"SearchAction","target":{"@type":"EntryPoint","urlTemplate":"https:\/\/www.manaus.am.gov.br\/semasc\/?s={search_term_string}"},"query-input":"required name=search_term_string"}],"inLanguage":"pt-BR"},{"@type":"Organization","@id":"https:\/\/www.manaus.am.gov.br\/semasc\/#organization","name":"Prefeitura de Manaus","alternateName":"Prefeitura Municipal de Manaus","url":"https:\/\/www.manaus.am.gov.br\/semasc\/","logo":{"@type":"ImageObject","inLanguage":"pt-BR","@id":"https:\/\/www.manaus.am.gov.br\/semasc\/#\/schema\/logo\/image\/","url":"https:\/\/www.manaus.am.gov.br\/semasc\/wp-content\/uploads\/sites\/17\/2024\/07\/favicon.png","contentUrl":"https:\/\/www.manaus.am.gov.br\/semasc\/wp-content\/uploads\/sites\/17\/2024\/07\/favicon.png","width":300,"height":300,"caption":"Prefeitura de Manaus"},"image":{"@id":"https:\/\/www.manaus.am.gov.br\/semasc\/#\/schema\/logo\/image\/"},"sameAs":["https:\/\/www.facebook.com\/semascmanaus","https:\/\/www.instagram.com\/semascmanaus\/"]},{"@type":"Person","@id":"https:\/\/www.manaus.am.gov.br\/semasc\/#\/schema\/person\/4e49f4e267757a06ca072ec61b2b9968","name":"Adriana Costa","image":{"@type":"ImageObject","inLanguage":"pt-BR","@id":"https:\/\/www.manaus.am.gov.br\/semasc\/#\/schema\/person\/image\/","url":"https:\/\/secure.gravatar.com\/avatar\/576258617ef7194f718179e766d57bd4?s=96&d=mm&r=g","contentUrl":"https:\/\/secure.gravatar.com\/avatar\/576258617ef7194f718179e766d57bd4?s=96&d=mm&r=g","caption":"Adriana Costa"}}]}},"_links":{"self":[{"href":"https:\/\/www.manaus.am.gov.br\/semasc\/wp-json\/wp\/v2\/posts\/207631"}],"collection":[{"href":"https:\/\/www.manaus.am.gov.br\/semasc\/wp-json\/wp\/v2\/posts"}],"about":[{"href":"https:\/\/www.manaus.am.gov.br\/semasc\/wp-json\/wp\/v2\/types\/post"}],"author":[{"embeddable":true,"href":"https:\/\/www.manaus.am.gov.br\/semasc\/wp-json\/wp\/v2\/users\/23"}],"replies":[{"embeddable":true,"href":"https:\/\/www.manaus.am.gov.br\/semasc\/wp-json\/wp\/v2\/comments?post=207631"}],"version-history":[{"count":0,"href":"https:\/\/www.manaus.am.gov.br\/semasc\/wp-json\/wp\/v2\/posts\/207631\/revisions"}],"wp:featuredmedia":[{"embeddable":true,"href":"https:\/\/www.manaus.am.gov.br\/semasc\/wp-json\/wp\/v2\/media\/207632"}],"wp:attachment":[{"href":"https:\/\/www.manaus.am.gov.br\/semasc\/wp-json\/wp\/v2\/media?parent=207631"}],"wp:term":[{"taxonomy":"category","embeddable":true,"href":"https:\/\/www.manaus.am.gov.br\/semasc\/wp-json\/wp\/v2\/categories?post=207631"},{"taxonomy":"post_tag","embeddable":true,"href":"https:\/\/www.manaus.am.gov.br\/semasc\/wp-json\/wp\/v2\/tags?post=207631"}],"curies":[{"name":"wp","href":"https:\/\/api.w.org\/{rel}","templated":true}]}}