{"id":207627,"date":"2023-05-24T18:03:31","date_gmt":"2023-05-24T22:03:31","guid":{"rendered":"https:\/\/www.manaus.am.gov.br\/semasc\/cmdca-corrige-informacao-errada-referente-a-domicilios-eleitorais-para-as-eleicoes-de-conselheiros-tutelares\/"},"modified":"2023-05-24T18:03:33","modified_gmt":"2023-05-24T22:03:33","slug":"cmdca-corrige-informacao-errada-referente-a-domicilios-eleitorais-para-as-eleicoes-de-conselheiros-tutelares","status":"publish","type":"post","link":"https:\/\/www.manaus.am.gov.br\/semasc\/cmdca-corrige-informacao-errada-referente-a-domicilios-eleitorais-para-as-eleicoes-de-conselheiros-tutelares\/","title":{"rendered":"<strong>CMDCA corrige informa\u00e7\u00e3o errada referente a domic\u00edlios eleitorais para as elei\u00e7\u00f5es de conselheiros tutelares<\/strong>"},"content":{"rendered":"\n<p>A Prefeitura de Manaus, por meio da Secretaria Municipal da Mulher, Assist\u00eancia Social e Cidadania (Semasc) e o Conselho Municipal dos Direitos da Crian\u00e7a e do Adolescente (CMDCA), corrigem a informa\u00e7\u00e3o publicada na \u00faltima ter\u00e7a-feira, 23\/5, referente \u00e0s atualiza\u00e7\u00f5es cadastrais de domic\u00edlios eleitorais para a elei\u00e7\u00e3o dos novos Conselheiros Tutelares da capital amazonense.<\/p>\n\n\n\n<p>Diferentemente do que foi publicado, a atualiza\u00e7\u00e3o do domic\u00edlio eleitoral para o pleito deste ano n\u00e3o ocorrer\u00e1 baseando-se apenas no desejo do eleitor de eleger seu candidato de prefer\u00eancia mesmo que este concorra em uma zona eleitoral diferente, mas sim conforme a \u00e1rea de resid\u00eancia atual do eleitor.<\/p>\n\n\n\n<p>Assim, eleitores com o domic\u00edlio eleitoral desatualizado, caso queiram votar nos candidatos de sua regi\u00e3o, dever\u00e3o se apresentar \u00e0 sede do Tribunal Regional Eleitoral do Amazonas (TRE-AM), localizada na avenida Andr\u00e9 Ara\u00fajo, no bairro Aleixo, zona Centro-Sul da cidade, portando a Carteira de Identidade (RG), Cadastro de Pessoa F\u00edsica (CPF) e comprovante de resid\u00eancia, a fim de atualizar a informa\u00e7\u00e3o e garantir o voto apenas aos candidatos atuantes em suas zonas eleitorais atuais.<\/p>\n\n\n\n<p>\u201cO conceito de um domic\u00edlio eleitoral \u00e9 pensado justamente para que o cidad\u00e3o possa eleger candidatos que atuam dentro de suas comunidades, pr\u00f3ximo a sua realidade como um todo. \u00c9 atualizando o cadastro eleitoral que o eleitor pode votar no candidato que realmente trabalha e faz a diferen\u00e7a dentro daquela regi\u00e3o. Sem a atualiza\u00e7\u00e3o, o eleitor se ver\u00e1 for\u00e7ado a escolher entre candidatos dos quais ele n\u00e3o conhece verdadeiramente o trabalho, e n\u00e3o \u00e9 isso que queremos\u201d, explicou a presidente do CMDCA e subsecret\u00e1ria de Pol\u00edticas Afirmativas para Mulheres e Direitos Humanos, Gra\u00e7a Prola.<\/p>\n\n\n\n<p>O per\u00edodo para a atualiza\u00e7\u00e3o do cadastro eleitoral inicia-se na pr\u00f3xima sexta-feira, 26\/5, e seguir\u00e1 aberto at\u00e9 o dia 30\/6.<\/p>\n\n\n\n<p>&#8212; &#8212; &#8212;<\/p>\n\n\n\n<p><strong>Texto<\/strong> &#8211; Guilherme Ara\u00fajo Pacheco \/ Semasc<\/p>\n\n\n\n<p><strong>Foto \u2013 <\/strong>Marcely Gomes \/ Arquivo Semasc<\/p>\n","protected":false},"excerpt":{"rendered":"","protected":false},"author":39,"featured_media":207628,"comment_status":"closed","ping_status":"closed","sticky":false,"template":"","format":"standard","meta":{"footnotes":""},"categories":[66],"tags":[67,68,69,70],"acf":[],"yoast_head":"<!-- This site is optimized with the Yoast SEO plugin v23.0 - https:\/\/yoast.com\/wordpress\/plugins\/seo\/ -->\n<title>CMDCA corrige informa\u00e7\u00e3o errada referente a domic\u00edlios eleitorais para as elei\u00e7\u00f5es de conselheiros tutelares<\/title>\n<meta name=\"description\" content=\"A Prefeitura de Manaus, por meio da Secretaria Municipal da Mulher, Assist\u00eancia Social e Cidadania (Semasc) e o Conselho Municipal dos Direitos da Crian\u00e7a e do Adolescente (CMDCA), corrigem a informa\u00e7\u00e3o publicada na \u00faltima ter\u00e7a-feira, 23\/5, referente \u00e0s atualiza\u00e7\u00f5es cadastrais de domic\u00edlios eleitorais para a elei\u00e7\u00e3o dos novos Conselheiros Tutelares da capital amazonense.\" \/>\n<meta name=\"robots\" content=\"noindex, follow\" \/>\n<meta property=\"og:locale\" content=\"pt_BR\" \/>\n<meta property=\"og:type\" content=\"article\" \/>\n<meta property=\"og:title\" content=\"CMDCA corrige informa\u00e7\u00e3o errada referente a domic\u00edlios eleitorais para as elei\u00e7\u00f5es de conselheiros tutelares\" \/>\n<meta property=\"og:description\" content=\"A Prefeitura de Manaus, por meio da Secretaria Municipal da Mulher, Assist\u00eancia Social e Cidadania (Semasc) e o Conselho Municipal dos Direitos da Crian\u00e7a e do Adolescente (CMDCA), corrigem a informa\u00e7\u00e3o publicada na \u00faltima ter\u00e7a-feira, 23\/5, referente \u00e0s atualiza\u00e7\u00f5es cadastrais de domic\u00edlios eleitorais para a elei\u00e7\u00e3o dos novos Conselheiros Tutelares da capital amazonense.\" \/>\n<meta property=\"og:url\" content=\"https:\/\/www.manaus.am.gov.br\/semasc\/cmdca-corrige-informacao-errada-referente-a-domicilios-eleitorais-para-as-eleicoes-de-conselheiros-tutelares\/\" \/>\n<meta property=\"og:site_name\" content=\"SEMASC\" \/>\n<meta property=\"article:publisher\" content=\"https:\/\/www.facebook.com\/semascmanaus\" \/>\n<meta property=\"article:published_time\" content=\"2023-05-24T22:03:31+00:00\" \/>\n<meta property=\"article:modified_time\" content=\"2023-05-24T22:03:33+00:00\" \/>\n<meta property=\"og:image\" content=\"https:\/\/www.manaus.am.gov.br\/semasc\/wp-content\/uploads\/sites\/17\/2023\/05\/52825084655_c9f99ba4d2_k.jpg\" \/>\n\t<meta property=\"og:image:width\" content=\"2048\" \/>\n\t<meta property=\"og:image:height\" content=\"1365\" \/>\n\t<meta property=\"og:image:type\" content=\"image\/jpeg\" \/>\n<meta name=\"author\" content=\"Bruna Greco\" \/>\n<meta name=\"twitter:card\" content=\"summary_large_image\" \/>\n<meta name=\"twitter:label1\" content=\"Written by\" \/>\n\t<meta name=\"twitter:data1\" content=\"Bruna Greco\" \/>\n\t<meta name=\"twitter:label2\" content=\"Est. reading time\" \/>\n\t<meta name=\"twitter:data2\" content=\"2 minutos\" \/>\n<script type=\"application\/ld+json\" class=\"yoast-schema-graph\">{\"@context\":\"https:\/\/schema.org\",\"@graph\":[{\"@type\":\"Article\",\"@id\":\"https:\/\/www.manaus.am.gov.br\/semasc\/cmdca-corrige-informacao-errada-referente-a-domicilios-eleitorais-para-as-eleicoes-de-conselheiros-tutelares\/#article\",\"isPartOf\":{\"@id\":\"https:\/\/www.manaus.am.gov.br\/semasc\/cmdca-corrige-informacao-errada-referente-a-domicilios-eleitorais-para-as-eleicoes-de-conselheiros-tutelares\/\"},\"author\":{\"name\":\"Bruna Greco\",\"@id\":\"https:\/\/www.manaus.am.gov.br\/semasc\/#\/schema\/person\/05d223aea2bf115f9883a6ff3683d81b\"},\"headline\":\"CMDCA corrige informa\u00e7\u00e3o errada referente a domic\u00edlios eleitorais para as elei\u00e7\u00f5es de conselheiros tutelares\",\"datePublished\":\"2023-05-24T22:03:31+00:00\",\"dateModified\":\"2023-05-24T22:03:33+00:00\",\"mainEntityOfPage\":{\"@id\":\"https:\/\/www.manaus.am.gov.br\/semasc\/cmdca-corrige-informacao-errada-referente-a-domicilios-eleitorais-para-as-eleicoes-de-conselheiros-tutelares\/\"},\"wordCount\":347,\"publisher\":{\"@id\":\"https:\/\/www.manaus.am.gov.br\/semasc\/#organization\"},\"image\":{\"@id\":\"https:\/\/www.manaus.am.gov.br\/semasc\/cmdca-corrige-informacao-errada-referente-a-domicilios-eleitorais-para-as-eleicoes-de-conselheiros-tutelares\/#primaryimage\"},\"thumbnailUrl\":\"https:\/\/www.manaus.am.gov.br\/semasc\/wp-content\/uploads\/sites\/17\/2023\/05\/52825084655_c9f99ba4d2_k.jpg\",\"keywords\":[\"CMDCA\",\"corrige informa\u00e7\u00e3o\",\"domic\u00edlios eleitorais\",\"elei\u00e7\u00f5es de conselheiros tutelares\"],\"articleSection\":[\"Conselho\"],\"inLanguage\":\"pt-BR\"},{\"@type\":\"WebPage\",\"@id\":\"https:\/\/www.manaus.am.gov.br\/semasc\/cmdca-corrige-informacao-errada-referente-a-domicilios-eleitorais-para-as-eleicoes-de-conselheiros-tutelares\/\",\"url\":\"https:\/\/www.manaus.am.gov.br\/semasc\/cmdca-corrige-informacao-errada-referente-a-domicilios-eleitorais-para-as-eleicoes-de-conselheiros-tutelares\/\",\"name\":\"CMDCA corrige informa\u00e7\u00e3o errada referente a domic\u00edlios eleitorais para as elei\u00e7\u00f5es de conselheiros tutelares\",\"isPartOf\":{\"@id\":\"https:\/\/www.manaus.am.gov.br\/semasc\/#website\"},\"primaryImageOfPage\":{\"@id\":\"https:\/\/www.manaus.am.gov.br\/semasc\/cmdca-corrige-informacao-errada-referente-a-domicilios-eleitorais-para-as-eleicoes-de-conselheiros-tutelares\/#primaryimage\"},\"image\":{\"@id\":\"https:\/\/www.manaus.am.gov.br\/semasc\/cmdca-corrige-informacao-errada-referente-a-domicilios-eleitorais-para-as-eleicoes-de-conselheiros-tutelares\/#primaryimage\"},\"thumbnailUrl\":\"https:\/\/www.manaus.am.gov.br\/semasc\/wp-content\/uploads\/sites\/17\/2023\/05\/52825084655_c9f99ba4d2_k.jpg\",\"datePublished\":\"2023-05-24T22:03:31+00:00\",\"dateModified\":\"2023-05-24T22:03:33+00:00\",\"description\":\"A Prefeitura de Manaus, por meio da Secretaria Municipal da Mulher, Assist\u00eancia Social e Cidadania (Semasc) e o Conselho Municipal dos Direitos da Crian\u00e7a e do Adolescente (CMDCA), corrigem a informa\u00e7\u00e3o publicada na \u00faltima ter\u00e7a-feira, 23\/5, referente \u00e0s atualiza\u00e7\u00f5es cadastrais de domic\u00edlios eleitorais para a elei\u00e7\u00e3o dos novos Conselheiros Tutelares da capital amazonense.\",\"breadcrumb\":{\"@id\":\"https:\/\/www.manaus.am.gov.br\/semasc\/cmdca-corrige-informacao-errada-referente-a-domicilios-eleitorais-para-as-eleicoes-de-conselheiros-tutelares\/#breadcrumb\"},\"inLanguage\":\"pt-BR\",\"potentialAction\":[{\"@type\":\"ReadAction\",\"target\":[\"https:\/\/www.manaus.am.gov.br\/semasc\/cmdca-corrige-informacao-errada-referente-a-domicilios-eleitorais-para-as-eleicoes-de-conselheiros-tutelares\/\"]}]},{\"@type\":\"ImageObject\",\"inLanguage\":\"pt-BR\",\"@id\":\"https:\/\/www.manaus.am.gov.br\/semasc\/cmdca-corrige-informacao-errada-referente-a-domicilios-eleitorais-para-as-eleicoes-de-conselheiros-tutelares\/#primaryimage\",\"url\":\"https:\/\/www.manaus.am.gov.br\/semasc\/wp-content\/uploads\/sites\/17\/2023\/05\/52825084655_c9f99ba4d2_k.jpg\",\"contentUrl\":\"https:\/\/www.manaus.am.gov.br\/semasc\/wp-content\/uploads\/sites\/17\/2023\/05\/52825084655_c9f99ba4d2_k.jpg\",\"width\":2048,\"height\":1365},{\"@type\":\"BreadcrumbList\",\"@id\":\"https:\/\/www.manaus.am.gov.br\/semasc\/cmdca-corrige-informacao-errada-referente-a-domicilios-eleitorais-para-as-eleicoes-de-conselheiros-tutelares\/#breadcrumb\",\"itemListElement\":[{\"@type\":\"ListItem\",\"position\":1,\"name\":\"Home\",\"item\":\"https:\/\/www.manaus.am.gov.br\/semasc\/\"},{\"@type\":\"ListItem\",\"position\":2,\"name\":\"CMDCA corrige informa\u00e7\u00e3o errada referente a domic\u00edlios eleitorais para as elei\u00e7\u00f5es de conselheiros tutelares\"}]},{\"@type\":\"WebSite\",\"@id\":\"https:\/\/www.manaus.am.gov.br\/semasc\/#website\",\"url\":\"https:\/\/www.manaus.am.gov.br\/semasc\/\",\"name\":\"SEMASC\",\"description\":\"Secretaria Municipal da Mulher, Assist\u00eancia Social e Cidadania.\",\"publisher\":{\"@id\":\"https:\/\/www.manaus.am.gov.br\/semasc\/#organization\"},\"alternateName\":\"Secretaria Municipal da Mulher, Assist\u00eancia Social e Cidadania\",\"potentialAction\":[{\"@type\":\"SearchAction\",\"target\":{\"@type\":\"EntryPoint\",\"urlTemplate\":\"https:\/\/www.manaus.am.gov.br\/semasc\/?s={search_term_string}\"},\"query-input\":\"required name=search_term_string\"}],\"inLanguage\":\"pt-BR\"},{\"@type\":\"Organization\",\"@id\":\"https:\/\/www.manaus.am.gov.br\/semasc\/#organization\",\"name\":\"Prefeitura de Manaus\",\"alternateName\":\"Prefeitura Municipal de Manaus\",\"url\":\"https:\/\/www.manaus.am.gov.br\/semasc\/\",\"logo\":{\"@type\":\"ImageObject\",\"inLanguage\":\"pt-BR\",\"@id\":\"https:\/\/www.manaus.am.gov.br\/semasc\/#\/schema\/logo\/image\/\",\"url\":\"https:\/\/www.manaus.am.gov.br\/semasc\/wp-content\/uploads\/sites\/17\/2024\/07\/favicon.png\",\"contentUrl\":\"https:\/\/www.manaus.am.gov.br\/semasc\/wp-content\/uploads\/sites\/17\/2024\/07\/favicon.png\",\"width\":300,\"height\":300,\"caption\":\"Prefeitura de Manaus\"},\"image\":{\"@id\":\"https:\/\/www.manaus.am.gov.br\/semasc\/#\/schema\/logo\/image\/\"},\"sameAs\":[\"https:\/\/www.facebook.com\/semascmanaus\",\"https:\/\/www.instagram.com\/semascmanaus\/\"]},{\"@type\":\"Person\",\"@id\":\"https:\/\/www.manaus.am.gov.br\/semasc\/#\/schema\/person\/05d223aea2bf115f9883a6ff3683d81b\",\"name\":\"Bruna Greco\",\"image\":{\"@type\":\"ImageObject\",\"inLanguage\":\"pt-BR\",\"@id\":\"https:\/\/www.manaus.am.gov.br\/semasc\/#\/schema\/person\/image\/\",\"url\":\"https:\/\/secure.gravatar.com\/avatar\/9c877d1a6adc2a055330e5c09a8653ce?s=96&d=mm&r=g\",\"contentUrl\":\"https:\/\/secure.gravatar.com\/avatar\/9c877d1a6adc2a055330e5c09a8653ce?s=96&d=mm&r=g\",\"caption\":\"Bruna Greco\"}}]}<\/script>\n<!-- \/ Yoast SEO plugin. -->","yoast_head_json":{"title":"CMDCA corrige informa\u00e7\u00e3o errada referente a domic\u00edlios eleitorais para as elei\u00e7\u00f5es de conselheiros tutelares","description":"A Prefeitura de Manaus, por meio da Secretaria Municipal da Mulher, Assist\u00eancia Social e Cidadania (Semasc) e o Conselho Municipal dos Direitos da Crian\u00e7a e do Adolescente (CMDCA), corrigem a informa\u00e7\u00e3o publicada na \u00faltima ter\u00e7a-feira, 23\/5, referente \u00e0s atualiza\u00e7\u00f5es cadastrais de domic\u00edlios eleitorais para a elei\u00e7\u00e3o dos novos Conselheiros Tutelares da capital amazonense.","robots":{"index":"noindex","follow":"follow"},"og_locale":"pt_BR","og_type":"article","og_title":"CMDCA corrige informa\u00e7\u00e3o errada referente a domic\u00edlios eleitorais para as elei\u00e7\u00f5es de conselheiros tutelares","og_description":"A Prefeitura de Manaus, por meio da Secretaria Municipal da Mulher, Assist\u00eancia Social e Cidadania (Semasc) e o Conselho Municipal dos Direitos da Crian\u00e7a e do Adolescente (CMDCA), corrigem a informa\u00e7\u00e3o publicada na \u00faltima ter\u00e7a-feira, 23\/5, referente \u00e0s atualiza\u00e7\u00f5es cadastrais de domic\u00edlios eleitorais para a elei\u00e7\u00e3o dos novos Conselheiros Tutelares da capital amazonense.","og_url":"https:\/\/www.manaus.am.gov.br\/semasc\/cmdca-corrige-informacao-errada-referente-a-domicilios-eleitorais-para-as-eleicoes-de-conselheiros-tutelares\/","og_site_name":"SEMASC","article_publisher":"https:\/\/www.facebook.com\/semascmanaus","article_published_time":"2023-05-24T22:03:31+00:00","article_modified_time":"2023-05-24T22:03:33+00:00","og_image":[{"width":2048,"height":1365,"url":"https:\/\/www.manaus.am.gov.br\/semasc\/wp-content\/uploads\/sites\/17\/2023\/05\/52825084655_c9f99ba4d2_k.jpg","type":"image\/jpeg"}],"author":"Bruna Greco","twitter_card":"summary_large_image","twitter_misc":{"Written by":"Bruna Greco","Est. reading time":"2 minutos"},"schema":{"@context":"https:\/\/schema.org","@graph":[{"@type":"Article","@id":"https:\/\/www.manaus.am.gov.br\/semasc\/cmdca-corrige-informacao-errada-referente-a-domicilios-eleitorais-para-as-eleicoes-de-conselheiros-tutelares\/#article","isPartOf":{"@id":"https:\/\/www.manaus.am.gov.br\/semasc\/cmdca-corrige-informacao-errada-referente-a-domicilios-eleitorais-para-as-eleicoes-de-conselheiros-tutelares\/"},"author":{"name":"Bruna Greco","@id":"https:\/\/www.manaus.am.gov.br\/semasc\/#\/schema\/person\/05d223aea2bf115f9883a6ff3683d81b"},"headline":"CMDCA corrige informa\u00e7\u00e3o errada referente a domic\u00edlios eleitorais para as elei\u00e7\u00f5es de conselheiros tutelares","datePublished":"2023-05-24T22:03:31+00:00","dateModified":"2023-05-24T22:03:33+00:00","mainEntityOfPage":{"@id":"https:\/\/www.manaus.am.gov.br\/semasc\/cmdca-corrige-informacao-errada-referente-a-domicilios-eleitorais-para-as-eleicoes-de-conselheiros-tutelares\/"},"wordCount":347,"publisher":{"@id":"https:\/\/www.manaus.am.gov.br\/semasc\/#organization"},"image":{"@id":"https:\/\/www.manaus.am.gov.br\/semasc\/cmdca-corrige-informacao-errada-referente-a-domicilios-eleitorais-para-as-eleicoes-de-conselheiros-tutelares\/#primaryimage"},"thumbnailUrl":"https:\/\/www.manaus.am.gov.br\/semasc\/wp-content\/uploads\/sites\/17\/2023\/05\/52825084655_c9f99ba4d2_k.jpg","keywords":["CMDCA","corrige informa\u00e7\u00e3o","domic\u00edlios eleitorais","elei\u00e7\u00f5es de conselheiros tutelares"],"articleSection":["Conselho"],"inLanguage":"pt-BR"},{"@type":"WebPage","@id":"https:\/\/www.manaus.am.gov.br\/semasc\/cmdca-corrige-informacao-errada-referente-a-domicilios-eleitorais-para-as-eleicoes-de-conselheiros-tutelares\/","url":"https:\/\/www.manaus.am.gov.br\/semasc\/cmdca-corrige-informacao-errada-referente-a-domicilios-eleitorais-para-as-eleicoes-de-conselheiros-tutelares\/","name":"CMDCA corrige informa\u00e7\u00e3o errada referente a domic\u00edlios eleitorais para as elei\u00e7\u00f5es de conselheiros tutelares","isPartOf":{"@id":"https:\/\/www.manaus.am.gov.br\/semasc\/#website"},"primaryImageOfPage":{"@id":"https:\/\/www.manaus.am.gov.br\/semasc\/cmdca-corrige-informacao-errada-referente-a-domicilios-eleitorais-para-as-eleicoes-de-conselheiros-tutelares\/#primaryimage"},"image":{"@id":"https:\/\/www.manaus.am.gov.br\/semasc\/cmdca-corrige-informacao-errada-referente-a-domicilios-eleitorais-para-as-eleicoes-de-conselheiros-tutelares\/#primaryimage"},"thumbnailUrl":"https:\/\/www.manaus.am.gov.br\/semasc\/wp-content\/uploads\/sites\/17\/2023\/05\/52825084655_c9f99ba4d2_k.jpg","datePublished":"2023-05-24T22:03:31+00:00","dateModified":"2023-05-24T22:03:33+00:00","description":"A Prefeitura de Manaus, por meio da Secretaria Municipal da Mulher, Assist\u00eancia Social e Cidadania (Semasc) e o Conselho Municipal dos Direitos da Crian\u00e7a e do Adolescente (CMDCA), corrigem a informa\u00e7\u00e3o publicada na \u00faltima ter\u00e7a-feira, 23\/5, referente \u00e0s atualiza\u00e7\u00f5es cadastrais de domic\u00edlios eleitorais para a elei\u00e7\u00e3o dos novos Conselheiros Tutelares da capital amazonense.","breadcrumb":{"@id":"https:\/\/www.manaus.am.gov.br\/semasc\/cmdca-corrige-informacao-errada-referente-a-domicilios-eleitorais-para-as-eleicoes-de-conselheiros-tutelares\/#breadcrumb"},"inLanguage":"pt-BR","potentialAction":[{"@type":"ReadAction","target":["https:\/\/www.manaus.am.gov.br\/semasc\/cmdca-corrige-informacao-errada-referente-a-domicilios-eleitorais-para-as-eleicoes-de-conselheiros-tutelares\/"]}]},{"@type":"ImageObject","inLanguage":"pt-BR","@id":"https:\/\/www.manaus.am.gov.br\/semasc\/cmdca-corrige-informacao-errada-referente-a-domicilios-eleitorais-para-as-eleicoes-de-conselheiros-tutelares\/#primaryimage","url":"https:\/\/www.manaus.am.gov.br\/semasc\/wp-content\/uploads\/sites\/17\/2023\/05\/52825084655_c9f99ba4d2_k.jpg","contentUrl":"https:\/\/www.manaus.am.gov.br\/semasc\/wp-content\/uploads\/sites\/17\/2023\/05\/52825084655_c9f99ba4d2_k.jpg","width":2048,"height":1365},{"@type":"BreadcrumbList","@id":"https:\/\/www.manaus.am.gov.br\/semasc\/cmdca-corrige-informacao-errada-referente-a-domicilios-eleitorais-para-as-eleicoes-de-conselheiros-tutelares\/#breadcrumb","itemListElement":[{"@type":"ListItem","position":1,"name":"Home","item":"https:\/\/www.manaus.am.gov.br\/semasc\/"},{"@type":"ListItem","position":2,"name":"CMDCA corrige informa\u00e7\u00e3o errada referente a domic\u00edlios eleitorais para as elei\u00e7\u00f5es de conselheiros tutelares"}]},{"@type":"WebSite","@id":"https:\/\/www.manaus.am.gov.br\/semasc\/#website","url":"https:\/\/www.manaus.am.gov.br\/semasc\/","name":"SEMASC","description":"Secretaria Municipal da Mulher, Assist\u00eancia Social e Cidadania.","publisher":{"@id":"https:\/\/www.manaus.am.gov.br\/semasc\/#organization"},"alternateName":"Secretaria Municipal da Mulher, Assist\u00eancia Social e Cidadania","potentialAction":[{"@type":"SearchAction","target":{"@type":"EntryPoint","urlTemplate":"https:\/\/www.manaus.am.gov.br\/semasc\/?s={search_term_string}"},"query-input":"required name=search_term_string"}],"inLanguage":"pt-BR"},{"@type":"Organization","@id":"https:\/\/www.manaus.am.gov.br\/semasc\/#organization","name":"Prefeitura de Manaus","alternateName":"Prefeitura Municipal de Manaus","url":"https:\/\/www.manaus.am.gov.br\/semasc\/","logo":{"@type":"ImageObject","inLanguage":"pt-BR","@id":"https:\/\/www.manaus.am.gov.br\/semasc\/#\/schema\/logo\/image\/","url":"https:\/\/www.manaus.am.gov.br\/semasc\/wp-content\/uploads\/sites\/17\/2024\/07\/favicon.png","contentUrl":"https:\/\/www.manaus.am.gov.br\/semasc\/wp-content\/uploads\/sites\/17\/2024\/07\/favicon.png","width":300,"height":300,"caption":"Prefeitura de Manaus"},"image":{"@id":"https:\/\/www.manaus.am.gov.br\/semasc\/#\/schema\/logo\/image\/"},"sameAs":["https:\/\/www.facebook.com\/semascmanaus","https:\/\/www.instagram.com\/semascmanaus\/"]},{"@type":"Person","@id":"https:\/\/www.manaus.am.gov.br\/semasc\/#\/schema\/person\/05d223aea2bf115f9883a6ff3683d81b","name":"Bruna Greco","image":{"@type":"ImageObject","inLanguage":"pt-BR","@id":"https:\/\/www.manaus.am.gov.br\/semasc\/#\/schema\/person\/image\/","url":"https:\/\/secure.gravatar.com\/avatar\/9c877d1a6adc2a055330e5c09a8653ce?s=96&d=mm&r=g","contentUrl":"https:\/\/secure.gravatar.com\/avatar\/9c877d1a6adc2a055330e5c09a8653ce?s=96&d=mm&r=g","caption":"Bruna Greco"}}]}},"_links":{"self":[{"href":"https:\/\/www.manaus.am.gov.br\/semasc\/wp-json\/wp\/v2\/posts\/207627"}],"collection":[{"href":"https:\/\/www.manaus.am.gov.br\/semasc\/wp-json\/wp\/v2\/posts"}],"about":[{"href":"https:\/\/www.manaus.am.gov.br\/semasc\/wp-json\/wp\/v2\/types\/post"}],"author":[{"embeddable":true,"href":"https:\/\/www.manaus.am.gov.br\/semasc\/wp-json\/wp\/v2\/users\/39"}],"replies":[{"embeddable":true,"href":"https:\/\/www.manaus.am.gov.br\/semasc\/wp-json\/wp\/v2\/comments?post=207627"}],"version-history":[{"count":0,"href":"https:\/\/www.manaus.am.gov.br\/semasc\/wp-json\/wp\/v2\/posts\/207627\/revisions"}],"wp:featuredmedia":[{"embeddable":true,"href":"https:\/\/www.manaus.am.gov.br\/semasc\/wp-json\/wp\/v2\/media\/207628"}],"wp:attachment":[{"href":"https:\/\/www.manaus.am.gov.br\/semasc\/wp-json\/wp\/v2\/media?parent=207627"}],"wp:term":[{"taxonomy":"category","embeddable":true,"href":"https:\/\/www.manaus.am.gov.br\/semasc\/wp-json\/wp\/v2\/categories?post=207627"},{"taxonomy":"post_tag","embeddable":true,"href":"https:\/\/www.manaus.am.gov.br\/semasc\/wp-json\/wp\/v2\/tags?post=207627"}],"curies":[{"name":"wp","href":"https:\/\/api.w.org\/{rel}","templated":true}]}}