{"id":207625,"date":"2023-05-24T14:45:25","date_gmt":"2023-05-24T18:45:25","guid":{"rendered":"https:\/\/www.manaus.am.gov.br\/semasc\/prefeitura-de-manaus-promove-manha-de-convivencia-com-familias-atendidas-pelo-creas\/"},"modified":"2023-05-24T14:45:27","modified_gmt":"2023-05-24T18:45:27","slug":"prefeitura-de-manaus-promove-manha-de-convivencia-com-familias-atendidas-pelo-creas","status":"publish","type":"post","link":"https:\/\/www.manaus.am.gov.br\/semasc\/prefeitura-de-manaus-promove-manha-de-convivencia-com-familias-atendidas-pelo-creas\/","title":{"rendered":"<strong>Prefeitura de Manaus promove manh\u00e3 de conviv\u00eancia com fam\u00edlias atendidas pelo Creas<\/strong>"},"content":{"rendered":"\n<p>Buscando promover atividades que garantam acesso ao lazer, \u00e0 educa\u00e7\u00e3o e \u00e0 cultura \u00e0 popula\u00e7\u00e3o carente do munic\u00edpio, a Prefeitura de Manaus, por meio da Secretaria Municipal da Mulher, Assist\u00eancia Social e Cidadania (Semasc), realizou, nesta quarta-feira, 24\/5, uma manh\u00e3 de conviv\u00eancia com fam\u00edlias referenciadas nos Centros de Refer\u00eancia Especializados de Assist\u00eancia Social (Creas) Sul e Centro-Sul, atendidas pelo Servi\u00e7o de Prote\u00e7\u00e3o e Atendimento Especializado a Fam\u00edlias e Indiv\u00edduos (Paefi).<\/p>\n\n\n\n<p>Ao todo, 15 fam\u00edlias foram convidadas a participar de um passeio pelo Bosque da Ci\u00eancia, espa\u00e7o de visita\u00e7\u00e3o p\u00fablica do Instituto Nacional de Pesquisas da Amaz\u00f4nia (Inpa) e dedicado \u00e0 divulga\u00e7\u00e3o cient\u00edfica, localizado no bairro Petr\u00f3polis, zona Sul de Manaus.<\/p>\n\n\n\n<p>\u201cGrande parte dessas fam\u00edlias \u00e9 venezuelana, ent\u00e3o \u00e9 um momento de conhecimento da flora de nosso Estado, da fauna e at\u00e9 da cultura ao redor dessa realidade em que elas agora est\u00e3o inseridas. \u00c9 um momento muito importante tamb\u00e9m para o processo de acolhimento, pois proporciona uma quebra na rotina dessas fam\u00edlias e ajuda a fortalecer um sentimento comunit\u00e1rio de pertencimento e entendimento do ambiente ao seu redor, parte importante do nosso trabalho\u201d, destacou a gerente do Paefi, K\u00e1tia Batista.<\/p>\n\n\n\n<p>De acordo com a assistente social do Creas Centro-Sul, Irvana G\u00f3es, al\u00e9m de proporcionar o fortalecimento de v\u00ednculos dentro n\u00facleo familiar, entre as fam\u00edlias e o munic\u00edpio em si, o outro grande objetivo em mente \u00e9 elaborar a\u00e7\u00f5es como essa, mirando uma inclus\u00e3o social gradativa e efetiva.<\/p>\n\n\n\n<p>&#8220;\u00c9 por isso que fazemos essa intera\u00e7\u00e3o, para que essas fam\u00edlias possam conhecer melhor espa\u00e7os como este, para que possam ter acesso \u00e0 educa\u00e7\u00e3o, \u00e0 cidadania e ao lazer tamb\u00e9m, algo muito importante para todos, mas principalmente para quem j\u00e1 se encontra em uma situa\u00e7\u00e3o de vulnerabilidade&#8221;, explicou.<\/p>\n\n\n\n<p>Acompanhada do filho durante o passeio, a dona de casa venezuelana A. B. elogiou a iniciativa.&nbsp;\u201cFoi muito bom, \u00e9 um lugar muito agrad\u00e1vel e cheio de coisas que chamaram tanto a minha aten\u00e7\u00e3o quanto a do meu filho. Adoramos de verdade\u201d, afirmou.<\/p>\n\n\n\n<p><strong>Creas<\/strong><\/p>\n\n\n\n<p>Manaus conta com cinco unidades de Creas, que ofertam atendimento especializado a fam\u00edlias e indiv\u00edduos que vivenciam situa\u00e7\u00f5es de vulnerabilidade, com direitos violados, mas cujo os v\u00ednculos familiar e comunit\u00e1rio n\u00e3o foram rompidos, visando a orienta\u00e7\u00e3o e o conv\u00edvio sociofamiliar.&nbsp;<\/p>\n\n\n\n<p>O trabalho \u00e9 realizado por meio do Paefi, que atende casos principalmente relacionados \u00e0 viol\u00eancia f\u00edsica, psicol\u00f3gica e neglig\u00eancia; viol\u00eancia sexual; abuso e\/ou explora\u00e7\u00e3o sexual; afastamento do conv\u00edvio familiar devido a aplica\u00e7\u00e3o de medida de prote\u00e7\u00e3o; abandono; viv\u00eancia de trabalho infantil; discrimina\u00e7\u00e3o em decorr\u00eancia da orienta\u00e7\u00e3o sexual e\/ou ra\u00e7a\/etnia.&nbsp;<\/p>\n\n\n\n<p>&#8212; &#8212; &#8212;&nbsp;<\/p>\n\n\n\n<p><strong>Texto &#8211;<\/strong>&nbsp;Guilherme Ara\u00fajo Pacheco \/ Semasc&nbsp;<\/p>\n\n\n\n<p><strong>Fotos &#8211;&nbsp;<\/strong>Marcely Gomes \/ Semasc<\/p>\n\n\n\n<p><strong>Dispon\u00edveis em &#8211; <\/strong><a href=\"https:\/\/flic.kr\/s\/aHBqjAF9fL\">https:\/\/flic.kr\/s\/aHBqjAF9fL<\/a><\/p>\n","protected":false},"excerpt":{"rendered":"","protected":false},"author":24,"featured_media":207626,"comment_status":"closed","ping_status":"closed","sticky":false,"template":"","format":"standard","meta":{"footnotes":""},"categories":[54],"tags":[55,56,57,58,59,60,61,62,63,64,7,18,65],"acf":[],"yoast_head":"<!-- This site is optimized with the Yoast SEO plugin v23.0 - https:\/\/yoast.com\/wordpress\/plugins\/seo\/ -->\n<title>Prefeitura de Manaus promove manh\u00e3 de conviv\u00eancia com fam\u00edlias atendidas pelo Creas - SEMASC<\/title>\n<meta name=\"description\" content=\"Buscando promover atividades que garantam acesso ao lazer, \u00e0 educa\u00e7\u00e3o e \u00e0 cultura \u00e0 popula\u00e7\u00e3o carente do munic\u00edpio, a Prefeitura de Manaus, por meio da Secretaria Municipal da Mulher, Assist\u00eancia Social e Cidadania (Semasc), realizou, nesta quarta-feira, 24\/5, uma manh\u00e3 de conviv\u00eancia com fam\u00edlias referenciadas nos Centros de Refer\u00eancia Especializados de Assist\u00eancia Social (Creas) Sul e Centro-Sul, atendidas pelo Servi\u00e7o de Prote\u00e7\u00e3o e Atendimento Especializado a Fam\u00edlias e Indiv\u00edduos (Paefi).\" \/>\n<meta name=\"robots\" content=\"noindex, follow\" \/>\n<meta property=\"og:locale\" content=\"pt_BR\" \/>\n<meta property=\"og:type\" content=\"article\" \/>\n<meta property=\"og:title\" content=\"Prefeitura de Manaus promove manh\u00e3 de conviv\u00eancia com fam\u00edlias atendidas pelo Creas - SEMASC\" \/>\n<meta property=\"og:description\" content=\"Buscando promover atividades que garantam acesso ao lazer, \u00e0 educa\u00e7\u00e3o e \u00e0 cultura \u00e0 popula\u00e7\u00e3o carente do munic\u00edpio, a Prefeitura de Manaus, por meio da Secretaria Municipal da Mulher, Assist\u00eancia Social e Cidadania (Semasc), realizou, nesta quarta-feira, 24\/5, uma manh\u00e3 de conviv\u00eancia com fam\u00edlias referenciadas nos Centros de Refer\u00eancia Especializados de Assist\u00eancia Social (Creas) Sul e Centro-Sul, atendidas pelo Servi\u00e7o de Prote\u00e7\u00e3o e Atendimento Especializado a Fam\u00edlias e Indiv\u00edduos (Paefi).\" \/>\n<meta property=\"og:url\" content=\"https:\/\/www.manaus.am.gov.br\/semasc\/prefeitura-de-manaus-promove-manha-de-convivencia-com-familias-atendidas-pelo-creas\/\" \/>\n<meta property=\"og:site_name\" content=\"SEMASC\" \/>\n<meta property=\"article:publisher\" content=\"https:\/\/www.facebook.com\/semascmanaus\" \/>\n<meta property=\"article:published_time\" content=\"2023-05-24T18:45:25+00:00\" \/>\n<meta property=\"article:modified_time\" content=\"2023-05-24T18:45:27+00:00\" \/>\n<meta property=\"og:image\" content=\"https:\/\/www.manaus.am.gov.br\/semasc\/wp-content\/uploads\/sites\/17\/2023\/05\/52922728886_ec03d61d3c_o-scaled.jpg\" \/>\n\t<meta property=\"og:image:width\" content=\"2560\" \/>\n\t<meta property=\"og:image:height\" content=\"1707\" \/>\n\t<meta property=\"og:image:type\" content=\"image\/jpeg\" \/>\n<meta name=\"author\" content=\"Cl\u00e1udia Barbosa\" \/>\n<meta name=\"twitter:card\" content=\"summary_large_image\" \/>\n<meta name=\"twitter:label1\" content=\"Written by\" \/>\n\t<meta name=\"twitter:data1\" content=\"Cl\u00e1udia Barbosa\" \/>\n\t<meta name=\"twitter:label2\" content=\"Est. reading time\" \/>\n\t<meta name=\"twitter:data2\" content=\"3 minutos\" \/>\n<script type=\"application\/ld+json\" class=\"yoast-schema-graph\">{\"@context\":\"https:\/\/schema.org\",\"@graph\":[{\"@type\":\"Article\",\"@id\":\"https:\/\/www.manaus.am.gov.br\/semasc\/prefeitura-de-manaus-promove-manha-de-convivencia-com-familias-atendidas-pelo-creas\/#article\",\"isPartOf\":{\"@id\":\"https:\/\/www.manaus.am.gov.br\/semasc\/prefeitura-de-manaus-promove-manha-de-convivencia-com-familias-atendidas-pelo-creas\/\"},\"author\":{\"name\":\"Cl\u00e1udia Barbosa\",\"@id\":\"https:\/\/www.manaus.am.gov.br\/semasc\/#\/schema\/person\/d0a166b5031154c33c77794ddc9a827e\"},\"headline\":\"Prefeitura de Manaus promove manh\u00e3 de conviv\u00eancia com fam\u00edlias atendidas pelo Creas\",\"datePublished\":\"2023-05-24T18:45:25+00:00\",\"dateModified\":\"2023-05-24T18:45:27+00:00\",\"mainEntityOfPage\":{\"@id\":\"https:\/\/www.manaus.am.gov.br\/semasc\/prefeitura-de-manaus-promove-manha-de-convivencia-com-familias-atendidas-pelo-creas\/\"},\"wordCount\":517,\"publisher\":{\"@id\":\"https:\/\/www.manaus.am.gov.br\/semasc\/#organization\"},\"image\":{\"@id\":\"https:\/\/www.manaus.am.gov.br\/semasc\/prefeitura-de-manaus-promove-manha-de-convivencia-com-familias-atendidas-pelo-creas\/#primaryimage\"},\"thumbnailUrl\":\"https:\/\/www.manaus.am.gov.br\/semasc\/wp-content\/uploads\/sites\/17\/2023\/05\/52922728886_ec03d61d3c_o-scaled.jpg\",\"keywords\":[\"Bosque da Ci\u00eancia\",\"Centros de Refer\u00eancia Especializados de Assist\u00eancia Social\",\"Creas\",\"fam\u00edlias referenciadas\",\"INPA\",\"Instituto Nacional de Pesquisas da Amaz\u00f4nia\",\"Irvana G\u00f3es\",\"K\u00e1tia Batista\",\"manh\u00e3 de conviv\u00eancia\",\"Paefi\",\"prefeitura de manaus\",\"Semasc\",\"Servi\u00e7o de Prote\u00e7\u00e3o e Atendimento Especializado a Fam\u00edlias e Indiv\u00edduos\"],\"articleSection\":[\"Atividades\"],\"inLanguage\":\"pt-BR\"},{\"@type\":\"WebPage\",\"@id\":\"https:\/\/www.manaus.am.gov.br\/semasc\/prefeitura-de-manaus-promove-manha-de-convivencia-com-familias-atendidas-pelo-creas\/\",\"url\":\"https:\/\/www.manaus.am.gov.br\/semasc\/prefeitura-de-manaus-promove-manha-de-convivencia-com-familias-atendidas-pelo-creas\/\",\"name\":\"Prefeitura de Manaus promove manh\u00e3 de conviv\u00eancia com fam\u00edlias atendidas pelo Creas - SEMASC\",\"isPartOf\":{\"@id\":\"https:\/\/www.manaus.am.gov.br\/semasc\/#website\"},\"primaryImageOfPage\":{\"@id\":\"https:\/\/www.manaus.am.gov.br\/semasc\/prefeitura-de-manaus-promove-manha-de-convivencia-com-familias-atendidas-pelo-creas\/#primaryimage\"},\"image\":{\"@id\":\"https:\/\/www.manaus.am.gov.br\/semasc\/prefeitura-de-manaus-promove-manha-de-convivencia-com-familias-atendidas-pelo-creas\/#primaryimage\"},\"thumbnailUrl\":\"https:\/\/www.manaus.am.gov.br\/semasc\/wp-content\/uploads\/sites\/17\/2023\/05\/52922728886_ec03d61d3c_o-scaled.jpg\",\"datePublished\":\"2023-05-24T18:45:25+00:00\",\"dateModified\":\"2023-05-24T18:45:27+00:00\",\"description\":\"Buscando promover atividades que garantam acesso ao lazer, \u00e0 educa\u00e7\u00e3o e \u00e0 cultura \u00e0 popula\u00e7\u00e3o carente do munic\u00edpio, a Prefeitura de Manaus, por meio da Secretaria Municipal da Mulher, Assist\u00eancia Social e Cidadania (Semasc), realizou, nesta quarta-feira, 24\/5, uma manh\u00e3 de conviv\u00eancia com fam\u00edlias referenciadas nos Centros de Refer\u00eancia Especializados de Assist\u00eancia Social (Creas) Sul e Centro-Sul, atendidas pelo Servi\u00e7o de Prote\u00e7\u00e3o e Atendimento Especializado a Fam\u00edlias e Indiv\u00edduos (Paefi).\",\"breadcrumb\":{\"@id\":\"https:\/\/www.manaus.am.gov.br\/semasc\/prefeitura-de-manaus-promove-manha-de-convivencia-com-familias-atendidas-pelo-creas\/#breadcrumb\"},\"inLanguage\":\"pt-BR\",\"potentialAction\":[{\"@type\":\"ReadAction\",\"target\":[\"https:\/\/www.manaus.am.gov.br\/semasc\/prefeitura-de-manaus-promove-manha-de-convivencia-com-familias-atendidas-pelo-creas\/\"]}]},{\"@type\":\"ImageObject\",\"inLanguage\":\"pt-BR\",\"@id\":\"https:\/\/www.manaus.am.gov.br\/semasc\/prefeitura-de-manaus-promove-manha-de-convivencia-com-familias-atendidas-pelo-creas\/#primaryimage\",\"url\":\"https:\/\/www.manaus.am.gov.br\/semasc\/wp-content\/uploads\/sites\/17\/2023\/05\/52922728886_ec03d61d3c_o-scaled.jpg\",\"contentUrl\":\"https:\/\/www.manaus.am.gov.br\/semasc\/wp-content\/uploads\/sites\/17\/2023\/05\/52922728886_ec03d61d3c_o-scaled.jpg\",\"width\":2560,\"height\":1707},{\"@type\":\"BreadcrumbList\",\"@id\":\"https:\/\/www.manaus.am.gov.br\/semasc\/prefeitura-de-manaus-promove-manha-de-convivencia-com-familias-atendidas-pelo-creas\/#breadcrumb\",\"itemListElement\":[{\"@type\":\"ListItem\",\"position\":1,\"name\":\"Home\",\"item\":\"https:\/\/www.manaus.am.gov.br\/semasc\/\"},{\"@type\":\"ListItem\",\"position\":2,\"name\":\"Prefeitura de Manaus promove manh\u00e3 de conviv\u00eancia com fam\u00edlias atendidas pelo Creas\"}]},{\"@type\":\"WebSite\",\"@id\":\"https:\/\/www.manaus.am.gov.br\/semasc\/#website\",\"url\":\"https:\/\/www.manaus.am.gov.br\/semasc\/\",\"name\":\"SEMASC\",\"description\":\"Secretaria Municipal da Mulher, Assist\u00eancia Social e Cidadania.\",\"publisher\":{\"@id\":\"https:\/\/www.manaus.am.gov.br\/semasc\/#organization\"},\"alternateName\":\"Secretaria Municipal da Mulher, Assist\u00eancia Social e Cidadania\",\"potentialAction\":[{\"@type\":\"SearchAction\",\"target\":{\"@type\":\"EntryPoint\",\"urlTemplate\":\"https:\/\/www.manaus.am.gov.br\/semasc\/?s={search_term_string}\"},\"query-input\":\"required name=search_term_string\"}],\"inLanguage\":\"pt-BR\"},{\"@type\":\"Organization\",\"@id\":\"https:\/\/www.manaus.am.gov.br\/semasc\/#organization\",\"name\":\"Prefeitura de Manaus\",\"alternateName\":\"Prefeitura Municipal de Manaus\",\"url\":\"https:\/\/www.manaus.am.gov.br\/semasc\/\",\"logo\":{\"@type\":\"ImageObject\",\"inLanguage\":\"pt-BR\",\"@id\":\"https:\/\/www.manaus.am.gov.br\/semasc\/#\/schema\/logo\/image\/\",\"url\":\"https:\/\/www.manaus.am.gov.br\/semasc\/wp-content\/uploads\/sites\/17\/2024\/07\/favicon.png\",\"contentUrl\":\"https:\/\/www.manaus.am.gov.br\/semasc\/wp-content\/uploads\/sites\/17\/2024\/07\/favicon.png\",\"width\":300,\"height\":300,\"caption\":\"Prefeitura de Manaus\"},\"image\":{\"@id\":\"https:\/\/www.manaus.am.gov.br\/semasc\/#\/schema\/logo\/image\/\"},\"sameAs\":[\"https:\/\/www.facebook.com\/semascmanaus\",\"https:\/\/www.instagram.com\/semascmanaus\/\"]},{\"@type\":\"Person\",\"@id\":\"https:\/\/www.manaus.am.gov.br\/semasc\/#\/schema\/person\/d0a166b5031154c33c77794ddc9a827e\",\"name\":\"Cl\u00e1udia Barbosa\",\"image\":{\"@type\":\"ImageObject\",\"inLanguage\":\"pt-BR\",\"@id\":\"https:\/\/www.manaus.am.gov.br\/semasc\/#\/schema\/person\/image\/\",\"url\":\"https:\/\/secure.gravatar.com\/avatar\/42958a1cf007f1a00534009218c72590?s=96&d=mm&r=g\",\"contentUrl\":\"https:\/\/secure.gravatar.com\/avatar\/42958a1cf007f1a00534009218c72590?s=96&d=mm&r=g\",\"caption\":\"Cl\u00e1udia Barbosa\"}}]}<\/script>\n<!-- \/ Yoast SEO plugin. -->","yoast_head_json":{"title":"Prefeitura de Manaus promove manh\u00e3 de conviv\u00eancia com fam\u00edlias atendidas pelo Creas - SEMASC","description":"Buscando promover atividades que garantam acesso ao lazer, \u00e0 educa\u00e7\u00e3o e \u00e0 cultura \u00e0 popula\u00e7\u00e3o carente do munic\u00edpio, a Prefeitura de Manaus, por meio da Secretaria Municipal da Mulher, Assist\u00eancia Social e Cidadania (Semasc), realizou, nesta quarta-feira, 24\/5, uma manh\u00e3 de conviv\u00eancia com fam\u00edlias referenciadas nos Centros de Refer\u00eancia Especializados de Assist\u00eancia Social (Creas) Sul e Centro-Sul, atendidas pelo Servi\u00e7o de Prote\u00e7\u00e3o e Atendimento Especializado a Fam\u00edlias e Indiv\u00edduos (Paefi).","robots":{"index":"noindex","follow":"follow"},"og_locale":"pt_BR","og_type":"article","og_title":"Prefeitura de Manaus promove manh\u00e3 de conviv\u00eancia com fam\u00edlias atendidas pelo Creas - SEMASC","og_description":"Buscando promover atividades que garantam acesso ao lazer, \u00e0 educa\u00e7\u00e3o e \u00e0 cultura \u00e0 popula\u00e7\u00e3o carente do munic\u00edpio, a Prefeitura de Manaus, por meio da Secretaria Municipal da Mulher, Assist\u00eancia Social e Cidadania (Semasc), realizou, nesta quarta-feira, 24\/5, uma manh\u00e3 de conviv\u00eancia com fam\u00edlias referenciadas nos Centros de Refer\u00eancia Especializados de Assist\u00eancia Social (Creas) Sul e Centro-Sul, atendidas pelo Servi\u00e7o de Prote\u00e7\u00e3o e Atendimento Especializado a Fam\u00edlias e Indiv\u00edduos (Paefi).","og_url":"https:\/\/www.manaus.am.gov.br\/semasc\/prefeitura-de-manaus-promove-manha-de-convivencia-com-familias-atendidas-pelo-creas\/","og_site_name":"SEMASC","article_publisher":"https:\/\/www.facebook.com\/semascmanaus","article_published_time":"2023-05-24T18:45:25+00:00","article_modified_time":"2023-05-24T18:45:27+00:00","og_image":[{"width":2560,"height":1707,"url":"https:\/\/www.manaus.am.gov.br\/semasc\/wp-content\/uploads\/sites\/17\/2023\/05\/52922728886_ec03d61d3c_o-scaled.jpg","type":"image\/jpeg"}],"author":"Cl\u00e1udia Barbosa","twitter_card":"summary_large_image","twitter_misc":{"Written by":"Cl\u00e1udia Barbosa","Est. reading time":"3 minutos"},"schema":{"@context":"https:\/\/schema.org","@graph":[{"@type":"Article","@id":"https:\/\/www.manaus.am.gov.br\/semasc\/prefeitura-de-manaus-promove-manha-de-convivencia-com-familias-atendidas-pelo-creas\/#article","isPartOf":{"@id":"https:\/\/www.manaus.am.gov.br\/semasc\/prefeitura-de-manaus-promove-manha-de-convivencia-com-familias-atendidas-pelo-creas\/"},"author":{"name":"Cl\u00e1udia Barbosa","@id":"https:\/\/www.manaus.am.gov.br\/semasc\/#\/schema\/person\/d0a166b5031154c33c77794ddc9a827e"},"headline":"Prefeitura de Manaus promove manh\u00e3 de conviv\u00eancia com fam\u00edlias atendidas pelo Creas","datePublished":"2023-05-24T18:45:25+00:00","dateModified":"2023-05-24T18:45:27+00:00","mainEntityOfPage":{"@id":"https:\/\/www.manaus.am.gov.br\/semasc\/prefeitura-de-manaus-promove-manha-de-convivencia-com-familias-atendidas-pelo-creas\/"},"wordCount":517,"publisher":{"@id":"https:\/\/www.manaus.am.gov.br\/semasc\/#organization"},"image":{"@id":"https:\/\/www.manaus.am.gov.br\/semasc\/prefeitura-de-manaus-promove-manha-de-convivencia-com-familias-atendidas-pelo-creas\/#primaryimage"},"thumbnailUrl":"https:\/\/www.manaus.am.gov.br\/semasc\/wp-content\/uploads\/sites\/17\/2023\/05\/52922728886_ec03d61d3c_o-scaled.jpg","keywords":["Bosque da Ci\u00eancia","Centros de Refer\u00eancia Especializados de Assist\u00eancia Social","Creas","fam\u00edlias referenciadas","INPA","Instituto Nacional de Pesquisas da Amaz\u00f4nia","Irvana G\u00f3es","K\u00e1tia Batista","manh\u00e3 de conviv\u00eancia","Paefi","prefeitura de manaus","Semasc","Servi\u00e7o de Prote\u00e7\u00e3o e Atendimento Especializado a Fam\u00edlias e Indiv\u00edduos"],"articleSection":["Atividades"],"inLanguage":"pt-BR"},{"@type":"WebPage","@id":"https:\/\/www.manaus.am.gov.br\/semasc\/prefeitura-de-manaus-promove-manha-de-convivencia-com-familias-atendidas-pelo-creas\/","url":"https:\/\/www.manaus.am.gov.br\/semasc\/prefeitura-de-manaus-promove-manha-de-convivencia-com-familias-atendidas-pelo-creas\/","name":"Prefeitura de Manaus promove manh\u00e3 de conviv\u00eancia com fam\u00edlias atendidas pelo Creas - SEMASC","isPartOf":{"@id":"https:\/\/www.manaus.am.gov.br\/semasc\/#website"},"primaryImageOfPage":{"@id":"https:\/\/www.manaus.am.gov.br\/semasc\/prefeitura-de-manaus-promove-manha-de-convivencia-com-familias-atendidas-pelo-creas\/#primaryimage"},"image":{"@id":"https:\/\/www.manaus.am.gov.br\/semasc\/prefeitura-de-manaus-promove-manha-de-convivencia-com-familias-atendidas-pelo-creas\/#primaryimage"},"thumbnailUrl":"https:\/\/www.manaus.am.gov.br\/semasc\/wp-content\/uploads\/sites\/17\/2023\/05\/52922728886_ec03d61d3c_o-scaled.jpg","datePublished":"2023-05-24T18:45:25+00:00","dateModified":"2023-05-24T18:45:27+00:00","description":"Buscando promover atividades que garantam acesso ao lazer, \u00e0 educa\u00e7\u00e3o e \u00e0 cultura \u00e0 popula\u00e7\u00e3o carente do munic\u00edpio, a Prefeitura de Manaus, por meio da Secretaria Municipal da Mulher, Assist\u00eancia Social e Cidadania (Semasc), realizou, nesta quarta-feira, 24\/5, uma manh\u00e3 de conviv\u00eancia com fam\u00edlias referenciadas nos Centros de Refer\u00eancia Especializados de Assist\u00eancia Social (Creas) Sul e Centro-Sul, atendidas pelo Servi\u00e7o de Prote\u00e7\u00e3o e Atendimento Especializado a Fam\u00edlias e Indiv\u00edduos (Paefi).","breadcrumb":{"@id":"https:\/\/www.manaus.am.gov.br\/semasc\/prefeitura-de-manaus-promove-manha-de-convivencia-com-familias-atendidas-pelo-creas\/#breadcrumb"},"inLanguage":"pt-BR","potentialAction":[{"@type":"ReadAction","target":["https:\/\/www.manaus.am.gov.br\/semasc\/prefeitura-de-manaus-promove-manha-de-convivencia-com-familias-atendidas-pelo-creas\/"]}]},{"@type":"ImageObject","inLanguage":"pt-BR","@id":"https:\/\/www.manaus.am.gov.br\/semasc\/prefeitura-de-manaus-promove-manha-de-convivencia-com-familias-atendidas-pelo-creas\/#primaryimage","url":"https:\/\/www.manaus.am.gov.br\/semasc\/wp-content\/uploads\/sites\/17\/2023\/05\/52922728886_ec03d61d3c_o-scaled.jpg","contentUrl":"https:\/\/www.manaus.am.gov.br\/semasc\/wp-content\/uploads\/sites\/17\/2023\/05\/52922728886_ec03d61d3c_o-scaled.jpg","width":2560,"height":1707},{"@type":"BreadcrumbList","@id":"https:\/\/www.manaus.am.gov.br\/semasc\/prefeitura-de-manaus-promove-manha-de-convivencia-com-familias-atendidas-pelo-creas\/#breadcrumb","itemListElement":[{"@type":"ListItem","position":1,"name":"Home","item":"https:\/\/www.manaus.am.gov.br\/semasc\/"},{"@type":"ListItem","position":2,"name":"Prefeitura de Manaus promove manh\u00e3 de conviv\u00eancia com fam\u00edlias atendidas pelo Creas"}]},{"@type":"WebSite","@id":"https:\/\/www.manaus.am.gov.br\/semasc\/#website","url":"https:\/\/www.manaus.am.gov.br\/semasc\/","name":"SEMASC","description":"Secretaria Municipal da Mulher, Assist\u00eancia Social e Cidadania.","publisher":{"@id":"https:\/\/www.manaus.am.gov.br\/semasc\/#organization"},"alternateName":"Secretaria Municipal da Mulher, Assist\u00eancia Social e Cidadania","potentialAction":[{"@type":"SearchAction","target":{"@type":"EntryPoint","urlTemplate":"https:\/\/www.manaus.am.gov.br\/semasc\/?s={search_term_string}"},"query-input":"required name=search_term_string"}],"inLanguage":"pt-BR"},{"@type":"Organization","@id":"https:\/\/www.manaus.am.gov.br\/semasc\/#organization","name":"Prefeitura de Manaus","alternateName":"Prefeitura Municipal de Manaus","url":"https:\/\/www.manaus.am.gov.br\/semasc\/","logo":{"@type":"ImageObject","inLanguage":"pt-BR","@id":"https:\/\/www.manaus.am.gov.br\/semasc\/#\/schema\/logo\/image\/","url":"https:\/\/www.manaus.am.gov.br\/semasc\/wp-content\/uploads\/sites\/17\/2024\/07\/favicon.png","contentUrl":"https:\/\/www.manaus.am.gov.br\/semasc\/wp-content\/uploads\/sites\/17\/2024\/07\/favicon.png","width":300,"height":300,"caption":"Prefeitura de Manaus"},"image":{"@id":"https:\/\/www.manaus.am.gov.br\/semasc\/#\/schema\/logo\/image\/"},"sameAs":["https:\/\/www.facebook.com\/semascmanaus","https:\/\/www.instagram.com\/semascmanaus\/"]},{"@type":"Person","@id":"https:\/\/www.manaus.am.gov.br\/semasc\/#\/schema\/person\/d0a166b5031154c33c77794ddc9a827e","name":"Cl\u00e1udia Barbosa","image":{"@type":"ImageObject","inLanguage":"pt-BR","@id":"https:\/\/www.manaus.am.gov.br\/semasc\/#\/schema\/person\/image\/","url":"https:\/\/secure.gravatar.com\/avatar\/42958a1cf007f1a00534009218c72590?s=96&d=mm&r=g","contentUrl":"https:\/\/secure.gravatar.com\/avatar\/42958a1cf007f1a00534009218c72590?s=96&d=mm&r=g","caption":"Cl\u00e1udia Barbosa"}}]}},"_links":{"self":[{"href":"https:\/\/www.manaus.am.gov.br\/semasc\/wp-json\/wp\/v2\/posts\/207625"}],"collection":[{"href":"https:\/\/www.manaus.am.gov.br\/semasc\/wp-json\/wp\/v2\/posts"}],"about":[{"href":"https:\/\/www.manaus.am.gov.br\/semasc\/wp-json\/wp\/v2\/types\/post"}],"author":[{"embeddable":true,"href":"https:\/\/www.manaus.am.gov.br\/semasc\/wp-json\/wp\/v2\/users\/24"}],"replies":[{"embeddable":true,"href":"https:\/\/www.manaus.am.gov.br\/semasc\/wp-json\/wp\/v2\/comments?post=207625"}],"version-history":[{"count":0,"href":"https:\/\/www.manaus.am.gov.br\/semasc\/wp-json\/wp\/v2\/posts\/207625\/revisions"}],"wp:featuredmedia":[{"embeddable":true,"href":"https:\/\/www.manaus.am.gov.br\/semasc\/wp-json\/wp\/v2\/media\/207626"}],"wp:attachment":[{"href":"https:\/\/www.manaus.am.gov.br\/semasc\/wp-json\/wp\/v2\/media?parent=207625"}],"wp:term":[{"taxonomy":"category","embeddable":true,"href":"https:\/\/www.manaus.am.gov.br\/semasc\/wp-json\/wp\/v2\/categories?post=207625"},{"taxonomy":"post_tag","embeddable":true,"href":"https:\/\/www.manaus.am.gov.br\/semasc\/wp-json\/wp\/v2\/tags?post=207625"}],"curies":[{"name":"wp","href":"https:\/\/api.w.org\/{rel}","templated":true}]}}