{"id":207617,"date":"2023-05-23T15:23:51","date_gmt":"2023-05-23T19:23:51","guid":{"rendered":"https:\/\/www.manaus.am.gov.br\/semasc\/prefeitura-realiza-acao-de-sensibilizacao-contra-o-abuso-sexual-infantil-no-shopping-phelippe-daou\/"},"modified":"2023-05-23T15:23:53","modified_gmt":"2023-05-23T19:23:53","slug":"prefeitura-realiza-acao-de-sensibilizacao-contra-o-abuso-sexual-infantil-no-shopping-phelippe-daou","status":"publish","type":"post","link":"https:\/\/www.manaus.am.gov.br\/semasc\/prefeitura-realiza-acao-de-sensibilizacao-contra-o-abuso-sexual-infantil-no-shopping-phelippe-daou\/","title":{"rendered":"<strong>Prefeitura realiza a\u00e7\u00e3o de sensibiliza\u00e7\u00e3o contra o abuso sexual infantil no shopping Phelippe Daou<\/strong>"},"content":{"rendered":"\n<p>Dando continuidade \u00e0 programa\u00e7\u00e3o da campanha municipal \u201cMaio Laranja\u201d, alusiva ao Dia Nacional de Combate ao Abuso e \u00e0 Explora\u00e7\u00e3o Sexual de Crian\u00e7as e Adolescentes, a Prefeitura de Manaus, por meio da Secretaria Municipal da Mulher, Assist\u00eancia Social e Cidadania (Semasc), realizou, nesta ter\u00e7a-feira, 23\/5, uma a\u00e7\u00e3o de sensibiliza\u00e7\u00e3o no Posto de Atendimento ao Cidad\u00e3o (PAC) do shopping Phelippe Daou, zona Norte da cidade, com a distribui\u00e7\u00e3o de material informativo e divulgando canais de den\u00fancia \u00e0 popula\u00e7\u00e3o referenciada e atendida pelo Centro de Refer\u00eancia de Assist\u00eancia Social (Cras) Mutir\u00e3o, temporariamente locado no shopping.<\/p>\n\n\n\n<p>\u201cEstamos hoje refor\u00e7ando nossas atividades de enfrentamento e combate ao abuso e explora\u00e7\u00e3o de crian\u00e7as e adolescentes desenvolvidas ao longo do \u2018Maio Laranja\u2019, trabalhando e divulgando informa\u00e7\u00f5es extremamente necess\u00e1rias para que a popula\u00e7\u00e3o consiga identificar as diferentes formas de abuso sexual e realizar as den\u00fancias. \u00c9 um dia muito importante para a equipe do Cras Mutir\u00e3o e principalmente para a popula\u00e7\u00e3o atendida pelo equipamento, pelo PAC e pelo shopping como um todo\u201d, afirmou o secret\u00e1rio da Semasc, Eduardo Lucas.<\/p>\n\n\n\n<p>Conselheira Tutelar da zona Leste II, \u00c2ngela Santos tamb\u00e9m participou da a\u00e7\u00e3o e destacou a import\u00e2ncia de se trabalhar a conscientiza\u00e7\u00e3o em volta do tema, levando em conta, principalmente, a grave realidade constatada no munic\u00edpio.<\/p>\n\n\n\n<p>\u201c\u00c9 um crime que vem se proliferando na cidade de Manaus cotidianamente e n\u00f3s n\u00e3o podemos ficar parados ou calados em rela\u00e7\u00e3o a isso. O Conselho Tutelar est\u00e1 sempre na ponta e atendemos casos de abuso e explora\u00e7\u00e3o todos os dias. Ent\u00e3o, fica muito claro para n\u00f3s e nossos parceiros que \u00e9 necess\u00e1rio que todos se unam contra situa\u00e7\u00f5es desse tipo, elaborando e desenvolvendo esse trabalho conjunto entre a comunidade, a fam\u00edlia e o poder p\u00fablico\u201d.<\/p>\n\n\n\n<p>M\u00e3e de seis filhos e acompanhada do ca\u00e7ula, de seis anos, a auxiliar de servi\u00e7os gerais Luciara Cristina foi uma das matriarcas presentes no PAC durante a a\u00e7\u00e3o. Ap\u00f3s ouvir atentamente as informa\u00e7\u00f5es repassadas, Luciara, que sempre se considerou um tanto quanto superprotetora em rela\u00e7\u00e3o aos filhos, ressaltou a import\u00e2ncia da iniciativa para ela e, principalmente, para os pais mais \u201cleigos\u201d.<\/p>\n\n\n\n<p>\u201c\u00c9 um trabalho que influencia muito na vida da comunidade. Infelizmente, ainda temos muitos pais e m\u00e3es que s\u00e3o leigos em rela\u00e7\u00e3o a esse assunto e acham que isso nunca vai acontecer, e \u00e9 exatamente nesse excesso de confian\u00e7a que est\u00e1 o erro. \u00c9 um trabalho realmente muito importante e necess\u00e1rio\u201d, concluiu.<\/p>\n\n\n\n<p><strong>Canais de den\u00fancia&nbsp;<\/strong><\/p>\n\n\n\n<p>Ao obter conhecimento de casos de abuso ou explora\u00e7\u00e3o sexual infantojuvenil, a popula\u00e7\u00e3o pode entrar em contato com as autoridades competentes e realizar as den\u00fancias por meio dos n\u00fameros 0800 092 1407, 0800 092 664 e 100 (Disque Direitos Humanos, servi\u00e7o nacional de atendimento).&nbsp;<\/p>\n\n\n\n<p><strong>Campanha Maio Laranja&nbsp;<\/strong><\/p>\n\n\n\n<p>Alusiva ao Dia Nacional de Combate \u00e0 Explora\u00e7\u00e3o Sexual de Crian\u00e7as e Adolescentes, celebrado no dia 18 de maio e marcado por a\u00e7\u00f5es de sensibiliza\u00e7\u00e3o e orienta\u00e7\u00e3o sobre o tema em todo o pa\u00eds, a campanha \u201cMaio Laranja\u201d tem como objetivo orientar crian\u00e7as, adolescentes, pais e a sociedade a identificar e denunciar situa\u00e7\u00f5es de abuso e explora\u00e7\u00e3o sexual ao longo de todo o m\u00eas<strong>.<\/strong><\/p>\n\n\n\n<p>A data faz mem\u00f3ria \u00e0 menina capixaba Araceli Crespo, sequestrada, drogada, espancada, estuprada e morta em 18 de maio de 1973, aos 8 anos de idade.<\/p>\n\n\n\n<p>&#8212; &#8212; &#8212;<\/p>\n\n\n\n<p><strong>Texto &#8211;<\/strong> Guilherme Ara\u00fajo Pacheco \/ Semasc&nbsp;<\/p>\n\n\n\n<p><strong>Fotos &#8211;<\/strong> Marcely Gomes \/ Semasc<\/p>\n\n\n\n<p><strong>Dispon\u00edveis em &#8211; <\/strong><a href=\"https:\/\/flic.kr\/s\/aHBqjAEZL6\">https:\/\/flic.kr\/s\/aHBqjAEZL6<\/a><\/p>\n","protected":false},"excerpt":{"rendered":"","protected":false},"author":39,"featured_media":207618,"comment_status":"closed","ping_status":"closed","sticky":false,"template":"","format":"standard","meta":{"footnotes":""},"categories":[24],"tags":[50,51,52,7,18,53],"acf":[],"yoast_head":"<!-- This site is optimized with the Yoast SEO plugin v23.0 - https:\/\/yoast.com\/wordpress\/plugins\/seo\/ -->\n<title>Prefeitura realiza a\u00e7\u00e3o de sensibiliza\u00e7\u00e3o contra o abuso sexual infantil no shopping Phelippe Daou<\/title>\n<meta name=\"robots\" content=\"noindex, follow\" \/>\n<meta property=\"og:locale\" content=\"pt_BR\" \/>\n<meta property=\"og:type\" content=\"article\" \/>\n<meta property=\"og:title\" content=\"Prefeitura realiza a\u00e7\u00e3o de sensibiliza\u00e7\u00e3o contra o abuso sexual infantil no shopping Phelippe Daou\" \/>\n<meta property=\"og:url\" content=\"https:\/\/www.manaus.am.gov.br\/semasc\/prefeitura-realiza-acao-de-sensibilizacao-contra-o-abuso-sexual-infantil-no-shopping-phelippe-daou\/\" \/>\n<meta property=\"og:site_name\" content=\"SEMASC\" \/>\n<meta property=\"article:publisher\" content=\"https:\/\/www.facebook.com\/semascmanaus\" \/>\n<meta property=\"article:published_time\" content=\"2023-05-23T19:23:51+00:00\" \/>\n<meta property=\"article:modified_time\" content=\"2023-05-23T19:23:53+00:00\" \/>\n<meta property=\"og:image\" content=\"https:\/\/www.manaus.am.gov.br\/semasc\/wp-content\/uploads\/sites\/17\/2023\/05\/52920392624_cad5f94bdf_k.jpg\" \/>\n\t<meta property=\"og:image:width\" content=\"2048\" \/>\n\t<meta property=\"og:image:height\" content=\"1295\" \/>\n\t<meta property=\"og:image:type\" content=\"image\/jpeg\" \/>\n<meta name=\"author\" content=\"Bruna Greco\" \/>\n<meta name=\"twitter:card\" content=\"summary_large_image\" \/>\n<meta name=\"twitter:label1\" content=\"Written by\" \/>\n\t<meta name=\"twitter:data1\" content=\"Bruna Greco\" \/>\n\t<meta name=\"twitter:label2\" content=\"Est. reading time\" \/>\n\t<meta name=\"twitter:data2\" content=\"4 minutos\" \/>\n<script type=\"application\/ld+json\" class=\"yoast-schema-graph\">{\"@context\":\"https:\/\/schema.org\",\"@graph\":[{\"@type\":\"Article\",\"@id\":\"https:\/\/www.manaus.am.gov.br\/semasc\/prefeitura-realiza-acao-de-sensibilizacao-contra-o-abuso-sexual-infantil-no-shopping-phelippe-daou\/#article\",\"isPartOf\":{\"@id\":\"https:\/\/www.manaus.am.gov.br\/semasc\/prefeitura-realiza-acao-de-sensibilizacao-contra-o-abuso-sexual-infantil-no-shopping-phelippe-daou\/\"},\"author\":{\"name\":\"Bruna Greco\",\"@id\":\"https:\/\/www.manaus.am.gov.br\/semasc\/#\/schema\/person\/05d223aea2bf115f9883a6ff3683d81b\"},\"headline\":\"Prefeitura realiza a\u00e7\u00e3o de sensibiliza\u00e7\u00e3o contra o abuso sexual infantil no shopping Phelippe Daou\",\"datePublished\":\"2023-05-23T19:23:51+00:00\",\"dateModified\":\"2023-05-23T19:23:53+00:00\",\"mainEntityOfPage\":{\"@id\":\"https:\/\/www.manaus.am.gov.br\/semasc\/prefeitura-realiza-acao-de-sensibilizacao-contra-o-abuso-sexual-infantil-no-shopping-phelippe-daou\/\"},\"wordCount\":626,\"publisher\":{\"@id\":\"https:\/\/www.manaus.am.gov.br\/semasc\/#organization\"},\"image\":{\"@id\":\"https:\/\/www.manaus.am.gov.br\/semasc\/prefeitura-realiza-acao-de-sensibilizacao-contra-o-abuso-sexual-infantil-no-shopping-phelippe-daou\/#primaryimage\"},\"thumbnailUrl\":\"https:\/\/www.manaus.am.gov.br\/semasc\/wp-content\/uploads\/sites\/17\/2023\/05\/52920392624_cad5f94bdf_k.jpg\",\"keywords\":[\"a\u00e7\u00e3o de sensibiliza\u00e7\u00e3o\",\"campanha municipal \u201cMaio Laranja\u201d\",\"ontra o abuso sexual infantil\",\"prefeitura de manaus\",\"Semasc\",\"shopping phelippe daou\"],\"articleSection\":[\"Campanha\"],\"inLanguage\":\"pt-BR\"},{\"@type\":\"WebPage\",\"@id\":\"https:\/\/www.manaus.am.gov.br\/semasc\/prefeitura-realiza-acao-de-sensibilizacao-contra-o-abuso-sexual-infantil-no-shopping-phelippe-daou\/\",\"url\":\"https:\/\/www.manaus.am.gov.br\/semasc\/prefeitura-realiza-acao-de-sensibilizacao-contra-o-abuso-sexual-infantil-no-shopping-phelippe-daou\/\",\"name\":\"Prefeitura realiza a\u00e7\u00e3o de sensibiliza\u00e7\u00e3o contra o abuso sexual infantil no shopping Phelippe Daou\",\"isPartOf\":{\"@id\":\"https:\/\/www.manaus.am.gov.br\/semasc\/#website\"},\"primaryImageOfPage\":{\"@id\":\"https:\/\/www.manaus.am.gov.br\/semasc\/prefeitura-realiza-acao-de-sensibilizacao-contra-o-abuso-sexual-infantil-no-shopping-phelippe-daou\/#primaryimage\"},\"image\":{\"@id\":\"https:\/\/www.manaus.am.gov.br\/semasc\/prefeitura-realiza-acao-de-sensibilizacao-contra-o-abuso-sexual-infantil-no-shopping-phelippe-daou\/#primaryimage\"},\"thumbnailUrl\":\"https:\/\/www.manaus.am.gov.br\/semasc\/wp-content\/uploads\/sites\/17\/2023\/05\/52920392624_cad5f94bdf_k.jpg\",\"datePublished\":\"2023-05-23T19:23:51+00:00\",\"dateModified\":\"2023-05-23T19:23:53+00:00\",\"breadcrumb\":{\"@id\":\"https:\/\/www.manaus.am.gov.br\/semasc\/prefeitura-realiza-acao-de-sensibilizacao-contra-o-abuso-sexual-infantil-no-shopping-phelippe-daou\/#breadcrumb\"},\"inLanguage\":\"pt-BR\",\"potentialAction\":[{\"@type\":\"ReadAction\",\"target\":[\"https:\/\/www.manaus.am.gov.br\/semasc\/prefeitura-realiza-acao-de-sensibilizacao-contra-o-abuso-sexual-infantil-no-shopping-phelippe-daou\/\"]}]},{\"@type\":\"ImageObject\",\"inLanguage\":\"pt-BR\",\"@id\":\"https:\/\/www.manaus.am.gov.br\/semasc\/prefeitura-realiza-acao-de-sensibilizacao-contra-o-abuso-sexual-infantil-no-shopping-phelippe-daou\/#primaryimage\",\"url\":\"https:\/\/www.manaus.am.gov.br\/semasc\/wp-content\/uploads\/sites\/17\/2023\/05\/52920392624_cad5f94bdf_k.jpg\",\"contentUrl\":\"https:\/\/www.manaus.am.gov.br\/semasc\/wp-content\/uploads\/sites\/17\/2023\/05\/52920392624_cad5f94bdf_k.jpg\",\"width\":2048,\"height\":1295},{\"@type\":\"BreadcrumbList\",\"@id\":\"https:\/\/www.manaus.am.gov.br\/semasc\/prefeitura-realiza-acao-de-sensibilizacao-contra-o-abuso-sexual-infantil-no-shopping-phelippe-daou\/#breadcrumb\",\"itemListElement\":[{\"@type\":\"ListItem\",\"position\":1,\"name\":\"Home\",\"item\":\"https:\/\/www.manaus.am.gov.br\/semasc\/\"},{\"@type\":\"ListItem\",\"position\":2,\"name\":\"Prefeitura realiza a\u00e7\u00e3o de sensibiliza\u00e7\u00e3o contra o abuso sexual infantil no shopping Phelippe Daou\"}]},{\"@type\":\"WebSite\",\"@id\":\"https:\/\/www.manaus.am.gov.br\/semasc\/#website\",\"url\":\"https:\/\/www.manaus.am.gov.br\/semasc\/\",\"name\":\"SEMASC\",\"description\":\"Secretaria Municipal da Mulher, Assist\u00eancia Social e Cidadania.\",\"publisher\":{\"@id\":\"https:\/\/www.manaus.am.gov.br\/semasc\/#organization\"},\"alternateName\":\"Secretaria Municipal da Mulher, Assist\u00eancia Social e Cidadania\",\"potentialAction\":[{\"@type\":\"SearchAction\",\"target\":{\"@type\":\"EntryPoint\",\"urlTemplate\":\"https:\/\/www.manaus.am.gov.br\/semasc\/?s={search_term_string}\"},\"query-input\":\"required name=search_term_string\"}],\"inLanguage\":\"pt-BR\"},{\"@type\":\"Organization\",\"@id\":\"https:\/\/www.manaus.am.gov.br\/semasc\/#organization\",\"name\":\"Prefeitura de Manaus\",\"alternateName\":\"Prefeitura Municipal de Manaus\",\"url\":\"https:\/\/www.manaus.am.gov.br\/semasc\/\",\"logo\":{\"@type\":\"ImageObject\",\"inLanguage\":\"pt-BR\",\"@id\":\"https:\/\/www.manaus.am.gov.br\/semasc\/#\/schema\/logo\/image\/\",\"url\":\"https:\/\/www.manaus.am.gov.br\/semasc\/wp-content\/uploads\/sites\/17\/2024\/07\/favicon.png\",\"contentUrl\":\"https:\/\/www.manaus.am.gov.br\/semasc\/wp-content\/uploads\/sites\/17\/2024\/07\/favicon.png\",\"width\":300,\"height\":300,\"caption\":\"Prefeitura de Manaus\"},\"image\":{\"@id\":\"https:\/\/www.manaus.am.gov.br\/semasc\/#\/schema\/logo\/image\/\"},\"sameAs\":[\"https:\/\/www.facebook.com\/semascmanaus\",\"https:\/\/www.instagram.com\/semascmanaus\/\"]},{\"@type\":\"Person\",\"@id\":\"https:\/\/www.manaus.am.gov.br\/semasc\/#\/schema\/person\/05d223aea2bf115f9883a6ff3683d81b\",\"name\":\"Bruna Greco\",\"image\":{\"@type\":\"ImageObject\",\"inLanguage\":\"pt-BR\",\"@id\":\"https:\/\/www.manaus.am.gov.br\/semasc\/#\/schema\/person\/image\/\",\"url\":\"https:\/\/secure.gravatar.com\/avatar\/9c877d1a6adc2a055330e5c09a8653ce?s=96&d=mm&r=g\",\"contentUrl\":\"https:\/\/secure.gravatar.com\/avatar\/9c877d1a6adc2a055330e5c09a8653ce?s=96&d=mm&r=g\",\"caption\":\"Bruna Greco\"}}]}<\/script>\n<!-- \/ Yoast SEO plugin. -->","yoast_head_json":{"title":"Prefeitura realiza a\u00e7\u00e3o de sensibiliza\u00e7\u00e3o contra o abuso sexual infantil no shopping Phelippe Daou","robots":{"index":"noindex","follow":"follow"},"og_locale":"pt_BR","og_type":"article","og_title":"Prefeitura realiza a\u00e7\u00e3o de sensibiliza\u00e7\u00e3o contra o abuso sexual infantil no shopping Phelippe Daou","og_url":"https:\/\/www.manaus.am.gov.br\/semasc\/prefeitura-realiza-acao-de-sensibilizacao-contra-o-abuso-sexual-infantil-no-shopping-phelippe-daou\/","og_site_name":"SEMASC","article_publisher":"https:\/\/www.facebook.com\/semascmanaus","article_published_time":"2023-05-23T19:23:51+00:00","article_modified_time":"2023-05-23T19:23:53+00:00","og_image":[{"width":2048,"height":1295,"url":"https:\/\/www.manaus.am.gov.br\/semasc\/wp-content\/uploads\/sites\/17\/2023\/05\/52920392624_cad5f94bdf_k.jpg","type":"image\/jpeg"}],"author":"Bruna Greco","twitter_card":"summary_large_image","twitter_misc":{"Written by":"Bruna Greco","Est. reading time":"4 minutos"},"schema":{"@context":"https:\/\/schema.org","@graph":[{"@type":"Article","@id":"https:\/\/www.manaus.am.gov.br\/semasc\/prefeitura-realiza-acao-de-sensibilizacao-contra-o-abuso-sexual-infantil-no-shopping-phelippe-daou\/#article","isPartOf":{"@id":"https:\/\/www.manaus.am.gov.br\/semasc\/prefeitura-realiza-acao-de-sensibilizacao-contra-o-abuso-sexual-infantil-no-shopping-phelippe-daou\/"},"author":{"name":"Bruna Greco","@id":"https:\/\/www.manaus.am.gov.br\/semasc\/#\/schema\/person\/05d223aea2bf115f9883a6ff3683d81b"},"headline":"Prefeitura realiza a\u00e7\u00e3o de sensibiliza\u00e7\u00e3o contra o abuso sexual infantil no shopping Phelippe Daou","datePublished":"2023-05-23T19:23:51+00:00","dateModified":"2023-05-23T19:23:53+00:00","mainEntityOfPage":{"@id":"https:\/\/www.manaus.am.gov.br\/semasc\/prefeitura-realiza-acao-de-sensibilizacao-contra-o-abuso-sexual-infantil-no-shopping-phelippe-daou\/"},"wordCount":626,"publisher":{"@id":"https:\/\/www.manaus.am.gov.br\/semasc\/#organization"},"image":{"@id":"https:\/\/www.manaus.am.gov.br\/semasc\/prefeitura-realiza-acao-de-sensibilizacao-contra-o-abuso-sexual-infantil-no-shopping-phelippe-daou\/#primaryimage"},"thumbnailUrl":"https:\/\/www.manaus.am.gov.br\/semasc\/wp-content\/uploads\/sites\/17\/2023\/05\/52920392624_cad5f94bdf_k.jpg","keywords":["a\u00e7\u00e3o de sensibiliza\u00e7\u00e3o","campanha municipal \u201cMaio Laranja\u201d","ontra o abuso sexual infantil","prefeitura de manaus","Semasc","shopping phelippe daou"],"articleSection":["Campanha"],"inLanguage":"pt-BR"},{"@type":"WebPage","@id":"https:\/\/www.manaus.am.gov.br\/semasc\/prefeitura-realiza-acao-de-sensibilizacao-contra-o-abuso-sexual-infantil-no-shopping-phelippe-daou\/","url":"https:\/\/www.manaus.am.gov.br\/semasc\/prefeitura-realiza-acao-de-sensibilizacao-contra-o-abuso-sexual-infantil-no-shopping-phelippe-daou\/","name":"Prefeitura realiza a\u00e7\u00e3o de sensibiliza\u00e7\u00e3o contra o abuso sexual infantil no shopping Phelippe Daou","isPartOf":{"@id":"https:\/\/www.manaus.am.gov.br\/semasc\/#website"},"primaryImageOfPage":{"@id":"https:\/\/www.manaus.am.gov.br\/semasc\/prefeitura-realiza-acao-de-sensibilizacao-contra-o-abuso-sexual-infantil-no-shopping-phelippe-daou\/#primaryimage"},"image":{"@id":"https:\/\/www.manaus.am.gov.br\/semasc\/prefeitura-realiza-acao-de-sensibilizacao-contra-o-abuso-sexual-infantil-no-shopping-phelippe-daou\/#primaryimage"},"thumbnailUrl":"https:\/\/www.manaus.am.gov.br\/semasc\/wp-content\/uploads\/sites\/17\/2023\/05\/52920392624_cad5f94bdf_k.jpg","datePublished":"2023-05-23T19:23:51+00:00","dateModified":"2023-05-23T19:23:53+00:00","breadcrumb":{"@id":"https:\/\/www.manaus.am.gov.br\/semasc\/prefeitura-realiza-acao-de-sensibilizacao-contra-o-abuso-sexual-infantil-no-shopping-phelippe-daou\/#breadcrumb"},"inLanguage":"pt-BR","potentialAction":[{"@type":"ReadAction","target":["https:\/\/www.manaus.am.gov.br\/semasc\/prefeitura-realiza-acao-de-sensibilizacao-contra-o-abuso-sexual-infantil-no-shopping-phelippe-daou\/"]}]},{"@type":"ImageObject","inLanguage":"pt-BR","@id":"https:\/\/www.manaus.am.gov.br\/semasc\/prefeitura-realiza-acao-de-sensibilizacao-contra-o-abuso-sexual-infantil-no-shopping-phelippe-daou\/#primaryimage","url":"https:\/\/www.manaus.am.gov.br\/semasc\/wp-content\/uploads\/sites\/17\/2023\/05\/52920392624_cad5f94bdf_k.jpg","contentUrl":"https:\/\/www.manaus.am.gov.br\/semasc\/wp-content\/uploads\/sites\/17\/2023\/05\/52920392624_cad5f94bdf_k.jpg","width":2048,"height":1295},{"@type":"BreadcrumbList","@id":"https:\/\/www.manaus.am.gov.br\/semasc\/prefeitura-realiza-acao-de-sensibilizacao-contra-o-abuso-sexual-infantil-no-shopping-phelippe-daou\/#breadcrumb","itemListElement":[{"@type":"ListItem","position":1,"name":"Home","item":"https:\/\/www.manaus.am.gov.br\/semasc\/"},{"@type":"ListItem","position":2,"name":"Prefeitura realiza a\u00e7\u00e3o de sensibiliza\u00e7\u00e3o contra o abuso sexual infantil no shopping Phelippe Daou"}]},{"@type":"WebSite","@id":"https:\/\/www.manaus.am.gov.br\/semasc\/#website","url":"https:\/\/www.manaus.am.gov.br\/semasc\/","name":"SEMASC","description":"Secretaria Municipal da Mulher, Assist\u00eancia Social e Cidadania.","publisher":{"@id":"https:\/\/www.manaus.am.gov.br\/semasc\/#organization"},"alternateName":"Secretaria Municipal da Mulher, Assist\u00eancia Social e Cidadania","potentialAction":[{"@type":"SearchAction","target":{"@type":"EntryPoint","urlTemplate":"https:\/\/www.manaus.am.gov.br\/semasc\/?s={search_term_string}"},"query-input":"required name=search_term_string"}],"inLanguage":"pt-BR"},{"@type":"Organization","@id":"https:\/\/www.manaus.am.gov.br\/semasc\/#organization","name":"Prefeitura de Manaus","alternateName":"Prefeitura Municipal de Manaus","url":"https:\/\/www.manaus.am.gov.br\/semasc\/","logo":{"@type":"ImageObject","inLanguage":"pt-BR","@id":"https:\/\/www.manaus.am.gov.br\/semasc\/#\/schema\/logo\/image\/","url":"https:\/\/www.manaus.am.gov.br\/semasc\/wp-content\/uploads\/sites\/17\/2024\/07\/favicon.png","contentUrl":"https:\/\/www.manaus.am.gov.br\/semasc\/wp-content\/uploads\/sites\/17\/2024\/07\/favicon.png","width":300,"height":300,"caption":"Prefeitura de Manaus"},"image":{"@id":"https:\/\/www.manaus.am.gov.br\/semasc\/#\/schema\/logo\/image\/"},"sameAs":["https:\/\/www.facebook.com\/semascmanaus","https:\/\/www.instagram.com\/semascmanaus\/"]},{"@type":"Person","@id":"https:\/\/www.manaus.am.gov.br\/semasc\/#\/schema\/person\/05d223aea2bf115f9883a6ff3683d81b","name":"Bruna Greco","image":{"@type":"ImageObject","inLanguage":"pt-BR","@id":"https:\/\/www.manaus.am.gov.br\/semasc\/#\/schema\/person\/image\/","url":"https:\/\/secure.gravatar.com\/avatar\/9c877d1a6adc2a055330e5c09a8653ce?s=96&d=mm&r=g","contentUrl":"https:\/\/secure.gravatar.com\/avatar\/9c877d1a6adc2a055330e5c09a8653ce?s=96&d=mm&r=g","caption":"Bruna Greco"}}]}},"_links":{"self":[{"href":"https:\/\/www.manaus.am.gov.br\/semasc\/wp-json\/wp\/v2\/posts\/207617"}],"collection":[{"href":"https:\/\/www.manaus.am.gov.br\/semasc\/wp-json\/wp\/v2\/posts"}],"about":[{"href":"https:\/\/www.manaus.am.gov.br\/semasc\/wp-json\/wp\/v2\/types\/post"}],"author":[{"embeddable":true,"href":"https:\/\/www.manaus.am.gov.br\/semasc\/wp-json\/wp\/v2\/users\/39"}],"replies":[{"embeddable":true,"href":"https:\/\/www.manaus.am.gov.br\/semasc\/wp-json\/wp\/v2\/comments?post=207617"}],"version-history":[{"count":0,"href":"https:\/\/www.manaus.am.gov.br\/semasc\/wp-json\/wp\/v2\/posts\/207617\/revisions"}],"wp:featuredmedia":[{"embeddable":true,"href":"https:\/\/www.manaus.am.gov.br\/semasc\/wp-json\/wp\/v2\/media\/207618"}],"wp:attachment":[{"href":"https:\/\/www.manaus.am.gov.br\/semasc\/wp-json\/wp\/v2\/media?parent=207617"}],"wp:term":[{"taxonomy":"category","embeddable":true,"href":"https:\/\/www.manaus.am.gov.br\/semasc\/wp-json\/wp\/v2\/categories?post=207617"},{"taxonomy":"post_tag","embeddable":true,"href":"https:\/\/www.manaus.am.gov.br\/semasc\/wp-json\/wp\/v2\/tags?post=207617"}],"curies":[{"name":"wp","href":"https:\/\/api.w.org\/{rel}","templated":true}]}}