{"id":207615,"date":"2023-05-23T14:51:58","date_gmt":"2023-05-23T18:51:58","guid":{"rendered":"https:\/\/www.manaus.am.gov.br\/semasc\/inscricoes-para-a-candidatura-de-conselheiros-tutelares-se-encerram-nesta-quinta-feira-25-5\/"},"modified":"2023-05-23T14:52:00","modified_gmt":"2023-05-23T18:52:00","slug":"inscricoes-para-a-candidatura-de-conselheiros-tutelares-se-encerram-nesta-quinta-feira-25-5","status":"publish","type":"post","link":"https:\/\/www.manaus.am.gov.br\/semasc\/inscricoes-para-a-candidatura-de-conselheiros-tutelares-se-encerram-nesta-quinta-feira-25-5\/","title":{"rendered":"<strong>Inscri\u00e7\u00f5es para a candidatura de conselheiros tutelares se encerram nesta quinta-feira, 25\/5<\/strong>"},"content":{"rendered":"\n<p>Em prorroga\u00e7\u00e3o \u00e0 data originalmente determinada, 19\/5, a Prefeitura de Manaus, por meio da Secretaria Municipal da Mulher, Assist\u00eancia Social e Cidadania (Semasc), e o Conselho Municipal dos Direitos da Crian\u00e7a e do Adolescente de Manaus (CMDCA), informa que o prazo para a inscri\u00e7\u00e3o e pr\u00e9-habilita\u00e7\u00e3o das candidaturas para conselheiros tutelares se encerra na pr\u00f3xima quinta-feira, 25. &nbsp;<\/p>\n\n\n\n<p>De acordo com o edital, publicado novamente na \u00faltima segunda-feira, 22, na edi\u00e7\u00e3o 5.590, do Di\u00e1rio Oficial do Munic\u00edpio (DOM), os pr\u00e9-candidatos t\u00eam at\u00e9 esta semana para comparecer \u00e0 sede do CMDCA, localizada no Centro Social Urbano (CSU) do Parque 10 de Novembro, na avenida Perimetral, bairro Parque 10 de Novembro, zona Centro-Sul da cidade, para apresentar a documenta\u00e7\u00e3o requisitada.<\/p>\n\n\n\n<p>\u201cConsiderando alguns fatores, como o volume populacional da cidade de Manaus, que atualmente conta com mais de 2 milh\u00f5es de habitantes, entendemos que as 315 inscri\u00e7\u00f5es registradas at\u00e9 o dia 19 seriam insuficientes para uma elei\u00e7\u00e3o justa de 50 titulares e 200 suplentes. Por conta disso, a comiss\u00e3o organizadora optou pela prorroga\u00e7\u00e3o e agora aguardamos, ao menos, um total de 500 candidaturas habilitadas at\u00e9 o fim do novo prazo\u201d, afirmou a presidente do CMDCA e subsecret\u00e1ria municipal de Pol\u00edticas Afirmativas para Mulher e Direitos Humanos, Gra\u00e7a Prola.<\/p>\n\n\n\n<p><strong>Requisitos para a candidatura<\/strong><\/p>\n\n\n\n<p>Para se inscrever, o candidato precisa ter idade a partir de 21 anos, residir no munic\u00edpio de Manaus h\u00e1 pelo menos dois anos, ter experi\u00eancia com atividades de defesa, atendimento ou promo\u00e7\u00e3o dos direitos da crian\u00e7a e do adolescente, com o m\u00ednimo de dois anos de trabalho na \u00e1rea, estar em dia com as obriga\u00e7\u00f5es eleitorais e militares (em caso de candidato do sexo masculino), ser brasileiro nato ou naturalizado, apresentar comprova\u00e7\u00e3o de conclus\u00e3o do ensino m\u00e9dio e ter reconhecida sua idoneidade moral (comprovada por certid\u00f5es originais e atualizadas expedidas pelos foros c\u00edvel e criminal da Justi\u00e7a Federal e Estadual).<\/p>\n\n\n\n<p><strong>Cadastro de eleitores<\/strong><\/p>\n\n\n\n<p>Encerradas as inscri\u00e7\u00f5es de novas candidaturas, a popula\u00e7\u00e3o, a partir da pr\u00f3xima sexta-feira, 26\/5, ter\u00e1 at\u00e9 o dia 30\/6 para efetivar a atualiza\u00e7\u00e3o do seu cadastro eleitoral, garantindo o seu direito ao voto.<\/p>\n\n\n\n<p>A novidade apresentada neste pleito, por sua vez, \u00e9 a liberdade oferecida ao eleitor de poder escolher e votar em seu candidato de prefer\u00eancia dentro da zona em que este est\u00e1 concorrendo, independente da zona de resid\u00eancia do pr\u00f3prio eleitor.<\/p>\n\n\n\n<p>\u201cPor exemplo, um morador da zona Centro-Sul que tem uma admira\u00e7\u00e3o pelo trabalho de um candidato da zona Norte, agora poder\u00e1 se cadastrar como um eleitor da zona Norte e votar no seu candidato, sendo necess\u00e1ria, entretanto, a locomo\u00e7\u00e3o at\u00e9 o local de vota\u00e7\u00e3o respons\u00e1vel pela zona escolhida\u201d, explicou a subsecret\u00e1ria.<\/p>\n\n\n\n<p>Para atualizar o cadastro eleitoral, os eleitores dever\u00e3o se apresentar ao Tribunal Regional Eleitoral (TRE), localizado na avenida Andr\u00e9 Ara\u00fajo, no bairro Aleixo, zona Centro-Sul de Manaus, portando carteira de identidade (RG), Cadastro de Pessoa F\u00edsica (CPF) e comprovante de resid\u00eancia.<\/p>\n\n\n\n<p>&#8212; &#8212; &#8212;<\/p>\n\n\n\n<p><strong>Texto &#8211;<\/strong>&nbsp;Guilherme Ara\u00fajo Pacheco \/ Semasc&nbsp;<\/p>\n\n\n\n<p><strong>Fotos &#8211;&nbsp;<\/strong>Marcely Gomes \/ Semasc<\/p>\n","protected":false},"excerpt":{"rendered":"","protected":false},"author":24,"featured_media":207616,"comment_status":"closed","ping_status":"closed","sticky":false,"template":"","format":"standard","meta":{"footnotes":""},"categories":[34],"tags":[42,43,44,45,46,47,48,49,7,18],"acf":[],"yoast_head":"<!-- This site is optimized with the Yoast SEO plugin v23.0 - https:\/\/yoast.com\/wordpress\/plugins\/seo\/ -->\n<title>Inscri\u00e7\u00f5es para a candidatura de conselheiros tutelares se encerram nesta quinta-feira, 25\/5 - SEMASC<\/title>\n<meta name=\"description\" content=\"Em prorroga\u00e7\u00e3o \u00e0 data originalmente determinada, 19\/5, a Prefeitura de Manaus, por meio da Secretaria Municipal da Mulher, Assist\u00eancia Social e Cidadania (Semasc), e o Conselho Municipal dos Direitos da Crian\u00e7a e do Adolescente de Manaus (CMDCA), informa que o prazo para a inscri\u00e7\u00e3o e pr\u00e9-habilita\u00e7\u00e3o das candidaturas para conselheiros tutelares se encerra na pr\u00f3xima quinta-feira, 25. \u00a0\" \/>\n<meta name=\"robots\" content=\"noindex, follow\" \/>\n<meta property=\"og:locale\" content=\"pt_BR\" \/>\n<meta property=\"og:type\" content=\"article\" \/>\n<meta property=\"og:title\" content=\"Inscri\u00e7\u00f5es para a candidatura de conselheiros tutelares se encerram nesta quinta-feira, 25\/5 - SEMASC\" \/>\n<meta property=\"og:description\" content=\"Em prorroga\u00e7\u00e3o \u00e0 data originalmente determinada, 19\/5, a Prefeitura de Manaus, por meio da Secretaria Municipal da Mulher, Assist\u00eancia Social e Cidadania (Semasc), e o Conselho Municipal dos Direitos da Crian\u00e7a e do Adolescente de Manaus (CMDCA), informa que o prazo para a inscri\u00e7\u00e3o e pr\u00e9-habilita\u00e7\u00e3o das candidaturas para conselheiros tutelares se encerra na pr\u00f3xima quinta-feira, 25. \u00a0\" \/>\n<meta property=\"og:url\" content=\"https:\/\/www.manaus.am.gov.br\/semasc\/inscricoes-para-a-candidatura-de-conselheiros-tutelares-se-encerram-nesta-quinta-feira-25-5\/\" \/>\n<meta property=\"og:site_name\" content=\"SEMASC\" \/>\n<meta property=\"article:publisher\" content=\"https:\/\/www.facebook.com\/semascmanaus\" \/>\n<meta property=\"article:published_time\" content=\"2023-05-23T18:51:58+00:00\" \/>\n<meta property=\"article:modified_time\" content=\"2023-05-23T18:52:00+00:00\" \/>\n<meta property=\"og:image\" content=\"https:\/\/www.manaus.am.gov.br\/semasc\/wp-content\/uploads\/sites\/17\/2023\/05\/FOTO-GRACA-PROLA-scaled.jpg\" \/>\n\t<meta property=\"og:image:width\" content=\"2560\" \/>\n\t<meta property=\"og:image:height\" content=\"1606\" \/>\n\t<meta property=\"og:image:type\" content=\"image\/jpeg\" \/>\n<meta name=\"author\" content=\"Cl\u00e1udia Barbosa\" \/>\n<meta name=\"twitter:card\" content=\"summary_large_image\" \/>\n<meta name=\"twitter:label1\" content=\"Written by\" \/>\n\t<meta name=\"twitter:data1\" content=\"Cl\u00e1udia Barbosa\" \/>\n\t<meta name=\"twitter:label2\" content=\"Est. reading time\" \/>\n\t<meta name=\"twitter:data2\" content=\"3 minutos\" \/>\n<script type=\"application\/ld+json\" class=\"yoast-schema-graph\">{\"@context\":\"https:\/\/schema.org\",\"@graph\":[{\"@type\":\"Article\",\"@id\":\"https:\/\/www.manaus.am.gov.br\/semasc\/inscricoes-para-a-candidatura-de-conselheiros-tutelares-se-encerram-nesta-quinta-feira-25-5\/#article\",\"isPartOf\":{\"@id\":\"https:\/\/www.manaus.am.gov.br\/semasc\/inscricoes-para-a-candidatura-de-conselheiros-tutelares-se-encerram-nesta-quinta-feira-25-5\/\"},\"author\":{\"name\":\"Cl\u00e1udia Barbosa\",\"@id\":\"https:\/\/www.manaus.am.gov.br\/semasc\/#\/schema\/person\/d0a166b5031154c33c77794ddc9a827e\"},\"headline\":\"Inscri\u00e7\u00f5es para a candidatura de conselheiros tutelares se encerram nesta quinta-feira, 25\/5\",\"datePublished\":\"2023-05-23T18:51:58+00:00\",\"dateModified\":\"2023-05-23T18:52:00+00:00\",\"mainEntityOfPage\":{\"@id\":\"https:\/\/www.manaus.am.gov.br\/semasc\/inscricoes-para-a-candidatura-de-conselheiros-tutelares-se-encerram-nesta-quinta-feira-25-5\/\"},\"wordCount\":539,\"publisher\":{\"@id\":\"https:\/\/www.manaus.am.gov.br\/semasc\/#organization\"},\"image\":{\"@id\":\"https:\/\/www.manaus.am.gov.br\/semasc\/inscricoes-para-a-candidatura-de-conselheiros-tutelares-se-encerram-nesta-quinta-feira-25-5\/#primaryimage\"},\"thumbnailUrl\":\"https:\/\/www.manaus.am.gov.br\/semasc\/wp-content\/uploads\/sites\/17\/2023\/05\/FOTO-GRACA-PROLA-scaled.jpg\",\"keywords\":[\"candidaturas\",\"conselheiros tutelares\",\"Conselho Municipal dos Direitos da Crian\u00e7a e do Adolescente de Manaus\",\"Di\u00e1rio Oficial do Munic\u00edpio\",\"DOM\",\"Gra\u00e7a Prola\",\"inscri\u00e7\u00e3o\",\"pr\u00e9-habilita\u00e7\u00e3o\",\"prefeitura de manaus\",\"Semasc\"],\"articleSection\":[\"Assist\u00eancia Social\"],\"inLanguage\":\"pt-BR\"},{\"@type\":\"WebPage\",\"@id\":\"https:\/\/www.manaus.am.gov.br\/semasc\/inscricoes-para-a-candidatura-de-conselheiros-tutelares-se-encerram-nesta-quinta-feira-25-5\/\",\"url\":\"https:\/\/www.manaus.am.gov.br\/semasc\/inscricoes-para-a-candidatura-de-conselheiros-tutelares-se-encerram-nesta-quinta-feira-25-5\/\",\"name\":\"Inscri\u00e7\u00f5es para a candidatura de conselheiros tutelares se encerram nesta quinta-feira, 25\/5 - SEMASC\",\"isPartOf\":{\"@id\":\"https:\/\/www.manaus.am.gov.br\/semasc\/#website\"},\"primaryImageOfPage\":{\"@id\":\"https:\/\/www.manaus.am.gov.br\/semasc\/inscricoes-para-a-candidatura-de-conselheiros-tutelares-se-encerram-nesta-quinta-feira-25-5\/#primaryimage\"},\"image\":{\"@id\":\"https:\/\/www.manaus.am.gov.br\/semasc\/inscricoes-para-a-candidatura-de-conselheiros-tutelares-se-encerram-nesta-quinta-feira-25-5\/#primaryimage\"},\"thumbnailUrl\":\"https:\/\/www.manaus.am.gov.br\/semasc\/wp-content\/uploads\/sites\/17\/2023\/05\/FOTO-GRACA-PROLA-scaled.jpg\",\"datePublished\":\"2023-05-23T18:51:58+00:00\",\"dateModified\":\"2023-05-23T18:52:00+00:00\",\"description\":\"Em prorroga\u00e7\u00e3o \u00e0 data originalmente determinada, 19\/5, a Prefeitura de Manaus, por meio da Secretaria Municipal da Mulher, Assist\u00eancia Social e Cidadania (Semasc), e o Conselho Municipal dos Direitos da Crian\u00e7a e do Adolescente de Manaus (CMDCA), informa que o prazo para a inscri\u00e7\u00e3o e pr\u00e9-habilita\u00e7\u00e3o das candidaturas para conselheiros tutelares se encerra na pr\u00f3xima quinta-feira, 25. \u00a0\",\"breadcrumb\":{\"@id\":\"https:\/\/www.manaus.am.gov.br\/semasc\/inscricoes-para-a-candidatura-de-conselheiros-tutelares-se-encerram-nesta-quinta-feira-25-5\/#breadcrumb\"},\"inLanguage\":\"pt-BR\",\"potentialAction\":[{\"@type\":\"ReadAction\",\"target\":[\"https:\/\/www.manaus.am.gov.br\/semasc\/inscricoes-para-a-candidatura-de-conselheiros-tutelares-se-encerram-nesta-quinta-feira-25-5\/\"]}]},{\"@type\":\"ImageObject\",\"inLanguage\":\"pt-BR\",\"@id\":\"https:\/\/www.manaus.am.gov.br\/semasc\/inscricoes-para-a-candidatura-de-conselheiros-tutelares-se-encerram-nesta-quinta-feira-25-5\/#primaryimage\",\"url\":\"https:\/\/www.manaus.am.gov.br\/semasc\/wp-content\/uploads\/sites\/17\/2023\/05\/FOTO-GRACA-PROLA-scaled.jpg\",\"contentUrl\":\"https:\/\/www.manaus.am.gov.br\/semasc\/wp-content\/uploads\/sites\/17\/2023\/05\/FOTO-GRACA-PROLA-scaled.jpg\",\"width\":2560,\"height\":1606},{\"@type\":\"BreadcrumbList\",\"@id\":\"https:\/\/www.manaus.am.gov.br\/semasc\/inscricoes-para-a-candidatura-de-conselheiros-tutelares-se-encerram-nesta-quinta-feira-25-5\/#breadcrumb\",\"itemListElement\":[{\"@type\":\"ListItem\",\"position\":1,\"name\":\"Home\",\"item\":\"https:\/\/www.manaus.am.gov.br\/semasc\/\"},{\"@type\":\"ListItem\",\"position\":2,\"name\":\"Inscri\u00e7\u00f5es para a candidatura de conselheiros tutelares se encerram nesta quinta-feira, 25\/5\"}]},{\"@type\":\"WebSite\",\"@id\":\"https:\/\/www.manaus.am.gov.br\/semasc\/#website\",\"url\":\"https:\/\/www.manaus.am.gov.br\/semasc\/\",\"name\":\"SEMASC\",\"description\":\"Secretaria Municipal da Mulher, Assist\u00eancia Social e Cidadania.\",\"publisher\":{\"@id\":\"https:\/\/www.manaus.am.gov.br\/semasc\/#organization\"},\"alternateName\":\"Secretaria Municipal da Mulher, Assist\u00eancia Social e Cidadania\",\"potentialAction\":[{\"@type\":\"SearchAction\",\"target\":{\"@type\":\"EntryPoint\",\"urlTemplate\":\"https:\/\/www.manaus.am.gov.br\/semasc\/?s={search_term_string}\"},\"query-input\":\"required name=search_term_string\"}],\"inLanguage\":\"pt-BR\"},{\"@type\":\"Organization\",\"@id\":\"https:\/\/www.manaus.am.gov.br\/semasc\/#organization\",\"name\":\"Prefeitura de Manaus\",\"alternateName\":\"Prefeitura Municipal de Manaus\",\"url\":\"https:\/\/www.manaus.am.gov.br\/semasc\/\",\"logo\":{\"@type\":\"ImageObject\",\"inLanguage\":\"pt-BR\",\"@id\":\"https:\/\/www.manaus.am.gov.br\/semasc\/#\/schema\/logo\/image\/\",\"url\":\"https:\/\/www.manaus.am.gov.br\/semasc\/wp-content\/uploads\/sites\/17\/2024\/07\/favicon.png\",\"contentUrl\":\"https:\/\/www.manaus.am.gov.br\/semasc\/wp-content\/uploads\/sites\/17\/2024\/07\/favicon.png\",\"width\":300,\"height\":300,\"caption\":\"Prefeitura de Manaus\"},\"image\":{\"@id\":\"https:\/\/www.manaus.am.gov.br\/semasc\/#\/schema\/logo\/image\/\"},\"sameAs\":[\"https:\/\/www.facebook.com\/semascmanaus\",\"https:\/\/www.instagram.com\/semascmanaus\/\"]},{\"@type\":\"Person\",\"@id\":\"https:\/\/www.manaus.am.gov.br\/semasc\/#\/schema\/person\/d0a166b5031154c33c77794ddc9a827e\",\"name\":\"Cl\u00e1udia Barbosa\",\"image\":{\"@type\":\"ImageObject\",\"inLanguage\":\"pt-BR\",\"@id\":\"https:\/\/www.manaus.am.gov.br\/semasc\/#\/schema\/person\/image\/\",\"url\":\"https:\/\/secure.gravatar.com\/avatar\/42958a1cf007f1a00534009218c72590?s=96&d=mm&r=g\",\"contentUrl\":\"https:\/\/secure.gravatar.com\/avatar\/42958a1cf007f1a00534009218c72590?s=96&d=mm&r=g\",\"caption\":\"Cl\u00e1udia Barbosa\"}}]}<\/script>\n<!-- \/ Yoast SEO plugin. -->","yoast_head_json":{"title":"Inscri\u00e7\u00f5es para a candidatura de conselheiros tutelares se encerram nesta quinta-feira, 25\/5 - SEMASC","description":"Em prorroga\u00e7\u00e3o \u00e0 data originalmente determinada, 19\/5, a Prefeitura de Manaus, por meio da Secretaria Municipal da Mulher, Assist\u00eancia Social e Cidadania (Semasc), e o Conselho Municipal dos Direitos da Crian\u00e7a e do Adolescente de Manaus (CMDCA), informa que o prazo para a inscri\u00e7\u00e3o e pr\u00e9-habilita\u00e7\u00e3o das candidaturas para conselheiros tutelares se encerra na pr\u00f3xima quinta-feira, 25. \u00a0","robots":{"index":"noindex","follow":"follow"},"og_locale":"pt_BR","og_type":"article","og_title":"Inscri\u00e7\u00f5es para a candidatura de conselheiros tutelares se encerram nesta quinta-feira, 25\/5 - SEMASC","og_description":"Em prorroga\u00e7\u00e3o \u00e0 data originalmente determinada, 19\/5, a Prefeitura de Manaus, por meio da Secretaria Municipal da Mulher, Assist\u00eancia Social e Cidadania (Semasc), e o Conselho Municipal dos Direitos da Crian\u00e7a e do Adolescente de Manaus (CMDCA), informa que o prazo para a inscri\u00e7\u00e3o e pr\u00e9-habilita\u00e7\u00e3o das candidaturas para conselheiros tutelares se encerra na pr\u00f3xima quinta-feira, 25. \u00a0","og_url":"https:\/\/www.manaus.am.gov.br\/semasc\/inscricoes-para-a-candidatura-de-conselheiros-tutelares-se-encerram-nesta-quinta-feira-25-5\/","og_site_name":"SEMASC","article_publisher":"https:\/\/www.facebook.com\/semascmanaus","article_published_time":"2023-05-23T18:51:58+00:00","article_modified_time":"2023-05-23T18:52:00+00:00","og_image":[{"width":2560,"height":1606,"url":"https:\/\/www.manaus.am.gov.br\/semasc\/wp-content\/uploads\/sites\/17\/2023\/05\/FOTO-GRACA-PROLA-scaled.jpg","type":"image\/jpeg"}],"author":"Cl\u00e1udia Barbosa","twitter_card":"summary_large_image","twitter_misc":{"Written by":"Cl\u00e1udia Barbosa","Est. reading time":"3 minutos"},"schema":{"@context":"https:\/\/schema.org","@graph":[{"@type":"Article","@id":"https:\/\/www.manaus.am.gov.br\/semasc\/inscricoes-para-a-candidatura-de-conselheiros-tutelares-se-encerram-nesta-quinta-feira-25-5\/#article","isPartOf":{"@id":"https:\/\/www.manaus.am.gov.br\/semasc\/inscricoes-para-a-candidatura-de-conselheiros-tutelares-se-encerram-nesta-quinta-feira-25-5\/"},"author":{"name":"Cl\u00e1udia Barbosa","@id":"https:\/\/www.manaus.am.gov.br\/semasc\/#\/schema\/person\/d0a166b5031154c33c77794ddc9a827e"},"headline":"Inscri\u00e7\u00f5es para a candidatura de conselheiros tutelares se encerram nesta quinta-feira, 25\/5","datePublished":"2023-05-23T18:51:58+00:00","dateModified":"2023-05-23T18:52:00+00:00","mainEntityOfPage":{"@id":"https:\/\/www.manaus.am.gov.br\/semasc\/inscricoes-para-a-candidatura-de-conselheiros-tutelares-se-encerram-nesta-quinta-feira-25-5\/"},"wordCount":539,"publisher":{"@id":"https:\/\/www.manaus.am.gov.br\/semasc\/#organization"},"image":{"@id":"https:\/\/www.manaus.am.gov.br\/semasc\/inscricoes-para-a-candidatura-de-conselheiros-tutelares-se-encerram-nesta-quinta-feira-25-5\/#primaryimage"},"thumbnailUrl":"https:\/\/www.manaus.am.gov.br\/semasc\/wp-content\/uploads\/sites\/17\/2023\/05\/FOTO-GRACA-PROLA-scaled.jpg","keywords":["candidaturas","conselheiros tutelares","Conselho Municipal dos Direitos da Crian\u00e7a e do Adolescente de Manaus","Di\u00e1rio Oficial do Munic\u00edpio","DOM","Gra\u00e7a Prola","inscri\u00e7\u00e3o","pr\u00e9-habilita\u00e7\u00e3o","prefeitura de manaus","Semasc"],"articleSection":["Assist\u00eancia Social"],"inLanguage":"pt-BR"},{"@type":"WebPage","@id":"https:\/\/www.manaus.am.gov.br\/semasc\/inscricoes-para-a-candidatura-de-conselheiros-tutelares-se-encerram-nesta-quinta-feira-25-5\/","url":"https:\/\/www.manaus.am.gov.br\/semasc\/inscricoes-para-a-candidatura-de-conselheiros-tutelares-se-encerram-nesta-quinta-feira-25-5\/","name":"Inscri\u00e7\u00f5es para a candidatura de conselheiros tutelares se encerram nesta quinta-feira, 25\/5 - SEMASC","isPartOf":{"@id":"https:\/\/www.manaus.am.gov.br\/semasc\/#website"},"primaryImageOfPage":{"@id":"https:\/\/www.manaus.am.gov.br\/semasc\/inscricoes-para-a-candidatura-de-conselheiros-tutelares-se-encerram-nesta-quinta-feira-25-5\/#primaryimage"},"image":{"@id":"https:\/\/www.manaus.am.gov.br\/semasc\/inscricoes-para-a-candidatura-de-conselheiros-tutelares-se-encerram-nesta-quinta-feira-25-5\/#primaryimage"},"thumbnailUrl":"https:\/\/www.manaus.am.gov.br\/semasc\/wp-content\/uploads\/sites\/17\/2023\/05\/FOTO-GRACA-PROLA-scaled.jpg","datePublished":"2023-05-23T18:51:58+00:00","dateModified":"2023-05-23T18:52:00+00:00","description":"Em prorroga\u00e7\u00e3o \u00e0 data originalmente determinada, 19\/5, a Prefeitura de Manaus, por meio da Secretaria Municipal da Mulher, Assist\u00eancia Social e Cidadania (Semasc), e o Conselho Municipal dos Direitos da Crian\u00e7a e do Adolescente de Manaus (CMDCA), informa que o prazo para a inscri\u00e7\u00e3o e pr\u00e9-habilita\u00e7\u00e3o das candidaturas para conselheiros tutelares se encerra na pr\u00f3xima quinta-feira, 25. \u00a0","breadcrumb":{"@id":"https:\/\/www.manaus.am.gov.br\/semasc\/inscricoes-para-a-candidatura-de-conselheiros-tutelares-se-encerram-nesta-quinta-feira-25-5\/#breadcrumb"},"inLanguage":"pt-BR","potentialAction":[{"@type":"ReadAction","target":["https:\/\/www.manaus.am.gov.br\/semasc\/inscricoes-para-a-candidatura-de-conselheiros-tutelares-se-encerram-nesta-quinta-feira-25-5\/"]}]},{"@type":"ImageObject","inLanguage":"pt-BR","@id":"https:\/\/www.manaus.am.gov.br\/semasc\/inscricoes-para-a-candidatura-de-conselheiros-tutelares-se-encerram-nesta-quinta-feira-25-5\/#primaryimage","url":"https:\/\/www.manaus.am.gov.br\/semasc\/wp-content\/uploads\/sites\/17\/2023\/05\/FOTO-GRACA-PROLA-scaled.jpg","contentUrl":"https:\/\/www.manaus.am.gov.br\/semasc\/wp-content\/uploads\/sites\/17\/2023\/05\/FOTO-GRACA-PROLA-scaled.jpg","width":2560,"height":1606},{"@type":"BreadcrumbList","@id":"https:\/\/www.manaus.am.gov.br\/semasc\/inscricoes-para-a-candidatura-de-conselheiros-tutelares-se-encerram-nesta-quinta-feira-25-5\/#breadcrumb","itemListElement":[{"@type":"ListItem","position":1,"name":"Home","item":"https:\/\/www.manaus.am.gov.br\/semasc\/"},{"@type":"ListItem","position":2,"name":"Inscri\u00e7\u00f5es para a candidatura de conselheiros tutelares se encerram nesta quinta-feira, 25\/5"}]},{"@type":"WebSite","@id":"https:\/\/www.manaus.am.gov.br\/semasc\/#website","url":"https:\/\/www.manaus.am.gov.br\/semasc\/","name":"SEMASC","description":"Secretaria Municipal da Mulher, Assist\u00eancia Social e Cidadania.","publisher":{"@id":"https:\/\/www.manaus.am.gov.br\/semasc\/#organization"},"alternateName":"Secretaria Municipal da Mulher, Assist\u00eancia Social e Cidadania","potentialAction":[{"@type":"SearchAction","target":{"@type":"EntryPoint","urlTemplate":"https:\/\/www.manaus.am.gov.br\/semasc\/?s={search_term_string}"},"query-input":"required name=search_term_string"}],"inLanguage":"pt-BR"},{"@type":"Organization","@id":"https:\/\/www.manaus.am.gov.br\/semasc\/#organization","name":"Prefeitura de Manaus","alternateName":"Prefeitura Municipal de Manaus","url":"https:\/\/www.manaus.am.gov.br\/semasc\/","logo":{"@type":"ImageObject","inLanguage":"pt-BR","@id":"https:\/\/www.manaus.am.gov.br\/semasc\/#\/schema\/logo\/image\/","url":"https:\/\/www.manaus.am.gov.br\/semasc\/wp-content\/uploads\/sites\/17\/2024\/07\/favicon.png","contentUrl":"https:\/\/www.manaus.am.gov.br\/semasc\/wp-content\/uploads\/sites\/17\/2024\/07\/favicon.png","width":300,"height":300,"caption":"Prefeitura de Manaus"},"image":{"@id":"https:\/\/www.manaus.am.gov.br\/semasc\/#\/schema\/logo\/image\/"},"sameAs":["https:\/\/www.facebook.com\/semascmanaus","https:\/\/www.instagram.com\/semascmanaus\/"]},{"@type":"Person","@id":"https:\/\/www.manaus.am.gov.br\/semasc\/#\/schema\/person\/d0a166b5031154c33c77794ddc9a827e","name":"Cl\u00e1udia Barbosa","image":{"@type":"ImageObject","inLanguage":"pt-BR","@id":"https:\/\/www.manaus.am.gov.br\/semasc\/#\/schema\/person\/image\/","url":"https:\/\/secure.gravatar.com\/avatar\/42958a1cf007f1a00534009218c72590?s=96&d=mm&r=g","contentUrl":"https:\/\/secure.gravatar.com\/avatar\/42958a1cf007f1a00534009218c72590?s=96&d=mm&r=g","caption":"Cl\u00e1udia Barbosa"}}]}},"_links":{"self":[{"href":"https:\/\/www.manaus.am.gov.br\/semasc\/wp-json\/wp\/v2\/posts\/207615"}],"collection":[{"href":"https:\/\/www.manaus.am.gov.br\/semasc\/wp-json\/wp\/v2\/posts"}],"about":[{"href":"https:\/\/www.manaus.am.gov.br\/semasc\/wp-json\/wp\/v2\/types\/post"}],"author":[{"embeddable":true,"href":"https:\/\/www.manaus.am.gov.br\/semasc\/wp-json\/wp\/v2\/users\/24"}],"replies":[{"embeddable":true,"href":"https:\/\/www.manaus.am.gov.br\/semasc\/wp-json\/wp\/v2\/comments?post=207615"}],"version-history":[{"count":0,"href":"https:\/\/www.manaus.am.gov.br\/semasc\/wp-json\/wp\/v2\/posts\/207615\/revisions"}],"wp:featuredmedia":[{"embeddable":true,"href":"https:\/\/www.manaus.am.gov.br\/semasc\/wp-json\/wp\/v2\/media\/207616"}],"wp:attachment":[{"href":"https:\/\/www.manaus.am.gov.br\/semasc\/wp-json\/wp\/v2\/media?parent=207615"}],"wp:term":[{"taxonomy":"category","embeddable":true,"href":"https:\/\/www.manaus.am.gov.br\/semasc\/wp-json\/wp\/v2\/categories?post=207615"},{"taxonomy":"post_tag","embeddable":true,"href":"https:\/\/www.manaus.am.gov.br\/semasc\/wp-json\/wp\/v2\/tags?post=207615"}],"curies":[{"name":"wp","href":"https:\/\/api.w.org\/{rel}","templated":true}]}}