{"id":207611,"date":"2023-05-19T18:19:47","date_gmt":"2023-05-19T22:19:47","guid":{"rendered":"https:\/\/www.manaus.am.gov.br\/semasc\/prefeito-inaugura-primeiro-centro-de-convivencia-da-familia-e-do-idoso-na-zona-leste-de-manaus\/"},"modified":"2023-05-19T18:22:01","modified_gmt":"2023-05-19T22:22:01","slug":"prefeito-inaugura-primeiro-centro-de-convivencia-da-familia-e-do-idoso-na-zona-leste-de-manaus","status":"publish","type":"post","link":"https:\/\/www.manaus.am.gov.br\/semasc\/prefeito-inaugura-primeiro-centro-de-convivencia-da-familia-e-do-idoso-na-zona-leste-de-manaus\/","title":{"rendered":"<strong>Prefeito inaugura primeiro Centro de Conviv\u00eancia da Fam\u00edlia e do Idoso na zona Leste de Manaus<\/strong>"},"content":{"rendered":"\n<p>O prefeito de Manaus, David Almeida, entregou, nesta sexta-feira, 19\/5, o Centro de Conviv\u00eancia da Fam\u00edlia e do Idoso Prefeito Jos\u00e9 Fernandes, localizado na rua Barreirinha, no bairro S\u00e3o Jos\u00e9 3, zona Leste. O espa\u00e7o \u00e9 o primeiro na regi\u00e3o e ser\u00e1 administrado pela Secretaria Municipal da Mulher, Assist\u00eancia Social e Cidadania (Semasc).<\/p>\n\n\n\n<p>A constru\u00e7\u00e3o do novo espa\u00e7o p\u00fablico custou R$ 3 milh\u00f5es e foi fruto das emendas parlamentares dos deputados federais Concei\u00e7\u00e3o Sampaio e Jos\u00e9 Ricardo.<\/p>\n\n\n\n<p>David Almeida fez quest\u00e3o de destacar e agradecer esse apoio que proporcionou um espa\u00e7o moderno para os moradores da zona Leste.<\/p>\n\n\n\n<p>&#8220;Voc\u00eas podem ver como \u00e9 dif\u00edcil executar obras no servi\u00e7o p\u00fablico. Os recursos para esta constru\u00e7\u00e3o foram destinados pelos deputados Jos\u00e9 Ricardo e Concei\u00e7\u00e3o Sampaio. Isso faz mais de quatro anos. At\u00e9 voc\u00ea destacar, criar o projeto, aprovar, fazer licita\u00e7\u00e3o, executar e entregar, demora um tempo. Por isso, venho aqui agradecer aos deputados pois esses recursos resultaram em um espa\u00e7o maravilhoso aqui no S\u00e3o Jos\u00e9 3. Aqui, ser\u00e1 um centro de refer\u00eancia para a nossa cidade e, tenho certeza, que contribuir\u00e1 para o melhor atendimento da popula\u00e7\u00e3o&#8221;, enfatizou Almeida.<\/p>\n\n\n\n<p>O novo Centro de Conviv\u00eancia vai ofertar atividades culturais, educativas, esportivas e de lazer para toda a popula\u00e7\u00e3o, em especial fam\u00edlias e indiv\u00edduos em estado de vulnerabilidade e risco social, bem como atividades do Servi\u00e7o de Conviv\u00eancia e Fortalecimento de V\u00ednculos (SCFV), servi\u00e7o socioassistencial tamb\u00e9m desenvolvido e ofertado pelos Centros de Refer\u00eancia de Assist\u00eancia Social (Cras) da cidade.<\/p>\n\n\n\n<p>No local, a popula\u00e7\u00e3o ter\u00e1 acesso a a\u00e7\u00f5es e servi\u00e7os que promovam o fortalecimento de v\u00ednculos familiares e comunit\u00e1rios, por meio de atividades como aulas de dan\u00e7a, teatro, m\u00fasica, inform\u00e1tica, culin\u00e1ria e diferentes cursos administrativos.<\/p>\n\n\n\n<p>O chefe do Executivo municipal tamb\u00e9m salientou que essa \u00e9 apenas mais uma obra realizada pela atual gest\u00e3o no bairro.<\/p>\n\n\n\n<p>&#8220;Estamos transformando a realidade da cidade de Manaus. Vindo para c\u00e1, passamos por duas escolas que foram totalmente revitalizadas pela Prefeitura de Manaus. N\u00f3s j\u00e1 iniciamos o projeto para a recupera\u00e7\u00e3o do centro esportivo que tem ao lado deste novo Centro de Conviv\u00eancia. Tamb\u00e9m vamos recuperar a UBS do bairro. Tudo isso s\u00f3 comprova o olhar sens\u00edvel que temos com os moradores de comunidades da nossa cidade&#8221;, afirmou.<\/p>\n\n\n\n<p>Durante a inaugura\u00e7\u00e3o, a popula\u00e7\u00e3o teve acesso a servi\u00e7os ofertados pela Secretaria Municipal do Trabalho, Empreendedorismo e Inova\u00e7\u00e3o (Semtepi) como exposi\u00e7\u00e3o e oficina de artesanato, informes sobre cursos de qualifica\u00e7\u00e3o, oficina de embelezamento com o Senac e exposi\u00e7\u00e3o de produtos e limpeza de pele com as consultoras Mary Key.<\/p>\n\n\n\n<p>O titular da Semasc, Eduardo Lucas, afirmou que o novo espa\u00e7o ir\u00e1 servir para fortalecer as fam\u00edlias do S\u00e3o Jos\u00e9, al\u00e9m de proporcionar e oportunizar diversos cursos profissionalizantes ao longo do ano.<\/p>\n\n\n\n<p>&#8220;Tenho muito orgulho de fazer parte desta gest\u00e3o que trabalha de forma integrada. Esse equipamento \u00e9 para a popula\u00e7\u00e3o da zona Leste. Teremos diversas atividades que v\u00e3o transformar a rotina dos moradores desta regi\u00e3o. Vamos ter um Cras funcionando dentro deste espa\u00e7o, teremos cursos profissionalizantes. Tudo isso \u00e9 para fortalecer as fam\u00edlias, que s\u00e3o a base da nossa sociedade&#8221;, destacou Lucas.<\/p>\n\n\n\n<p><strong>Relev\u00e2ncia social<\/strong><\/p>\n\n\n\n<p>O equipamento apresenta relev\u00e2ncia social por desenvolver a\u00e7\u00f5es e realizar atividades que possam contribuir, principalmente, para a preven\u00e7\u00e3o de situa\u00e7\u00f5es de vulnerabilidades e de riscos sociais, seu agravamento ou reincid\u00eancia; pela amplia\u00e7\u00e3o de acessos aos servi\u00e7os e direitos socioassistenciais; na melhoria da qualidade de vida dos usu\u00e1rios e suas fam\u00edlias, bem como na integra\u00e7\u00e3o intergeracional prevista no reordenamento do Servi\u00e7o de Conviv\u00eancia e Fortalecimento de V\u00ednculos, sendo estas, referenciadas \u00e0s unidades dos Cras.<\/p>\n\n\n\n<p>Tudo isso, por meio de uma equipe t\u00e9cnica interdisciplinar, composta por assistentes sociais, pedagogos, psic\u00f3logos, orientadores sociais e outros profissionais que trabalhar\u00e3o diariamente no desenvolvimento de atividades coletivas e que promovam um sentimento constante de conviv\u00eancia comunit\u00e1ria, parte fundamental para a melhoria da qualidade de vida e da seguran\u00e7a social das fam\u00edlias atendidas.<\/p>\n\n\n\n<p><strong>Estrutura f\u00edsica e humana<\/strong><\/p>\n\n\n\n<p>Para atender os mais de 550 mil habitantes da zona Leste de Manaus, o Centro de Conviv\u00eancia da Fam\u00edlia e do Idoso Prefeito Jos\u00e9 Fernandes contar\u00e1 com duas salas de coordena\u00e7\u00e3o, duas salas de atendimento t\u00e9cnico, duas salas para escuta qualificada, um laborat\u00f3rio de inform\u00e1tica, uma sala multiuso, uma cozinha com refeit\u00f3rio, uma sala de atividade cultural, um dep\u00f3sito\/arquivo, uma pista para caminhada e um espa\u00e7o contemplativo, al\u00e9m de uma equipe composta por um coordenador(a), um assessor(a) t\u00e9cnico(a), dois assistentes sociais, dois psic\u00f3logos, dois pedagogos, dois auxiliares administrativos, quatro profissionais destinados \u00e0 execu\u00e7\u00e3o de servi\u00e7os gerais na unidade, quatro estagi\u00e1rios (orientadores sociais) e quatro postos da Guarda Municipal que ficar\u00e3o \u00e0 disposi\u00e7\u00e3o do equipamento 24 horas por dia.<\/p>\n\n\n\n<p>&#8212; &#8212; &#8212;<\/p>\n\n\n\n<p><strong>Texto \u2013<\/strong> Thiago Fernnado \/ Semcom e Divulga\u00e7\u00e3o \/ Semasc<\/p>\n\n\n\n<p><strong>Fotos \u2013 <\/strong>Dhyeizo Lemos \/ Semcom<\/p>\n\n\n\n<p><strong>Dispon\u00edveis em &#8211; <\/strong><a href=\"https:\/\/flic.kr\/s\/aHBqjAEuxS\">https:\/\/flic.kr\/s\/aHBqjAEuxS<\/a><\/p>\n","protected":false},"excerpt":{"rendered":"","protected":false},"author":39,"featured_media":207612,"comment_status":"closed","ping_status":"closed","sticky":false,"template":"","format":"standard","meta":{"footnotes":""},"categories":[34],"tags":[35,36,37,38,39,7,40,18,41],"acf":[],"yoast_head":"<!-- This site is optimized with the Yoast SEO plugin v23.0 - https:\/\/yoast.com\/wordpress\/plugins\/seo\/ -->\n<title>Prefeito inaugura primeiro Centro de Conviv\u00eancia da Fam\u00edlia e do Idoso na zona Leste de Manaus<\/title>\n<meta name=\"description\" content=\"O prefeito de Manaus, David Almeida, entregou, nesta sexta-feira, 19\/5, o Centro de Conviv\u00eancia da Fam\u00edlia e do Idoso Prefeito Jos\u00e9 Fernandes, localizado na rua Barreirinha, no bairro S\u00e3o Jos\u00e9 3, zona Leste. O espa\u00e7o \u00e9 o primeiro na regi\u00e3o e ser\u00e1 administrado pela Secretaria Municipal da Mulher, Assist\u00eancia Social e Cidadania (Semasc).\" \/>\n<meta name=\"robots\" content=\"noindex, follow\" \/>\n<meta property=\"og:locale\" content=\"pt_BR\" \/>\n<meta property=\"og:type\" content=\"article\" \/>\n<meta property=\"og:title\" content=\"Prefeito inaugura primeiro Centro de Conviv\u00eancia da Fam\u00edlia e do Idoso na zona Leste de Manaus\" \/>\n<meta property=\"og:description\" content=\"O prefeito de Manaus, David Almeida, entregou, nesta sexta-feira, 19\/5, o Centro de Conviv\u00eancia da Fam\u00edlia e do Idoso Prefeito Jos\u00e9 Fernandes, localizado na rua Barreirinha, no bairro S\u00e3o Jos\u00e9 3, zona Leste. O espa\u00e7o \u00e9 o primeiro na regi\u00e3o e ser\u00e1 administrado pela Secretaria Municipal da Mulher, Assist\u00eancia Social e Cidadania (Semasc).\" \/>\n<meta property=\"og:url\" content=\"https:\/\/www.manaus.am.gov.br\/semasc\/prefeito-inaugura-primeiro-centro-de-convivencia-da-familia-e-do-idoso-na-zona-leste-de-manaus\/\" \/>\n<meta property=\"og:site_name\" content=\"SEMASC\" \/>\n<meta property=\"article:publisher\" content=\"https:\/\/www.facebook.com\/semascmanaus\" \/>\n<meta property=\"article:published_time\" content=\"2023-05-19T22:19:47+00:00\" \/>\n<meta property=\"article:modified_time\" content=\"2023-05-19T22:22:01+00:00\" \/>\n<meta property=\"og:image\" content=\"https:\/\/www.manaus.am.gov.br\/semasc\/wp-content\/uploads\/sites\/17\/2023\/05\/52910340301_26b579bd7c_k.jpg\" \/>\n\t<meta property=\"og:image:width\" content=\"2048\" \/>\n\t<meta property=\"og:image:height\" content=\"1365\" \/>\n\t<meta property=\"og:image:type\" content=\"image\/jpeg\" \/>\n<meta name=\"author\" content=\"Bruna Greco\" \/>\n<meta name=\"twitter:card\" content=\"summary_large_image\" \/>\n<meta name=\"twitter:label1\" content=\"Written by\" \/>\n\t<meta name=\"twitter:data1\" content=\"Bruna Greco\" \/>\n\t<meta name=\"twitter:label2\" content=\"Est. reading time\" \/>\n\t<meta name=\"twitter:data2\" content=\"5 minutos\" \/>\n<script type=\"application\/ld+json\" class=\"yoast-schema-graph\">{\"@context\":\"https:\/\/schema.org\",\"@graph\":[{\"@type\":\"Article\",\"@id\":\"https:\/\/www.manaus.am.gov.br\/semasc\/prefeito-inaugura-primeiro-centro-de-convivencia-da-familia-e-do-idoso-na-zona-leste-de-manaus\/#article\",\"isPartOf\":{\"@id\":\"https:\/\/www.manaus.am.gov.br\/semasc\/prefeito-inaugura-primeiro-centro-de-convivencia-da-familia-e-do-idoso-na-zona-leste-de-manaus\/\"},\"author\":{\"name\":\"Bruna Greco\",\"@id\":\"https:\/\/www.manaus.am.gov.br\/semasc\/#\/schema\/person\/05d223aea2bf115f9883a6ff3683d81b\"},\"headline\":\"Prefeito inaugura primeiro Centro de Conviv\u00eancia da Fam\u00edlia e do Idoso na zona Leste de Manaus\",\"datePublished\":\"2023-05-19T22:19:47+00:00\",\"dateModified\":\"2023-05-19T22:22:01+00:00\",\"mainEntityOfPage\":{\"@id\":\"https:\/\/www.manaus.am.gov.br\/semasc\/prefeito-inaugura-primeiro-centro-de-convivencia-da-familia-e-do-idoso-na-zona-leste-de-manaus\/\"},\"wordCount\":901,\"publisher\":{\"@id\":\"https:\/\/www.manaus.am.gov.br\/semasc\/#organization\"},\"image\":{\"@id\":\"https:\/\/www.manaus.am.gov.br\/semasc\/prefeito-inaugura-primeiro-centro-de-convivencia-da-familia-e-do-idoso-na-zona-leste-de-manaus\/#primaryimage\"},\"thumbnailUrl\":\"https:\/\/www.manaus.am.gov.br\/semasc\/wp-content\/uploads\/sites\/17\/2023\/05\/52910340301_26b579bd7c_k.jpg\",\"keywords\":[\"Centro de Conviv\u00eancia da Fam\u00edlia e do Idoso Prefeito Jos\u00e9 Fernandes\",\"David Alemida\",\"Equipamento Social\",\"mais de 550 mil habitantes da zona Leste\",\"prefeito de Manaus\",\"prefeitura de manaus\",\"R$ 3 milh\u00f5es fruto das emendas parlamentares\",\"Semasc\",\"Zona Leste de Manaus\"],\"articleSection\":[\"Assist\u00eancia Social\"],\"inLanguage\":\"pt-BR\"},{\"@type\":\"WebPage\",\"@id\":\"https:\/\/www.manaus.am.gov.br\/semasc\/prefeito-inaugura-primeiro-centro-de-convivencia-da-familia-e-do-idoso-na-zona-leste-de-manaus\/\",\"url\":\"https:\/\/www.manaus.am.gov.br\/semasc\/prefeito-inaugura-primeiro-centro-de-convivencia-da-familia-e-do-idoso-na-zona-leste-de-manaus\/\",\"name\":\"Prefeito inaugura primeiro Centro de Conviv\u00eancia da Fam\u00edlia e do Idoso na zona Leste de Manaus\",\"isPartOf\":{\"@id\":\"https:\/\/www.manaus.am.gov.br\/semasc\/#website\"},\"primaryImageOfPage\":{\"@id\":\"https:\/\/www.manaus.am.gov.br\/semasc\/prefeito-inaugura-primeiro-centro-de-convivencia-da-familia-e-do-idoso-na-zona-leste-de-manaus\/#primaryimage\"},\"image\":{\"@id\":\"https:\/\/www.manaus.am.gov.br\/semasc\/prefeito-inaugura-primeiro-centro-de-convivencia-da-familia-e-do-idoso-na-zona-leste-de-manaus\/#primaryimage\"},\"thumbnailUrl\":\"https:\/\/www.manaus.am.gov.br\/semasc\/wp-content\/uploads\/sites\/17\/2023\/05\/52910340301_26b579bd7c_k.jpg\",\"datePublished\":\"2023-05-19T22:19:47+00:00\",\"dateModified\":\"2023-05-19T22:22:01+00:00\",\"description\":\"O prefeito de Manaus, David Almeida, entregou, nesta sexta-feira, 19\/5, o Centro de Conviv\u00eancia da Fam\u00edlia e do Idoso Prefeito Jos\u00e9 Fernandes, localizado na rua Barreirinha, no bairro S\u00e3o Jos\u00e9 3, zona Leste. O espa\u00e7o \u00e9 o primeiro na regi\u00e3o e ser\u00e1 administrado pela Secretaria Municipal da Mulher, Assist\u00eancia Social e Cidadania (Semasc).\",\"breadcrumb\":{\"@id\":\"https:\/\/www.manaus.am.gov.br\/semasc\/prefeito-inaugura-primeiro-centro-de-convivencia-da-familia-e-do-idoso-na-zona-leste-de-manaus\/#breadcrumb\"},\"inLanguage\":\"pt-BR\",\"potentialAction\":[{\"@type\":\"ReadAction\",\"target\":[\"https:\/\/www.manaus.am.gov.br\/semasc\/prefeito-inaugura-primeiro-centro-de-convivencia-da-familia-e-do-idoso-na-zona-leste-de-manaus\/\"]}]},{\"@type\":\"ImageObject\",\"inLanguage\":\"pt-BR\",\"@id\":\"https:\/\/www.manaus.am.gov.br\/semasc\/prefeito-inaugura-primeiro-centro-de-convivencia-da-familia-e-do-idoso-na-zona-leste-de-manaus\/#primaryimage\",\"url\":\"https:\/\/www.manaus.am.gov.br\/semasc\/wp-content\/uploads\/sites\/17\/2023\/05\/52910340301_26b579bd7c_k.jpg\",\"contentUrl\":\"https:\/\/www.manaus.am.gov.br\/semasc\/wp-content\/uploads\/sites\/17\/2023\/05\/52910340301_26b579bd7c_k.jpg\",\"width\":2048,\"height\":1365},{\"@type\":\"BreadcrumbList\",\"@id\":\"https:\/\/www.manaus.am.gov.br\/semasc\/prefeito-inaugura-primeiro-centro-de-convivencia-da-familia-e-do-idoso-na-zona-leste-de-manaus\/#breadcrumb\",\"itemListElement\":[{\"@type\":\"ListItem\",\"position\":1,\"name\":\"Home\",\"item\":\"https:\/\/www.manaus.am.gov.br\/semasc\/\"},{\"@type\":\"ListItem\",\"position\":2,\"name\":\"Prefeito inaugura primeiro Centro de Conviv\u00eancia da Fam\u00edlia e do Idoso na zona Leste de Manaus\"}]},{\"@type\":\"WebSite\",\"@id\":\"https:\/\/www.manaus.am.gov.br\/semasc\/#website\",\"url\":\"https:\/\/www.manaus.am.gov.br\/semasc\/\",\"name\":\"SEMASC\",\"description\":\"Secretaria Municipal da Mulher, Assist\u00eancia Social e Cidadania.\",\"publisher\":{\"@id\":\"https:\/\/www.manaus.am.gov.br\/semasc\/#organization\"},\"alternateName\":\"Secretaria Municipal da Mulher, Assist\u00eancia Social e Cidadania\",\"potentialAction\":[{\"@type\":\"SearchAction\",\"target\":{\"@type\":\"EntryPoint\",\"urlTemplate\":\"https:\/\/www.manaus.am.gov.br\/semasc\/?s={search_term_string}\"},\"query-input\":\"required name=search_term_string\"}],\"inLanguage\":\"pt-BR\"},{\"@type\":\"Organization\",\"@id\":\"https:\/\/www.manaus.am.gov.br\/semasc\/#organization\",\"name\":\"Prefeitura de Manaus\",\"alternateName\":\"Prefeitura Municipal de Manaus\",\"url\":\"https:\/\/www.manaus.am.gov.br\/semasc\/\",\"logo\":{\"@type\":\"ImageObject\",\"inLanguage\":\"pt-BR\",\"@id\":\"https:\/\/www.manaus.am.gov.br\/semasc\/#\/schema\/logo\/image\/\",\"url\":\"https:\/\/www.manaus.am.gov.br\/semasc\/wp-content\/uploads\/sites\/17\/2024\/07\/favicon.png\",\"contentUrl\":\"https:\/\/www.manaus.am.gov.br\/semasc\/wp-content\/uploads\/sites\/17\/2024\/07\/favicon.png\",\"width\":300,\"height\":300,\"caption\":\"Prefeitura de Manaus\"},\"image\":{\"@id\":\"https:\/\/www.manaus.am.gov.br\/semasc\/#\/schema\/logo\/image\/\"},\"sameAs\":[\"https:\/\/www.facebook.com\/semascmanaus\",\"https:\/\/www.instagram.com\/semascmanaus\/\"]},{\"@type\":\"Person\",\"@id\":\"https:\/\/www.manaus.am.gov.br\/semasc\/#\/schema\/person\/05d223aea2bf115f9883a6ff3683d81b\",\"name\":\"Bruna Greco\",\"image\":{\"@type\":\"ImageObject\",\"inLanguage\":\"pt-BR\",\"@id\":\"https:\/\/www.manaus.am.gov.br\/semasc\/#\/schema\/person\/image\/\",\"url\":\"https:\/\/secure.gravatar.com\/avatar\/9c877d1a6adc2a055330e5c09a8653ce?s=96&d=mm&r=g\",\"contentUrl\":\"https:\/\/secure.gravatar.com\/avatar\/9c877d1a6adc2a055330e5c09a8653ce?s=96&d=mm&r=g\",\"caption\":\"Bruna Greco\"}}]}<\/script>\n<!-- \/ Yoast SEO plugin. -->","yoast_head_json":{"title":"Prefeito inaugura primeiro Centro de Conviv\u00eancia da Fam\u00edlia e do Idoso na zona Leste de Manaus","description":"O prefeito de Manaus, David Almeida, entregou, nesta sexta-feira, 19\/5, o Centro de Conviv\u00eancia da Fam\u00edlia e do Idoso Prefeito Jos\u00e9 Fernandes, localizado na rua Barreirinha, no bairro S\u00e3o Jos\u00e9 3, zona Leste. O espa\u00e7o \u00e9 o primeiro na regi\u00e3o e ser\u00e1 administrado pela Secretaria Municipal da Mulher, Assist\u00eancia Social e Cidadania (Semasc).","robots":{"index":"noindex","follow":"follow"},"og_locale":"pt_BR","og_type":"article","og_title":"Prefeito inaugura primeiro Centro de Conviv\u00eancia da Fam\u00edlia e do Idoso na zona Leste de Manaus","og_description":"O prefeito de Manaus, David Almeida, entregou, nesta sexta-feira, 19\/5, o Centro de Conviv\u00eancia da Fam\u00edlia e do Idoso Prefeito Jos\u00e9 Fernandes, localizado na rua Barreirinha, no bairro S\u00e3o Jos\u00e9 3, zona Leste. O espa\u00e7o \u00e9 o primeiro na regi\u00e3o e ser\u00e1 administrado pela Secretaria Municipal da Mulher, Assist\u00eancia Social e Cidadania (Semasc).","og_url":"https:\/\/www.manaus.am.gov.br\/semasc\/prefeito-inaugura-primeiro-centro-de-convivencia-da-familia-e-do-idoso-na-zona-leste-de-manaus\/","og_site_name":"SEMASC","article_publisher":"https:\/\/www.facebook.com\/semascmanaus","article_published_time":"2023-05-19T22:19:47+00:00","article_modified_time":"2023-05-19T22:22:01+00:00","og_image":[{"width":2048,"height":1365,"url":"https:\/\/www.manaus.am.gov.br\/semasc\/wp-content\/uploads\/sites\/17\/2023\/05\/52910340301_26b579bd7c_k.jpg","type":"image\/jpeg"}],"author":"Bruna Greco","twitter_card":"summary_large_image","twitter_misc":{"Written by":"Bruna Greco","Est. reading time":"5 minutos"},"schema":{"@context":"https:\/\/schema.org","@graph":[{"@type":"Article","@id":"https:\/\/www.manaus.am.gov.br\/semasc\/prefeito-inaugura-primeiro-centro-de-convivencia-da-familia-e-do-idoso-na-zona-leste-de-manaus\/#article","isPartOf":{"@id":"https:\/\/www.manaus.am.gov.br\/semasc\/prefeito-inaugura-primeiro-centro-de-convivencia-da-familia-e-do-idoso-na-zona-leste-de-manaus\/"},"author":{"name":"Bruna Greco","@id":"https:\/\/www.manaus.am.gov.br\/semasc\/#\/schema\/person\/05d223aea2bf115f9883a6ff3683d81b"},"headline":"Prefeito inaugura primeiro Centro de Conviv\u00eancia da Fam\u00edlia e do Idoso na zona Leste de Manaus","datePublished":"2023-05-19T22:19:47+00:00","dateModified":"2023-05-19T22:22:01+00:00","mainEntityOfPage":{"@id":"https:\/\/www.manaus.am.gov.br\/semasc\/prefeito-inaugura-primeiro-centro-de-convivencia-da-familia-e-do-idoso-na-zona-leste-de-manaus\/"},"wordCount":901,"publisher":{"@id":"https:\/\/www.manaus.am.gov.br\/semasc\/#organization"},"image":{"@id":"https:\/\/www.manaus.am.gov.br\/semasc\/prefeito-inaugura-primeiro-centro-de-convivencia-da-familia-e-do-idoso-na-zona-leste-de-manaus\/#primaryimage"},"thumbnailUrl":"https:\/\/www.manaus.am.gov.br\/semasc\/wp-content\/uploads\/sites\/17\/2023\/05\/52910340301_26b579bd7c_k.jpg","keywords":["Centro de Conviv\u00eancia da Fam\u00edlia e do Idoso Prefeito Jos\u00e9 Fernandes","David Alemida","Equipamento Social","mais de 550 mil habitantes da zona Leste","prefeito de Manaus","prefeitura de manaus","R$ 3 milh\u00f5es fruto das emendas parlamentares","Semasc","Zona Leste de Manaus"],"articleSection":["Assist\u00eancia Social"],"inLanguage":"pt-BR"},{"@type":"WebPage","@id":"https:\/\/www.manaus.am.gov.br\/semasc\/prefeito-inaugura-primeiro-centro-de-convivencia-da-familia-e-do-idoso-na-zona-leste-de-manaus\/","url":"https:\/\/www.manaus.am.gov.br\/semasc\/prefeito-inaugura-primeiro-centro-de-convivencia-da-familia-e-do-idoso-na-zona-leste-de-manaus\/","name":"Prefeito inaugura primeiro Centro de Conviv\u00eancia da Fam\u00edlia e do Idoso na zona Leste de Manaus","isPartOf":{"@id":"https:\/\/www.manaus.am.gov.br\/semasc\/#website"},"primaryImageOfPage":{"@id":"https:\/\/www.manaus.am.gov.br\/semasc\/prefeito-inaugura-primeiro-centro-de-convivencia-da-familia-e-do-idoso-na-zona-leste-de-manaus\/#primaryimage"},"image":{"@id":"https:\/\/www.manaus.am.gov.br\/semasc\/prefeito-inaugura-primeiro-centro-de-convivencia-da-familia-e-do-idoso-na-zona-leste-de-manaus\/#primaryimage"},"thumbnailUrl":"https:\/\/www.manaus.am.gov.br\/semasc\/wp-content\/uploads\/sites\/17\/2023\/05\/52910340301_26b579bd7c_k.jpg","datePublished":"2023-05-19T22:19:47+00:00","dateModified":"2023-05-19T22:22:01+00:00","description":"O prefeito de Manaus, David Almeida, entregou, nesta sexta-feira, 19\/5, o Centro de Conviv\u00eancia da Fam\u00edlia e do Idoso Prefeito Jos\u00e9 Fernandes, localizado na rua Barreirinha, no bairro S\u00e3o Jos\u00e9 3, zona Leste. O espa\u00e7o \u00e9 o primeiro na regi\u00e3o e ser\u00e1 administrado pela Secretaria Municipal da Mulher, Assist\u00eancia Social e Cidadania (Semasc).","breadcrumb":{"@id":"https:\/\/www.manaus.am.gov.br\/semasc\/prefeito-inaugura-primeiro-centro-de-convivencia-da-familia-e-do-idoso-na-zona-leste-de-manaus\/#breadcrumb"},"inLanguage":"pt-BR","potentialAction":[{"@type":"ReadAction","target":["https:\/\/www.manaus.am.gov.br\/semasc\/prefeito-inaugura-primeiro-centro-de-convivencia-da-familia-e-do-idoso-na-zona-leste-de-manaus\/"]}]},{"@type":"ImageObject","inLanguage":"pt-BR","@id":"https:\/\/www.manaus.am.gov.br\/semasc\/prefeito-inaugura-primeiro-centro-de-convivencia-da-familia-e-do-idoso-na-zona-leste-de-manaus\/#primaryimage","url":"https:\/\/www.manaus.am.gov.br\/semasc\/wp-content\/uploads\/sites\/17\/2023\/05\/52910340301_26b579bd7c_k.jpg","contentUrl":"https:\/\/www.manaus.am.gov.br\/semasc\/wp-content\/uploads\/sites\/17\/2023\/05\/52910340301_26b579bd7c_k.jpg","width":2048,"height":1365},{"@type":"BreadcrumbList","@id":"https:\/\/www.manaus.am.gov.br\/semasc\/prefeito-inaugura-primeiro-centro-de-convivencia-da-familia-e-do-idoso-na-zona-leste-de-manaus\/#breadcrumb","itemListElement":[{"@type":"ListItem","position":1,"name":"Home","item":"https:\/\/www.manaus.am.gov.br\/semasc\/"},{"@type":"ListItem","position":2,"name":"Prefeito inaugura primeiro Centro de Conviv\u00eancia da Fam\u00edlia e do Idoso na zona Leste de Manaus"}]},{"@type":"WebSite","@id":"https:\/\/www.manaus.am.gov.br\/semasc\/#website","url":"https:\/\/www.manaus.am.gov.br\/semasc\/","name":"SEMASC","description":"Secretaria Municipal da Mulher, Assist\u00eancia Social e Cidadania.","publisher":{"@id":"https:\/\/www.manaus.am.gov.br\/semasc\/#organization"},"alternateName":"Secretaria Municipal da Mulher, Assist\u00eancia Social e Cidadania","potentialAction":[{"@type":"SearchAction","target":{"@type":"EntryPoint","urlTemplate":"https:\/\/www.manaus.am.gov.br\/semasc\/?s={search_term_string}"},"query-input":"required name=search_term_string"}],"inLanguage":"pt-BR"},{"@type":"Organization","@id":"https:\/\/www.manaus.am.gov.br\/semasc\/#organization","name":"Prefeitura de Manaus","alternateName":"Prefeitura Municipal de Manaus","url":"https:\/\/www.manaus.am.gov.br\/semasc\/","logo":{"@type":"ImageObject","inLanguage":"pt-BR","@id":"https:\/\/www.manaus.am.gov.br\/semasc\/#\/schema\/logo\/image\/","url":"https:\/\/www.manaus.am.gov.br\/semasc\/wp-content\/uploads\/sites\/17\/2024\/07\/favicon.png","contentUrl":"https:\/\/www.manaus.am.gov.br\/semasc\/wp-content\/uploads\/sites\/17\/2024\/07\/favicon.png","width":300,"height":300,"caption":"Prefeitura de Manaus"},"image":{"@id":"https:\/\/www.manaus.am.gov.br\/semasc\/#\/schema\/logo\/image\/"},"sameAs":["https:\/\/www.facebook.com\/semascmanaus","https:\/\/www.instagram.com\/semascmanaus\/"]},{"@type":"Person","@id":"https:\/\/www.manaus.am.gov.br\/semasc\/#\/schema\/person\/05d223aea2bf115f9883a6ff3683d81b","name":"Bruna Greco","image":{"@type":"ImageObject","inLanguage":"pt-BR","@id":"https:\/\/www.manaus.am.gov.br\/semasc\/#\/schema\/person\/image\/","url":"https:\/\/secure.gravatar.com\/avatar\/9c877d1a6adc2a055330e5c09a8653ce?s=96&d=mm&r=g","contentUrl":"https:\/\/secure.gravatar.com\/avatar\/9c877d1a6adc2a055330e5c09a8653ce?s=96&d=mm&r=g","caption":"Bruna Greco"}}]}},"_links":{"self":[{"href":"https:\/\/www.manaus.am.gov.br\/semasc\/wp-json\/wp\/v2\/posts\/207611"}],"collection":[{"href":"https:\/\/www.manaus.am.gov.br\/semasc\/wp-json\/wp\/v2\/posts"}],"about":[{"href":"https:\/\/www.manaus.am.gov.br\/semasc\/wp-json\/wp\/v2\/types\/post"}],"author":[{"embeddable":true,"href":"https:\/\/www.manaus.am.gov.br\/semasc\/wp-json\/wp\/v2\/users\/39"}],"replies":[{"embeddable":true,"href":"https:\/\/www.manaus.am.gov.br\/semasc\/wp-json\/wp\/v2\/comments?post=207611"}],"version-history":[{"count":1,"href":"https:\/\/www.manaus.am.gov.br\/semasc\/wp-json\/wp\/v2\/posts\/207611\/revisions"}],"predecessor-version":[{"id":207614,"href":"https:\/\/www.manaus.am.gov.br\/semasc\/wp-json\/wp\/v2\/posts\/207611\/revisions\/207614"}],"wp:featuredmedia":[{"embeddable":true,"href":"https:\/\/www.manaus.am.gov.br\/semasc\/wp-json\/wp\/v2\/media\/207612"}],"wp:attachment":[{"href":"https:\/\/www.manaus.am.gov.br\/semasc\/wp-json\/wp\/v2\/media?parent=207611"}],"wp:term":[{"taxonomy":"category","embeddable":true,"href":"https:\/\/www.manaus.am.gov.br\/semasc\/wp-json\/wp\/v2\/categories?post=207611"},{"taxonomy":"post_tag","embeddable":true,"href":"https:\/\/www.manaus.am.gov.br\/semasc\/wp-json\/wp\/v2\/tags?post=207611"}],"curies":[{"name":"wp","href":"https:\/\/api.w.org\/{rel}","templated":true}]}}